{"id":23790,"date":"2023-04-04T15:20:03","date_gmt":"2023-04-04T15:20:03","guid":{"rendered":"https:\/\/cvinoticias.com\/v3\/?p=23790"},"modified":"2023-04-04T15:20:03","modified_gmt":"2023-04-04T15:20:03","slug":"el-gobierno-elimino-los-registros-de-datos-por-coronavirus-de-la-aplicacion-cuidar","status":"publish","type":"post","link":"https:\/\/cvinoticias.com\/v3\/el-gobierno-elimino-los-registros-de-datos-por-coronavirus-de-la-aplicacion-cuidar\/","title":{"rendered":"El Gobierno elimin\u00f3 los registros de datos por coronavirus de la aplicaci\u00f3n Cuidar"},"content":{"rendered":"\n<p><strong><em>Seg\u00fan se inform\u00f3 en el Bolet\u00edn Oficial, es por el fin de la emergencia sanitaria y para resguardar los datos personales de la poblaci\u00f3n. Se dio de baja la plataforma y las 12 bases de datos que conten\u00eda<\/em><\/strong>.<\/p>\n\n\n\n<p>El Gobierno nacional elimin\u00f3 las bases de datos vinculadas a la\u00a0aplicaci\u00f3n Cuidar,\u00a0que se utilizaba para los registros de vacunas contra el coronavirus\u00a0y otros permisos vinculados a las restricciones de pandemia. Seg\u00fan explica la\u00a0Disposici\u00f3n N\u00b0 2\/2023\u00a0publicada en el\u00a0Bolet\u00edn Oficial, el motivo es la finalizaci\u00f3n de la emergencia p\u00fablica sanitaria por la pandemia de coronavirus y, adem\u00e1s,\u00a0para \u201cresguardar los datos personales de la ciudadan\u00eda\u201d.<\/p>\n\n\n\n<p>\u00abSiguiendo los lineamientos que nos marc\u00f3 la Ministra de Salud, Carla Vizzotti, en torno al cumplimiento del objetivo de la aplicaci\u00f3n, y de acuerdo al compromiso que se hab\u00eda adquirido al momento de su creaci\u00f3n, eliminamos las bases de datos de la app Cuidar, tales como los certificados de circulaci\u00f3n\u00bb, asegur\u00f3 Ana Carina Rodr\u00edguez, responsable del \u00e1rea de la subsecretar\u00eda de Servicios y Pa\u00eds Digital. <\/p>\n\n\n\n<p>Los tr\u00e1mites que permitieron la supresi\u00f3n definitiva e irreversible de esos datos se realizaron ante la Direcci\u00f3n Nacional de Protecci\u00f3n de Datos Personales de la Agencia de Acceso a la Informaci\u00f3n P\u00fablica.<\/p>\n\n\n\n<p>La aplicaci\u00f3n, indudablemente necesaria en el contexto de pandemia y formulada a pedido de la cartera de Salud, fue creada en conjunto por la Secretar\u00eda de Innovaci\u00f3n P\u00fablica, el Ministerio de Ciencia y Tecnolog\u00eda, la Fundaci\u00f3n Sadosky, el Consejo Nacional de Investigaciones Cient\u00edficas y T\u00e9cnicas (Conicet) y la C\u00e1mara de la Industria Argentina del Software (CESSI), que nucle\u00f3 a las empresas Hexacta, Globant, G&amp;L Group, C&amp;S, QServices, Gesti\u00f3nIT, Intive, Finnegans y Faraday.<\/p>\n\n\n\n<p><\/p>\n","protected":false},"excerpt":{"rendered":"<p>Seg\u00fan se inform\u00f3 en el Bolet\u00edn Oficial, es por el fin de la emergencia sanitaria y para resguardar los datos personales de la poblaci\u00f3n. Se dio de baja la plataforma y las 12 bases de datos que conten\u00eda. El Gobierno nacional elimin\u00f3 las bases de datos vinculadas a la\u00a0aplicaci\u00f3n Cuidar,\u00a0que se utilizaba para los registros [&hellip;]<\/p>\n","protected":false},"author":2,"featured_media":23791,"comment_status":"open","ping_status":"open","sticky":false,"template":"","format":"standard","meta":{"footnotes":""},"categories":[23],"tags":[],"class_list":["post-23790","post","type-post","status-publish","format-standard","has-post-thumbnail","hentry","category-covid-19"],"yoast_head":"<!-- This site is optimized with the Yoast SEO plugin v27.5 - https:\/\/yoast.com\/product\/yoast-seo-wordpress\/ -->\n<title>El Gobierno elimin\u00f3 los registros de datos por coronavirus de la aplicaci\u00f3n Cuidar | CVI NOTICIAS<\/title>\n<meta name=\"robots\" content=\"index, follow, max-snippet:-1, max-image-preview:large, max-video-preview:-1\" \/>\n<link rel=\"canonical\" href=\"https:\/\/cvinoticias.com\/v3\/el-gobierno-elimino-los-registros-de-datos-por-coronavirus-de-la-aplicacion-cuidar\/\" \/>\n<meta property=\"og:locale\" content=\"es_ES\" \/>\n<meta property=\"og:type\" content=\"article\" \/>\n<meta property=\"og:title\" content=\"El Gobierno elimin\u00f3 los registros de datos por coronavirus de la aplicaci\u00f3n Cuidar | CVI NOTICIAS\" \/>\n<meta property=\"og:description\" content=\"Seg\u00fan se inform\u00f3 en el Bolet\u00edn Oficial, es por el fin de la emergencia sanitaria y para resguardar los datos personales de la poblaci\u00f3n. Se dio de baja la plataforma y las 12 bases de datos que conten\u00eda. El Gobierno nacional elimin\u00f3 las bases de datos vinculadas a la\u00a0aplicaci\u00f3n Cuidar,\u00a0que se utilizaba para los registros [&hellip;]\" \/>\n<meta property=\"og:url\" content=\"https:\/\/cvinoticias.com\/v3\/el-gobierno-elimino-los-registros-de-datos-por-coronavirus-de-la-aplicacion-cuidar\/\" \/>\n<meta property=\"og:site_name\" content=\"CVI NOTICIAS\" \/>\n<meta property=\"article:publisher\" content=\"https:\/\/www.facebook.com\/cvinoticias\" \/>\n<meta property=\"article:published_time\" content=\"2023-04-04T15:20:03+00:00\" \/>\n<meta property=\"og:image\" content=\"https:\/\/cvinoticias.com\/wp-content\/uploads\/2023\/04\/Screenshot_20230404_121916_Facebook.jpg\" \/>\n\t<meta property=\"og:image:width\" content=\"1078\" \/>\n\t<meta property=\"og:image:height\" content=\"596\" \/>\n\t<meta property=\"og:image:type\" content=\"image\/jpeg\" \/>\n<meta name=\"author\" content=\"f1000024\" \/>\n<meta name=\"twitter:card\" content=\"summary_large_image\" \/>\n<meta name=\"twitter:label1\" content=\"Escrito por\" \/>\n\t<meta name=\"twitter:data1\" content=\"f1000024\" \/>\n\t<meta name=\"twitter:label2\" content=\"Tiempo de lectura\" \/>\n\t<meta name=\"twitter:data2\" content=\"2 minutos\" \/>\n<script type=\"application\/ld+json\" class=\"yoast-schema-graph\">{\"@context\":\"https:\\\/\\\/schema.org\",\"@graph\":[{\"@type\":\"Article\",\"@id\":\"https:\\\/\\\/cvinoticias.com\\\/v3\\\/el-gobierno-elimino-los-registros-de-datos-por-coronavirus-de-la-aplicacion-cuidar\\\/#article\",\"isPartOf\":{\"@id\":\"https:\\\/\\\/cvinoticias.com\\\/v3\\\/el-gobierno-elimino-los-registros-de-datos-por-coronavirus-de-la-aplicacion-cuidar\\\/\"},\"author\":{\"name\":\"f1000024\",\"@id\":\"https:\\\/\\\/cvinoticias.com\\\/v3\\\/#\\\/schema\\\/person\\\/2db77e3c6bc03c538495d7b2b8be9b66\"},\"headline\":\"El Gobierno elimin\u00f3 los registros de datos por coronavirus de la aplicaci\u00f3n Cuidar\",\"datePublished\":\"2023-04-04T15:20:03+00:00\",\"mainEntityOfPage\":{\"@id\":\"https:\\\/\\\/cvinoticias.com\\\/v3\\\/el-gobierno-elimino-los-registros-de-datos-por-coronavirus-de-la-aplicacion-cuidar\\\/\"},\"wordCount\":327,\"commentCount\":0,\"publisher\":{\"@id\":\"https:\\\/\\\/cvinoticias.com\\\/v3\\\/#organization\"},\"image\":{\"@id\":\"https:\\\/\\\/cvinoticias.com\\\/v3\\\/el-gobierno-elimino-los-registros-de-datos-por-coronavirus-de-la-aplicacion-cuidar\\\/#primaryimage\"},\"thumbnailUrl\":\"https:\\\/\\\/cvinoticias.com\\\/wp-content\\\/uploads\\\/2023\\\/04\\\/Screenshot_20230404_121916_Facebook.jpg\",\"articleSection\":[\"Covid-19\"],\"inLanguage\":\"es\",\"potentialAction\":[{\"@type\":\"CommentAction\",\"name\":\"Comment\",\"target\":[\"https:\\\/\\\/cvinoticias.com\\\/v3\\\/el-gobierno-elimino-los-registros-de-datos-por-coronavirus-de-la-aplicacion-cuidar\\\/#respond\"]}]},{\"@type\":\"WebPage\",\"@id\":\"https:\\\/\\\/cvinoticias.com\\\/v3\\\/el-gobierno-elimino-los-registros-de-datos-por-coronavirus-de-la-aplicacion-cuidar\\\/\",\"url\":\"https:\\\/\\\/cvinoticias.com\\\/v3\\\/el-gobierno-elimino-los-registros-de-datos-por-coronavirus-de-la-aplicacion-cuidar\\\/\",\"name\":\"El Gobierno elimin\u00f3 los registros de datos por coronavirus de la aplicaci\u00f3n Cuidar | CVI NOTICIAS\",\"isPartOf\":{\"@id\":\"https:\\\/\\\/cvinoticias.com\\\/v3\\\/#website\"},\"primaryImageOfPage\":{\"@id\":\"https:\\\/\\\/cvinoticias.com\\\/v3\\\/el-gobierno-elimino-los-registros-de-datos-por-coronavirus-de-la-aplicacion-cuidar\\\/#primaryimage\"},\"image\":{\"@id\":\"https:\\\/\\\/cvinoticias.com\\\/v3\\\/el-gobierno-elimino-los-registros-de-datos-por-coronavirus-de-la-aplicacion-cuidar\\\/#primaryimage\"},\"thumbnailUrl\":\"https:\\\/\\\/cvinoticias.com\\\/wp-content\\\/uploads\\\/2023\\\/04\\\/Screenshot_20230404_121916_Facebook.jpg\",\"datePublished\":\"2023-04-04T15:20:03+00:00\",\"breadcrumb\":{\"@id\":\"https:\\\/\\\/cvinoticias.com\\\/v3\\\/el-gobierno-elimino-los-registros-de-datos-por-coronavirus-de-la-aplicacion-cuidar\\\/#breadcrumb\"},\"inLanguage\":\"es\",\"potentialAction\":[{\"@type\":\"ReadAction\",\"target\":[\"https:\\\/\\\/cvinoticias.com\\\/v3\\\/el-gobierno-elimino-los-registros-de-datos-por-coronavirus-de-la-aplicacion-cuidar\\\/\"]}]},{\"@type\":\"ImageObject\",\"inLanguage\":\"es\",\"@id\":\"https:\\\/\\\/cvinoticias.com\\\/v3\\\/el-gobierno-elimino-los-registros-de-datos-por-coronavirus-de-la-aplicacion-cuidar\\\/#primaryimage\",\"url\":\"https:\\\/\\\/cvinoticias.com\\\/wp-content\\\/uploads\\\/2023\\\/04\\\/Screenshot_20230404_121916_Facebook.jpg\",\"contentUrl\":\"https:\\\/\\\/cvinoticias.com\\\/wp-content\\\/uploads\\\/2023\\\/04\\\/Screenshot_20230404_121916_Facebook.jpg\",\"width\":1078,\"height\":596},{\"@type\":\"BreadcrumbList\",\"@id\":\"https:\\\/\\\/cvinoticias.com\\\/v3\\\/el-gobierno-elimino-los-registros-de-datos-por-coronavirus-de-la-aplicacion-cuidar\\\/#breadcrumb\",\"itemListElement\":[{\"@type\":\"ListItem\",\"position\":1,\"name\":\"Portada\",\"item\":\"https:\\\/\\\/cvinoticias.com\\\/v3\\\/\"},{\"@type\":\"ListItem\",\"position\":2,\"name\":\"El Gobierno elimin\u00f3 los registros de datos por coronavirus de la aplicaci\u00f3n Cuidar\"}]},{\"@type\":\"WebSite\",\"@id\":\"https:\\\/\\\/cvinoticias.com\\\/v3\\\/#website\",\"url\":\"https:\\\/\\\/cvinoticias.com\\\/v3\\\/\",\"name\":\"CVI NOTICIAS\",\"description\":\"\",\"publisher\":{\"@id\":\"https:\\\/\\\/cvinoticias.com\\\/v3\\\/#organization\"},\"alternateName\":\"CVI\",\"potentialAction\":[{\"@type\":\"SearchAction\",\"target\":{\"@type\":\"EntryPoint\",\"urlTemplate\":\"https:\\\/\\\/cvinoticias.com\\\/v3\\\/?s={search_term_string}\"},\"query-input\":{\"@type\":\"PropertyValueSpecification\",\"valueRequired\":true,\"valueName\":\"search_term_string\"}}],\"inLanguage\":\"es\"},{\"@type\":\"Organization\",\"@id\":\"https:\\\/\\\/cvinoticias.com\\\/v3\\\/#organization\",\"name\":\"CVI NOTICIAS\",\"url\":\"https:\\\/\\\/cvinoticias.com\\\/v3\\\/\",\"logo\":{\"@type\":\"ImageObject\",\"inLanguage\":\"es\",\"@id\":\"https:\\\/\\\/cvinoticias.com\\\/v3\\\/#\\\/schema\\\/logo\\\/image\\\/\",\"url\":\"https:\\\/\\\/cvinoticias.com\\\/wp-content\\\/uploads\\\/2023\\\/04\\\/cropped-cropped-cropped-cropped-cropped-3-1.png\",\"contentUrl\":\"https:\\\/\\\/cvinoticias.com\\\/wp-content\\\/uploads\\\/2023\\\/04\\\/cropped-cropped-cropped-cropped-cropped-3-1.png\",\"width\":95,\"height\":122,\"caption\":\"CVI NOTICIAS\"},\"image\":{\"@id\":\"https:\\\/\\\/cvinoticias.com\\\/v3\\\/#\\\/schema\\\/logo\\\/image\\\/\"},\"sameAs\":[\"https:\\\/\\\/www.facebook.com\\\/cvinoticias\",\"https:\\\/\\\/www.instagram.com\\\/cvinoticias\\\/\",\"https:\\\/\\\/www.youtube.com\\\/@CVINOTICIAS\"]},{\"@type\":\"Person\",\"@id\":\"https:\\\/\\\/cvinoticias.com\\\/v3\\\/#\\\/schema\\\/person\\\/2db77e3c6bc03c538495d7b2b8be9b66\",\"name\":\"f1000024\",\"image\":{\"@type\":\"ImageObject\",\"inLanguage\":\"es\",\"@id\":\"https:\\\/\\\/secure.gravatar.com\\\/avatar\\\/d4fe7459cfc51ff5129ce1a732bbef5928568b8092d412ef95611616376bbeed?s=96&d=mm&r=g\",\"url\":\"https:\\\/\\\/secure.gravatar.com\\\/avatar\\\/d4fe7459cfc51ff5129ce1a732bbef5928568b8092d412ef95611616376bbeed?s=96&d=mm&r=g\",\"contentUrl\":\"https:\\\/\\\/secure.gravatar.com\\\/avatar\\\/d4fe7459cfc51ff5129ce1a732bbef5928568b8092d412ef95611616376bbeed?s=96&d=mm&r=g\",\"caption\":\"f1000024\"},\"url\":\"https:\\\/\\\/cvinoticias.com\\\/v3\\\/author\\\/f1000024\\\/\"}]}<\/script>\n<!-- \/ Yoast SEO plugin. -->","yoast_head_json":{"title":"El Gobierno elimin\u00f3 los registros de datos por coronavirus de la aplicaci\u00f3n Cuidar | CVI NOTICIAS","robots":{"index":"index","follow":"follow","max-snippet":"max-snippet:-1","max-image-preview":"max-image-preview:large","max-video-preview":"max-video-preview:-1"},"canonical":"https:\/\/cvinoticias.com\/v3\/el-gobierno-elimino-los-registros-de-datos-por-coronavirus-de-la-aplicacion-cuidar\/","og_locale":"es_ES","og_type":"article","og_title":"El Gobierno elimin\u00f3 los registros de datos por coronavirus de la aplicaci\u00f3n Cuidar | CVI NOTICIAS","og_description":"Seg\u00fan se inform\u00f3 en el Bolet\u00edn Oficial, es por el fin de la emergencia sanitaria y para resguardar los datos personales de la poblaci\u00f3n. Se dio de baja la plataforma y las 12 bases de datos que conten\u00eda. El Gobierno nacional elimin\u00f3 las bases de datos vinculadas a la\u00a0aplicaci\u00f3n Cuidar,\u00a0que se utilizaba para los registros [&hellip;]","og_url":"https:\/\/cvinoticias.com\/v3\/el-gobierno-elimino-los-registros-de-datos-por-coronavirus-de-la-aplicacion-cuidar\/","og_site_name":"CVI NOTICIAS","article_publisher":"https:\/\/www.facebook.com\/cvinoticias","article_published_time":"2023-04-04T15:20:03+00:00","og_image":[{"width":1078,"height":596,"url":"https:\/\/cvinoticias.com\/wp-content\/uploads\/2023\/04\/Screenshot_20230404_121916_Facebook.jpg","type":"image\/jpeg"}],"author":"f1000024","twitter_card":"summary_large_image","twitter_misc":{"Escrito por":"f1000024","Tiempo de lectura":"2 minutos"},"schema":{"@context":"https:\/\/schema.org","@graph":[{"@type":"Article","@id":"https:\/\/cvinoticias.com\/v3\/el-gobierno-elimino-los-registros-de-datos-por-coronavirus-de-la-aplicacion-cuidar\/#article","isPartOf":{"@id":"https:\/\/cvinoticias.com\/v3\/el-gobierno-elimino-los-registros-de-datos-por-coronavirus-de-la-aplicacion-cuidar\/"},"author":{"name":"f1000024","@id":"https:\/\/cvinoticias.com\/v3\/#\/schema\/person\/2db77e3c6bc03c538495d7b2b8be9b66"},"headline":"El Gobierno elimin\u00f3 los registros de datos por coronavirus de la aplicaci\u00f3n Cuidar","datePublished":"2023-04-04T15:20:03+00:00","mainEntityOfPage":{"@id":"https:\/\/cvinoticias.com\/v3\/el-gobierno-elimino-los-registros-de-datos-por-coronavirus-de-la-aplicacion-cuidar\/"},"wordCount":327,"commentCount":0,"publisher":{"@id":"https:\/\/cvinoticias.com\/v3\/#organization"},"image":{"@id":"https:\/\/cvinoticias.com\/v3\/el-gobierno-elimino-los-registros-de-datos-por-coronavirus-de-la-aplicacion-cuidar\/#primaryimage"},"thumbnailUrl":"https:\/\/cvinoticias.com\/wp-content\/uploads\/2023\/04\/Screenshot_20230404_121916_Facebook.jpg","articleSection":["Covid-19"],"inLanguage":"es","potentialAction":[{"@type":"CommentAction","name":"Comment","target":["https:\/\/cvinoticias.com\/v3\/el-gobierno-elimino-los-registros-de-datos-por-coronavirus-de-la-aplicacion-cuidar\/#respond"]}]},{"@type":"WebPage","@id":"https:\/\/cvinoticias.com\/v3\/el-gobierno-elimino-los-registros-de-datos-por-coronavirus-de-la-aplicacion-cuidar\/","url":"https:\/\/cvinoticias.com\/v3\/el-gobierno-elimino-los-registros-de-datos-por-coronavirus-de-la-aplicacion-cuidar\/","name":"El Gobierno elimin\u00f3 los registros de datos por coronavirus de la aplicaci\u00f3n Cuidar | CVI NOTICIAS","isPartOf":{"@id":"https:\/\/cvinoticias.com\/v3\/#website"},"primaryImageOfPage":{"@id":"https:\/\/cvinoticias.com\/v3\/el-gobierno-elimino-los-registros-de-datos-por-coronavirus-de-la-aplicacion-cuidar\/#primaryimage"},"image":{"@id":"https:\/\/cvinoticias.com\/v3\/el-gobierno-elimino-los-registros-de-datos-por-coronavirus-de-la-aplicacion-cuidar\/#primaryimage"},"thumbnailUrl":"https:\/\/cvinoticias.com\/wp-content\/uploads\/2023\/04\/Screenshot_20230404_121916_Facebook.jpg","datePublished":"2023-04-04T15:20:03+00:00","breadcrumb":{"@id":"https:\/\/cvinoticias.com\/v3\/el-gobierno-elimino-los-registros-de-datos-por-coronavirus-de-la-aplicacion-cuidar\/#breadcrumb"},"inLanguage":"es","potentialAction":[{"@type":"ReadAction","target":["https:\/\/cvinoticias.com\/v3\/el-gobierno-elimino-los-registros-de-datos-por-coronavirus-de-la-aplicacion-cuidar\/"]}]},{"@type":"ImageObject","inLanguage":"es","@id":"https:\/\/cvinoticias.com\/v3\/el-gobierno-elimino-los-registros-de-datos-por-coronavirus-de-la-aplicacion-cuidar\/#primaryimage","url":"https:\/\/cvinoticias.com\/wp-content\/uploads\/2023\/04\/Screenshot_20230404_121916_Facebook.jpg","contentUrl":"https:\/\/cvinoticias.com\/wp-content\/uploads\/2023\/04\/Screenshot_20230404_121916_Facebook.jpg","width":1078,"height":596},{"@type":"BreadcrumbList","@id":"https:\/\/cvinoticias.com\/v3\/el-gobierno-elimino-los-registros-de-datos-por-coronavirus-de-la-aplicacion-cuidar\/#breadcrumb","itemListElement":[{"@type":"ListItem","position":1,"name":"Portada","item":"https:\/\/cvinoticias.com\/v3\/"},{"@type":"ListItem","position":2,"name":"El Gobierno elimin\u00f3 los registros de datos por coronavirus de la aplicaci\u00f3n Cuidar"}]},{"@type":"WebSite","@id":"https:\/\/cvinoticias.com\/v3\/#website","url":"https:\/\/cvinoticias.com\/v3\/","name":"CVI NOTICIAS","description":"","publisher":{"@id":"https:\/\/cvinoticias.com\/v3\/#organization"},"alternateName":"CVI","potentialAction":[{"@type":"SearchAction","target":{"@type":"EntryPoint","urlTemplate":"https:\/\/cvinoticias.com\/v3\/?s={search_term_string}"},"query-input":{"@type":"PropertyValueSpecification","valueRequired":true,"valueName":"search_term_string"}}],"inLanguage":"es"},{"@type":"Organization","@id":"https:\/\/cvinoticias.com\/v3\/#organization","name":"CVI NOTICIAS","url":"https:\/\/cvinoticias.com\/v3\/","logo":{"@type":"ImageObject","inLanguage":"es","@id":"https:\/\/cvinoticias.com\/v3\/#\/schema\/logo\/image\/","url":"https:\/\/cvinoticias.com\/wp-content\/uploads\/2023\/04\/cropped-cropped-cropped-cropped-cropped-3-1.png","contentUrl":"https:\/\/cvinoticias.com\/wp-content\/uploads\/2023\/04\/cropped-cropped-cropped-cropped-cropped-3-1.png","width":95,"height":122,"caption":"CVI NOTICIAS"},"image":{"@id":"https:\/\/cvinoticias.com\/v3\/#\/schema\/logo\/image\/"},"sameAs":["https:\/\/www.facebook.com\/cvinoticias","https:\/\/www.instagram.com\/cvinoticias\/","https:\/\/www.youtube.com\/@CVINOTICIAS"]},{"@type":"Person","@id":"https:\/\/cvinoticias.com\/v3\/#\/schema\/person\/2db77e3c6bc03c538495d7b2b8be9b66","name":"f1000024","image":{"@type":"ImageObject","inLanguage":"es","@id":"https:\/\/secure.gravatar.com\/avatar\/d4fe7459cfc51ff5129ce1a732bbef5928568b8092d412ef95611616376bbeed?s=96&d=mm&r=g","url":"https:\/\/secure.gravatar.com\/avatar\/d4fe7459cfc51ff5129ce1a732bbef5928568b8092d412ef95611616376bbeed?s=96&d=mm&r=g","contentUrl":"https:\/\/secure.gravatar.com\/avatar\/d4fe7459cfc51ff5129ce1a732bbef5928568b8092d412ef95611616376bbeed?s=96&d=mm&r=g","caption":"f1000024"},"url":"https:\/\/cvinoticias.com\/v3\/author\/f1000024\/"}]}},"_links":{"self":[{"href":"https:\/\/cvinoticias.com\/v3\/wp-json\/wp\/v2\/posts\/23790","targetHints":{"allow":["GET"]}}],"collection":[{"href":"https:\/\/cvinoticias.com\/v3\/wp-json\/wp\/v2\/posts"}],"about":[{"href":"https:\/\/cvinoticias.com\/v3\/wp-json\/wp\/v2\/types\/post"}],"author":[{"embeddable":true,"href":"https:\/\/cvinoticias.com\/v3\/wp-json\/wp\/v2\/users\/2"}],"replies":[{"embeddable":true,"href":"https:\/\/cvinoticias.com\/v3\/wp-json\/wp\/v2\/comments?post=23790"}],"version-history":[{"count":1,"href":"https:\/\/cvinoticias.com\/v3\/wp-json\/wp\/v2\/posts\/23790\/revisions"}],"predecessor-version":[{"id":23792,"href":"https:\/\/cvinoticias.com\/v3\/wp-json\/wp\/v2\/posts\/23790\/revisions\/23792"}],"wp:featuredmedia":[{"embeddable":true,"href":"https:\/\/cvinoticias.com\/v3\/wp-json\/wp\/v2\/media\/23791"}],"wp:attachment":[{"href":"https:\/\/cvinoticias.com\/v3\/wp-json\/wp\/v2\/media?parent=23790"}],"wp:term":[{"taxonomy":"category","embeddable":true,"href":"https:\/\/cvinoticias.com\/v3\/wp-json\/wp\/v2\/categories?post=23790"},{"taxonomy":"post_tag","embeddable":true,"href":"https:\/\/cvinoticias.com\/v3\/wp-json\/wp\/v2\/tags?post=23790"}],"curies":[{"name":"wp","href":"https:\/\/api.w.org\/{rel}","templated":true}]}}