{"id":23779,"date":"2023-04-04T12:49:35","date_gmt":"2023-04-04T12:49:35","guid":{"rendered":"https:\/\/cvinoticias.com\/v3\/?p=23779"},"modified":"2023-04-04T12:49:35","modified_gmt":"2023-04-04T12:49:35","slug":"dos-importantes-dirigentes-de-juntos-por-el-cambio-se-alejan-y-podrian-presentarse-como-candidatos-por-fuera-del-espacio","status":"publish","type":"post","link":"https:\/\/cvinoticias.com\/v3\/dos-importantes-dirigentes-de-juntos-por-el-cambio-se-alejan-y-podrian-presentarse-como-candidatos-por-fuera-del-espacio\/","title":{"rendered":"Dos importantes dirigentes de Juntos por el Cambio se alejan y podr\u00edan presentarse como candidatos por fuera del espacio"},"content":{"rendered":"\n<p><strong><em>Jorge Ratier Berrondo (presidente de la bancada del PRO) y Osvaldo Navarro (ex concejal posade\u00f1o por la UCR) admitieron en declaraciones a la prensa que dialogan con otras fuerzas y existe la posibilidad de ser parte de la oferta electoral para las elecciones nacionales por fuera de JxC.<\/em><\/strong><\/p>\n\n\n\n<p>Contin\u00faan las turbulencias dentro de Juntos por el Cambio en Misiones, luego de que m\u00e1s de la mitad de los sublemas inscriptos para competir el pr\u00f3ximo 7 de mayo en las elecciones provinciales no fueran aprobados por el Tribunal Electoral (debido al incumplimiento de los avales o la falta de candidatos para conformar las distintas listas en los municipios), ahora se suma la decisi\u00f3n de dos pesos pesados de alejarse de la fuerza amarilla.<\/p>\n\n\n\n<p>En di\u00e1logo con PRIMERA EDICI\u00d3N, Jorge Ratier Berrondo, que preside la bancada del PRO en la Legislatura, y el ex Concejal radical Osvaldo Navarro coincidieron en el se\u00f1alamiento a la forma en que se armaron las listas entre las c\u00fapulas del PRO, la UCR y el puertismo: de manera cerrada e inconsulta. El armado \u201csectorial, ego\u00edsta, dejando de lado a dirigentes con trayectoria, es el principal motivo esgrimido al matutino misionero desde ambos entornos. Adem\u00e1s, agregaron, que los \u00fanicos beneficiados son los \u201clibertarios\u201d, que recogen adhesiones de desilusionados con JxC.<\/p>\n\n\n\n<p>Este descontento va m\u00e1s all\u00e1 del eventual cierre de listas para los comicios provinciales del mes pr\u00f3ximo, sino que puede derivar en el abandono definitivo de Ratier y Navarro de Juntos por el Cambio para competir por otro espacio pol\u00edtico en las elecciones de agosto y octubre, ya que ambos dirigentes afirmaron conversar con otras fuerzas de cara a los comicios legislativos nacionales.<\/p>\n\n\n\n<p><strong>Fuera de competencia en Posadas<\/strong><\/p>\n\n\n\n<p>El caso de Ratier es un claro ejemplo de lo antes mencionado, el actual diputado provincial y presidente de bloque ten\u00eda la intenci\u00f3n de presentarse por el PRO como candidato a Intendente de Posadas, pero sus allegados dejaron trascender que desisti\u00f3 por diferencias con Alfredo y Humberto Schiavoni, puesto que estos \u201cacapararon los principales lugares para su entorno\u201d, seg\u00fan testimonios que pudo recoger PRIMERA EDICI\u00d3N.<\/p>\n\n\n\n<p>Sin dudas es una baja considerable para el PRO en la capital misionera, no solo por tener una reducida oferta electoral en el principal distrito provincial, sino porque la candidatura de Ratier despertaba expectativa en buena cantidad de electores debido a su trayectoria y militancia territorial.<\/p>\n\n\n\n<p>De cara a agosto\/octubre, desde el c\u00edrculo m\u00e1s cercano al diputado afirman que mantiene conversaciones con dos precandidatos presidenciales: Horacio Rodr\u00edguez Larreta y Javier Milei.<\/p>\n\n\n\n<p>En un breve dialogo con PRIMERA EDICI\u00d3N, Ratier explic\u00f3 que \u201cla verdad es que no coincido con el tenor que se est\u00e1 dando la interna nacional del PRO ac\u00e1 en Misiones. En mi caso, qued\u00e9 en el medio de peleas ya personales entre algunos dirigentes. Creo, y a las pruebas me remito, que s\u00f3lo hay que ver los candidatos que presenta el partido para ver que se ha perdido mucho volumen pol\u00edtico, por lo que tengo la sensaci\u00f3n de que hay m\u00e1s inter\u00e9s en un partido chico que en uno grande\u201d.<\/p>\n\n\n\n<p>Finalmente, agreg\u00f3 que \u201cdespu\u00e9s de las elecciones provinciales ver\u00e9 como sigo\u201d. Entre los m\u00e1s cercanos a Ratier ya se comenz\u00f3 a hablar de una posible candidatura a senador nacional.<\/p>\n\n\n\n<p><strong>Radicales disconformes<\/strong><\/p>\n\n\n\n<p>Otro dirigente de trayectoria que manifest\u00f3 su descontento con la direcci\u00f3n que tom\u00f3 Juntos por el Cambio en la tierra colorada es el reconocido m\u00e9dico cardi\u00f3logo y ex concejal de Posadas Osvaldo Navarro. Lo primero que plante\u00f3 es: \u201ccreo que as\u00ed es dif\u00edcil construir. Lamentablemente, mi partido les cerr\u00f3 las puertas a muchos dirigentes\u201d.<br>La disconformidad de Navarro tiene origen en que parec\u00eda un n\u00famero puesto para la oferta cambiemita de mayo, pero luego del acuerdo cerrado entre Pablo Arga\u00f1araz (titular de la UCR local) y los diputados Arjol y Pianesi, qued\u00f3 fuera de toda lista.<\/p>\n\n\n\n<p>Al igual que Ratier Berrondo, Navarro admiti\u00f3 que dialoga con otras fuerzas pol\u00edticas, con la mira puesta en las elecciones de agosto y octubre pr\u00f3ximos. Al igual que el dirigente del PRO, el ex concejal radical puede ser candidato a Senador nacional en las PASO.<br>\u201cCharlar siempre es bueno, aunque mi partido est\u00e1 muy cerrado as\u00ed que habr\u00eda que escuchar a todos\u201d, sentenci\u00f3.<\/p>\n","protected":false},"excerpt":{"rendered":"<p>Jorge Ratier Berrondo (presidente de la bancada del PRO) y Osvaldo Navarro (ex concejal posade\u00f1o por la UCR) admitieron en declaraciones a la prensa que dialogan con otras fuerzas y existe la posibilidad de ser parte de la oferta electoral para las elecciones nacionales por fuera de JxC. Contin\u00faan las turbulencias dentro de Juntos por [&hellip;]<\/p>\n","protected":false},"author":2,"featured_media":0,"comment_status":"open","ping_status":"open","sticky":false,"template":"","format":"standard","meta":{"footnotes":""},"categories":[43],"tags":[],"class_list":["post-23779","post","type-post","status-publish","format-standard","hentry","category-provinciales"],"yoast_head":"<!-- This site is optimized with the Yoast SEO plugin v27.4 - https:\/\/yoast.com\/product\/yoast-seo-wordpress\/ -->\n<title>Dos importantes dirigentes de Juntos por el Cambio se alejan y podr\u00edan presentarse como candidatos por fuera del espacio | CVI NOTICIAS<\/title>\n<meta name=\"robots\" content=\"index, follow, max-snippet:-1, max-image-preview:large, max-video-preview:-1\" \/>\n<link rel=\"canonical\" href=\"https:\/\/cvinoticias.com\/v3\/dos-importantes-dirigentes-de-juntos-por-el-cambio-se-alejan-y-podrian-presentarse-como-candidatos-por-fuera-del-espacio\/\" \/>\n<meta property=\"og:locale\" content=\"es_ES\" \/>\n<meta property=\"og:type\" content=\"article\" \/>\n<meta property=\"og:title\" content=\"Dos importantes dirigentes de Juntos por el Cambio se alejan y podr\u00edan presentarse como candidatos por fuera del espacio | CVI NOTICIAS\" \/>\n<meta property=\"og:description\" content=\"Jorge Ratier Berrondo (presidente de la bancada del PRO) y Osvaldo Navarro (ex concejal posade\u00f1o por la UCR) admitieron en declaraciones a la prensa que dialogan con otras fuerzas y existe la posibilidad de ser parte de la oferta electoral para las elecciones nacionales por fuera de JxC. Contin\u00faan las turbulencias dentro de Juntos por [&hellip;]\" \/>\n<meta property=\"og:url\" content=\"https:\/\/cvinoticias.com\/v3\/dos-importantes-dirigentes-de-juntos-por-el-cambio-se-alejan-y-podrian-presentarse-como-candidatos-por-fuera-del-espacio\/\" \/>\n<meta property=\"og:site_name\" content=\"CVI NOTICIAS\" \/>\n<meta property=\"article:publisher\" content=\"https:\/\/www.facebook.com\/cvinoticias\" \/>\n<meta property=\"article:published_time\" content=\"2023-04-04T12:49:35+00:00\" \/>\n<meta name=\"author\" content=\"f1000024\" \/>\n<meta name=\"twitter:card\" content=\"summary_large_image\" \/>\n<meta name=\"twitter:label1\" content=\"Escrito por\" \/>\n\t<meta name=\"twitter:data1\" content=\"f1000024\" \/>\n\t<meta name=\"twitter:label2\" content=\"Tiempo de lectura\" \/>\n\t<meta name=\"twitter:data2\" content=\"4 minutos\" \/>\n<script type=\"application\/ld+json\" class=\"yoast-schema-graph\">{\"@context\":\"https:\\\/\\\/schema.org\",\"@graph\":[{\"@type\":\"Article\",\"@id\":\"https:\\\/\\\/cvinoticias.com\\\/v3\\\/dos-importantes-dirigentes-de-juntos-por-el-cambio-se-alejan-y-podrian-presentarse-como-candidatos-por-fuera-del-espacio\\\/#article\",\"isPartOf\":{\"@id\":\"https:\\\/\\\/cvinoticias.com\\\/v3\\\/dos-importantes-dirigentes-de-juntos-por-el-cambio-se-alejan-y-podrian-presentarse-como-candidatos-por-fuera-del-espacio\\\/\"},\"author\":{\"name\":\"f1000024\",\"@id\":\"https:\\\/\\\/cvinoticias.com\\\/v3\\\/#\\\/schema\\\/person\\\/2db77e3c6bc03c538495d7b2b8be9b66\"},\"headline\":\"Dos importantes dirigentes de Juntos por el Cambio se alejan y podr\u00edan presentarse como candidatos por fuera del espacio\",\"datePublished\":\"2023-04-04T12:49:35+00:00\",\"mainEntityOfPage\":{\"@id\":\"https:\\\/\\\/cvinoticias.com\\\/v3\\\/dos-importantes-dirigentes-de-juntos-por-el-cambio-se-alejan-y-podrian-presentarse-como-candidatos-por-fuera-del-espacio\\\/\"},\"wordCount\":756,\"commentCount\":0,\"publisher\":{\"@id\":\"https:\\\/\\\/cvinoticias.com\\\/v3\\\/#organization\"},\"articleSection\":[\"Provinciales\"],\"inLanguage\":\"es\",\"potentialAction\":[{\"@type\":\"CommentAction\",\"name\":\"Comment\",\"target\":[\"https:\\\/\\\/cvinoticias.com\\\/v3\\\/dos-importantes-dirigentes-de-juntos-por-el-cambio-se-alejan-y-podrian-presentarse-como-candidatos-por-fuera-del-espacio\\\/#respond\"]}]},{\"@type\":\"WebPage\",\"@id\":\"https:\\\/\\\/cvinoticias.com\\\/v3\\\/dos-importantes-dirigentes-de-juntos-por-el-cambio-se-alejan-y-podrian-presentarse-como-candidatos-por-fuera-del-espacio\\\/\",\"url\":\"https:\\\/\\\/cvinoticias.com\\\/v3\\\/dos-importantes-dirigentes-de-juntos-por-el-cambio-se-alejan-y-podrian-presentarse-como-candidatos-por-fuera-del-espacio\\\/\",\"name\":\"Dos importantes dirigentes de Juntos por el Cambio se alejan y podr\u00edan presentarse como candidatos por fuera del espacio | CVI NOTICIAS\",\"isPartOf\":{\"@id\":\"https:\\\/\\\/cvinoticias.com\\\/v3\\\/#website\"},\"datePublished\":\"2023-04-04T12:49:35+00:00\",\"breadcrumb\":{\"@id\":\"https:\\\/\\\/cvinoticias.com\\\/v3\\\/dos-importantes-dirigentes-de-juntos-por-el-cambio-se-alejan-y-podrian-presentarse-como-candidatos-por-fuera-del-espacio\\\/#breadcrumb\"},\"inLanguage\":\"es\",\"potentialAction\":[{\"@type\":\"ReadAction\",\"target\":[\"https:\\\/\\\/cvinoticias.com\\\/v3\\\/dos-importantes-dirigentes-de-juntos-por-el-cambio-se-alejan-y-podrian-presentarse-como-candidatos-por-fuera-del-espacio\\\/\"]}]},{\"@type\":\"BreadcrumbList\",\"@id\":\"https:\\\/\\\/cvinoticias.com\\\/v3\\\/dos-importantes-dirigentes-de-juntos-por-el-cambio-se-alejan-y-podrian-presentarse-como-candidatos-por-fuera-del-espacio\\\/#breadcrumb\",\"itemListElement\":[{\"@type\":\"ListItem\",\"position\":1,\"name\":\"Portada\",\"item\":\"https:\\\/\\\/cvinoticias.com\\\/v3\\\/\"},{\"@type\":\"ListItem\",\"position\":2,\"name\":\"Dos importantes dirigentes de Juntos por el Cambio se alejan y podr\u00edan presentarse como candidatos por fuera del espacio\"}]},{\"@type\":\"WebSite\",\"@id\":\"https:\\\/\\\/cvinoticias.com\\\/v3\\\/#website\",\"url\":\"https:\\\/\\\/cvinoticias.com\\\/v3\\\/\",\"name\":\"CVI NOTICIAS\",\"description\":\"\",\"publisher\":{\"@id\":\"https:\\\/\\\/cvinoticias.com\\\/v3\\\/#organization\"},\"alternateName\":\"CVI\",\"potentialAction\":[{\"@type\":\"SearchAction\",\"target\":{\"@type\":\"EntryPoint\",\"urlTemplate\":\"https:\\\/\\\/cvinoticias.com\\\/v3\\\/?s={search_term_string}\"},\"query-input\":{\"@type\":\"PropertyValueSpecification\",\"valueRequired\":true,\"valueName\":\"search_term_string\"}}],\"inLanguage\":\"es\"},{\"@type\":\"Organization\",\"@id\":\"https:\\\/\\\/cvinoticias.com\\\/v3\\\/#organization\",\"name\":\"CVI NOTICIAS\",\"url\":\"https:\\\/\\\/cvinoticias.com\\\/v3\\\/\",\"logo\":{\"@type\":\"ImageObject\",\"inLanguage\":\"es\",\"@id\":\"https:\\\/\\\/cvinoticias.com\\\/v3\\\/#\\\/schema\\\/logo\\\/image\\\/\",\"url\":\"https:\\\/\\\/cvinoticias.com\\\/wp-content\\\/uploads\\\/2023\\\/04\\\/cropped-cropped-cropped-cropped-cropped-3-1.png\",\"contentUrl\":\"https:\\\/\\\/cvinoticias.com\\\/wp-content\\\/uploads\\\/2023\\\/04\\\/cropped-cropped-cropped-cropped-cropped-3-1.png\",\"width\":95,\"height\":122,\"caption\":\"CVI NOTICIAS\"},\"image\":{\"@id\":\"https:\\\/\\\/cvinoticias.com\\\/v3\\\/#\\\/schema\\\/logo\\\/image\\\/\"},\"sameAs\":[\"https:\\\/\\\/www.facebook.com\\\/cvinoticias\",\"https:\\\/\\\/www.instagram.com\\\/cvinoticias\\\/\",\"https:\\\/\\\/www.youtube.com\\\/@CVINOTICIAS\"]},{\"@type\":\"Person\",\"@id\":\"https:\\\/\\\/cvinoticias.com\\\/v3\\\/#\\\/schema\\\/person\\\/2db77e3c6bc03c538495d7b2b8be9b66\",\"name\":\"f1000024\",\"image\":{\"@type\":\"ImageObject\",\"inLanguage\":\"es\",\"@id\":\"https:\\\/\\\/secure.gravatar.com\\\/avatar\\\/d4fe7459cfc51ff5129ce1a732bbef5928568b8092d412ef95611616376bbeed?s=96&d=mm&r=g\",\"url\":\"https:\\\/\\\/secure.gravatar.com\\\/avatar\\\/d4fe7459cfc51ff5129ce1a732bbef5928568b8092d412ef95611616376bbeed?s=96&d=mm&r=g\",\"contentUrl\":\"https:\\\/\\\/secure.gravatar.com\\\/avatar\\\/d4fe7459cfc51ff5129ce1a732bbef5928568b8092d412ef95611616376bbeed?s=96&d=mm&r=g\",\"caption\":\"f1000024\"},\"url\":\"https:\\\/\\\/cvinoticias.com\\\/v3\\\/author\\\/f1000024\\\/\"}]}<\/script>\n<!-- \/ Yoast SEO plugin. -->","yoast_head_json":{"title":"Dos importantes dirigentes de Juntos por el Cambio se alejan y podr\u00edan presentarse como candidatos por fuera del espacio | CVI NOTICIAS","robots":{"index":"index","follow":"follow","max-snippet":"max-snippet:-1","max-image-preview":"max-image-preview:large","max-video-preview":"max-video-preview:-1"},"canonical":"https:\/\/cvinoticias.com\/v3\/dos-importantes-dirigentes-de-juntos-por-el-cambio-se-alejan-y-podrian-presentarse-como-candidatos-por-fuera-del-espacio\/","og_locale":"es_ES","og_type":"article","og_title":"Dos importantes dirigentes de Juntos por el Cambio se alejan y podr\u00edan presentarse como candidatos por fuera del espacio | CVI NOTICIAS","og_description":"Jorge Ratier Berrondo (presidente de la bancada del PRO) y Osvaldo Navarro (ex concejal posade\u00f1o por la UCR) admitieron en declaraciones a la prensa que dialogan con otras fuerzas y existe la posibilidad de ser parte de la oferta electoral para las elecciones nacionales por fuera de JxC. Contin\u00faan las turbulencias dentro de Juntos por [&hellip;]","og_url":"https:\/\/cvinoticias.com\/v3\/dos-importantes-dirigentes-de-juntos-por-el-cambio-se-alejan-y-podrian-presentarse-como-candidatos-por-fuera-del-espacio\/","og_site_name":"CVI NOTICIAS","article_publisher":"https:\/\/www.facebook.com\/cvinoticias","article_published_time":"2023-04-04T12:49:35+00:00","author":"f1000024","twitter_card":"summary_large_image","twitter_misc":{"Escrito por":"f1000024","Tiempo de lectura":"4 minutos"},"schema":{"@context":"https:\/\/schema.org","@graph":[{"@type":"Article","@id":"https:\/\/cvinoticias.com\/v3\/dos-importantes-dirigentes-de-juntos-por-el-cambio-se-alejan-y-podrian-presentarse-como-candidatos-por-fuera-del-espacio\/#article","isPartOf":{"@id":"https:\/\/cvinoticias.com\/v3\/dos-importantes-dirigentes-de-juntos-por-el-cambio-se-alejan-y-podrian-presentarse-como-candidatos-por-fuera-del-espacio\/"},"author":{"name":"f1000024","@id":"https:\/\/cvinoticias.com\/v3\/#\/schema\/person\/2db77e3c6bc03c538495d7b2b8be9b66"},"headline":"Dos importantes dirigentes de Juntos por el Cambio se alejan y podr\u00edan presentarse como candidatos por fuera del espacio","datePublished":"2023-04-04T12:49:35+00:00","mainEntityOfPage":{"@id":"https:\/\/cvinoticias.com\/v3\/dos-importantes-dirigentes-de-juntos-por-el-cambio-se-alejan-y-podrian-presentarse-como-candidatos-por-fuera-del-espacio\/"},"wordCount":756,"commentCount":0,"publisher":{"@id":"https:\/\/cvinoticias.com\/v3\/#organization"},"articleSection":["Provinciales"],"inLanguage":"es","potentialAction":[{"@type":"CommentAction","name":"Comment","target":["https:\/\/cvinoticias.com\/v3\/dos-importantes-dirigentes-de-juntos-por-el-cambio-se-alejan-y-podrian-presentarse-como-candidatos-por-fuera-del-espacio\/#respond"]}]},{"@type":"WebPage","@id":"https:\/\/cvinoticias.com\/v3\/dos-importantes-dirigentes-de-juntos-por-el-cambio-se-alejan-y-podrian-presentarse-como-candidatos-por-fuera-del-espacio\/","url":"https:\/\/cvinoticias.com\/v3\/dos-importantes-dirigentes-de-juntos-por-el-cambio-se-alejan-y-podrian-presentarse-como-candidatos-por-fuera-del-espacio\/","name":"Dos importantes dirigentes de Juntos por el Cambio se alejan y podr\u00edan presentarse como candidatos por fuera del espacio | CVI NOTICIAS","isPartOf":{"@id":"https:\/\/cvinoticias.com\/v3\/#website"},"datePublished":"2023-04-04T12:49:35+00:00","breadcrumb":{"@id":"https:\/\/cvinoticias.com\/v3\/dos-importantes-dirigentes-de-juntos-por-el-cambio-se-alejan-y-podrian-presentarse-como-candidatos-por-fuera-del-espacio\/#breadcrumb"},"inLanguage":"es","potentialAction":[{"@type":"ReadAction","target":["https:\/\/cvinoticias.com\/v3\/dos-importantes-dirigentes-de-juntos-por-el-cambio-se-alejan-y-podrian-presentarse-como-candidatos-por-fuera-del-espacio\/"]}]},{"@type":"BreadcrumbList","@id":"https:\/\/cvinoticias.com\/v3\/dos-importantes-dirigentes-de-juntos-por-el-cambio-se-alejan-y-podrian-presentarse-como-candidatos-por-fuera-del-espacio\/#breadcrumb","itemListElement":[{"@type":"ListItem","position":1,"name":"Portada","item":"https:\/\/cvinoticias.com\/v3\/"},{"@type":"ListItem","position":2,"name":"Dos importantes dirigentes de Juntos por el Cambio se alejan y podr\u00edan presentarse como candidatos por fuera del espacio"}]},{"@type":"WebSite","@id":"https:\/\/cvinoticias.com\/v3\/#website","url":"https:\/\/cvinoticias.com\/v3\/","name":"CVI NOTICIAS","description":"","publisher":{"@id":"https:\/\/cvinoticias.com\/v3\/#organization"},"alternateName":"CVI","potentialAction":[{"@type":"SearchAction","target":{"@type":"EntryPoint","urlTemplate":"https:\/\/cvinoticias.com\/v3\/?s={search_term_string}"},"query-input":{"@type":"PropertyValueSpecification","valueRequired":true,"valueName":"search_term_string"}}],"inLanguage":"es"},{"@type":"Organization","@id":"https:\/\/cvinoticias.com\/v3\/#organization","name":"CVI NOTICIAS","url":"https:\/\/cvinoticias.com\/v3\/","logo":{"@type":"ImageObject","inLanguage":"es","@id":"https:\/\/cvinoticias.com\/v3\/#\/schema\/logo\/image\/","url":"https:\/\/cvinoticias.com\/wp-content\/uploads\/2023\/04\/cropped-cropped-cropped-cropped-cropped-3-1.png","contentUrl":"https:\/\/cvinoticias.com\/wp-content\/uploads\/2023\/04\/cropped-cropped-cropped-cropped-cropped-3-1.png","width":95,"height":122,"caption":"CVI NOTICIAS"},"image":{"@id":"https:\/\/cvinoticias.com\/v3\/#\/schema\/logo\/image\/"},"sameAs":["https:\/\/www.facebook.com\/cvinoticias","https:\/\/www.instagram.com\/cvinoticias\/","https:\/\/www.youtube.com\/@CVINOTICIAS"]},{"@type":"Person","@id":"https:\/\/cvinoticias.com\/v3\/#\/schema\/person\/2db77e3c6bc03c538495d7b2b8be9b66","name":"f1000024","image":{"@type":"ImageObject","inLanguage":"es","@id":"https:\/\/secure.gravatar.com\/avatar\/d4fe7459cfc51ff5129ce1a732bbef5928568b8092d412ef95611616376bbeed?s=96&d=mm&r=g","url":"https:\/\/secure.gravatar.com\/avatar\/d4fe7459cfc51ff5129ce1a732bbef5928568b8092d412ef95611616376bbeed?s=96&d=mm&r=g","contentUrl":"https:\/\/secure.gravatar.com\/avatar\/d4fe7459cfc51ff5129ce1a732bbef5928568b8092d412ef95611616376bbeed?s=96&d=mm&r=g","caption":"f1000024"},"url":"https:\/\/cvinoticias.com\/v3\/author\/f1000024\/"}]}},"_links":{"self":[{"href":"https:\/\/cvinoticias.com\/v3\/wp-json\/wp\/v2\/posts\/23779","targetHints":{"allow":["GET"]}}],"collection":[{"href":"https:\/\/cvinoticias.com\/v3\/wp-json\/wp\/v2\/posts"}],"about":[{"href":"https:\/\/cvinoticias.com\/v3\/wp-json\/wp\/v2\/types\/post"}],"author":[{"embeddable":true,"href":"https:\/\/cvinoticias.com\/v3\/wp-json\/wp\/v2\/users\/2"}],"replies":[{"embeddable":true,"href":"https:\/\/cvinoticias.com\/v3\/wp-json\/wp\/v2\/comments?post=23779"}],"version-history":[{"count":1,"href":"https:\/\/cvinoticias.com\/v3\/wp-json\/wp\/v2\/posts\/23779\/revisions"}],"predecessor-version":[{"id":23780,"href":"https:\/\/cvinoticias.com\/v3\/wp-json\/wp\/v2\/posts\/23779\/revisions\/23780"}],"wp:attachment":[{"href":"https:\/\/cvinoticias.com\/v3\/wp-json\/wp\/v2\/media?parent=23779"}],"wp:term":[{"taxonomy":"category","embeddable":true,"href":"https:\/\/cvinoticias.com\/v3\/wp-json\/wp\/v2\/categories?post=23779"},{"taxonomy":"post_tag","embeddable":true,"href":"https:\/\/cvinoticias.com\/v3\/wp-json\/wp\/v2\/tags?post=23779"}],"curies":[{"name":"wp","href":"https:\/\/api.w.org\/{rel}","templated":true}]}}