{"id":23764,"date":"2023-04-04T10:37:50","date_gmt":"2023-04-04T10:37:50","guid":{"rendered":"https:\/\/cvinoticias.com\/v3\/?p=23764"},"modified":"2023-04-04T10:37:50","modified_gmt":"2023-04-04T10:37:50","slug":"sergio-berni-aseguro-que-no-piensa-renunciar-para-un-soldado-hay-dos-cosas-que-no-son-opcion-rendirse-y-escaparse","status":"publish","type":"post","link":"https:\/\/cvinoticias.com\/v3\/sergio-berni-aseguro-que-no-piensa-renunciar-para-un-soldado-hay-dos-cosas-que-no-son-opcion-rendirse-y-escaparse\/","title":{"rendered":"Sergio Berni asegur\u00f3 que no piensa renunciar: \u201cPara un soldado hay dos cosas que no son opci\u00f3n, rendirse y escaparse\u201d."},"content":{"rendered":"\n<p><strong><em>Lo que tengo que hacer es duplicar los esfuerzos\u201d, agreg\u00f3 el ministro de Seguridad, que debi\u00f3 ser atendido en el Hospital Churruca por los golpes que recibi\u00f3.<\/em><\/strong><\/p>\n\n\n\n<p>El ministro de Seguridad de la Naci\u00f3n, Sergio Berni, fue increpado y golpeado este lunes por la ma\u00f1ana durante una protesta de choferes de colectivos de la L\u00ednea 620, a ra\u00edz del asesinato de un compa\u00f1ero de ellos, Daniel Barrientos, sucedido en La Matanza.<\/p>\n\n\n\n<p>Berni recibi\u00f3 ocho golpes, y acab\u00f3 con el rostro cortado como resultado de ellos y con fractura del malar. Por tal motivo, debi\u00f3 ser atendido en el hospital policial Churruca, y tras su salida, dialog\u00f3 con la prensa y asegur\u00f3 que no piensa renunciar a su puesto pol\u00edtico.<\/p>\n\n\n\n<figure class=\"wp-block-image size-large\"><a href=\"https:\/\/cvinoticias.com\/wp-content\/uploads\/2023\/04\/sergio-berni.jpg\"><img decoding=\"async\" width=\"1024\" height=\"696\" data-src=\"https:\/\/cvinoticias.com\/wp-content\/uploads\/2023\/04\/sergio-berni-1024x696.jpg\" alt=\"\" class=\"wp-image-23766 lazyload\" data-srcset=\"https:\/\/cvinoticias.com\/wp-content\/uploads\/2023\/04\/sergio-berni-1024x696.jpg 1024w, https:\/\/cvinoticias.com\/wp-content\/uploads\/2023\/04\/sergio-berni-300x204.jpg 300w, https:\/\/cvinoticias.com\/wp-content\/uploads\/2023\/04\/sergio-berni-768x522.jpg 768w, https:\/\/cvinoticias.com\/wp-content\/uploads\/2023\/04\/sergio-berni.jpg 1200w\" data-sizes=\"(max-width: 1024px) 100vw, 1024px\" src=\"data:image\/svg+xml;base64,PHN2ZyB3aWR0aD0iMSIgaGVpZ2h0PSIxIiB4bWxucz0iaHR0cDovL3d3dy53My5vcmcvMjAwMC9zdmciPjwvc3ZnPg==\" style=\"--smush-placeholder-width: 1024px; --smush-placeholder-aspect-ratio: 1024\/696;\" \/><\/a><\/figure>\n\n\n\n<p>Como primera instancia, el ministro coment\u00f3 que \u201cYa detuvimos al primer sospechoso. No es un hecho habitual, no va a quedar impune\u201d, y le envi\u00f3 condolencias a la familia de la v\u00edctima.<\/p>\n\n\n\n<p>\u201cNo tengo ninguna duda de que a estos asesinos los vamos a tener. Por eso pedimos desde el 10 de diciembre de 2019 la presencia de la gendarmer\u00eda en la provincia de Buenos Aires\u201d, coment\u00f3 Berni.<\/p>\n\n\n\n<p>BERNI NO VA A DENUNCIAR A QUIENES LE PEGARON<\/p>\n\n\n\n<p>El ministro hizo referencia ante la prensa que no quiere iniciar acciones legales contra los choferes que le propinaron golpes: \u201cEs un hecho tr\u00e1gico que nos duele a todos, m\u00e1s que los golpes que uno recibe, m\u00e1s all\u00e1 de tener fractura de cr\u00e1neo y hundimiento de la \u00f3rbita. Ahora est\u00e1n viendo si tienen que operarme o no. No voy a denunciar a los agresores\u201d.<\/p>\n\n\n\n<p>Berni debi\u00f3 ser evacuado por efectivos de infanter\u00eda y fue retirado del lugar contra su propia voluntad, dado que \u00e9l declar\u00f3 que quer\u00eda quedarse para solucionar las disputas.<\/p>\n\n\n\n<figure class=\"wp-block-image size-large is-resized\"><a href=\"https:\/\/cvinoticias.com\/wp-content\/uploads\/2023\/04\/agresion-berni-crimen-colectivero-abril-2023.jpg\"><img decoding=\"async\" data-src=\"https:\/\/cvinoticias.com\/wp-content\/uploads\/2023\/04\/agresion-berni-crimen-colectivero-abril-2023-1024x576.jpg\" alt=\"\" class=\"wp-image-23767 lazyload\" width=\"794\" height=\"447\" data-srcset=\"https:\/\/cvinoticias.com\/wp-content\/uploads\/2023\/04\/agresion-berni-crimen-colectivero-abril-2023-1024x576.jpg 1024w, https:\/\/cvinoticias.com\/wp-content\/uploads\/2023\/04\/agresion-berni-crimen-colectivero-abril-2023-300x169.jpg 300w, https:\/\/cvinoticias.com\/wp-content\/uploads\/2023\/04\/agresion-berni-crimen-colectivero-abril-2023-768x432.jpg 768w, https:\/\/cvinoticias.com\/wp-content\/uploads\/2023\/04\/agresion-berni-crimen-colectivero-abril-2023.jpg 1200w\" data-sizes=\"(max-width: 794px) 100vw, 794px\" src=\"data:image\/svg+xml;base64,PHN2ZyB3aWR0aD0iMSIgaGVpZ2h0PSIxIiB4bWxucz0iaHR0cDovL3d3dy53My5vcmcvMjAwMC9zdmciPjwvc3ZnPg==\" style=\"--smush-placeholder-width: 794px; --smush-placeholder-aspect-ratio: 794\/447;\" \/><\/a><\/figure>\n","protected":false},"excerpt":{"rendered":"<p>Lo que tengo que hacer es duplicar los esfuerzos\u201d, agreg\u00f3 el ministro de Seguridad, que debi\u00f3 ser atendido en el Hospital Churruca por los golpes que recibi\u00f3. El ministro de Seguridad de la Naci\u00f3n, Sergio Berni, fue increpado y golpeado este lunes por la ma\u00f1ana durante una protesta de choferes de colectivos de la L\u00ednea [&hellip;]<\/p>\n","protected":false},"author":2,"featured_media":23765,"comment_status":"open","ping_status":"open","sticky":false,"template":"","format":"standard","meta":{"footnotes":""},"categories":[39],"tags":[],"class_list":["post-23764","post","type-post","status-publish","format-standard","has-post-thumbnail","hentry","category-nacionales"],"yoast_head":"<!-- This site is optimized with the Yoast SEO plugin v27.5 - https:\/\/yoast.com\/product\/yoast-seo-wordpress\/ -->\n<title>Sergio Berni asegur\u00f3 que no piensa renunciar: \u201cPara un soldado hay dos cosas que no son opci\u00f3n, rendirse y escaparse\u201d. | CVI NOTICIAS<\/title>\n<meta name=\"robots\" content=\"index, follow, max-snippet:-1, max-image-preview:large, max-video-preview:-1\" \/>\n<link rel=\"canonical\" href=\"https:\/\/cvinoticias.com\/v3\/sergio-berni-aseguro-que-no-piensa-renunciar-para-un-soldado-hay-dos-cosas-que-no-son-opcion-rendirse-y-escaparse\/\" \/>\n<meta property=\"og:locale\" content=\"es_ES\" \/>\n<meta property=\"og:type\" content=\"article\" \/>\n<meta property=\"og:title\" content=\"Sergio Berni asegur\u00f3 que no piensa renunciar: \u201cPara un soldado hay dos cosas que no son opci\u00f3n, rendirse y escaparse\u201d. | CVI NOTICIAS\" \/>\n<meta property=\"og:description\" content=\"Lo que tengo que hacer es duplicar los esfuerzos\u201d, agreg\u00f3 el ministro de Seguridad, que debi\u00f3 ser atendido en el Hospital Churruca por los golpes que recibi\u00f3. El ministro de Seguridad de la Naci\u00f3n, Sergio Berni, fue increpado y golpeado este lunes por la ma\u00f1ana durante una protesta de choferes de colectivos de la L\u00ednea [&hellip;]\" \/>\n<meta property=\"og:url\" content=\"https:\/\/cvinoticias.com\/v3\/sergio-berni-aseguro-que-no-piensa-renunciar-para-un-soldado-hay-dos-cosas-que-no-son-opcion-rendirse-y-escaparse\/\" \/>\n<meta property=\"og:site_name\" content=\"CVI NOTICIAS\" \/>\n<meta property=\"article:publisher\" content=\"https:\/\/www.facebook.com\/cvinoticias\" \/>\n<meta property=\"article:published_time\" content=\"2023-04-04T10:37:50+00:00\" \/>\n<meta property=\"og:image\" content=\"https:\/\/cvinoticias.com\/wp-content\/uploads\/2023\/04\/FszKyqOXoAMElny.jpg\" \/>\n\t<meta property=\"og:image:width\" content=\"935\" \/>\n\t<meta property=\"og:image:height\" content=\"556\" \/>\n\t<meta property=\"og:image:type\" content=\"image\/jpeg\" \/>\n<meta name=\"author\" content=\"f1000024\" \/>\n<meta name=\"twitter:card\" content=\"summary_large_image\" \/>\n<meta name=\"twitter:label1\" content=\"Escrito por\" \/>\n\t<meta name=\"twitter:data1\" content=\"f1000024\" \/>\n\t<meta name=\"twitter:label2\" content=\"Tiempo de lectura\" \/>\n\t<meta name=\"twitter:data2\" content=\"2 minutos\" \/>\n<script type=\"application\/ld+json\" class=\"yoast-schema-graph\">{\"@context\":\"https:\\\/\\\/schema.org\",\"@graph\":[{\"@type\":\"Article\",\"@id\":\"https:\\\/\\\/cvinoticias.com\\\/v3\\\/sergio-berni-aseguro-que-no-piensa-renunciar-para-un-soldado-hay-dos-cosas-que-no-son-opcion-rendirse-y-escaparse\\\/#article\",\"isPartOf\":{\"@id\":\"https:\\\/\\\/cvinoticias.com\\\/v3\\\/sergio-berni-aseguro-que-no-piensa-renunciar-para-un-soldado-hay-dos-cosas-que-no-son-opcion-rendirse-y-escaparse\\\/\"},\"author\":{\"name\":\"f1000024\",\"@id\":\"https:\\\/\\\/cvinoticias.com\\\/v3\\\/#\\\/schema\\\/person\\\/2db77e3c6bc03c538495d7b2b8be9b66\"},\"headline\":\"Sergio Berni asegur\u00f3 que no piensa renunciar: \u201cPara un soldado hay dos cosas que no son opci\u00f3n, rendirse y escaparse\u201d.\",\"datePublished\":\"2023-04-04T10:37:50+00:00\",\"mainEntityOfPage\":{\"@id\":\"https:\\\/\\\/cvinoticias.com\\\/v3\\\/sergio-berni-aseguro-que-no-piensa-renunciar-para-un-soldado-hay-dos-cosas-que-no-son-opcion-rendirse-y-escaparse\\\/\"},\"wordCount\":321,\"commentCount\":0,\"publisher\":{\"@id\":\"https:\\\/\\\/cvinoticias.com\\\/v3\\\/#organization\"},\"image\":{\"@id\":\"https:\\\/\\\/cvinoticias.com\\\/v3\\\/sergio-berni-aseguro-que-no-piensa-renunciar-para-un-soldado-hay-dos-cosas-que-no-son-opcion-rendirse-y-escaparse\\\/#primaryimage\"},\"thumbnailUrl\":\"https:\\\/\\\/cvinoticias.com\\\/wp-content\\\/uploads\\\/2023\\\/04\\\/FszKyqOXoAMElny.jpg\",\"articleSection\":[\"Nacionales\"],\"inLanguage\":\"es\",\"potentialAction\":[{\"@type\":\"CommentAction\",\"name\":\"Comment\",\"target\":[\"https:\\\/\\\/cvinoticias.com\\\/v3\\\/sergio-berni-aseguro-que-no-piensa-renunciar-para-un-soldado-hay-dos-cosas-que-no-son-opcion-rendirse-y-escaparse\\\/#respond\"]}]},{\"@type\":\"WebPage\",\"@id\":\"https:\\\/\\\/cvinoticias.com\\\/v3\\\/sergio-berni-aseguro-que-no-piensa-renunciar-para-un-soldado-hay-dos-cosas-que-no-son-opcion-rendirse-y-escaparse\\\/\",\"url\":\"https:\\\/\\\/cvinoticias.com\\\/v3\\\/sergio-berni-aseguro-que-no-piensa-renunciar-para-un-soldado-hay-dos-cosas-que-no-son-opcion-rendirse-y-escaparse\\\/\",\"name\":\"Sergio Berni asegur\u00f3 que no piensa renunciar: \u201cPara un soldado hay dos cosas que no son opci\u00f3n, rendirse y escaparse\u201d. | CVI NOTICIAS\",\"isPartOf\":{\"@id\":\"https:\\\/\\\/cvinoticias.com\\\/v3\\\/#website\"},\"primaryImageOfPage\":{\"@id\":\"https:\\\/\\\/cvinoticias.com\\\/v3\\\/sergio-berni-aseguro-que-no-piensa-renunciar-para-un-soldado-hay-dos-cosas-que-no-son-opcion-rendirse-y-escaparse\\\/#primaryimage\"},\"image\":{\"@id\":\"https:\\\/\\\/cvinoticias.com\\\/v3\\\/sergio-berni-aseguro-que-no-piensa-renunciar-para-un-soldado-hay-dos-cosas-que-no-son-opcion-rendirse-y-escaparse\\\/#primaryimage\"},\"thumbnailUrl\":\"https:\\\/\\\/cvinoticias.com\\\/wp-content\\\/uploads\\\/2023\\\/04\\\/FszKyqOXoAMElny.jpg\",\"datePublished\":\"2023-04-04T10:37:50+00:00\",\"breadcrumb\":{\"@id\":\"https:\\\/\\\/cvinoticias.com\\\/v3\\\/sergio-berni-aseguro-que-no-piensa-renunciar-para-un-soldado-hay-dos-cosas-que-no-son-opcion-rendirse-y-escaparse\\\/#breadcrumb\"},\"inLanguage\":\"es\",\"potentialAction\":[{\"@type\":\"ReadAction\",\"target\":[\"https:\\\/\\\/cvinoticias.com\\\/v3\\\/sergio-berni-aseguro-que-no-piensa-renunciar-para-un-soldado-hay-dos-cosas-que-no-son-opcion-rendirse-y-escaparse\\\/\"]}]},{\"@type\":\"ImageObject\",\"inLanguage\":\"es\",\"@id\":\"https:\\\/\\\/cvinoticias.com\\\/v3\\\/sergio-berni-aseguro-que-no-piensa-renunciar-para-un-soldado-hay-dos-cosas-que-no-son-opcion-rendirse-y-escaparse\\\/#primaryimage\",\"url\":\"https:\\\/\\\/cvinoticias.com\\\/wp-content\\\/uploads\\\/2023\\\/04\\\/FszKyqOXoAMElny.jpg\",\"contentUrl\":\"https:\\\/\\\/cvinoticias.com\\\/wp-content\\\/uploads\\\/2023\\\/04\\\/FszKyqOXoAMElny.jpg\",\"width\":935,\"height\":556},{\"@type\":\"BreadcrumbList\",\"@id\":\"https:\\\/\\\/cvinoticias.com\\\/v3\\\/sergio-berni-aseguro-que-no-piensa-renunciar-para-un-soldado-hay-dos-cosas-que-no-son-opcion-rendirse-y-escaparse\\\/#breadcrumb\",\"itemListElement\":[{\"@type\":\"ListItem\",\"position\":1,\"name\":\"Portada\",\"item\":\"https:\\\/\\\/cvinoticias.com\\\/v3\\\/\"},{\"@type\":\"ListItem\",\"position\":2,\"name\":\"Sergio Berni asegur\u00f3 que no piensa renunciar: \u201cPara un soldado hay dos cosas que no son opci\u00f3n, rendirse y escaparse\u201d.\"}]},{\"@type\":\"WebSite\",\"@id\":\"https:\\\/\\\/cvinoticias.com\\\/v3\\\/#website\",\"url\":\"https:\\\/\\\/cvinoticias.com\\\/v3\\\/\",\"name\":\"CVI NOTICIAS\",\"description\":\"\",\"publisher\":{\"@id\":\"https:\\\/\\\/cvinoticias.com\\\/v3\\\/#organization\"},\"alternateName\":\"CVI\",\"potentialAction\":[{\"@type\":\"SearchAction\",\"target\":{\"@type\":\"EntryPoint\",\"urlTemplate\":\"https:\\\/\\\/cvinoticias.com\\\/v3\\\/?s={search_term_string}\"},\"query-input\":{\"@type\":\"PropertyValueSpecification\",\"valueRequired\":true,\"valueName\":\"search_term_string\"}}],\"inLanguage\":\"es\"},{\"@type\":\"Organization\",\"@id\":\"https:\\\/\\\/cvinoticias.com\\\/v3\\\/#organization\",\"name\":\"CVI NOTICIAS\",\"url\":\"https:\\\/\\\/cvinoticias.com\\\/v3\\\/\",\"logo\":{\"@type\":\"ImageObject\",\"inLanguage\":\"es\",\"@id\":\"https:\\\/\\\/cvinoticias.com\\\/v3\\\/#\\\/schema\\\/logo\\\/image\\\/\",\"url\":\"https:\\\/\\\/cvinoticias.com\\\/wp-content\\\/uploads\\\/2023\\\/04\\\/cropped-cropped-cropped-cropped-cropped-3-1.png\",\"contentUrl\":\"https:\\\/\\\/cvinoticias.com\\\/wp-content\\\/uploads\\\/2023\\\/04\\\/cropped-cropped-cropped-cropped-cropped-3-1.png\",\"width\":95,\"height\":122,\"caption\":\"CVI NOTICIAS\"},\"image\":{\"@id\":\"https:\\\/\\\/cvinoticias.com\\\/v3\\\/#\\\/schema\\\/logo\\\/image\\\/\"},\"sameAs\":[\"https:\\\/\\\/www.facebook.com\\\/cvinoticias\",\"https:\\\/\\\/www.instagram.com\\\/cvinoticias\\\/\",\"https:\\\/\\\/www.youtube.com\\\/@CVINOTICIAS\"]},{\"@type\":\"Person\",\"@id\":\"https:\\\/\\\/cvinoticias.com\\\/v3\\\/#\\\/schema\\\/person\\\/2db77e3c6bc03c538495d7b2b8be9b66\",\"name\":\"f1000024\",\"image\":{\"@type\":\"ImageObject\",\"inLanguage\":\"es\",\"@id\":\"https:\\\/\\\/secure.gravatar.com\\\/avatar\\\/d4fe7459cfc51ff5129ce1a732bbef5928568b8092d412ef95611616376bbeed?s=96&d=mm&r=g\",\"url\":\"https:\\\/\\\/secure.gravatar.com\\\/avatar\\\/d4fe7459cfc51ff5129ce1a732bbef5928568b8092d412ef95611616376bbeed?s=96&d=mm&r=g\",\"contentUrl\":\"https:\\\/\\\/secure.gravatar.com\\\/avatar\\\/d4fe7459cfc51ff5129ce1a732bbef5928568b8092d412ef95611616376bbeed?s=96&d=mm&r=g\",\"caption\":\"f1000024\"},\"url\":\"https:\\\/\\\/cvinoticias.com\\\/v3\\\/author\\\/f1000024\\\/\"}]}<\/script>\n<!-- \/ Yoast SEO plugin. -->","yoast_head_json":{"title":"Sergio Berni asegur\u00f3 que no piensa renunciar: \u201cPara un soldado hay dos cosas que no son opci\u00f3n, rendirse y escaparse\u201d. | CVI NOTICIAS","robots":{"index":"index","follow":"follow","max-snippet":"max-snippet:-1","max-image-preview":"max-image-preview:large","max-video-preview":"max-video-preview:-1"},"canonical":"https:\/\/cvinoticias.com\/v3\/sergio-berni-aseguro-que-no-piensa-renunciar-para-un-soldado-hay-dos-cosas-que-no-son-opcion-rendirse-y-escaparse\/","og_locale":"es_ES","og_type":"article","og_title":"Sergio Berni asegur\u00f3 que no piensa renunciar: \u201cPara un soldado hay dos cosas que no son opci\u00f3n, rendirse y escaparse\u201d. | CVI NOTICIAS","og_description":"Lo que tengo que hacer es duplicar los esfuerzos\u201d, agreg\u00f3 el ministro de Seguridad, que debi\u00f3 ser atendido en el Hospital Churruca por los golpes que recibi\u00f3. El ministro de Seguridad de la Naci\u00f3n, Sergio Berni, fue increpado y golpeado este lunes por la ma\u00f1ana durante una protesta de choferes de colectivos de la L\u00ednea [&hellip;]","og_url":"https:\/\/cvinoticias.com\/v3\/sergio-berni-aseguro-que-no-piensa-renunciar-para-un-soldado-hay-dos-cosas-que-no-son-opcion-rendirse-y-escaparse\/","og_site_name":"CVI NOTICIAS","article_publisher":"https:\/\/www.facebook.com\/cvinoticias","article_published_time":"2023-04-04T10:37:50+00:00","og_image":[{"width":935,"height":556,"url":"https:\/\/cvinoticias.com\/wp-content\/uploads\/2023\/04\/FszKyqOXoAMElny.jpg","type":"image\/jpeg"}],"author":"f1000024","twitter_card":"summary_large_image","twitter_misc":{"Escrito por":"f1000024","Tiempo de lectura":"2 minutos"},"schema":{"@context":"https:\/\/schema.org","@graph":[{"@type":"Article","@id":"https:\/\/cvinoticias.com\/v3\/sergio-berni-aseguro-que-no-piensa-renunciar-para-un-soldado-hay-dos-cosas-que-no-son-opcion-rendirse-y-escaparse\/#article","isPartOf":{"@id":"https:\/\/cvinoticias.com\/v3\/sergio-berni-aseguro-que-no-piensa-renunciar-para-un-soldado-hay-dos-cosas-que-no-son-opcion-rendirse-y-escaparse\/"},"author":{"name":"f1000024","@id":"https:\/\/cvinoticias.com\/v3\/#\/schema\/person\/2db77e3c6bc03c538495d7b2b8be9b66"},"headline":"Sergio Berni asegur\u00f3 que no piensa renunciar: \u201cPara un soldado hay dos cosas que no son opci\u00f3n, rendirse y escaparse\u201d.","datePublished":"2023-04-04T10:37:50+00:00","mainEntityOfPage":{"@id":"https:\/\/cvinoticias.com\/v3\/sergio-berni-aseguro-que-no-piensa-renunciar-para-un-soldado-hay-dos-cosas-que-no-son-opcion-rendirse-y-escaparse\/"},"wordCount":321,"commentCount":0,"publisher":{"@id":"https:\/\/cvinoticias.com\/v3\/#organization"},"image":{"@id":"https:\/\/cvinoticias.com\/v3\/sergio-berni-aseguro-que-no-piensa-renunciar-para-un-soldado-hay-dos-cosas-que-no-son-opcion-rendirse-y-escaparse\/#primaryimage"},"thumbnailUrl":"https:\/\/cvinoticias.com\/wp-content\/uploads\/2023\/04\/FszKyqOXoAMElny.jpg","articleSection":["Nacionales"],"inLanguage":"es","potentialAction":[{"@type":"CommentAction","name":"Comment","target":["https:\/\/cvinoticias.com\/v3\/sergio-berni-aseguro-que-no-piensa-renunciar-para-un-soldado-hay-dos-cosas-que-no-son-opcion-rendirse-y-escaparse\/#respond"]}]},{"@type":"WebPage","@id":"https:\/\/cvinoticias.com\/v3\/sergio-berni-aseguro-que-no-piensa-renunciar-para-un-soldado-hay-dos-cosas-que-no-son-opcion-rendirse-y-escaparse\/","url":"https:\/\/cvinoticias.com\/v3\/sergio-berni-aseguro-que-no-piensa-renunciar-para-un-soldado-hay-dos-cosas-que-no-son-opcion-rendirse-y-escaparse\/","name":"Sergio Berni asegur\u00f3 que no piensa renunciar: \u201cPara un soldado hay dos cosas que no son opci\u00f3n, rendirse y escaparse\u201d. | CVI NOTICIAS","isPartOf":{"@id":"https:\/\/cvinoticias.com\/v3\/#website"},"primaryImageOfPage":{"@id":"https:\/\/cvinoticias.com\/v3\/sergio-berni-aseguro-que-no-piensa-renunciar-para-un-soldado-hay-dos-cosas-que-no-son-opcion-rendirse-y-escaparse\/#primaryimage"},"image":{"@id":"https:\/\/cvinoticias.com\/v3\/sergio-berni-aseguro-que-no-piensa-renunciar-para-un-soldado-hay-dos-cosas-que-no-son-opcion-rendirse-y-escaparse\/#primaryimage"},"thumbnailUrl":"https:\/\/cvinoticias.com\/wp-content\/uploads\/2023\/04\/FszKyqOXoAMElny.jpg","datePublished":"2023-04-04T10:37:50+00:00","breadcrumb":{"@id":"https:\/\/cvinoticias.com\/v3\/sergio-berni-aseguro-que-no-piensa-renunciar-para-un-soldado-hay-dos-cosas-que-no-son-opcion-rendirse-y-escaparse\/#breadcrumb"},"inLanguage":"es","potentialAction":[{"@type":"ReadAction","target":["https:\/\/cvinoticias.com\/v3\/sergio-berni-aseguro-que-no-piensa-renunciar-para-un-soldado-hay-dos-cosas-que-no-son-opcion-rendirse-y-escaparse\/"]}]},{"@type":"ImageObject","inLanguage":"es","@id":"https:\/\/cvinoticias.com\/v3\/sergio-berni-aseguro-que-no-piensa-renunciar-para-un-soldado-hay-dos-cosas-que-no-son-opcion-rendirse-y-escaparse\/#primaryimage","url":"https:\/\/cvinoticias.com\/wp-content\/uploads\/2023\/04\/FszKyqOXoAMElny.jpg","contentUrl":"https:\/\/cvinoticias.com\/wp-content\/uploads\/2023\/04\/FszKyqOXoAMElny.jpg","width":935,"height":556},{"@type":"BreadcrumbList","@id":"https:\/\/cvinoticias.com\/v3\/sergio-berni-aseguro-que-no-piensa-renunciar-para-un-soldado-hay-dos-cosas-que-no-son-opcion-rendirse-y-escaparse\/#breadcrumb","itemListElement":[{"@type":"ListItem","position":1,"name":"Portada","item":"https:\/\/cvinoticias.com\/v3\/"},{"@type":"ListItem","position":2,"name":"Sergio Berni asegur\u00f3 que no piensa renunciar: \u201cPara un soldado hay dos cosas que no son opci\u00f3n, rendirse y escaparse\u201d."}]},{"@type":"WebSite","@id":"https:\/\/cvinoticias.com\/v3\/#website","url":"https:\/\/cvinoticias.com\/v3\/","name":"CVI NOTICIAS","description":"","publisher":{"@id":"https:\/\/cvinoticias.com\/v3\/#organization"},"alternateName":"CVI","potentialAction":[{"@type":"SearchAction","target":{"@type":"EntryPoint","urlTemplate":"https:\/\/cvinoticias.com\/v3\/?s={search_term_string}"},"query-input":{"@type":"PropertyValueSpecification","valueRequired":true,"valueName":"search_term_string"}}],"inLanguage":"es"},{"@type":"Organization","@id":"https:\/\/cvinoticias.com\/v3\/#organization","name":"CVI NOTICIAS","url":"https:\/\/cvinoticias.com\/v3\/","logo":{"@type":"ImageObject","inLanguage":"es","@id":"https:\/\/cvinoticias.com\/v3\/#\/schema\/logo\/image\/","url":"https:\/\/cvinoticias.com\/wp-content\/uploads\/2023\/04\/cropped-cropped-cropped-cropped-cropped-3-1.png","contentUrl":"https:\/\/cvinoticias.com\/wp-content\/uploads\/2023\/04\/cropped-cropped-cropped-cropped-cropped-3-1.png","width":95,"height":122,"caption":"CVI NOTICIAS"},"image":{"@id":"https:\/\/cvinoticias.com\/v3\/#\/schema\/logo\/image\/"},"sameAs":["https:\/\/www.facebook.com\/cvinoticias","https:\/\/www.instagram.com\/cvinoticias\/","https:\/\/www.youtube.com\/@CVINOTICIAS"]},{"@type":"Person","@id":"https:\/\/cvinoticias.com\/v3\/#\/schema\/person\/2db77e3c6bc03c538495d7b2b8be9b66","name":"f1000024","image":{"@type":"ImageObject","inLanguage":"es","@id":"https:\/\/secure.gravatar.com\/avatar\/d4fe7459cfc51ff5129ce1a732bbef5928568b8092d412ef95611616376bbeed?s=96&d=mm&r=g","url":"https:\/\/secure.gravatar.com\/avatar\/d4fe7459cfc51ff5129ce1a732bbef5928568b8092d412ef95611616376bbeed?s=96&d=mm&r=g","contentUrl":"https:\/\/secure.gravatar.com\/avatar\/d4fe7459cfc51ff5129ce1a732bbef5928568b8092d412ef95611616376bbeed?s=96&d=mm&r=g","caption":"f1000024"},"url":"https:\/\/cvinoticias.com\/v3\/author\/f1000024\/"}]}},"_links":{"self":[{"href":"https:\/\/cvinoticias.com\/v3\/wp-json\/wp\/v2\/posts\/23764","targetHints":{"allow":["GET"]}}],"collection":[{"href":"https:\/\/cvinoticias.com\/v3\/wp-json\/wp\/v2\/posts"}],"about":[{"href":"https:\/\/cvinoticias.com\/v3\/wp-json\/wp\/v2\/types\/post"}],"author":[{"embeddable":true,"href":"https:\/\/cvinoticias.com\/v3\/wp-json\/wp\/v2\/users\/2"}],"replies":[{"embeddable":true,"href":"https:\/\/cvinoticias.com\/v3\/wp-json\/wp\/v2\/comments?post=23764"}],"version-history":[{"count":1,"href":"https:\/\/cvinoticias.com\/v3\/wp-json\/wp\/v2\/posts\/23764\/revisions"}],"predecessor-version":[{"id":23768,"href":"https:\/\/cvinoticias.com\/v3\/wp-json\/wp\/v2\/posts\/23764\/revisions\/23768"}],"wp:featuredmedia":[{"embeddable":true,"href":"https:\/\/cvinoticias.com\/v3\/wp-json\/wp\/v2\/media\/23765"}],"wp:attachment":[{"href":"https:\/\/cvinoticias.com\/v3\/wp-json\/wp\/v2\/media?parent=23764"}],"wp:term":[{"taxonomy":"category","embeddable":true,"href":"https:\/\/cvinoticias.com\/v3\/wp-json\/wp\/v2\/categories?post=23764"},{"taxonomy":"post_tag","embeddable":true,"href":"https:\/\/cvinoticias.com\/v3\/wp-json\/wp\/v2\/tags?post=23764"}],"curies":[{"name":"wp","href":"https:\/\/api.w.org\/{rel}","templated":true}]}}