{"id":2374,"date":"2021-02-04T12:52:48","date_gmt":"2021-02-04T12:52:48","guid":{"rendered":"https:\/\/cvinoticias.com\/v3\/?p=2374"},"modified":"2021-02-04T12:56:45","modified_gmt":"2021-02-04T12:56:45","slug":"el-gobierno-propuso-un-basico-docente-de-13-150-pesos-y-un-minimo-de-36-000","status":"publish","type":"post","link":"https:\/\/cvinoticias.com\/v3\/el-gobierno-propuso-un-basico-docente-de-13-150-pesos-y-un-minimo-de-36-000\/","title":{"rendered":"El Gobierno propuso un b\u00e1sico docente de 13.150 pesos y un m\u00ednimo de 36.000"},"content":{"rendered":"\n<p><strong><em>La Mesa de Di\u00e1logo tuvo su primera reuni\u00f3n ayer con los representantes de los gremios UDPM, UDA, SEMAB-CEA, AMET y SIDEP. Los docentes esperan avanzar en una propuesta superadora. Pasaron a cuarto intermedio para el pr\u00f3ximo mi\u00e9rcoles<\/em><\/strong><\/p>\n\n\n\n<p>El pr\u00f3ximo mi\u00e9rcoles volver\u00e1n a reunirse las autoridades educativas provinciales con los representantes de los sindicatos UDPM, UDA, SEMAB-CEA, AMET y SIDEP. De momento, la Mesa de Di\u00e1logo y Comunicaci\u00f3n Docente pas\u00f3 a un cuarto intermedio,&nbsp;luego de presentarse la propuesta por parte del Gobierno provincial de un 20% de aumento y escuchar los planteos de los frentes gremiales. Para la pr\u00f3xima semana, esperan una propuesta superadora.<\/p>\n\n\n\n<p>La secretaria general de SEMAB-CEA, Mariana Lescaffette, se\u00f1al\u00f3 que \u201cla propuesta del Gobierno es un b\u00e1sico de 13.150,77 pesos y un m\u00ednimo de 36.000 pesos.&nbsp;Ratificamos nuestra propuesta que iniciamos en octubre de 2020 de un m\u00ednimo salarial acorde al costo de vida establecido por el INDEC -y a\u00fan mayor por el IPECque es de 54.208 pesos definido en diciembre. Ning\u00fan maestro, a\u00fan con m\u00e1xima antig\u00fcedad en Misiones, est\u00e1 hoy por encima de la l\u00ednea de pobreza\u201d.<\/p>\n\n\n\n<p>Asimismo, aclar\u00f3 que \u201ces un proceso de construcci\u00f3n salarial que venimos desde hace a\u00f1os atrasados, en cuanto al b\u00e1sico, sobre todo en los trabajadores del Nivel Inicial y primario, conformado por un cargo testigo\u201d.<\/p>\n\n\n\n<p>Desde SEMAB-CEA plantearon \u201cel incremento del adicional 923 de 446 puntos \u00edndices, que va a lograr que el maestro de grado se acerque a la cifra de la canasta b\u00e1sica. Adem\u00e1s, de un b\u00e1sico de 26.822 pesos\u201d.<\/p>\n\n\n\n<p>Lescaffette precis\u00f3 adem\u00e1s que \u201ca pesar de que hubo la voluntad de mejorar el salario docente, todav\u00eda estamos muy por debajo y las necesidades son para los trabajadores que menos ganan.&nbsp;Los otros sectores ya han negociado un m\u00ednimo salarial, como en el caso de un agente policial, que lleg\u00f3 a los 58 mil pesos y no puede ser que un maestro no pueda pasar los 36 mil pesos, seg\u00fan lo que propone el Gobierno\u201d.<\/p>\n\n\n\n<p>M\u00e1s all\u00e1 de lo salarial, indic\u00f3 que \u201cest\u00e1n dadas las condiciones presupuestarias para garantizar que las 2.500 unidades escolares est\u00e9n listas porque est\u00e1n llegando recursos en concepto de financiamiento educativo desde Naci\u00f3n\u201c.<\/p>\n\n\n\n<p>\u201cSe exigi\u00f3 tambi\u00e9n que garanticen las condiciones laborales docentes y carga horaria en la bimodalidad, as\u00ed como tambi\u00e9n se invierta en capacitaci\u00f3n y formaci\u00f3n docente en alfabetizaci\u00f3n digital en todos los niveles, junto con designaci\u00f3n de suplentes y continuidad autom\u00e1tica en casos excepcionales de patolog\u00edas graves del titular\u201d, continu\u00f3.<\/p>\n\n\n\n<p>Por su parte, el secretario general de AMET, Carlos Castro, expres\u00f3 que \u201ccada organizaci\u00f3n sindical realiz\u00f3 su planteo. Buscamos que lo que se otorgue como incremento sea obviamente remunerativo y bonificable, en blanco, que mayormente vaya al b\u00e1sico.&nbsp;En el caso del b\u00e1sico, lo que pedimos como suma es 13.750 pesos que corresponde al 50% del m\u00ednimo nacional docente establecido el a\u00f1o pasado en paritaria nacional\u201d.<\/p>\n\n\n\n<p>Respecto a la Mesa de Di\u00e1logo, remarc\u00f3 que \u201clo que se hizo es recepcionar esto del 20% y suponemos que tendr\u00edamos una contrapropuesta mejorada, teniendo en cuenta lo expuesto por cada gremio, donde los pedidos son extensos. No tenemos definiciones porque se trata de una primera reuni\u00f3n, un comienzo de la discusi\u00f3n.&nbsp;El compromiso del gobierno es analizar los pedidos y se destacar\u00e1n los puntos coincidentes entre las organizaciones sindicales\u201d.<\/p>\n\n\n\n<ul class=\"wp-block-list\"><li>Un impacto no muy positivo<\/li><\/ul>\n\n\n\n<p>La secretaria general de UDA Misiones, Mirta Chemes, cont\u00f3 que en la Mesa de Di\u00e1logo \u201cplantearon este 20% anunciado por el gobernador provincial. Sabemos que no impacta de manera muy positiva en el salario docente.&nbsp;Desde UDA planteamos trabajar sobre los adicionales remunerativos y bonificables, en blanco, para que la pir\u00e1mide que hoy est\u00e1 en 11 a\u00f1os pueda bajar a los siete a\u00f1os\u201d.<\/p>\n\n\n\n<p>De momento, \u201chubo el compromiso de hacer las simulaciones y de ver las propuestas de cada gremio\u201d. En este sentido, \u201cel b\u00e1sico, debe ser el 60% del m\u00ednimo reconocido en la provincia que actualmente est\u00e1 en 30 mil pesos. Hablamos de un m\u00ednimo de 36 mil pesos, seg\u00fan lo que ya se plante\u00f3 por el Gobierno\u201d.<\/p>\n\n\n\n<p>Chemes detall\u00f3 que \u201ctambi\u00e9n planteamos los problemas de docentes con los cargos testigo, que no cobran el 100% del segundo cargo; el aumento de las asignaciones familiares; modificar el adicional del pasaje con el precio de la nafta; hay un tope jubilatorio y tenemos varios directores de escuela que no reciben el mismo porcentaje en recomposici\u00f3n salarial que los activos; adem\u00e1s de los docentes suplentes que dejan de cobrar sus sueldos en vacaciones\u201d.<\/p>\n\n\n\n<p>Fuente: Primera Edici\u00f3n<\/p>\n","protected":false},"excerpt":{"rendered":"<p>La Mesa de Di\u00e1logo tuvo su primera reuni\u00f3n ayer con los representantes de los gremios UDPM, UDA, SEMAB-CEA, AMET y SIDEP. Los docentes esperan avanzar en una propuesta superadora. Pasaron a cuarto intermedio para el pr\u00f3ximo mi\u00e9rcoles El pr\u00f3ximo mi\u00e9rcoles volver\u00e1n a reunirse las autoridades educativas provinciales con los representantes de los sindicatos UDPM, UDA, [&hellip;]<\/p>\n","protected":false},"author":2,"featured_media":2375,"comment_status":"open","ping_status":"open","sticky":false,"template":"","format":"standard","meta":{"footnotes":""},"categories":[35],"tags":[],"class_list":["post-2374","post","type-post","status-publish","format-standard","has-post-thumbnail","hentry","category-informacion-general"],"yoast_head":"<!-- This site is optimized with the Yoast SEO plugin v27.4 - https:\/\/yoast.com\/product\/yoast-seo-wordpress\/ -->\n<title>El Gobierno propuso un b\u00e1sico docente de 13.150 pesos y un m\u00ednimo de 36.000 | CVI NOTICIAS<\/title>\n<meta name=\"robots\" content=\"index, follow, max-snippet:-1, max-image-preview:large, max-video-preview:-1\" \/>\n<link rel=\"canonical\" href=\"https:\/\/cvinoticias.com\/v3\/el-gobierno-propuso-un-basico-docente-de-13-150-pesos-y-un-minimo-de-36-000\/\" \/>\n<meta property=\"og:locale\" content=\"es_ES\" \/>\n<meta property=\"og:type\" content=\"article\" \/>\n<meta property=\"og:title\" content=\"El Gobierno propuso un b\u00e1sico docente de 13.150 pesos y un m\u00ednimo de 36.000 | CVI NOTICIAS\" \/>\n<meta property=\"og:description\" content=\"La Mesa de Di\u00e1logo tuvo su primera reuni\u00f3n ayer con los representantes de los gremios UDPM, UDA, SEMAB-CEA, AMET y SIDEP. Los docentes esperan avanzar en una propuesta superadora. Pasaron a cuarto intermedio para el pr\u00f3ximo mi\u00e9rcoles El pr\u00f3ximo mi\u00e9rcoles volver\u00e1n a reunirse las autoridades educativas provinciales con los representantes de los sindicatos UDPM, UDA, [&hellip;]\" \/>\n<meta property=\"og:url\" content=\"https:\/\/cvinoticias.com\/v3\/el-gobierno-propuso-un-basico-docente-de-13-150-pesos-y-un-minimo-de-36-000\/\" \/>\n<meta property=\"og:site_name\" content=\"CVI NOTICIAS\" \/>\n<meta property=\"article:publisher\" content=\"https:\/\/www.facebook.com\/cvinoticias\" \/>\n<meta property=\"article:published_time\" content=\"2021-02-04T12:52:48+00:00\" \/>\n<meta property=\"article:modified_time\" content=\"2021-02-04T12:56:45+00:00\" \/>\n<meta property=\"og:image\" content=\"https:\/\/cvinoticias.com\/wp-content\/uploads\/2021\/02\/descarga-2.jpeg\" \/>\n\t<meta property=\"og:image:width\" content=\"296\" \/>\n\t<meta property=\"og:image:height\" content=\"170\" \/>\n\t<meta property=\"og:image:type\" content=\"image\/jpeg\" \/>\n<meta name=\"author\" content=\"f1000024\" \/>\n<meta name=\"twitter:card\" content=\"summary_large_image\" \/>\n<meta name=\"twitter:label1\" content=\"Escrito por\" \/>\n\t<meta name=\"twitter:data1\" content=\"f1000024\" \/>\n\t<meta name=\"twitter:label2\" content=\"Tiempo de lectura\" \/>\n\t<meta name=\"twitter:data2\" content=\"4 minutos\" \/>\n<script type=\"application\/ld+json\" class=\"yoast-schema-graph\">{\"@context\":\"https:\\\/\\\/schema.org\",\"@graph\":[{\"@type\":\"Article\",\"@id\":\"https:\\\/\\\/cvinoticias.com\\\/v3\\\/el-gobierno-propuso-un-basico-docente-de-13-150-pesos-y-un-minimo-de-36-000\\\/#article\",\"isPartOf\":{\"@id\":\"https:\\\/\\\/cvinoticias.com\\\/v3\\\/el-gobierno-propuso-un-basico-docente-de-13-150-pesos-y-un-minimo-de-36-000\\\/\"},\"author\":{\"name\":\"f1000024\",\"@id\":\"https:\\\/\\\/cvinoticias.com\\\/v3\\\/#\\\/schema\\\/person\\\/2db77e3c6bc03c538495d7b2b8be9b66\"},\"headline\":\"El Gobierno propuso un b\u00e1sico docente de 13.150 pesos y un m\u00ednimo de 36.000\",\"datePublished\":\"2021-02-04T12:52:48+00:00\",\"dateModified\":\"2021-02-04T12:56:45+00:00\",\"mainEntityOfPage\":{\"@id\":\"https:\\\/\\\/cvinoticias.com\\\/v3\\\/el-gobierno-propuso-un-basico-docente-de-13-150-pesos-y-un-minimo-de-36-000\\\/\"},\"wordCount\":809,\"commentCount\":0,\"publisher\":{\"@id\":\"https:\\\/\\\/cvinoticias.com\\\/v3\\\/#organization\"},\"image\":{\"@id\":\"https:\\\/\\\/cvinoticias.com\\\/v3\\\/el-gobierno-propuso-un-basico-docente-de-13-150-pesos-y-un-minimo-de-36-000\\\/#primaryimage\"},\"thumbnailUrl\":\"https:\\\/\\\/cvinoticias.com\\\/wp-content\\\/uploads\\\/2021\\\/02\\\/descarga-2.jpeg\",\"articleSection\":[\"Informaci\u00f3n General\"],\"inLanguage\":\"es\",\"potentialAction\":[{\"@type\":\"CommentAction\",\"name\":\"Comment\",\"target\":[\"https:\\\/\\\/cvinoticias.com\\\/v3\\\/el-gobierno-propuso-un-basico-docente-de-13-150-pesos-y-un-minimo-de-36-000\\\/#respond\"]}]},{\"@type\":\"WebPage\",\"@id\":\"https:\\\/\\\/cvinoticias.com\\\/v3\\\/el-gobierno-propuso-un-basico-docente-de-13-150-pesos-y-un-minimo-de-36-000\\\/\",\"url\":\"https:\\\/\\\/cvinoticias.com\\\/v3\\\/el-gobierno-propuso-un-basico-docente-de-13-150-pesos-y-un-minimo-de-36-000\\\/\",\"name\":\"El Gobierno propuso un b\u00e1sico docente de 13.150 pesos y un m\u00ednimo de 36.000 | CVI NOTICIAS\",\"isPartOf\":{\"@id\":\"https:\\\/\\\/cvinoticias.com\\\/v3\\\/#website\"},\"primaryImageOfPage\":{\"@id\":\"https:\\\/\\\/cvinoticias.com\\\/v3\\\/el-gobierno-propuso-un-basico-docente-de-13-150-pesos-y-un-minimo-de-36-000\\\/#primaryimage\"},\"image\":{\"@id\":\"https:\\\/\\\/cvinoticias.com\\\/v3\\\/el-gobierno-propuso-un-basico-docente-de-13-150-pesos-y-un-minimo-de-36-000\\\/#primaryimage\"},\"thumbnailUrl\":\"https:\\\/\\\/cvinoticias.com\\\/wp-content\\\/uploads\\\/2021\\\/02\\\/descarga-2.jpeg\",\"datePublished\":\"2021-02-04T12:52:48+00:00\",\"dateModified\":\"2021-02-04T12:56:45+00:00\",\"breadcrumb\":{\"@id\":\"https:\\\/\\\/cvinoticias.com\\\/v3\\\/el-gobierno-propuso-un-basico-docente-de-13-150-pesos-y-un-minimo-de-36-000\\\/#breadcrumb\"},\"inLanguage\":\"es\",\"potentialAction\":[{\"@type\":\"ReadAction\",\"target\":[\"https:\\\/\\\/cvinoticias.com\\\/v3\\\/el-gobierno-propuso-un-basico-docente-de-13-150-pesos-y-un-minimo-de-36-000\\\/\"]}]},{\"@type\":\"ImageObject\",\"inLanguage\":\"es\",\"@id\":\"https:\\\/\\\/cvinoticias.com\\\/v3\\\/el-gobierno-propuso-un-basico-docente-de-13-150-pesos-y-un-minimo-de-36-000\\\/#primaryimage\",\"url\":\"https:\\\/\\\/cvinoticias.com\\\/wp-content\\\/uploads\\\/2021\\\/02\\\/descarga-2.jpeg\",\"contentUrl\":\"https:\\\/\\\/cvinoticias.com\\\/wp-content\\\/uploads\\\/2021\\\/02\\\/descarga-2.jpeg\",\"width\":296,\"height\":170},{\"@type\":\"BreadcrumbList\",\"@id\":\"https:\\\/\\\/cvinoticias.com\\\/v3\\\/el-gobierno-propuso-un-basico-docente-de-13-150-pesos-y-un-minimo-de-36-000\\\/#breadcrumb\",\"itemListElement\":[{\"@type\":\"ListItem\",\"position\":1,\"name\":\"Portada\",\"item\":\"https:\\\/\\\/cvinoticias.com\\\/v3\\\/\"},{\"@type\":\"ListItem\",\"position\":2,\"name\":\"El Gobierno propuso un b\u00e1sico docente de 13.150 pesos y un m\u00ednimo de 36.000\"}]},{\"@type\":\"WebSite\",\"@id\":\"https:\\\/\\\/cvinoticias.com\\\/v3\\\/#website\",\"url\":\"https:\\\/\\\/cvinoticias.com\\\/v3\\\/\",\"name\":\"CVI NOTICIAS\",\"description\":\"\",\"publisher\":{\"@id\":\"https:\\\/\\\/cvinoticias.com\\\/v3\\\/#organization\"},\"alternateName\":\"CVI\",\"potentialAction\":[{\"@type\":\"SearchAction\",\"target\":{\"@type\":\"EntryPoint\",\"urlTemplate\":\"https:\\\/\\\/cvinoticias.com\\\/v3\\\/?s={search_term_string}\"},\"query-input\":{\"@type\":\"PropertyValueSpecification\",\"valueRequired\":true,\"valueName\":\"search_term_string\"}}],\"inLanguage\":\"es\"},{\"@type\":\"Organization\",\"@id\":\"https:\\\/\\\/cvinoticias.com\\\/v3\\\/#organization\",\"name\":\"CVI NOTICIAS\",\"url\":\"https:\\\/\\\/cvinoticias.com\\\/v3\\\/\",\"logo\":{\"@type\":\"ImageObject\",\"inLanguage\":\"es\",\"@id\":\"https:\\\/\\\/cvinoticias.com\\\/v3\\\/#\\\/schema\\\/logo\\\/image\\\/\",\"url\":\"https:\\\/\\\/cvinoticias.com\\\/wp-content\\\/uploads\\\/2023\\\/04\\\/cropped-cropped-cropped-cropped-cropped-3-1.png\",\"contentUrl\":\"https:\\\/\\\/cvinoticias.com\\\/wp-content\\\/uploads\\\/2023\\\/04\\\/cropped-cropped-cropped-cropped-cropped-3-1.png\",\"width\":95,\"height\":122,\"caption\":\"CVI NOTICIAS\"},\"image\":{\"@id\":\"https:\\\/\\\/cvinoticias.com\\\/v3\\\/#\\\/schema\\\/logo\\\/image\\\/\"},\"sameAs\":[\"https:\\\/\\\/www.facebook.com\\\/cvinoticias\",\"https:\\\/\\\/www.instagram.com\\\/cvinoticias\\\/\",\"https:\\\/\\\/www.youtube.com\\\/@CVINOTICIAS\"]},{\"@type\":\"Person\",\"@id\":\"https:\\\/\\\/cvinoticias.com\\\/v3\\\/#\\\/schema\\\/person\\\/2db77e3c6bc03c538495d7b2b8be9b66\",\"name\":\"f1000024\",\"image\":{\"@type\":\"ImageObject\",\"inLanguage\":\"es\",\"@id\":\"https:\\\/\\\/secure.gravatar.com\\\/avatar\\\/d4fe7459cfc51ff5129ce1a732bbef5928568b8092d412ef95611616376bbeed?s=96&d=mm&r=g\",\"url\":\"https:\\\/\\\/secure.gravatar.com\\\/avatar\\\/d4fe7459cfc51ff5129ce1a732bbef5928568b8092d412ef95611616376bbeed?s=96&d=mm&r=g\",\"contentUrl\":\"https:\\\/\\\/secure.gravatar.com\\\/avatar\\\/d4fe7459cfc51ff5129ce1a732bbef5928568b8092d412ef95611616376bbeed?s=96&d=mm&r=g\",\"caption\":\"f1000024\"},\"url\":\"https:\\\/\\\/cvinoticias.com\\\/v3\\\/author\\\/f1000024\\\/\"}]}<\/script>\n<!-- \/ Yoast SEO plugin. -->","yoast_head_json":{"title":"El Gobierno propuso un b\u00e1sico docente de 13.150 pesos y un m\u00ednimo de 36.000 | CVI NOTICIAS","robots":{"index":"index","follow":"follow","max-snippet":"max-snippet:-1","max-image-preview":"max-image-preview:large","max-video-preview":"max-video-preview:-1"},"canonical":"https:\/\/cvinoticias.com\/v3\/el-gobierno-propuso-un-basico-docente-de-13-150-pesos-y-un-minimo-de-36-000\/","og_locale":"es_ES","og_type":"article","og_title":"El Gobierno propuso un b\u00e1sico docente de 13.150 pesos y un m\u00ednimo de 36.000 | CVI NOTICIAS","og_description":"La Mesa de Di\u00e1logo tuvo su primera reuni\u00f3n ayer con los representantes de los gremios UDPM, UDA, SEMAB-CEA, AMET y SIDEP. Los docentes esperan avanzar en una propuesta superadora. Pasaron a cuarto intermedio para el pr\u00f3ximo mi\u00e9rcoles El pr\u00f3ximo mi\u00e9rcoles volver\u00e1n a reunirse las autoridades educativas provinciales con los representantes de los sindicatos UDPM, UDA, [&hellip;]","og_url":"https:\/\/cvinoticias.com\/v3\/el-gobierno-propuso-un-basico-docente-de-13-150-pesos-y-un-minimo-de-36-000\/","og_site_name":"CVI NOTICIAS","article_publisher":"https:\/\/www.facebook.com\/cvinoticias","article_published_time":"2021-02-04T12:52:48+00:00","article_modified_time":"2021-02-04T12:56:45+00:00","og_image":[{"width":296,"height":170,"url":"https:\/\/cvinoticias.com\/wp-content\/uploads\/2021\/02\/descarga-2.jpeg","type":"image\/jpeg"}],"author":"f1000024","twitter_card":"summary_large_image","twitter_misc":{"Escrito por":"f1000024","Tiempo de lectura":"4 minutos"},"schema":{"@context":"https:\/\/schema.org","@graph":[{"@type":"Article","@id":"https:\/\/cvinoticias.com\/v3\/el-gobierno-propuso-un-basico-docente-de-13-150-pesos-y-un-minimo-de-36-000\/#article","isPartOf":{"@id":"https:\/\/cvinoticias.com\/v3\/el-gobierno-propuso-un-basico-docente-de-13-150-pesos-y-un-minimo-de-36-000\/"},"author":{"name":"f1000024","@id":"https:\/\/cvinoticias.com\/v3\/#\/schema\/person\/2db77e3c6bc03c538495d7b2b8be9b66"},"headline":"El Gobierno propuso un b\u00e1sico docente de 13.150 pesos y un m\u00ednimo de 36.000","datePublished":"2021-02-04T12:52:48+00:00","dateModified":"2021-02-04T12:56:45+00:00","mainEntityOfPage":{"@id":"https:\/\/cvinoticias.com\/v3\/el-gobierno-propuso-un-basico-docente-de-13-150-pesos-y-un-minimo-de-36-000\/"},"wordCount":809,"commentCount":0,"publisher":{"@id":"https:\/\/cvinoticias.com\/v3\/#organization"},"image":{"@id":"https:\/\/cvinoticias.com\/v3\/el-gobierno-propuso-un-basico-docente-de-13-150-pesos-y-un-minimo-de-36-000\/#primaryimage"},"thumbnailUrl":"https:\/\/cvinoticias.com\/wp-content\/uploads\/2021\/02\/descarga-2.jpeg","articleSection":["Informaci\u00f3n General"],"inLanguage":"es","potentialAction":[{"@type":"CommentAction","name":"Comment","target":["https:\/\/cvinoticias.com\/v3\/el-gobierno-propuso-un-basico-docente-de-13-150-pesos-y-un-minimo-de-36-000\/#respond"]}]},{"@type":"WebPage","@id":"https:\/\/cvinoticias.com\/v3\/el-gobierno-propuso-un-basico-docente-de-13-150-pesos-y-un-minimo-de-36-000\/","url":"https:\/\/cvinoticias.com\/v3\/el-gobierno-propuso-un-basico-docente-de-13-150-pesos-y-un-minimo-de-36-000\/","name":"El Gobierno propuso un b\u00e1sico docente de 13.150 pesos y un m\u00ednimo de 36.000 | CVI NOTICIAS","isPartOf":{"@id":"https:\/\/cvinoticias.com\/v3\/#website"},"primaryImageOfPage":{"@id":"https:\/\/cvinoticias.com\/v3\/el-gobierno-propuso-un-basico-docente-de-13-150-pesos-y-un-minimo-de-36-000\/#primaryimage"},"image":{"@id":"https:\/\/cvinoticias.com\/v3\/el-gobierno-propuso-un-basico-docente-de-13-150-pesos-y-un-minimo-de-36-000\/#primaryimage"},"thumbnailUrl":"https:\/\/cvinoticias.com\/wp-content\/uploads\/2021\/02\/descarga-2.jpeg","datePublished":"2021-02-04T12:52:48+00:00","dateModified":"2021-02-04T12:56:45+00:00","breadcrumb":{"@id":"https:\/\/cvinoticias.com\/v3\/el-gobierno-propuso-un-basico-docente-de-13-150-pesos-y-un-minimo-de-36-000\/#breadcrumb"},"inLanguage":"es","potentialAction":[{"@type":"ReadAction","target":["https:\/\/cvinoticias.com\/v3\/el-gobierno-propuso-un-basico-docente-de-13-150-pesos-y-un-minimo-de-36-000\/"]}]},{"@type":"ImageObject","inLanguage":"es","@id":"https:\/\/cvinoticias.com\/v3\/el-gobierno-propuso-un-basico-docente-de-13-150-pesos-y-un-minimo-de-36-000\/#primaryimage","url":"https:\/\/cvinoticias.com\/wp-content\/uploads\/2021\/02\/descarga-2.jpeg","contentUrl":"https:\/\/cvinoticias.com\/wp-content\/uploads\/2021\/02\/descarga-2.jpeg","width":296,"height":170},{"@type":"BreadcrumbList","@id":"https:\/\/cvinoticias.com\/v3\/el-gobierno-propuso-un-basico-docente-de-13-150-pesos-y-un-minimo-de-36-000\/#breadcrumb","itemListElement":[{"@type":"ListItem","position":1,"name":"Portada","item":"https:\/\/cvinoticias.com\/v3\/"},{"@type":"ListItem","position":2,"name":"El Gobierno propuso un b\u00e1sico docente de 13.150 pesos y un m\u00ednimo de 36.000"}]},{"@type":"WebSite","@id":"https:\/\/cvinoticias.com\/v3\/#website","url":"https:\/\/cvinoticias.com\/v3\/","name":"CVI NOTICIAS","description":"","publisher":{"@id":"https:\/\/cvinoticias.com\/v3\/#organization"},"alternateName":"CVI","potentialAction":[{"@type":"SearchAction","target":{"@type":"EntryPoint","urlTemplate":"https:\/\/cvinoticias.com\/v3\/?s={search_term_string}"},"query-input":{"@type":"PropertyValueSpecification","valueRequired":true,"valueName":"search_term_string"}}],"inLanguage":"es"},{"@type":"Organization","@id":"https:\/\/cvinoticias.com\/v3\/#organization","name":"CVI NOTICIAS","url":"https:\/\/cvinoticias.com\/v3\/","logo":{"@type":"ImageObject","inLanguage":"es","@id":"https:\/\/cvinoticias.com\/v3\/#\/schema\/logo\/image\/","url":"https:\/\/cvinoticias.com\/wp-content\/uploads\/2023\/04\/cropped-cropped-cropped-cropped-cropped-3-1.png","contentUrl":"https:\/\/cvinoticias.com\/wp-content\/uploads\/2023\/04\/cropped-cropped-cropped-cropped-cropped-3-1.png","width":95,"height":122,"caption":"CVI NOTICIAS"},"image":{"@id":"https:\/\/cvinoticias.com\/v3\/#\/schema\/logo\/image\/"},"sameAs":["https:\/\/www.facebook.com\/cvinoticias","https:\/\/www.instagram.com\/cvinoticias\/","https:\/\/www.youtube.com\/@CVINOTICIAS"]},{"@type":"Person","@id":"https:\/\/cvinoticias.com\/v3\/#\/schema\/person\/2db77e3c6bc03c538495d7b2b8be9b66","name":"f1000024","image":{"@type":"ImageObject","inLanguage":"es","@id":"https:\/\/secure.gravatar.com\/avatar\/d4fe7459cfc51ff5129ce1a732bbef5928568b8092d412ef95611616376bbeed?s=96&d=mm&r=g","url":"https:\/\/secure.gravatar.com\/avatar\/d4fe7459cfc51ff5129ce1a732bbef5928568b8092d412ef95611616376bbeed?s=96&d=mm&r=g","contentUrl":"https:\/\/secure.gravatar.com\/avatar\/d4fe7459cfc51ff5129ce1a732bbef5928568b8092d412ef95611616376bbeed?s=96&d=mm&r=g","caption":"f1000024"},"url":"https:\/\/cvinoticias.com\/v3\/author\/f1000024\/"}]}},"_links":{"self":[{"href":"https:\/\/cvinoticias.com\/v3\/wp-json\/wp\/v2\/posts\/2374","targetHints":{"allow":["GET"]}}],"collection":[{"href":"https:\/\/cvinoticias.com\/v3\/wp-json\/wp\/v2\/posts"}],"about":[{"href":"https:\/\/cvinoticias.com\/v3\/wp-json\/wp\/v2\/types\/post"}],"author":[{"embeddable":true,"href":"https:\/\/cvinoticias.com\/v3\/wp-json\/wp\/v2\/users\/2"}],"replies":[{"embeddable":true,"href":"https:\/\/cvinoticias.com\/v3\/wp-json\/wp\/v2\/comments?post=2374"}],"version-history":[{"count":2,"href":"https:\/\/cvinoticias.com\/v3\/wp-json\/wp\/v2\/posts\/2374\/revisions"}],"predecessor-version":[{"id":2377,"href":"https:\/\/cvinoticias.com\/v3\/wp-json\/wp\/v2\/posts\/2374\/revisions\/2377"}],"wp:featuredmedia":[{"embeddable":true,"href":"https:\/\/cvinoticias.com\/v3\/wp-json\/wp\/v2\/media\/2375"}],"wp:attachment":[{"href":"https:\/\/cvinoticias.com\/v3\/wp-json\/wp\/v2\/media?parent=2374"}],"wp:term":[{"taxonomy":"category","embeddable":true,"href":"https:\/\/cvinoticias.com\/v3\/wp-json\/wp\/v2\/categories?post=2374"},{"taxonomy":"post_tag","embeddable":true,"href":"https:\/\/cvinoticias.com\/v3\/wp-json\/wp\/v2\/tags?post=2374"}],"curies":[{"name":"wp","href":"https:\/\/api.w.org\/{rel}","templated":true}]}}