{"id":23516,"date":"2023-03-23T10:49:21","date_gmt":"2023-03-23T10:49:21","guid":{"rendered":"https:\/\/cvinoticias.com\/v3\/?p=23516"},"modified":"2023-03-23T10:49:21","modified_gmt":"2023-03-23T10:49:21","slug":"por-la-suba-del-salario-minimo-jubilados-que-perciben-la-minima-cobraran-un-plus","status":"publish","type":"post","link":"https:\/\/cvinoticias.com\/v3\/por-la-suba-del-salario-minimo-jubilados-que-perciben-la-minima-cobraran-un-plus\/","title":{"rendered":"Por la suba del Salario M\u00ednimo: jubilados que perciben la m\u00ednima cobrar\u00e1n un plus"},"content":{"rendered":"\n<p><strong>M\u00e1s de un mill\u00f3n de adultos mayores ser\u00e1n beneficiarios por la mejora<\/strong><\/p>\n\n\n\n<p>La actualizaci\u00f3n del Salario M\u00ednimo, Vital y M\u00f3vil (SMVM), acordada este martes por empresarios, sindicatos y el Gobierno, beneficia a 1.200.000 jubilados y pensionados que percibir\u00e1n un aumento adicional en los meses de abril y mayo.<\/p>\n\n\n\n<p>El incremento extra lo recibir\u00e1n aquellos jubilados y pensionados que cobran el haber m\u00ednimo ($58.665) y se jubilaron con 30 o m\u00e1s a\u00f1os de aportes efectivos, sin acudir a la moratoria. El plus ser\u00e1 de $7.215 en abril y $11.455 en mayo. Estas subas se suman al bono de $15.000 que percibir\u00e1n quienes cobran hasta dos haberes m\u00ednimos como \u201crefuerzo previsional\u201d en los meses de marzo, abril y mayo.<\/p>\n\n\n\n<p>En abril el SMVM sube a $80.342, por lo que el 82% ($65.880) es superior a la jubilaci\u00f3n m\u00ednima por $7.215. En tanto que en mayo el SMVM asciende a $85.512 y el 82% son $70.120, es decir $11.455 por encima de los $58.665 de jubilaci\u00f3n m\u00ednima.<\/p>\n\n\n\n<p>En junio el SMVM sube a $87.987, siendo el 82% unos $72.149, pero en ese mes les corresponde a todos los jubilados y pensionados un incremento de haberes, y teniendo en cuenta que el haber m\u00ednimo tendr\u00e1 un aumento puede o no desaparecer esa diferencia. De esta manera, el pago del plus estar\u00e1 sujeto a la movilidad previsional.<\/p>\n","protected":false},"excerpt":{"rendered":"<p>M\u00e1s de un mill\u00f3n de adultos mayores ser\u00e1n beneficiarios por la mejora La actualizaci\u00f3n del Salario M\u00ednimo, Vital y M\u00f3vil (SMVM), acordada este martes por empresarios, sindicatos y el Gobierno, beneficia a 1.200.000 jubilados y pensionados que percibir\u00e1n un aumento adicional en los meses de abril y mayo. El incremento extra lo recibir\u00e1n aquellos jubilados [&hellip;]<\/p>\n","protected":false},"author":2,"featured_media":23517,"comment_status":"open","ping_status":"open","sticky":false,"template":"","format":"standard","meta":{"footnotes":""},"categories":[35],"tags":[],"class_list":["post-23516","post","type-post","status-publish","format-standard","has-post-thumbnail","hentry","category-informacion-general"],"yoast_head":"<!-- This site is optimized with the Yoast SEO plugin v27.5 - https:\/\/yoast.com\/product\/yoast-seo-wordpress\/ -->\n<title>Por la suba del Salario M\u00ednimo: jubilados que perciben la m\u00ednima cobrar\u00e1n un plus | CVI NOTICIAS<\/title>\n<meta name=\"robots\" content=\"index, follow, max-snippet:-1, max-image-preview:large, max-video-preview:-1\" \/>\n<link rel=\"canonical\" href=\"https:\/\/cvinoticias.com\/v3\/por-la-suba-del-salario-minimo-jubilados-que-perciben-la-minima-cobraran-un-plus\/\" \/>\n<meta property=\"og:locale\" content=\"es_ES\" \/>\n<meta property=\"og:type\" content=\"article\" \/>\n<meta property=\"og:title\" content=\"Por la suba del Salario M\u00ednimo: jubilados que perciben la m\u00ednima cobrar\u00e1n un plus | CVI NOTICIAS\" \/>\n<meta property=\"og:description\" content=\"M\u00e1s de un mill\u00f3n de adultos mayores ser\u00e1n beneficiarios por la mejora La actualizaci\u00f3n del Salario M\u00ednimo, Vital y M\u00f3vil (SMVM), acordada este martes por empresarios, sindicatos y el Gobierno, beneficia a 1.200.000 jubilados y pensionados que percibir\u00e1n un aumento adicional en los meses de abril y mayo. El incremento extra lo recibir\u00e1n aquellos jubilados [&hellip;]\" \/>\n<meta property=\"og:url\" content=\"https:\/\/cvinoticias.com\/v3\/por-la-suba-del-salario-minimo-jubilados-que-perciben-la-minima-cobraran-un-plus\/\" \/>\n<meta property=\"og:site_name\" content=\"CVI NOTICIAS\" \/>\n<meta property=\"article:publisher\" content=\"https:\/\/www.facebook.com\/cvinoticias\" \/>\n<meta property=\"article:published_time\" content=\"2023-03-23T10:49:21+00:00\" \/>\n<meta property=\"og:image\" content=\"https:\/\/cvinoticias.com\/wp-content\/uploads\/2023\/03\/Screenshot_20230323-074858_Facebook.jpg\" \/>\n\t<meta property=\"og:image:width\" content=\"1078\" \/>\n\t<meta property=\"og:image:height\" content=\"642\" \/>\n\t<meta property=\"og:image:type\" content=\"image\/jpeg\" \/>\n<meta name=\"author\" content=\"f1000024\" \/>\n<meta name=\"twitter:card\" content=\"summary_large_image\" \/>\n<meta name=\"twitter:label1\" content=\"Escrito por\" \/>\n\t<meta name=\"twitter:data1\" content=\"f1000024\" \/>\n\t<meta name=\"twitter:label2\" content=\"Tiempo de lectura\" \/>\n\t<meta name=\"twitter:data2\" content=\"1 minuto\" \/>\n<script type=\"application\/ld+json\" class=\"yoast-schema-graph\">{\"@context\":\"https:\\\/\\\/schema.org\",\"@graph\":[{\"@type\":\"Article\",\"@id\":\"https:\\\/\\\/cvinoticias.com\\\/v3\\\/por-la-suba-del-salario-minimo-jubilados-que-perciben-la-minima-cobraran-un-plus\\\/#article\",\"isPartOf\":{\"@id\":\"https:\\\/\\\/cvinoticias.com\\\/v3\\\/por-la-suba-del-salario-minimo-jubilados-que-perciben-la-minima-cobraran-un-plus\\\/\"},\"author\":{\"name\":\"f1000024\",\"@id\":\"https:\\\/\\\/cvinoticias.com\\\/v3\\\/#\\\/schema\\\/person\\\/2db77e3c6bc03c538495d7b2b8be9b66\"},\"headline\":\"Por la suba del Salario M\u00ednimo: jubilados que perciben la m\u00ednima cobrar\u00e1n un plus\",\"datePublished\":\"2023-03-23T10:49:21+00:00\",\"mainEntityOfPage\":{\"@id\":\"https:\\\/\\\/cvinoticias.com\\\/v3\\\/por-la-suba-del-salario-minimo-jubilados-que-perciben-la-minima-cobraran-un-plus\\\/\"},\"wordCount\":239,\"commentCount\":0,\"publisher\":{\"@id\":\"https:\\\/\\\/cvinoticias.com\\\/v3\\\/#organization\"},\"image\":{\"@id\":\"https:\\\/\\\/cvinoticias.com\\\/v3\\\/por-la-suba-del-salario-minimo-jubilados-que-perciben-la-minima-cobraran-un-plus\\\/#primaryimage\"},\"thumbnailUrl\":\"https:\\\/\\\/cvinoticias.com\\\/wp-content\\\/uploads\\\/2023\\\/03\\\/Screenshot_20230323-074858_Facebook.jpg\",\"articleSection\":[\"Informaci\u00f3n General\"],\"inLanguage\":\"es\",\"potentialAction\":[{\"@type\":\"CommentAction\",\"name\":\"Comment\",\"target\":[\"https:\\\/\\\/cvinoticias.com\\\/v3\\\/por-la-suba-del-salario-minimo-jubilados-que-perciben-la-minima-cobraran-un-plus\\\/#respond\"]}]},{\"@type\":\"WebPage\",\"@id\":\"https:\\\/\\\/cvinoticias.com\\\/v3\\\/por-la-suba-del-salario-minimo-jubilados-que-perciben-la-minima-cobraran-un-plus\\\/\",\"url\":\"https:\\\/\\\/cvinoticias.com\\\/v3\\\/por-la-suba-del-salario-minimo-jubilados-que-perciben-la-minima-cobraran-un-plus\\\/\",\"name\":\"Por la suba del Salario M\u00ednimo: jubilados que perciben la m\u00ednima cobrar\u00e1n un plus | CVI NOTICIAS\",\"isPartOf\":{\"@id\":\"https:\\\/\\\/cvinoticias.com\\\/v3\\\/#website\"},\"primaryImageOfPage\":{\"@id\":\"https:\\\/\\\/cvinoticias.com\\\/v3\\\/por-la-suba-del-salario-minimo-jubilados-que-perciben-la-minima-cobraran-un-plus\\\/#primaryimage\"},\"image\":{\"@id\":\"https:\\\/\\\/cvinoticias.com\\\/v3\\\/por-la-suba-del-salario-minimo-jubilados-que-perciben-la-minima-cobraran-un-plus\\\/#primaryimage\"},\"thumbnailUrl\":\"https:\\\/\\\/cvinoticias.com\\\/wp-content\\\/uploads\\\/2023\\\/03\\\/Screenshot_20230323-074858_Facebook.jpg\",\"datePublished\":\"2023-03-23T10:49:21+00:00\",\"breadcrumb\":{\"@id\":\"https:\\\/\\\/cvinoticias.com\\\/v3\\\/por-la-suba-del-salario-minimo-jubilados-que-perciben-la-minima-cobraran-un-plus\\\/#breadcrumb\"},\"inLanguage\":\"es\",\"potentialAction\":[{\"@type\":\"ReadAction\",\"target\":[\"https:\\\/\\\/cvinoticias.com\\\/v3\\\/por-la-suba-del-salario-minimo-jubilados-que-perciben-la-minima-cobraran-un-plus\\\/\"]}]},{\"@type\":\"ImageObject\",\"inLanguage\":\"es\",\"@id\":\"https:\\\/\\\/cvinoticias.com\\\/v3\\\/por-la-suba-del-salario-minimo-jubilados-que-perciben-la-minima-cobraran-un-plus\\\/#primaryimage\",\"url\":\"https:\\\/\\\/cvinoticias.com\\\/wp-content\\\/uploads\\\/2023\\\/03\\\/Screenshot_20230323-074858_Facebook.jpg\",\"contentUrl\":\"https:\\\/\\\/cvinoticias.com\\\/wp-content\\\/uploads\\\/2023\\\/03\\\/Screenshot_20230323-074858_Facebook.jpg\",\"width\":1078,\"height\":642},{\"@type\":\"BreadcrumbList\",\"@id\":\"https:\\\/\\\/cvinoticias.com\\\/v3\\\/por-la-suba-del-salario-minimo-jubilados-que-perciben-la-minima-cobraran-un-plus\\\/#breadcrumb\",\"itemListElement\":[{\"@type\":\"ListItem\",\"position\":1,\"name\":\"Portada\",\"item\":\"https:\\\/\\\/cvinoticias.com\\\/v3\\\/\"},{\"@type\":\"ListItem\",\"position\":2,\"name\":\"Por la suba del Salario M\u00ednimo: jubilados que perciben la m\u00ednima cobrar\u00e1n un plus\"}]},{\"@type\":\"WebSite\",\"@id\":\"https:\\\/\\\/cvinoticias.com\\\/v3\\\/#website\",\"url\":\"https:\\\/\\\/cvinoticias.com\\\/v3\\\/\",\"name\":\"CVI NOTICIAS\",\"description\":\"\",\"publisher\":{\"@id\":\"https:\\\/\\\/cvinoticias.com\\\/v3\\\/#organization\"},\"alternateName\":\"CVI\",\"potentialAction\":[{\"@type\":\"SearchAction\",\"target\":{\"@type\":\"EntryPoint\",\"urlTemplate\":\"https:\\\/\\\/cvinoticias.com\\\/v3\\\/?s={search_term_string}\"},\"query-input\":{\"@type\":\"PropertyValueSpecification\",\"valueRequired\":true,\"valueName\":\"search_term_string\"}}],\"inLanguage\":\"es\"},{\"@type\":\"Organization\",\"@id\":\"https:\\\/\\\/cvinoticias.com\\\/v3\\\/#organization\",\"name\":\"CVI NOTICIAS\",\"url\":\"https:\\\/\\\/cvinoticias.com\\\/v3\\\/\",\"logo\":{\"@type\":\"ImageObject\",\"inLanguage\":\"es\",\"@id\":\"https:\\\/\\\/cvinoticias.com\\\/v3\\\/#\\\/schema\\\/logo\\\/image\\\/\",\"url\":\"https:\\\/\\\/cvinoticias.com\\\/wp-content\\\/uploads\\\/2023\\\/04\\\/cropped-cropped-cropped-cropped-cropped-3-1.png\",\"contentUrl\":\"https:\\\/\\\/cvinoticias.com\\\/wp-content\\\/uploads\\\/2023\\\/04\\\/cropped-cropped-cropped-cropped-cropped-3-1.png\",\"width\":95,\"height\":122,\"caption\":\"CVI NOTICIAS\"},\"image\":{\"@id\":\"https:\\\/\\\/cvinoticias.com\\\/v3\\\/#\\\/schema\\\/logo\\\/image\\\/\"},\"sameAs\":[\"https:\\\/\\\/www.facebook.com\\\/cvinoticias\",\"https:\\\/\\\/www.instagram.com\\\/cvinoticias\\\/\",\"https:\\\/\\\/www.youtube.com\\\/@CVINOTICIAS\"]},{\"@type\":\"Person\",\"@id\":\"https:\\\/\\\/cvinoticias.com\\\/v3\\\/#\\\/schema\\\/person\\\/2db77e3c6bc03c538495d7b2b8be9b66\",\"name\":\"f1000024\",\"image\":{\"@type\":\"ImageObject\",\"inLanguage\":\"es\",\"@id\":\"https:\\\/\\\/secure.gravatar.com\\\/avatar\\\/d4fe7459cfc51ff5129ce1a732bbef5928568b8092d412ef95611616376bbeed?s=96&d=mm&r=g\",\"url\":\"https:\\\/\\\/secure.gravatar.com\\\/avatar\\\/d4fe7459cfc51ff5129ce1a732bbef5928568b8092d412ef95611616376bbeed?s=96&d=mm&r=g\",\"contentUrl\":\"https:\\\/\\\/secure.gravatar.com\\\/avatar\\\/d4fe7459cfc51ff5129ce1a732bbef5928568b8092d412ef95611616376bbeed?s=96&d=mm&r=g\",\"caption\":\"f1000024\"},\"url\":\"https:\\\/\\\/cvinoticias.com\\\/v3\\\/author\\\/f1000024\\\/\"}]}<\/script>\n<!-- \/ Yoast SEO plugin. -->","yoast_head_json":{"title":"Por la suba del Salario M\u00ednimo: jubilados que perciben la m\u00ednima cobrar\u00e1n un plus | CVI NOTICIAS","robots":{"index":"index","follow":"follow","max-snippet":"max-snippet:-1","max-image-preview":"max-image-preview:large","max-video-preview":"max-video-preview:-1"},"canonical":"https:\/\/cvinoticias.com\/v3\/por-la-suba-del-salario-minimo-jubilados-que-perciben-la-minima-cobraran-un-plus\/","og_locale":"es_ES","og_type":"article","og_title":"Por la suba del Salario M\u00ednimo: jubilados que perciben la m\u00ednima cobrar\u00e1n un plus | CVI NOTICIAS","og_description":"M\u00e1s de un mill\u00f3n de adultos mayores ser\u00e1n beneficiarios por la mejora La actualizaci\u00f3n del Salario M\u00ednimo, Vital y M\u00f3vil (SMVM), acordada este martes por empresarios, sindicatos y el Gobierno, beneficia a 1.200.000 jubilados y pensionados que percibir\u00e1n un aumento adicional en los meses de abril y mayo. El incremento extra lo recibir\u00e1n aquellos jubilados [&hellip;]","og_url":"https:\/\/cvinoticias.com\/v3\/por-la-suba-del-salario-minimo-jubilados-que-perciben-la-minima-cobraran-un-plus\/","og_site_name":"CVI NOTICIAS","article_publisher":"https:\/\/www.facebook.com\/cvinoticias","article_published_time":"2023-03-23T10:49:21+00:00","og_image":[{"width":1078,"height":642,"url":"https:\/\/cvinoticias.com\/wp-content\/uploads\/2023\/03\/Screenshot_20230323-074858_Facebook.jpg","type":"image\/jpeg"}],"author":"f1000024","twitter_card":"summary_large_image","twitter_misc":{"Escrito por":"f1000024","Tiempo de lectura":"1 minuto"},"schema":{"@context":"https:\/\/schema.org","@graph":[{"@type":"Article","@id":"https:\/\/cvinoticias.com\/v3\/por-la-suba-del-salario-minimo-jubilados-que-perciben-la-minima-cobraran-un-plus\/#article","isPartOf":{"@id":"https:\/\/cvinoticias.com\/v3\/por-la-suba-del-salario-minimo-jubilados-que-perciben-la-minima-cobraran-un-plus\/"},"author":{"name":"f1000024","@id":"https:\/\/cvinoticias.com\/v3\/#\/schema\/person\/2db77e3c6bc03c538495d7b2b8be9b66"},"headline":"Por la suba del Salario M\u00ednimo: jubilados que perciben la m\u00ednima cobrar\u00e1n un plus","datePublished":"2023-03-23T10:49:21+00:00","mainEntityOfPage":{"@id":"https:\/\/cvinoticias.com\/v3\/por-la-suba-del-salario-minimo-jubilados-que-perciben-la-minima-cobraran-un-plus\/"},"wordCount":239,"commentCount":0,"publisher":{"@id":"https:\/\/cvinoticias.com\/v3\/#organization"},"image":{"@id":"https:\/\/cvinoticias.com\/v3\/por-la-suba-del-salario-minimo-jubilados-que-perciben-la-minima-cobraran-un-plus\/#primaryimage"},"thumbnailUrl":"https:\/\/cvinoticias.com\/wp-content\/uploads\/2023\/03\/Screenshot_20230323-074858_Facebook.jpg","articleSection":["Informaci\u00f3n General"],"inLanguage":"es","potentialAction":[{"@type":"CommentAction","name":"Comment","target":["https:\/\/cvinoticias.com\/v3\/por-la-suba-del-salario-minimo-jubilados-que-perciben-la-minima-cobraran-un-plus\/#respond"]}]},{"@type":"WebPage","@id":"https:\/\/cvinoticias.com\/v3\/por-la-suba-del-salario-minimo-jubilados-que-perciben-la-minima-cobraran-un-plus\/","url":"https:\/\/cvinoticias.com\/v3\/por-la-suba-del-salario-minimo-jubilados-que-perciben-la-minima-cobraran-un-plus\/","name":"Por la suba del Salario M\u00ednimo: jubilados que perciben la m\u00ednima cobrar\u00e1n un plus | CVI NOTICIAS","isPartOf":{"@id":"https:\/\/cvinoticias.com\/v3\/#website"},"primaryImageOfPage":{"@id":"https:\/\/cvinoticias.com\/v3\/por-la-suba-del-salario-minimo-jubilados-que-perciben-la-minima-cobraran-un-plus\/#primaryimage"},"image":{"@id":"https:\/\/cvinoticias.com\/v3\/por-la-suba-del-salario-minimo-jubilados-que-perciben-la-minima-cobraran-un-plus\/#primaryimage"},"thumbnailUrl":"https:\/\/cvinoticias.com\/wp-content\/uploads\/2023\/03\/Screenshot_20230323-074858_Facebook.jpg","datePublished":"2023-03-23T10:49:21+00:00","breadcrumb":{"@id":"https:\/\/cvinoticias.com\/v3\/por-la-suba-del-salario-minimo-jubilados-que-perciben-la-minima-cobraran-un-plus\/#breadcrumb"},"inLanguage":"es","potentialAction":[{"@type":"ReadAction","target":["https:\/\/cvinoticias.com\/v3\/por-la-suba-del-salario-minimo-jubilados-que-perciben-la-minima-cobraran-un-plus\/"]}]},{"@type":"ImageObject","inLanguage":"es","@id":"https:\/\/cvinoticias.com\/v3\/por-la-suba-del-salario-minimo-jubilados-que-perciben-la-minima-cobraran-un-plus\/#primaryimage","url":"https:\/\/cvinoticias.com\/wp-content\/uploads\/2023\/03\/Screenshot_20230323-074858_Facebook.jpg","contentUrl":"https:\/\/cvinoticias.com\/wp-content\/uploads\/2023\/03\/Screenshot_20230323-074858_Facebook.jpg","width":1078,"height":642},{"@type":"BreadcrumbList","@id":"https:\/\/cvinoticias.com\/v3\/por-la-suba-del-salario-minimo-jubilados-que-perciben-la-minima-cobraran-un-plus\/#breadcrumb","itemListElement":[{"@type":"ListItem","position":1,"name":"Portada","item":"https:\/\/cvinoticias.com\/v3\/"},{"@type":"ListItem","position":2,"name":"Por la suba del Salario M\u00ednimo: jubilados que perciben la m\u00ednima cobrar\u00e1n un plus"}]},{"@type":"WebSite","@id":"https:\/\/cvinoticias.com\/v3\/#website","url":"https:\/\/cvinoticias.com\/v3\/","name":"CVI NOTICIAS","description":"","publisher":{"@id":"https:\/\/cvinoticias.com\/v3\/#organization"},"alternateName":"CVI","potentialAction":[{"@type":"SearchAction","target":{"@type":"EntryPoint","urlTemplate":"https:\/\/cvinoticias.com\/v3\/?s={search_term_string}"},"query-input":{"@type":"PropertyValueSpecification","valueRequired":true,"valueName":"search_term_string"}}],"inLanguage":"es"},{"@type":"Organization","@id":"https:\/\/cvinoticias.com\/v3\/#organization","name":"CVI NOTICIAS","url":"https:\/\/cvinoticias.com\/v3\/","logo":{"@type":"ImageObject","inLanguage":"es","@id":"https:\/\/cvinoticias.com\/v3\/#\/schema\/logo\/image\/","url":"https:\/\/cvinoticias.com\/wp-content\/uploads\/2023\/04\/cropped-cropped-cropped-cropped-cropped-3-1.png","contentUrl":"https:\/\/cvinoticias.com\/wp-content\/uploads\/2023\/04\/cropped-cropped-cropped-cropped-cropped-3-1.png","width":95,"height":122,"caption":"CVI NOTICIAS"},"image":{"@id":"https:\/\/cvinoticias.com\/v3\/#\/schema\/logo\/image\/"},"sameAs":["https:\/\/www.facebook.com\/cvinoticias","https:\/\/www.instagram.com\/cvinoticias\/","https:\/\/www.youtube.com\/@CVINOTICIAS"]},{"@type":"Person","@id":"https:\/\/cvinoticias.com\/v3\/#\/schema\/person\/2db77e3c6bc03c538495d7b2b8be9b66","name":"f1000024","image":{"@type":"ImageObject","inLanguage":"es","@id":"https:\/\/secure.gravatar.com\/avatar\/d4fe7459cfc51ff5129ce1a732bbef5928568b8092d412ef95611616376bbeed?s=96&d=mm&r=g","url":"https:\/\/secure.gravatar.com\/avatar\/d4fe7459cfc51ff5129ce1a732bbef5928568b8092d412ef95611616376bbeed?s=96&d=mm&r=g","contentUrl":"https:\/\/secure.gravatar.com\/avatar\/d4fe7459cfc51ff5129ce1a732bbef5928568b8092d412ef95611616376bbeed?s=96&d=mm&r=g","caption":"f1000024"},"url":"https:\/\/cvinoticias.com\/v3\/author\/f1000024\/"}]}},"_links":{"self":[{"href":"https:\/\/cvinoticias.com\/v3\/wp-json\/wp\/v2\/posts\/23516","targetHints":{"allow":["GET"]}}],"collection":[{"href":"https:\/\/cvinoticias.com\/v3\/wp-json\/wp\/v2\/posts"}],"about":[{"href":"https:\/\/cvinoticias.com\/v3\/wp-json\/wp\/v2\/types\/post"}],"author":[{"embeddable":true,"href":"https:\/\/cvinoticias.com\/v3\/wp-json\/wp\/v2\/users\/2"}],"replies":[{"embeddable":true,"href":"https:\/\/cvinoticias.com\/v3\/wp-json\/wp\/v2\/comments?post=23516"}],"version-history":[{"count":1,"href":"https:\/\/cvinoticias.com\/v3\/wp-json\/wp\/v2\/posts\/23516\/revisions"}],"predecessor-version":[{"id":23518,"href":"https:\/\/cvinoticias.com\/v3\/wp-json\/wp\/v2\/posts\/23516\/revisions\/23518"}],"wp:featuredmedia":[{"embeddable":true,"href":"https:\/\/cvinoticias.com\/v3\/wp-json\/wp\/v2\/media\/23517"}],"wp:attachment":[{"href":"https:\/\/cvinoticias.com\/v3\/wp-json\/wp\/v2\/media?parent=23516"}],"wp:term":[{"taxonomy":"category","embeddable":true,"href":"https:\/\/cvinoticias.com\/v3\/wp-json\/wp\/v2\/categories?post=23516"},{"taxonomy":"post_tag","embeddable":true,"href":"https:\/\/cvinoticias.com\/v3\/wp-json\/wp\/v2\/tags?post=23516"}],"curies":[{"name":"wp","href":"https:\/\/api.w.org\/{rel}","templated":true}]}}