{"id":23483,"date":"2023-03-22T10:00:26","date_gmt":"2023-03-22T10:00:26","guid":{"rendered":"https:\/\/cvinoticias.com\/v3\/?p=23483"},"modified":"2023-03-22T10:00:26","modified_gmt":"2023-03-22T10:00:26","slug":"una-turista-uruguaya-murio-en-el-bano-de-un-colectivo-que-la-trasladaba-a-iguazu","status":"publish","type":"post","link":"https:\/\/cvinoticias.com\/v3\/una-turista-uruguaya-murio-en-el-bano-de-un-colectivo-que-la-trasladaba-a-iguazu\/","title":{"rendered":"Una turista uruguaya muri\u00f3 en el ba\u00f1o de un colectivo que la trasladaba a Iguaz\u00fa"},"content":{"rendered":"\n<p><strong><em>El hecho ocurri\u00f3 en la madruga de este martes, en la ruta 105<\/em><\/strong><\/p>\n\n\n\n<p>El chofer de la empresa de transporte Mtour, de Uruguay, Ricardo M. (51) relat\u00f3 que realizaba un viaje desde ese pa\u00eds hacia Iguaz\u00fa y al llegar a la intersecci\u00f3n de la colectora en la ruta nacional 105, en la entrada al barrio Santa Helena, constat\u00f3 que una pasajera, identificada como Apolinaria Nery Silva, de nacionalidad uruguaya, se encontraba desvanecida, sin signos vitales, en el ba\u00f1o del \u00f3mnibus.<\/p>\n\n\n\n<p>Se solicit\u00f3 ambulancia y hasta el lugar lleg\u00f3 personal de la Polic\u00eda Cient\u00edfica y el M\u00e9dico policial de turno.<\/p>\n","protected":false},"excerpt":{"rendered":"<p>El hecho ocurri\u00f3 en la madruga de este martes, en la ruta 105 El chofer de la empresa de transporte Mtour, de Uruguay, Ricardo M. (51) relat\u00f3 que realizaba un viaje desde ese pa\u00eds hacia Iguaz\u00fa y al llegar a la intersecci\u00f3n de la colectora en la ruta nacional 105, en la entrada al barrio [&hellip;]<\/p>\n","protected":false},"author":2,"featured_media":23484,"comment_status":"open","ping_status":"open","sticky":false,"template":"","format":"standard","meta":{"footnotes":""},"categories":[43],"tags":[],"class_list":["post-23483","post","type-post","status-publish","format-standard","has-post-thumbnail","hentry","category-provinciales"],"yoast_head":"<!-- This site is optimized with the Yoast SEO plugin v27.4 - https:\/\/yoast.com\/product\/yoast-seo-wordpress\/ -->\n<title>Una turista uruguaya muri\u00f3 en el ba\u00f1o de un colectivo que la trasladaba a Iguaz\u00fa | CVI NOTICIAS<\/title>\n<meta name=\"robots\" content=\"index, follow, max-snippet:-1, max-image-preview:large, max-video-preview:-1\" \/>\n<link rel=\"canonical\" href=\"https:\/\/cvinoticias.com\/v3\/una-turista-uruguaya-murio-en-el-bano-de-un-colectivo-que-la-trasladaba-a-iguazu\/\" \/>\n<meta property=\"og:locale\" content=\"es_ES\" \/>\n<meta property=\"og:type\" content=\"article\" \/>\n<meta property=\"og:title\" content=\"Una turista uruguaya muri\u00f3 en el ba\u00f1o de un colectivo que la trasladaba a Iguaz\u00fa | CVI NOTICIAS\" \/>\n<meta property=\"og:description\" content=\"El hecho ocurri\u00f3 en la madruga de este martes, en la ruta 105 El chofer de la empresa de transporte Mtour, de Uruguay, Ricardo M. (51) relat\u00f3 que realizaba un viaje desde ese pa\u00eds hacia Iguaz\u00fa y al llegar a la intersecci\u00f3n de la colectora en la ruta nacional 105, en la entrada al barrio [&hellip;]\" \/>\n<meta property=\"og:url\" content=\"https:\/\/cvinoticias.com\/v3\/una-turista-uruguaya-murio-en-el-bano-de-un-colectivo-que-la-trasladaba-a-iguazu\/\" \/>\n<meta property=\"og:site_name\" content=\"CVI NOTICIAS\" \/>\n<meta property=\"article:publisher\" content=\"https:\/\/www.facebook.com\/cvinoticias\" \/>\n<meta property=\"article:published_time\" content=\"2023-03-22T10:00:26+00:00\" \/>\n<meta property=\"og:image\" content=\"https:\/\/cvinoticias.com\/wp-content\/uploads\/2023\/03\/Screenshot_20230322-065910_Facebook.jpg\" \/>\n\t<meta property=\"og:image:width\" content=\"962\" \/>\n\t<meta property=\"og:image:height\" content=\"582\" \/>\n\t<meta property=\"og:image:type\" content=\"image\/jpeg\" \/>\n<meta name=\"author\" content=\"f1000024\" \/>\n<meta name=\"twitter:card\" content=\"summary_large_image\" \/>\n<meta name=\"twitter:label1\" content=\"Escrito por\" \/>\n\t<meta name=\"twitter:data1\" content=\"f1000024\" \/>\n\t<meta name=\"twitter:label2\" content=\"Tiempo de lectura\" \/>\n\t<meta name=\"twitter:data2\" content=\"1 minuto\" \/>\n<script type=\"application\/ld+json\" class=\"yoast-schema-graph\">{\"@context\":\"https:\\\/\\\/schema.org\",\"@graph\":[{\"@type\":\"Article\",\"@id\":\"https:\\\/\\\/cvinoticias.com\\\/v3\\\/una-turista-uruguaya-murio-en-el-bano-de-un-colectivo-que-la-trasladaba-a-iguazu\\\/#article\",\"isPartOf\":{\"@id\":\"https:\\\/\\\/cvinoticias.com\\\/v3\\\/una-turista-uruguaya-murio-en-el-bano-de-un-colectivo-que-la-trasladaba-a-iguazu\\\/\"},\"author\":{\"name\":\"f1000024\",\"@id\":\"https:\\\/\\\/cvinoticias.com\\\/v3\\\/#\\\/schema\\\/person\\\/2db77e3c6bc03c538495d7b2b8be9b66\"},\"headline\":\"Una turista uruguaya muri\u00f3 en el ba\u00f1o de un colectivo que la trasladaba a Iguaz\u00fa\",\"datePublished\":\"2023-03-22T10:00:26+00:00\",\"mainEntityOfPage\":{\"@id\":\"https:\\\/\\\/cvinoticias.com\\\/v3\\\/una-turista-uruguaya-murio-en-el-bano-de-un-colectivo-que-la-trasladaba-a-iguazu\\\/\"},\"wordCount\":118,\"commentCount\":0,\"publisher\":{\"@id\":\"https:\\\/\\\/cvinoticias.com\\\/v3\\\/#organization\"},\"image\":{\"@id\":\"https:\\\/\\\/cvinoticias.com\\\/v3\\\/una-turista-uruguaya-murio-en-el-bano-de-un-colectivo-que-la-trasladaba-a-iguazu\\\/#primaryimage\"},\"thumbnailUrl\":\"https:\\\/\\\/cvinoticias.com\\\/wp-content\\\/uploads\\\/2023\\\/03\\\/Screenshot_20230322-065910_Facebook.jpg\",\"articleSection\":[\"Provinciales\"],\"inLanguage\":\"es\",\"potentialAction\":[{\"@type\":\"CommentAction\",\"name\":\"Comment\",\"target\":[\"https:\\\/\\\/cvinoticias.com\\\/v3\\\/una-turista-uruguaya-murio-en-el-bano-de-un-colectivo-que-la-trasladaba-a-iguazu\\\/#respond\"]}]},{\"@type\":\"WebPage\",\"@id\":\"https:\\\/\\\/cvinoticias.com\\\/v3\\\/una-turista-uruguaya-murio-en-el-bano-de-un-colectivo-que-la-trasladaba-a-iguazu\\\/\",\"url\":\"https:\\\/\\\/cvinoticias.com\\\/v3\\\/una-turista-uruguaya-murio-en-el-bano-de-un-colectivo-que-la-trasladaba-a-iguazu\\\/\",\"name\":\"Una turista uruguaya muri\u00f3 en el ba\u00f1o de un colectivo que la trasladaba a Iguaz\u00fa | CVI NOTICIAS\",\"isPartOf\":{\"@id\":\"https:\\\/\\\/cvinoticias.com\\\/v3\\\/#website\"},\"primaryImageOfPage\":{\"@id\":\"https:\\\/\\\/cvinoticias.com\\\/v3\\\/una-turista-uruguaya-murio-en-el-bano-de-un-colectivo-que-la-trasladaba-a-iguazu\\\/#primaryimage\"},\"image\":{\"@id\":\"https:\\\/\\\/cvinoticias.com\\\/v3\\\/una-turista-uruguaya-murio-en-el-bano-de-un-colectivo-que-la-trasladaba-a-iguazu\\\/#primaryimage\"},\"thumbnailUrl\":\"https:\\\/\\\/cvinoticias.com\\\/wp-content\\\/uploads\\\/2023\\\/03\\\/Screenshot_20230322-065910_Facebook.jpg\",\"datePublished\":\"2023-03-22T10:00:26+00:00\",\"breadcrumb\":{\"@id\":\"https:\\\/\\\/cvinoticias.com\\\/v3\\\/una-turista-uruguaya-murio-en-el-bano-de-un-colectivo-que-la-trasladaba-a-iguazu\\\/#breadcrumb\"},\"inLanguage\":\"es\",\"potentialAction\":[{\"@type\":\"ReadAction\",\"target\":[\"https:\\\/\\\/cvinoticias.com\\\/v3\\\/una-turista-uruguaya-murio-en-el-bano-de-un-colectivo-que-la-trasladaba-a-iguazu\\\/\"]}]},{\"@type\":\"ImageObject\",\"inLanguage\":\"es\",\"@id\":\"https:\\\/\\\/cvinoticias.com\\\/v3\\\/una-turista-uruguaya-murio-en-el-bano-de-un-colectivo-que-la-trasladaba-a-iguazu\\\/#primaryimage\",\"url\":\"https:\\\/\\\/cvinoticias.com\\\/wp-content\\\/uploads\\\/2023\\\/03\\\/Screenshot_20230322-065910_Facebook.jpg\",\"contentUrl\":\"https:\\\/\\\/cvinoticias.com\\\/wp-content\\\/uploads\\\/2023\\\/03\\\/Screenshot_20230322-065910_Facebook.jpg\",\"width\":962,\"height\":582},{\"@type\":\"BreadcrumbList\",\"@id\":\"https:\\\/\\\/cvinoticias.com\\\/v3\\\/una-turista-uruguaya-murio-en-el-bano-de-un-colectivo-que-la-trasladaba-a-iguazu\\\/#breadcrumb\",\"itemListElement\":[{\"@type\":\"ListItem\",\"position\":1,\"name\":\"Portada\",\"item\":\"https:\\\/\\\/cvinoticias.com\\\/v3\\\/\"},{\"@type\":\"ListItem\",\"position\":2,\"name\":\"Una turista uruguaya muri\u00f3 en el ba\u00f1o de un colectivo que la trasladaba a Iguaz\u00fa\"}]},{\"@type\":\"WebSite\",\"@id\":\"https:\\\/\\\/cvinoticias.com\\\/v3\\\/#website\",\"url\":\"https:\\\/\\\/cvinoticias.com\\\/v3\\\/\",\"name\":\"CVI NOTICIAS\",\"description\":\"\",\"publisher\":{\"@id\":\"https:\\\/\\\/cvinoticias.com\\\/v3\\\/#organization\"},\"alternateName\":\"CVI\",\"potentialAction\":[{\"@type\":\"SearchAction\",\"target\":{\"@type\":\"EntryPoint\",\"urlTemplate\":\"https:\\\/\\\/cvinoticias.com\\\/v3\\\/?s={search_term_string}\"},\"query-input\":{\"@type\":\"PropertyValueSpecification\",\"valueRequired\":true,\"valueName\":\"search_term_string\"}}],\"inLanguage\":\"es\"},{\"@type\":\"Organization\",\"@id\":\"https:\\\/\\\/cvinoticias.com\\\/v3\\\/#organization\",\"name\":\"CVI NOTICIAS\",\"url\":\"https:\\\/\\\/cvinoticias.com\\\/v3\\\/\",\"logo\":{\"@type\":\"ImageObject\",\"inLanguage\":\"es\",\"@id\":\"https:\\\/\\\/cvinoticias.com\\\/v3\\\/#\\\/schema\\\/logo\\\/image\\\/\",\"url\":\"https:\\\/\\\/cvinoticias.com\\\/wp-content\\\/uploads\\\/2023\\\/04\\\/cropped-cropped-cropped-cropped-cropped-3-1.png\",\"contentUrl\":\"https:\\\/\\\/cvinoticias.com\\\/wp-content\\\/uploads\\\/2023\\\/04\\\/cropped-cropped-cropped-cropped-cropped-3-1.png\",\"width\":95,\"height\":122,\"caption\":\"CVI NOTICIAS\"},\"image\":{\"@id\":\"https:\\\/\\\/cvinoticias.com\\\/v3\\\/#\\\/schema\\\/logo\\\/image\\\/\"},\"sameAs\":[\"https:\\\/\\\/www.facebook.com\\\/cvinoticias\",\"https:\\\/\\\/www.instagram.com\\\/cvinoticias\\\/\",\"https:\\\/\\\/www.youtube.com\\\/@CVINOTICIAS\"]},{\"@type\":\"Person\",\"@id\":\"https:\\\/\\\/cvinoticias.com\\\/v3\\\/#\\\/schema\\\/person\\\/2db77e3c6bc03c538495d7b2b8be9b66\",\"name\":\"f1000024\",\"image\":{\"@type\":\"ImageObject\",\"inLanguage\":\"es\",\"@id\":\"https:\\\/\\\/secure.gravatar.com\\\/avatar\\\/d4fe7459cfc51ff5129ce1a732bbef5928568b8092d412ef95611616376bbeed?s=96&d=mm&r=g\",\"url\":\"https:\\\/\\\/secure.gravatar.com\\\/avatar\\\/d4fe7459cfc51ff5129ce1a732bbef5928568b8092d412ef95611616376bbeed?s=96&d=mm&r=g\",\"contentUrl\":\"https:\\\/\\\/secure.gravatar.com\\\/avatar\\\/d4fe7459cfc51ff5129ce1a732bbef5928568b8092d412ef95611616376bbeed?s=96&d=mm&r=g\",\"caption\":\"f1000024\"},\"url\":\"https:\\\/\\\/cvinoticias.com\\\/v3\\\/author\\\/f1000024\\\/\"}]}<\/script>\n<!-- \/ Yoast SEO plugin. -->","yoast_head_json":{"title":"Una turista uruguaya muri\u00f3 en el ba\u00f1o de un colectivo que la trasladaba a Iguaz\u00fa | CVI NOTICIAS","robots":{"index":"index","follow":"follow","max-snippet":"max-snippet:-1","max-image-preview":"max-image-preview:large","max-video-preview":"max-video-preview:-1"},"canonical":"https:\/\/cvinoticias.com\/v3\/una-turista-uruguaya-murio-en-el-bano-de-un-colectivo-que-la-trasladaba-a-iguazu\/","og_locale":"es_ES","og_type":"article","og_title":"Una turista uruguaya muri\u00f3 en el ba\u00f1o de un colectivo que la trasladaba a Iguaz\u00fa | CVI NOTICIAS","og_description":"El hecho ocurri\u00f3 en la madruga de este martes, en la ruta 105 El chofer de la empresa de transporte Mtour, de Uruguay, Ricardo M. (51) relat\u00f3 que realizaba un viaje desde ese pa\u00eds hacia Iguaz\u00fa y al llegar a la intersecci\u00f3n de la colectora en la ruta nacional 105, en la entrada al barrio [&hellip;]","og_url":"https:\/\/cvinoticias.com\/v3\/una-turista-uruguaya-murio-en-el-bano-de-un-colectivo-que-la-trasladaba-a-iguazu\/","og_site_name":"CVI NOTICIAS","article_publisher":"https:\/\/www.facebook.com\/cvinoticias","article_published_time":"2023-03-22T10:00:26+00:00","og_image":[{"width":962,"height":582,"url":"https:\/\/cvinoticias.com\/wp-content\/uploads\/2023\/03\/Screenshot_20230322-065910_Facebook.jpg","type":"image\/jpeg"}],"author":"f1000024","twitter_card":"summary_large_image","twitter_misc":{"Escrito por":"f1000024","Tiempo de lectura":"1 minuto"},"schema":{"@context":"https:\/\/schema.org","@graph":[{"@type":"Article","@id":"https:\/\/cvinoticias.com\/v3\/una-turista-uruguaya-murio-en-el-bano-de-un-colectivo-que-la-trasladaba-a-iguazu\/#article","isPartOf":{"@id":"https:\/\/cvinoticias.com\/v3\/una-turista-uruguaya-murio-en-el-bano-de-un-colectivo-que-la-trasladaba-a-iguazu\/"},"author":{"name":"f1000024","@id":"https:\/\/cvinoticias.com\/v3\/#\/schema\/person\/2db77e3c6bc03c538495d7b2b8be9b66"},"headline":"Una turista uruguaya muri\u00f3 en el ba\u00f1o de un colectivo que la trasladaba a Iguaz\u00fa","datePublished":"2023-03-22T10:00:26+00:00","mainEntityOfPage":{"@id":"https:\/\/cvinoticias.com\/v3\/una-turista-uruguaya-murio-en-el-bano-de-un-colectivo-que-la-trasladaba-a-iguazu\/"},"wordCount":118,"commentCount":0,"publisher":{"@id":"https:\/\/cvinoticias.com\/v3\/#organization"},"image":{"@id":"https:\/\/cvinoticias.com\/v3\/una-turista-uruguaya-murio-en-el-bano-de-un-colectivo-que-la-trasladaba-a-iguazu\/#primaryimage"},"thumbnailUrl":"https:\/\/cvinoticias.com\/wp-content\/uploads\/2023\/03\/Screenshot_20230322-065910_Facebook.jpg","articleSection":["Provinciales"],"inLanguage":"es","potentialAction":[{"@type":"CommentAction","name":"Comment","target":["https:\/\/cvinoticias.com\/v3\/una-turista-uruguaya-murio-en-el-bano-de-un-colectivo-que-la-trasladaba-a-iguazu\/#respond"]}]},{"@type":"WebPage","@id":"https:\/\/cvinoticias.com\/v3\/una-turista-uruguaya-murio-en-el-bano-de-un-colectivo-que-la-trasladaba-a-iguazu\/","url":"https:\/\/cvinoticias.com\/v3\/una-turista-uruguaya-murio-en-el-bano-de-un-colectivo-que-la-trasladaba-a-iguazu\/","name":"Una turista uruguaya muri\u00f3 en el ba\u00f1o de un colectivo que la trasladaba a Iguaz\u00fa | CVI NOTICIAS","isPartOf":{"@id":"https:\/\/cvinoticias.com\/v3\/#website"},"primaryImageOfPage":{"@id":"https:\/\/cvinoticias.com\/v3\/una-turista-uruguaya-murio-en-el-bano-de-un-colectivo-que-la-trasladaba-a-iguazu\/#primaryimage"},"image":{"@id":"https:\/\/cvinoticias.com\/v3\/una-turista-uruguaya-murio-en-el-bano-de-un-colectivo-que-la-trasladaba-a-iguazu\/#primaryimage"},"thumbnailUrl":"https:\/\/cvinoticias.com\/wp-content\/uploads\/2023\/03\/Screenshot_20230322-065910_Facebook.jpg","datePublished":"2023-03-22T10:00:26+00:00","breadcrumb":{"@id":"https:\/\/cvinoticias.com\/v3\/una-turista-uruguaya-murio-en-el-bano-de-un-colectivo-que-la-trasladaba-a-iguazu\/#breadcrumb"},"inLanguage":"es","potentialAction":[{"@type":"ReadAction","target":["https:\/\/cvinoticias.com\/v3\/una-turista-uruguaya-murio-en-el-bano-de-un-colectivo-que-la-trasladaba-a-iguazu\/"]}]},{"@type":"ImageObject","inLanguage":"es","@id":"https:\/\/cvinoticias.com\/v3\/una-turista-uruguaya-murio-en-el-bano-de-un-colectivo-que-la-trasladaba-a-iguazu\/#primaryimage","url":"https:\/\/cvinoticias.com\/wp-content\/uploads\/2023\/03\/Screenshot_20230322-065910_Facebook.jpg","contentUrl":"https:\/\/cvinoticias.com\/wp-content\/uploads\/2023\/03\/Screenshot_20230322-065910_Facebook.jpg","width":962,"height":582},{"@type":"BreadcrumbList","@id":"https:\/\/cvinoticias.com\/v3\/una-turista-uruguaya-murio-en-el-bano-de-un-colectivo-que-la-trasladaba-a-iguazu\/#breadcrumb","itemListElement":[{"@type":"ListItem","position":1,"name":"Portada","item":"https:\/\/cvinoticias.com\/v3\/"},{"@type":"ListItem","position":2,"name":"Una turista uruguaya muri\u00f3 en el ba\u00f1o de un colectivo que la trasladaba a Iguaz\u00fa"}]},{"@type":"WebSite","@id":"https:\/\/cvinoticias.com\/v3\/#website","url":"https:\/\/cvinoticias.com\/v3\/","name":"CVI NOTICIAS","description":"","publisher":{"@id":"https:\/\/cvinoticias.com\/v3\/#organization"},"alternateName":"CVI","potentialAction":[{"@type":"SearchAction","target":{"@type":"EntryPoint","urlTemplate":"https:\/\/cvinoticias.com\/v3\/?s={search_term_string}"},"query-input":{"@type":"PropertyValueSpecification","valueRequired":true,"valueName":"search_term_string"}}],"inLanguage":"es"},{"@type":"Organization","@id":"https:\/\/cvinoticias.com\/v3\/#organization","name":"CVI NOTICIAS","url":"https:\/\/cvinoticias.com\/v3\/","logo":{"@type":"ImageObject","inLanguage":"es","@id":"https:\/\/cvinoticias.com\/v3\/#\/schema\/logo\/image\/","url":"https:\/\/cvinoticias.com\/wp-content\/uploads\/2023\/04\/cropped-cropped-cropped-cropped-cropped-3-1.png","contentUrl":"https:\/\/cvinoticias.com\/wp-content\/uploads\/2023\/04\/cropped-cropped-cropped-cropped-cropped-3-1.png","width":95,"height":122,"caption":"CVI NOTICIAS"},"image":{"@id":"https:\/\/cvinoticias.com\/v3\/#\/schema\/logo\/image\/"},"sameAs":["https:\/\/www.facebook.com\/cvinoticias","https:\/\/www.instagram.com\/cvinoticias\/","https:\/\/www.youtube.com\/@CVINOTICIAS"]},{"@type":"Person","@id":"https:\/\/cvinoticias.com\/v3\/#\/schema\/person\/2db77e3c6bc03c538495d7b2b8be9b66","name":"f1000024","image":{"@type":"ImageObject","inLanguage":"es","@id":"https:\/\/secure.gravatar.com\/avatar\/d4fe7459cfc51ff5129ce1a732bbef5928568b8092d412ef95611616376bbeed?s=96&d=mm&r=g","url":"https:\/\/secure.gravatar.com\/avatar\/d4fe7459cfc51ff5129ce1a732bbef5928568b8092d412ef95611616376bbeed?s=96&d=mm&r=g","contentUrl":"https:\/\/secure.gravatar.com\/avatar\/d4fe7459cfc51ff5129ce1a732bbef5928568b8092d412ef95611616376bbeed?s=96&d=mm&r=g","caption":"f1000024"},"url":"https:\/\/cvinoticias.com\/v3\/author\/f1000024\/"}]}},"_links":{"self":[{"href":"https:\/\/cvinoticias.com\/v3\/wp-json\/wp\/v2\/posts\/23483","targetHints":{"allow":["GET"]}}],"collection":[{"href":"https:\/\/cvinoticias.com\/v3\/wp-json\/wp\/v2\/posts"}],"about":[{"href":"https:\/\/cvinoticias.com\/v3\/wp-json\/wp\/v2\/types\/post"}],"author":[{"embeddable":true,"href":"https:\/\/cvinoticias.com\/v3\/wp-json\/wp\/v2\/users\/2"}],"replies":[{"embeddable":true,"href":"https:\/\/cvinoticias.com\/v3\/wp-json\/wp\/v2\/comments?post=23483"}],"version-history":[{"count":1,"href":"https:\/\/cvinoticias.com\/v3\/wp-json\/wp\/v2\/posts\/23483\/revisions"}],"predecessor-version":[{"id":23485,"href":"https:\/\/cvinoticias.com\/v3\/wp-json\/wp\/v2\/posts\/23483\/revisions\/23485"}],"wp:featuredmedia":[{"embeddable":true,"href":"https:\/\/cvinoticias.com\/v3\/wp-json\/wp\/v2\/media\/23484"}],"wp:attachment":[{"href":"https:\/\/cvinoticias.com\/v3\/wp-json\/wp\/v2\/media?parent=23483"}],"wp:term":[{"taxonomy":"category","embeddable":true,"href":"https:\/\/cvinoticias.com\/v3\/wp-json\/wp\/v2\/categories?post=23483"},{"taxonomy":"post_tag","embeddable":true,"href":"https:\/\/cvinoticias.com\/v3\/wp-json\/wp\/v2\/tags?post=23483"}],"curies":[{"name":"wp","href":"https:\/\/api.w.org\/{rel}","templated":true}]}}