{"id":23477,"date":"2023-03-22T00:42:36","date_gmt":"2023-03-22T00:42:36","guid":{"rendered":"https:\/\/cvinoticias.com\/v3\/?p=23477"},"modified":"2023-03-22T00:42:36","modified_gmt":"2023-03-22T00:42:36","slug":"encontraron-el-cuerpo-de-un-hombre-flotando-en-la-playita-de-fatima-en-garupa","status":"publish","type":"post","link":"https:\/\/cvinoticias.com\/v3\/encontraron-el-cuerpo-de-un-hombre-flotando-en-la-playita-de-fatima-en-garupa\/","title":{"rendered":"Encontraron el cuerpo de un hombre flotando en la playita de F\u00e1tima en Garup\u00e1"},"content":{"rendered":"\n<p><strong><em>El cuerpo de hombre que presuntamente se habr\u00eda ahogado y a\u00fan no fue identificado, fue hallado alrededor de las 18:15 horas de hoy.<\/em><\/strong><\/p>\n\n\n\n<p>Este martes por la tarde, efectivos de la Comisar\u00eda 14ta encontraron a una persona sin signos vitales en la \u201cplaya F\u00e1tima\u201d de Garup\u00e1. Al visualizar al cuerpo flotando en las aguas del r\u00edo Paran\u00e1, los uniformados dieron aviso al grupo de rescate complejos de la Polic\u00eda de Misiones, quienes extrajeron el cad\u00e1ver del agua.<\/p>\n\n\n\n<p>Por disposici\u00f3n del Juzgado de Instrucci\u00f3n nro. 7 de Posadas, el occiso fue llevado a la morgue judicial, donde se realizar\u00e1 la autopsia m\u00e9dico-legal correspondiente, para determinar fehacientemente la causa de muerte.<\/p>\n","protected":false},"excerpt":{"rendered":"<p>El cuerpo de hombre que presuntamente se habr\u00eda ahogado y a\u00fan no fue identificado, fue hallado alrededor de las 18:15 horas de hoy. Este martes por la tarde, efectivos de la Comisar\u00eda 14ta encontraron a una persona sin signos vitales en la \u201cplaya F\u00e1tima\u201d de Garup\u00e1. Al visualizar al cuerpo flotando en las aguas del [&hellip;]<\/p>\n","protected":false},"author":2,"featured_media":23478,"comment_status":"open","ping_status":"open","sticky":false,"template":"","format":"standard","meta":{"footnotes":""},"categories":[41],"tags":[],"class_list":["post-23477","post","type-post","status-publish","format-standard","has-post-thumbnail","hentry","category-policiales"],"yoast_head":"<!-- This site is optimized with the Yoast SEO plugin v27.4 - https:\/\/yoast.com\/product\/yoast-seo-wordpress\/ -->\n<title>Encontraron el cuerpo de un hombre flotando en la playita de F\u00e1tima en Garup\u00e1 | CVI NOTICIAS<\/title>\n<meta name=\"robots\" content=\"index, follow, max-snippet:-1, max-image-preview:large, max-video-preview:-1\" \/>\n<link rel=\"canonical\" href=\"https:\/\/cvinoticias.com\/v3\/encontraron-el-cuerpo-de-un-hombre-flotando-en-la-playita-de-fatima-en-garupa\/\" \/>\n<meta property=\"og:locale\" content=\"es_ES\" \/>\n<meta property=\"og:type\" content=\"article\" \/>\n<meta property=\"og:title\" content=\"Encontraron el cuerpo de un hombre flotando en la playita de F\u00e1tima en Garup\u00e1 | CVI NOTICIAS\" \/>\n<meta property=\"og:description\" content=\"El cuerpo de hombre que presuntamente se habr\u00eda ahogado y a\u00fan no fue identificado, fue hallado alrededor de las 18:15 horas de hoy. Este martes por la tarde, efectivos de la Comisar\u00eda 14ta encontraron a una persona sin signos vitales en la \u201cplaya F\u00e1tima\u201d de Garup\u00e1. Al visualizar al cuerpo flotando en las aguas del [&hellip;]\" \/>\n<meta property=\"og:url\" content=\"https:\/\/cvinoticias.com\/v3\/encontraron-el-cuerpo-de-un-hombre-flotando-en-la-playita-de-fatima-en-garupa\/\" \/>\n<meta property=\"og:site_name\" content=\"CVI NOTICIAS\" \/>\n<meta property=\"article:publisher\" content=\"https:\/\/www.facebook.com\/cvinoticias\" \/>\n<meta property=\"article:published_time\" content=\"2023-03-22T00:42:36+00:00\" \/>\n<meta property=\"og:image\" content=\"https:\/\/cvinoticias.com\/wp-content\/uploads\/2023\/03\/IMG-20230321-WA0091.jpg\" \/>\n\t<meta property=\"og:image:width\" content=\"1080\" \/>\n\t<meta property=\"og:image:height\" content=\"648\" \/>\n\t<meta property=\"og:image:type\" content=\"image\/jpeg\" \/>\n<meta name=\"author\" content=\"f1000024\" \/>\n<meta name=\"twitter:card\" content=\"summary_large_image\" \/>\n<meta name=\"twitter:label1\" content=\"Escrito por\" \/>\n\t<meta name=\"twitter:data1\" content=\"f1000024\" \/>\n\t<meta name=\"twitter:label2\" content=\"Tiempo de lectura\" \/>\n\t<meta name=\"twitter:data2\" content=\"1 minuto\" \/>\n<script type=\"application\/ld+json\" class=\"yoast-schema-graph\">{\"@context\":\"https:\\\/\\\/schema.org\",\"@graph\":[{\"@type\":\"Article\",\"@id\":\"https:\\\/\\\/cvinoticias.com\\\/v3\\\/encontraron-el-cuerpo-de-un-hombre-flotando-en-la-playita-de-fatima-en-garupa\\\/#article\",\"isPartOf\":{\"@id\":\"https:\\\/\\\/cvinoticias.com\\\/v3\\\/encontraron-el-cuerpo-de-un-hombre-flotando-en-la-playita-de-fatima-en-garupa\\\/\"},\"author\":{\"name\":\"f1000024\",\"@id\":\"https:\\\/\\\/cvinoticias.com\\\/v3\\\/#\\\/schema\\\/person\\\/2db77e3c6bc03c538495d7b2b8be9b66\"},\"headline\":\"Encontraron el cuerpo de un hombre flotando en la playita de F\u00e1tima en Garup\u00e1\",\"datePublished\":\"2023-03-22T00:42:36+00:00\",\"mainEntityOfPage\":{\"@id\":\"https:\\\/\\\/cvinoticias.com\\\/v3\\\/encontraron-el-cuerpo-de-un-hombre-flotando-en-la-playita-de-fatima-en-garupa\\\/\"},\"wordCount\":132,\"commentCount\":0,\"publisher\":{\"@id\":\"https:\\\/\\\/cvinoticias.com\\\/v3\\\/#organization\"},\"image\":{\"@id\":\"https:\\\/\\\/cvinoticias.com\\\/v3\\\/encontraron-el-cuerpo-de-un-hombre-flotando-en-la-playita-de-fatima-en-garupa\\\/#primaryimage\"},\"thumbnailUrl\":\"https:\\\/\\\/cvinoticias.com\\\/wp-content\\\/uploads\\\/2023\\\/03\\\/IMG-20230321-WA0091.jpg\",\"articleSection\":[\"Policiales\"],\"inLanguage\":\"es\",\"potentialAction\":[{\"@type\":\"CommentAction\",\"name\":\"Comment\",\"target\":[\"https:\\\/\\\/cvinoticias.com\\\/v3\\\/encontraron-el-cuerpo-de-un-hombre-flotando-en-la-playita-de-fatima-en-garupa\\\/#respond\"]}]},{\"@type\":\"WebPage\",\"@id\":\"https:\\\/\\\/cvinoticias.com\\\/v3\\\/encontraron-el-cuerpo-de-un-hombre-flotando-en-la-playita-de-fatima-en-garupa\\\/\",\"url\":\"https:\\\/\\\/cvinoticias.com\\\/v3\\\/encontraron-el-cuerpo-de-un-hombre-flotando-en-la-playita-de-fatima-en-garupa\\\/\",\"name\":\"Encontraron el cuerpo de un hombre flotando en la playita de F\u00e1tima en Garup\u00e1 | CVI NOTICIAS\",\"isPartOf\":{\"@id\":\"https:\\\/\\\/cvinoticias.com\\\/v3\\\/#website\"},\"primaryImageOfPage\":{\"@id\":\"https:\\\/\\\/cvinoticias.com\\\/v3\\\/encontraron-el-cuerpo-de-un-hombre-flotando-en-la-playita-de-fatima-en-garupa\\\/#primaryimage\"},\"image\":{\"@id\":\"https:\\\/\\\/cvinoticias.com\\\/v3\\\/encontraron-el-cuerpo-de-un-hombre-flotando-en-la-playita-de-fatima-en-garupa\\\/#primaryimage\"},\"thumbnailUrl\":\"https:\\\/\\\/cvinoticias.com\\\/wp-content\\\/uploads\\\/2023\\\/03\\\/IMG-20230321-WA0091.jpg\",\"datePublished\":\"2023-03-22T00:42:36+00:00\",\"breadcrumb\":{\"@id\":\"https:\\\/\\\/cvinoticias.com\\\/v3\\\/encontraron-el-cuerpo-de-un-hombre-flotando-en-la-playita-de-fatima-en-garupa\\\/#breadcrumb\"},\"inLanguage\":\"es\",\"potentialAction\":[{\"@type\":\"ReadAction\",\"target\":[\"https:\\\/\\\/cvinoticias.com\\\/v3\\\/encontraron-el-cuerpo-de-un-hombre-flotando-en-la-playita-de-fatima-en-garupa\\\/\"]}]},{\"@type\":\"ImageObject\",\"inLanguage\":\"es\",\"@id\":\"https:\\\/\\\/cvinoticias.com\\\/v3\\\/encontraron-el-cuerpo-de-un-hombre-flotando-en-la-playita-de-fatima-en-garupa\\\/#primaryimage\",\"url\":\"https:\\\/\\\/cvinoticias.com\\\/wp-content\\\/uploads\\\/2023\\\/03\\\/IMG-20230321-WA0091.jpg\",\"contentUrl\":\"https:\\\/\\\/cvinoticias.com\\\/wp-content\\\/uploads\\\/2023\\\/03\\\/IMG-20230321-WA0091.jpg\",\"width\":1080,\"height\":648},{\"@type\":\"BreadcrumbList\",\"@id\":\"https:\\\/\\\/cvinoticias.com\\\/v3\\\/encontraron-el-cuerpo-de-un-hombre-flotando-en-la-playita-de-fatima-en-garupa\\\/#breadcrumb\",\"itemListElement\":[{\"@type\":\"ListItem\",\"position\":1,\"name\":\"Portada\",\"item\":\"https:\\\/\\\/cvinoticias.com\\\/v3\\\/\"},{\"@type\":\"ListItem\",\"position\":2,\"name\":\"Encontraron el cuerpo de un hombre flotando en la playita de F\u00e1tima en Garup\u00e1\"}]},{\"@type\":\"WebSite\",\"@id\":\"https:\\\/\\\/cvinoticias.com\\\/v3\\\/#website\",\"url\":\"https:\\\/\\\/cvinoticias.com\\\/v3\\\/\",\"name\":\"CVI NOTICIAS\",\"description\":\"\",\"publisher\":{\"@id\":\"https:\\\/\\\/cvinoticias.com\\\/v3\\\/#organization\"},\"alternateName\":\"CVI\",\"potentialAction\":[{\"@type\":\"SearchAction\",\"target\":{\"@type\":\"EntryPoint\",\"urlTemplate\":\"https:\\\/\\\/cvinoticias.com\\\/v3\\\/?s={search_term_string}\"},\"query-input\":{\"@type\":\"PropertyValueSpecification\",\"valueRequired\":true,\"valueName\":\"search_term_string\"}}],\"inLanguage\":\"es\"},{\"@type\":\"Organization\",\"@id\":\"https:\\\/\\\/cvinoticias.com\\\/v3\\\/#organization\",\"name\":\"CVI NOTICIAS\",\"url\":\"https:\\\/\\\/cvinoticias.com\\\/v3\\\/\",\"logo\":{\"@type\":\"ImageObject\",\"inLanguage\":\"es\",\"@id\":\"https:\\\/\\\/cvinoticias.com\\\/v3\\\/#\\\/schema\\\/logo\\\/image\\\/\",\"url\":\"https:\\\/\\\/cvinoticias.com\\\/wp-content\\\/uploads\\\/2023\\\/04\\\/cropped-cropped-cropped-cropped-cropped-3-1.png\",\"contentUrl\":\"https:\\\/\\\/cvinoticias.com\\\/wp-content\\\/uploads\\\/2023\\\/04\\\/cropped-cropped-cropped-cropped-cropped-3-1.png\",\"width\":95,\"height\":122,\"caption\":\"CVI NOTICIAS\"},\"image\":{\"@id\":\"https:\\\/\\\/cvinoticias.com\\\/v3\\\/#\\\/schema\\\/logo\\\/image\\\/\"},\"sameAs\":[\"https:\\\/\\\/www.facebook.com\\\/cvinoticias\",\"https:\\\/\\\/www.instagram.com\\\/cvinoticias\\\/\",\"https:\\\/\\\/www.youtube.com\\\/@CVINOTICIAS\"]},{\"@type\":\"Person\",\"@id\":\"https:\\\/\\\/cvinoticias.com\\\/v3\\\/#\\\/schema\\\/person\\\/2db77e3c6bc03c538495d7b2b8be9b66\",\"name\":\"f1000024\",\"image\":{\"@type\":\"ImageObject\",\"inLanguage\":\"es\",\"@id\":\"https:\\\/\\\/secure.gravatar.com\\\/avatar\\\/d4fe7459cfc51ff5129ce1a732bbef5928568b8092d412ef95611616376bbeed?s=96&d=mm&r=g\",\"url\":\"https:\\\/\\\/secure.gravatar.com\\\/avatar\\\/d4fe7459cfc51ff5129ce1a732bbef5928568b8092d412ef95611616376bbeed?s=96&d=mm&r=g\",\"contentUrl\":\"https:\\\/\\\/secure.gravatar.com\\\/avatar\\\/d4fe7459cfc51ff5129ce1a732bbef5928568b8092d412ef95611616376bbeed?s=96&d=mm&r=g\",\"caption\":\"f1000024\"},\"url\":\"https:\\\/\\\/cvinoticias.com\\\/v3\\\/author\\\/f1000024\\\/\"}]}<\/script>\n<!-- \/ Yoast SEO plugin. -->","yoast_head_json":{"title":"Encontraron el cuerpo de un hombre flotando en la playita de F\u00e1tima en Garup\u00e1 | CVI NOTICIAS","robots":{"index":"index","follow":"follow","max-snippet":"max-snippet:-1","max-image-preview":"max-image-preview:large","max-video-preview":"max-video-preview:-1"},"canonical":"https:\/\/cvinoticias.com\/v3\/encontraron-el-cuerpo-de-un-hombre-flotando-en-la-playita-de-fatima-en-garupa\/","og_locale":"es_ES","og_type":"article","og_title":"Encontraron el cuerpo de un hombre flotando en la playita de F\u00e1tima en Garup\u00e1 | CVI NOTICIAS","og_description":"El cuerpo de hombre que presuntamente se habr\u00eda ahogado y a\u00fan no fue identificado, fue hallado alrededor de las 18:15 horas de hoy. Este martes por la tarde, efectivos de la Comisar\u00eda 14ta encontraron a una persona sin signos vitales en la \u201cplaya F\u00e1tima\u201d de Garup\u00e1. Al visualizar al cuerpo flotando en las aguas del [&hellip;]","og_url":"https:\/\/cvinoticias.com\/v3\/encontraron-el-cuerpo-de-un-hombre-flotando-en-la-playita-de-fatima-en-garupa\/","og_site_name":"CVI NOTICIAS","article_publisher":"https:\/\/www.facebook.com\/cvinoticias","article_published_time":"2023-03-22T00:42:36+00:00","og_image":[{"width":1080,"height":648,"url":"https:\/\/cvinoticias.com\/wp-content\/uploads\/2023\/03\/IMG-20230321-WA0091.jpg","type":"image\/jpeg"}],"author":"f1000024","twitter_card":"summary_large_image","twitter_misc":{"Escrito por":"f1000024","Tiempo de lectura":"1 minuto"},"schema":{"@context":"https:\/\/schema.org","@graph":[{"@type":"Article","@id":"https:\/\/cvinoticias.com\/v3\/encontraron-el-cuerpo-de-un-hombre-flotando-en-la-playita-de-fatima-en-garupa\/#article","isPartOf":{"@id":"https:\/\/cvinoticias.com\/v3\/encontraron-el-cuerpo-de-un-hombre-flotando-en-la-playita-de-fatima-en-garupa\/"},"author":{"name":"f1000024","@id":"https:\/\/cvinoticias.com\/v3\/#\/schema\/person\/2db77e3c6bc03c538495d7b2b8be9b66"},"headline":"Encontraron el cuerpo de un hombre flotando en la playita de F\u00e1tima en Garup\u00e1","datePublished":"2023-03-22T00:42:36+00:00","mainEntityOfPage":{"@id":"https:\/\/cvinoticias.com\/v3\/encontraron-el-cuerpo-de-un-hombre-flotando-en-la-playita-de-fatima-en-garupa\/"},"wordCount":132,"commentCount":0,"publisher":{"@id":"https:\/\/cvinoticias.com\/v3\/#organization"},"image":{"@id":"https:\/\/cvinoticias.com\/v3\/encontraron-el-cuerpo-de-un-hombre-flotando-en-la-playita-de-fatima-en-garupa\/#primaryimage"},"thumbnailUrl":"https:\/\/cvinoticias.com\/wp-content\/uploads\/2023\/03\/IMG-20230321-WA0091.jpg","articleSection":["Policiales"],"inLanguage":"es","potentialAction":[{"@type":"CommentAction","name":"Comment","target":["https:\/\/cvinoticias.com\/v3\/encontraron-el-cuerpo-de-un-hombre-flotando-en-la-playita-de-fatima-en-garupa\/#respond"]}]},{"@type":"WebPage","@id":"https:\/\/cvinoticias.com\/v3\/encontraron-el-cuerpo-de-un-hombre-flotando-en-la-playita-de-fatima-en-garupa\/","url":"https:\/\/cvinoticias.com\/v3\/encontraron-el-cuerpo-de-un-hombre-flotando-en-la-playita-de-fatima-en-garupa\/","name":"Encontraron el cuerpo de un hombre flotando en la playita de F\u00e1tima en Garup\u00e1 | CVI NOTICIAS","isPartOf":{"@id":"https:\/\/cvinoticias.com\/v3\/#website"},"primaryImageOfPage":{"@id":"https:\/\/cvinoticias.com\/v3\/encontraron-el-cuerpo-de-un-hombre-flotando-en-la-playita-de-fatima-en-garupa\/#primaryimage"},"image":{"@id":"https:\/\/cvinoticias.com\/v3\/encontraron-el-cuerpo-de-un-hombre-flotando-en-la-playita-de-fatima-en-garupa\/#primaryimage"},"thumbnailUrl":"https:\/\/cvinoticias.com\/wp-content\/uploads\/2023\/03\/IMG-20230321-WA0091.jpg","datePublished":"2023-03-22T00:42:36+00:00","breadcrumb":{"@id":"https:\/\/cvinoticias.com\/v3\/encontraron-el-cuerpo-de-un-hombre-flotando-en-la-playita-de-fatima-en-garupa\/#breadcrumb"},"inLanguage":"es","potentialAction":[{"@type":"ReadAction","target":["https:\/\/cvinoticias.com\/v3\/encontraron-el-cuerpo-de-un-hombre-flotando-en-la-playita-de-fatima-en-garupa\/"]}]},{"@type":"ImageObject","inLanguage":"es","@id":"https:\/\/cvinoticias.com\/v3\/encontraron-el-cuerpo-de-un-hombre-flotando-en-la-playita-de-fatima-en-garupa\/#primaryimage","url":"https:\/\/cvinoticias.com\/wp-content\/uploads\/2023\/03\/IMG-20230321-WA0091.jpg","contentUrl":"https:\/\/cvinoticias.com\/wp-content\/uploads\/2023\/03\/IMG-20230321-WA0091.jpg","width":1080,"height":648},{"@type":"BreadcrumbList","@id":"https:\/\/cvinoticias.com\/v3\/encontraron-el-cuerpo-de-un-hombre-flotando-en-la-playita-de-fatima-en-garupa\/#breadcrumb","itemListElement":[{"@type":"ListItem","position":1,"name":"Portada","item":"https:\/\/cvinoticias.com\/v3\/"},{"@type":"ListItem","position":2,"name":"Encontraron el cuerpo de un hombre flotando en la playita de F\u00e1tima en Garup\u00e1"}]},{"@type":"WebSite","@id":"https:\/\/cvinoticias.com\/v3\/#website","url":"https:\/\/cvinoticias.com\/v3\/","name":"CVI NOTICIAS","description":"","publisher":{"@id":"https:\/\/cvinoticias.com\/v3\/#organization"},"alternateName":"CVI","potentialAction":[{"@type":"SearchAction","target":{"@type":"EntryPoint","urlTemplate":"https:\/\/cvinoticias.com\/v3\/?s={search_term_string}"},"query-input":{"@type":"PropertyValueSpecification","valueRequired":true,"valueName":"search_term_string"}}],"inLanguage":"es"},{"@type":"Organization","@id":"https:\/\/cvinoticias.com\/v3\/#organization","name":"CVI NOTICIAS","url":"https:\/\/cvinoticias.com\/v3\/","logo":{"@type":"ImageObject","inLanguage":"es","@id":"https:\/\/cvinoticias.com\/v3\/#\/schema\/logo\/image\/","url":"https:\/\/cvinoticias.com\/wp-content\/uploads\/2023\/04\/cropped-cropped-cropped-cropped-cropped-3-1.png","contentUrl":"https:\/\/cvinoticias.com\/wp-content\/uploads\/2023\/04\/cropped-cropped-cropped-cropped-cropped-3-1.png","width":95,"height":122,"caption":"CVI NOTICIAS"},"image":{"@id":"https:\/\/cvinoticias.com\/v3\/#\/schema\/logo\/image\/"},"sameAs":["https:\/\/www.facebook.com\/cvinoticias","https:\/\/www.instagram.com\/cvinoticias\/","https:\/\/www.youtube.com\/@CVINOTICIAS"]},{"@type":"Person","@id":"https:\/\/cvinoticias.com\/v3\/#\/schema\/person\/2db77e3c6bc03c538495d7b2b8be9b66","name":"f1000024","image":{"@type":"ImageObject","inLanguage":"es","@id":"https:\/\/secure.gravatar.com\/avatar\/d4fe7459cfc51ff5129ce1a732bbef5928568b8092d412ef95611616376bbeed?s=96&d=mm&r=g","url":"https:\/\/secure.gravatar.com\/avatar\/d4fe7459cfc51ff5129ce1a732bbef5928568b8092d412ef95611616376bbeed?s=96&d=mm&r=g","contentUrl":"https:\/\/secure.gravatar.com\/avatar\/d4fe7459cfc51ff5129ce1a732bbef5928568b8092d412ef95611616376bbeed?s=96&d=mm&r=g","caption":"f1000024"},"url":"https:\/\/cvinoticias.com\/v3\/author\/f1000024\/"}]}},"_links":{"self":[{"href":"https:\/\/cvinoticias.com\/v3\/wp-json\/wp\/v2\/posts\/23477","targetHints":{"allow":["GET"]}}],"collection":[{"href":"https:\/\/cvinoticias.com\/v3\/wp-json\/wp\/v2\/posts"}],"about":[{"href":"https:\/\/cvinoticias.com\/v3\/wp-json\/wp\/v2\/types\/post"}],"author":[{"embeddable":true,"href":"https:\/\/cvinoticias.com\/v3\/wp-json\/wp\/v2\/users\/2"}],"replies":[{"embeddable":true,"href":"https:\/\/cvinoticias.com\/v3\/wp-json\/wp\/v2\/comments?post=23477"}],"version-history":[{"count":1,"href":"https:\/\/cvinoticias.com\/v3\/wp-json\/wp\/v2\/posts\/23477\/revisions"}],"predecessor-version":[{"id":23479,"href":"https:\/\/cvinoticias.com\/v3\/wp-json\/wp\/v2\/posts\/23477\/revisions\/23479"}],"wp:featuredmedia":[{"embeddable":true,"href":"https:\/\/cvinoticias.com\/v3\/wp-json\/wp\/v2\/media\/23478"}],"wp:attachment":[{"href":"https:\/\/cvinoticias.com\/v3\/wp-json\/wp\/v2\/media?parent=23477"}],"wp:term":[{"taxonomy":"category","embeddable":true,"href":"https:\/\/cvinoticias.com\/v3\/wp-json\/wp\/v2\/categories?post=23477"},{"taxonomy":"post_tag","embeddable":true,"href":"https:\/\/cvinoticias.com\/v3\/wp-json\/wp\/v2\/tags?post=23477"}],"curies":[{"name":"wp","href":"https:\/\/api.w.org\/{rel}","templated":true}]}}