{"id":23467,"date":"2023-03-21T23:48:50","date_gmt":"2023-03-21T23:48:50","guid":{"rendered":"https:\/\/cvinoticias.com\/v3\/?p=23467"},"modified":"2023-03-21T23:48:50","modified_gmt":"2023-03-21T23:48:50","slug":"misiones-presento-su-oferta-de-actividades-turisticas-para-semana-santa","status":"publish","type":"post","link":"https:\/\/cvinoticias.com\/v3\/misiones-presento-su-oferta-de-actividades-turisticas-para-semana-santa\/","title":{"rendered":"Misiones present\u00f3 su oferta de actividades tur\u00edsticas para Semana Santa"},"content":{"rendered":"\n<p><strong><em>En el marco del lanzamiento de la agencia integral para la Semana Santa en Misiones, el Gobernador acompa\u00f1\u00f3 una presentaci\u00f3n marcada por la amplitud de propuestas orientadas a todos los p\u00fablicos. Bajo la premisa de \u00abMisiones Naturaleza Santa\u00bb se di\u00f3 a conocer el men\u00fa de actividades al aire libre, conexi\u00f3n con el ambiente, descanso y reflexi\u00f3n en diversos puntos de la tierra colorada.<\/em><\/strong><\/p>\n\n\n\n<p>Esta ma\u00f1ana, con una ampia oferta de actividades relacionadas con el turismo religioso, paseos al aire libre, y ferias gastron\u00f3micas, se present\u00f3 la propuesta \u201cMisiones Naturaleza Santa\u201d, una agenda integral de actividades especialmente dise\u00f1adas para todos los p\u00fablicos. En la Sala de Situaci\u00f3n, el gobernador Oscar Herrera Ahuad particip\u00f3 en la presentaci\u00f3n de la grilla que involucra a diferentes municipios y acompa\u00f1\u00f3 a los jefes comunales en la descripci\u00f3n de sus propuestas.<\/p>\n\n\n\n<p>Vale destacar que Misiones, como cada a\u00f1o, tendr\u00e1 su epicentro en la Liturgia del Jueves Santo con epicentro en la Reducci\u00f3n de San Ignacio, donde se concretar\u00e1 la celebraci\u00f3n de la Misa Criolla con un repertorio interpretado por m\u00fasicos populares de la tierra colorada que contar\u00e1 con la presentaci\u00f3n especial de Zamba Quipildor.<\/p>\n\n\n\n<p>El ministro de Turismo, Jos\u00e9 Mar\u00eda Arr\u00faa, destac\u00f3 la oferta integral de la provincia, y la iniciativa Misiones en 360\u00ba \u00aben la cual podemos mostrar todos los atractivos\u00bb. \u00abHemos habilitado nuestra p\u00e1gina web de e-commerce nuevamente Viajar por Misiones, que muestra toda la oferta tur\u00edstica\u00bb, inform\u00f3. Resalt\u00f3 que la provincia ya cuentacon un 75% de reservas y se espera superar ese n\u00famero llegando al 95% o 98% de ocupaci\u00f3n.<\/p>\n\n\n\n<figure class=\"wp-block-image size-full\"><a href=\"https:\/\/cvinoticias.com\/wp-content\/uploads\/2023\/03\/FB_IMG_1679439122080.jpg\"><img decoding=\"async\" width=\"1024\" height=\"683\" data-src=\"https:\/\/cvinoticias.com\/wp-content\/uploads\/2023\/03\/FB_IMG_1679439122080.jpg\" alt=\"\" class=\"wp-image-23468 lazyload\" data-srcset=\"https:\/\/cvinoticias.com\/wp-content\/uploads\/2023\/03\/FB_IMG_1679439122080.jpg 1024w, https:\/\/cvinoticias.com\/wp-content\/uploads\/2023\/03\/FB_IMG_1679439122080-300x200.jpg 300w, https:\/\/cvinoticias.com\/wp-content\/uploads\/2023\/03\/FB_IMG_1679439122080-768x512.jpg 768w\" data-sizes=\"(max-width: 1024px) 100vw, 1024px\" src=\"data:image\/svg+xml;base64,PHN2ZyB3aWR0aD0iMSIgaGVpZ2h0PSIxIiB4bWxucz0iaHR0cDovL3d3dy53My5vcmcvMjAwMC9zdmciPjwvc3ZnPg==\" style=\"--smush-placeholder-width: 1024px; --smush-placeholder-aspect-ratio: 1024\/683;\" \/><\/a><\/figure>\n\n\n\n<p>Adem\u00e1s, inst\u00f3 a seguir a los emprendedores a que sigan trabajando, emprendiendo en turismo, para que nuevamente la actividad tur\u00edstica sea pieza fundamental del motor de la actividad econ\u00f3mica de la provincia. \u201cEsperamos que la Semana Santa en Misiones sea justamente la mejor propuesta en la Argentina\u00bb, apunt\u00f3.<\/p>\n\n\n\n<p>En tanto, el ministro de Cultura, Jos\u00e9 Mart\u00edn Schuap, celebr\u00f3 la realizaci\u00f3n conjunta de la Misa Criolla y la tradicional Misa en las Reducciones, que \u00aben esta oportunidad se da la conjunci\u00f3n de muchos a\u00f1os de construcci\u00f3n con los m\u00fasicos misioneros\u00bb. Dio detalles de este evento cultural con la presentaci\u00f3n de Zamba Quipildor. Agradeci\u00f3 el papel del Gobernador por siempre \u201cconstruir e incluir a los artistas de nuestra provincia\u00bb.<\/p>\n\n\n\n<figure class=\"wp-block-image size-full\"><a href=\"https:\/\/cvinoticias.com\/wp-content\/uploads\/2023\/03\/FB_IMG_1679439125897.jpg\"><img decoding=\"async\" width=\"1024\" height=\"683\" data-src=\"https:\/\/cvinoticias.com\/wp-content\/uploads\/2023\/03\/FB_IMG_1679439125897.jpg\" alt=\"\" class=\"wp-image-23469 lazyload\" data-srcset=\"https:\/\/cvinoticias.com\/wp-content\/uploads\/2023\/03\/FB_IMG_1679439125897.jpg 1024w, https:\/\/cvinoticias.com\/wp-content\/uploads\/2023\/03\/FB_IMG_1679439125897-300x200.jpg 300w, https:\/\/cvinoticias.com\/wp-content\/uploads\/2023\/03\/FB_IMG_1679439125897-768x512.jpg 768w\" data-sizes=\"(max-width: 1024px) 100vw, 1024px\" src=\"data:image\/svg+xml;base64,PHN2ZyB3aWR0aD0iMSIgaGVpZ2h0PSIxIiB4bWxucz0iaHR0cDovL3d3dy53My5vcmcvMjAwMC9zdmciPjwvc3ZnPg==\" style=\"--smush-placeholder-width: 1024px; --smush-placeholder-aspect-ratio: 1024\/683;\" \/><\/a><\/figure>\n\n\n\n<p>Por su parte, el vicario general de la Di\u00f3cesis de Posadas, Sebasti\u00e1n Escalante, asegur\u00f3 que \u00abla fe es uno de los grandes motores que mueven a una sociedad y el marco que tenemos en la provincia de Misiones, con su naturaleza, es el escenario que nos va a ayudar a conjugar todo esto que tiene la fe, la cultura de nuestro pueblo, las ra\u00edces de nuestra historia y el presente que es siempre pujante y con ganas de superarse. Celebramos estas actividades que dan una pista, un camino, una posibilidad de que los misioneros, y tambi\u00e9n los que nos visitan, puedan redescubrir esa dimensi\u00f3n trascendente que tenemos\u00bb.<\/p>\n\n\n\n<p>A su turno, el intendente de Posadas, Leonardo Stelatto, coment\u00f3 que la variada agenda de actividades va a estar disponible \u00aben todos los sectores de la ciudad y a disposici\u00f3n para poner actividades de toda la gente, del vecino de la ciudad y los turistas que nos puedan visitar\u00bb. En tanto, su par de San Ignacio, Javier Peralta, resalt\u00f3 la oferta tur\u00edstica de la localidad, la realizaci\u00f3n de la Liturgia del Jueves Santo en el predio de las reducciones y las grandes posibilidades econ\u00f3micas que aporta la Semana Santa a la zona.<\/p>\n\n\n\n<p>Por su parte, desde Ap\u00f3stoles y por videoconferencia, la intendenta Mar\u00eda Eugenia Safr\u00e1n, hizo referencia a la rica propuesta tur\u00edstica y cultural de la Capital Nacional de la Yerba Mate, marcada por tradiciones ucranianas y la suma de nuevos emprendimientos privados. Luego, el jefe comunal de El Soberbio, Roque Soboczinski, celebr\u00f3 la posibilidad de recibir la primera l\u00ednea desde Puerto Iguaz\u00fa al Parque Provincial Mocon\u00e1. En tanto, el interventor de Salto Encantado, Andr\u00e9s Podkowa invit\u00f3 a disfrutar la oferta cultural y gastron\u00f3mica en su ciudad y destac\u00f3 el creciente n\u00famero de visitantes a los Saltos del Mocon\u00e1.<\/p>\n\n\n\n<p>La presentaci\u00f3n tambi\u00e9n cont\u00f3 con la participaci\u00f3n de intendentes de diversos puntos de Misiones y otros funcionarios provinciales por videoconferencia.<\/p>\n\n\n\n<p><em><strong>SEMANA SANTA EN MISIONES<\/strong><\/em><\/p>\n\n\n\n<p>En mayor detalle, como es habitual, la provincia tiene preparada una agenda integral de actividades especialmente dise\u00f1adas para todos los gustos. Familia y amistades podr\u00e1n elegir el mejor plan en la tierra colorada. El lema de la propuesta tur\u00edstica para este a\u00f1o es \u201cMisiones Naturaleza Santa\u201d, con la cual se busca fortalecer la promoci\u00f3n de las actividades de turismo activo en la provincia. Los diferentes municipios de Misiones cuentan con una grilla de propuestas para Semana Santa que se conjugan y complementan entre s\u00ed, a trav\u00e9s de talleres, misas, espect\u00e1culos art\u00edsticos, paseos, ferias, etc.<\/p>\n\n\n\n<figure class=\"wp-block-image size-full\"><a href=\"https:\/\/cvinoticias.com\/wp-content\/uploads\/2023\/03\/FB_IMG_1679439129729.jpg\"><img decoding=\"async\" width=\"1024\" height=\"683\" data-src=\"https:\/\/cvinoticias.com\/wp-content\/uploads\/2023\/03\/FB_IMG_1679439129729.jpg\" alt=\"\" class=\"wp-image-23471 lazyload\" data-srcset=\"https:\/\/cvinoticias.com\/wp-content\/uploads\/2023\/03\/FB_IMG_1679439129729.jpg 1024w, https:\/\/cvinoticias.com\/wp-content\/uploads\/2023\/03\/FB_IMG_1679439129729-300x200.jpg 300w, https:\/\/cvinoticias.com\/wp-content\/uploads\/2023\/03\/FB_IMG_1679439129729-768x512.jpg 768w\" data-sizes=\"(max-width: 1024px) 100vw, 1024px\" src=\"data:image\/svg+xml;base64,PHN2ZyB3aWR0aD0iMSIgaGVpZ2h0PSIxIiB4bWxucz0iaHR0cDovL3d3dy53My5vcmcvMjAwMC9zdmciPjwvc3ZnPg==\" style=\"--smush-placeholder-width: 1024px; --smush-placeholder-aspect-ratio: 1024\/683;\" \/><\/a><\/figure>\n\n\n\n<p>Adem\u00e1s de la grilla a la que se podr\u00e1 acceder mediante un c\u00f3digo QR, se present\u00f3 la segunda edici\u00f3n del programa \u201cViaja por Misiones\u201d en Semana Santa: una herramienta promocional que a la fecha permite el ordenamiento y el posicionamiento de esta nueva oferta de actividades tur\u00edsticas alternativas de bajo impacto que se vienen realizando en todo el territorio provincial en sus diferentes modalidades y con formatos de tierra, agua y aire. (www.viajapormisiones.com). Esta plataforma es un impulso en la promoci\u00f3n, un nuevo canal de comercializaci\u00f3n directa, din\u00e1mica y emprendedora por fuera de los formatos tradicionales de venta del turismo. La vigencia de esta promoci\u00f3n estar\u00e1 acotada en esta edici\u00f3n a Semana Santa 2023: desde el jueves 6 al domingo 9 de abril.<\/p>\n\n\n\n<p>Para saber m\u00e1s sobre las propuestas para la temporada en la tierra colorada se recomienda consultar los portales web de los municipios de Puerto Rico, Capiov\u00ed, Ap\u00f3stoles, Salto Encantado, Posadas, San Vicente, Garuhap\u00e9 y el Parque Tem\u00e1tico de la Cruz de Santa Ana como del Parque Provincial del Mocon\u00e1.<\/p>\n","protected":false},"excerpt":{"rendered":"<p>En el marco del lanzamiento de la agencia integral para la Semana Santa en Misiones, el Gobernador acompa\u00f1\u00f3 una presentaci\u00f3n marcada por la amplitud de propuestas orientadas a todos los p\u00fablicos. Bajo la premisa de \u00abMisiones Naturaleza Santa\u00bb se di\u00f3 a conocer el men\u00fa de actividades al aire libre, conexi\u00f3n con el ambiente, descanso y [&hellip;]<\/p>\n","protected":false},"author":2,"featured_media":23470,"comment_status":"open","ping_status":"open","sticky":false,"template":"","format":"standard","meta":{"footnotes":""},"categories":[43],"tags":[],"class_list":["post-23467","post","type-post","status-publish","format-standard","has-post-thumbnail","hentry","category-provinciales"],"yoast_head":"<!-- This site is optimized with the Yoast SEO plugin v27.4 - https:\/\/yoast.com\/product\/yoast-seo-wordpress\/ -->\n<title>Misiones present\u00f3 su oferta de actividades tur\u00edsticas para Semana Santa | CVI NOTICIAS<\/title>\n<meta name=\"robots\" content=\"index, follow, max-snippet:-1, max-image-preview:large, max-video-preview:-1\" \/>\n<link rel=\"canonical\" href=\"https:\/\/cvinoticias.com\/v3\/misiones-presento-su-oferta-de-actividades-turisticas-para-semana-santa\/\" \/>\n<meta property=\"og:locale\" content=\"es_ES\" \/>\n<meta property=\"og:type\" content=\"article\" \/>\n<meta property=\"og:title\" content=\"Misiones present\u00f3 su oferta de actividades tur\u00edsticas para Semana Santa | CVI NOTICIAS\" \/>\n<meta property=\"og:description\" content=\"En el marco del lanzamiento de la agencia integral para la Semana Santa en Misiones, el Gobernador acompa\u00f1\u00f3 una presentaci\u00f3n marcada por la amplitud de propuestas orientadas a todos los p\u00fablicos. Bajo la premisa de \u00abMisiones Naturaleza Santa\u00bb se di\u00f3 a conocer el men\u00fa de actividades al aire libre, conexi\u00f3n con el ambiente, descanso y [&hellip;]\" \/>\n<meta property=\"og:url\" content=\"https:\/\/cvinoticias.com\/v3\/misiones-presento-su-oferta-de-actividades-turisticas-para-semana-santa\/\" \/>\n<meta property=\"og:site_name\" content=\"CVI NOTICIAS\" \/>\n<meta property=\"article:publisher\" content=\"https:\/\/www.facebook.com\/cvinoticias\" \/>\n<meta property=\"article:published_time\" content=\"2023-03-21T23:48:50+00:00\" \/>\n<meta property=\"og:image\" content=\"https:\/\/cvinoticias.com\/wp-content\/uploads\/2023\/03\/FB_IMG_1679439117954.jpg\" \/>\n\t<meta property=\"og:image:width\" content=\"1024\" \/>\n\t<meta property=\"og:image:height\" content=\"683\" \/>\n\t<meta property=\"og:image:type\" content=\"image\/jpeg\" \/>\n<meta name=\"author\" content=\"f1000024\" \/>\n<meta name=\"twitter:card\" content=\"summary_large_image\" \/>\n<meta name=\"twitter:label1\" content=\"Escrito por\" \/>\n\t<meta name=\"twitter:data1\" content=\"f1000024\" \/>\n\t<meta name=\"twitter:label2\" content=\"Tiempo de lectura\" \/>\n\t<meta name=\"twitter:data2\" content=\"5 minutos\" \/>\n<script type=\"application\/ld+json\" class=\"yoast-schema-graph\">{\"@context\":\"https:\\\/\\\/schema.org\",\"@graph\":[{\"@type\":\"Article\",\"@id\":\"https:\\\/\\\/cvinoticias.com\\\/v3\\\/misiones-presento-su-oferta-de-actividades-turisticas-para-semana-santa\\\/#article\",\"isPartOf\":{\"@id\":\"https:\\\/\\\/cvinoticias.com\\\/v3\\\/misiones-presento-su-oferta-de-actividades-turisticas-para-semana-santa\\\/\"},\"author\":{\"name\":\"f1000024\",\"@id\":\"https:\\\/\\\/cvinoticias.com\\\/v3\\\/#\\\/schema\\\/person\\\/2db77e3c6bc03c538495d7b2b8be9b66\"},\"headline\":\"Misiones present\u00f3 su oferta de actividades tur\u00edsticas para Semana Santa\",\"datePublished\":\"2023-03-21T23:48:50+00:00\",\"mainEntityOfPage\":{\"@id\":\"https:\\\/\\\/cvinoticias.com\\\/v3\\\/misiones-presento-su-oferta-de-actividades-turisticas-para-semana-santa\\\/\"},\"wordCount\":1038,\"commentCount\":0,\"publisher\":{\"@id\":\"https:\\\/\\\/cvinoticias.com\\\/v3\\\/#organization\"},\"image\":{\"@id\":\"https:\\\/\\\/cvinoticias.com\\\/v3\\\/misiones-presento-su-oferta-de-actividades-turisticas-para-semana-santa\\\/#primaryimage\"},\"thumbnailUrl\":\"https:\\\/\\\/cvinoticias.com\\\/wp-content\\\/uploads\\\/2023\\\/03\\\/FB_IMG_1679439117954.jpg\",\"articleSection\":[\"Provinciales\"],\"inLanguage\":\"es\",\"potentialAction\":[{\"@type\":\"CommentAction\",\"name\":\"Comment\",\"target\":[\"https:\\\/\\\/cvinoticias.com\\\/v3\\\/misiones-presento-su-oferta-de-actividades-turisticas-para-semana-santa\\\/#respond\"]}]},{\"@type\":\"WebPage\",\"@id\":\"https:\\\/\\\/cvinoticias.com\\\/v3\\\/misiones-presento-su-oferta-de-actividades-turisticas-para-semana-santa\\\/\",\"url\":\"https:\\\/\\\/cvinoticias.com\\\/v3\\\/misiones-presento-su-oferta-de-actividades-turisticas-para-semana-santa\\\/\",\"name\":\"Misiones present\u00f3 su oferta de actividades tur\u00edsticas para Semana Santa | CVI NOTICIAS\",\"isPartOf\":{\"@id\":\"https:\\\/\\\/cvinoticias.com\\\/v3\\\/#website\"},\"primaryImageOfPage\":{\"@id\":\"https:\\\/\\\/cvinoticias.com\\\/v3\\\/misiones-presento-su-oferta-de-actividades-turisticas-para-semana-santa\\\/#primaryimage\"},\"image\":{\"@id\":\"https:\\\/\\\/cvinoticias.com\\\/v3\\\/misiones-presento-su-oferta-de-actividades-turisticas-para-semana-santa\\\/#primaryimage\"},\"thumbnailUrl\":\"https:\\\/\\\/cvinoticias.com\\\/wp-content\\\/uploads\\\/2023\\\/03\\\/FB_IMG_1679439117954.jpg\",\"datePublished\":\"2023-03-21T23:48:50+00:00\",\"breadcrumb\":{\"@id\":\"https:\\\/\\\/cvinoticias.com\\\/v3\\\/misiones-presento-su-oferta-de-actividades-turisticas-para-semana-santa\\\/#breadcrumb\"},\"inLanguage\":\"es\",\"potentialAction\":[{\"@type\":\"ReadAction\",\"target\":[\"https:\\\/\\\/cvinoticias.com\\\/v3\\\/misiones-presento-su-oferta-de-actividades-turisticas-para-semana-santa\\\/\"]}]},{\"@type\":\"ImageObject\",\"inLanguage\":\"es\",\"@id\":\"https:\\\/\\\/cvinoticias.com\\\/v3\\\/misiones-presento-su-oferta-de-actividades-turisticas-para-semana-santa\\\/#primaryimage\",\"url\":\"https:\\\/\\\/cvinoticias.com\\\/wp-content\\\/uploads\\\/2023\\\/03\\\/FB_IMG_1679439117954.jpg\",\"contentUrl\":\"https:\\\/\\\/cvinoticias.com\\\/wp-content\\\/uploads\\\/2023\\\/03\\\/FB_IMG_1679439117954.jpg\",\"width\":1024,\"height\":683},{\"@type\":\"BreadcrumbList\",\"@id\":\"https:\\\/\\\/cvinoticias.com\\\/v3\\\/misiones-presento-su-oferta-de-actividades-turisticas-para-semana-santa\\\/#breadcrumb\",\"itemListElement\":[{\"@type\":\"ListItem\",\"position\":1,\"name\":\"Portada\",\"item\":\"https:\\\/\\\/cvinoticias.com\\\/v3\\\/\"},{\"@type\":\"ListItem\",\"position\":2,\"name\":\"Misiones present\u00f3 su oferta de actividades tur\u00edsticas para Semana Santa\"}]},{\"@type\":\"WebSite\",\"@id\":\"https:\\\/\\\/cvinoticias.com\\\/v3\\\/#website\",\"url\":\"https:\\\/\\\/cvinoticias.com\\\/v3\\\/\",\"name\":\"CVI NOTICIAS\",\"description\":\"\",\"publisher\":{\"@id\":\"https:\\\/\\\/cvinoticias.com\\\/v3\\\/#organization\"},\"alternateName\":\"CVI\",\"potentialAction\":[{\"@type\":\"SearchAction\",\"target\":{\"@type\":\"EntryPoint\",\"urlTemplate\":\"https:\\\/\\\/cvinoticias.com\\\/v3\\\/?s={search_term_string}\"},\"query-input\":{\"@type\":\"PropertyValueSpecification\",\"valueRequired\":true,\"valueName\":\"search_term_string\"}}],\"inLanguage\":\"es\"},{\"@type\":\"Organization\",\"@id\":\"https:\\\/\\\/cvinoticias.com\\\/v3\\\/#organization\",\"name\":\"CVI NOTICIAS\",\"url\":\"https:\\\/\\\/cvinoticias.com\\\/v3\\\/\",\"logo\":{\"@type\":\"ImageObject\",\"inLanguage\":\"es\",\"@id\":\"https:\\\/\\\/cvinoticias.com\\\/v3\\\/#\\\/schema\\\/logo\\\/image\\\/\",\"url\":\"https:\\\/\\\/cvinoticias.com\\\/wp-content\\\/uploads\\\/2023\\\/04\\\/cropped-cropped-cropped-cropped-cropped-3-1.png\",\"contentUrl\":\"https:\\\/\\\/cvinoticias.com\\\/wp-content\\\/uploads\\\/2023\\\/04\\\/cropped-cropped-cropped-cropped-cropped-3-1.png\",\"width\":95,\"height\":122,\"caption\":\"CVI NOTICIAS\"},\"image\":{\"@id\":\"https:\\\/\\\/cvinoticias.com\\\/v3\\\/#\\\/schema\\\/logo\\\/image\\\/\"},\"sameAs\":[\"https:\\\/\\\/www.facebook.com\\\/cvinoticias\",\"https:\\\/\\\/www.instagram.com\\\/cvinoticias\\\/\",\"https:\\\/\\\/www.youtube.com\\\/@CVINOTICIAS\"]},{\"@type\":\"Person\",\"@id\":\"https:\\\/\\\/cvinoticias.com\\\/v3\\\/#\\\/schema\\\/person\\\/2db77e3c6bc03c538495d7b2b8be9b66\",\"name\":\"f1000024\",\"image\":{\"@type\":\"ImageObject\",\"inLanguage\":\"es\",\"@id\":\"https:\\\/\\\/secure.gravatar.com\\\/avatar\\\/d4fe7459cfc51ff5129ce1a732bbef5928568b8092d412ef95611616376bbeed?s=96&d=mm&r=g\",\"url\":\"https:\\\/\\\/secure.gravatar.com\\\/avatar\\\/d4fe7459cfc51ff5129ce1a732bbef5928568b8092d412ef95611616376bbeed?s=96&d=mm&r=g\",\"contentUrl\":\"https:\\\/\\\/secure.gravatar.com\\\/avatar\\\/d4fe7459cfc51ff5129ce1a732bbef5928568b8092d412ef95611616376bbeed?s=96&d=mm&r=g\",\"caption\":\"f1000024\"},\"url\":\"https:\\\/\\\/cvinoticias.com\\\/v3\\\/author\\\/f1000024\\\/\"}]}<\/script>\n<!-- \/ Yoast SEO plugin. -->","yoast_head_json":{"title":"Misiones present\u00f3 su oferta de actividades tur\u00edsticas para Semana Santa | CVI NOTICIAS","robots":{"index":"index","follow":"follow","max-snippet":"max-snippet:-1","max-image-preview":"max-image-preview:large","max-video-preview":"max-video-preview:-1"},"canonical":"https:\/\/cvinoticias.com\/v3\/misiones-presento-su-oferta-de-actividades-turisticas-para-semana-santa\/","og_locale":"es_ES","og_type":"article","og_title":"Misiones present\u00f3 su oferta de actividades tur\u00edsticas para Semana Santa | CVI NOTICIAS","og_description":"En el marco del lanzamiento de la agencia integral para la Semana Santa en Misiones, el Gobernador acompa\u00f1\u00f3 una presentaci\u00f3n marcada por la amplitud de propuestas orientadas a todos los p\u00fablicos. Bajo la premisa de \u00abMisiones Naturaleza Santa\u00bb se di\u00f3 a conocer el men\u00fa de actividades al aire libre, conexi\u00f3n con el ambiente, descanso y [&hellip;]","og_url":"https:\/\/cvinoticias.com\/v3\/misiones-presento-su-oferta-de-actividades-turisticas-para-semana-santa\/","og_site_name":"CVI NOTICIAS","article_publisher":"https:\/\/www.facebook.com\/cvinoticias","article_published_time":"2023-03-21T23:48:50+00:00","og_image":[{"width":1024,"height":683,"url":"https:\/\/cvinoticias.com\/wp-content\/uploads\/2023\/03\/FB_IMG_1679439117954.jpg","type":"image\/jpeg"}],"author":"f1000024","twitter_card":"summary_large_image","twitter_misc":{"Escrito por":"f1000024","Tiempo de lectura":"5 minutos"},"schema":{"@context":"https:\/\/schema.org","@graph":[{"@type":"Article","@id":"https:\/\/cvinoticias.com\/v3\/misiones-presento-su-oferta-de-actividades-turisticas-para-semana-santa\/#article","isPartOf":{"@id":"https:\/\/cvinoticias.com\/v3\/misiones-presento-su-oferta-de-actividades-turisticas-para-semana-santa\/"},"author":{"name":"f1000024","@id":"https:\/\/cvinoticias.com\/v3\/#\/schema\/person\/2db77e3c6bc03c538495d7b2b8be9b66"},"headline":"Misiones present\u00f3 su oferta de actividades tur\u00edsticas para Semana Santa","datePublished":"2023-03-21T23:48:50+00:00","mainEntityOfPage":{"@id":"https:\/\/cvinoticias.com\/v3\/misiones-presento-su-oferta-de-actividades-turisticas-para-semana-santa\/"},"wordCount":1038,"commentCount":0,"publisher":{"@id":"https:\/\/cvinoticias.com\/v3\/#organization"},"image":{"@id":"https:\/\/cvinoticias.com\/v3\/misiones-presento-su-oferta-de-actividades-turisticas-para-semana-santa\/#primaryimage"},"thumbnailUrl":"https:\/\/cvinoticias.com\/wp-content\/uploads\/2023\/03\/FB_IMG_1679439117954.jpg","articleSection":["Provinciales"],"inLanguage":"es","potentialAction":[{"@type":"CommentAction","name":"Comment","target":["https:\/\/cvinoticias.com\/v3\/misiones-presento-su-oferta-de-actividades-turisticas-para-semana-santa\/#respond"]}]},{"@type":"WebPage","@id":"https:\/\/cvinoticias.com\/v3\/misiones-presento-su-oferta-de-actividades-turisticas-para-semana-santa\/","url":"https:\/\/cvinoticias.com\/v3\/misiones-presento-su-oferta-de-actividades-turisticas-para-semana-santa\/","name":"Misiones present\u00f3 su oferta de actividades tur\u00edsticas para Semana Santa | CVI NOTICIAS","isPartOf":{"@id":"https:\/\/cvinoticias.com\/v3\/#website"},"primaryImageOfPage":{"@id":"https:\/\/cvinoticias.com\/v3\/misiones-presento-su-oferta-de-actividades-turisticas-para-semana-santa\/#primaryimage"},"image":{"@id":"https:\/\/cvinoticias.com\/v3\/misiones-presento-su-oferta-de-actividades-turisticas-para-semana-santa\/#primaryimage"},"thumbnailUrl":"https:\/\/cvinoticias.com\/wp-content\/uploads\/2023\/03\/FB_IMG_1679439117954.jpg","datePublished":"2023-03-21T23:48:50+00:00","breadcrumb":{"@id":"https:\/\/cvinoticias.com\/v3\/misiones-presento-su-oferta-de-actividades-turisticas-para-semana-santa\/#breadcrumb"},"inLanguage":"es","potentialAction":[{"@type":"ReadAction","target":["https:\/\/cvinoticias.com\/v3\/misiones-presento-su-oferta-de-actividades-turisticas-para-semana-santa\/"]}]},{"@type":"ImageObject","inLanguage":"es","@id":"https:\/\/cvinoticias.com\/v3\/misiones-presento-su-oferta-de-actividades-turisticas-para-semana-santa\/#primaryimage","url":"https:\/\/cvinoticias.com\/wp-content\/uploads\/2023\/03\/FB_IMG_1679439117954.jpg","contentUrl":"https:\/\/cvinoticias.com\/wp-content\/uploads\/2023\/03\/FB_IMG_1679439117954.jpg","width":1024,"height":683},{"@type":"BreadcrumbList","@id":"https:\/\/cvinoticias.com\/v3\/misiones-presento-su-oferta-de-actividades-turisticas-para-semana-santa\/#breadcrumb","itemListElement":[{"@type":"ListItem","position":1,"name":"Portada","item":"https:\/\/cvinoticias.com\/v3\/"},{"@type":"ListItem","position":2,"name":"Misiones present\u00f3 su oferta de actividades tur\u00edsticas para Semana Santa"}]},{"@type":"WebSite","@id":"https:\/\/cvinoticias.com\/v3\/#website","url":"https:\/\/cvinoticias.com\/v3\/","name":"CVI NOTICIAS","description":"","publisher":{"@id":"https:\/\/cvinoticias.com\/v3\/#organization"},"alternateName":"CVI","potentialAction":[{"@type":"SearchAction","target":{"@type":"EntryPoint","urlTemplate":"https:\/\/cvinoticias.com\/v3\/?s={search_term_string}"},"query-input":{"@type":"PropertyValueSpecification","valueRequired":true,"valueName":"search_term_string"}}],"inLanguage":"es"},{"@type":"Organization","@id":"https:\/\/cvinoticias.com\/v3\/#organization","name":"CVI NOTICIAS","url":"https:\/\/cvinoticias.com\/v3\/","logo":{"@type":"ImageObject","inLanguage":"es","@id":"https:\/\/cvinoticias.com\/v3\/#\/schema\/logo\/image\/","url":"https:\/\/cvinoticias.com\/wp-content\/uploads\/2023\/04\/cropped-cropped-cropped-cropped-cropped-3-1.png","contentUrl":"https:\/\/cvinoticias.com\/wp-content\/uploads\/2023\/04\/cropped-cropped-cropped-cropped-cropped-3-1.png","width":95,"height":122,"caption":"CVI NOTICIAS"},"image":{"@id":"https:\/\/cvinoticias.com\/v3\/#\/schema\/logo\/image\/"},"sameAs":["https:\/\/www.facebook.com\/cvinoticias","https:\/\/www.instagram.com\/cvinoticias\/","https:\/\/www.youtube.com\/@CVINOTICIAS"]},{"@type":"Person","@id":"https:\/\/cvinoticias.com\/v3\/#\/schema\/person\/2db77e3c6bc03c538495d7b2b8be9b66","name":"f1000024","image":{"@type":"ImageObject","inLanguage":"es","@id":"https:\/\/secure.gravatar.com\/avatar\/d4fe7459cfc51ff5129ce1a732bbef5928568b8092d412ef95611616376bbeed?s=96&d=mm&r=g","url":"https:\/\/secure.gravatar.com\/avatar\/d4fe7459cfc51ff5129ce1a732bbef5928568b8092d412ef95611616376bbeed?s=96&d=mm&r=g","contentUrl":"https:\/\/secure.gravatar.com\/avatar\/d4fe7459cfc51ff5129ce1a732bbef5928568b8092d412ef95611616376bbeed?s=96&d=mm&r=g","caption":"f1000024"},"url":"https:\/\/cvinoticias.com\/v3\/author\/f1000024\/"}]}},"_links":{"self":[{"href":"https:\/\/cvinoticias.com\/v3\/wp-json\/wp\/v2\/posts\/23467","targetHints":{"allow":["GET"]}}],"collection":[{"href":"https:\/\/cvinoticias.com\/v3\/wp-json\/wp\/v2\/posts"}],"about":[{"href":"https:\/\/cvinoticias.com\/v3\/wp-json\/wp\/v2\/types\/post"}],"author":[{"embeddable":true,"href":"https:\/\/cvinoticias.com\/v3\/wp-json\/wp\/v2\/users\/2"}],"replies":[{"embeddable":true,"href":"https:\/\/cvinoticias.com\/v3\/wp-json\/wp\/v2\/comments?post=23467"}],"version-history":[{"count":1,"href":"https:\/\/cvinoticias.com\/v3\/wp-json\/wp\/v2\/posts\/23467\/revisions"}],"predecessor-version":[{"id":23472,"href":"https:\/\/cvinoticias.com\/v3\/wp-json\/wp\/v2\/posts\/23467\/revisions\/23472"}],"wp:featuredmedia":[{"embeddable":true,"href":"https:\/\/cvinoticias.com\/v3\/wp-json\/wp\/v2\/media\/23470"}],"wp:attachment":[{"href":"https:\/\/cvinoticias.com\/v3\/wp-json\/wp\/v2\/media?parent=23467"}],"wp:term":[{"taxonomy":"category","embeddable":true,"href":"https:\/\/cvinoticias.com\/v3\/wp-json\/wp\/v2\/categories?post=23467"},{"taxonomy":"post_tag","embeddable":true,"href":"https:\/\/cvinoticias.com\/v3\/wp-json\/wp\/v2\/tags?post=23467"}],"curies":[{"name":"wp","href":"https:\/\/api.w.org\/{rel}","templated":true}]}}