{"id":23456,"date":"2023-03-21T11:20:09","date_gmt":"2023-03-21T11:20:09","guid":{"rendered":"https:\/\/cvinoticias.com\/v3\/?p=23456"},"modified":"2023-03-21T11:20:09","modified_gmt":"2023-03-21T11:20:09","slug":"iguazu-fue-a-denunciar-el-robo-de-su-motocicleta-y-efectivos-policiales-ya-lo-habian-recuperado","status":"publish","type":"post","link":"https:\/\/cvinoticias.com\/v3\/iguazu-fue-a-denunciar-el-robo-de-su-motocicleta-y-efectivos-policiales-ya-lo-habian-recuperado\/","title":{"rendered":"Iguaz\u00fa: Fue a denunciar el robo de su motocicleta y efectivos policiales ya lo hab\u00edan recuperado"},"content":{"rendered":"\n<p><strong><em>En el marco de los operativos de seguridad que lleva adelante la polic\u00eda en las \u00faltimas horas hall\u00f3 abandonado sobre la Calle San Jos\u00e9 a metros de la avenida N\u00e9stor Kirchner del barrio Santa Rita una motocicleta marca Keller de 110 c.c. de color negro, procedi\u00e9ndose al secuestro del mismo y al traslado a sede policial.<\/em><\/strong><\/p>\n\n\n\n<p>Al cabo de alguna horas se hizo presente en sede policial una mujer de 23 a\u00f1os quien manifest\u00f3 que en la fecha alrededor de las 06.00 horas constat\u00f3 que desconocidos le sustrajeron su motovehiculo marca Keller de color negro que dej\u00f3 estacionado sobre la calle San Pantale\u00f3n del mismo barrio.<\/p>\n\n\n\n<p>Posteriormente y conforme directivas del magistrado interviniente finalizados los tr\u00e1mites de rigor acreditando la propiedad del bien, se restituy\u00f3 el motovehiculo a su damnificada.<\/p>\n","protected":false},"excerpt":{"rendered":"<p>En el marco de los operativos de seguridad que lleva adelante la polic\u00eda en las \u00faltimas horas hall\u00f3 abandonado sobre la Calle San Jos\u00e9 a metros de la avenida N\u00e9stor Kirchner del barrio Santa Rita una motocicleta marca Keller de 110 c.c. de color negro, procedi\u00e9ndose al secuestro del mismo y al traslado a sede [&hellip;]<\/p>\n","protected":false},"author":2,"featured_media":23457,"comment_status":"open","ping_status":"open","sticky":false,"template":"","format":"standard","meta":{"footnotes":""},"categories":[41],"tags":[],"class_list":["post-23456","post","type-post","status-publish","format-standard","has-post-thumbnail","hentry","category-policiales"],"yoast_head":"<!-- This site is optimized with the Yoast SEO plugin v27.5 - https:\/\/yoast.com\/product\/yoast-seo-wordpress\/ -->\n<title>Iguaz\u00fa: Fue a denunciar el robo de su motocicleta y efectivos policiales ya lo hab\u00edan recuperado | CVI NOTICIAS<\/title>\n<meta name=\"robots\" content=\"index, follow, max-snippet:-1, max-image-preview:large, max-video-preview:-1\" \/>\n<link rel=\"canonical\" href=\"https:\/\/cvinoticias.com\/v3\/iguazu-fue-a-denunciar-el-robo-de-su-motocicleta-y-efectivos-policiales-ya-lo-habian-recuperado\/\" \/>\n<meta property=\"og:locale\" content=\"es_ES\" \/>\n<meta property=\"og:type\" content=\"article\" \/>\n<meta property=\"og:title\" content=\"Iguaz\u00fa: Fue a denunciar el robo de su motocicleta y efectivos policiales ya lo hab\u00edan recuperado | CVI NOTICIAS\" \/>\n<meta property=\"og:description\" content=\"En el marco de los operativos de seguridad que lleva adelante la polic\u00eda en las \u00faltimas horas hall\u00f3 abandonado sobre la Calle San Jos\u00e9 a metros de la avenida N\u00e9stor Kirchner del barrio Santa Rita una motocicleta marca Keller de 110 c.c. de color negro, procedi\u00e9ndose al secuestro del mismo y al traslado a sede [&hellip;]\" \/>\n<meta property=\"og:url\" content=\"https:\/\/cvinoticias.com\/v3\/iguazu-fue-a-denunciar-el-robo-de-su-motocicleta-y-efectivos-policiales-ya-lo-habian-recuperado\/\" \/>\n<meta property=\"og:site_name\" content=\"CVI NOTICIAS\" \/>\n<meta property=\"article:publisher\" content=\"https:\/\/www.facebook.com\/cvinoticias\" \/>\n<meta property=\"article:published_time\" content=\"2023-03-21T11:20:09+00:00\" \/>\n<meta property=\"og:image\" content=\"https:\/\/cvinoticias.com\/wp-content\/uploads\/2023\/03\/FB_IMG_1679397578050.jpg\" \/>\n\t<meta property=\"og:image:width\" content=\"784\" \/>\n\t<meta property=\"og:image:height\" content=\"960\" \/>\n\t<meta property=\"og:image:type\" content=\"image\/jpeg\" \/>\n<meta name=\"author\" content=\"f1000024\" \/>\n<meta name=\"twitter:card\" content=\"summary_large_image\" \/>\n<meta name=\"twitter:label1\" content=\"Escrito por\" \/>\n\t<meta name=\"twitter:data1\" content=\"f1000024\" \/>\n\t<meta name=\"twitter:label2\" content=\"Tiempo de lectura\" \/>\n\t<meta name=\"twitter:data2\" content=\"1 minuto\" \/>\n<script type=\"application\/ld+json\" class=\"yoast-schema-graph\">{\"@context\":\"https:\\\/\\\/schema.org\",\"@graph\":[{\"@type\":\"Article\",\"@id\":\"https:\\\/\\\/cvinoticias.com\\\/v3\\\/iguazu-fue-a-denunciar-el-robo-de-su-motocicleta-y-efectivos-policiales-ya-lo-habian-recuperado\\\/#article\",\"isPartOf\":{\"@id\":\"https:\\\/\\\/cvinoticias.com\\\/v3\\\/iguazu-fue-a-denunciar-el-robo-de-su-motocicleta-y-efectivos-policiales-ya-lo-habian-recuperado\\\/\"},\"author\":{\"name\":\"f1000024\",\"@id\":\"https:\\\/\\\/cvinoticias.com\\\/v3\\\/#\\\/schema\\\/person\\\/2db77e3c6bc03c538495d7b2b8be9b66\"},\"headline\":\"Iguaz\u00fa: Fue a denunciar el robo de su motocicleta y efectivos policiales ya lo hab\u00edan recuperado\",\"datePublished\":\"2023-03-21T11:20:09+00:00\",\"mainEntityOfPage\":{\"@id\":\"https:\\\/\\\/cvinoticias.com\\\/v3\\\/iguazu-fue-a-denunciar-el-robo-de-su-motocicleta-y-efectivos-policiales-ya-lo-habian-recuperado\\\/\"},\"wordCount\":151,\"commentCount\":0,\"publisher\":{\"@id\":\"https:\\\/\\\/cvinoticias.com\\\/v3\\\/#organization\"},\"image\":{\"@id\":\"https:\\\/\\\/cvinoticias.com\\\/v3\\\/iguazu-fue-a-denunciar-el-robo-de-su-motocicleta-y-efectivos-policiales-ya-lo-habian-recuperado\\\/#primaryimage\"},\"thumbnailUrl\":\"https:\\\/\\\/cvinoticias.com\\\/wp-content\\\/uploads\\\/2023\\\/03\\\/FB_IMG_1679397578050.jpg\",\"articleSection\":[\"Policiales\"],\"inLanguage\":\"es\",\"potentialAction\":[{\"@type\":\"CommentAction\",\"name\":\"Comment\",\"target\":[\"https:\\\/\\\/cvinoticias.com\\\/v3\\\/iguazu-fue-a-denunciar-el-robo-de-su-motocicleta-y-efectivos-policiales-ya-lo-habian-recuperado\\\/#respond\"]}]},{\"@type\":\"WebPage\",\"@id\":\"https:\\\/\\\/cvinoticias.com\\\/v3\\\/iguazu-fue-a-denunciar-el-robo-de-su-motocicleta-y-efectivos-policiales-ya-lo-habian-recuperado\\\/\",\"url\":\"https:\\\/\\\/cvinoticias.com\\\/v3\\\/iguazu-fue-a-denunciar-el-robo-de-su-motocicleta-y-efectivos-policiales-ya-lo-habian-recuperado\\\/\",\"name\":\"Iguaz\u00fa: Fue a denunciar el robo de su motocicleta y efectivos policiales ya lo hab\u00edan recuperado | CVI NOTICIAS\",\"isPartOf\":{\"@id\":\"https:\\\/\\\/cvinoticias.com\\\/v3\\\/#website\"},\"primaryImageOfPage\":{\"@id\":\"https:\\\/\\\/cvinoticias.com\\\/v3\\\/iguazu-fue-a-denunciar-el-robo-de-su-motocicleta-y-efectivos-policiales-ya-lo-habian-recuperado\\\/#primaryimage\"},\"image\":{\"@id\":\"https:\\\/\\\/cvinoticias.com\\\/v3\\\/iguazu-fue-a-denunciar-el-robo-de-su-motocicleta-y-efectivos-policiales-ya-lo-habian-recuperado\\\/#primaryimage\"},\"thumbnailUrl\":\"https:\\\/\\\/cvinoticias.com\\\/wp-content\\\/uploads\\\/2023\\\/03\\\/FB_IMG_1679397578050.jpg\",\"datePublished\":\"2023-03-21T11:20:09+00:00\",\"breadcrumb\":{\"@id\":\"https:\\\/\\\/cvinoticias.com\\\/v3\\\/iguazu-fue-a-denunciar-el-robo-de-su-motocicleta-y-efectivos-policiales-ya-lo-habian-recuperado\\\/#breadcrumb\"},\"inLanguage\":\"es\",\"potentialAction\":[{\"@type\":\"ReadAction\",\"target\":[\"https:\\\/\\\/cvinoticias.com\\\/v3\\\/iguazu-fue-a-denunciar-el-robo-de-su-motocicleta-y-efectivos-policiales-ya-lo-habian-recuperado\\\/\"]}]},{\"@type\":\"ImageObject\",\"inLanguage\":\"es\",\"@id\":\"https:\\\/\\\/cvinoticias.com\\\/v3\\\/iguazu-fue-a-denunciar-el-robo-de-su-motocicleta-y-efectivos-policiales-ya-lo-habian-recuperado\\\/#primaryimage\",\"url\":\"https:\\\/\\\/cvinoticias.com\\\/wp-content\\\/uploads\\\/2023\\\/03\\\/FB_IMG_1679397578050.jpg\",\"contentUrl\":\"https:\\\/\\\/cvinoticias.com\\\/wp-content\\\/uploads\\\/2023\\\/03\\\/FB_IMG_1679397578050.jpg\",\"width\":784,\"height\":960},{\"@type\":\"BreadcrumbList\",\"@id\":\"https:\\\/\\\/cvinoticias.com\\\/v3\\\/iguazu-fue-a-denunciar-el-robo-de-su-motocicleta-y-efectivos-policiales-ya-lo-habian-recuperado\\\/#breadcrumb\",\"itemListElement\":[{\"@type\":\"ListItem\",\"position\":1,\"name\":\"Portada\",\"item\":\"https:\\\/\\\/cvinoticias.com\\\/v3\\\/\"},{\"@type\":\"ListItem\",\"position\":2,\"name\":\"Iguaz\u00fa: Fue a denunciar el robo de su motocicleta y efectivos policiales ya lo hab\u00edan recuperado\"}]},{\"@type\":\"WebSite\",\"@id\":\"https:\\\/\\\/cvinoticias.com\\\/v3\\\/#website\",\"url\":\"https:\\\/\\\/cvinoticias.com\\\/v3\\\/\",\"name\":\"CVI NOTICIAS\",\"description\":\"\",\"publisher\":{\"@id\":\"https:\\\/\\\/cvinoticias.com\\\/v3\\\/#organization\"},\"alternateName\":\"CVI\",\"potentialAction\":[{\"@type\":\"SearchAction\",\"target\":{\"@type\":\"EntryPoint\",\"urlTemplate\":\"https:\\\/\\\/cvinoticias.com\\\/v3\\\/?s={search_term_string}\"},\"query-input\":{\"@type\":\"PropertyValueSpecification\",\"valueRequired\":true,\"valueName\":\"search_term_string\"}}],\"inLanguage\":\"es\"},{\"@type\":\"Organization\",\"@id\":\"https:\\\/\\\/cvinoticias.com\\\/v3\\\/#organization\",\"name\":\"CVI NOTICIAS\",\"url\":\"https:\\\/\\\/cvinoticias.com\\\/v3\\\/\",\"logo\":{\"@type\":\"ImageObject\",\"inLanguage\":\"es\",\"@id\":\"https:\\\/\\\/cvinoticias.com\\\/v3\\\/#\\\/schema\\\/logo\\\/image\\\/\",\"url\":\"https:\\\/\\\/cvinoticias.com\\\/wp-content\\\/uploads\\\/2023\\\/04\\\/cropped-cropped-cropped-cropped-cropped-3-1.png\",\"contentUrl\":\"https:\\\/\\\/cvinoticias.com\\\/wp-content\\\/uploads\\\/2023\\\/04\\\/cropped-cropped-cropped-cropped-cropped-3-1.png\",\"width\":95,\"height\":122,\"caption\":\"CVI NOTICIAS\"},\"image\":{\"@id\":\"https:\\\/\\\/cvinoticias.com\\\/v3\\\/#\\\/schema\\\/logo\\\/image\\\/\"},\"sameAs\":[\"https:\\\/\\\/www.facebook.com\\\/cvinoticias\",\"https:\\\/\\\/www.instagram.com\\\/cvinoticias\\\/\",\"https:\\\/\\\/www.youtube.com\\\/@CVINOTICIAS\"]},{\"@type\":\"Person\",\"@id\":\"https:\\\/\\\/cvinoticias.com\\\/v3\\\/#\\\/schema\\\/person\\\/2db77e3c6bc03c538495d7b2b8be9b66\",\"name\":\"f1000024\",\"image\":{\"@type\":\"ImageObject\",\"inLanguage\":\"es\",\"@id\":\"https:\\\/\\\/secure.gravatar.com\\\/avatar\\\/d4fe7459cfc51ff5129ce1a732bbef5928568b8092d412ef95611616376bbeed?s=96&d=mm&r=g\",\"url\":\"https:\\\/\\\/secure.gravatar.com\\\/avatar\\\/d4fe7459cfc51ff5129ce1a732bbef5928568b8092d412ef95611616376bbeed?s=96&d=mm&r=g\",\"contentUrl\":\"https:\\\/\\\/secure.gravatar.com\\\/avatar\\\/d4fe7459cfc51ff5129ce1a732bbef5928568b8092d412ef95611616376bbeed?s=96&d=mm&r=g\",\"caption\":\"f1000024\"},\"url\":\"https:\\\/\\\/cvinoticias.com\\\/v3\\\/author\\\/f1000024\\\/\"}]}<\/script>\n<!-- \/ Yoast SEO plugin. -->","yoast_head_json":{"title":"Iguaz\u00fa: Fue a denunciar el robo de su motocicleta y efectivos policiales ya lo hab\u00edan recuperado | CVI NOTICIAS","robots":{"index":"index","follow":"follow","max-snippet":"max-snippet:-1","max-image-preview":"max-image-preview:large","max-video-preview":"max-video-preview:-1"},"canonical":"https:\/\/cvinoticias.com\/v3\/iguazu-fue-a-denunciar-el-robo-de-su-motocicleta-y-efectivos-policiales-ya-lo-habian-recuperado\/","og_locale":"es_ES","og_type":"article","og_title":"Iguaz\u00fa: Fue a denunciar el robo de su motocicleta y efectivos policiales ya lo hab\u00edan recuperado | CVI NOTICIAS","og_description":"En el marco de los operativos de seguridad que lleva adelante la polic\u00eda en las \u00faltimas horas hall\u00f3 abandonado sobre la Calle San Jos\u00e9 a metros de la avenida N\u00e9stor Kirchner del barrio Santa Rita una motocicleta marca Keller de 110 c.c. de color negro, procedi\u00e9ndose al secuestro del mismo y al traslado a sede [&hellip;]","og_url":"https:\/\/cvinoticias.com\/v3\/iguazu-fue-a-denunciar-el-robo-de-su-motocicleta-y-efectivos-policiales-ya-lo-habian-recuperado\/","og_site_name":"CVI NOTICIAS","article_publisher":"https:\/\/www.facebook.com\/cvinoticias","article_published_time":"2023-03-21T11:20:09+00:00","og_image":[{"width":784,"height":960,"url":"https:\/\/cvinoticias.com\/wp-content\/uploads\/2023\/03\/FB_IMG_1679397578050.jpg","type":"image\/jpeg"}],"author":"f1000024","twitter_card":"summary_large_image","twitter_misc":{"Escrito por":"f1000024","Tiempo de lectura":"1 minuto"},"schema":{"@context":"https:\/\/schema.org","@graph":[{"@type":"Article","@id":"https:\/\/cvinoticias.com\/v3\/iguazu-fue-a-denunciar-el-robo-de-su-motocicleta-y-efectivos-policiales-ya-lo-habian-recuperado\/#article","isPartOf":{"@id":"https:\/\/cvinoticias.com\/v3\/iguazu-fue-a-denunciar-el-robo-de-su-motocicleta-y-efectivos-policiales-ya-lo-habian-recuperado\/"},"author":{"name":"f1000024","@id":"https:\/\/cvinoticias.com\/v3\/#\/schema\/person\/2db77e3c6bc03c538495d7b2b8be9b66"},"headline":"Iguaz\u00fa: Fue a denunciar el robo de su motocicleta y efectivos policiales ya lo hab\u00edan recuperado","datePublished":"2023-03-21T11:20:09+00:00","mainEntityOfPage":{"@id":"https:\/\/cvinoticias.com\/v3\/iguazu-fue-a-denunciar-el-robo-de-su-motocicleta-y-efectivos-policiales-ya-lo-habian-recuperado\/"},"wordCount":151,"commentCount":0,"publisher":{"@id":"https:\/\/cvinoticias.com\/v3\/#organization"},"image":{"@id":"https:\/\/cvinoticias.com\/v3\/iguazu-fue-a-denunciar-el-robo-de-su-motocicleta-y-efectivos-policiales-ya-lo-habian-recuperado\/#primaryimage"},"thumbnailUrl":"https:\/\/cvinoticias.com\/wp-content\/uploads\/2023\/03\/FB_IMG_1679397578050.jpg","articleSection":["Policiales"],"inLanguage":"es","potentialAction":[{"@type":"CommentAction","name":"Comment","target":["https:\/\/cvinoticias.com\/v3\/iguazu-fue-a-denunciar-el-robo-de-su-motocicleta-y-efectivos-policiales-ya-lo-habian-recuperado\/#respond"]}]},{"@type":"WebPage","@id":"https:\/\/cvinoticias.com\/v3\/iguazu-fue-a-denunciar-el-robo-de-su-motocicleta-y-efectivos-policiales-ya-lo-habian-recuperado\/","url":"https:\/\/cvinoticias.com\/v3\/iguazu-fue-a-denunciar-el-robo-de-su-motocicleta-y-efectivos-policiales-ya-lo-habian-recuperado\/","name":"Iguaz\u00fa: Fue a denunciar el robo de su motocicleta y efectivos policiales ya lo hab\u00edan recuperado | CVI NOTICIAS","isPartOf":{"@id":"https:\/\/cvinoticias.com\/v3\/#website"},"primaryImageOfPage":{"@id":"https:\/\/cvinoticias.com\/v3\/iguazu-fue-a-denunciar-el-robo-de-su-motocicleta-y-efectivos-policiales-ya-lo-habian-recuperado\/#primaryimage"},"image":{"@id":"https:\/\/cvinoticias.com\/v3\/iguazu-fue-a-denunciar-el-robo-de-su-motocicleta-y-efectivos-policiales-ya-lo-habian-recuperado\/#primaryimage"},"thumbnailUrl":"https:\/\/cvinoticias.com\/wp-content\/uploads\/2023\/03\/FB_IMG_1679397578050.jpg","datePublished":"2023-03-21T11:20:09+00:00","breadcrumb":{"@id":"https:\/\/cvinoticias.com\/v3\/iguazu-fue-a-denunciar-el-robo-de-su-motocicleta-y-efectivos-policiales-ya-lo-habian-recuperado\/#breadcrumb"},"inLanguage":"es","potentialAction":[{"@type":"ReadAction","target":["https:\/\/cvinoticias.com\/v3\/iguazu-fue-a-denunciar-el-robo-de-su-motocicleta-y-efectivos-policiales-ya-lo-habian-recuperado\/"]}]},{"@type":"ImageObject","inLanguage":"es","@id":"https:\/\/cvinoticias.com\/v3\/iguazu-fue-a-denunciar-el-robo-de-su-motocicleta-y-efectivos-policiales-ya-lo-habian-recuperado\/#primaryimage","url":"https:\/\/cvinoticias.com\/wp-content\/uploads\/2023\/03\/FB_IMG_1679397578050.jpg","contentUrl":"https:\/\/cvinoticias.com\/wp-content\/uploads\/2023\/03\/FB_IMG_1679397578050.jpg","width":784,"height":960},{"@type":"BreadcrumbList","@id":"https:\/\/cvinoticias.com\/v3\/iguazu-fue-a-denunciar-el-robo-de-su-motocicleta-y-efectivos-policiales-ya-lo-habian-recuperado\/#breadcrumb","itemListElement":[{"@type":"ListItem","position":1,"name":"Portada","item":"https:\/\/cvinoticias.com\/v3\/"},{"@type":"ListItem","position":2,"name":"Iguaz\u00fa: Fue a denunciar el robo de su motocicleta y efectivos policiales ya lo hab\u00edan recuperado"}]},{"@type":"WebSite","@id":"https:\/\/cvinoticias.com\/v3\/#website","url":"https:\/\/cvinoticias.com\/v3\/","name":"CVI NOTICIAS","description":"","publisher":{"@id":"https:\/\/cvinoticias.com\/v3\/#organization"},"alternateName":"CVI","potentialAction":[{"@type":"SearchAction","target":{"@type":"EntryPoint","urlTemplate":"https:\/\/cvinoticias.com\/v3\/?s={search_term_string}"},"query-input":{"@type":"PropertyValueSpecification","valueRequired":true,"valueName":"search_term_string"}}],"inLanguage":"es"},{"@type":"Organization","@id":"https:\/\/cvinoticias.com\/v3\/#organization","name":"CVI NOTICIAS","url":"https:\/\/cvinoticias.com\/v3\/","logo":{"@type":"ImageObject","inLanguage":"es","@id":"https:\/\/cvinoticias.com\/v3\/#\/schema\/logo\/image\/","url":"https:\/\/cvinoticias.com\/wp-content\/uploads\/2023\/04\/cropped-cropped-cropped-cropped-cropped-3-1.png","contentUrl":"https:\/\/cvinoticias.com\/wp-content\/uploads\/2023\/04\/cropped-cropped-cropped-cropped-cropped-3-1.png","width":95,"height":122,"caption":"CVI NOTICIAS"},"image":{"@id":"https:\/\/cvinoticias.com\/v3\/#\/schema\/logo\/image\/"},"sameAs":["https:\/\/www.facebook.com\/cvinoticias","https:\/\/www.instagram.com\/cvinoticias\/","https:\/\/www.youtube.com\/@CVINOTICIAS"]},{"@type":"Person","@id":"https:\/\/cvinoticias.com\/v3\/#\/schema\/person\/2db77e3c6bc03c538495d7b2b8be9b66","name":"f1000024","image":{"@type":"ImageObject","inLanguage":"es","@id":"https:\/\/secure.gravatar.com\/avatar\/d4fe7459cfc51ff5129ce1a732bbef5928568b8092d412ef95611616376bbeed?s=96&d=mm&r=g","url":"https:\/\/secure.gravatar.com\/avatar\/d4fe7459cfc51ff5129ce1a732bbef5928568b8092d412ef95611616376bbeed?s=96&d=mm&r=g","contentUrl":"https:\/\/secure.gravatar.com\/avatar\/d4fe7459cfc51ff5129ce1a732bbef5928568b8092d412ef95611616376bbeed?s=96&d=mm&r=g","caption":"f1000024"},"url":"https:\/\/cvinoticias.com\/v3\/author\/f1000024\/"}]}},"_links":{"self":[{"href":"https:\/\/cvinoticias.com\/v3\/wp-json\/wp\/v2\/posts\/23456","targetHints":{"allow":["GET"]}}],"collection":[{"href":"https:\/\/cvinoticias.com\/v3\/wp-json\/wp\/v2\/posts"}],"about":[{"href":"https:\/\/cvinoticias.com\/v3\/wp-json\/wp\/v2\/types\/post"}],"author":[{"embeddable":true,"href":"https:\/\/cvinoticias.com\/v3\/wp-json\/wp\/v2\/users\/2"}],"replies":[{"embeddable":true,"href":"https:\/\/cvinoticias.com\/v3\/wp-json\/wp\/v2\/comments?post=23456"}],"version-history":[{"count":1,"href":"https:\/\/cvinoticias.com\/v3\/wp-json\/wp\/v2\/posts\/23456\/revisions"}],"predecessor-version":[{"id":23458,"href":"https:\/\/cvinoticias.com\/v3\/wp-json\/wp\/v2\/posts\/23456\/revisions\/23458"}],"wp:featuredmedia":[{"embeddable":true,"href":"https:\/\/cvinoticias.com\/v3\/wp-json\/wp\/v2\/media\/23457"}],"wp:attachment":[{"href":"https:\/\/cvinoticias.com\/v3\/wp-json\/wp\/v2\/media?parent=23456"}],"wp:term":[{"taxonomy":"category","embeddable":true,"href":"https:\/\/cvinoticias.com\/v3\/wp-json\/wp\/v2\/categories?post=23456"},{"taxonomy":"post_tag","embeddable":true,"href":"https:\/\/cvinoticias.com\/v3\/wp-json\/wp\/v2\/tags?post=23456"}],"curies":[{"name":"wp","href":"https:\/\/api.w.org\/{rel}","templated":true}]}}