{"id":23435,"date":"2023-03-21T10:27:43","date_gmt":"2023-03-21T10:27:43","guid":{"rendered":"https:\/\/cvinoticias.com\/v3\/?p=23435"},"modified":"2023-03-21T10:27:43","modified_gmt":"2023-03-21T10:27:43","slug":"nino-de-tres-anos-dio-positivo-en-una-prueba-de-cocaina-y-detuvieron-a-su-madre","status":"publish","type":"post","link":"https:\/\/cvinoticias.com\/v3\/nino-de-tres-anos-dio-positivo-en-una-prueba-de-cocaina-y-detuvieron-a-su-madre\/","title":{"rendered":"Ni\u00f1o de tres a\u00f1os dio positivo en una prueba de coca\u00edna y detuvieron a su madre"},"content":{"rendered":"\n<p><strong><em>La mujer hab\u00eda llevado al ni\u00f1o de manera urgente porque se encontraba mal. Despu\u00e9s de realizar varios an\u00e1lisis m\u00e9dicos, los profesionales detectaron la presencia de drogas en su organismo y notificaron a las autoridades policiales.<\/em><\/strong><\/p>\n\n\n\n<p>Una mujer fue detenida este lunes en Gualeguaych\u00fa, luego de escapar del hospital Centenario de Entre R\u00edos cuando los m\u00e9dicos detectaron que su hijo de 3 a\u00f1os ten\u00eda coca\u00edna en el organismo.<\/p>\n\n\n\n<p>Seg\u00fan fuentes policiales, la mujer se present\u00f3 con el menor en brazos y solicit\u00f3 ayuda urgente porque se hab\u00eda \u201cdescompuesto\u201d. En ese momento, fue sometido a varios estudios para dar con un diagn\u00f3stico.<\/p>\n\n\n\n<p>All\u00ed registraron movimientos anormales y falta de coordinaci\u00f3n en el cuerpo, lo que preocup\u00f3 a los m\u00e9dicos. Despu\u00e9s de un rato, llegaron los resultados de los an\u00e1lisis que mostraron la presencia de la droga en el organismo del nene.<\/p>\n\n\n\n<p>Inmediatamente, ordenaron la internaci\u00f3n para realizar un tratamiento y los protocolos especiales para estas situaciones, a pesar de que su madre se opuso. Adem\u00e1s, los profesionales dieron aviso a la Jefatura Departamental de la Polic\u00eda.<\/p>\n\n\n\n<p>Esto alert\u00f3 a la mujer y durante el cambio de guardia, unos 15 minutos despu\u00e9s, tom\u00f3 al menor y se dio a la fuga con el suero endovenoso colocado en el brazo de su hijo.<\/p>\n\n\n\n<p>Dada la situaci\u00f3n, personal policial de distintas divisiones inici\u00f3 un operativo cerrojo y b\u00fasqueda. Durante la madrugada, fue localizada en las inmediaciones de las calles Concordia y Espa\u00f1a, de Gualeguaych\u00fa.<\/p>\n\n\n\n<p>El juez de Garant\u00edas de turno, Ignacio Telenta, orden\u00f3 la detenci\u00f3n de la mujer, que permanece en la comisar\u00eda de la Mujer y Minoridad local, bajo una investigaci\u00f3n a cargo de la fiscal Carolina Costa, consign\u00f3 la agencia T\u00e9lam.<\/p>\n\n\n\n<p>En tanto, el ni\u00f1o fue trasladado r\u00e1pidamente al hospital, donde permanece internado en la Sala de Pediatr\u00eda y qued\u00f3 a cargo de su abuela, quien tambi\u00e9n cuida a sus dos hermanos m\u00e1s grandes.<\/p>\n\n\n\n<p>Desde la Polic\u00eda de Entre R\u00edos confirmaron que el nene hab\u00eda sido trasladado al hospital en varias oportunidades con cuadros de \u201chiperactividad y nerviosismo\u201d, y en otras ocasiones no asisti\u00f3 a los turnos asignados, por lo que intervino personal de salud mental y de asistencia social.<\/p>\n","protected":false},"excerpt":{"rendered":"<p>La mujer hab\u00eda llevado al ni\u00f1o de manera urgente porque se encontraba mal. Despu\u00e9s de realizar varios an\u00e1lisis m\u00e9dicos, los profesionales detectaron la presencia de drogas en su organismo y notificaron a las autoridades policiales. Una mujer fue detenida este lunes en Gualeguaych\u00fa, luego de escapar del hospital Centenario de Entre R\u00edos cuando los m\u00e9dicos [&hellip;]<\/p>\n","protected":false},"author":2,"featured_media":23436,"comment_status":"open","ping_status":"open","sticky":false,"template":"","format":"standard","meta":{"footnotes":""},"categories":[22],"tags":[],"class_list":["post-23435","post","type-post","status-publish","format-standard","has-post-thumbnail","hentry","category-salud"],"yoast_head":"<!-- This site is optimized with the Yoast SEO plugin v27.4 - https:\/\/yoast.com\/product\/yoast-seo-wordpress\/ -->\n<title>Ni\u00f1o de tres a\u00f1os dio positivo en una prueba de coca\u00edna y detuvieron a su madre | CVI NOTICIAS<\/title>\n<meta name=\"robots\" content=\"index, follow, max-snippet:-1, max-image-preview:large, max-video-preview:-1\" \/>\n<link rel=\"canonical\" href=\"https:\/\/cvinoticias.com\/v3\/nino-de-tres-anos-dio-positivo-en-una-prueba-de-cocaina-y-detuvieron-a-su-madre\/\" \/>\n<meta property=\"og:locale\" content=\"es_ES\" \/>\n<meta property=\"og:type\" content=\"article\" \/>\n<meta property=\"og:title\" content=\"Ni\u00f1o de tres a\u00f1os dio positivo en una prueba de coca\u00edna y detuvieron a su madre | CVI NOTICIAS\" \/>\n<meta property=\"og:description\" content=\"La mujer hab\u00eda llevado al ni\u00f1o de manera urgente porque se encontraba mal. Despu\u00e9s de realizar varios an\u00e1lisis m\u00e9dicos, los profesionales detectaron la presencia de drogas en su organismo y notificaron a las autoridades policiales. Una mujer fue detenida este lunes en Gualeguaych\u00fa, luego de escapar del hospital Centenario de Entre R\u00edos cuando los m\u00e9dicos [&hellip;]\" \/>\n<meta property=\"og:url\" content=\"https:\/\/cvinoticias.com\/v3\/nino-de-tres-anos-dio-positivo-en-una-prueba-de-cocaina-y-detuvieron-a-su-madre\/\" \/>\n<meta property=\"og:site_name\" content=\"CVI NOTICIAS\" \/>\n<meta property=\"article:publisher\" content=\"https:\/\/www.facebook.com\/cvinoticias\" \/>\n<meta property=\"article:published_time\" content=\"2023-03-21T10:27:43+00:00\" \/>\n<meta property=\"og:image\" content=\"https:\/\/cvinoticias.com\/wp-content\/uploads\/2023\/03\/Screenshot_20230321-072646_Facebook.jpg\" \/>\n\t<meta property=\"og:image:width\" content=\"1078\" \/>\n\t<meta property=\"og:image:height\" content=\"633\" \/>\n\t<meta property=\"og:image:type\" content=\"image\/jpeg\" \/>\n<meta name=\"author\" content=\"f1000024\" \/>\n<meta name=\"twitter:card\" content=\"summary_large_image\" \/>\n<meta name=\"twitter:label1\" content=\"Escrito por\" \/>\n\t<meta name=\"twitter:data1\" content=\"f1000024\" \/>\n\t<meta name=\"twitter:label2\" content=\"Tiempo de lectura\" \/>\n\t<meta name=\"twitter:data2\" content=\"2 minutos\" \/>\n<script type=\"application\/ld+json\" class=\"yoast-schema-graph\">{\"@context\":\"https:\\\/\\\/schema.org\",\"@graph\":[{\"@type\":\"Article\",\"@id\":\"https:\\\/\\\/cvinoticias.com\\\/v3\\\/nino-de-tres-anos-dio-positivo-en-una-prueba-de-cocaina-y-detuvieron-a-su-madre\\\/#article\",\"isPartOf\":{\"@id\":\"https:\\\/\\\/cvinoticias.com\\\/v3\\\/nino-de-tres-anos-dio-positivo-en-una-prueba-de-cocaina-y-detuvieron-a-su-madre\\\/\"},\"author\":{\"name\":\"f1000024\",\"@id\":\"https:\\\/\\\/cvinoticias.com\\\/v3\\\/#\\\/schema\\\/person\\\/2db77e3c6bc03c538495d7b2b8be9b66\"},\"headline\":\"Ni\u00f1o de tres a\u00f1os dio positivo en una prueba de coca\u00edna y detuvieron a su madre\",\"datePublished\":\"2023-03-21T10:27:43+00:00\",\"mainEntityOfPage\":{\"@id\":\"https:\\\/\\\/cvinoticias.com\\\/v3\\\/nino-de-tres-anos-dio-positivo-en-una-prueba-de-cocaina-y-detuvieron-a-su-madre\\\/\"},\"wordCount\":411,\"commentCount\":0,\"publisher\":{\"@id\":\"https:\\\/\\\/cvinoticias.com\\\/v3\\\/#organization\"},\"image\":{\"@id\":\"https:\\\/\\\/cvinoticias.com\\\/v3\\\/nino-de-tres-anos-dio-positivo-en-una-prueba-de-cocaina-y-detuvieron-a-su-madre\\\/#primaryimage\"},\"thumbnailUrl\":\"https:\\\/\\\/cvinoticias.com\\\/wp-content\\\/uploads\\\/2023\\\/03\\\/Screenshot_20230321-072646_Facebook.jpg\",\"articleSection\":[\"Salud\"],\"inLanguage\":\"es\",\"potentialAction\":[{\"@type\":\"CommentAction\",\"name\":\"Comment\",\"target\":[\"https:\\\/\\\/cvinoticias.com\\\/v3\\\/nino-de-tres-anos-dio-positivo-en-una-prueba-de-cocaina-y-detuvieron-a-su-madre\\\/#respond\"]}]},{\"@type\":\"WebPage\",\"@id\":\"https:\\\/\\\/cvinoticias.com\\\/v3\\\/nino-de-tres-anos-dio-positivo-en-una-prueba-de-cocaina-y-detuvieron-a-su-madre\\\/\",\"url\":\"https:\\\/\\\/cvinoticias.com\\\/v3\\\/nino-de-tres-anos-dio-positivo-en-una-prueba-de-cocaina-y-detuvieron-a-su-madre\\\/\",\"name\":\"Ni\u00f1o de tres a\u00f1os dio positivo en una prueba de coca\u00edna y detuvieron a su madre | CVI NOTICIAS\",\"isPartOf\":{\"@id\":\"https:\\\/\\\/cvinoticias.com\\\/v3\\\/#website\"},\"primaryImageOfPage\":{\"@id\":\"https:\\\/\\\/cvinoticias.com\\\/v3\\\/nino-de-tres-anos-dio-positivo-en-una-prueba-de-cocaina-y-detuvieron-a-su-madre\\\/#primaryimage\"},\"image\":{\"@id\":\"https:\\\/\\\/cvinoticias.com\\\/v3\\\/nino-de-tres-anos-dio-positivo-en-una-prueba-de-cocaina-y-detuvieron-a-su-madre\\\/#primaryimage\"},\"thumbnailUrl\":\"https:\\\/\\\/cvinoticias.com\\\/wp-content\\\/uploads\\\/2023\\\/03\\\/Screenshot_20230321-072646_Facebook.jpg\",\"datePublished\":\"2023-03-21T10:27:43+00:00\",\"breadcrumb\":{\"@id\":\"https:\\\/\\\/cvinoticias.com\\\/v3\\\/nino-de-tres-anos-dio-positivo-en-una-prueba-de-cocaina-y-detuvieron-a-su-madre\\\/#breadcrumb\"},\"inLanguage\":\"es\",\"potentialAction\":[{\"@type\":\"ReadAction\",\"target\":[\"https:\\\/\\\/cvinoticias.com\\\/v3\\\/nino-de-tres-anos-dio-positivo-en-una-prueba-de-cocaina-y-detuvieron-a-su-madre\\\/\"]}]},{\"@type\":\"ImageObject\",\"inLanguage\":\"es\",\"@id\":\"https:\\\/\\\/cvinoticias.com\\\/v3\\\/nino-de-tres-anos-dio-positivo-en-una-prueba-de-cocaina-y-detuvieron-a-su-madre\\\/#primaryimage\",\"url\":\"https:\\\/\\\/cvinoticias.com\\\/wp-content\\\/uploads\\\/2023\\\/03\\\/Screenshot_20230321-072646_Facebook.jpg\",\"contentUrl\":\"https:\\\/\\\/cvinoticias.com\\\/wp-content\\\/uploads\\\/2023\\\/03\\\/Screenshot_20230321-072646_Facebook.jpg\",\"width\":1078,\"height\":633},{\"@type\":\"BreadcrumbList\",\"@id\":\"https:\\\/\\\/cvinoticias.com\\\/v3\\\/nino-de-tres-anos-dio-positivo-en-una-prueba-de-cocaina-y-detuvieron-a-su-madre\\\/#breadcrumb\",\"itemListElement\":[{\"@type\":\"ListItem\",\"position\":1,\"name\":\"Portada\",\"item\":\"https:\\\/\\\/cvinoticias.com\\\/v3\\\/\"},{\"@type\":\"ListItem\",\"position\":2,\"name\":\"Ni\u00f1o de tres a\u00f1os dio positivo en una prueba de coca\u00edna y detuvieron a su madre\"}]},{\"@type\":\"WebSite\",\"@id\":\"https:\\\/\\\/cvinoticias.com\\\/v3\\\/#website\",\"url\":\"https:\\\/\\\/cvinoticias.com\\\/v3\\\/\",\"name\":\"CVI NOTICIAS\",\"description\":\"\",\"publisher\":{\"@id\":\"https:\\\/\\\/cvinoticias.com\\\/v3\\\/#organization\"},\"alternateName\":\"CVI\",\"potentialAction\":[{\"@type\":\"SearchAction\",\"target\":{\"@type\":\"EntryPoint\",\"urlTemplate\":\"https:\\\/\\\/cvinoticias.com\\\/v3\\\/?s={search_term_string}\"},\"query-input\":{\"@type\":\"PropertyValueSpecification\",\"valueRequired\":true,\"valueName\":\"search_term_string\"}}],\"inLanguage\":\"es\"},{\"@type\":\"Organization\",\"@id\":\"https:\\\/\\\/cvinoticias.com\\\/v3\\\/#organization\",\"name\":\"CVI NOTICIAS\",\"url\":\"https:\\\/\\\/cvinoticias.com\\\/v3\\\/\",\"logo\":{\"@type\":\"ImageObject\",\"inLanguage\":\"es\",\"@id\":\"https:\\\/\\\/cvinoticias.com\\\/v3\\\/#\\\/schema\\\/logo\\\/image\\\/\",\"url\":\"https:\\\/\\\/cvinoticias.com\\\/wp-content\\\/uploads\\\/2023\\\/04\\\/cropped-cropped-cropped-cropped-cropped-3-1.png\",\"contentUrl\":\"https:\\\/\\\/cvinoticias.com\\\/wp-content\\\/uploads\\\/2023\\\/04\\\/cropped-cropped-cropped-cropped-cropped-3-1.png\",\"width\":95,\"height\":122,\"caption\":\"CVI NOTICIAS\"},\"image\":{\"@id\":\"https:\\\/\\\/cvinoticias.com\\\/v3\\\/#\\\/schema\\\/logo\\\/image\\\/\"},\"sameAs\":[\"https:\\\/\\\/www.facebook.com\\\/cvinoticias\",\"https:\\\/\\\/www.instagram.com\\\/cvinoticias\\\/\",\"https:\\\/\\\/www.youtube.com\\\/@CVINOTICIAS\"]},{\"@type\":\"Person\",\"@id\":\"https:\\\/\\\/cvinoticias.com\\\/v3\\\/#\\\/schema\\\/person\\\/2db77e3c6bc03c538495d7b2b8be9b66\",\"name\":\"f1000024\",\"image\":{\"@type\":\"ImageObject\",\"inLanguage\":\"es\",\"@id\":\"https:\\\/\\\/secure.gravatar.com\\\/avatar\\\/d4fe7459cfc51ff5129ce1a732bbef5928568b8092d412ef95611616376bbeed?s=96&d=mm&r=g\",\"url\":\"https:\\\/\\\/secure.gravatar.com\\\/avatar\\\/d4fe7459cfc51ff5129ce1a732bbef5928568b8092d412ef95611616376bbeed?s=96&d=mm&r=g\",\"contentUrl\":\"https:\\\/\\\/secure.gravatar.com\\\/avatar\\\/d4fe7459cfc51ff5129ce1a732bbef5928568b8092d412ef95611616376bbeed?s=96&d=mm&r=g\",\"caption\":\"f1000024\"},\"url\":\"https:\\\/\\\/cvinoticias.com\\\/v3\\\/author\\\/f1000024\\\/\"}]}<\/script>\n<!-- \/ Yoast SEO plugin. -->","yoast_head_json":{"title":"Ni\u00f1o de tres a\u00f1os dio positivo en una prueba de coca\u00edna y detuvieron a su madre | CVI NOTICIAS","robots":{"index":"index","follow":"follow","max-snippet":"max-snippet:-1","max-image-preview":"max-image-preview:large","max-video-preview":"max-video-preview:-1"},"canonical":"https:\/\/cvinoticias.com\/v3\/nino-de-tres-anos-dio-positivo-en-una-prueba-de-cocaina-y-detuvieron-a-su-madre\/","og_locale":"es_ES","og_type":"article","og_title":"Ni\u00f1o de tres a\u00f1os dio positivo en una prueba de coca\u00edna y detuvieron a su madre | CVI NOTICIAS","og_description":"La mujer hab\u00eda llevado al ni\u00f1o de manera urgente porque se encontraba mal. Despu\u00e9s de realizar varios an\u00e1lisis m\u00e9dicos, los profesionales detectaron la presencia de drogas en su organismo y notificaron a las autoridades policiales. Una mujer fue detenida este lunes en Gualeguaych\u00fa, luego de escapar del hospital Centenario de Entre R\u00edos cuando los m\u00e9dicos [&hellip;]","og_url":"https:\/\/cvinoticias.com\/v3\/nino-de-tres-anos-dio-positivo-en-una-prueba-de-cocaina-y-detuvieron-a-su-madre\/","og_site_name":"CVI NOTICIAS","article_publisher":"https:\/\/www.facebook.com\/cvinoticias","article_published_time":"2023-03-21T10:27:43+00:00","og_image":[{"width":1078,"height":633,"url":"https:\/\/cvinoticias.com\/wp-content\/uploads\/2023\/03\/Screenshot_20230321-072646_Facebook.jpg","type":"image\/jpeg"}],"author":"f1000024","twitter_card":"summary_large_image","twitter_misc":{"Escrito por":"f1000024","Tiempo de lectura":"2 minutos"},"schema":{"@context":"https:\/\/schema.org","@graph":[{"@type":"Article","@id":"https:\/\/cvinoticias.com\/v3\/nino-de-tres-anos-dio-positivo-en-una-prueba-de-cocaina-y-detuvieron-a-su-madre\/#article","isPartOf":{"@id":"https:\/\/cvinoticias.com\/v3\/nino-de-tres-anos-dio-positivo-en-una-prueba-de-cocaina-y-detuvieron-a-su-madre\/"},"author":{"name":"f1000024","@id":"https:\/\/cvinoticias.com\/v3\/#\/schema\/person\/2db77e3c6bc03c538495d7b2b8be9b66"},"headline":"Ni\u00f1o de tres a\u00f1os dio positivo en una prueba de coca\u00edna y detuvieron a su madre","datePublished":"2023-03-21T10:27:43+00:00","mainEntityOfPage":{"@id":"https:\/\/cvinoticias.com\/v3\/nino-de-tres-anos-dio-positivo-en-una-prueba-de-cocaina-y-detuvieron-a-su-madre\/"},"wordCount":411,"commentCount":0,"publisher":{"@id":"https:\/\/cvinoticias.com\/v3\/#organization"},"image":{"@id":"https:\/\/cvinoticias.com\/v3\/nino-de-tres-anos-dio-positivo-en-una-prueba-de-cocaina-y-detuvieron-a-su-madre\/#primaryimage"},"thumbnailUrl":"https:\/\/cvinoticias.com\/wp-content\/uploads\/2023\/03\/Screenshot_20230321-072646_Facebook.jpg","articleSection":["Salud"],"inLanguage":"es","potentialAction":[{"@type":"CommentAction","name":"Comment","target":["https:\/\/cvinoticias.com\/v3\/nino-de-tres-anos-dio-positivo-en-una-prueba-de-cocaina-y-detuvieron-a-su-madre\/#respond"]}]},{"@type":"WebPage","@id":"https:\/\/cvinoticias.com\/v3\/nino-de-tres-anos-dio-positivo-en-una-prueba-de-cocaina-y-detuvieron-a-su-madre\/","url":"https:\/\/cvinoticias.com\/v3\/nino-de-tres-anos-dio-positivo-en-una-prueba-de-cocaina-y-detuvieron-a-su-madre\/","name":"Ni\u00f1o de tres a\u00f1os dio positivo en una prueba de coca\u00edna y detuvieron a su madre | CVI NOTICIAS","isPartOf":{"@id":"https:\/\/cvinoticias.com\/v3\/#website"},"primaryImageOfPage":{"@id":"https:\/\/cvinoticias.com\/v3\/nino-de-tres-anos-dio-positivo-en-una-prueba-de-cocaina-y-detuvieron-a-su-madre\/#primaryimage"},"image":{"@id":"https:\/\/cvinoticias.com\/v3\/nino-de-tres-anos-dio-positivo-en-una-prueba-de-cocaina-y-detuvieron-a-su-madre\/#primaryimage"},"thumbnailUrl":"https:\/\/cvinoticias.com\/wp-content\/uploads\/2023\/03\/Screenshot_20230321-072646_Facebook.jpg","datePublished":"2023-03-21T10:27:43+00:00","breadcrumb":{"@id":"https:\/\/cvinoticias.com\/v3\/nino-de-tres-anos-dio-positivo-en-una-prueba-de-cocaina-y-detuvieron-a-su-madre\/#breadcrumb"},"inLanguage":"es","potentialAction":[{"@type":"ReadAction","target":["https:\/\/cvinoticias.com\/v3\/nino-de-tres-anos-dio-positivo-en-una-prueba-de-cocaina-y-detuvieron-a-su-madre\/"]}]},{"@type":"ImageObject","inLanguage":"es","@id":"https:\/\/cvinoticias.com\/v3\/nino-de-tres-anos-dio-positivo-en-una-prueba-de-cocaina-y-detuvieron-a-su-madre\/#primaryimage","url":"https:\/\/cvinoticias.com\/wp-content\/uploads\/2023\/03\/Screenshot_20230321-072646_Facebook.jpg","contentUrl":"https:\/\/cvinoticias.com\/wp-content\/uploads\/2023\/03\/Screenshot_20230321-072646_Facebook.jpg","width":1078,"height":633},{"@type":"BreadcrumbList","@id":"https:\/\/cvinoticias.com\/v3\/nino-de-tres-anos-dio-positivo-en-una-prueba-de-cocaina-y-detuvieron-a-su-madre\/#breadcrumb","itemListElement":[{"@type":"ListItem","position":1,"name":"Portada","item":"https:\/\/cvinoticias.com\/v3\/"},{"@type":"ListItem","position":2,"name":"Ni\u00f1o de tres a\u00f1os dio positivo en una prueba de coca\u00edna y detuvieron a su madre"}]},{"@type":"WebSite","@id":"https:\/\/cvinoticias.com\/v3\/#website","url":"https:\/\/cvinoticias.com\/v3\/","name":"CVI NOTICIAS","description":"","publisher":{"@id":"https:\/\/cvinoticias.com\/v3\/#organization"},"alternateName":"CVI","potentialAction":[{"@type":"SearchAction","target":{"@type":"EntryPoint","urlTemplate":"https:\/\/cvinoticias.com\/v3\/?s={search_term_string}"},"query-input":{"@type":"PropertyValueSpecification","valueRequired":true,"valueName":"search_term_string"}}],"inLanguage":"es"},{"@type":"Organization","@id":"https:\/\/cvinoticias.com\/v3\/#organization","name":"CVI NOTICIAS","url":"https:\/\/cvinoticias.com\/v3\/","logo":{"@type":"ImageObject","inLanguage":"es","@id":"https:\/\/cvinoticias.com\/v3\/#\/schema\/logo\/image\/","url":"https:\/\/cvinoticias.com\/wp-content\/uploads\/2023\/04\/cropped-cropped-cropped-cropped-cropped-3-1.png","contentUrl":"https:\/\/cvinoticias.com\/wp-content\/uploads\/2023\/04\/cropped-cropped-cropped-cropped-cropped-3-1.png","width":95,"height":122,"caption":"CVI NOTICIAS"},"image":{"@id":"https:\/\/cvinoticias.com\/v3\/#\/schema\/logo\/image\/"},"sameAs":["https:\/\/www.facebook.com\/cvinoticias","https:\/\/www.instagram.com\/cvinoticias\/","https:\/\/www.youtube.com\/@CVINOTICIAS"]},{"@type":"Person","@id":"https:\/\/cvinoticias.com\/v3\/#\/schema\/person\/2db77e3c6bc03c538495d7b2b8be9b66","name":"f1000024","image":{"@type":"ImageObject","inLanguage":"es","@id":"https:\/\/secure.gravatar.com\/avatar\/d4fe7459cfc51ff5129ce1a732bbef5928568b8092d412ef95611616376bbeed?s=96&d=mm&r=g","url":"https:\/\/secure.gravatar.com\/avatar\/d4fe7459cfc51ff5129ce1a732bbef5928568b8092d412ef95611616376bbeed?s=96&d=mm&r=g","contentUrl":"https:\/\/secure.gravatar.com\/avatar\/d4fe7459cfc51ff5129ce1a732bbef5928568b8092d412ef95611616376bbeed?s=96&d=mm&r=g","caption":"f1000024"},"url":"https:\/\/cvinoticias.com\/v3\/author\/f1000024\/"}]}},"_links":{"self":[{"href":"https:\/\/cvinoticias.com\/v3\/wp-json\/wp\/v2\/posts\/23435","targetHints":{"allow":["GET"]}}],"collection":[{"href":"https:\/\/cvinoticias.com\/v3\/wp-json\/wp\/v2\/posts"}],"about":[{"href":"https:\/\/cvinoticias.com\/v3\/wp-json\/wp\/v2\/types\/post"}],"author":[{"embeddable":true,"href":"https:\/\/cvinoticias.com\/v3\/wp-json\/wp\/v2\/users\/2"}],"replies":[{"embeddable":true,"href":"https:\/\/cvinoticias.com\/v3\/wp-json\/wp\/v2\/comments?post=23435"}],"version-history":[{"count":1,"href":"https:\/\/cvinoticias.com\/v3\/wp-json\/wp\/v2\/posts\/23435\/revisions"}],"predecessor-version":[{"id":23437,"href":"https:\/\/cvinoticias.com\/v3\/wp-json\/wp\/v2\/posts\/23435\/revisions\/23437"}],"wp:featuredmedia":[{"embeddable":true,"href":"https:\/\/cvinoticias.com\/v3\/wp-json\/wp\/v2\/media\/23436"}],"wp:attachment":[{"href":"https:\/\/cvinoticias.com\/v3\/wp-json\/wp\/v2\/media?parent=23435"}],"wp:term":[{"taxonomy":"category","embeddable":true,"href":"https:\/\/cvinoticias.com\/v3\/wp-json\/wp\/v2\/categories?post=23435"},{"taxonomy":"post_tag","embeddable":true,"href":"https:\/\/cvinoticias.com\/v3\/wp-json\/wp\/v2\/tags?post=23435"}],"curies":[{"name":"wp","href":"https:\/\/api.w.org\/{rel}","templated":true}]}}