{"id":23420,"date":"2023-03-20T13:31:40","date_gmt":"2023-03-20T13:31:40","guid":{"rendered":"https:\/\/cvinoticias.com\/v3\/?p=23420"},"modified":"2023-03-20T13:31:40","modified_gmt":"2023-03-20T13:31:40","slug":"triple-colision-en-san-vicente-dejo-una-victima-fatal","status":"publish","type":"post","link":"https:\/\/cvinoticias.com\/v3\/triple-colision-en-san-vicente-dejo-una-victima-fatal\/","title":{"rendered":"Triple colisi\u00f3n en San Vicente dej\u00f3 una v\u00edctima fatal"},"content":{"rendered":"\n<p><strong><em>El siniestro ocurri\u00f3 anoche sobre la altura del kil\u00f3metro 980 de la ruta nacional 14, donde por causas que se tratan de establecer el conductor de una Toyota Hilux habr\u00eda colisionado contra una Volkswagen Amarok e impactado con un Chevrolet Cruce, conducido por Carlos F\u00e9lix Seme\u00f1uk de 61 a\u00f1os, quien perdi\u00f3 la vida en el choque.<\/em><\/strong><\/p>\n\n\n\n<p>De acuerdo a las primeras averiguaciones, el siniestro se produjo alrededor de las 21:30 horas en la arteria mencionada, donde la camioneta Toyota en la cual viajaban dos hombres en sentido San Pedro\u2013San Vicente, habr\u00eda chocado contra Amarok en la que iban tres ocupantes, quienes transitaban en sentido contrario.<\/p>\n\n\n\n<figure class=\"wp-block-image size-large\"><a href=\"https:\/\/cvinoticias.com\/wp-content\/uploads\/2023\/03\/IMG-20230320-WA0029.jpg\"><img decoding=\"async\" width=\"1024\" height=\"576\" data-src=\"https:\/\/cvinoticias.com\/wp-content\/uploads\/2023\/03\/IMG-20230320-WA0029-1024x576.jpg\" alt=\"\" class=\"wp-image-23421 lazyload\" data-srcset=\"https:\/\/cvinoticias.com\/wp-content\/uploads\/2023\/03\/IMG-20230320-WA0029-1024x576.jpg 1024w, https:\/\/cvinoticias.com\/wp-content\/uploads\/2023\/03\/IMG-20230320-WA0029-300x169.jpg 300w, https:\/\/cvinoticias.com\/wp-content\/uploads\/2023\/03\/IMG-20230320-WA0029-768x432.jpg 768w, https:\/\/cvinoticias.com\/wp-content\/uploads\/2023\/03\/IMG-20230320-WA0029.jpg 1280w\" data-sizes=\"(max-width: 1024px) 100vw, 1024px\" src=\"data:image\/svg+xml;base64,PHN2ZyB3aWR0aD0iMSIgaGVpZ2h0PSIxIiB4bWxucz0iaHR0cDovL3d3dy53My5vcmcvMjAwMC9zdmciPjwvc3ZnPg==\" style=\"--smush-placeholder-width: 1024px; --smush-placeholder-aspect-ratio: 1024\/576;\" \/><\/a><\/figure>\n\n\n\n<p>Esto produjo que el primer rodado termine impactando contra el autom\u00f3vil Cruce, el cual era conducido por el sexagenario, quien iba acompa\u00f1ado de una mujer y dos menores. Debido al choque, el conductor del auto muri\u00f3 al instante, mientras que los dem\u00e1s ocupantes resultaron con lesiones de consideraci\u00f3n, al igual que los otros involucrados.<\/p>\n\n\n\n<p>Trabajaron en el lugar los efectivos de la comisar\u00eda local, los bomberos voluntarios, la polic\u00eda cient\u00edfica y el m\u00e9dico policial, quien examin\u00f3 al fallecido estableciendo que presentaba m\u00faltiples traumatismos y fractura de piernas. En tanto, los dem\u00e1s ocupantes fueron trasladados en ambulancia hacia el hospital local.<\/p>\n\n\n\n<p>Cabe mencionar que a los conductores de las camionetas, se les efectu\u00f3 el correspondiente test de alcoholemia que dio positivo, por lo que ambos quedaron detenidos en la dependencia policial a disposici\u00f3n del Juzgado de Instrucci\u00f3n Nro. 3 de San Vicente. Adem\u00e1s, los veh\u00edculos fueron secuestrados y el cuerpo fue entregado a sus familiares por orden del Magistrado.<\/p>\n\n\n\n<figure class=\"wp-block-image size-large\"><a href=\"https:\/\/cvinoticias.com\/wp-content\/uploads\/2023\/03\/IMG-20230320-WA0030.jpg\"><img decoding=\"async\" width=\"1024\" height=\"768\" data-src=\"https:\/\/cvinoticias.com\/wp-content\/uploads\/2023\/03\/IMG-20230320-WA0030-1024x768.jpg\" alt=\"\" class=\"wp-image-23422 lazyload\" data-srcset=\"https:\/\/cvinoticias.com\/wp-content\/uploads\/2023\/03\/IMG-20230320-WA0030-1024x768.jpg 1024w, https:\/\/cvinoticias.com\/wp-content\/uploads\/2023\/03\/IMG-20230320-WA0030-300x225.jpg 300w, https:\/\/cvinoticias.com\/wp-content\/uploads\/2023\/03\/IMG-20230320-WA0030-768x576.jpg 768w, https:\/\/cvinoticias.com\/wp-content\/uploads\/2023\/03\/IMG-20230320-WA0030-1536x1152.jpg 1536w, https:\/\/cvinoticias.com\/wp-content\/uploads\/2023\/03\/IMG-20230320-WA0030.jpg 1600w\" data-sizes=\"(max-width: 1024px) 100vw, 1024px\" src=\"data:image\/svg+xml;base64,PHN2ZyB3aWR0aD0iMSIgaGVpZ2h0PSIxIiB4bWxucz0iaHR0cDovL3d3dy53My5vcmcvMjAwMC9zdmciPjwvc3ZnPg==\" style=\"--smush-placeholder-width: 1024px; --smush-placeholder-aspect-ratio: 1024\/768;\" \/><\/a><\/figure>\n","protected":false},"excerpt":{"rendered":"<p>El siniestro ocurri\u00f3 anoche sobre la altura del kil\u00f3metro 980 de la ruta nacional 14, donde por causas que se tratan de establecer el conductor de una Toyota Hilux habr\u00eda colisionado contra una Volkswagen Amarok e impactado con un Chevrolet Cruce, conducido por Carlos F\u00e9lix Seme\u00f1uk de 61 a\u00f1os, quien perdi\u00f3 la vida en el [&hellip;]<\/p>\n","protected":false},"author":2,"featured_media":23423,"comment_status":"open","ping_status":"open","sticky":false,"template":"","format":"standard","meta":{"footnotes":""},"categories":[41],"tags":[],"class_list":["post-23420","post","type-post","status-publish","format-standard","has-post-thumbnail","hentry","category-policiales"],"yoast_head":"<!-- This site is optimized with the Yoast SEO plugin v27.5 - https:\/\/yoast.com\/product\/yoast-seo-wordpress\/ -->\n<title>Triple colisi\u00f3n en San Vicente dej\u00f3 una v\u00edctima fatal | CVI NOTICIAS<\/title>\n<meta name=\"robots\" content=\"index, follow, max-snippet:-1, max-image-preview:large, max-video-preview:-1\" \/>\n<link rel=\"canonical\" href=\"https:\/\/cvinoticias.com\/v3\/triple-colision-en-san-vicente-dejo-una-victima-fatal\/\" \/>\n<meta property=\"og:locale\" content=\"es_ES\" \/>\n<meta property=\"og:type\" content=\"article\" \/>\n<meta property=\"og:title\" content=\"Triple colisi\u00f3n en San Vicente dej\u00f3 una v\u00edctima fatal | CVI NOTICIAS\" \/>\n<meta property=\"og:description\" content=\"El siniestro ocurri\u00f3 anoche sobre la altura del kil\u00f3metro 980 de la ruta nacional 14, donde por causas que se tratan de establecer el conductor de una Toyota Hilux habr\u00eda colisionado contra una Volkswagen Amarok e impactado con un Chevrolet Cruce, conducido por Carlos F\u00e9lix Seme\u00f1uk de 61 a\u00f1os, quien perdi\u00f3 la vida en el [&hellip;]\" \/>\n<meta property=\"og:url\" content=\"https:\/\/cvinoticias.com\/v3\/triple-colision-en-san-vicente-dejo-una-victima-fatal\/\" \/>\n<meta property=\"og:site_name\" content=\"CVI NOTICIAS\" \/>\n<meta property=\"article:publisher\" content=\"https:\/\/www.facebook.com\/cvinoticias\" \/>\n<meta property=\"article:published_time\" content=\"2023-03-20T13:31:40+00:00\" \/>\n<meta property=\"og:image\" content=\"https:\/\/cvinoticias.com\/wp-content\/uploads\/2023\/03\/IMG-20230320-WA0031.jpg\" \/>\n\t<meta property=\"og:image:width\" content=\"579\" \/>\n\t<meta property=\"og:image:height\" content=\"795\" \/>\n\t<meta property=\"og:image:type\" content=\"image\/jpeg\" \/>\n<meta name=\"author\" content=\"f1000024\" \/>\n<meta name=\"twitter:card\" content=\"summary_large_image\" \/>\n<meta name=\"twitter:label1\" content=\"Escrito por\" \/>\n\t<meta name=\"twitter:data1\" content=\"f1000024\" \/>\n\t<meta name=\"twitter:label2\" content=\"Tiempo de lectura\" \/>\n\t<meta name=\"twitter:data2\" content=\"1 minuto\" \/>\n<script type=\"application\/ld+json\" class=\"yoast-schema-graph\">{\"@context\":\"https:\\\/\\\/schema.org\",\"@graph\":[{\"@type\":\"Article\",\"@id\":\"https:\\\/\\\/cvinoticias.com\\\/v3\\\/triple-colision-en-san-vicente-dejo-una-victima-fatal\\\/#article\",\"isPartOf\":{\"@id\":\"https:\\\/\\\/cvinoticias.com\\\/v3\\\/triple-colision-en-san-vicente-dejo-una-victima-fatal\\\/\"},\"author\":{\"name\":\"f1000024\",\"@id\":\"https:\\\/\\\/cvinoticias.com\\\/v3\\\/#\\\/schema\\\/person\\\/2db77e3c6bc03c538495d7b2b8be9b66\"},\"headline\":\"Triple colisi\u00f3n en San Vicente dej\u00f3 una v\u00edctima fatal\",\"datePublished\":\"2023-03-20T13:31:40+00:00\",\"mainEntityOfPage\":{\"@id\":\"https:\\\/\\\/cvinoticias.com\\\/v3\\\/triple-colision-en-san-vicente-dejo-una-victima-fatal\\\/\"},\"wordCount\":290,\"commentCount\":0,\"publisher\":{\"@id\":\"https:\\\/\\\/cvinoticias.com\\\/v3\\\/#organization\"},\"image\":{\"@id\":\"https:\\\/\\\/cvinoticias.com\\\/v3\\\/triple-colision-en-san-vicente-dejo-una-victima-fatal\\\/#primaryimage\"},\"thumbnailUrl\":\"https:\\\/\\\/cvinoticias.com\\\/wp-content\\\/uploads\\\/2023\\\/03\\\/IMG-20230320-WA0031.jpg\",\"articleSection\":[\"Policiales\"],\"inLanguage\":\"es\",\"potentialAction\":[{\"@type\":\"CommentAction\",\"name\":\"Comment\",\"target\":[\"https:\\\/\\\/cvinoticias.com\\\/v3\\\/triple-colision-en-san-vicente-dejo-una-victima-fatal\\\/#respond\"]}]},{\"@type\":\"WebPage\",\"@id\":\"https:\\\/\\\/cvinoticias.com\\\/v3\\\/triple-colision-en-san-vicente-dejo-una-victima-fatal\\\/\",\"url\":\"https:\\\/\\\/cvinoticias.com\\\/v3\\\/triple-colision-en-san-vicente-dejo-una-victima-fatal\\\/\",\"name\":\"Triple colisi\u00f3n en San Vicente dej\u00f3 una v\u00edctima fatal | CVI NOTICIAS\",\"isPartOf\":{\"@id\":\"https:\\\/\\\/cvinoticias.com\\\/v3\\\/#website\"},\"primaryImageOfPage\":{\"@id\":\"https:\\\/\\\/cvinoticias.com\\\/v3\\\/triple-colision-en-san-vicente-dejo-una-victima-fatal\\\/#primaryimage\"},\"image\":{\"@id\":\"https:\\\/\\\/cvinoticias.com\\\/v3\\\/triple-colision-en-san-vicente-dejo-una-victima-fatal\\\/#primaryimage\"},\"thumbnailUrl\":\"https:\\\/\\\/cvinoticias.com\\\/wp-content\\\/uploads\\\/2023\\\/03\\\/IMG-20230320-WA0031.jpg\",\"datePublished\":\"2023-03-20T13:31:40+00:00\",\"breadcrumb\":{\"@id\":\"https:\\\/\\\/cvinoticias.com\\\/v3\\\/triple-colision-en-san-vicente-dejo-una-victima-fatal\\\/#breadcrumb\"},\"inLanguage\":\"es\",\"potentialAction\":[{\"@type\":\"ReadAction\",\"target\":[\"https:\\\/\\\/cvinoticias.com\\\/v3\\\/triple-colision-en-san-vicente-dejo-una-victima-fatal\\\/\"]}]},{\"@type\":\"ImageObject\",\"inLanguage\":\"es\",\"@id\":\"https:\\\/\\\/cvinoticias.com\\\/v3\\\/triple-colision-en-san-vicente-dejo-una-victima-fatal\\\/#primaryimage\",\"url\":\"https:\\\/\\\/cvinoticias.com\\\/wp-content\\\/uploads\\\/2023\\\/03\\\/IMG-20230320-WA0031.jpg\",\"contentUrl\":\"https:\\\/\\\/cvinoticias.com\\\/wp-content\\\/uploads\\\/2023\\\/03\\\/IMG-20230320-WA0031.jpg\",\"width\":579,\"height\":795},{\"@type\":\"BreadcrumbList\",\"@id\":\"https:\\\/\\\/cvinoticias.com\\\/v3\\\/triple-colision-en-san-vicente-dejo-una-victima-fatal\\\/#breadcrumb\",\"itemListElement\":[{\"@type\":\"ListItem\",\"position\":1,\"name\":\"Portada\",\"item\":\"https:\\\/\\\/cvinoticias.com\\\/v3\\\/\"},{\"@type\":\"ListItem\",\"position\":2,\"name\":\"Triple colisi\u00f3n en San Vicente dej\u00f3 una v\u00edctima fatal\"}]},{\"@type\":\"WebSite\",\"@id\":\"https:\\\/\\\/cvinoticias.com\\\/v3\\\/#website\",\"url\":\"https:\\\/\\\/cvinoticias.com\\\/v3\\\/\",\"name\":\"CVI NOTICIAS\",\"description\":\"\",\"publisher\":{\"@id\":\"https:\\\/\\\/cvinoticias.com\\\/v3\\\/#organization\"},\"alternateName\":\"CVI\",\"potentialAction\":[{\"@type\":\"SearchAction\",\"target\":{\"@type\":\"EntryPoint\",\"urlTemplate\":\"https:\\\/\\\/cvinoticias.com\\\/v3\\\/?s={search_term_string}\"},\"query-input\":{\"@type\":\"PropertyValueSpecification\",\"valueRequired\":true,\"valueName\":\"search_term_string\"}}],\"inLanguage\":\"es\"},{\"@type\":\"Organization\",\"@id\":\"https:\\\/\\\/cvinoticias.com\\\/v3\\\/#organization\",\"name\":\"CVI NOTICIAS\",\"url\":\"https:\\\/\\\/cvinoticias.com\\\/v3\\\/\",\"logo\":{\"@type\":\"ImageObject\",\"inLanguage\":\"es\",\"@id\":\"https:\\\/\\\/cvinoticias.com\\\/v3\\\/#\\\/schema\\\/logo\\\/image\\\/\",\"url\":\"https:\\\/\\\/cvinoticias.com\\\/wp-content\\\/uploads\\\/2023\\\/04\\\/cropped-cropped-cropped-cropped-cropped-3-1.png\",\"contentUrl\":\"https:\\\/\\\/cvinoticias.com\\\/wp-content\\\/uploads\\\/2023\\\/04\\\/cropped-cropped-cropped-cropped-cropped-3-1.png\",\"width\":95,\"height\":122,\"caption\":\"CVI NOTICIAS\"},\"image\":{\"@id\":\"https:\\\/\\\/cvinoticias.com\\\/v3\\\/#\\\/schema\\\/logo\\\/image\\\/\"},\"sameAs\":[\"https:\\\/\\\/www.facebook.com\\\/cvinoticias\",\"https:\\\/\\\/www.instagram.com\\\/cvinoticias\\\/\",\"https:\\\/\\\/www.youtube.com\\\/@CVINOTICIAS\"]},{\"@type\":\"Person\",\"@id\":\"https:\\\/\\\/cvinoticias.com\\\/v3\\\/#\\\/schema\\\/person\\\/2db77e3c6bc03c538495d7b2b8be9b66\",\"name\":\"f1000024\",\"image\":{\"@type\":\"ImageObject\",\"inLanguage\":\"es\",\"@id\":\"https:\\\/\\\/secure.gravatar.com\\\/avatar\\\/d4fe7459cfc51ff5129ce1a732bbef5928568b8092d412ef95611616376bbeed?s=96&d=mm&r=g\",\"url\":\"https:\\\/\\\/secure.gravatar.com\\\/avatar\\\/d4fe7459cfc51ff5129ce1a732bbef5928568b8092d412ef95611616376bbeed?s=96&d=mm&r=g\",\"contentUrl\":\"https:\\\/\\\/secure.gravatar.com\\\/avatar\\\/d4fe7459cfc51ff5129ce1a732bbef5928568b8092d412ef95611616376bbeed?s=96&d=mm&r=g\",\"caption\":\"f1000024\"},\"url\":\"https:\\\/\\\/cvinoticias.com\\\/v3\\\/author\\\/f1000024\\\/\"}]}<\/script>\n<!-- \/ Yoast SEO plugin. -->","yoast_head_json":{"title":"Triple colisi\u00f3n en San Vicente dej\u00f3 una v\u00edctima fatal | CVI NOTICIAS","robots":{"index":"index","follow":"follow","max-snippet":"max-snippet:-1","max-image-preview":"max-image-preview:large","max-video-preview":"max-video-preview:-1"},"canonical":"https:\/\/cvinoticias.com\/v3\/triple-colision-en-san-vicente-dejo-una-victima-fatal\/","og_locale":"es_ES","og_type":"article","og_title":"Triple colisi\u00f3n en San Vicente dej\u00f3 una v\u00edctima fatal | CVI NOTICIAS","og_description":"El siniestro ocurri\u00f3 anoche sobre la altura del kil\u00f3metro 980 de la ruta nacional 14, donde por causas que se tratan de establecer el conductor de una Toyota Hilux habr\u00eda colisionado contra una Volkswagen Amarok e impactado con un Chevrolet Cruce, conducido por Carlos F\u00e9lix Seme\u00f1uk de 61 a\u00f1os, quien perdi\u00f3 la vida en el [&hellip;]","og_url":"https:\/\/cvinoticias.com\/v3\/triple-colision-en-san-vicente-dejo-una-victima-fatal\/","og_site_name":"CVI NOTICIAS","article_publisher":"https:\/\/www.facebook.com\/cvinoticias","article_published_time":"2023-03-20T13:31:40+00:00","og_image":[{"width":579,"height":795,"url":"https:\/\/cvinoticias.com\/wp-content\/uploads\/2023\/03\/IMG-20230320-WA0031.jpg","type":"image\/jpeg"}],"author":"f1000024","twitter_card":"summary_large_image","twitter_misc":{"Escrito por":"f1000024","Tiempo de lectura":"1 minuto"},"schema":{"@context":"https:\/\/schema.org","@graph":[{"@type":"Article","@id":"https:\/\/cvinoticias.com\/v3\/triple-colision-en-san-vicente-dejo-una-victima-fatal\/#article","isPartOf":{"@id":"https:\/\/cvinoticias.com\/v3\/triple-colision-en-san-vicente-dejo-una-victima-fatal\/"},"author":{"name":"f1000024","@id":"https:\/\/cvinoticias.com\/v3\/#\/schema\/person\/2db77e3c6bc03c538495d7b2b8be9b66"},"headline":"Triple colisi\u00f3n en San Vicente dej\u00f3 una v\u00edctima fatal","datePublished":"2023-03-20T13:31:40+00:00","mainEntityOfPage":{"@id":"https:\/\/cvinoticias.com\/v3\/triple-colision-en-san-vicente-dejo-una-victima-fatal\/"},"wordCount":290,"commentCount":0,"publisher":{"@id":"https:\/\/cvinoticias.com\/v3\/#organization"},"image":{"@id":"https:\/\/cvinoticias.com\/v3\/triple-colision-en-san-vicente-dejo-una-victima-fatal\/#primaryimage"},"thumbnailUrl":"https:\/\/cvinoticias.com\/wp-content\/uploads\/2023\/03\/IMG-20230320-WA0031.jpg","articleSection":["Policiales"],"inLanguage":"es","potentialAction":[{"@type":"CommentAction","name":"Comment","target":["https:\/\/cvinoticias.com\/v3\/triple-colision-en-san-vicente-dejo-una-victima-fatal\/#respond"]}]},{"@type":"WebPage","@id":"https:\/\/cvinoticias.com\/v3\/triple-colision-en-san-vicente-dejo-una-victima-fatal\/","url":"https:\/\/cvinoticias.com\/v3\/triple-colision-en-san-vicente-dejo-una-victima-fatal\/","name":"Triple colisi\u00f3n en San Vicente dej\u00f3 una v\u00edctima fatal | CVI NOTICIAS","isPartOf":{"@id":"https:\/\/cvinoticias.com\/v3\/#website"},"primaryImageOfPage":{"@id":"https:\/\/cvinoticias.com\/v3\/triple-colision-en-san-vicente-dejo-una-victima-fatal\/#primaryimage"},"image":{"@id":"https:\/\/cvinoticias.com\/v3\/triple-colision-en-san-vicente-dejo-una-victima-fatal\/#primaryimage"},"thumbnailUrl":"https:\/\/cvinoticias.com\/wp-content\/uploads\/2023\/03\/IMG-20230320-WA0031.jpg","datePublished":"2023-03-20T13:31:40+00:00","breadcrumb":{"@id":"https:\/\/cvinoticias.com\/v3\/triple-colision-en-san-vicente-dejo-una-victima-fatal\/#breadcrumb"},"inLanguage":"es","potentialAction":[{"@type":"ReadAction","target":["https:\/\/cvinoticias.com\/v3\/triple-colision-en-san-vicente-dejo-una-victima-fatal\/"]}]},{"@type":"ImageObject","inLanguage":"es","@id":"https:\/\/cvinoticias.com\/v3\/triple-colision-en-san-vicente-dejo-una-victima-fatal\/#primaryimage","url":"https:\/\/cvinoticias.com\/wp-content\/uploads\/2023\/03\/IMG-20230320-WA0031.jpg","contentUrl":"https:\/\/cvinoticias.com\/wp-content\/uploads\/2023\/03\/IMG-20230320-WA0031.jpg","width":579,"height":795},{"@type":"BreadcrumbList","@id":"https:\/\/cvinoticias.com\/v3\/triple-colision-en-san-vicente-dejo-una-victima-fatal\/#breadcrumb","itemListElement":[{"@type":"ListItem","position":1,"name":"Portada","item":"https:\/\/cvinoticias.com\/v3\/"},{"@type":"ListItem","position":2,"name":"Triple colisi\u00f3n en San Vicente dej\u00f3 una v\u00edctima fatal"}]},{"@type":"WebSite","@id":"https:\/\/cvinoticias.com\/v3\/#website","url":"https:\/\/cvinoticias.com\/v3\/","name":"CVI NOTICIAS","description":"","publisher":{"@id":"https:\/\/cvinoticias.com\/v3\/#organization"},"alternateName":"CVI","potentialAction":[{"@type":"SearchAction","target":{"@type":"EntryPoint","urlTemplate":"https:\/\/cvinoticias.com\/v3\/?s={search_term_string}"},"query-input":{"@type":"PropertyValueSpecification","valueRequired":true,"valueName":"search_term_string"}}],"inLanguage":"es"},{"@type":"Organization","@id":"https:\/\/cvinoticias.com\/v3\/#organization","name":"CVI NOTICIAS","url":"https:\/\/cvinoticias.com\/v3\/","logo":{"@type":"ImageObject","inLanguage":"es","@id":"https:\/\/cvinoticias.com\/v3\/#\/schema\/logo\/image\/","url":"https:\/\/cvinoticias.com\/wp-content\/uploads\/2023\/04\/cropped-cropped-cropped-cropped-cropped-3-1.png","contentUrl":"https:\/\/cvinoticias.com\/wp-content\/uploads\/2023\/04\/cropped-cropped-cropped-cropped-cropped-3-1.png","width":95,"height":122,"caption":"CVI NOTICIAS"},"image":{"@id":"https:\/\/cvinoticias.com\/v3\/#\/schema\/logo\/image\/"},"sameAs":["https:\/\/www.facebook.com\/cvinoticias","https:\/\/www.instagram.com\/cvinoticias\/","https:\/\/www.youtube.com\/@CVINOTICIAS"]},{"@type":"Person","@id":"https:\/\/cvinoticias.com\/v3\/#\/schema\/person\/2db77e3c6bc03c538495d7b2b8be9b66","name":"f1000024","image":{"@type":"ImageObject","inLanguage":"es","@id":"https:\/\/secure.gravatar.com\/avatar\/d4fe7459cfc51ff5129ce1a732bbef5928568b8092d412ef95611616376bbeed?s=96&d=mm&r=g","url":"https:\/\/secure.gravatar.com\/avatar\/d4fe7459cfc51ff5129ce1a732bbef5928568b8092d412ef95611616376bbeed?s=96&d=mm&r=g","contentUrl":"https:\/\/secure.gravatar.com\/avatar\/d4fe7459cfc51ff5129ce1a732bbef5928568b8092d412ef95611616376bbeed?s=96&d=mm&r=g","caption":"f1000024"},"url":"https:\/\/cvinoticias.com\/v3\/author\/f1000024\/"}]}},"_links":{"self":[{"href":"https:\/\/cvinoticias.com\/v3\/wp-json\/wp\/v2\/posts\/23420","targetHints":{"allow":["GET"]}}],"collection":[{"href":"https:\/\/cvinoticias.com\/v3\/wp-json\/wp\/v2\/posts"}],"about":[{"href":"https:\/\/cvinoticias.com\/v3\/wp-json\/wp\/v2\/types\/post"}],"author":[{"embeddable":true,"href":"https:\/\/cvinoticias.com\/v3\/wp-json\/wp\/v2\/users\/2"}],"replies":[{"embeddable":true,"href":"https:\/\/cvinoticias.com\/v3\/wp-json\/wp\/v2\/comments?post=23420"}],"version-history":[{"count":1,"href":"https:\/\/cvinoticias.com\/v3\/wp-json\/wp\/v2\/posts\/23420\/revisions"}],"predecessor-version":[{"id":23424,"href":"https:\/\/cvinoticias.com\/v3\/wp-json\/wp\/v2\/posts\/23420\/revisions\/23424"}],"wp:featuredmedia":[{"embeddable":true,"href":"https:\/\/cvinoticias.com\/v3\/wp-json\/wp\/v2\/media\/23423"}],"wp:attachment":[{"href":"https:\/\/cvinoticias.com\/v3\/wp-json\/wp\/v2\/media?parent=23420"}],"wp:term":[{"taxonomy":"category","embeddable":true,"href":"https:\/\/cvinoticias.com\/v3\/wp-json\/wp\/v2\/categories?post=23420"},{"taxonomy":"post_tag","embeddable":true,"href":"https:\/\/cvinoticias.com\/v3\/wp-json\/wp\/v2\/tags?post=23420"}],"curies":[{"name":"wp","href":"https:\/\/api.w.org\/{rel}","templated":true}]}}