{"id":23414,"date":"2023-03-20T11:22:40","date_gmt":"2023-03-20T11:22:40","guid":{"rendered":"https:\/\/cvinoticias.com\/v3\/?p=23414"},"modified":"2023-03-20T11:22:40","modified_gmt":"2023-03-20T11:22:40","slug":"gripe-aviar-advierten-que-la-enfermedad-llego-para-quedarse","status":"publish","type":"post","link":"https:\/\/cvinoticias.com\/v3\/gripe-aviar-advierten-que-la-enfermedad-llego-para-quedarse\/","title":{"rendered":"Gripe aviar: advierten que la enfermedad \u201clleg\u00f3 para quedarse\u201d"},"content":{"rendered":"\n<p><strong><em>Los casos positivos en Argentina suman 59. Ya son 700 mil las aves muertas en los seis focos detectados al momento en el sector comercial. El virus lleg\u00f3 a trav\u00e9s de aves migratorias, destacan desde el Senasa.<\/em><\/strong><\/p>\n\n\n\n<p>El Servicio Nacional de Sanidad y Calidad Agroalimentaria (Senasa) detect\u00f3 la \u00faltima semana 13 nuevos casos positivos de influenza aviar en la Argentina, por lo que suman suman 59 en total hasta el momento, y si bien desde el organismo explican que la enfermedad \u201cse mueve de acuerdo a lo esperado\u201d, advierten que la misma \u201clleg\u00f3 para quedarse\u201d.<\/p>\n\n\n\n<p>\u201cLas aves ya trajeron la enfermedad, la pasaron a aves migratorias de nuestra regi\u00f3n y estas \u00faltimas est\u00e1n haciendo la circulaci\u00f3n dentro de nuestro territorio, con lo cual lleg\u00f3 para quedarse, y lo que tenemos que hacer ahora es involucrar absolutamente a todos los actores, incluyendo a la comunidad en general\u201d, dijo la directora nacional de Sanidad Animal del Senasa, Ximena Mel\u00f3n.<\/p>\n\n\n\n<p>Desde el organismo precisaron que a poco m\u00e1s de que se cumpliera un mes del primer caso confirmado en el pa\u00eds, ya son 700.000 las aves muertas en los seis focos detectados al momento en el sector comercial, un 30% por la propia enfermedad y el 70% restante en el marco de las acciones sanitarias para evitar la dispersi\u00f3n.<\/p>\n\n\n\n<p>La influenza aviar \u201cse mueve de acuerdo a los esperado, vuela con aves migratorias, y por eso fuimos ejecutando todas las medidas de preparaci\u00f3n y de alerta sobre la base de presentaci\u00f3n y de avance r\u00e1pido tal como ocurri\u00f3\u201d, explic\u00f3 Mel\u00f3n.<\/p>\n\n\n\n<p>Doce de los 13 casos positivos registrados la semana pasada corresponden a aves de traspatio o de corral y se registraron en las provincias de San Luis (Carpinter\u00eda, 1), C\u00f3rdoba (Morteritos, 1), Buenos Aires (Berra, 1; General Madariaga, 1; Pedro Luro, 1; y General Conesa, 2), Chaco (Avia Terai, 1), Neuqu\u00e9n (Plottier, 1; y Las Lajas, 1), Santa Fe (Zenon Pereira, 1) y La Pampa (Toay, 1), precis\u00f3 el Senasa a lo largo de la semana en sus informes diarios. El restante se detect\u00f3 en una granja comercial de la provincia de R\u00edo Negro (Allen).<\/p>\n\n\n\n<p>De esta manera, ya son 59 en total los casos de influenza aviar hasta el momento en todo el pa\u00eds tanto en aves de corral (49) y de granja comercial (6) como silvestres (4).<\/p>\n\n\n\n<p>\u201cTenemos 59 brotes activos y cada uno de ellos tiene un \u00e1rea de control sanitario de alrededor de 10 kil\u00f3metros, que requiere de rastrillaje epidemiol\u00f3gico por parte del personal del Senasa y muestreos que van al laboratorio, en un trabajo muy grande y arduo\u201d, destac\u00f3 Mel\u00f3n.<\/p>\n\n\n\n<p>Todas las muestras, m\u00e1s de 300, fueron analizadas por el Laboratorio Nacional del Senasa ubicado en la localidad bonaerense de Mart\u00ednez.<\/p>\n\n\n\n<p>Estas notificaciones provinieron de C\u00f3rdoba (18), Buenos Aires (15), Neuqu\u00e9n (7), Santa Fe (6), R\u00edo Negro (4), San Luis (2), Chaco (2), La Pampa (2), Jujuy (1), Santiago del Estero (1) y Salta (1).<\/p>\n\n\n\n<p>Asimismo, se especific\u00f3 que \u201cdentro de las evaluaciones prospectivas del Senasa, la influenza aviar est\u00e1 avanzando claramente con las migraciones de aves silvestres\u201d.<\/p>\n\n\n\n<p>\u201cFue apareciendo en lugares naturales que recibe migraciones de Cochabamba (Bolivia), Jujuy; por eso, no sorprende que haya mayor cantidad de brotes en C\u00f3rdoba, centro y sur de la provincia de Buenos Aires, R\u00edo Negro y Neuqu\u00e9n\u201d, detall\u00f3 la especialista.<\/p>\n\n\n\n<p>Si bien reiter\u00f3 que la enfermedad avanza \u201cde acuerdo a lo esperado\u201d, la directora nacional de Sanidad Animal advirti\u00f3 este tipo de virus \u201cen las aves se dispersa muy r\u00e1pida y ampliamente\u201d, con lo cual -puntualiz\u00f3- \u201crequiere de actuar muy r\u00e1pidamente\u201d.<\/p>\n\n\n\n<p>En cuanto al impacto sobre la avicultura comercial, fuentes del Senasa afirmaron que \u201ces muy alto porque la mortandad que produce esta enfermedad es alt\u00edsima y la capacidad que tiene de seguir dispers\u00e1ndose hace que las medidas para contenerla sea sacrificar a las aves infectadas para evitar que siga siendo una fuente de infecci\u00f3n\u201d.<\/p>\n\n\n\n<p>\u201cEn Argentina y en los pa\u00edses afectados, los de mayor avicultura comercial, el impacto es muy grande, y para el productor que tiene una granja o para el traspatio que tiene para consumo personal es devastador porque en su mayor\u00eda muere el 100% de las aves y si no, a trav\u00e9s de las medidas, hay que vaciar esa granja\u201d, se\u00f1alaron las fuentes.<\/p>\n\n\n\n<p>Para prevenir que la influenza aviar se expanda en la avicultura, Mel\u00f3n resalt\u00f3 la importancia de la notificaci\u00f3n, la vigilancia continua, la atenci\u00f3n y el vaciamiento de lugares donde circula el virus, las desinfecciones y la bioseguridad de las granjas comerciales.<\/p>\n\n\n\n<p>Ante la consulta sobre qu\u00e9 panorama se vislumbra respecto al 15 de febrero, d\u00eda en el que se se inform\u00f3 oficialmente la aparici\u00f3n del primer caso, la directora nacional de Sanidad Animal puntualiz\u00f3 que \u201cdecir o predecir c\u00f3mo se puede seguir comportando tiene much\u00edsimo que ver con la capacidad que tengamos como sistema p\u00fablico-privado de contenerla, vigilarla y notificarla\u201d.<\/p>\n\n\n\n<p>Esto de se debe a que la influenza aviar procede, generalmente, de las aves migratorias.<\/p>\n\n\n\n<p>\u201cNosotros tenemos un mapa del movimiento de las aves, lo importante es que cuando esa ave llega y deposita el virus en alg\u00fan lugar, quiz\u00e1s esa ave se ve poco afectada o no y sigue avanzando hacia otros lugares; entonces ah\u00ed se produce la dispersi\u00f3n local, para lo cual es muy importante la notificaci\u00f3n inmediata, la atenci\u00f3n precoz de los brotes y la bioseguridad\u201d, recalc\u00f3 Mel\u00f3n.<\/p>\n\n\n\n<p>Por eso, aclar\u00f3 que \u201cla enfermedad va a seguir movi\u00e9ndose y no se espera, aunque hab\u00eda cierta expectativa por el comportamiento anterior, de que venga en primavera-verano con las migraciones del hemisferio norte y que vuelva all\u00ed con su primavera-verano; eso ya no es m\u00e1s as\u00ed\u201d, se\u00f1al\u00f3.<\/p>\n\n\n\n<p>Desde el Senasa recomiendan en caso de observarse la presencia o sospecha de signos cl\u00ednicos compatibles con influenza aviar en aves o el hallazgo de aves dom\u00e9sticas y\/o silvestres muertas, notificar de manera inmediata al organismo.<\/p>\n\n\n\n<p>Esto puede hacerse concurriendo a cualquiera de sus oficinas; por medio de la aplicaci\u00f3n \u201cNotificaciones Senasa\u201d, enviando un correo electr\u00f3nico a notificaciones@senasa.gob.ar; ingresando al apartado \u201cAvisa al Senasa\u201d del sitio web del organismo; o enviando un mensaje por WhatsApp al 11-5700-5704.<\/p>\n","protected":false},"excerpt":{"rendered":"<p>Los casos positivos en Argentina suman 59. Ya son 700 mil las aves muertas en los seis focos detectados al momento en el sector comercial. El virus lleg\u00f3 a trav\u00e9s de aves migratorias, destacan desde el Senasa. El Servicio Nacional de Sanidad y Calidad Agroalimentaria (Senasa) detect\u00f3 la \u00faltima semana 13 nuevos casos positivos de [&hellip;]<\/p>\n","protected":false},"author":2,"featured_media":23415,"comment_status":"open","ping_status":"open","sticky":false,"template":"","format":"standard","meta":{"footnotes":""},"categories":[22],"tags":[],"class_list":["post-23414","post","type-post","status-publish","format-standard","has-post-thumbnail","hentry","category-salud"],"yoast_head":"<!-- This site is optimized with the Yoast SEO plugin v27.5 - https:\/\/yoast.com\/product\/yoast-seo-wordpress\/ -->\n<title>Gripe aviar: advierten que la enfermedad \u201clleg\u00f3 para quedarse\u201d | CVI NOTICIAS<\/title>\n<meta name=\"robots\" content=\"index, follow, max-snippet:-1, max-image-preview:large, max-video-preview:-1\" \/>\n<link rel=\"canonical\" href=\"https:\/\/cvinoticias.com\/v3\/gripe-aviar-advierten-que-la-enfermedad-llego-para-quedarse\/\" \/>\n<meta property=\"og:locale\" content=\"es_ES\" \/>\n<meta property=\"og:type\" content=\"article\" \/>\n<meta property=\"og:title\" content=\"Gripe aviar: advierten que la enfermedad \u201clleg\u00f3 para quedarse\u201d | CVI NOTICIAS\" \/>\n<meta property=\"og:description\" content=\"Los casos positivos en Argentina suman 59. Ya son 700 mil las aves muertas en los seis focos detectados al momento en el sector comercial. El virus lleg\u00f3 a trav\u00e9s de aves migratorias, destacan desde el Senasa. El Servicio Nacional de Sanidad y Calidad Agroalimentaria (Senasa) detect\u00f3 la \u00faltima semana 13 nuevos casos positivos de [&hellip;]\" \/>\n<meta property=\"og:url\" content=\"https:\/\/cvinoticias.com\/v3\/gripe-aviar-advierten-que-la-enfermedad-llego-para-quedarse\/\" \/>\n<meta property=\"og:site_name\" content=\"CVI NOTICIAS\" \/>\n<meta property=\"article:publisher\" content=\"https:\/\/www.facebook.com\/cvinoticias\" \/>\n<meta property=\"article:published_time\" content=\"2023-03-20T11:22:40+00:00\" \/>\n<meta property=\"og:image\" content=\"https:\/\/cvinoticias.com\/wp-content\/uploads\/2023\/03\/gripe_aviar_gallinas-1024x677-1.jpg\" \/>\n\t<meta property=\"og:image:width\" content=\"1024\" \/>\n\t<meta property=\"og:image:height\" content=\"677\" \/>\n\t<meta property=\"og:image:type\" content=\"image\/jpeg\" \/>\n<meta name=\"author\" content=\"f1000024\" \/>\n<meta name=\"twitter:card\" content=\"summary_large_image\" \/>\n<meta name=\"twitter:label1\" content=\"Escrito por\" \/>\n\t<meta name=\"twitter:data1\" content=\"f1000024\" \/>\n\t<meta name=\"twitter:label2\" content=\"Tiempo de lectura\" \/>\n\t<meta name=\"twitter:data2\" content=\"5 minutos\" \/>\n<script type=\"application\/ld+json\" class=\"yoast-schema-graph\">{\"@context\":\"https:\\\/\\\/schema.org\",\"@graph\":[{\"@type\":\"Article\",\"@id\":\"https:\\\/\\\/cvinoticias.com\\\/v3\\\/gripe-aviar-advierten-que-la-enfermedad-llego-para-quedarse\\\/#article\",\"isPartOf\":{\"@id\":\"https:\\\/\\\/cvinoticias.com\\\/v3\\\/gripe-aviar-advierten-que-la-enfermedad-llego-para-quedarse\\\/\"},\"author\":{\"name\":\"f1000024\",\"@id\":\"https:\\\/\\\/cvinoticias.com\\\/v3\\\/#\\\/schema\\\/person\\\/2db77e3c6bc03c538495d7b2b8be9b66\"},\"headline\":\"Gripe aviar: advierten que la enfermedad \u201clleg\u00f3 para quedarse\u201d\",\"datePublished\":\"2023-03-20T11:22:40+00:00\",\"mainEntityOfPage\":{\"@id\":\"https:\\\/\\\/cvinoticias.com\\\/v3\\\/gripe-aviar-advierten-que-la-enfermedad-llego-para-quedarse\\\/\"},\"wordCount\":1047,\"commentCount\":0,\"publisher\":{\"@id\":\"https:\\\/\\\/cvinoticias.com\\\/v3\\\/#organization\"},\"image\":{\"@id\":\"https:\\\/\\\/cvinoticias.com\\\/v3\\\/gripe-aviar-advierten-que-la-enfermedad-llego-para-quedarse\\\/#primaryimage\"},\"thumbnailUrl\":\"https:\\\/\\\/cvinoticias.com\\\/wp-content\\\/uploads\\\/2023\\\/03\\\/gripe_aviar_gallinas-1024x677-1.jpg\",\"articleSection\":[\"Salud\"],\"inLanguage\":\"es\",\"potentialAction\":[{\"@type\":\"CommentAction\",\"name\":\"Comment\",\"target\":[\"https:\\\/\\\/cvinoticias.com\\\/v3\\\/gripe-aviar-advierten-que-la-enfermedad-llego-para-quedarse\\\/#respond\"]}]},{\"@type\":\"WebPage\",\"@id\":\"https:\\\/\\\/cvinoticias.com\\\/v3\\\/gripe-aviar-advierten-que-la-enfermedad-llego-para-quedarse\\\/\",\"url\":\"https:\\\/\\\/cvinoticias.com\\\/v3\\\/gripe-aviar-advierten-que-la-enfermedad-llego-para-quedarse\\\/\",\"name\":\"Gripe aviar: advierten que la enfermedad \u201clleg\u00f3 para quedarse\u201d | CVI NOTICIAS\",\"isPartOf\":{\"@id\":\"https:\\\/\\\/cvinoticias.com\\\/v3\\\/#website\"},\"primaryImageOfPage\":{\"@id\":\"https:\\\/\\\/cvinoticias.com\\\/v3\\\/gripe-aviar-advierten-que-la-enfermedad-llego-para-quedarse\\\/#primaryimage\"},\"image\":{\"@id\":\"https:\\\/\\\/cvinoticias.com\\\/v3\\\/gripe-aviar-advierten-que-la-enfermedad-llego-para-quedarse\\\/#primaryimage\"},\"thumbnailUrl\":\"https:\\\/\\\/cvinoticias.com\\\/wp-content\\\/uploads\\\/2023\\\/03\\\/gripe_aviar_gallinas-1024x677-1.jpg\",\"datePublished\":\"2023-03-20T11:22:40+00:00\",\"breadcrumb\":{\"@id\":\"https:\\\/\\\/cvinoticias.com\\\/v3\\\/gripe-aviar-advierten-que-la-enfermedad-llego-para-quedarse\\\/#breadcrumb\"},\"inLanguage\":\"es\",\"potentialAction\":[{\"@type\":\"ReadAction\",\"target\":[\"https:\\\/\\\/cvinoticias.com\\\/v3\\\/gripe-aviar-advierten-que-la-enfermedad-llego-para-quedarse\\\/\"]}]},{\"@type\":\"ImageObject\",\"inLanguage\":\"es\",\"@id\":\"https:\\\/\\\/cvinoticias.com\\\/v3\\\/gripe-aviar-advierten-que-la-enfermedad-llego-para-quedarse\\\/#primaryimage\",\"url\":\"https:\\\/\\\/cvinoticias.com\\\/wp-content\\\/uploads\\\/2023\\\/03\\\/gripe_aviar_gallinas-1024x677-1.jpg\",\"contentUrl\":\"https:\\\/\\\/cvinoticias.com\\\/wp-content\\\/uploads\\\/2023\\\/03\\\/gripe_aviar_gallinas-1024x677-1.jpg\",\"width\":1024,\"height\":677},{\"@type\":\"BreadcrumbList\",\"@id\":\"https:\\\/\\\/cvinoticias.com\\\/v3\\\/gripe-aviar-advierten-que-la-enfermedad-llego-para-quedarse\\\/#breadcrumb\",\"itemListElement\":[{\"@type\":\"ListItem\",\"position\":1,\"name\":\"Portada\",\"item\":\"https:\\\/\\\/cvinoticias.com\\\/v3\\\/\"},{\"@type\":\"ListItem\",\"position\":2,\"name\":\"Gripe aviar: advierten que la enfermedad \u201clleg\u00f3 para quedarse\u201d\"}]},{\"@type\":\"WebSite\",\"@id\":\"https:\\\/\\\/cvinoticias.com\\\/v3\\\/#website\",\"url\":\"https:\\\/\\\/cvinoticias.com\\\/v3\\\/\",\"name\":\"CVI NOTICIAS\",\"description\":\"\",\"publisher\":{\"@id\":\"https:\\\/\\\/cvinoticias.com\\\/v3\\\/#organization\"},\"alternateName\":\"CVI\",\"potentialAction\":[{\"@type\":\"SearchAction\",\"target\":{\"@type\":\"EntryPoint\",\"urlTemplate\":\"https:\\\/\\\/cvinoticias.com\\\/v3\\\/?s={search_term_string}\"},\"query-input\":{\"@type\":\"PropertyValueSpecification\",\"valueRequired\":true,\"valueName\":\"search_term_string\"}}],\"inLanguage\":\"es\"},{\"@type\":\"Organization\",\"@id\":\"https:\\\/\\\/cvinoticias.com\\\/v3\\\/#organization\",\"name\":\"CVI NOTICIAS\",\"url\":\"https:\\\/\\\/cvinoticias.com\\\/v3\\\/\",\"logo\":{\"@type\":\"ImageObject\",\"inLanguage\":\"es\",\"@id\":\"https:\\\/\\\/cvinoticias.com\\\/v3\\\/#\\\/schema\\\/logo\\\/image\\\/\",\"url\":\"https:\\\/\\\/cvinoticias.com\\\/wp-content\\\/uploads\\\/2023\\\/04\\\/cropped-cropped-cropped-cropped-cropped-3-1.png\",\"contentUrl\":\"https:\\\/\\\/cvinoticias.com\\\/wp-content\\\/uploads\\\/2023\\\/04\\\/cropped-cropped-cropped-cropped-cropped-3-1.png\",\"width\":95,\"height\":122,\"caption\":\"CVI NOTICIAS\"},\"image\":{\"@id\":\"https:\\\/\\\/cvinoticias.com\\\/v3\\\/#\\\/schema\\\/logo\\\/image\\\/\"},\"sameAs\":[\"https:\\\/\\\/www.facebook.com\\\/cvinoticias\",\"https:\\\/\\\/www.instagram.com\\\/cvinoticias\\\/\",\"https:\\\/\\\/www.youtube.com\\\/@CVINOTICIAS\"]},{\"@type\":\"Person\",\"@id\":\"https:\\\/\\\/cvinoticias.com\\\/v3\\\/#\\\/schema\\\/person\\\/2db77e3c6bc03c538495d7b2b8be9b66\",\"name\":\"f1000024\",\"image\":{\"@type\":\"ImageObject\",\"inLanguage\":\"es\",\"@id\":\"https:\\\/\\\/secure.gravatar.com\\\/avatar\\\/d4fe7459cfc51ff5129ce1a732bbef5928568b8092d412ef95611616376bbeed?s=96&d=mm&r=g\",\"url\":\"https:\\\/\\\/secure.gravatar.com\\\/avatar\\\/d4fe7459cfc51ff5129ce1a732bbef5928568b8092d412ef95611616376bbeed?s=96&d=mm&r=g\",\"contentUrl\":\"https:\\\/\\\/secure.gravatar.com\\\/avatar\\\/d4fe7459cfc51ff5129ce1a732bbef5928568b8092d412ef95611616376bbeed?s=96&d=mm&r=g\",\"caption\":\"f1000024\"},\"url\":\"https:\\\/\\\/cvinoticias.com\\\/v3\\\/author\\\/f1000024\\\/\"}]}<\/script>\n<!-- \/ Yoast SEO plugin. -->","yoast_head_json":{"title":"Gripe aviar: advierten que la enfermedad \u201clleg\u00f3 para quedarse\u201d | CVI NOTICIAS","robots":{"index":"index","follow":"follow","max-snippet":"max-snippet:-1","max-image-preview":"max-image-preview:large","max-video-preview":"max-video-preview:-1"},"canonical":"https:\/\/cvinoticias.com\/v3\/gripe-aviar-advierten-que-la-enfermedad-llego-para-quedarse\/","og_locale":"es_ES","og_type":"article","og_title":"Gripe aviar: advierten que la enfermedad \u201clleg\u00f3 para quedarse\u201d | CVI NOTICIAS","og_description":"Los casos positivos en Argentina suman 59. Ya son 700 mil las aves muertas en los seis focos detectados al momento en el sector comercial. El virus lleg\u00f3 a trav\u00e9s de aves migratorias, destacan desde el Senasa. El Servicio Nacional de Sanidad y Calidad Agroalimentaria (Senasa) detect\u00f3 la \u00faltima semana 13 nuevos casos positivos de [&hellip;]","og_url":"https:\/\/cvinoticias.com\/v3\/gripe-aviar-advierten-que-la-enfermedad-llego-para-quedarse\/","og_site_name":"CVI NOTICIAS","article_publisher":"https:\/\/www.facebook.com\/cvinoticias","article_published_time":"2023-03-20T11:22:40+00:00","og_image":[{"width":1024,"height":677,"url":"https:\/\/cvinoticias.com\/wp-content\/uploads\/2023\/03\/gripe_aviar_gallinas-1024x677-1.jpg","type":"image\/jpeg"}],"author":"f1000024","twitter_card":"summary_large_image","twitter_misc":{"Escrito por":"f1000024","Tiempo de lectura":"5 minutos"},"schema":{"@context":"https:\/\/schema.org","@graph":[{"@type":"Article","@id":"https:\/\/cvinoticias.com\/v3\/gripe-aviar-advierten-que-la-enfermedad-llego-para-quedarse\/#article","isPartOf":{"@id":"https:\/\/cvinoticias.com\/v3\/gripe-aviar-advierten-que-la-enfermedad-llego-para-quedarse\/"},"author":{"name":"f1000024","@id":"https:\/\/cvinoticias.com\/v3\/#\/schema\/person\/2db77e3c6bc03c538495d7b2b8be9b66"},"headline":"Gripe aviar: advierten que la enfermedad \u201clleg\u00f3 para quedarse\u201d","datePublished":"2023-03-20T11:22:40+00:00","mainEntityOfPage":{"@id":"https:\/\/cvinoticias.com\/v3\/gripe-aviar-advierten-que-la-enfermedad-llego-para-quedarse\/"},"wordCount":1047,"commentCount":0,"publisher":{"@id":"https:\/\/cvinoticias.com\/v3\/#organization"},"image":{"@id":"https:\/\/cvinoticias.com\/v3\/gripe-aviar-advierten-que-la-enfermedad-llego-para-quedarse\/#primaryimage"},"thumbnailUrl":"https:\/\/cvinoticias.com\/wp-content\/uploads\/2023\/03\/gripe_aviar_gallinas-1024x677-1.jpg","articleSection":["Salud"],"inLanguage":"es","potentialAction":[{"@type":"CommentAction","name":"Comment","target":["https:\/\/cvinoticias.com\/v3\/gripe-aviar-advierten-que-la-enfermedad-llego-para-quedarse\/#respond"]}]},{"@type":"WebPage","@id":"https:\/\/cvinoticias.com\/v3\/gripe-aviar-advierten-que-la-enfermedad-llego-para-quedarse\/","url":"https:\/\/cvinoticias.com\/v3\/gripe-aviar-advierten-que-la-enfermedad-llego-para-quedarse\/","name":"Gripe aviar: advierten que la enfermedad \u201clleg\u00f3 para quedarse\u201d | CVI NOTICIAS","isPartOf":{"@id":"https:\/\/cvinoticias.com\/v3\/#website"},"primaryImageOfPage":{"@id":"https:\/\/cvinoticias.com\/v3\/gripe-aviar-advierten-que-la-enfermedad-llego-para-quedarse\/#primaryimage"},"image":{"@id":"https:\/\/cvinoticias.com\/v3\/gripe-aviar-advierten-que-la-enfermedad-llego-para-quedarse\/#primaryimage"},"thumbnailUrl":"https:\/\/cvinoticias.com\/wp-content\/uploads\/2023\/03\/gripe_aviar_gallinas-1024x677-1.jpg","datePublished":"2023-03-20T11:22:40+00:00","breadcrumb":{"@id":"https:\/\/cvinoticias.com\/v3\/gripe-aviar-advierten-que-la-enfermedad-llego-para-quedarse\/#breadcrumb"},"inLanguage":"es","potentialAction":[{"@type":"ReadAction","target":["https:\/\/cvinoticias.com\/v3\/gripe-aviar-advierten-que-la-enfermedad-llego-para-quedarse\/"]}]},{"@type":"ImageObject","inLanguage":"es","@id":"https:\/\/cvinoticias.com\/v3\/gripe-aviar-advierten-que-la-enfermedad-llego-para-quedarse\/#primaryimage","url":"https:\/\/cvinoticias.com\/wp-content\/uploads\/2023\/03\/gripe_aviar_gallinas-1024x677-1.jpg","contentUrl":"https:\/\/cvinoticias.com\/wp-content\/uploads\/2023\/03\/gripe_aviar_gallinas-1024x677-1.jpg","width":1024,"height":677},{"@type":"BreadcrumbList","@id":"https:\/\/cvinoticias.com\/v3\/gripe-aviar-advierten-que-la-enfermedad-llego-para-quedarse\/#breadcrumb","itemListElement":[{"@type":"ListItem","position":1,"name":"Portada","item":"https:\/\/cvinoticias.com\/v3\/"},{"@type":"ListItem","position":2,"name":"Gripe aviar: advierten que la enfermedad \u201clleg\u00f3 para quedarse\u201d"}]},{"@type":"WebSite","@id":"https:\/\/cvinoticias.com\/v3\/#website","url":"https:\/\/cvinoticias.com\/v3\/","name":"CVI NOTICIAS","description":"","publisher":{"@id":"https:\/\/cvinoticias.com\/v3\/#organization"},"alternateName":"CVI","potentialAction":[{"@type":"SearchAction","target":{"@type":"EntryPoint","urlTemplate":"https:\/\/cvinoticias.com\/v3\/?s={search_term_string}"},"query-input":{"@type":"PropertyValueSpecification","valueRequired":true,"valueName":"search_term_string"}}],"inLanguage":"es"},{"@type":"Organization","@id":"https:\/\/cvinoticias.com\/v3\/#organization","name":"CVI NOTICIAS","url":"https:\/\/cvinoticias.com\/v3\/","logo":{"@type":"ImageObject","inLanguage":"es","@id":"https:\/\/cvinoticias.com\/v3\/#\/schema\/logo\/image\/","url":"https:\/\/cvinoticias.com\/wp-content\/uploads\/2023\/04\/cropped-cropped-cropped-cropped-cropped-3-1.png","contentUrl":"https:\/\/cvinoticias.com\/wp-content\/uploads\/2023\/04\/cropped-cropped-cropped-cropped-cropped-3-1.png","width":95,"height":122,"caption":"CVI NOTICIAS"},"image":{"@id":"https:\/\/cvinoticias.com\/v3\/#\/schema\/logo\/image\/"},"sameAs":["https:\/\/www.facebook.com\/cvinoticias","https:\/\/www.instagram.com\/cvinoticias\/","https:\/\/www.youtube.com\/@CVINOTICIAS"]},{"@type":"Person","@id":"https:\/\/cvinoticias.com\/v3\/#\/schema\/person\/2db77e3c6bc03c538495d7b2b8be9b66","name":"f1000024","image":{"@type":"ImageObject","inLanguage":"es","@id":"https:\/\/secure.gravatar.com\/avatar\/d4fe7459cfc51ff5129ce1a732bbef5928568b8092d412ef95611616376bbeed?s=96&d=mm&r=g","url":"https:\/\/secure.gravatar.com\/avatar\/d4fe7459cfc51ff5129ce1a732bbef5928568b8092d412ef95611616376bbeed?s=96&d=mm&r=g","contentUrl":"https:\/\/secure.gravatar.com\/avatar\/d4fe7459cfc51ff5129ce1a732bbef5928568b8092d412ef95611616376bbeed?s=96&d=mm&r=g","caption":"f1000024"},"url":"https:\/\/cvinoticias.com\/v3\/author\/f1000024\/"}]}},"_links":{"self":[{"href":"https:\/\/cvinoticias.com\/v3\/wp-json\/wp\/v2\/posts\/23414","targetHints":{"allow":["GET"]}}],"collection":[{"href":"https:\/\/cvinoticias.com\/v3\/wp-json\/wp\/v2\/posts"}],"about":[{"href":"https:\/\/cvinoticias.com\/v3\/wp-json\/wp\/v2\/types\/post"}],"author":[{"embeddable":true,"href":"https:\/\/cvinoticias.com\/v3\/wp-json\/wp\/v2\/users\/2"}],"replies":[{"embeddable":true,"href":"https:\/\/cvinoticias.com\/v3\/wp-json\/wp\/v2\/comments?post=23414"}],"version-history":[{"count":1,"href":"https:\/\/cvinoticias.com\/v3\/wp-json\/wp\/v2\/posts\/23414\/revisions"}],"predecessor-version":[{"id":23416,"href":"https:\/\/cvinoticias.com\/v3\/wp-json\/wp\/v2\/posts\/23414\/revisions\/23416"}],"wp:featuredmedia":[{"embeddable":true,"href":"https:\/\/cvinoticias.com\/v3\/wp-json\/wp\/v2\/media\/23415"}],"wp:attachment":[{"href":"https:\/\/cvinoticias.com\/v3\/wp-json\/wp\/v2\/media?parent=23414"}],"wp:term":[{"taxonomy":"category","embeddable":true,"href":"https:\/\/cvinoticias.com\/v3\/wp-json\/wp\/v2\/categories?post=23414"},{"taxonomy":"post_tag","embeddable":true,"href":"https:\/\/cvinoticias.com\/v3\/wp-json\/wp\/v2\/tags?post=23414"}],"curies":[{"name":"wp","href":"https:\/\/api.w.org\/{rel}","templated":true}]}}