{"id":23411,"date":"2023-03-20T11:07:59","date_gmt":"2023-03-20T11:07:59","guid":{"rendered":"https:\/\/cvinoticias.com\/v3\/?p=23411"},"modified":"2023-03-20T11:07:59","modified_gmt":"2023-03-20T11:07:59","slug":"inauguraron-el-nuevo-edificio-de-la-universidad-de-las-fuerzas-de-seguridad-de-misiones","status":"publish","type":"post","link":"https:\/\/cvinoticias.com\/v3\/inauguraron-el-nuevo-edificio-de-la-universidad-de-las-fuerzas-de-seguridad-de-misiones\/","title":{"rendered":"Inauguraron el nuevo edificio de la Universidad de las Fuerzas de Seguridad de Misiones"},"content":{"rendered":"\n<p><strong><em>En el mismo acto, que cont\u00f3 con la presencia del gobernador de la provincia, se dio por iniciado el ciclo lectivo 2023.<\/em><\/strong><\/p>\n\n\n\n<p>En una emotiva ceremonia, el gobernador de la provincia Dr. Oscar Herrera Ahuad, encabez\u00f3 el acto de inauguraci\u00f3n del nuevo edificio de la Sede Andr\u00e9s Guacurar\u00ed y Artigas, y dio inicio oficial del ciclo lectivo 2023 de la U.F.S.P.M.<\/p>\n\n\n\n<p>El acto comenz\u00f3 con el tradicional corte de cintas y descubrimiento de la placa conmemorativa, en el que participaron el Vicepresidente Primero de la C\u00e1mara de Representantes de Misiones Lic. Hugo Passalacqua, el Ministro de Gobierno Dr. Marcelo P\u00e9rez, Ministro de Educaci\u00f3n Miguel Sedoff, el Sub Secretario de Seguridad y Justicia, Decano del I.U.S.P.M Dr. Pedro Ariel Marinoni, y Comisi\u00f3n Directiva de la Universidad. Con lo cual qued\u00f3 oficialmente inaugurada la obra.<\/p>\n\n\n\n<p>Seguidamente, las autoridades presentes se dirigieron a la Plaza de Armas, donde se recibieron las banderas de ceremonia, y se entonaron las estrofas del Himno Nacional Argentino y la canci\u00f3n oficial Misionerita, a los sones de la Banda de M\u00fasica del SPP.<\/p>\n\n\n\n<p>Posteriormente el Capell\u00e1n H\u00e9ctor Maldonado y el Pastor Hern\u00e1n Esp\u00edndola, pidieron en oraci\u00f3n por el \u00e9xito de este nuevo a\u00f1o escolar y realizaron la bendici\u00f3n del nuevo establecimiento. El ministro Dr. Marcelo P\u00e9rez remarc\u00f3 este d\u00eda porque \u201ces hist\u00f3rico en cuanto a la importancia de dar continuidad a los proyectos, que son fruto de una buena administraci\u00f3n de los recursos del Estado\u201d. Adem\u00e1s, motiv\u00f3 a los cadetes a comprometerse con esta formaci\u00f3n universitaria que conf\u00eda en su preparaci\u00f3n y que forma parte de las pol\u00edticas de Estado.<\/p>\n\n\n\n<p>Al tomar la palabra, el Gobernador agradeci\u00f3 las decisiones pol\u00edticas que se toman como parte de un proyecto que apuesta a la educaci\u00f3n, con esfuerzo de los aportes de los misioneros. Agreg\u00f3 que la concreci\u00f3n de esta obra se suma a distintas acciones que se vienen llevando adelante desde la gesti\u00f3n, como gobernador, del Lic. Hugo Passalacqua, en relaci\u00f3n a la cuesti\u00f3n educativa.<br>La nueva infraestructura de la Sede de la Universidad, que se encuentra ubicada en Cabo de Hornos y Av. Tulo Llamosas, fue una iniciativa trabajada con el presupuesto provincial, comprendi\u00f3 la construcci\u00f3n de aulas, espacios maker, un ala administrativa, sala de conferencias, sala de profesores, gabinetes, secci\u00f3n sanidad, polideportivo, entre otros, lo que permitir\u00e1 elevar la calidad educativa de los alumnos-cadetes.<\/p>\n\n\n\n<p>Del evento tambi\u00e9n participaron el Director<br>General del Servicio Penitenciario Alcaide General Manuel Dutto, la Sub Directora General Valeria Mereles, directivos de nuestra sede, directora de Carreras Alcaide General Lic. Claudia R\u00edos, Director de Instrucci\u00f3n y Pr\u00e1ctica Penitenciaria Alcaide Inspector Mariano Alonso, y la Directora de Econom\u00eda y Finanzas Alcaide Mayor Graciela Rodr\u00edguez. Tambi\u00e9n asistieron representantes de las fuerzas Nacionales y Provinciales, as\u00ed como invitados especiales, docentes y personal no docente de la Instituci\u00f3n.<\/p>\n\n\n\n<p>Misiones es la primera provincia en contar con una Universidad de las Fuerzas de Seguridad, sus caracter\u00edsticas la constituyen pionera dentro del pa\u00eds. Cabe destacar que la ley de creaci\u00f3n fue una iniciativa del Presidente de la C\u00e1mara de representantes de la provincia de Misiones, Ing. Carlos Rovira.<\/p>\n\n\n\n<p>La Universidad de las Fuerzas de Seguridad surgi\u00f3 con el siguiente objetivo: \u201ctransformar el actual sistema de formaci\u00f3n inicial del personal superior y subalterno de la Polic\u00eda y el Servicio Penitenciario Provincial, de un nivel terciario a un sistema universitario\u201d.<br>El norte es formar profesionales comprometidos con la sociedad, con conciencia \u00e9tica, solidaria y respetuosa de los derechos humanos, las instituciones y la democracia.<\/p>\n\n\n\n<p>La Universidad de la Fuerzas de seguridad sede Servicio Penitenciario Provincial, se constituy\u00f3 sobre la estructura del Instituto Superior en Ciencias Penitenciarias \u201cAndr\u00e9s Guacurar\u00ed y Artigas\u201d, InSuCip, El mismo fue creado el 4 de junio del a\u00f1o 2007 y otorgaba el T\u00edtulo de Nivel Superior T\u00e9cnico Profesional con Validez Nacional, \u00fanico en esta regi\u00f3n y en el pa\u00eds. Siendo en aquel entonces pionero en la formaci\u00f3n de oficiales para las fuerzas de seguridad de la Provincia de Misiones.<\/p>\n\n\n\n<p>Vanguardia que se marca nuevamente a trav\u00e9s de la puesta en funcionamiento del flamante edificio, pronto a inaugurarse. Una obra edilicia de gran envergadura, que marcar\u00e1 un antes y un despu\u00e9s en la historia del Servicio Penitenciario de Misiones, ya que no se dej\u00f3 detalle librado al azar, para brindar todas las comodidades como parte de la formaci\u00f3n integral de los futuros integrantes de la fuerza.<\/p>\n\n\n\n<p>Por ejemplo, se contar\u00e1 con un gran polideportivo, ya que la destreza f\u00edsica es fundamental en la preparaci\u00f3n de los agentes y oficiales; Aulas amplias y ventiladas para una mejor asimilaci\u00f3n de los conocimientos; en lo que respecta al cuidado y atenci\u00f3n de la salud, se contar\u00e1 con un consultorio m\u00e9dico de \u00faltima generaci\u00f3n; un sector especial de conferencia; un espacio markers para aplicar metodolog\u00edas activas y disruptivas de ense\u00f1anza y aprendizaje a trav\u00e9s del uso de Tecnolog\u00edas del Aprendizaje y el Conocimiento (TAC).<\/p>\n\n\n\n<p>Adem\u00e1s de los requerimientos b\u00e1sicos como ser cocina, ba\u00f1os, sectores de guardia.<br>Asimismo, contar\u00e1 con 6 \u201ccuadras\u201d (espacio donde los cadetes podr\u00e1n pernoctar), tres femeninos y tres masculinos.<\/p>\n\n\n\n<p>La trascendencia hist\u00f3rica que antecede a las nuevas instalaciones, supone un desaf\u00edo que se adapta a la formaci\u00f3n de cientos de j\u00f3venes con una mirada a continuar con la capacitaci\u00f3n universitaria, contando tambi\u00e9n con una diplomatura.<\/p>\n","protected":false},"excerpt":{"rendered":"<p>En el mismo acto, que cont\u00f3 con la presencia del gobernador de la provincia, se dio por iniciado el ciclo lectivo 2023. En una emotiva ceremonia, el gobernador de la provincia Dr. Oscar Herrera Ahuad, encabez\u00f3 el acto de inauguraci\u00f3n del nuevo edificio de la Sede Andr\u00e9s Guacurar\u00ed y Artigas, y dio inicio oficial del [&hellip;]<\/p>\n","protected":false},"author":2,"featured_media":23412,"comment_status":"open","ping_status":"open","sticky":false,"template":"","format":"standard","meta":{"footnotes":""},"categories":[43],"tags":[],"class_list":["post-23411","post","type-post","status-publish","format-standard","has-post-thumbnail","hentry","category-provinciales"],"yoast_head":"<!-- This site is optimized with the Yoast SEO plugin v27.5 - https:\/\/yoast.com\/product\/yoast-seo-wordpress\/ -->\n<title>Inauguraron el nuevo edificio de la Universidad de las Fuerzas de Seguridad de Misiones | CVI NOTICIAS<\/title>\n<meta name=\"robots\" content=\"index, follow, max-snippet:-1, max-image-preview:large, max-video-preview:-1\" \/>\n<link rel=\"canonical\" href=\"https:\/\/cvinoticias.com\/v3\/inauguraron-el-nuevo-edificio-de-la-universidad-de-las-fuerzas-de-seguridad-de-misiones\/\" \/>\n<meta property=\"og:locale\" content=\"es_ES\" \/>\n<meta property=\"og:type\" content=\"article\" \/>\n<meta property=\"og:title\" content=\"Inauguraron el nuevo edificio de la Universidad de las Fuerzas de Seguridad de Misiones | CVI NOTICIAS\" \/>\n<meta property=\"og:description\" content=\"En el mismo acto, que cont\u00f3 con la presencia del gobernador de la provincia, se dio por iniciado el ciclo lectivo 2023. En una emotiva ceremonia, el gobernador de la provincia Dr. Oscar Herrera Ahuad, encabez\u00f3 el acto de inauguraci\u00f3n del nuevo edificio de la Sede Andr\u00e9s Guacurar\u00ed y Artigas, y dio inicio oficial del [&hellip;]\" \/>\n<meta property=\"og:url\" content=\"https:\/\/cvinoticias.com\/v3\/inauguraron-el-nuevo-edificio-de-la-universidad-de-las-fuerzas-de-seguridad-de-misiones\/\" \/>\n<meta property=\"og:site_name\" content=\"CVI NOTICIAS\" \/>\n<meta property=\"article:publisher\" content=\"https:\/\/www.facebook.com\/cvinoticias\" \/>\n<meta property=\"article:published_time\" content=\"2023-03-20T11:07:59+00:00\" \/>\n<meta property=\"og:image\" content=\"https:\/\/cvinoticias.com\/wp-content\/uploads\/2023\/03\/3761.jpg\" \/>\n\t<meta property=\"og:image:width\" content=\"1500\" \/>\n\t<meta property=\"og:image:height\" content=\"1000\" \/>\n\t<meta property=\"og:image:type\" content=\"image\/jpeg\" \/>\n<meta name=\"author\" content=\"f1000024\" \/>\n<meta name=\"twitter:card\" content=\"summary_large_image\" \/>\n<meta name=\"twitter:label1\" content=\"Escrito por\" \/>\n\t<meta name=\"twitter:data1\" content=\"f1000024\" \/>\n\t<meta name=\"twitter:label2\" content=\"Tiempo de lectura\" \/>\n\t<meta name=\"twitter:data2\" content=\"5 minutos\" \/>\n<script type=\"application\/ld+json\" class=\"yoast-schema-graph\">{\"@context\":\"https:\\\/\\\/schema.org\",\"@graph\":[{\"@type\":\"Article\",\"@id\":\"https:\\\/\\\/cvinoticias.com\\\/v3\\\/inauguraron-el-nuevo-edificio-de-la-universidad-de-las-fuerzas-de-seguridad-de-misiones\\\/#article\",\"isPartOf\":{\"@id\":\"https:\\\/\\\/cvinoticias.com\\\/v3\\\/inauguraron-el-nuevo-edificio-de-la-universidad-de-las-fuerzas-de-seguridad-de-misiones\\\/\"},\"author\":{\"name\":\"f1000024\",\"@id\":\"https:\\\/\\\/cvinoticias.com\\\/v3\\\/#\\\/schema\\\/person\\\/2db77e3c6bc03c538495d7b2b8be9b66\"},\"headline\":\"Inauguraron el nuevo edificio de la Universidad de las Fuerzas de Seguridad de Misiones\",\"datePublished\":\"2023-03-20T11:07:59+00:00\",\"mainEntityOfPage\":{\"@id\":\"https:\\\/\\\/cvinoticias.com\\\/v3\\\/inauguraron-el-nuevo-edificio-de-la-universidad-de-las-fuerzas-de-seguridad-de-misiones\\\/\"},\"wordCount\":956,\"commentCount\":0,\"publisher\":{\"@id\":\"https:\\\/\\\/cvinoticias.com\\\/v3\\\/#organization\"},\"image\":{\"@id\":\"https:\\\/\\\/cvinoticias.com\\\/v3\\\/inauguraron-el-nuevo-edificio-de-la-universidad-de-las-fuerzas-de-seguridad-de-misiones\\\/#primaryimage\"},\"thumbnailUrl\":\"https:\\\/\\\/cvinoticias.com\\\/wp-content\\\/uploads\\\/2023\\\/03\\\/3761.jpg\",\"articleSection\":[\"Provinciales\"],\"inLanguage\":\"es\",\"potentialAction\":[{\"@type\":\"CommentAction\",\"name\":\"Comment\",\"target\":[\"https:\\\/\\\/cvinoticias.com\\\/v3\\\/inauguraron-el-nuevo-edificio-de-la-universidad-de-las-fuerzas-de-seguridad-de-misiones\\\/#respond\"]}]},{\"@type\":\"WebPage\",\"@id\":\"https:\\\/\\\/cvinoticias.com\\\/v3\\\/inauguraron-el-nuevo-edificio-de-la-universidad-de-las-fuerzas-de-seguridad-de-misiones\\\/\",\"url\":\"https:\\\/\\\/cvinoticias.com\\\/v3\\\/inauguraron-el-nuevo-edificio-de-la-universidad-de-las-fuerzas-de-seguridad-de-misiones\\\/\",\"name\":\"Inauguraron el nuevo edificio de la Universidad de las Fuerzas de Seguridad de Misiones | CVI NOTICIAS\",\"isPartOf\":{\"@id\":\"https:\\\/\\\/cvinoticias.com\\\/v3\\\/#website\"},\"primaryImageOfPage\":{\"@id\":\"https:\\\/\\\/cvinoticias.com\\\/v3\\\/inauguraron-el-nuevo-edificio-de-la-universidad-de-las-fuerzas-de-seguridad-de-misiones\\\/#primaryimage\"},\"image\":{\"@id\":\"https:\\\/\\\/cvinoticias.com\\\/v3\\\/inauguraron-el-nuevo-edificio-de-la-universidad-de-las-fuerzas-de-seguridad-de-misiones\\\/#primaryimage\"},\"thumbnailUrl\":\"https:\\\/\\\/cvinoticias.com\\\/wp-content\\\/uploads\\\/2023\\\/03\\\/3761.jpg\",\"datePublished\":\"2023-03-20T11:07:59+00:00\",\"breadcrumb\":{\"@id\":\"https:\\\/\\\/cvinoticias.com\\\/v3\\\/inauguraron-el-nuevo-edificio-de-la-universidad-de-las-fuerzas-de-seguridad-de-misiones\\\/#breadcrumb\"},\"inLanguage\":\"es\",\"potentialAction\":[{\"@type\":\"ReadAction\",\"target\":[\"https:\\\/\\\/cvinoticias.com\\\/v3\\\/inauguraron-el-nuevo-edificio-de-la-universidad-de-las-fuerzas-de-seguridad-de-misiones\\\/\"]}]},{\"@type\":\"ImageObject\",\"inLanguage\":\"es\",\"@id\":\"https:\\\/\\\/cvinoticias.com\\\/v3\\\/inauguraron-el-nuevo-edificio-de-la-universidad-de-las-fuerzas-de-seguridad-de-misiones\\\/#primaryimage\",\"url\":\"https:\\\/\\\/cvinoticias.com\\\/wp-content\\\/uploads\\\/2023\\\/03\\\/3761.jpg\",\"contentUrl\":\"https:\\\/\\\/cvinoticias.com\\\/wp-content\\\/uploads\\\/2023\\\/03\\\/3761.jpg\",\"width\":1500,\"height\":1000},{\"@type\":\"BreadcrumbList\",\"@id\":\"https:\\\/\\\/cvinoticias.com\\\/v3\\\/inauguraron-el-nuevo-edificio-de-la-universidad-de-las-fuerzas-de-seguridad-de-misiones\\\/#breadcrumb\",\"itemListElement\":[{\"@type\":\"ListItem\",\"position\":1,\"name\":\"Portada\",\"item\":\"https:\\\/\\\/cvinoticias.com\\\/v3\\\/\"},{\"@type\":\"ListItem\",\"position\":2,\"name\":\"Inauguraron el nuevo edificio de la Universidad de las Fuerzas de Seguridad de Misiones\"}]},{\"@type\":\"WebSite\",\"@id\":\"https:\\\/\\\/cvinoticias.com\\\/v3\\\/#website\",\"url\":\"https:\\\/\\\/cvinoticias.com\\\/v3\\\/\",\"name\":\"CVI NOTICIAS\",\"description\":\"\",\"publisher\":{\"@id\":\"https:\\\/\\\/cvinoticias.com\\\/v3\\\/#organization\"},\"alternateName\":\"CVI\",\"potentialAction\":[{\"@type\":\"SearchAction\",\"target\":{\"@type\":\"EntryPoint\",\"urlTemplate\":\"https:\\\/\\\/cvinoticias.com\\\/v3\\\/?s={search_term_string}\"},\"query-input\":{\"@type\":\"PropertyValueSpecification\",\"valueRequired\":true,\"valueName\":\"search_term_string\"}}],\"inLanguage\":\"es\"},{\"@type\":\"Organization\",\"@id\":\"https:\\\/\\\/cvinoticias.com\\\/v3\\\/#organization\",\"name\":\"CVI NOTICIAS\",\"url\":\"https:\\\/\\\/cvinoticias.com\\\/v3\\\/\",\"logo\":{\"@type\":\"ImageObject\",\"inLanguage\":\"es\",\"@id\":\"https:\\\/\\\/cvinoticias.com\\\/v3\\\/#\\\/schema\\\/logo\\\/image\\\/\",\"url\":\"https:\\\/\\\/cvinoticias.com\\\/wp-content\\\/uploads\\\/2023\\\/04\\\/cropped-cropped-cropped-cropped-cropped-3-1.png\",\"contentUrl\":\"https:\\\/\\\/cvinoticias.com\\\/wp-content\\\/uploads\\\/2023\\\/04\\\/cropped-cropped-cropped-cropped-cropped-3-1.png\",\"width\":95,\"height\":122,\"caption\":\"CVI NOTICIAS\"},\"image\":{\"@id\":\"https:\\\/\\\/cvinoticias.com\\\/v3\\\/#\\\/schema\\\/logo\\\/image\\\/\"},\"sameAs\":[\"https:\\\/\\\/www.facebook.com\\\/cvinoticias\",\"https:\\\/\\\/www.instagram.com\\\/cvinoticias\\\/\",\"https:\\\/\\\/www.youtube.com\\\/@CVINOTICIAS\"]},{\"@type\":\"Person\",\"@id\":\"https:\\\/\\\/cvinoticias.com\\\/v3\\\/#\\\/schema\\\/person\\\/2db77e3c6bc03c538495d7b2b8be9b66\",\"name\":\"f1000024\",\"image\":{\"@type\":\"ImageObject\",\"inLanguage\":\"es\",\"@id\":\"https:\\\/\\\/secure.gravatar.com\\\/avatar\\\/d4fe7459cfc51ff5129ce1a732bbef5928568b8092d412ef95611616376bbeed?s=96&d=mm&r=g\",\"url\":\"https:\\\/\\\/secure.gravatar.com\\\/avatar\\\/d4fe7459cfc51ff5129ce1a732bbef5928568b8092d412ef95611616376bbeed?s=96&d=mm&r=g\",\"contentUrl\":\"https:\\\/\\\/secure.gravatar.com\\\/avatar\\\/d4fe7459cfc51ff5129ce1a732bbef5928568b8092d412ef95611616376bbeed?s=96&d=mm&r=g\",\"caption\":\"f1000024\"},\"url\":\"https:\\\/\\\/cvinoticias.com\\\/v3\\\/author\\\/f1000024\\\/\"}]}<\/script>\n<!-- \/ Yoast SEO plugin. -->","yoast_head_json":{"title":"Inauguraron el nuevo edificio de la Universidad de las Fuerzas de Seguridad de Misiones | CVI NOTICIAS","robots":{"index":"index","follow":"follow","max-snippet":"max-snippet:-1","max-image-preview":"max-image-preview:large","max-video-preview":"max-video-preview:-1"},"canonical":"https:\/\/cvinoticias.com\/v3\/inauguraron-el-nuevo-edificio-de-la-universidad-de-las-fuerzas-de-seguridad-de-misiones\/","og_locale":"es_ES","og_type":"article","og_title":"Inauguraron el nuevo edificio de la Universidad de las Fuerzas de Seguridad de Misiones | CVI NOTICIAS","og_description":"En el mismo acto, que cont\u00f3 con la presencia del gobernador de la provincia, se dio por iniciado el ciclo lectivo 2023. En una emotiva ceremonia, el gobernador de la provincia Dr. Oscar Herrera Ahuad, encabez\u00f3 el acto de inauguraci\u00f3n del nuevo edificio de la Sede Andr\u00e9s Guacurar\u00ed y Artigas, y dio inicio oficial del [&hellip;]","og_url":"https:\/\/cvinoticias.com\/v3\/inauguraron-el-nuevo-edificio-de-la-universidad-de-las-fuerzas-de-seguridad-de-misiones\/","og_site_name":"CVI NOTICIAS","article_publisher":"https:\/\/www.facebook.com\/cvinoticias","article_published_time":"2023-03-20T11:07:59+00:00","og_image":[{"width":1500,"height":1000,"url":"https:\/\/cvinoticias.com\/wp-content\/uploads\/2023\/03\/3761.jpg","type":"image\/jpeg"}],"author":"f1000024","twitter_card":"summary_large_image","twitter_misc":{"Escrito por":"f1000024","Tiempo de lectura":"5 minutos"},"schema":{"@context":"https:\/\/schema.org","@graph":[{"@type":"Article","@id":"https:\/\/cvinoticias.com\/v3\/inauguraron-el-nuevo-edificio-de-la-universidad-de-las-fuerzas-de-seguridad-de-misiones\/#article","isPartOf":{"@id":"https:\/\/cvinoticias.com\/v3\/inauguraron-el-nuevo-edificio-de-la-universidad-de-las-fuerzas-de-seguridad-de-misiones\/"},"author":{"name":"f1000024","@id":"https:\/\/cvinoticias.com\/v3\/#\/schema\/person\/2db77e3c6bc03c538495d7b2b8be9b66"},"headline":"Inauguraron el nuevo edificio de la Universidad de las Fuerzas de Seguridad de Misiones","datePublished":"2023-03-20T11:07:59+00:00","mainEntityOfPage":{"@id":"https:\/\/cvinoticias.com\/v3\/inauguraron-el-nuevo-edificio-de-la-universidad-de-las-fuerzas-de-seguridad-de-misiones\/"},"wordCount":956,"commentCount":0,"publisher":{"@id":"https:\/\/cvinoticias.com\/v3\/#organization"},"image":{"@id":"https:\/\/cvinoticias.com\/v3\/inauguraron-el-nuevo-edificio-de-la-universidad-de-las-fuerzas-de-seguridad-de-misiones\/#primaryimage"},"thumbnailUrl":"https:\/\/cvinoticias.com\/wp-content\/uploads\/2023\/03\/3761.jpg","articleSection":["Provinciales"],"inLanguage":"es","potentialAction":[{"@type":"CommentAction","name":"Comment","target":["https:\/\/cvinoticias.com\/v3\/inauguraron-el-nuevo-edificio-de-la-universidad-de-las-fuerzas-de-seguridad-de-misiones\/#respond"]}]},{"@type":"WebPage","@id":"https:\/\/cvinoticias.com\/v3\/inauguraron-el-nuevo-edificio-de-la-universidad-de-las-fuerzas-de-seguridad-de-misiones\/","url":"https:\/\/cvinoticias.com\/v3\/inauguraron-el-nuevo-edificio-de-la-universidad-de-las-fuerzas-de-seguridad-de-misiones\/","name":"Inauguraron el nuevo edificio de la Universidad de las Fuerzas de Seguridad de Misiones | CVI NOTICIAS","isPartOf":{"@id":"https:\/\/cvinoticias.com\/v3\/#website"},"primaryImageOfPage":{"@id":"https:\/\/cvinoticias.com\/v3\/inauguraron-el-nuevo-edificio-de-la-universidad-de-las-fuerzas-de-seguridad-de-misiones\/#primaryimage"},"image":{"@id":"https:\/\/cvinoticias.com\/v3\/inauguraron-el-nuevo-edificio-de-la-universidad-de-las-fuerzas-de-seguridad-de-misiones\/#primaryimage"},"thumbnailUrl":"https:\/\/cvinoticias.com\/wp-content\/uploads\/2023\/03\/3761.jpg","datePublished":"2023-03-20T11:07:59+00:00","breadcrumb":{"@id":"https:\/\/cvinoticias.com\/v3\/inauguraron-el-nuevo-edificio-de-la-universidad-de-las-fuerzas-de-seguridad-de-misiones\/#breadcrumb"},"inLanguage":"es","potentialAction":[{"@type":"ReadAction","target":["https:\/\/cvinoticias.com\/v3\/inauguraron-el-nuevo-edificio-de-la-universidad-de-las-fuerzas-de-seguridad-de-misiones\/"]}]},{"@type":"ImageObject","inLanguage":"es","@id":"https:\/\/cvinoticias.com\/v3\/inauguraron-el-nuevo-edificio-de-la-universidad-de-las-fuerzas-de-seguridad-de-misiones\/#primaryimage","url":"https:\/\/cvinoticias.com\/wp-content\/uploads\/2023\/03\/3761.jpg","contentUrl":"https:\/\/cvinoticias.com\/wp-content\/uploads\/2023\/03\/3761.jpg","width":1500,"height":1000},{"@type":"BreadcrumbList","@id":"https:\/\/cvinoticias.com\/v3\/inauguraron-el-nuevo-edificio-de-la-universidad-de-las-fuerzas-de-seguridad-de-misiones\/#breadcrumb","itemListElement":[{"@type":"ListItem","position":1,"name":"Portada","item":"https:\/\/cvinoticias.com\/v3\/"},{"@type":"ListItem","position":2,"name":"Inauguraron el nuevo edificio de la Universidad de las Fuerzas de Seguridad de Misiones"}]},{"@type":"WebSite","@id":"https:\/\/cvinoticias.com\/v3\/#website","url":"https:\/\/cvinoticias.com\/v3\/","name":"CVI NOTICIAS","description":"","publisher":{"@id":"https:\/\/cvinoticias.com\/v3\/#organization"},"alternateName":"CVI","potentialAction":[{"@type":"SearchAction","target":{"@type":"EntryPoint","urlTemplate":"https:\/\/cvinoticias.com\/v3\/?s={search_term_string}"},"query-input":{"@type":"PropertyValueSpecification","valueRequired":true,"valueName":"search_term_string"}}],"inLanguage":"es"},{"@type":"Organization","@id":"https:\/\/cvinoticias.com\/v3\/#organization","name":"CVI NOTICIAS","url":"https:\/\/cvinoticias.com\/v3\/","logo":{"@type":"ImageObject","inLanguage":"es","@id":"https:\/\/cvinoticias.com\/v3\/#\/schema\/logo\/image\/","url":"https:\/\/cvinoticias.com\/wp-content\/uploads\/2023\/04\/cropped-cropped-cropped-cropped-cropped-3-1.png","contentUrl":"https:\/\/cvinoticias.com\/wp-content\/uploads\/2023\/04\/cropped-cropped-cropped-cropped-cropped-3-1.png","width":95,"height":122,"caption":"CVI NOTICIAS"},"image":{"@id":"https:\/\/cvinoticias.com\/v3\/#\/schema\/logo\/image\/"},"sameAs":["https:\/\/www.facebook.com\/cvinoticias","https:\/\/www.instagram.com\/cvinoticias\/","https:\/\/www.youtube.com\/@CVINOTICIAS"]},{"@type":"Person","@id":"https:\/\/cvinoticias.com\/v3\/#\/schema\/person\/2db77e3c6bc03c538495d7b2b8be9b66","name":"f1000024","image":{"@type":"ImageObject","inLanguage":"es","@id":"https:\/\/secure.gravatar.com\/avatar\/d4fe7459cfc51ff5129ce1a732bbef5928568b8092d412ef95611616376bbeed?s=96&d=mm&r=g","url":"https:\/\/secure.gravatar.com\/avatar\/d4fe7459cfc51ff5129ce1a732bbef5928568b8092d412ef95611616376bbeed?s=96&d=mm&r=g","contentUrl":"https:\/\/secure.gravatar.com\/avatar\/d4fe7459cfc51ff5129ce1a732bbef5928568b8092d412ef95611616376bbeed?s=96&d=mm&r=g","caption":"f1000024"},"url":"https:\/\/cvinoticias.com\/v3\/author\/f1000024\/"}]}},"_links":{"self":[{"href":"https:\/\/cvinoticias.com\/v3\/wp-json\/wp\/v2\/posts\/23411","targetHints":{"allow":["GET"]}}],"collection":[{"href":"https:\/\/cvinoticias.com\/v3\/wp-json\/wp\/v2\/posts"}],"about":[{"href":"https:\/\/cvinoticias.com\/v3\/wp-json\/wp\/v2\/types\/post"}],"author":[{"embeddable":true,"href":"https:\/\/cvinoticias.com\/v3\/wp-json\/wp\/v2\/users\/2"}],"replies":[{"embeddable":true,"href":"https:\/\/cvinoticias.com\/v3\/wp-json\/wp\/v2\/comments?post=23411"}],"version-history":[{"count":1,"href":"https:\/\/cvinoticias.com\/v3\/wp-json\/wp\/v2\/posts\/23411\/revisions"}],"predecessor-version":[{"id":23413,"href":"https:\/\/cvinoticias.com\/v3\/wp-json\/wp\/v2\/posts\/23411\/revisions\/23413"}],"wp:featuredmedia":[{"embeddable":true,"href":"https:\/\/cvinoticias.com\/v3\/wp-json\/wp\/v2\/media\/23412"}],"wp:attachment":[{"href":"https:\/\/cvinoticias.com\/v3\/wp-json\/wp\/v2\/media?parent=23411"}],"wp:term":[{"taxonomy":"category","embeddable":true,"href":"https:\/\/cvinoticias.com\/v3\/wp-json\/wp\/v2\/categories?post=23411"},{"taxonomy":"post_tag","embeddable":true,"href":"https:\/\/cvinoticias.com\/v3\/wp-json\/wp\/v2\/tags?post=23411"}],"curies":[{"name":"wp","href":"https:\/\/api.w.org\/{rel}","templated":true}]}}