{"id":23398,"date":"2023-03-19T13:03:53","date_gmt":"2023-03-19T13:03:53","guid":{"rendered":"https:\/\/cvinoticias.com\/v3\/?p=23398"},"modified":"2023-03-19T13:03:53","modified_gmt":"2023-03-19T13:03:53","slug":"brutal-agresion-a-una-docente-por-reprobar-a-una-de-sus-estudiantes","status":"publish","type":"post","link":"https:\/\/cvinoticias.com\/v3\/brutal-agresion-a-una-docente-por-reprobar-a-una-de-sus-estudiantes\/","title":{"rendered":"Brutal agresi\u00f3n a una docente por reprobar a una de sus estudiantes"},"content":{"rendered":"\n<p><strong><em>Un hecho vergonzoso se vivi\u00f3 en una escuela de Necochea. Una docente desaprob\u00f3 a una alumna y y los familiares de esta ultima la atacaron salvajemente. La v\u00edctima admiti\u00f3 que la \u00abten\u00edan como un perro en el piso\u00bb.<\/em><\/strong><\/p>\n\n\n\n<p>Morot\u00ed Arocena, profesora de una materia de quinto a\u00f1o de secundaria, habl\u00f3 con varios medios locales y afirm\u00f3 que el ataque fue producido por la madre y hermano de la alumna. \u00abEstoy muy conmovida por todo lo que pas\u00f3 y por ver todas esas im\u00e1genes de la gente que sali\u00f3 a la calle a decir basta de violencia en las escuelas y bajo la consigna si tocan a uno tocan a todos\u00bb.<\/p>\n\n\n\n<figure class=\"wp-block-image size-full\"><a href=\"https:\/\/cvinoticias.com\/wp-content\/uploads\/2023\/03\/salvaje-ataque-a-una-docente-de-necochea-porque-reprobo-a-v0-PwAfQTE1_Mlthq4EXBppyFr_T8KqsMupTXyzBUTNm2o-1.jpg\"><img decoding=\"async\" width=\"640\" height=\"335\" data-src=\"https:\/\/cvinoticias.com\/wp-content\/uploads\/2023\/03\/salvaje-ataque-a-una-docente-de-necochea-porque-reprobo-a-v0-PwAfQTE1_Mlthq4EXBppyFr_T8KqsMupTXyzBUTNm2o-1.jpg\" alt=\"\" class=\"wp-image-23401 lazyload\" data-srcset=\"https:\/\/cvinoticias.com\/wp-content\/uploads\/2023\/03\/salvaje-ataque-a-una-docente-de-necochea-porque-reprobo-a-v0-PwAfQTE1_Mlthq4EXBppyFr_T8KqsMupTXyzBUTNm2o-1.jpg 640w, https:\/\/cvinoticias.com\/wp-content\/uploads\/2023\/03\/salvaje-ataque-a-una-docente-de-necochea-porque-reprobo-a-v0-PwAfQTE1_Mlthq4EXBppyFr_T8KqsMupTXyzBUTNm2o-1-300x157.jpg 300w\" data-sizes=\"(max-width: 640px) 100vw, 640px\" src=\"data:image\/svg+xml;base64,PHN2ZyB3aWR0aD0iMSIgaGVpZ2h0PSIxIiB4bWxucz0iaHR0cDovL3d3dy53My5vcmcvMjAwMC9zdmciPjwvc3ZnPg==\" style=\"--smush-placeholder-width: 640px; --smush-placeholder-aspect-ratio: 640\/335;\" \/><\/a><\/figure>\n\n\n\n<p>\u00abMi responsabilidad es que aprendan, no que solo se lo apruebe. Y no pasa todo por una campera, porque la familia me dec\u00eda c\u00f3mo no iba a ir a sexto si ya ten\u00eda la campera comprada\u00bb, manifest\u00f3. \u00abCuando se le notifica que desaprob\u00f3 ella me dec\u00eda &#8216;no me hagas esto, yo quiero estar en sexto&#8217;. Cuando termina la mesa me voy, y al salir de la puerta veo que este menor (el hermano de la adolescente) se pone frente a mi, toma impulso y me tira una botella de agua. Ah\u00ed tambi\u00e9n veo a la madre y empiezo a caminar hacia atr\u00e1s, trat\u00e9 de hablarles, pero a los dos segundos me tiraron al piso de un empuj\u00f3n y en el suelo me empezaron a pegar en las piernas\u00bb, relat\u00f3 la docente.<\/p>\n\n\n\n<p>Por otro lado, la docente manifest\u00f3 que la \u00abten\u00edan como perro\u00bb en el piso y agradeci\u00f3 a los alumnos que la socorrieron. \u00abLe agradezco a los que los sacaron, ellos me salvaron. Me contuvieron y se sumaron a que se hiciera el paro porque ayer las clases siguieron como si nada\u00bb.<\/p>\n\n\n\n<p>En cuanto a los atacantes, se supo que la madre de la alumna no est\u00e1 detenida pero si tiene una orden de restricci\u00f3n de acercamiento a la educadora.<\/p>\n","protected":false},"excerpt":{"rendered":"<p>Un hecho vergonzoso se vivi\u00f3 en una escuela de Necochea. Una docente desaprob\u00f3 a una alumna y y los familiares de esta ultima la atacaron salvajemente. La v\u00edctima admiti\u00f3 que la \u00abten\u00edan como un perro en el piso\u00bb. Morot\u00ed Arocena, profesora de una materia de quinto a\u00f1o de secundaria, habl\u00f3 con varios medios locales y [&hellip;]<\/p>\n","protected":false},"author":2,"featured_media":23400,"comment_status":"open","ping_status":"open","sticky":false,"template":"","format":"standard","meta":{"footnotes":""},"categories":[35],"tags":[],"class_list":["post-23398","post","type-post","status-publish","format-standard","has-post-thumbnail","hentry","category-informacion-general"],"yoast_head":"<!-- This site is optimized with the Yoast SEO plugin v27.5 - https:\/\/yoast.com\/product\/yoast-seo-wordpress\/ -->\n<title>Brutal agresi\u00f3n a una docente por reprobar a una de sus estudiantes | CVI NOTICIAS<\/title>\n<meta name=\"robots\" content=\"index, follow, max-snippet:-1, max-image-preview:large, max-video-preview:-1\" \/>\n<link rel=\"canonical\" href=\"https:\/\/cvinoticias.com\/v3\/brutal-agresion-a-una-docente-por-reprobar-a-una-de-sus-estudiantes\/\" \/>\n<meta property=\"og:locale\" content=\"es_ES\" \/>\n<meta property=\"og:type\" content=\"article\" \/>\n<meta property=\"og:title\" content=\"Brutal agresi\u00f3n a una docente por reprobar a una de sus estudiantes | CVI NOTICIAS\" \/>\n<meta property=\"og:description\" content=\"Un hecho vergonzoso se vivi\u00f3 en una escuela de Necochea. Una docente desaprob\u00f3 a una alumna y y los familiares de esta ultima la atacaron salvajemente. La v\u00edctima admiti\u00f3 que la \u00abten\u00edan como un perro en el piso\u00bb. Morot\u00ed Arocena, profesora de una materia de quinto a\u00f1o de secundaria, habl\u00f3 con varios medios locales y [&hellip;]\" \/>\n<meta property=\"og:url\" content=\"https:\/\/cvinoticias.com\/v3\/brutal-agresion-a-una-docente-por-reprobar-a-una-de-sus-estudiantes\/\" \/>\n<meta property=\"og:site_name\" content=\"CVI NOTICIAS\" \/>\n<meta property=\"article:publisher\" content=\"https:\/\/www.facebook.com\/cvinoticias\" \/>\n<meta property=\"article:published_time\" content=\"2023-03-19T13:03:53+00:00\" \/>\n<meta property=\"og:image\" content=\"https:\/\/cvinoticias.com\/wp-content\/uploads\/2023\/03\/colegio_pehuajx_1.jpg_1833193316.png\" \/>\n\t<meta property=\"og:image:width\" content=\"720\" \/>\n\t<meta property=\"og:image:height\" content=\"406\" \/>\n\t<meta property=\"og:image:type\" content=\"image\/png\" \/>\n<meta name=\"author\" content=\"f1000024\" \/>\n<meta name=\"twitter:card\" content=\"summary_large_image\" \/>\n<meta name=\"twitter:label1\" content=\"Escrito por\" \/>\n\t<meta name=\"twitter:data1\" content=\"f1000024\" \/>\n\t<meta name=\"twitter:label2\" content=\"Tiempo de lectura\" \/>\n\t<meta name=\"twitter:data2\" content=\"2 minutos\" \/>\n<script type=\"application\/ld+json\" class=\"yoast-schema-graph\">{\"@context\":\"https:\\\/\\\/schema.org\",\"@graph\":[{\"@type\":\"Article\",\"@id\":\"https:\\\/\\\/cvinoticias.com\\\/v3\\\/brutal-agresion-a-una-docente-por-reprobar-a-una-de-sus-estudiantes\\\/#article\",\"isPartOf\":{\"@id\":\"https:\\\/\\\/cvinoticias.com\\\/v3\\\/brutal-agresion-a-una-docente-por-reprobar-a-una-de-sus-estudiantes\\\/\"},\"author\":{\"name\":\"f1000024\",\"@id\":\"https:\\\/\\\/cvinoticias.com\\\/v3\\\/#\\\/schema\\\/person\\\/2db77e3c6bc03c538495d7b2b8be9b66\"},\"headline\":\"Brutal agresi\u00f3n a una docente por reprobar a una de sus estudiantes\",\"datePublished\":\"2023-03-19T13:03:53+00:00\",\"mainEntityOfPage\":{\"@id\":\"https:\\\/\\\/cvinoticias.com\\\/v3\\\/brutal-agresion-a-una-docente-por-reprobar-a-una-de-sus-estudiantes\\\/\"},\"wordCount\":346,\"commentCount\":0,\"publisher\":{\"@id\":\"https:\\\/\\\/cvinoticias.com\\\/v3\\\/#organization\"},\"image\":{\"@id\":\"https:\\\/\\\/cvinoticias.com\\\/v3\\\/brutal-agresion-a-una-docente-por-reprobar-a-una-de-sus-estudiantes\\\/#primaryimage\"},\"thumbnailUrl\":\"https:\\\/\\\/cvinoticias.com\\\/wp-content\\\/uploads\\\/2023\\\/03\\\/colegio_pehuajx_1.jpg_1833193316.png\",\"articleSection\":[\"Informaci\u00f3n General\"],\"inLanguage\":\"es\",\"potentialAction\":[{\"@type\":\"CommentAction\",\"name\":\"Comment\",\"target\":[\"https:\\\/\\\/cvinoticias.com\\\/v3\\\/brutal-agresion-a-una-docente-por-reprobar-a-una-de-sus-estudiantes\\\/#respond\"]}]},{\"@type\":\"WebPage\",\"@id\":\"https:\\\/\\\/cvinoticias.com\\\/v3\\\/brutal-agresion-a-una-docente-por-reprobar-a-una-de-sus-estudiantes\\\/\",\"url\":\"https:\\\/\\\/cvinoticias.com\\\/v3\\\/brutal-agresion-a-una-docente-por-reprobar-a-una-de-sus-estudiantes\\\/\",\"name\":\"Brutal agresi\u00f3n a una docente por reprobar a una de sus estudiantes | CVI NOTICIAS\",\"isPartOf\":{\"@id\":\"https:\\\/\\\/cvinoticias.com\\\/v3\\\/#website\"},\"primaryImageOfPage\":{\"@id\":\"https:\\\/\\\/cvinoticias.com\\\/v3\\\/brutal-agresion-a-una-docente-por-reprobar-a-una-de-sus-estudiantes\\\/#primaryimage\"},\"image\":{\"@id\":\"https:\\\/\\\/cvinoticias.com\\\/v3\\\/brutal-agresion-a-una-docente-por-reprobar-a-una-de-sus-estudiantes\\\/#primaryimage\"},\"thumbnailUrl\":\"https:\\\/\\\/cvinoticias.com\\\/wp-content\\\/uploads\\\/2023\\\/03\\\/colegio_pehuajx_1.jpg_1833193316.png\",\"datePublished\":\"2023-03-19T13:03:53+00:00\",\"breadcrumb\":{\"@id\":\"https:\\\/\\\/cvinoticias.com\\\/v3\\\/brutal-agresion-a-una-docente-por-reprobar-a-una-de-sus-estudiantes\\\/#breadcrumb\"},\"inLanguage\":\"es\",\"potentialAction\":[{\"@type\":\"ReadAction\",\"target\":[\"https:\\\/\\\/cvinoticias.com\\\/v3\\\/brutal-agresion-a-una-docente-por-reprobar-a-una-de-sus-estudiantes\\\/\"]}]},{\"@type\":\"ImageObject\",\"inLanguage\":\"es\",\"@id\":\"https:\\\/\\\/cvinoticias.com\\\/v3\\\/brutal-agresion-a-una-docente-por-reprobar-a-una-de-sus-estudiantes\\\/#primaryimage\",\"url\":\"https:\\\/\\\/cvinoticias.com\\\/wp-content\\\/uploads\\\/2023\\\/03\\\/colegio_pehuajx_1.jpg_1833193316.png\",\"contentUrl\":\"https:\\\/\\\/cvinoticias.com\\\/wp-content\\\/uploads\\\/2023\\\/03\\\/colegio_pehuajx_1.jpg_1833193316.png\",\"width\":720,\"height\":406},{\"@type\":\"BreadcrumbList\",\"@id\":\"https:\\\/\\\/cvinoticias.com\\\/v3\\\/brutal-agresion-a-una-docente-por-reprobar-a-una-de-sus-estudiantes\\\/#breadcrumb\",\"itemListElement\":[{\"@type\":\"ListItem\",\"position\":1,\"name\":\"Portada\",\"item\":\"https:\\\/\\\/cvinoticias.com\\\/v3\\\/\"},{\"@type\":\"ListItem\",\"position\":2,\"name\":\"Brutal agresi\u00f3n a una docente por reprobar a una de sus estudiantes\"}]},{\"@type\":\"WebSite\",\"@id\":\"https:\\\/\\\/cvinoticias.com\\\/v3\\\/#website\",\"url\":\"https:\\\/\\\/cvinoticias.com\\\/v3\\\/\",\"name\":\"CVI NOTICIAS\",\"description\":\"\",\"publisher\":{\"@id\":\"https:\\\/\\\/cvinoticias.com\\\/v3\\\/#organization\"},\"alternateName\":\"CVI\",\"potentialAction\":[{\"@type\":\"SearchAction\",\"target\":{\"@type\":\"EntryPoint\",\"urlTemplate\":\"https:\\\/\\\/cvinoticias.com\\\/v3\\\/?s={search_term_string}\"},\"query-input\":{\"@type\":\"PropertyValueSpecification\",\"valueRequired\":true,\"valueName\":\"search_term_string\"}}],\"inLanguage\":\"es\"},{\"@type\":\"Organization\",\"@id\":\"https:\\\/\\\/cvinoticias.com\\\/v3\\\/#organization\",\"name\":\"CVI NOTICIAS\",\"url\":\"https:\\\/\\\/cvinoticias.com\\\/v3\\\/\",\"logo\":{\"@type\":\"ImageObject\",\"inLanguage\":\"es\",\"@id\":\"https:\\\/\\\/cvinoticias.com\\\/v3\\\/#\\\/schema\\\/logo\\\/image\\\/\",\"url\":\"https:\\\/\\\/cvinoticias.com\\\/wp-content\\\/uploads\\\/2023\\\/04\\\/cropped-cropped-cropped-cropped-cropped-3-1.png\",\"contentUrl\":\"https:\\\/\\\/cvinoticias.com\\\/wp-content\\\/uploads\\\/2023\\\/04\\\/cropped-cropped-cropped-cropped-cropped-3-1.png\",\"width\":95,\"height\":122,\"caption\":\"CVI NOTICIAS\"},\"image\":{\"@id\":\"https:\\\/\\\/cvinoticias.com\\\/v3\\\/#\\\/schema\\\/logo\\\/image\\\/\"},\"sameAs\":[\"https:\\\/\\\/www.facebook.com\\\/cvinoticias\",\"https:\\\/\\\/www.instagram.com\\\/cvinoticias\\\/\",\"https:\\\/\\\/www.youtube.com\\\/@CVINOTICIAS\"]},{\"@type\":\"Person\",\"@id\":\"https:\\\/\\\/cvinoticias.com\\\/v3\\\/#\\\/schema\\\/person\\\/2db77e3c6bc03c538495d7b2b8be9b66\",\"name\":\"f1000024\",\"image\":{\"@type\":\"ImageObject\",\"inLanguage\":\"es\",\"@id\":\"https:\\\/\\\/secure.gravatar.com\\\/avatar\\\/d4fe7459cfc51ff5129ce1a732bbef5928568b8092d412ef95611616376bbeed?s=96&d=mm&r=g\",\"url\":\"https:\\\/\\\/secure.gravatar.com\\\/avatar\\\/d4fe7459cfc51ff5129ce1a732bbef5928568b8092d412ef95611616376bbeed?s=96&d=mm&r=g\",\"contentUrl\":\"https:\\\/\\\/secure.gravatar.com\\\/avatar\\\/d4fe7459cfc51ff5129ce1a732bbef5928568b8092d412ef95611616376bbeed?s=96&d=mm&r=g\",\"caption\":\"f1000024\"},\"url\":\"https:\\\/\\\/cvinoticias.com\\\/v3\\\/author\\\/f1000024\\\/\"}]}<\/script>\n<!-- \/ Yoast SEO plugin. -->","yoast_head_json":{"title":"Brutal agresi\u00f3n a una docente por reprobar a una de sus estudiantes | CVI NOTICIAS","robots":{"index":"index","follow":"follow","max-snippet":"max-snippet:-1","max-image-preview":"max-image-preview:large","max-video-preview":"max-video-preview:-1"},"canonical":"https:\/\/cvinoticias.com\/v3\/brutal-agresion-a-una-docente-por-reprobar-a-una-de-sus-estudiantes\/","og_locale":"es_ES","og_type":"article","og_title":"Brutal agresi\u00f3n a una docente por reprobar a una de sus estudiantes | CVI NOTICIAS","og_description":"Un hecho vergonzoso se vivi\u00f3 en una escuela de Necochea. Una docente desaprob\u00f3 a una alumna y y los familiares de esta ultima la atacaron salvajemente. La v\u00edctima admiti\u00f3 que la \u00abten\u00edan como un perro en el piso\u00bb. Morot\u00ed Arocena, profesora de una materia de quinto a\u00f1o de secundaria, habl\u00f3 con varios medios locales y [&hellip;]","og_url":"https:\/\/cvinoticias.com\/v3\/brutal-agresion-a-una-docente-por-reprobar-a-una-de-sus-estudiantes\/","og_site_name":"CVI NOTICIAS","article_publisher":"https:\/\/www.facebook.com\/cvinoticias","article_published_time":"2023-03-19T13:03:53+00:00","og_image":[{"width":720,"height":406,"url":"https:\/\/cvinoticias.com\/wp-content\/uploads\/2023\/03\/colegio_pehuajx_1.jpg_1833193316.png","type":"image\/png"}],"author":"f1000024","twitter_card":"summary_large_image","twitter_misc":{"Escrito por":"f1000024","Tiempo de lectura":"2 minutos"},"schema":{"@context":"https:\/\/schema.org","@graph":[{"@type":"Article","@id":"https:\/\/cvinoticias.com\/v3\/brutal-agresion-a-una-docente-por-reprobar-a-una-de-sus-estudiantes\/#article","isPartOf":{"@id":"https:\/\/cvinoticias.com\/v3\/brutal-agresion-a-una-docente-por-reprobar-a-una-de-sus-estudiantes\/"},"author":{"name":"f1000024","@id":"https:\/\/cvinoticias.com\/v3\/#\/schema\/person\/2db77e3c6bc03c538495d7b2b8be9b66"},"headline":"Brutal agresi\u00f3n a una docente por reprobar a una de sus estudiantes","datePublished":"2023-03-19T13:03:53+00:00","mainEntityOfPage":{"@id":"https:\/\/cvinoticias.com\/v3\/brutal-agresion-a-una-docente-por-reprobar-a-una-de-sus-estudiantes\/"},"wordCount":346,"commentCount":0,"publisher":{"@id":"https:\/\/cvinoticias.com\/v3\/#organization"},"image":{"@id":"https:\/\/cvinoticias.com\/v3\/brutal-agresion-a-una-docente-por-reprobar-a-una-de-sus-estudiantes\/#primaryimage"},"thumbnailUrl":"https:\/\/cvinoticias.com\/wp-content\/uploads\/2023\/03\/colegio_pehuajx_1.jpg_1833193316.png","articleSection":["Informaci\u00f3n General"],"inLanguage":"es","potentialAction":[{"@type":"CommentAction","name":"Comment","target":["https:\/\/cvinoticias.com\/v3\/brutal-agresion-a-una-docente-por-reprobar-a-una-de-sus-estudiantes\/#respond"]}]},{"@type":"WebPage","@id":"https:\/\/cvinoticias.com\/v3\/brutal-agresion-a-una-docente-por-reprobar-a-una-de-sus-estudiantes\/","url":"https:\/\/cvinoticias.com\/v3\/brutal-agresion-a-una-docente-por-reprobar-a-una-de-sus-estudiantes\/","name":"Brutal agresi\u00f3n a una docente por reprobar a una de sus estudiantes | CVI NOTICIAS","isPartOf":{"@id":"https:\/\/cvinoticias.com\/v3\/#website"},"primaryImageOfPage":{"@id":"https:\/\/cvinoticias.com\/v3\/brutal-agresion-a-una-docente-por-reprobar-a-una-de-sus-estudiantes\/#primaryimage"},"image":{"@id":"https:\/\/cvinoticias.com\/v3\/brutal-agresion-a-una-docente-por-reprobar-a-una-de-sus-estudiantes\/#primaryimage"},"thumbnailUrl":"https:\/\/cvinoticias.com\/wp-content\/uploads\/2023\/03\/colegio_pehuajx_1.jpg_1833193316.png","datePublished":"2023-03-19T13:03:53+00:00","breadcrumb":{"@id":"https:\/\/cvinoticias.com\/v3\/brutal-agresion-a-una-docente-por-reprobar-a-una-de-sus-estudiantes\/#breadcrumb"},"inLanguage":"es","potentialAction":[{"@type":"ReadAction","target":["https:\/\/cvinoticias.com\/v3\/brutal-agresion-a-una-docente-por-reprobar-a-una-de-sus-estudiantes\/"]}]},{"@type":"ImageObject","inLanguage":"es","@id":"https:\/\/cvinoticias.com\/v3\/brutal-agresion-a-una-docente-por-reprobar-a-una-de-sus-estudiantes\/#primaryimage","url":"https:\/\/cvinoticias.com\/wp-content\/uploads\/2023\/03\/colegio_pehuajx_1.jpg_1833193316.png","contentUrl":"https:\/\/cvinoticias.com\/wp-content\/uploads\/2023\/03\/colegio_pehuajx_1.jpg_1833193316.png","width":720,"height":406},{"@type":"BreadcrumbList","@id":"https:\/\/cvinoticias.com\/v3\/brutal-agresion-a-una-docente-por-reprobar-a-una-de-sus-estudiantes\/#breadcrumb","itemListElement":[{"@type":"ListItem","position":1,"name":"Portada","item":"https:\/\/cvinoticias.com\/v3\/"},{"@type":"ListItem","position":2,"name":"Brutal agresi\u00f3n a una docente por reprobar a una de sus estudiantes"}]},{"@type":"WebSite","@id":"https:\/\/cvinoticias.com\/v3\/#website","url":"https:\/\/cvinoticias.com\/v3\/","name":"CVI NOTICIAS","description":"","publisher":{"@id":"https:\/\/cvinoticias.com\/v3\/#organization"},"alternateName":"CVI","potentialAction":[{"@type":"SearchAction","target":{"@type":"EntryPoint","urlTemplate":"https:\/\/cvinoticias.com\/v3\/?s={search_term_string}"},"query-input":{"@type":"PropertyValueSpecification","valueRequired":true,"valueName":"search_term_string"}}],"inLanguage":"es"},{"@type":"Organization","@id":"https:\/\/cvinoticias.com\/v3\/#organization","name":"CVI NOTICIAS","url":"https:\/\/cvinoticias.com\/v3\/","logo":{"@type":"ImageObject","inLanguage":"es","@id":"https:\/\/cvinoticias.com\/v3\/#\/schema\/logo\/image\/","url":"https:\/\/cvinoticias.com\/wp-content\/uploads\/2023\/04\/cropped-cropped-cropped-cropped-cropped-3-1.png","contentUrl":"https:\/\/cvinoticias.com\/wp-content\/uploads\/2023\/04\/cropped-cropped-cropped-cropped-cropped-3-1.png","width":95,"height":122,"caption":"CVI NOTICIAS"},"image":{"@id":"https:\/\/cvinoticias.com\/v3\/#\/schema\/logo\/image\/"},"sameAs":["https:\/\/www.facebook.com\/cvinoticias","https:\/\/www.instagram.com\/cvinoticias\/","https:\/\/www.youtube.com\/@CVINOTICIAS"]},{"@type":"Person","@id":"https:\/\/cvinoticias.com\/v3\/#\/schema\/person\/2db77e3c6bc03c538495d7b2b8be9b66","name":"f1000024","image":{"@type":"ImageObject","inLanguage":"es","@id":"https:\/\/secure.gravatar.com\/avatar\/d4fe7459cfc51ff5129ce1a732bbef5928568b8092d412ef95611616376bbeed?s=96&d=mm&r=g","url":"https:\/\/secure.gravatar.com\/avatar\/d4fe7459cfc51ff5129ce1a732bbef5928568b8092d412ef95611616376bbeed?s=96&d=mm&r=g","contentUrl":"https:\/\/secure.gravatar.com\/avatar\/d4fe7459cfc51ff5129ce1a732bbef5928568b8092d412ef95611616376bbeed?s=96&d=mm&r=g","caption":"f1000024"},"url":"https:\/\/cvinoticias.com\/v3\/author\/f1000024\/"}]}},"_links":{"self":[{"href":"https:\/\/cvinoticias.com\/v3\/wp-json\/wp\/v2\/posts\/23398","targetHints":{"allow":["GET"]}}],"collection":[{"href":"https:\/\/cvinoticias.com\/v3\/wp-json\/wp\/v2\/posts"}],"about":[{"href":"https:\/\/cvinoticias.com\/v3\/wp-json\/wp\/v2\/types\/post"}],"author":[{"embeddable":true,"href":"https:\/\/cvinoticias.com\/v3\/wp-json\/wp\/v2\/users\/2"}],"replies":[{"embeddable":true,"href":"https:\/\/cvinoticias.com\/v3\/wp-json\/wp\/v2\/comments?post=23398"}],"version-history":[{"count":1,"href":"https:\/\/cvinoticias.com\/v3\/wp-json\/wp\/v2\/posts\/23398\/revisions"}],"predecessor-version":[{"id":23402,"href":"https:\/\/cvinoticias.com\/v3\/wp-json\/wp\/v2\/posts\/23398\/revisions\/23402"}],"wp:featuredmedia":[{"embeddable":true,"href":"https:\/\/cvinoticias.com\/v3\/wp-json\/wp\/v2\/media\/23400"}],"wp:attachment":[{"href":"https:\/\/cvinoticias.com\/v3\/wp-json\/wp\/v2\/media?parent=23398"}],"wp:term":[{"taxonomy":"category","embeddable":true,"href":"https:\/\/cvinoticias.com\/v3\/wp-json\/wp\/v2\/categories?post=23398"},{"taxonomy":"post_tag","embeddable":true,"href":"https:\/\/cvinoticias.com\/v3\/wp-json\/wp\/v2\/tags?post=23398"}],"curies":[{"name":"wp","href":"https:\/\/api.w.org\/{rel}","templated":true}]}}