{"id":23369,"date":"2023-03-17T13:08:09","date_gmt":"2023-03-17T13:08:09","guid":{"rendered":"https:\/\/cvinoticias.com\/v3\/?p=23369"},"modified":"2023-03-17T13:08:09","modified_gmt":"2023-03-17T13:08:09","slug":"reglamentan-la-bonificacion-total-de-la-tarifa-de-la-luz-a-bomberos-voluntarios","status":"publish","type":"post","link":"https:\/\/cvinoticias.com\/v3\/reglamentan-la-bonificacion-total-de-la-tarifa-de-la-luz-a-bomberos-voluntarios\/","title":{"rendered":"Reglamentan la bonificaci\u00f3n total de la tarifa de la luz a bomberos voluntarios"},"content":{"rendered":"\n<p><strong><em>La Secretar\u00eda de Energ\u00eda instruy\u00f3 hoy a la Compa\u00f1\u00eda Administradora del Mercado Mayorista El\u00e9ctrico (Cammesa) y al Ente Nacional Regulador de la Electricidad (ENRE) implementar la bonificaci\u00f3n total del costo de la energ\u00eda para los bomberos voluntarios del pa\u00eds, a trav\u00e9s de la Resoluci\u00f3n 161\/2023, publicada en el Bolet\u00edn Oficial.<\/em><\/strong><\/p>\n\n\n\n<p>La disposici\u00f3n responde a la Ley N\u00b0 27.629, aprobada el 15 de junio de 2021, que establece diversas medidas de apoyo econ\u00f3mico para mejorar el funcionamiento del sistema de bomberos voluntarios contemplando tambi\u00e9n a las prestaciones de seguridad social, cobertura de riesgos y beneficios impositivos.<\/p>\n\n\n\n<p>Dicha Ley instituye un r\u00e9gimen tarifario especial gratuito para todas las entidades del sistema, incluyendo la energ\u00eda el\u00e9ctrica, gas natural, agua potable, telefon\u00eda fija y m\u00f3vil; y otros servicios de comunicaciones que se encuentren bajo jurisdicci\u00f3n nacional.<\/p>\n\n\n\n<p>Los beneficiarios del r\u00e9gimen son las asociaciones y federaciones de bomberos voluntarios, el Consejo de Federaciones de Bomberos Voluntarios de la Rep\u00fablica Argentina y la Fundaci\u00f3n Bomberos de Argentina, como entidades conformantes del Sistema Nacional de Bomberos Voluntarios.<\/p>\n\n\n\n<p>Luego de un a\u00f1o y medio de ser aprobada la Ley y \u201cdada la criticidad que presentan los servicios p\u00fablicos mencionados\u201d, el pasado 16 de enero se reglament\u00f3 la bonificaci\u00f3n en los servicios p\u00fablicos a trav\u00e9s del Decreto 23\/2023 luego de haberse \u201cexpedido sin formular objeciones o bien prestando su conformidad las instancias t\u00e9cnicas de los ministerios competentes\u201d.<\/p>\n\n\n\n<p>Dicho decreto de enero implementa el r\u00e9gimen tarifario especial e instruye a los diversos entes reguladores de serbios p\u00fablicos a dictar las normas complementarias y aclaratorias que resulten necesarias para instrumentar el beneficio dentro de los sesenta d\u00edas posteriores, adem\u00e1s de ordenarles que garanticen que la calidad y las condiciones del servicio resulte equivalente al que reciben el resto de los usuarios.<\/p>\n\n\n\n<p>Finalmente, en el d\u00eda de hoy y con el fin de aplicar el beneficio tarifario respecto al servicio de energ\u00eda el\u00e9ctrica, la Secretar\u00eda de Energ\u00eda estableci\u00f3 para la demanda de energ\u00eda de este grupo de usuarios la \u201cbonificaci\u00f3n total de los Precios de Referencia de la Potencia (Potref), del Precio Estabilizado de la Energ\u00eda (PEE) y del Precio Estabilizado del Transporte (PET), as\u00ed como de cualquier otro cargo de jurisdicci\u00f3n nacional\u201d en el mercado mayorista.<\/p>\n","protected":false},"excerpt":{"rendered":"<p>La Secretar\u00eda de Energ\u00eda instruy\u00f3 hoy a la Compa\u00f1\u00eda Administradora del Mercado Mayorista El\u00e9ctrico (Cammesa) y al Ente Nacional Regulador de la Electricidad (ENRE) implementar la bonificaci\u00f3n total del costo de la energ\u00eda para los bomberos voluntarios del pa\u00eds, a trav\u00e9s de la Resoluci\u00f3n 161\/2023, publicada en el Bolet\u00edn Oficial. La disposici\u00f3n responde a la [&hellip;]<\/p>\n","protected":false},"author":2,"featured_media":23370,"comment_status":"open","ping_status":"open","sticky":false,"template":"","format":"standard","meta":{"footnotes":""},"categories":[35],"tags":[],"class_list":["post-23369","post","type-post","status-publish","format-standard","has-post-thumbnail","hentry","category-informacion-general"],"yoast_head":"<!-- This site is optimized with the Yoast SEO plugin v27.4 - https:\/\/yoast.com\/product\/yoast-seo-wordpress\/ -->\n<title>Reglamentan la bonificaci\u00f3n total de la tarifa de la luz a bomberos voluntarios | CVI NOTICIAS<\/title>\n<meta name=\"robots\" content=\"index, follow, max-snippet:-1, max-image-preview:large, max-video-preview:-1\" \/>\n<link rel=\"canonical\" href=\"https:\/\/cvinoticias.com\/v3\/reglamentan-la-bonificacion-total-de-la-tarifa-de-la-luz-a-bomberos-voluntarios\/\" \/>\n<meta property=\"og:locale\" content=\"es_ES\" \/>\n<meta property=\"og:type\" content=\"article\" \/>\n<meta property=\"og:title\" content=\"Reglamentan la bonificaci\u00f3n total de la tarifa de la luz a bomberos voluntarios | CVI NOTICIAS\" \/>\n<meta property=\"og:description\" content=\"La Secretar\u00eda de Energ\u00eda instruy\u00f3 hoy a la Compa\u00f1\u00eda Administradora del Mercado Mayorista El\u00e9ctrico (Cammesa) y al Ente Nacional Regulador de la Electricidad (ENRE) implementar la bonificaci\u00f3n total del costo de la energ\u00eda para los bomberos voluntarios del pa\u00eds, a trav\u00e9s de la Resoluci\u00f3n 161\/2023, publicada en el Bolet\u00edn Oficial. La disposici\u00f3n responde a la [&hellip;]\" \/>\n<meta property=\"og:url\" content=\"https:\/\/cvinoticias.com\/v3\/reglamentan-la-bonificacion-total-de-la-tarifa-de-la-luz-a-bomberos-voluntarios\/\" \/>\n<meta property=\"og:site_name\" content=\"CVI NOTICIAS\" \/>\n<meta property=\"article:publisher\" content=\"https:\/\/www.facebook.com\/cvinoticias\" \/>\n<meta property=\"article:published_time\" content=\"2023-03-17T13:08:09+00:00\" \/>\n<meta property=\"og:image\" content=\"https:\/\/cvinoticias.com\/wp-content\/uploads\/2023\/03\/O6OBMJS5U5D55HQILBDXEDPOR4.jpg\" \/>\n\t<meta property=\"og:image:width\" content=\"1200\" \/>\n\t<meta property=\"og:image:height\" content=\"1200\" \/>\n\t<meta property=\"og:image:type\" content=\"image\/jpeg\" \/>\n<meta name=\"author\" content=\"f1000024\" \/>\n<meta name=\"twitter:card\" content=\"summary_large_image\" \/>\n<meta name=\"twitter:label1\" content=\"Escrito por\" \/>\n\t<meta name=\"twitter:data1\" content=\"f1000024\" \/>\n\t<meta name=\"twitter:label2\" content=\"Tiempo de lectura\" \/>\n\t<meta name=\"twitter:data2\" content=\"2 minutos\" \/>\n<script type=\"application\/ld+json\" class=\"yoast-schema-graph\">{\"@context\":\"https:\\\/\\\/schema.org\",\"@graph\":[{\"@type\":\"Article\",\"@id\":\"https:\\\/\\\/cvinoticias.com\\\/v3\\\/reglamentan-la-bonificacion-total-de-la-tarifa-de-la-luz-a-bomberos-voluntarios\\\/#article\",\"isPartOf\":{\"@id\":\"https:\\\/\\\/cvinoticias.com\\\/v3\\\/reglamentan-la-bonificacion-total-de-la-tarifa-de-la-luz-a-bomberos-voluntarios\\\/\"},\"author\":{\"name\":\"f1000024\",\"@id\":\"https:\\\/\\\/cvinoticias.com\\\/v3\\\/#\\\/schema\\\/person\\\/2db77e3c6bc03c538495d7b2b8be9b66\"},\"headline\":\"Reglamentan la bonificaci\u00f3n total de la tarifa de la luz a bomberos voluntarios\",\"datePublished\":\"2023-03-17T13:08:09+00:00\",\"mainEntityOfPage\":{\"@id\":\"https:\\\/\\\/cvinoticias.com\\\/v3\\\/reglamentan-la-bonificacion-total-de-la-tarifa-de-la-luz-a-bomberos-voluntarios\\\/\"},\"wordCount\":414,\"commentCount\":0,\"publisher\":{\"@id\":\"https:\\\/\\\/cvinoticias.com\\\/v3\\\/#organization\"},\"image\":{\"@id\":\"https:\\\/\\\/cvinoticias.com\\\/v3\\\/reglamentan-la-bonificacion-total-de-la-tarifa-de-la-luz-a-bomberos-voluntarios\\\/#primaryimage\"},\"thumbnailUrl\":\"https:\\\/\\\/cvinoticias.com\\\/wp-content\\\/uploads\\\/2023\\\/03\\\/O6OBMJS5U5D55HQILBDXEDPOR4.jpg\",\"articleSection\":[\"Informaci\u00f3n General\"],\"inLanguage\":\"es\",\"potentialAction\":[{\"@type\":\"CommentAction\",\"name\":\"Comment\",\"target\":[\"https:\\\/\\\/cvinoticias.com\\\/v3\\\/reglamentan-la-bonificacion-total-de-la-tarifa-de-la-luz-a-bomberos-voluntarios\\\/#respond\"]}]},{\"@type\":\"WebPage\",\"@id\":\"https:\\\/\\\/cvinoticias.com\\\/v3\\\/reglamentan-la-bonificacion-total-de-la-tarifa-de-la-luz-a-bomberos-voluntarios\\\/\",\"url\":\"https:\\\/\\\/cvinoticias.com\\\/v3\\\/reglamentan-la-bonificacion-total-de-la-tarifa-de-la-luz-a-bomberos-voluntarios\\\/\",\"name\":\"Reglamentan la bonificaci\u00f3n total de la tarifa de la luz a bomberos voluntarios | CVI NOTICIAS\",\"isPartOf\":{\"@id\":\"https:\\\/\\\/cvinoticias.com\\\/v3\\\/#website\"},\"primaryImageOfPage\":{\"@id\":\"https:\\\/\\\/cvinoticias.com\\\/v3\\\/reglamentan-la-bonificacion-total-de-la-tarifa-de-la-luz-a-bomberos-voluntarios\\\/#primaryimage\"},\"image\":{\"@id\":\"https:\\\/\\\/cvinoticias.com\\\/v3\\\/reglamentan-la-bonificacion-total-de-la-tarifa-de-la-luz-a-bomberos-voluntarios\\\/#primaryimage\"},\"thumbnailUrl\":\"https:\\\/\\\/cvinoticias.com\\\/wp-content\\\/uploads\\\/2023\\\/03\\\/O6OBMJS5U5D55HQILBDXEDPOR4.jpg\",\"datePublished\":\"2023-03-17T13:08:09+00:00\",\"breadcrumb\":{\"@id\":\"https:\\\/\\\/cvinoticias.com\\\/v3\\\/reglamentan-la-bonificacion-total-de-la-tarifa-de-la-luz-a-bomberos-voluntarios\\\/#breadcrumb\"},\"inLanguage\":\"es\",\"potentialAction\":[{\"@type\":\"ReadAction\",\"target\":[\"https:\\\/\\\/cvinoticias.com\\\/v3\\\/reglamentan-la-bonificacion-total-de-la-tarifa-de-la-luz-a-bomberos-voluntarios\\\/\"]}]},{\"@type\":\"ImageObject\",\"inLanguage\":\"es\",\"@id\":\"https:\\\/\\\/cvinoticias.com\\\/v3\\\/reglamentan-la-bonificacion-total-de-la-tarifa-de-la-luz-a-bomberos-voluntarios\\\/#primaryimage\",\"url\":\"https:\\\/\\\/cvinoticias.com\\\/wp-content\\\/uploads\\\/2023\\\/03\\\/O6OBMJS5U5D55HQILBDXEDPOR4.jpg\",\"contentUrl\":\"https:\\\/\\\/cvinoticias.com\\\/wp-content\\\/uploads\\\/2023\\\/03\\\/O6OBMJS5U5D55HQILBDXEDPOR4.jpg\",\"width\":1200,\"height\":1200},{\"@type\":\"BreadcrumbList\",\"@id\":\"https:\\\/\\\/cvinoticias.com\\\/v3\\\/reglamentan-la-bonificacion-total-de-la-tarifa-de-la-luz-a-bomberos-voluntarios\\\/#breadcrumb\",\"itemListElement\":[{\"@type\":\"ListItem\",\"position\":1,\"name\":\"Portada\",\"item\":\"https:\\\/\\\/cvinoticias.com\\\/v3\\\/\"},{\"@type\":\"ListItem\",\"position\":2,\"name\":\"Reglamentan la bonificaci\u00f3n total de la tarifa de la luz a bomberos voluntarios\"}]},{\"@type\":\"WebSite\",\"@id\":\"https:\\\/\\\/cvinoticias.com\\\/v3\\\/#website\",\"url\":\"https:\\\/\\\/cvinoticias.com\\\/v3\\\/\",\"name\":\"CVI NOTICIAS\",\"description\":\"\",\"publisher\":{\"@id\":\"https:\\\/\\\/cvinoticias.com\\\/v3\\\/#organization\"},\"alternateName\":\"CVI\",\"potentialAction\":[{\"@type\":\"SearchAction\",\"target\":{\"@type\":\"EntryPoint\",\"urlTemplate\":\"https:\\\/\\\/cvinoticias.com\\\/v3\\\/?s={search_term_string}\"},\"query-input\":{\"@type\":\"PropertyValueSpecification\",\"valueRequired\":true,\"valueName\":\"search_term_string\"}}],\"inLanguage\":\"es\"},{\"@type\":\"Organization\",\"@id\":\"https:\\\/\\\/cvinoticias.com\\\/v3\\\/#organization\",\"name\":\"CVI NOTICIAS\",\"url\":\"https:\\\/\\\/cvinoticias.com\\\/v3\\\/\",\"logo\":{\"@type\":\"ImageObject\",\"inLanguage\":\"es\",\"@id\":\"https:\\\/\\\/cvinoticias.com\\\/v3\\\/#\\\/schema\\\/logo\\\/image\\\/\",\"url\":\"https:\\\/\\\/cvinoticias.com\\\/wp-content\\\/uploads\\\/2023\\\/04\\\/cropped-cropped-cropped-cropped-cropped-3-1.png\",\"contentUrl\":\"https:\\\/\\\/cvinoticias.com\\\/wp-content\\\/uploads\\\/2023\\\/04\\\/cropped-cropped-cropped-cropped-cropped-3-1.png\",\"width\":95,\"height\":122,\"caption\":\"CVI NOTICIAS\"},\"image\":{\"@id\":\"https:\\\/\\\/cvinoticias.com\\\/v3\\\/#\\\/schema\\\/logo\\\/image\\\/\"},\"sameAs\":[\"https:\\\/\\\/www.facebook.com\\\/cvinoticias\",\"https:\\\/\\\/www.instagram.com\\\/cvinoticias\\\/\",\"https:\\\/\\\/www.youtube.com\\\/@CVINOTICIAS\"]},{\"@type\":\"Person\",\"@id\":\"https:\\\/\\\/cvinoticias.com\\\/v3\\\/#\\\/schema\\\/person\\\/2db77e3c6bc03c538495d7b2b8be9b66\",\"name\":\"f1000024\",\"image\":{\"@type\":\"ImageObject\",\"inLanguage\":\"es\",\"@id\":\"https:\\\/\\\/secure.gravatar.com\\\/avatar\\\/d4fe7459cfc51ff5129ce1a732bbef5928568b8092d412ef95611616376bbeed?s=96&d=mm&r=g\",\"url\":\"https:\\\/\\\/secure.gravatar.com\\\/avatar\\\/d4fe7459cfc51ff5129ce1a732bbef5928568b8092d412ef95611616376bbeed?s=96&d=mm&r=g\",\"contentUrl\":\"https:\\\/\\\/secure.gravatar.com\\\/avatar\\\/d4fe7459cfc51ff5129ce1a732bbef5928568b8092d412ef95611616376bbeed?s=96&d=mm&r=g\",\"caption\":\"f1000024\"},\"url\":\"https:\\\/\\\/cvinoticias.com\\\/v3\\\/author\\\/f1000024\\\/\"}]}<\/script>\n<!-- \/ Yoast SEO plugin. -->","yoast_head_json":{"title":"Reglamentan la bonificaci\u00f3n total de la tarifa de la luz a bomberos voluntarios | CVI NOTICIAS","robots":{"index":"index","follow":"follow","max-snippet":"max-snippet:-1","max-image-preview":"max-image-preview:large","max-video-preview":"max-video-preview:-1"},"canonical":"https:\/\/cvinoticias.com\/v3\/reglamentan-la-bonificacion-total-de-la-tarifa-de-la-luz-a-bomberos-voluntarios\/","og_locale":"es_ES","og_type":"article","og_title":"Reglamentan la bonificaci\u00f3n total de la tarifa de la luz a bomberos voluntarios | CVI NOTICIAS","og_description":"La Secretar\u00eda de Energ\u00eda instruy\u00f3 hoy a la Compa\u00f1\u00eda Administradora del Mercado Mayorista El\u00e9ctrico (Cammesa) y al Ente Nacional Regulador de la Electricidad (ENRE) implementar la bonificaci\u00f3n total del costo de la energ\u00eda para los bomberos voluntarios del pa\u00eds, a trav\u00e9s de la Resoluci\u00f3n 161\/2023, publicada en el Bolet\u00edn Oficial. La disposici\u00f3n responde a la [&hellip;]","og_url":"https:\/\/cvinoticias.com\/v3\/reglamentan-la-bonificacion-total-de-la-tarifa-de-la-luz-a-bomberos-voluntarios\/","og_site_name":"CVI NOTICIAS","article_publisher":"https:\/\/www.facebook.com\/cvinoticias","article_published_time":"2023-03-17T13:08:09+00:00","og_image":[{"width":1200,"height":1200,"url":"https:\/\/cvinoticias.com\/wp-content\/uploads\/2023\/03\/O6OBMJS5U5D55HQILBDXEDPOR4.jpg","type":"image\/jpeg"}],"author":"f1000024","twitter_card":"summary_large_image","twitter_misc":{"Escrito por":"f1000024","Tiempo de lectura":"2 minutos"},"schema":{"@context":"https:\/\/schema.org","@graph":[{"@type":"Article","@id":"https:\/\/cvinoticias.com\/v3\/reglamentan-la-bonificacion-total-de-la-tarifa-de-la-luz-a-bomberos-voluntarios\/#article","isPartOf":{"@id":"https:\/\/cvinoticias.com\/v3\/reglamentan-la-bonificacion-total-de-la-tarifa-de-la-luz-a-bomberos-voluntarios\/"},"author":{"name":"f1000024","@id":"https:\/\/cvinoticias.com\/v3\/#\/schema\/person\/2db77e3c6bc03c538495d7b2b8be9b66"},"headline":"Reglamentan la bonificaci\u00f3n total de la tarifa de la luz a bomberos voluntarios","datePublished":"2023-03-17T13:08:09+00:00","mainEntityOfPage":{"@id":"https:\/\/cvinoticias.com\/v3\/reglamentan-la-bonificacion-total-de-la-tarifa-de-la-luz-a-bomberos-voluntarios\/"},"wordCount":414,"commentCount":0,"publisher":{"@id":"https:\/\/cvinoticias.com\/v3\/#organization"},"image":{"@id":"https:\/\/cvinoticias.com\/v3\/reglamentan-la-bonificacion-total-de-la-tarifa-de-la-luz-a-bomberos-voluntarios\/#primaryimage"},"thumbnailUrl":"https:\/\/cvinoticias.com\/wp-content\/uploads\/2023\/03\/O6OBMJS5U5D55HQILBDXEDPOR4.jpg","articleSection":["Informaci\u00f3n General"],"inLanguage":"es","potentialAction":[{"@type":"CommentAction","name":"Comment","target":["https:\/\/cvinoticias.com\/v3\/reglamentan-la-bonificacion-total-de-la-tarifa-de-la-luz-a-bomberos-voluntarios\/#respond"]}]},{"@type":"WebPage","@id":"https:\/\/cvinoticias.com\/v3\/reglamentan-la-bonificacion-total-de-la-tarifa-de-la-luz-a-bomberos-voluntarios\/","url":"https:\/\/cvinoticias.com\/v3\/reglamentan-la-bonificacion-total-de-la-tarifa-de-la-luz-a-bomberos-voluntarios\/","name":"Reglamentan la bonificaci\u00f3n total de la tarifa de la luz a bomberos voluntarios | CVI NOTICIAS","isPartOf":{"@id":"https:\/\/cvinoticias.com\/v3\/#website"},"primaryImageOfPage":{"@id":"https:\/\/cvinoticias.com\/v3\/reglamentan-la-bonificacion-total-de-la-tarifa-de-la-luz-a-bomberos-voluntarios\/#primaryimage"},"image":{"@id":"https:\/\/cvinoticias.com\/v3\/reglamentan-la-bonificacion-total-de-la-tarifa-de-la-luz-a-bomberos-voluntarios\/#primaryimage"},"thumbnailUrl":"https:\/\/cvinoticias.com\/wp-content\/uploads\/2023\/03\/O6OBMJS5U5D55HQILBDXEDPOR4.jpg","datePublished":"2023-03-17T13:08:09+00:00","breadcrumb":{"@id":"https:\/\/cvinoticias.com\/v3\/reglamentan-la-bonificacion-total-de-la-tarifa-de-la-luz-a-bomberos-voluntarios\/#breadcrumb"},"inLanguage":"es","potentialAction":[{"@type":"ReadAction","target":["https:\/\/cvinoticias.com\/v3\/reglamentan-la-bonificacion-total-de-la-tarifa-de-la-luz-a-bomberos-voluntarios\/"]}]},{"@type":"ImageObject","inLanguage":"es","@id":"https:\/\/cvinoticias.com\/v3\/reglamentan-la-bonificacion-total-de-la-tarifa-de-la-luz-a-bomberos-voluntarios\/#primaryimage","url":"https:\/\/cvinoticias.com\/wp-content\/uploads\/2023\/03\/O6OBMJS5U5D55HQILBDXEDPOR4.jpg","contentUrl":"https:\/\/cvinoticias.com\/wp-content\/uploads\/2023\/03\/O6OBMJS5U5D55HQILBDXEDPOR4.jpg","width":1200,"height":1200},{"@type":"BreadcrumbList","@id":"https:\/\/cvinoticias.com\/v3\/reglamentan-la-bonificacion-total-de-la-tarifa-de-la-luz-a-bomberos-voluntarios\/#breadcrumb","itemListElement":[{"@type":"ListItem","position":1,"name":"Portada","item":"https:\/\/cvinoticias.com\/v3\/"},{"@type":"ListItem","position":2,"name":"Reglamentan la bonificaci\u00f3n total de la tarifa de la luz a bomberos voluntarios"}]},{"@type":"WebSite","@id":"https:\/\/cvinoticias.com\/v3\/#website","url":"https:\/\/cvinoticias.com\/v3\/","name":"CVI NOTICIAS","description":"","publisher":{"@id":"https:\/\/cvinoticias.com\/v3\/#organization"},"alternateName":"CVI","potentialAction":[{"@type":"SearchAction","target":{"@type":"EntryPoint","urlTemplate":"https:\/\/cvinoticias.com\/v3\/?s={search_term_string}"},"query-input":{"@type":"PropertyValueSpecification","valueRequired":true,"valueName":"search_term_string"}}],"inLanguage":"es"},{"@type":"Organization","@id":"https:\/\/cvinoticias.com\/v3\/#organization","name":"CVI NOTICIAS","url":"https:\/\/cvinoticias.com\/v3\/","logo":{"@type":"ImageObject","inLanguage":"es","@id":"https:\/\/cvinoticias.com\/v3\/#\/schema\/logo\/image\/","url":"https:\/\/cvinoticias.com\/wp-content\/uploads\/2023\/04\/cropped-cropped-cropped-cropped-cropped-3-1.png","contentUrl":"https:\/\/cvinoticias.com\/wp-content\/uploads\/2023\/04\/cropped-cropped-cropped-cropped-cropped-3-1.png","width":95,"height":122,"caption":"CVI NOTICIAS"},"image":{"@id":"https:\/\/cvinoticias.com\/v3\/#\/schema\/logo\/image\/"},"sameAs":["https:\/\/www.facebook.com\/cvinoticias","https:\/\/www.instagram.com\/cvinoticias\/","https:\/\/www.youtube.com\/@CVINOTICIAS"]},{"@type":"Person","@id":"https:\/\/cvinoticias.com\/v3\/#\/schema\/person\/2db77e3c6bc03c538495d7b2b8be9b66","name":"f1000024","image":{"@type":"ImageObject","inLanguage":"es","@id":"https:\/\/secure.gravatar.com\/avatar\/d4fe7459cfc51ff5129ce1a732bbef5928568b8092d412ef95611616376bbeed?s=96&d=mm&r=g","url":"https:\/\/secure.gravatar.com\/avatar\/d4fe7459cfc51ff5129ce1a732bbef5928568b8092d412ef95611616376bbeed?s=96&d=mm&r=g","contentUrl":"https:\/\/secure.gravatar.com\/avatar\/d4fe7459cfc51ff5129ce1a732bbef5928568b8092d412ef95611616376bbeed?s=96&d=mm&r=g","caption":"f1000024"},"url":"https:\/\/cvinoticias.com\/v3\/author\/f1000024\/"}]}},"_links":{"self":[{"href":"https:\/\/cvinoticias.com\/v3\/wp-json\/wp\/v2\/posts\/23369","targetHints":{"allow":["GET"]}}],"collection":[{"href":"https:\/\/cvinoticias.com\/v3\/wp-json\/wp\/v2\/posts"}],"about":[{"href":"https:\/\/cvinoticias.com\/v3\/wp-json\/wp\/v2\/types\/post"}],"author":[{"embeddable":true,"href":"https:\/\/cvinoticias.com\/v3\/wp-json\/wp\/v2\/users\/2"}],"replies":[{"embeddable":true,"href":"https:\/\/cvinoticias.com\/v3\/wp-json\/wp\/v2\/comments?post=23369"}],"version-history":[{"count":1,"href":"https:\/\/cvinoticias.com\/v3\/wp-json\/wp\/v2\/posts\/23369\/revisions"}],"predecessor-version":[{"id":23371,"href":"https:\/\/cvinoticias.com\/v3\/wp-json\/wp\/v2\/posts\/23369\/revisions\/23371"}],"wp:featuredmedia":[{"embeddable":true,"href":"https:\/\/cvinoticias.com\/v3\/wp-json\/wp\/v2\/media\/23370"}],"wp:attachment":[{"href":"https:\/\/cvinoticias.com\/v3\/wp-json\/wp\/v2\/media?parent=23369"}],"wp:term":[{"taxonomy":"category","embeddable":true,"href":"https:\/\/cvinoticias.com\/v3\/wp-json\/wp\/v2\/categories?post=23369"},{"taxonomy":"post_tag","embeddable":true,"href":"https:\/\/cvinoticias.com\/v3\/wp-json\/wp\/v2\/tags?post=23369"}],"curies":[{"name":"wp","href":"https:\/\/api.w.org\/{rel}","templated":true}]}}