{"id":23366,"date":"2023-03-17T10:46:38","date_gmt":"2023-03-17T10:46:38","guid":{"rendered":"https:\/\/cvinoticias.com\/v3\/?p=23366"},"modified":"2023-03-17T10:46:38","modified_gmt":"2023-03-17T10:46:38","slug":"el-bcie-destinara-usd-400-millones-para-financiar-el-proyecto-argentina-contra-el-hambre","status":"publish","type":"post","link":"https:\/\/cvinoticias.com\/v3\/el-bcie-destinara-usd-400-millones-para-financiar-el-proyecto-argentina-contra-el-hambre\/","title":{"rendered":"El BCIE destinar\u00e1 USD 400 millones para financiar el proyecto \u00abArgentina contra el hambre\u00bb"},"content":{"rendered":"\n<p><em><strong>Adem\u00e1s, el CAF financiar\u00e1 por USD 300 millones una iniciativa para promover el acceso a derechos de personas con discapacidad.<\/strong><\/em><\/p>\n\n\n\n<p>Mediante el decreto 150\/2023 publicado este viernes en el Bolet\u00edn Oficial, el Gobierno nacional oficializ\u00f3 el contrato con el Banco Centroamericano de Integraci\u00f3n Econ\u00f3mica (BCIE), el cual destinar\u00e1 400 millones de d\u00f3lares para financiar el \u201cPrograma de Apoyo al Plan Nacional \u201cArgentina contra el Hambre\u201d II\u201d.<\/p>\n\n\n\n<p>El objetivo general consiste en \u00abapoyar la ejecuci\u00f3n del Plan Nacional Argentina contra el Hambre para contribuir a la seguridad alimentaria de familias en situaci\u00f3n de vulnerabilidad social en la Argentina\u00bb.<\/p>\n\n\n\n<p>Asimismo, el referido Programa se estructura en cinco componentes: apoyo Prestaci\u00f3n AlimentAR, fortalecimiento de Pol\u00edticas de Seguridad Alimentaria, auditor\u00eda, imprevistos y comisiones de seguimiento.<\/p>\n\n\n\n<p>Por otro lado, a trav\u00e9s del decreto 149\/2023, el Ejecutivo nacional tambi\u00e9n estableci\u00f3 el contrato con la Corporaci\u00f3n Andina de Fomento (CAF) que financiar\u00e1 por 300 millones de d\u00f3lares el \u201cPrograma para la Promoci\u00f3n del Modelo Social de la Discapacidad y el Acceso a Derechos de las Personas con Discapacidad (PcD)\u201d.<\/p>\n\n\n\n<p>El objetivo general del Programa es \u00abpromover el pleno goce de los derechos de las personas con discapacidad en el marco del modelo social de la discapacidad\u00bb.<\/p>\n\n\n\n<p>A su vez, la iniaciativa se desarrollar\u00e1 a trav\u00e9s de tres componentes: apoyo presupuestario para el financiamiento de Pensiones no Contributivas (PNC), despliegue territorial, y administraci\u00f3n, gesti\u00f3n y auditor\u00eda del Programa.<\/p>\n","protected":false},"excerpt":{"rendered":"<p>Adem\u00e1s, el CAF financiar\u00e1 por USD 300 millones una iniciativa para promover el acceso a derechos de personas con discapacidad. Mediante el decreto 150\/2023 publicado este viernes en el Bolet\u00edn Oficial, el Gobierno nacional oficializ\u00f3 el contrato con el Banco Centroamericano de Integraci\u00f3n Econ\u00f3mica (BCIE), el cual destinar\u00e1 400 millones de d\u00f3lares para financiar el [&hellip;]<\/p>\n","protected":false},"author":2,"featured_media":23367,"comment_status":"open","ping_status":"open","sticky":false,"template":"","format":"standard","meta":{"footnotes":""},"categories":[32],"tags":[],"class_list":["post-23366","post","type-post","status-publish","format-standard","has-post-thumbnail","hentry","category-economia"],"yoast_head":"<!-- This site is optimized with the Yoast SEO plugin v27.5 - https:\/\/yoast.com\/product\/yoast-seo-wordpress\/ -->\n<title>El BCIE destinar\u00e1 USD 400 millones para financiar el proyecto &quot;Argentina contra el hambre&quot; | CVI NOTICIAS<\/title>\n<meta name=\"robots\" content=\"index, follow, max-snippet:-1, max-image-preview:large, max-video-preview:-1\" \/>\n<link rel=\"canonical\" href=\"https:\/\/cvinoticias.com\/v3\/el-bcie-destinara-usd-400-millones-para-financiar-el-proyecto-argentina-contra-el-hambre\/\" \/>\n<meta property=\"og:locale\" content=\"es_ES\" \/>\n<meta property=\"og:type\" content=\"article\" \/>\n<meta property=\"og:title\" content=\"El BCIE destinar\u00e1 USD 400 millones para financiar el proyecto &quot;Argentina contra el hambre&quot; | CVI NOTICIAS\" \/>\n<meta property=\"og:description\" content=\"Adem\u00e1s, el CAF financiar\u00e1 por USD 300 millones una iniciativa para promover el acceso a derechos de personas con discapacidad. Mediante el decreto 150\/2023 publicado este viernes en el Bolet\u00edn Oficial, el Gobierno nacional oficializ\u00f3 el contrato con el Banco Centroamericano de Integraci\u00f3n Econ\u00f3mica (BCIE), el cual destinar\u00e1 400 millones de d\u00f3lares para financiar el [&hellip;]\" \/>\n<meta property=\"og:url\" content=\"https:\/\/cvinoticias.com\/v3\/el-bcie-destinara-usd-400-millones-para-financiar-el-proyecto-argentina-contra-el-hambre\/\" \/>\n<meta property=\"og:site_name\" content=\"CVI NOTICIAS\" \/>\n<meta property=\"article:publisher\" content=\"https:\/\/www.facebook.com\/cvinoticias\" \/>\n<meta property=\"article:published_time\" content=\"2023-03-17T10:46:38+00:00\" \/>\n<meta property=\"og:image\" content=\"https:\/\/cvinoticias.com\/wp-content\/uploads\/2023\/03\/0000067986.jpg\" \/>\n\t<meta property=\"og:image:width\" content=\"720\" \/>\n\t<meta property=\"og:image:height\" content=\"405\" \/>\n\t<meta property=\"og:image:type\" content=\"image\/jpeg\" \/>\n<meta name=\"author\" content=\"f1000024\" \/>\n<meta name=\"twitter:card\" content=\"summary_large_image\" \/>\n<meta name=\"twitter:label1\" content=\"Escrito por\" \/>\n\t<meta name=\"twitter:data1\" content=\"f1000024\" \/>\n\t<meta name=\"twitter:label2\" content=\"Tiempo de lectura\" \/>\n\t<meta name=\"twitter:data2\" content=\"1 minuto\" \/>\n<script type=\"application\/ld+json\" class=\"yoast-schema-graph\">{\"@context\":\"https:\\\/\\\/schema.org\",\"@graph\":[{\"@type\":\"Article\",\"@id\":\"https:\\\/\\\/cvinoticias.com\\\/v3\\\/el-bcie-destinara-usd-400-millones-para-financiar-el-proyecto-argentina-contra-el-hambre\\\/#article\",\"isPartOf\":{\"@id\":\"https:\\\/\\\/cvinoticias.com\\\/v3\\\/el-bcie-destinara-usd-400-millones-para-financiar-el-proyecto-argentina-contra-el-hambre\\\/\"},\"author\":{\"name\":\"f1000024\",\"@id\":\"https:\\\/\\\/cvinoticias.com\\\/v3\\\/#\\\/schema\\\/person\\\/2db77e3c6bc03c538495d7b2b8be9b66\"},\"headline\":\"El BCIE destinar\u00e1 USD 400 millones para financiar el proyecto \u00abArgentina contra el hambre\u00bb\",\"datePublished\":\"2023-03-17T10:46:38+00:00\",\"mainEntityOfPage\":{\"@id\":\"https:\\\/\\\/cvinoticias.com\\\/v3\\\/el-bcie-destinara-usd-400-millones-para-financiar-el-proyecto-argentina-contra-el-hambre\\\/\"},\"wordCount\":257,\"commentCount\":0,\"publisher\":{\"@id\":\"https:\\\/\\\/cvinoticias.com\\\/v3\\\/#organization\"},\"image\":{\"@id\":\"https:\\\/\\\/cvinoticias.com\\\/v3\\\/el-bcie-destinara-usd-400-millones-para-financiar-el-proyecto-argentina-contra-el-hambre\\\/#primaryimage\"},\"thumbnailUrl\":\"https:\\\/\\\/cvinoticias.com\\\/wp-content\\\/uploads\\\/2023\\\/03\\\/0000067986.jpg\",\"articleSection\":[\"Econom\u00eda\"],\"inLanguage\":\"es\",\"potentialAction\":[{\"@type\":\"CommentAction\",\"name\":\"Comment\",\"target\":[\"https:\\\/\\\/cvinoticias.com\\\/v3\\\/el-bcie-destinara-usd-400-millones-para-financiar-el-proyecto-argentina-contra-el-hambre\\\/#respond\"]}]},{\"@type\":\"WebPage\",\"@id\":\"https:\\\/\\\/cvinoticias.com\\\/v3\\\/el-bcie-destinara-usd-400-millones-para-financiar-el-proyecto-argentina-contra-el-hambre\\\/\",\"url\":\"https:\\\/\\\/cvinoticias.com\\\/v3\\\/el-bcie-destinara-usd-400-millones-para-financiar-el-proyecto-argentina-contra-el-hambre\\\/\",\"name\":\"El BCIE destinar\u00e1 USD 400 millones para financiar el proyecto \\\"Argentina contra el hambre\\\" | CVI NOTICIAS\",\"isPartOf\":{\"@id\":\"https:\\\/\\\/cvinoticias.com\\\/v3\\\/#website\"},\"primaryImageOfPage\":{\"@id\":\"https:\\\/\\\/cvinoticias.com\\\/v3\\\/el-bcie-destinara-usd-400-millones-para-financiar-el-proyecto-argentina-contra-el-hambre\\\/#primaryimage\"},\"image\":{\"@id\":\"https:\\\/\\\/cvinoticias.com\\\/v3\\\/el-bcie-destinara-usd-400-millones-para-financiar-el-proyecto-argentina-contra-el-hambre\\\/#primaryimage\"},\"thumbnailUrl\":\"https:\\\/\\\/cvinoticias.com\\\/wp-content\\\/uploads\\\/2023\\\/03\\\/0000067986.jpg\",\"datePublished\":\"2023-03-17T10:46:38+00:00\",\"breadcrumb\":{\"@id\":\"https:\\\/\\\/cvinoticias.com\\\/v3\\\/el-bcie-destinara-usd-400-millones-para-financiar-el-proyecto-argentina-contra-el-hambre\\\/#breadcrumb\"},\"inLanguage\":\"es\",\"potentialAction\":[{\"@type\":\"ReadAction\",\"target\":[\"https:\\\/\\\/cvinoticias.com\\\/v3\\\/el-bcie-destinara-usd-400-millones-para-financiar-el-proyecto-argentina-contra-el-hambre\\\/\"]}]},{\"@type\":\"ImageObject\",\"inLanguage\":\"es\",\"@id\":\"https:\\\/\\\/cvinoticias.com\\\/v3\\\/el-bcie-destinara-usd-400-millones-para-financiar-el-proyecto-argentina-contra-el-hambre\\\/#primaryimage\",\"url\":\"https:\\\/\\\/cvinoticias.com\\\/wp-content\\\/uploads\\\/2023\\\/03\\\/0000067986.jpg\",\"contentUrl\":\"https:\\\/\\\/cvinoticias.com\\\/wp-content\\\/uploads\\\/2023\\\/03\\\/0000067986.jpg\",\"width\":720,\"height\":405},{\"@type\":\"BreadcrumbList\",\"@id\":\"https:\\\/\\\/cvinoticias.com\\\/v3\\\/el-bcie-destinara-usd-400-millones-para-financiar-el-proyecto-argentina-contra-el-hambre\\\/#breadcrumb\",\"itemListElement\":[{\"@type\":\"ListItem\",\"position\":1,\"name\":\"Portada\",\"item\":\"https:\\\/\\\/cvinoticias.com\\\/v3\\\/\"},{\"@type\":\"ListItem\",\"position\":2,\"name\":\"El BCIE destinar\u00e1 USD 400 millones para financiar el proyecto \u00abArgentina contra el hambre\u00bb\"}]},{\"@type\":\"WebSite\",\"@id\":\"https:\\\/\\\/cvinoticias.com\\\/v3\\\/#website\",\"url\":\"https:\\\/\\\/cvinoticias.com\\\/v3\\\/\",\"name\":\"CVI NOTICIAS\",\"description\":\"\",\"publisher\":{\"@id\":\"https:\\\/\\\/cvinoticias.com\\\/v3\\\/#organization\"},\"alternateName\":\"CVI\",\"potentialAction\":[{\"@type\":\"SearchAction\",\"target\":{\"@type\":\"EntryPoint\",\"urlTemplate\":\"https:\\\/\\\/cvinoticias.com\\\/v3\\\/?s={search_term_string}\"},\"query-input\":{\"@type\":\"PropertyValueSpecification\",\"valueRequired\":true,\"valueName\":\"search_term_string\"}}],\"inLanguage\":\"es\"},{\"@type\":\"Organization\",\"@id\":\"https:\\\/\\\/cvinoticias.com\\\/v3\\\/#organization\",\"name\":\"CVI NOTICIAS\",\"url\":\"https:\\\/\\\/cvinoticias.com\\\/v3\\\/\",\"logo\":{\"@type\":\"ImageObject\",\"inLanguage\":\"es\",\"@id\":\"https:\\\/\\\/cvinoticias.com\\\/v3\\\/#\\\/schema\\\/logo\\\/image\\\/\",\"url\":\"https:\\\/\\\/cvinoticias.com\\\/wp-content\\\/uploads\\\/2023\\\/04\\\/cropped-cropped-cropped-cropped-cropped-3-1.png\",\"contentUrl\":\"https:\\\/\\\/cvinoticias.com\\\/wp-content\\\/uploads\\\/2023\\\/04\\\/cropped-cropped-cropped-cropped-cropped-3-1.png\",\"width\":95,\"height\":122,\"caption\":\"CVI NOTICIAS\"},\"image\":{\"@id\":\"https:\\\/\\\/cvinoticias.com\\\/v3\\\/#\\\/schema\\\/logo\\\/image\\\/\"},\"sameAs\":[\"https:\\\/\\\/www.facebook.com\\\/cvinoticias\",\"https:\\\/\\\/www.instagram.com\\\/cvinoticias\\\/\",\"https:\\\/\\\/www.youtube.com\\\/@CVINOTICIAS\"]},{\"@type\":\"Person\",\"@id\":\"https:\\\/\\\/cvinoticias.com\\\/v3\\\/#\\\/schema\\\/person\\\/2db77e3c6bc03c538495d7b2b8be9b66\",\"name\":\"f1000024\",\"image\":{\"@type\":\"ImageObject\",\"inLanguage\":\"es\",\"@id\":\"https:\\\/\\\/secure.gravatar.com\\\/avatar\\\/d4fe7459cfc51ff5129ce1a732bbef5928568b8092d412ef95611616376bbeed?s=96&d=mm&r=g\",\"url\":\"https:\\\/\\\/secure.gravatar.com\\\/avatar\\\/d4fe7459cfc51ff5129ce1a732bbef5928568b8092d412ef95611616376bbeed?s=96&d=mm&r=g\",\"contentUrl\":\"https:\\\/\\\/secure.gravatar.com\\\/avatar\\\/d4fe7459cfc51ff5129ce1a732bbef5928568b8092d412ef95611616376bbeed?s=96&d=mm&r=g\",\"caption\":\"f1000024\"},\"url\":\"https:\\\/\\\/cvinoticias.com\\\/v3\\\/author\\\/f1000024\\\/\"}]}<\/script>\n<!-- \/ Yoast SEO plugin. -->","yoast_head_json":{"title":"El BCIE destinar\u00e1 USD 400 millones para financiar el proyecto \"Argentina contra el hambre\" | CVI NOTICIAS","robots":{"index":"index","follow":"follow","max-snippet":"max-snippet:-1","max-image-preview":"max-image-preview:large","max-video-preview":"max-video-preview:-1"},"canonical":"https:\/\/cvinoticias.com\/v3\/el-bcie-destinara-usd-400-millones-para-financiar-el-proyecto-argentina-contra-el-hambre\/","og_locale":"es_ES","og_type":"article","og_title":"El BCIE destinar\u00e1 USD 400 millones para financiar el proyecto \"Argentina contra el hambre\" | CVI NOTICIAS","og_description":"Adem\u00e1s, el CAF financiar\u00e1 por USD 300 millones una iniciativa para promover el acceso a derechos de personas con discapacidad. Mediante el decreto 150\/2023 publicado este viernes en el Bolet\u00edn Oficial, el Gobierno nacional oficializ\u00f3 el contrato con el Banco Centroamericano de Integraci\u00f3n Econ\u00f3mica (BCIE), el cual destinar\u00e1 400 millones de d\u00f3lares para financiar el [&hellip;]","og_url":"https:\/\/cvinoticias.com\/v3\/el-bcie-destinara-usd-400-millones-para-financiar-el-proyecto-argentina-contra-el-hambre\/","og_site_name":"CVI NOTICIAS","article_publisher":"https:\/\/www.facebook.com\/cvinoticias","article_published_time":"2023-03-17T10:46:38+00:00","og_image":[{"width":720,"height":405,"url":"https:\/\/cvinoticias.com\/wp-content\/uploads\/2023\/03\/0000067986.jpg","type":"image\/jpeg"}],"author":"f1000024","twitter_card":"summary_large_image","twitter_misc":{"Escrito por":"f1000024","Tiempo de lectura":"1 minuto"},"schema":{"@context":"https:\/\/schema.org","@graph":[{"@type":"Article","@id":"https:\/\/cvinoticias.com\/v3\/el-bcie-destinara-usd-400-millones-para-financiar-el-proyecto-argentina-contra-el-hambre\/#article","isPartOf":{"@id":"https:\/\/cvinoticias.com\/v3\/el-bcie-destinara-usd-400-millones-para-financiar-el-proyecto-argentina-contra-el-hambre\/"},"author":{"name":"f1000024","@id":"https:\/\/cvinoticias.com\/v3\/#\/schema\/person\/2db77e3c6bc03c538495d7b2b8be9b66"},"headline":"El BCIE destinar\u00e1 USD 400 millones para financiar el proyecto \u00abArgentina contra el hambre\u00bb","datePublished":"2023-03-17T10:46:38+00:00","mainEntityOfPage":{"@id":"https:\/\/cvinoticias.com\/v3\/el-bcie-destinara-usd-400-millones-para-financiar-el-proyecto-argentina-contra-el-hambre\/"},"wordCount":257,"commentCount":0,"publisher":{"@id":"https:\/\/cvinoticias.com\/v3\/#organization"},"image":{"@id":"https:\/\/cvinoticias.com\/v3\/el-bcie-destinara-usd-400-millones-para-financiar-el-proyecto-argentina-contra-el-hambre\/#primaryimage"},"thumbnailUrl":"https:\/\/cvinoticias.com\/wp-content\/uploads\/2023\/03\/0000067986.jpg","articleSection":["Econom\u00eda"],"inLanguage":"es","potentialAction":[{"@type":"CommentAction","name":"Comment","target":["https:\/\/cvinoticias.com\/v3\/el-bcie-destinara-usd-400-millones-para-financiar-el-proyecto-argentina-contra-el-hambre\/#respond"]}]},{"@type":"WebPage","@id":"https:\/\/cvinoticias.com\/v3\/el-bcie-destinara-usd-400-millones-para-financiar-el-proyecto-argentina-contra-el-hambre\/","url":"https:\/\/cvinoticias.com\/v3\/el-bcie-destinara-usd-400-millones-para-financiar-el-proyecto-argentina-contra-el-hambre\/","name":"El BCIE destinar\u00e1 USD 400 millones para financiar el proyecto \"Argentina contra el hambre\" | CVI NOTICIAS","isPartOf":{"@id":"https:\/\/cvinoticias.com\/v3\/#website"},"primaryImageOfPage":{"@id":"https:\/\/cvinoticias.com\/v3\/el-bcie-destinara-usd-400-millones-para-financiar-el-proyecto-argentina-contra-el-hambre\/#primaryimage"},"image":{"@id":"https:\/\/cvinoticias.com\/v3\/el-bcie-destinara-usd-400-millones-para-financiar-el-proyecto-argentina-contra-el-hambre\/#primaryimage"},"thumbnailUrl":"https:\/\/cvinoticias.com\/wp-content\/uploads\/2023\/03\/0000067986.jpg","datePublished":"2023-03-17T10:46:38+00:00","breadcrumb":{"@id":"https:\/\/cvinoticias.com\/v3\/el-bcie-destinara-usd-400-millones-para-financiar-el-proyecto-argentina-contra-el-hambre\/#breadcrumb"},"inLanguage":"es","potentialAction":[{"@type":"ReadAction","target":["https:\/\/cvinoticias.com\/v3\/el-bcie-destinara-usd-400-millones-para-financiar-el-proyecto-argentina-contra-el-hambre\/"]}]},{"@type":"ImageObject","inLanguage":"es","@id":"https:\/\/cvinoticias.com\/v3\/el-bcie-destinara-usd-400-millones-para-financiar-el-proyecto-argentina-contra-el-hambre\/#primaryimage","url":"https:\/\/cvinoticias.com\/wp-content\/uploads\/2023\/03\/0000067986.jpg","contentUrl":"https:\/\/cvinoticias.com\/wp-content\/uploads\/2023\/03\/0000067986.jpg","width":720,"height":405},{"@type":"BreadcrumbList","@id":"https:\/\/cvinoticias.com\/v3\/el-bcie-destinara-usd-400-millones-para-financiar-el-proyecto-argentina-contra-el-hambre\/#breadcrumb","itemListElement":[{"@type":"ListItem","position":1,"name":"Portada","item":"https:\/\/cvinoticias.com\/v3\/"},{"@type":"ListItem","position":2,"name":"El BCIE destinar\u00e1 USD 400 millones para financiar el proyecto \u00abArgentina contra el hambre\u00bb"}]},{"@type":"WebSite","@id":"https:\/\/cvinoticias.com\/v3\/#website","url":"https:\/\/cvinoticias.com\/v3\/","name":"CVI NOTICIAS","description":"","publisher":{"@id":"https:\/\/cvinoticias.com\/v3\/#organization"},"alternateName":"CVI","potentialAction":[{"@type":"SearchAction","target":{"@type":"EntryPoint","urlTemplate":"https:\/\/cvinoticias.com\/v3\/?s={search_term_string}"},"query-input":{"@type":"PropertyValueSpecification","valueRequired":true,"valueName":"search_term_string"}}],"inLanguage":"es"},{"@type":"Organization","@id":"https:\/\/cvinoticias.com\/v3\/#organization","name":"CVI NOTICIAS","url":"https:\/\/cvinoticias.com\/v3\/","logo":{"@type":"ImageObject","inLanguage":"es","@id":"https:\/\/cvinoticias.com\/v3\/#\/schema\/logo\/image\/","url":"https:\/\/cvinoticias.com\/wp-content\/uploads\/2023\/04\/cropped-cropped-cropped-cropped-cropped-3-1.png","contentUrl":"https:\/\/cvinoticias.com\/wp-content\/uploads\/2023\/04\/cropped-cropped-cropped-cropped-cropped-3-1.png","width":95,"height":122,"caption":"CVI NOTICIAS"},"image":{"@id":"https:\/\/cvinoticias.com\/v3\/#\/schema\/logo\/image\/"},"sameAs":["https:\/\/www.facebook.com\/cvinoticias","https:\/\/www.instagram.com\/cvinoticias\/","https:\/\/www.youtube.com\/@CVINOTICIAS"]},{"@type":"Person","@id":"https:\/\/cvinoticias.com\/v3\/#\/schema\/person\/2db77e3c6bc03c538495d7b2b8be9b66","name":"f1000024","image":{"@type":"ImageObject","inLanguage":"es","@id":"https:\/\/secure.gravatar.com\/avatar\/d4fe7459cfc51ff5129ce1a732bbef5928568b8092d412ef95611616376bbeed?s=96&d=mm&r=g","url":"https:\/\/secure.gravatar.com\/avatar\/d4fe7459cfc51ff5129ce1a732bbef5928568b8092d412ef95611616376bbeed?s=96&d=mm&r=g","contentUrl":"https:\/\/secure.gravatar.com\/avatar\/d4fe7459cfc51ff5129ce1a732bbef5928568b8092d412ef95611616376bbeed?s=96&d=mm&r=g","caption":"f1000024"},"url":"https:\/\/cvinoticias.com\/v3\/author\/f1000024\/"}]}},"_links":{"self":[{"href":"https:\/\/cvinoticias.com\/v3\/wp-json\/wp\/v2\/posts\/23366","targetHints":{"allow":["GET"]}}],"collection":[{"href":"https:\/\/cvinoticias.com\/v3\/wp-json\/wp\/v2\/posts"}],"about":[{"href":"https:\/\/cvinoticias.com\/v3\/wp-json\/wp\/v2\/types\/post"}],"author":[{"embeddable":true,"href":"https:\/\/cvinoticias.com\/v3\/wp-json\/wp\/v2\/users\/2"}],"replies":[{"embeddable":true,"href":"https:\/\/cvinoticias.com\/v3\/wp-json\/wp\/v2\/comments?post=23366"}],"version-history":[{"count":1,"href":"https:\/\/cvinoticias.com\/v3\/wp-json\/wp\/v2\/posts\/23366\/revisions"}],"predecessor-version":[{"id":23368,"href":"https:\/\/cvinoticias.com\/v3\/wp-json\/wp\/v2\/posts\/23366\/revisions\/23368"}],"wp:featuredmedia":[{"embeddable":true,"href":"https:\/\/cvinoticias.com\/v3\/wp-json\/wp\/v2\/media\/23367"}],"wp:attachment":[{"href":"https:\/\/cvinoticias.com\/v3\/wp-json\/wp\/v2\/media?parent=23366"}],"wp:term":[{"taxonomy":"category","embeddable":true,"href":"https:\/\/cvinoticias.com\/v3\/wp-json\/wp\/v2\/categories?post=23366"},{"taxonomy":"post_tag","embeddable":true,"href":"https:\/\/cvinoticias.com\/v3\/wp-json\/wp\/v2\/tags?post=23366"}],"curies":[{"name":"wp","href":"https:\/\/api.w.org\/{rel}","templated":true}]}}