{"id":23356,"date":"2023-03-17T01:42:08","date_gmt":"2023-03-17T01:42:08","guid":{"rendered":"https:\/\/cvinoticias.com\/v3\/?p=23356"},"modified":"2023-03-17T01:42:08","modified_gmt":"2023-03-17T01:42:08","slug":"rovira-confirmo-que-herrera-ahuad-encabezara-la-lista-de-diputados-provinciales-renovadores","status":"publish","type":"post","link":"https:\/\/cvinoticias.com\/v3\/rovira-confirmo-que-herrera-ahuad-encabezara-la-lista-de-diputados-provinciales-renovadores\/","title":{"rendered":"Rovira confirm\u00f3 que Herrera Ahuad encabezar\u00e1 la lista de diputados provinciales renovadores"},"content":{"rendered":"\n<p><strong><em>Este jueves, el Frente Renovador de la Concordia Social anunci\u00f3 al primer candidato a diputado provincial.<\/em><\/strong><\/p>\n\n\n\n<p>El encargado de dar el nombre de la cabeza de lista de diputados provinciales, que era parte de lo que faltaba hacer p\u00fablico de la oferta electoral, fue el propio Carlos Rovira, durante el acto de inauguraci\u00f3n del edificio del Silicon Misiones. All\u00ed \u201cEl Conductor\u201d del oficialismo provincial anunci\u00f3 que el gobernador Oscar Herrera Ahuad ser\u00e1 quien encabece la lista de diputados provinciales. En tanto que desde diciembre pasado se sabe que Hugo Passalacqua encabezar\u00e1 la propuesta para disputar la gobernaci\u00f3n, acompa\u00f1ado de Lucas Romero Spinelli.<\/p>\n\n\n\n<p>Rovira tambi\u00e9n afirm\u00f3, sin dar nombres, que el resto de los miembros de la lista estaban presentes en el acto. As\u00ed, el oficialismo provincial es el \u00fanico que al d\u00eda de hoy tiene casi todos sus candidatos definidos, m\u00e1s all\u00e1 que no hayan sido dados p\u00fablicamente sus nombres. Incluso los 500 aspirantes para las 78 intendencias en disputa.<\/p>\n\n\n\n<p>En el resto de los espacios, por ahora, todo es debate, discusi\u00f3n, rosca y preparaci\u00f3n. Tambi\u00e9n ya tiene, hace tiempo, definida la propuesta electoral que estar\u00e1 encabezada por Hugo Passalacqua como candidato a gobernador y Lucas Romero Spinelli como candidato a vicegobernador. De la lista de diputados provinciales a\u00fan no hay oficializaci\u00f3n.<\/p>\n\n\n\n<p>El ordenamiento de la propuesta renovadora no es nuevo, y la ingenier\u00eda electoral interna es mucho menos burocr\u00e1tica y compleja que la de otros espacios, donde la puja del poder interno es m\u00e1s desordenada. Esto le permite al oficialismo tener una ventaja extra, tiempo.<\/p>\n\n\n\n<p>Si bien los candidatos empezaron a mostrarse desde finales del a\u00f1o pasado, hay algunos de ellos que saben desde octubre, e incluso antes, que ser\u00edan parte de la oferta electoral. Otros se fueron definiendo sobre la marcha. Pero todos, desde comienzo de febrero, est\u00e1n en carrera, incluso los que p\u00fablicamente conocimos este jueves.<\/p>\n\n\n\n<p><strong>Fuente: El Territorio<\/strong><\/p>\n","protected":false},"excerpt":{"rendered":"<p>Este jueves, el Frente Renovador de la Concordia Social anunci\u00f3 al primer candidato a diputado provincial. El encargado de dar el nombre de la cabeza de lista de diputados provinciales, que era parte de lo que faltaba hacer p\u00fablico de la oferta electoral, fue el propio Carlos Rovira, durante el acto de inauguraci\u00f3n del edificio [&hellip;]<\/p>\n","protected":false},"author":2,"featured_media":23357,"comment_status":"open","ping_status":"open","sticky":false,"template":"","format":"standard","meta":{"footnotes":""},"categories":[42],"tags":[],"class_list":["post-23356","post","type-post","status-publish","format-standard","has-post-thumbnail","hentry","category-politica"],"yoast_head":"<!-- This site is optimized with the Yoast SEO plugin v27.4 - https:\/\/yoast.com\/product\/yoast-seo-wordpress\/ -->\n<title>Rovira confirm\u00f3 que Herrera Ahuad encabezar\u00e1 la lista de diputados provinciales renovadores | CVI NOTICIAS<\/title>\n<meta name=\"robots\" content=\"index, follow, max-snippet:-1, max-image-preview:large, max-video-preview:-1\" \/>\n<link rel=\"canonical\" href=\"https:\/\/cvinoticias.com\/v3\/rovira-confirmo-que-herrera-ahuad-encabezara-la-lista-de-diputados-provinciales-renovadores\/\" \/>\n<meta property=\"og:locale\" content=\"es_ES\" \/>\n<meta property=\"og:type\" content=\"article\" \/>\n<meta property=\"og:title\" content=\"Rovira confirm\u00f3 que Herrera Ahuad encabezar\u00e1 la lista de diputados provinciales renovadores | CVI NOTICIAS\" \/>\n<meta property=\"og:description\" content=\"Este jueves, el Frente Renovador de la Concordia Social anunci\u00f3 al primer candidato a diputado provincial. El encargado de dar el nombre de la cabeza de lista de diputados provinciales, que era parte de lo que faltaba hacer p\u00fablico de la oferta electoral, fue el propio Carlos Rovira, durante el acto de inauguraci\u00f3n del edificio [&hellip;]\" \/>\n<meta property=\"og:url\" content=\"https:\/\/cvinoticias.com\/v3\/rovira-confirmo-que-herrera-ahuad-encabezara-la-lista-de-diputados-provinciales-renovadores\/\" \/>\n<meta property=\"og:site_name\" content=\"CVI NOTICIAS\" \/>\n<meta property=\"article:publisher\" content=\"https:\/\/www.facebook.com\/cvinoticias\" \/>\n<meta property=\"article:published_time\" content=\"2023-03-17T01:42:08+00:00\" \/>\n<meta property=\"og:image\" content=\"https:\/\/cvinoticias.com\/wp-content\/uploads\/2023\/03\/herrera-ahuad.png\" \/>\n\t<meta property=\"og:image:width\" content=\"500\" \/>\n\t<meta property=\"og:image:height\" content=\"300\" \/>\n\t<meta property=\"og:image:type\" content=\"image\/png\" \/>\n<meta name=\"author\" content=\"f1000024\" \/>\n<meta name=\"twitter:card\" content=\"summary_large_image\" \/>\n<meta name=\"twitter:label1\" content=\"Escrito por\" \/>\n\t<meta name=\"twitter:data1\" content=\"f1000024\" \/>\n\t<meta name=\"twitter:label2\" content=\"Tiempo de lectura\" \/>\n\t<meta name=\"twitter:data2\" content=\"2 minutos\" \/>\n<script type=\"application\/ld+json\" class=\"yoast-schema-graph\">{\"@context\":\"https:\\\/\\\/schema.org\",\"@graph\":[{\"@type\":\"Article\",\"@id\":\"https:\\\/\\\/cvinoticias.com\\\/v3\\\/rovira-confirmo-que-herrera-ahuad-encabezara-la-lista-de-diputados-provinciales-renovadores\\\/#article\",\"isPartOf\":{\"@id\":\"https:\\\/\\\/cvinoticias.com\\\/v3\\\/rovira-confirmo-que-herrera-ahuad-encabezara-la-lista-de-diputados-provinciales-renovadores\\\/\"},\"author\":{\"name\":\"f1000024\",\"@id\":\"https:\\\/\\\/cvinoticias.com\\\/v3\\\/#\\\/schema\\\/person\\\/2db77e3c6bc03c538495d7b2b8be9b66\"},\"headline\":\"Rovira confirm\u00f3 que Herrera Ahuad encabezar\u00e1 la lista de diputados provinciales renovadores\",\"datePublished\":\"2023-03-17T01:42:08+00:00\",\"mainEntityOfPage\":{\"@id\":\"https:\\\/\\\/cvinoticias.com\\\/v3\\\/rovira-confirmo-que-herrera-ahuad-encabezara-la-lista-de-diputados-provinciales-renovadores\\\/\"},\"wordCount\":342,\"commentCount\":0,\"publisher\":{\"@id\":\"https:\\\/\\\/cvinoticias.com\\\/v3\\\/#organization\"},\"image\":{\"@id\":\"https:\\\/\\\/cvinoticias.com\\\/v3\\\/rovira-confirmo-que-herrera-ahuad-encabezara-la-lista-de-diputados-provinciales-renovadores\\\/#primaryimage\"},\"thumbnailUrl\":\"https:\\\/\\\/cvinoticias.com\\\/wp-content\\\/uploads\\\/2023\\\/03\\\/herrera-ahuad.png\",\"articleSection\":[\"Politica\"],\"inLanguage\":\"es\",\"potentialAction\":[{\"@type\":\"CommentAction\",\"name\":\"Comment\",\"target\":[\"https:\\\/\\\/cvinoticias.com\\\/v3\\\/rovira-confirmo-que-herrera-ahuad-encabezara-la-lista-de-diputados-provinciales-renovadores\\\/#respond\"]}]},{\"@type\":\"WebPage\",\"@id\":\"https:\\\/\\\/cvinoticias.com\\\/v3\\\/rovira-confirmo-que-herrera-ahuad-encabezara-la-lista-de-diputados-provinciales-renovadores\\\/\",\"url\":\"https:\\\/\\\/cvinoticias.com\\\/v3\\\/rovira-confirmo-que-herrera-ahuad-encabezara-la-lista-de-diputados-provinciales-renovadores\\\/\",\"name\":\"Rovira confirm\u00f3 que Herrera Ahuad encabezar\u00e1 la lista de diputados provinciales renovadores | CVI NOTICIAS\",\"isPartOf\":{\"@id\":\"https:\\\/\\\/cvinoticias.com\\\/v3\\\/#website\"},\"primaryImageOfPage\":{\"@id\":\"https:\\\/\\\/cvinoticias.com\\\/v3\\\/rovira-confirmo-que-herrera-ahuad-encabezara-la-lista-de-diputados-provinciales-renovadores\\\/#primaryimage\"},\"image\":{\"@id\":\"https:\\\/\\\/cvinoticias.com\\\/v3\\\/rovira-confirmo-que-herrera-ahuad-encabezara-la-lista-de-diputados-provinciales-renovadores\\\/#primaryimage\"},\"thumbnailUrl\":\"https:\\\/\\\/cvinoticias.com\\\/wp-content\\\/uploads\\\/2023\\\/03\\\/herrera-ahuad.png\",\"datePublished\":\"2023-03-17T01:42:08+00:00\",\"breadcrumb\":{\"@id\":\"https:\\\/\\\/cvinoticias.com\\\/v3\\\/rovira-confirmo-que-herrera-ahuad-encabezara-la-lista-de-diputados-provinciales-renovadores\\\/#breadcrumb\"},\"inLanguage\":\"es\",\"potentialAction\":[{\"@type\":\"ReadAction\",\"target\":[\"https:\\\/\\\/cvinoticias.com\\\/v3\\\/rovira-confirmo-que-herrera-ahuad-encabezara-la-lista-de-diputados-provinciales-renovadores\\\/\"]}]},{\"@type\":\"ImageObject\",\"inLanguage\":\"es\",\"@id\":\"https:\\\/\\\/cvinoticias.com\\\/v3\\\/rovira-confirmo-que-herrera-ahuad-encabezara-la-lista-de-diputados-provinciales-renovadores\\\/#primaryimage\",\"url\":\"https:\\\/\\\/cvinoticias.com\\\/wp-content\\\/uploads\\\/2023\\\/03\\\/herrera-ahuad.png\",\"contentUrl\":\"https:\\\/\\\/cvinoticias.com\\\/wp-content\\\/uploads\\\/2023\\\/03\\\/herrera-ahuad.png\",\"width\":500,\"height\":300},{\"@type\":\"BreadcrumbList\",\"@id\":\"https:\\\/\\\/cvinoticias.com\\\/v3\\\/rovira-confirmo-que-herrera-ahuad-encabezara-la-lista-de-diputados-provinciales-renovadores\\\/#breadcrumb\",\"itemListElement\":[{\"@type\":\"ListItem\",\"position\":1,\"name\":\"Portada\",\"item\":\"https:\\\/\\\/cvinoticias.com\\\/v3\\\/\"},{\"@type\":\"ListItem\",\"position\":2,\"name\":\"Rovira confirm\u00f3 que Herrera Ahuad encabezar\u00e1 la lista de diputados provinciales renovadores\"}]},{\"@type\":\"WebSite\",\"@id\":\"https:\\\/\\\/cvinoticias.com\\\/v3\\\/#website\",\"url\":\"https:\\\/\\\/cvinoticias.com\\\/v3\\\/\",\"name\":\"CVI NOTICIAS\",\"description\":\"\",\"publisher\":{\"@id\":\"https:\\\/\\\/cvinoticias.com\\\/v3\\\/#organization\"},\"alternateName\":\"CVI\",\"potentialAction\":[{\"@type\":\"SearchAction\",\"target\":{\"@type\":\"EntryPoint\",\"urlTemplate\":\"https:\\\/\\\/cvinoticias.com\\\/v3\\\/?s={search_term_string}\"},\"query-input\":{\"@type\":\"PropertyValueSpecification\",\"valueRequired\":true,\"valueName\":\"search_term_string\"}}],\"inLanguage\":\"es\"},{\"@type\":\"Organization\",\"@id\":\"https:\\\/\\\/cvinoticias.com\\\/v3\\\/#organization\",\"name\":\"CVI NOTICIAS\",\"url\":\"https:\\\/\\\/cvinoticias.com\\\/v3\\\/\",\"logo\":{\"@type\":\"ImageObject\",\"inLanguage\":\"es\",\"@id\":\"https:\\\/\\\/cvinoticias.com\\\/v3\\\/#\\\/schema\\\/logo\\\/image\\\/\",\"url\":\"https:\\\/\\\/cvinoticias.com\\\/wp-content\\\/uploads\\\/2023\\\/04\\\/cropped-cropped-cropped-cropped-cropped-3-1.png\",\"contentUrl\":\"https:\\\/\\\/cvinoticias.com\\\/wp-content\\\/uploads\\\/2023\\\/04\\\/cropped-cropped-cropped-cropped-cropped-3-1.png\",\"width\":95,\"height\":122,\"caption\":\"CVI NOTICIAS\"},\"image\":{\"@id\":\"https:\\\/\\\/cvinoticias.com\\\/v3\\\/#\\\/schema\\\/logo\\\/image\\\/\"},\"sameAs\":[\"https:\\\/\\\/www.facebook.com\\\/cvinoticias\",\"https:\\\/\\\/www.instagram.com\\\/cvinoticias\\\/\",\"https:\\\/\\\/www.youtube.com\\\/@CVINOTICIAS\"]},{\"@type\":\"Person\",\"@id\":\"https:\\\/\\\/cvinoticias.com\\\/v3\\\/#\\\/schema\\\/person\\\/2db77e3c6bc03c538495d7b2b8be9b66\",\"name\":\"f1000024\",\"image\":{\"@type\":\"ImageObject\",\"inLanguage\":\"es\",\"@id\":\"https:\\\/\\\/secure.gravatar.com\\\/avatar\\\/d4fe7459cfc51ff5129ce1a732bbef5928568b8092d412ef95611616376bbeed?s=96&d=mm&r=g\",\"url\":\"https:\\\/\\\/secure.gravatar.com\\\/avatar\\\/d4fe7459cfc51ff5129ce1a732bbef5928568b8092d412ef95611616376bbeed?s=96&d=mm&r=g\",\"contentUrl\":\"https:\\\/\\\/secure.gravatar.com\\\/avatar\\\/d4fe7459cfc51ff5129ce1a732bbef5928568b8092d412ef95611616376bbeed?s=96&d=mm&r=g\",\"caption\":\"f1000024\"},\"url\":\"https:\\\/\\\/cvinoticias.com\\\/v3\\\/author\\\/f1000024\\\/\"}]}<\/script>\n<!-- \/ Yoast SEO plugin. -->","yoast_head_json":{"title":"Rovira confirm\u00f3 que Herrera Ahuad encabezar\u00e1 la lista de diputados provinciales renovadores | CVI NOTICIAS","robots":{"index":"index","follow":"follow","max-snippet":"max-snippet:-1","max-image-preview":"max-image-preview:large","max-video-preview":"max-video-preview:-1"},"canonical":"https:\/\/cvinoticias.com\/v3\/rovira-confirmo-que-herrera-ahuad-encabezara-la-lista-de-diputados-provinciales-renovadores\/","og_locale":"es_ES","og_type":"article","og_title":"Rovira confirm\u00f3 que Herrera Ahuad encabezar\u00e1 la lista de diputados provinciales renovadores | CVI NOTICIAS","og_description":"Este jueves, el Frente Renovador de la Concordia Social anunci\u00f3 al primer candidato a diputado provincial. El encargado de dar el nombre de la cabeza de lista de diputados provinciales, que era parte de lo que faltaba hacer p\u00fablico de la oferta electoral, fue el propio Carlos Rovira, durante el acto de inauguraci\u00f3n del edificio [&hellip;]","og_url":"https:\/\/cvinoticias.com\/v3\/rovira-confirmo-que-herrera-ahuad-encabezara-la-lista-de-diputados-provinciales-renovadores\/","og_site_name":"CVI NOTICIAS","article_publisher":"https:\/\/www.facebook.com\/cvinoticias","article_published_time":"2023-03-17T01:42:08+00:00","og_image":[{"width":500,"height":300,"url":"https:\/\/cvinoticias.com\/wp-content\/uploads\/2023\/03\/herrera-ahuad.png","type":"image\/png"}],"author":"f1000024","twitter_card":"summary_large_image","twitter_misc":{"Escrito por":"f1000024","Tiempo de lectura":"2 minutos"},"schema":{"@context":"https:\/\/schema.org","@graph":[{"@type":"Article","@id":"https:\/\/cvinoticias.com\/v3\/rovira-confirmo-que-herrera-ahuad-encabezara-la-lista-de-diputados-provinciales-renovadores\/#article","isPartOf":{"@id":"https:\/\/cvinoticias.com\/v3\/rovira-confirmo-que-herrera-ahuad-encabezara-la-lista-de-diputados-provinciales-renovadores\/"},"author":{"name":"f1000024","@id":"https:\/\/cvinoticias.com\/v3\/#\/schema\/person\/2db77e3c6bc03c538495d7b2b8be9b66"},"headline":"Rovira confirm\u00f3 que Herrera Ahuad encabezar\u00e1 la lista de diputados provinciales renovadores","datePublished":"2023-03-17T01:42:08+00:00","mainEntityOfPage":{"@id":"https:\/\/cvinoticias.com\/v3\/rovira-confirmo-que-herrera-ahuad-encabezara-la-lista-de-diputados-provinciales-renovadores\/"},"wordCount":342,"commentCount":0,"publisher":{"@id":"https:\/\/cvinoticias.com\/v3\/#organization"},"image":{"@id":"https:\/\/cvinoticias.com\/v3\/rovira-confirmo-que-herrera-ahuad-encabezara-la-lista-de-diputados-provinciales-renovadores\/#primaryimage"},"thumbnailUrl":"https:\/\/cvinoticias.com\/wp-content\/uploads\/2023\/03\/herrera-ahuad.png","articleSection":["Politica"],"inLanguage":"es","potentialAction":[{"@type":"CommentAction","name":"Comment","target":["https:\/\/cvinoticias.com\/v3\/rovira-confirmo-que-herrera-ahuad-encabezara-la-lista-de-diputados-provinciales-renovadores\/#respond"]}]},{"@type":"WebPage","@id":"https:\/\/cvinoticias.com\/v3\/rovira-confirmo-que-herrera-ahuad-encabezara-la-lista-de-diputados-provinciales-renovadores\/","url":"https:\/\/cvinoticias.com\/v3\/rovira-confirmo-que-herrera-ahuad-encabezara-la-lista-de-diputados-provinciales-renovadores\/","name":"Rovira confirm\u00f3 que Herrera Ahuad encabezar\u00e1 la lista de diputados provinciales renovadores | CVI NOTICIAS","isPartOf":{"@id":"https:\/\/cvinoticias.com\/v3\/#website"},"primaryImageOfPage":{"@id":"https:\/\/cvinoticias.com\/v3\/rovira-confirmo-que-herrera-ahuad-encabezara-la-lista-de-diputados-provinciales-renovadores\/#primaryimage"},"image":{"@id":"https:\/\/cvinoticias.com\/v3\/rovira-confirmo-que-herrera-ahuad-encabezara-la-lista-de-diputados-provinciales-renovadores\/#primaryimage"},"thumbnailUrl":"https:\/\/cvinoticias.com\/wp-content\/uploads\/2023\/03\/herrera-ahuad.png","datePublished":"2023-03-17T01:42:08+00:00","breadcrumb":{"@id":"https:\/\/cvinoticias.com\/v3\/rovira-confirmo-que-herrera-ahuad-encabezara-la-lista-de-diputados-provinciales-renovadores\/#breadcrumb"},"inLanguage":"es","potentialAction":[{"@type":"ReadAction","target":["https:\/\/cvinoticias.com\/v3\/rovira-confirmo-que-herrera-ahuad-encabezara-la-lista-de-diputados-provinciales-renovadores\/"]}]},{"@type":"ImageObject","inLanguage":"es","@id":"https:\/\/cvinoticias.com\/v3\/rovira-confirmo-que-herrera-ahuad-encabezara-la-lista-de-diputados-provinciales-renovadores\/#primaryimage","url":"https:\/\/cvinoticias.com\/wp-content\/uploads\/2023\/03\/herrera-ahuad.png","contentUrl":"https:\/\/cvinoticias.com\/wp-content\/uploads\/2023\/03\/herrera-ahuad.png","width":500,"height":300},{"@type":"BreadcrumbList","@id":"https:\/\/cvinoticias.com\/v3\/rovira-confirmo-que-herrera-ahuad-encabezara-la-lista-de-diputados-provinciales-renovadores\/#breadcrumb","itemListElement":[{"@type":"ListItem","position":1,"name":"Portada","item":"https:\/\/cvinoticias.com\/v3\/"},{"@type":"ListItem","position":2,"name":"Rovira confirm\u00f3 que Herrera Ahuad encabezar\u00e1 la lista de diputados provinciales renovadores"}]},{"@type":"WebSite","@id":"https:\/\/cvinoticias.com\/v3\/#website","url":"https:\/\/cvinoticias.com\/v3\/","name":"CVI NOTICIAS","description":"","publisher":{"@id":"https:\/\/cvinoticias.com\/v3\/#organization"},"alternateName":"CVI","potentialAction":[{"@type":"SearchAction","target":{"@type":"EntryPoint","urlTemplate":"https:\/\/cvinoticias.com\/v3\/?s={search_term_string}"},"query-input":{"@type":"PropertyValueSpecification","valueRequired":true,"valueName":"search_term_string"}}],"inLanguage":"es"},{"@type":"Organization","@id":"https:\/\/cvinoticias.com\/v3\/#organization","name":"CVI NOTICIAS","url":"https:\/\/cvinoticias.com\/v3\/","logo":{"@type":"ImageObject","inLanguage":"es","@id":"https:\/\/cvinoticias.com\/v3\/#\/schema\/logo\/image\/","url":"https:\/\/cvinoticias.com\/wp-content\/uploads\/2023\/04\/cropped-cropped-cropped-cropped-cropped-3-1.png","contentUrl":"https:\/\/cvinoticias.com\/wp-content\/uploads\/2023\/04\/cropped-cropped-cropped-cropped-cropped-3-1.png","width":95,"height":122,"caption":"CVI NOTICIAS"},"image":{"@id":"https:\/\/cvinoticias.com\/v3\/#\/schema\/logo\/image\/"},"sameAs":["https:\/\/www.facebook.com\/cvinoticias","https:\/\/www.instagram.com\/cvinoticias\/","https:\/\/www.youtube.com\/@CVINOTICIAS"]},{"@type":"Person","@id":"https:\/\/cvinoticias.com\/v3\/#\/schema\/person\/2db77e3c6bc03c538495d7b2b8be9b66","name":"f1000024","image":{"@type":"ImageObject","inLanguage":"es","@id":"https:\/\/secure.gravatar.com\/avatar\/d4fe7459cfc51ff5129ce1a732bbef5928568b8092d412ef95611616376bbeed?s=96&d=mm&r=g","url":"https:\/\/secure.gravatar.com\/avatar\/d4fe7459cfc51ff5129ce1a732bbef5928568b8092d412ef95611616376bbeed?s=96&d=mm&r=g","contentUrl":"https:\/\/secure.gravatar.com\/avatar\/d4fe7459cfc51ff5129ce1a732bbef5928568b8092d412ef95611616376bbeed?s=96&d=mm&r=g","caption":"f1000024"},"url":"https:\/\/cvinoticias.com\/v3\/author\/f1000024\/"}]}},"_links":{"self":[{"href":"https:\/\/cvinoticias.com\/v3\/wp-json\/wp\/v2\/posts\/23356","targetHints":{"allow":["GET"]}}],"collection":[{"href":"https:\/\/cvinoticias.com\/v3\/wp-json\/wp\/v2\/posts"}],"about":[{"href":"https:\/\/cvinoticias.com\/v3\/wp-json\/wp\/v2\/types\/post"}],"author":[{"embeddable":true,"href":"https:\/\/cvinoticias.com\/v3\/wp-json\/wp\/v2\/users\/2"}],"replies":[{"embeddable":true,"href":"https:\/\/cvinoticias.com\/v3\/wp-json\/wp\/v2\/comments?post=23356"}],"version-history":[{"count":1,"href":"https:\/\/cvinoticias.com\/v3\/wp-json\/wp\/v2\/posts\/23356\/revisions"}],"predecessor-version":[{"id":23358,"href":"https:\/\/cvinoticias.com\/v3\/wp-json\/wp\/v2\/posts\/23356\/revisions\/23358"}],"wp:featuredmedia":[{"embeddable":true,"href":"https:\/\/cvinoticias.com\/v3\/wp-json\/wp\/v2\/media\/23357"}],"wp:attachment":[{"href":"https:\/\/cvinoticias.com\/v3\/wp-json\/wp\/v2\/media?parent=23356"}],"wp:term":[{"taxonomy":"category","embeddable":true,"href":"https:\/\/cvinoticias.com\/v3\/wp-json\/wp\/v2\/categories?post=23356"},{"taxonomy":"post_tag","embeddable":true,"href":"https:\/\/cvinoticias.com\/v3\/wp-json\/wp\/v2\/tags?post=23356"}],"curies":[{"name":"wp","href":"https:\/\/api.w.org\/{rel}","templated":true}]}}