{"id":23339,"date":"2023-03-16T12:17:37","date_gmt":"2023-03-16T12:17:37","guid":{"rendered":"https:\/\/cvinoticias.com\/v3\/?p=23339"},"modified":"2023-03-16T12:17:37","modified_gmt":"2023-03-16T12:17:37","slug":"declaran-oficialmente-la-finalizacion-de-la-nina-que-trajo-la-sequia","status":"publish","type":"post","link":"https:\/\/cvinoticias.com\/v3\/declaran-oficialmente-la-finalizacion-de-la-nina-que-trajo-la-sequia\/","title":{"rendered":"Declaran oficialmente la finalizaci\u00f3n de \u00abLa Ni\u00f1a\u00bb que trajo la sequ\u00eda"},"content":{"rendered":"\n<p><strong><em>Durante 32 meses gener\u00f3 una fase seca del ciclo clim\u00e1tico que afect\u00f3 la producci\u00f3n agr\u00edcola, industrial y ganadera.<\/em><\/strong><\/p>\n\n\n\n<p>La Secretar\u00eda de Agricultura inform\u00f3 este mi\u00e9rcoles que se \u00abha declarado oficialmente la finalizaci\u00f3n del evento La Ni\u00f1a\u00bb, la fase seca del ciclo clim\u00e1tico que en determinadas regiones de la Argentina se extendi\u00f3 por espacio de 32 meses afectando a la producci\u00f3n industrial y agr\u00edcola ganadera.<\/p>\n\n\n\n<p>As\u00ed se detall\u00f3 en el \u00faltimo informe elaborado por la Mesa Nacional de Monitoreo de Sequ\u00edas, conformada por diferentes organismos p\u00fablicos.<\/p>\n\n\n\n<p>Ah\u00ed se detalla que durante febrero se increment\u00f3 en m\u00e1s de un mill\u00f3n de hect\u00e1reas la superficie total afectada por sequ\u00edas, y en 19 millones las hect\u00e1reas en categor\u00eda \u00absevera\u00bb.<\/p>\n\n\n\n<p>Las provincias con nivel severo de sequ\u00eda son Santa Fe y Entre R\u00edos en su totalidad; Chaco, Formosa, Corrientes (Noroeste Argentino -NOA-); el este de Santiago del Estero y de C\u00f3rdoba; y el centro y norte de la provincia de Buenos Aires.<\/p>\n\n\n\n<p>Respecto a la finalizaci\u00f3n de La Ni\u00f1a, se se\u00f1al\u00f3 que los indicadores oce\u00e1nico y atmosf\u00e9rico \u00abpresentan valores dentro del rango de neutralidad\u00bb, en tanto \u00abel pron\u00f3stico indica una muy alta probabilidad a que se mantenga la fase neutral al menos hasta el inicio del invierno austral\u00bb.<\/p>\n\n\n\n<p>Este fen\u00f3meno afect\u00f3 por espacio de hasta 32 meses a las distintas regiones del pa\u00eds, un per\u00edodo que abarc\u00f3 a tres campa\u00f1as de producci\u00f3n seguidas.<\/p>\n\n\n\n<p>En el Noreste Argentino (NEA), comprendido por Santiago del Estero, este de Salta y de Jujuy, y Tucum\u00e1n, La Ni\u00f1a permaneci\u00f3 por 32 meses y registr\u00f3 una \u00abafectaci\u00f3n muy fuerte en ganader\u00eda con problemas de abastecimiento de agua para bebida animal\u00bb, y un \u00abimpacto en cultivos de verano y en frutales\u00bb, dice el relevamiento.<\/p>\n\n\n\n<p>En el NOA la duraci\u00f3n de la fase seca fue de 30 meses e incidi\u00f3 en \u00abcultivos de soja y ma\u00edz, ca\u00f1a de az\u00facar y en ganader\u00eda\u00bb.<\/p>\n\n\n\n<p>La regi\u00f3n Centro la padeci\u00f3 por 16 meses y qued\u00f3 en la categor\u00eda de \u00absequ\u00eda severa\u00bb, sufriendo afectaciones \u00aben cultivos tempranos y tard\u00edos\u00bb y un \u00abimpacto en horticultura, frutales, animales de granja\u00bb.<\/p>\n\n\n\n<p>En Cuyo (Mendoza y San Luis), la sequ\u00eda se consider\u00f3 \u00ableve\u00bb, seg\u00fan el informe, pero permaneci\u00f3 24 meses y trajo problemas \u00aben ganader\u00eda, niveles de diques bajos, restricciones en agua de riego\u00bb.<\/p>\n\n\n\n<p>Finalmente, en La Patagonia (Santa Cruz, norte de Tierra del Fuego y zona cordillerana de Neuqu\u00e9n, R\u00edo Negro y Chubut), La Ni\u00f1a estuvo vigente ocho meses y produjo una \u00abmerma en pastizales\u00bb e \u00abincremento de incendios\u00bb.<\/p>\n\n\n\n<p>El informe advierte \u00abun empeoramiento de las condiciones en \u00e1reas que ya estaban afectadas, lo cual se refleja un incremento del impacto sobre sistemas ganaderos, cultivos y poblaci\u00f3n\u00bb.<\/p>\n\n\n\n<p>El estudio avizora lluvias para el norte del \u00e1rea afectada por sequ\u00eda severa, de entre 20 y 40 mil\u00edmetros (mm), para la corriente semana, del 14 al 20 de marzo, y de 20 a 60 mm para la del 21 al 27 del mismo mes.<\/p>\n\n\n\n<p>Hacia el sur del \u00e1rea en sequ\u00eda severa los mayores valores de precipitaci\u00f3n acumulada se podr\u00edan registrar en la pr\u00f3xima semana (20 a 40 mm).<\/p>\n","protected":false},"excerpt":{"rendered":"<p>Durante 32 meses gener\u00f3 una fase seca del ciclo clim\u00e1tico que afect\u00f3 la producci\u00f3n agr\u00edcola, industrial y ganadera. La Secretar\u00eda de Agricultura inform\u00f3 este mi\u00e9rcoles que se \u00abha declarado oficialmente la finalizaci\u00f3n del evento La Ni\u00f1a\u00bb, la fase seca del ciclo clim\u00e1tico que en determinadas regiones de la Argentina se extendi\u00f3 por espacio de 32 [&hellip;]<\/p>\n","protected":false},"author":2,"featured_media":23340,"comment_status":"open","ping_status":"open","sticky":false,"template":"","format":"standard","meta":{"footnotes":""},"categories":[35],"tags":[],"class_list":["post-23339","post","type-post","status-publish","format-standard","has-post-thumbnail","hentry","category-informacion-general"],"yoast_head":"<!-- This site is optimized with the Yoast SEO plugin v27.4 - https:\/\/yoast.com\/product\/yoast-seo-wordpress\/ -->\n<title>Declaran oficialmente la finalizaci\u00f3n de &quot;La Ni\u00f1a&quot; que trajo la sequ\u00eda | CVI NOTICIAS<\/title>\n<meta name=\"robots\" content=\"index, follow, max-snippet:-1, max-image-preview:large, max-video-preview:-1\" \/>\n<link rel=\"canonical\" href=\"https:\/\/cvinoticias.com\/v3\/declaran-oficialmente-la-finalizacion-de-la-nina-que-trajo-la-sequia\/\" \/>\n<meta property=\"og:locale\" content=\"es_ES\" \/>\n<meta property=\"og:type\" content=\"article\" \/>\n<meta property=\"og:title\" content=\"Declaran oficialmente la finalizaci\u00f3n de &quot;La Ni\u00f1a&quot; que trajo la sequ\u00eda | CVI NOTICIAS\" \/>\n<meta property=\"og:description\" content=\"Durante 32 meses gener\u00f3 una fase seca del ciclo clim\u00e1tico que afect\u00f3 la producci\u00f3n agr\u00edcola, industrial y ganadera. La Secretar\u00eda de Agricultura inform\u00f3 este mi\u00e9rcoles que se \u00abha declarado oficialmente la finalizaci\u00f3n del evento La Ni\u00f1a\u00bb, la fase seca del ciclo clim\u00e1tico que en determinadas regiones de la Argentina se extendi\u00f3 por espacio de 32 [&hellip;]\" \/>\n<meta property=\"og:url\" content=\"https:\/\/cvinoticias.com\/v3\/declaran-oficialmente-la-finalizacion-de-la-nina-que-trajo-la-sequia\/\" \/>\n<meta property=\"og:site_name\" content=\"CVI NOTICIAS\" \/>\n<meta property=\"article:publisher\" content=\"https:\/\/www.facebook.com\/cvinoticias\" \/>\n<meta property=\"article:published_time\" content=\"2023-03-16T12:17:37+00:00\" \/>\n<meta property=\"og:image\" content=\"https:\/\/cvinoticias.com\/wp-content\/uploads\/2023\/03\/Screenshot_20230316-091709_Facebook.jpg\" \/>\n\t<meta property=\"og:image:width\" content=\"1078\" \/>\n\t<meta property=\"og:image:height\" content=\"552\" \/>\n\t<meta property=\"og:image:type\" content=\"image\/jpeg\" \/>\n<meta name=\"author\" content=\"f1000024\" \/>\n<meta name=\"twitter:card\" content=\"summary_large_image\" \/>\n<meta name=\"twitter:label1\" content=\"Escrito por\" \/>\n\t<meta name=\"twitter:data1\" content=\"f1000024\" \/>\n\t<meta name=\"twitter:label2\" content=\"Tiempo de lectura\" \/>\n\t<meta name=\"twitter:data2\" content=\"3 minutos\" \/>\n<script type=\"application\/ld+json\" class=\"yoast-schema-graph\">{\"@context\":\"https:\\\/\\\/schema.org\",\"@graph\":[{\"@type\":\"Article\",\"@id\":\"https:\\\/\\\/cvinoticias.com\\\/v3\\\/declaran-oficialmente-la-finalizacion-de-la-nina-que-trajo-la-sequia\\\/#article\",\"isPartOf\":{\"@id\":\"https:\\\/\\\/cvinoticias.com\\\/v3\\\/declaran-oficialmente-la-finalizacion-de-la-nina-que-trajo-la-sequia\\\/\"},\"author\":{\"name\":\"f1000024\",\"@id\":\"https:\\\/\\\/cvinoticias.com\\\/v3\\\/#\\\/schema\\\/person\\\/2db77e3c6bc03c538495d7b2b8be9b66\"},\"headline\":\"Declaran oficialmente la finalizaci\u00f3n de \u00abLa Ni\u00f1a\u00bb que trajo la sequ\u00eda\",\"datePublished\":\"2023-03-16T12:17:37+00:00\",\"mainEntityOfPage\":{\"@id\":\"https:\\\/\\\/cvinoticias.com\\\/v3\\\/declaran-oficialmente-la-finalizacion-de-la-nina-que-trajo-la-sequia\\\/\"},\"wordCount\":561,\"commentCount\":0,\"publisher\":{\"@id\":\"https:\\\/\\\/cvinoticias.com\\\/v3\\\/#organization\"},\"image\":{\"@id\":\"https:\\\/\\\/cvinoticias.com\\\/v3\\\/declaran-oficialmente-la-finalizacion-de-la-nina-que-trajo-la-sequia\\\/#primaryimage\"},\"thumbnailUrl\":\"https:\\\/\\\/cvinoticias.com\\\/wp-content\\\/uploads\\\/2023\\\/03\\\/Screenshot_20230316-091709_Facebook.jpg\",\"articleSection\":[\"Informaci\u00f3n General\"],\"inLanguage\":\"es\",\"potentialAction\":[{\"@type\":\"CommentAction\",\"name\":\"Comment\",\"target\":[\"https:\\\/\\\/cvinoticias.com\\\/v3\\\/declaran-oficialmente-la-finalizacion-de-la-nina-que-trajo-la-sequia\\\/#respond\"]}]},{\"@type\":\"WebPage\",\"@id\":\"https:\\\/\\\/cvinoticias.com\\\/v3\\\/declaran-oficialmente-la-finalizacion-de-la-nina-que-trajo-la-sequia\\\/\",\"url\":\"https:\\\/\\\/cvinoticias.com\\\/v3\\\/declaran-oficialmente-la-finalizacion-de-la-nina-que-trajo-la-sequia\\\/\",\"name\":\"Declaran oficialmente la finalizaci\u00f3n de \\\"La Ni\u00f1a\\\" que trajo la sequ\u00eda | CVI NOTICIAS\",\"isPartOf\":{\"@id\":\"https:\\\/\\\/cvinoticias.com\\\/v3\\\/#website\"},\"primaryImageOfPage\":{\"@id\":\"https:\\\/\\\/cvinoticias.com\\\/v3\\\/declaran-oficialmente-la-finalizacion-de-la-nina-que-trajo-la-sequia\\\/#primaryimage\"},\"image\":{\"@id\":\"https:\\\/\\\/cvinoticias.com\\\/v3\\\/declaran-oficialmente-la-finalizacion-de-la-nina-que-trajo-la-sequia\\\/#primaryimage\"},\"thumbnailUrl\":\"https:\\\/\\\/cvinoticias.com\\\/wp-content\\\/uploads\\\/2023\\\/03\\\/Screenshot_20230316-091709_Facebook.jpg\",\"datePublished\":\"2023-03-16T12:17:37+00:00\",\"breadcrumb\":{\"@id\":\"https:\\\/\\\/cvinoticias.com\\\/v3\\\/declaran-oficialmente-la-finalizacion-de-la-nina-que-trajo-la-sequia\\\/#breadcrumb\"},\"inLanguage\":\"es\",\"potentialAction\":[{\"@type\":\"ReadAction\",\"target\":[\"https:\\\/\\\/cvinoticias.com\\\/v3\\\/declaran-oficialmente-la-finalizacion-de-la-nina-que-trajo-la-sequia\\\/\"]}]},{\"@type\":\"ImageObject\",\"inLanguage\":\"es\",\"@id\":\"https:\\\/\\\/cvinoticias.com\\\/v3\\\/declaran-oficialmente-la-finalizacion-de-la-nina-que-trajo-la-sequia\\\/#primaryimage\",\"url\":\"https:\\\/\\\/cvinoticias.com\\\/wp-content\\\/uploads\\\/2023\\\/03\\\/Screenshot_20230316-091709_Facebook.jpg\",\"contentUrl\":\"https:\\\/\\\/cvinoticias.com\\\/wp-content\\\/uploads\\\/2023\\\/03\\\/Screenshot_20230316-091709_Facebook.jpg\",\"width\":1078,\"height\":552},{\"@type\":\"BreadcrumbList\",\"@id\":\"https:\\\/\\\/cvinoticias.com\\\/v3\\\/declaran-oficialmente-la-finalizacion-de-la-nina-que-trajo-la-sequia\\\/#breadcrumb\",\"itemListElement\":[{\"@type\":\"ListItem\",\"position\":1,\"name\":\"Portada\",\"item\":\"https:\\\/\\\/cvinoticias.com\\\/v3\\\/\"},{\"@type\":\"ListItem\",\"position\":2,\"name\":\"Declaran oficialmente la finalizaci\u00f3n de \u00abLa Ni\u00f1a\u00bb que trajo la sequ\u00eda\"}]},{\"@type\":\"WebSite\",\"@id\":\"https:\\\/\\\/cvinoticias.com\\\/v3\\\/#website\",\"url\":\"https:\\\/\\\/cvinoticias.com\\\/v3\\\/\",\"name\":\"CVI NOTICIAS\",\"description\":\"\",\"publisher\":{\"@id\":\"https:\\\/\\\/cvinoticias.com\\\/v3\\\/#organization\"},\"alternateName\":\"CVI\",\"potentialAction\":[{\"@type\":\"SearchAction\",\"target\":{\"@type\":\"EntryPoint\",\"urlTemplate\":\"https:\\\/\\\/cvinoticias.com\\\/v3\\\/?s={search_term_string}\"},\"query-input\":{\"@type\":\"PropertyValueSpecification\",\"valueRequired\":true,\"valueName\":\"search_term_string\"}}],\"inLanguage\":\"es\"},{\"@type\":\"Organization\",\"@id\":\"https:\\\/\\\/cvinoticias.com\\\/v3\\\/#organization\",\"name\":\"CVI NOTICIAS\",\"url\":\"https:\\\/\\\/cvinoticias.com\\\/v3\\\/\",\"logo\":{\"@type\":\"ImageObject\",\"inLanguage\":\"es\",\"@id\":\"https:\\\/\\\/cvinoticias.com\\\/v3\\\/#\\\/schema\\\/logo\\\/image\\\/\",\"url\":\"https:\\\/\\\/cvinoticias.com\\\/wp-content\\\/uploads\\\/2023\\\/04\\\/cropped-cropped-cropped-cropped-cropped-3-1.png\",\"contentUrl\":\"https:\\\/\\\/cvinoticias.com\\\/wp-content\\\/uploads\\\/2023\\\/04\\\/cropped-cropped-cropped-cropped-cropped-3-1.png\",\"width\":95,\"height\":122,\"caption\":\"CVI NOTICIAS\"},\"image\":{\"@id\":\"https:\\\/\\\/cvinoticias.com\\\/v3\\\/#\\\/schema\\\/logo\\\/image\\\/\"},\"sameAs\":[\"https:\\\/\\\/www.facebook.com\\\/cvinoticias\",\"https:\\\/\\\/www.instagram.com\\\/cvinoticias\\\/\",\"https:\\\/\\\/www.youtube.com\\\/@CVINOTICIAS\"]},{\"@type\":\"Person\",\"@id\":\"https:\\\/\\\/cvinoticias.com\\\/v3\\\/#\\\/schema\\\/person\\\/2db77e3c6bc03c538495d7b2b8be9b66\",\"name\":\"f1000024\",\"image\":{\"@type\":\"ImageObject\",\"inLanguage\":\"es\",\"@id\":\"https:\\\/\\\/secure.gravatar.com\\\/avatar\\\/d4fe7459cfc51ff5129ce1a732bbef5928568b8092d412ef95611616376bbeed?s=96&d=mm&r=g\",\"url\":\"https:\\\/\\\/secure.gravatar.com\\\/avatar\\\/d4fe7459cfc51ff5129ce1a732bbef5928568b8092d412ef95611616376bbeed?s=96&d=mm&r=g\",\"contentUrl\":\"https:\\\/\\\/secure.gravatar.com\\\/avatar\\\/d4fe7459cfc51ff5129ce1a732bbef5928568b8092d412ef95611616376bbeed?s=96&d=mm&r=g\",\"caption\":\"f1000024\"},\"url\":\"https:\\\/\\\/cvinoticias.com\\\/v3\\\/author\\\/f1000024\\\/\"}]}<\/script>\n<!-- \/ Yoast SEO plugin. -->","yoast_head_json":{"title":"Declaran oficialmente la finalizaci\u00f3n de \"La Ni\u00f1a\" que trajo la sequ\u00eda | CVI NOTICIAS","robots":{"index":"index","follow":"follow","max-snippet":"max-snippet:-1","max-image-preview":"max-image-preview:large","max-video-preview":"max-video-preview:-1"},"canonical":"https:\/\/cvinoticias.com\/v3\/declaran-oficialmente-la-finalizacion-de-la-nina-que-trajo-la-sequia\/","og_locale":"es_ES","og_type":"article","og_title":"Declaran oficialmente la finalizaci\u00f3n de \"La Ni\u00f1a\" que trajo la sequ\u00eda | CVI NOTICIAS","og_description":"Durante 32 meses gener\u00f3 una fase seca del ciclo clim\u00e1tico que afect\u00f3 la producci\u00f3n agr\u00edcola, industrial y ganadera. La Secretar\u00eda de Agricultura inform\u00f3 este mi\u00e9rcoles que se \u00abha declarado oficialmente la finalizaci\u00f3n del evento La Ni\u00f1a\u00bb, la fase seca del ciclo clim\u00e1tico que en determinadas regiones de la Argentina se extendi\u00f3 por espacio de 32 [&hellip;]","og_url":"https:\/\/cvinoticias.com\/v3\/declaran-oficialmente-la-finalizacion-de-la-nina-que-trajo-la-sequia\/","og_site_name":"CVI NOTICIAS","article_publisher":"https:\/\/www.facebook.com\/cvinoticias","article_published_time":"2023-03-16T12:17:37+00:00","og_image":[{"width":1078,"height":552,"url":"https:\/\/cvinoticias.com\/wp-content\/uploads\/2023\/03\/Screenshot_20230316-091709_Facebook.jpg","type":"image\/jpeg"}],"author":"f1000024","twitter_card":"summary_large_image","twitter_misc":{"Escrito por":"f1000024","Tiempo de lectura":"3 minutos"},"schema":{"@context":"https:\/\/schema.org","@graph":[{"@type":"Article","@id":"https:\/\/cvinoticias.com\/v3\/declaran-oficialmente-la-finalizacion-de-la-nina-que-trajo-la-sequia\/#article","isPartOf":{"@id":"https:\/\/cvinoticias.com\/v3\/declaran-oficialmente-la-finalizacion-de-la-nina-que-trajo-la-sequia\/"},"author":{"name":"f1000024","@id":"https:\/\/cvinoticias.com\/v3\/#\/schema\/person\/2db77e3c6bc03c538495d7b2b8be9b66"},"headline":"Declaran oficialmente la finalizaci\u00f3n de \u00abLa Ni\u00f1a\u00bb que trajo la sequ\u00eda","datePublished":"2023-03-16T12:17:37+00:00","mainEntityOfPage":{"@id":"https:\/\/cvinoticias.com\/v3\/declaran-oficialmente-la-finalizacion-de-la-nina-que-trajo-la-sequia\/"},"wordCount":561,"commentCount":0,"publisher":{"@id":"https:\/\/cvinoticias.com\/v3\/#organization"},"image":{"@id":"https:\/\/cvinoticias.com\/v3\/declaran-oficialmente-la-finalizacion-de-la-nina-que-trajo-la-sequia\/#primaryimage"},"thumbnailUrl":"https:\/\/cvinoticias.com\/wp-content\/uploads\/2023\/03\/Screenshot_20230316-091709_Facebook.jpg","articleSection":["Informaci\u00f3n General"],"inLanguage":"es","potentialAction":[{"@type":"CommentAction","name":"Comment","target":["https:\/\/cvinoticias.com\/v3\/declaran-oficialmente-la-finalizacion-de-la-nina-que-trajo-la-sequia\/#respond"]}]},{"@type":"WebPage","@id":"https:\/\/cvinoticias.com\/v3\/declaran-oficialmente-la-finalizacion-de-la-nina-que-trajo-la-sequia\/","url":"https:\/\/cvinoticias.com\/v3\/declaran-oficialmente-la-finalizacion-de-la-nina-que-trajo-la-sequia\/","name":"Declaran oficialmente la finalizaci\u00f3n de \"La Ni\u00f1a\" que trajo la sequ\u00eda | CVI NOTICIAS","isPartOf":{"@id":"https:\/\/cvinoticias.com\/v3\/#website"},"primaryImageOfPage":{"@id":"https:\/\/cvinoticias.com\/v3\/declaran-oficialmente-la-finalizacion-de-la-nina-que-trajo-la-sequia\/#primaryimage"},"image":{"@id":"https:\/\/cvinoticias.com\/v3\/declaran-oficialmente-la-finalizacion-de-la-nina-que-trajo-la-sequia\/#primaryimage"},"thumbnailUrl":"https:\/\/cvinoticias.com\/wp-content\/uploads\/2023\/03\/Screenshot_20230316-091709_Facebook.jpg","datePublished":"2023-03-16T12:17:37+00:00","breadcrumb":{"@id":"https:\/\/cvinoticias.com\/v3\/declaran-oficialmente-la-finalizacion-de-la-nina-que-trajo-la-sequia\/#breadcrumb"},"inLanguage":"es","potentialAction":[{"@type":"ReadAction","target":["https:\/\/cvinoticias.com\/v3\/declaran-oficialmente-la-finalizacion-de-la-nina-que-trajo-la-sequia\/"]}]},{"@type":"ImageObject","inLanguage":"es","@id":"https:\/\/cvinoticias.com\/v3\/declaran-oficialmente-la-finalizacion-de-la-nina-que-trajo-la-sequia\/#primaryimage","url":"https:\/\/cvinoticias.com\/wp-content\/uploads\/2023\/03\/Screenshot_20230316-091709_Facebook.jpg","contentUrl":"https:\/\/cvinoticias.com\/wp-content\/uploads\/2023\/03\/Screenshot_20230316-091709_Facebook.jpg","width":1078,"height":552},{"@type":"BreadcrumbList","@id":"https:\/\/cvinoticias.com\/v3\/declaran-oficialmente-la-finalizacion-de-la-nina-que-trajo-la-sequia\/#breadcrumb","itemListElement":[{"@type":"ListItem","position":1,"name":"Portada","item":"https:\/\/cvinoticias.com\/v3\/"},{"@type":"ListItem","position":2,"name":"Declaran oficialmente la finalizaci\u00f3n de \u00abLa Ni\u00f1a\u00bb que trajo la sequ\u00eda"}]},{"@type":"WebSite","@id":"https:\/\/cvinoticias.com\/v3\/#website","url":"https:\/\/cvinoticias.com\/v3\/","name":"CVI NOTICIAS","description":"","publisher":{"@id":"https:\/\/cvinoticias.com\/v3\/#organization"},"alternateName":"CVI","potentialAction":[{"@type":"SearchAction","target":{"@type":"EntryPoint","urlTemplate":"https:\/\/cvinoticias.com\/v3\/?s={search_term_string}"},"query-input":{"@type":"PropertyValueSpecification","valueRequired":true,"valueName":"search_term_string"}}],"inLanguage":"es"},{"@type":"Organization","@id":"https:\/\/cvinoticias.com\/v3\/#organization","name":"CVI NOTICIAS","url":"https:\/\/cvinoticias.com\/v3\/","logo":{"@type":"ImageObject","inLanguage":"es","@id":"https:\/\/cvinoticias.com\/v3\/#\/schema\/logo\/image\/","url":"https:\/\/cvinoticias.com\/wp-content\/uploads\/2023\/04\/cropped-cropped-cropped-cropped-cropped-3-1.png","contentUrl":"https:\/\/cvinoticias.com\/wp-content\/uploads\/2023\/04\/cropped-cropped-cropped-cropped-cropped-3-1.png","width":95,"height":122,"caption":"CVI NOTICIAS"},"image":{"@id":"https:\/\/cvinoticias.com\/v3\/#\/schema\/logo\/image\/"},"sameAs":["https:\/\/www.facebook.com\/cvinoticias","https:\/\/www.instagram.com\/cvinoticias\/","https:\/\/www.youtube.com\/@CVINOTICIAS"]},{"@type":"Person","@id":"https:\/\/cvinoticias.com\/v3\/#\/schema\/person\/2db77e3c6bc03c538495d7b2b8be9b66","name":"f1000024","image":{"@type":"ImageObject","inLanguage":"es","@id":"https:\/\/secure.gravatar.com\/avatar\/d4fe7459cfc51ff5129ce1a732bbef5928568b8092d412ef95611616376bbeed?s=96&d=mm&r=g","url":"https:\/\/secure.gravatar.com\/avatar\/d4fe7459cfc51ff5129ce1a732bbef5928568b8092d412ef95611616376bbeed?s=96&d=mm&r=g","contentUrl":"https:\/\/secure.gravatar.com\/avatar\/d4fe7459cfc51ff5129ce1a732bbef5928568b8092d412ef95611616376bbeed?s=96&d=mm&r=g","caption":"f1000024"},"url":"https:\/\/cvinoticias.com\/v3\/author\/f1000024\/"}]}},"_links":{"self":[{"href":"https:\/\/cvinoticias.com\/v3\/wp-json\/wp\/v2\/posts\/23339","targetHints":{"allow":["GET"]}}],"collection":[{"href":"https:\/\/cvinoticias.com\/v3\/wp-json\/wp\/v2\/posts"}],"about":[{"href":"https:\/\/cvinoticias.com\/v3\/wp-json\/wp\/v2\/types\/post"}],"author":[{"embeddable":true,"href":"https:\/\/cvinoticias.com\/v3\/wp-json\/wp\/v2\/users\/2"}],"replies":[{"embeddable":true,"href":"https:\/\/cvinoticias.com\/v3\/wp-json\/wp\/v2\/comments?post=23339"}],"version-history":[{"count":1,"href":"https:\/\/cvinoticias.com\/v3\/wp-json\/wp\/v2\/posts\/23339\/revisions"}],"predecessor-version":[{"id":23341,"href":"https:\/\/cvinoticias.com\/v3\/wp-json\/wp\/v2\/posts\/23339\/revisions\/23341"}],"wp:featuredmedia":[{"embeddable":true,"href":"https:\/\/cvinoticias.com\/v3\/wp-json\/wp\/v2\/media\/23340"}],"wp:attachment":[{"href":"https:\/\/cvinoticias.com\/v3\/wp-json\/wp\/v2\/media?parent=23339"}],"wp:term":[{"taxonomy":"category","embeddable":true,"href":"https:\/\/cvinoticias.com\/v3\/wp-json\/wp\/v2\/categories?post=23339"},{"taxonomy":"post_tag","embeddable":true,"href":"https:\/\/cvinoticias.com\/v3\/wp-json\/wp\/v2\/tags?post=23339"}],"curies":[{"name":"wp","href":"https:\/\/api.w.org\/{rel}","templated":true}]}}