{"id":23336,"date":"2023-03-16T12:07:53","date_gmt":"2023-03-16T12:07:53","guid":{"rendered":"https:\/\/cvinoticias.com\/v3\/?p=23336"},"modified":"2023-03-16T12:07:53","modified_gmt":"2023-03-16T12:07:53","slug":"ypf-aumento-el-precio-de-sus-combustibles-38-en-promedio","status":"publish","type":"post","link":"https:\/\/cvinoticias.com\/v3\/ypf-aumento-el-precio-de-sus-combustibles-38-en-promedio\/","title":{"rendered":"YPF aument\u00f3 el precio de sus combustibles 3,8% en promedio"},"content":{"rendered":"\n<p><strong><em>La compa\u00f1\u00eda YPF inform\u00f3 ayer que aumenta el precio de sus combustibles un 3,8% promedio, a partir de las 0 del jueves 16 de marzo, seg\u00fan un comunicado de la empresa.<\/em><\/strong><\/p>\n\n\n\n<p>\u00abEste ajuste contribuye a compensar la variaci\u00f3n del tipo de cambio oficial, los mayores costos log\u00edsticos y de operaci\u00f3n, y el aumento de precios de los biocombustibles\u00bb, indic\u00f3 la petrolera.<br>De esta manera, YPF se suma a la compa\u00f1\u00eda Shell quien dispuso un aumento de su productos ayer a la ma\u00f1ana.<\/p>\n\n\n\n<p>Shell aument\u00f3 un 3,8% el valor de sus naftas y gasoil a partir del primer minuto del mi\u00e9rcoles, en consonancia con lo acordado con el Gobierno, en el marco del programa Precios Justos para los combustibles que fij\u00f3 topes para los incrementos del sector.<\/p>\n\n\n\n<p>El programa preve\u00eda un sendero de incrementos de precios de 4% para diciembre, 4% para enero, 4% para febrero y 3,8% para marzo.<\/p>\n","protected":false},"excerpt":{"rendered":"<p>La compa\u00f1\u00eda YPF inform\u00f3 ayer que aumenta el precio de sus combustibles un 3,8% promedio, a partir de las 0 del jueves 16 de marzo, seg\u00fan un comunicado de la empresa. \u00abEste ajuste contribuye a compensar la variaci\u00f3n del tipo de cambio oficial, los mayores costos log\u00edsticos y de operaci\u00f3n, y el aumento de precios [&hellip;]<\/p>\n","protected":false},"author":2,"featured_media":23337,"comment_status":"open","ping_status":"open","sticky":false,"template":"","format":"standard","meta":{"footnotes":""},"categories":[35],"tags":[],"class_list":["post-23336","post","type-post","status-publish","format-standard","has-post-thumbnail","hentry","category-informacion-general"],"yoast_head":"<!-- This site is optimized with the Yoast SEO plugin v27.4 - https:\/\/yoast.com\/product\/yoast-seo-wordpress\/ -->\n<title>YPF aument\u00f3 el precio de sus combustibles 3,8% en promedio | CVI NOTICIAS<\/title>\n<meta name=\"robots\" content=\"index, follow, max-snippet:-1, max-image-preview:large, max-video-preview:-1\" \/>\n<link rel=\"canonical\" href=\"https:\/\/cvinoticias.com\/v3\/ypf-aumento-el-precio-de-sus-combustibles-38-en-promedio\/\" \/>\n<meta property=\"og:locale\" content=\"es_ES\" \/>\n<meta property=\"og:type\" content=\"article\" \/>\n<meta property=\"og:title\" content=\"YPF aument\u00f3 el precio de sus combustibles 3,8% en promedio | CVI NOTICIAS\" \/>\n<meta property=\"og:description\" content=\"La compa\u00f1\u00eda YPF inform\u00f3 ayer que aumenta el precio de sus combustibles un 3,8% promedio, a partir de las 0 del jueves 16 de marzo, seg\u00fan un comunicado de la empresa. \u00abEste ajuste contribuye a compensar la variaci\u00f3n del tipo de cambio oficial, los mayores costos log\u00edsticos y de operaci\u00f3n, y el aumento de precios [&hellip;]\" \/>\n<meta property=\"og:url\" content=\"https:\/\/cvinoticias.com\/v3\/ypf-aumento-el-precio-de-sus-combustibles-38-en-promedio\/\" \/>\n<meta property=\"og:site_name\" content=\"CVI NOTICIAS\" \/>\n<meta property=\"article:publisher\" content=\"https:\/\/www.facebook.com\/cvinoticias\" \/>\n<meta property=\"article:published_time\" content=\"2023-03-16T12:07:53+00:00\" \/>\n<meta property=\"og:image\" content=\"https:\/\/cvinoticias.com\/wp-content\/uploads\/2023\/03\/6412e8151f14a865700384.jpg\" \/>\n\t<meta property=\"og:image:width\" content=\"790\" \/>\n\t<meta property=\"og:image:height\" content=\"541\" \/>\n\t<meta property=\"og:image:type\" content=\"image\/jpeg\" \/>\n<meta name=\"author\" content=\"f1000024\" \/>\n<meta name=\"twitter:card\" content=\"summary_large_image\" \/>\n<meta name=\"twitter:label1\" content=\"Escrito por\" \/>\n\t<meta name=\"twitter:data1\" content=\"f1000024\" \/>\n\t<meta name=\"twitter:label2\" content=\"Tiempo de lectura\" \/>\n\t<meta name=\"twitter:data2\" content=\"1 minuto\" \/>\n<script type=\"application\/ld+json\" class=\"yoast-schema-graph\">{\"@context\":\"https:\\\/\\\/schema.org\",\"@graph\":[{\"@type\":\"Article\",\"@id\":\"https:\\\/\\\/cvinoticias.com\\\/v3\\\/ypf-aumento-el-precio-de-sus-combustibles-38-en-promedio\\\/#article\",\"isPartOf\":{\"@id\":\"https:\\\/\\\/cvinoticias.com\\\/v3\\\/ypf-aumento-el-precio-de-sus-combustibles-38-en-promedio\\\/\"},\"author\":{\"name\":\"f1000024\",\"@id\":\"https:\\\/\\\/cvinoticias.com\\\/v3\\\/#\\\/schema\\\/person\\\/2db77e3c6bc03c538495d7b2b8be9b66\"},\"headline\":\"YPF aument\u00f3 el precio de sus combustibles 3,8% en promedio\",\"datePublished\":\"2023-03-16T12:07:53+00:00\",\"mainEntityOfPage\":{\"@id\":\"https:\\\/\\\/cvinoticias.com\\\/v3\\\/ypf-aumento-el-precio-de-sus-combustibles-38-en-promedio\\\/\"},\"wordCount\":159,\"commentCount\":0,\"publisher\":{\"@id\":\"https:\\\/\\\/cvinoticias.com\\\/v3\\\/#organization\"},\"image\":{\"@id\":\"https:\\\/\\\/cvinoticias.com\\\/v3\\\/ypf-aumento-el-precio-de-sus-combustibles-38-en-promedio\\\/#primaryimage\"},\"thumbnailUrl\":\"https:\\\/\\\/cvinoticias.com\\\/wp-content\\\/uploads\\\/2023\\\/03\\\/6412e8151f14a865700384.jpg\",\"articleSection\":[\"Informaci\u00f3n General\"],\"inLanguage\":\"es\",\"potentialAction\":[{\"@type\":\"CommentAction\",\"name\":\"Comment\",\"target\":[\"https:\\\/\\\/cvinoticias.com\\\/v3\\\/ypf-aumento-el-precio-de-sus-combustibles-38-en-promedio\\\/#respond\"]}]},{\"@type\":\"WebPage\",\"@id\":\"https:\\\/\\\/cvinoticias.com\\\/v3\\\/ypf-aumento-el-precio-de-sus-combustibles-38-en-promedio\\\/\",\"url\":\"https:\\\/\\\/cvinoticias.com\\\/v3\\\/ypf-aumento-el-precio-de-sus-combustibles-38-en-promedio\\\/\",\"name\":\"YPF aument\u00f3 el precio de sus combustibles 3,8% en promedio | CVI NOTICIAS\",\"isPartOf\":{\"@id\":\"https:\\\/\\\/cvinoticias.com\\\/v3\\\/#website\"},\"primaryImageOfPage\":{\"@id\":\"https:\\\/\\\/cvinoticias.com\\\/v3\\\/ypf-aumento-el-precio-de-sus-combustibles-38-en-promedio\\\/#primaryimage\"},\"image\":{\"@id\":\"https:\\\/\\\/cvinoticias.com\\\/v3\\\/ypf-aumento-el-precio-de-sus-combustibles-38-en-promedio\\\/#primaryimage\"},\"thumbnailUrl\":\"https:\\\/\\\/cvinoticias.com\\\/wp-content\\\/uploads\\\/2023\\\/03\\\/6412e8151f14a865700384.jpg\",\"datePublished\":\"2023-03-16T12:07:53+00:00\",\"breadcrumb\":{\"@id\":\"https:\\\/\\\/cvinoticias.com\\\/v3\\\/ypf-aumento-el-precio-de-sus-combustibles-38-en-promedio\\\/#breadcrumb\"},\"inLanguage\":\"es\",\"potentialAction\":[{\"@type\":\"ReadAction\",\"target\":[\"https:\\\/\\\/cvinoticias.com\\\/v3\\\/ypf-aumento-el-precio-de-sus-combustibles-38-en-promedio\\\/\"]}]},{\"@type\":\"ImageObject\",\"inLanguage\":\"es\",\"@id\":\"https:\\\/\\\/cvinoticias.com\\\/v3\\\/ypf-aumento-el-precio-de-sus-combustibles-38-en-promedio\\\/#primaryimage\",\"url\":\"https:\\\/\\\/cvinoticias.com\\\/wp-content\\\/uploads\\\/2023\\\/03\\\/6412e8151f14a865700384.jpg\",\"contentUrl\":\"https:\\\/\\\/cvinoticias.com\\\/wp-content\\\/uploads\\\/2023\\\/03\\\/6412e8151f14a865700384.jpg\",\"width\":790,\"height\":541},{\"@type\":\"BreadcrumbList\",\"@id\":\"https:\\\/\\\/cvinoticias.com\\\/v3\\\/ypf-aumento-el-precio-de-sus-combustibles-38-en-promedio\\\/#breadcrumb\",\"itemListElement\":[{\"@type\":\"ListItem\",\"position\":1,\"name\":\"Portada\",\"item\":\"https:\\\/\\\/cvinoticias.com\\\/v3\\\/\"},{\"@type\":\"ListItem\",\"position\":2,\"name\":\"YPF aument\u00f3 el precio de sus combustibles 3,8% en promedio\"}]},{\"@type\":\"WebSite\",\"@id\":\"https:\\\/\\\/cvinoticias.com\\\/v3\\\/#website\",\"url\":\"https:\\\/\\\/cvinoticias.com\\\/v3\\\/\",\"name\":\"CVI NOTICIAS\",\"description\":\"\",\"publisher\":{\"@id\":\"https:\\\/\\\/cvinoticias.com\\\/v3\\\/#organization\"},\"alternateName\":\"CVI\",\"potentialAction\":[{\"@type\":\"SearchAction\",\"target\":{\"@type\":\"EntryPoint\",\"urlTemplate\":\"https:\\\/\\\/cvinoticias.com\\\/v3\\\/?s={search_term_string}\"},\"query-input\":{\"@type\":\"PropertyValueSpecification\",\"valueRequired\":true,\"valueName\":\"search_term_string\"}}],\"inLanguage\":\"es\"},{\"@type\":\"Organization\",\"@id\":\"https:\\\/\\\/cvinoticias.com\\\/v3\\\/#organization\",\"name\":\"CVI NOTICIAS\",\"url\":\"https:\\\/\\\/cvinoticias.com\\\/v3\\\/\",\"logo\":{\"@type\":\"ImageObject\",\"inLanguage\":\"es\",\"@id\":\"https:\\\/\\\/cvinoticias.com\\\/v3\\\/#\\\/schema\\\/logo\\\/image\\\/\",\"url\":\"https:\\\/\\\/cvinoticias.com\\\/wp-content\\\/uploads\\\/2023\\\/04\\\/cropped-cropped-cropped-cropped-cropped-3-1.png\",\"contentUrl\":\"https:\\\/\\\/cvinoticias.com\\\/wp-content\\\/uploads\\\/2023\\\/04\\\/cropped-cropped-cropped-cropped-cropped-3-1.png\",\"width\":95,\"height\":122,\"caption\":\"CVI NOTICIAS\"},\"image\":{\"@id\":\"https:\\\/\\\/cvinoticias.com\\\/v3\\\/#\\\/schema\\\/logo\\\/image\\\/\"},\"sameAs\":[\"https:\\\/\\\/www.facebook.com\\\/cvinoticias\",\"https:\\\/\\\/www.instagram.com\\\/cvinoticias\\\/\",\"https:\\\/\\\/www.youtube.com\\\/@CVINOTICIAS\"]},{\"@type\":\"Person\",\"@id\":\"https:\\\/\\\/cvinoticias.com\\\/v3\\\/#\\\/schema\\\/person\\\/2db77e3c6bc03c538495d7b2b8be9b66\",\"name\":\"f1000024\",\"image\":{\"@type\":\"ImageObject\",\"inLanguage\":\"es\",\"@id\":\"https:\\\/\\\/secure.gravatar.com\\\/avatar\\\/d4fe7459cfc51ff5129ce1a732bbef5928568b8092d412ef95611616376bbeed?s=96&d=mm&r=g\",\"url\":\"https:\\\/\\\/secure.gravatar.com\\\/avatar\\\/d4fe7459cfc51ff5129ce1a732bbef5928568b8092d412ef95611616376bbeed?s=96&d=mm&r=g\",\"contentUrl\":\"https:\\\/\\\/secure.gravatar.com\\\/avatar\\\/d4fe7459cfc51ff5129ce1a732bbef5928568b8092d412ef95611616376bbeed?s=96&d=mm&r=g\",\"caption\":\"f1000024\"},\"url\":\"https:\\\/\\\/cvinoticias.com\\\/v3\\\/author\\\/f1000024\\\/\"}]}<\/script>\n<!-- \/ Yoast SEO plugin. -->","yoast_head_json":{"title":"YPF aument\u00f3 el precio de sus combustibles 3,8% en promedio | CVI NOTICIAS","robots":{"index":"index","follow":"follow","max-snippet":"max-snippet:-1","max-image-preview":"max-image-preview:large","max-video-preview":"max-video-preview:-1"},"canonical":"https:\/\/cvinoticias.com\/v3\/ypf-aumento-el-precio-de-sus-combustibles-38-en-promedio\/","og_locale":"es_ES","og_type":"article","og_title":"YPF aument\u00f3 el precio de sus combustibles 3,8% en promedio | CVI NOTICIAS","og_description":"La compa\u00f1\u00eda YPF inform\u00f3 ayer que aumenta el precio de sus combustibles un 3,8% promedio, a partir de las 0 del jueves 16 de marzo, seg\u00fan un comunicado de la empresa. \u00abEste ajuste contribuye a compensar la variaci\u00f3n del tipo de cambio oficial, los mayores costos log\u00edsticos y de operaci\u00f3n, y el aumento de precios [&hellip;]","og_url":"https:\/\/cvinoticias.com\/v3\/ypf-aumento-el-precio-de-sus-combustibles-38-en-promedio\/","og_site_name":"CVI NOTICIAS","article_publisher":"https:\/\/www.facebook.com\/cvinoticias","article_published_time":"2023-03-16T12:07:53+00:00","og_image":[{"width":790,"height":541,"url":"https:\/\/cvinoticias.com\/wp-content\/uploads\/2023\/03\/6412e8151f14a865700384.jpg","type":"image\/jpeg"}],"author":"f1000024","twitter_card":"summary_large_image","twitter_misc":{"Escrito por":"f1000024","Tiempo de lectura":"1 minuto"},"schema":{"@context":"https:\/\/schema.org","@graph":[{"@type":"Article","@id":"https:\/\/cvinoticias.com\/v3\/ypf-aumento-el-precio-de-sus-combustibles-38-en-promedio\/#article","isPartOf":{"@id":"https:\/\/cvinoticias.com\/v3\/ypf-aumento-el-precio-de-sus-combustibles-38-en-promedio\/"},"author":{"name":"f1000024","@id":"https:\/\/cvinoticias.com\/v3\/#\/schema\/person\/2db77e3c6bc03c538495d7b2b8be9b66"},"headline":"YPF aument\u00f3 el precio de sus combustibles 3,8% en promedio","datePublished":"2023-03-16T12:07:53+00:00","mainEntityOfPage":{"@id":"https:\/\/cvinoticias.com\/v3\/ypf-aumento-el-precio-de-sus-combustibles-38-en-promedio\/"},"wordCount":159,"commentCount":0,"publisher":{"@id":"https:\/\/cvinoticias.com\/v3\/#organization"},"image":{"@id":"https:\/\/cvinoticias.com\/v3\/ypf-aumento-el-precio-de-sus-combustibles-38-en-promedio\/#primaryimage"},"thumbnailUrl":"https:\/\/cvinoticias.com\/wp-content\/uploads\/2023\/03\/6412e8151f14a865700384.jpg","articleSection":["Informaci\u00f3n General"],"inLanguage":"es","potentialAction":[{"@type":"CommentAction","name":"Comment","target":["https:\/\/cvinoticias.com\/v3\/ypf-aumento-el-precio-de-sus-combustibles-38-en-promedio\/#respond"]}]},{"@type":"WebPage","@id":"https:\/\/cvinoticias.com\/v3\/ypf-aumento-el-precio-de-sus-combustibles-38-en-promedio\/","url":"https:\/\/cvinoticias.com\/v3\/ypf-aumento-el-precio-de-sus-combustibles-38-en-promedio\/","name":"YPF aument\u00f3 el precio de sus combustibles 3,8% en promedio | CVI NOTICIAS","isPartOf":{"@id":"https:\/\/cvinoticias.com\/v3\/#website"},"primaryImageOfPage":{"@id":"https:\/\/cvinoticias.com\/v3\/ypf-aumento-el-precio-de-sus-combustibles-38-en-promedio\/#primaryimage"},"image":{"@id":"https:\/\/cvinoticias.com\/v3\/ypf-aumento-el-precio-de-sus-combustibles-38-en-promedio\/#primaryimage"},"thumbnailUrl":"https:\/\/cvinoticias.com\/wp-content\/uploads\/2023\/03\/6412e8151f14a865700384.jpg","datePublished":"2023-03-16T12:07:53+00:00","breadcrumb":{"@id":"https:\/\/cvinoticias.com\/v3\/ypf-aumento-el-precio-de-sus-combustibles-38-en-promedio\/#breadcrumb"},"inLanguage":"es","potentialAction":[{"@type":"ReadAction","target":["https:\/\/cvinoticias.com\/v3\/ypf-aumento-el-precio-de-sus-combustibles-38-en-promedio\/"]}]},{"@type":"ImageObject","inLanguage":"es","@id":"https:\/\/cvinoticias.com\/v3\/ypf-aumento-el-precio-de-sus-combustibles-38-en-promedio\/#primaryimage","url":"https:\/\/cvinoticias.com\/wp-content\/uploads\/2023\/03\/6412e8151f14a865700384.jpg","contentUrl":"https:\/\/cvinoticias.com\/wp-content\/uploads\/2023\/03\/6412e8151f14a865700384.jpg","width":790,"height":541},{"@type":"BreadcrumbList","@id":"https:\/\/cvinoticias.com\/v3\/ypf-aumento-el-precio-de-sus-combustibles-38-en-promedio\/#breadcrumb","itemListElement":[{"@type":"ListItem","position":1,"name":"Portada","item":"https:\/\/cvinoticias.com\/v3\/"},{"@type":"ListItem","position":2,"name":"YPF aument\u00f3 el precio de sus combustibles 3,8% en promedio"}]},{"@type":"WebSite","@id":"https:\/\/cvinoticias.com\/v3\/#website","url":"https:\/\/cvinoticias.com\/v3\/","name":"CVI NOTICIAS","description":"","publisher":{"@id":"https:\/\/cvinoticias.com\/v3\/#organization"},"alternateName":"CVI","potentialAction":[{"@type":"SearchAction","target":{"@type":"EntryPoint","urlTemplate":"https:\/\/cvinoticias.com\/v3\/?s={search_term_string}"},"query-input":{"@type":"PropertyValueSpecification","valueRequired":true,"valueName":"search_term_string"}}],"inLanguage":"es"},{"@type":"Organization","@id":"https:\/\/cvinoticias.com\/v3\/#organization","name":"CVI NOTICIAS","url":"https:\/\/cvinoticias.com\/v3\/","logo":{"@type":"ImageObject","inLanguage":"es","@id":"https:\/\/cvinoticias.com\/v3\/#\/schema\/logo\/image\/","url":"https:\/\/cvinoticias.com\/wp-content\/uploads\/2023\/04\/cropped-cropped-cropped-cropped-cropped-3-1.png","contentUrl":"https:\/\/cvinoticias.com\/wp-content\/uploads\/2023\/04\/cropped-cropped-cropped-cropped-cropped-3-1.png","width":95,"height":122,"caption":"CVI NOTICIAS"},"image":{"@id":"https:\/\/cvinoticias.com\/v3\/#\/schema\/logo\/image\/"},"sameAs":["https:\/\/www.facebook.com\/cvinoticias","https:\/\/www.instagram.com\/cvinoticias\/","https:\/\/www.youtube.com\/@CVINOTICIAS"]},{"@type":"Person","@id":"https:\/\/cvinoticias.com\/v3\/#\/schema\/person\/2db77e3c6bc03c538495d7b2b8be9b66","name":"f1000024","image":{"@type":"ImageObject","inLanguage":"es","@id":"https:\/\/secure.gravatar.com\/avatar\/d4fe7459cfc51ff5129ce1a732bbef5928568b8092d412ef95611616376bbeed?s=96&d=mm&r=g","url":"https:\/\/secure.gravatar.com\/avatar\/d4fe7459cfc51ff5129ce1a732bbef5928568b8092d412ef95611616376bbeed?s=96&d=mm&r=g","contentUrl":"https:\/\/secure.gravatar.com\/avatar\/d4fe7459cfc51ff5129ce1a732bbef5928568b8092d412ef95611616376bbeed?s=96&d=mm&r=g","caption":"f1000024"},"url":"https:\/\/cvinoticias.com\/v3\/author\/f1000024\/"}]}},"_links":{"self":[{"href":"https:\/\/cvinoticias.com\/v3\/wp-json\/wp\/v2\/posts\/23336","targetHints":{"allow":["GET"]}}],"collection":[{"href":"https:\/\/cvinoticias.com\/v3\/wp-json\/wp\/v2\/posts"}],"about":[{"href":"https:\/\/cvinoticias.com\/v3\/wp-json\/wp\/v2\/types\/post"}],"author":[{"embeddable":true,"href":"https:\/\/cvinoticias.com\/v3\/wp-json\/wp\/v2\/users\/2"}],"replies":[{"embeddable":true,"href":"https:\/\/cvinoticias.com\/v3\/wp-json\/wp\/v2\/comments?post=23336"}],"version-history":[{"count":1,"href":"https:\/\/cvinoticias.com\/v3\/wp-json\/wp\/v2\/posts\/23336\/revisions"}],"predecessor-version":[{"id":23338,"href":"https:\/\/cvinoticias.com\/v3\/wp-json\/wp\/v2\/posts\/23336\/revisions\/23338"}],"wp:featuredmedia":[{"embeddable":true,"href":"https:\/\/cvinoticias.com\/v3\/wp-json\/wp\/v2\/media\/23337"}],"wp:attachment":[{"href":"https:\/\/cvinoticias.com\/v3\/wp-json\/wp\/v2\/media?parent=23336"}],"wp:term":[{"taxonomy":"category","embeddable":true,"href":"https:\/\/cvinoticias.com\/v3\/wp-json\/wp\/v2\/categories?post=23336"},{"taxonomy":"post_tag","embeddable":true,"href":"https:\/\/cvinoticias.com\/v3\/wp-json\/wp\/v2\/tags?post=23336"}],"curies":[{"name":"wp","href":"https:\/\/api.w.org\/{rel}","templated":true}]}}