{"id":23333,"date":"2023-03-16T11:48:07","date_gmt":"2023-03-16T11:48:07","guid":{"rendered":"https:\/\/cvinoticias.com\/v3\/?p=23333"},"modified":"2023-03-16T11:48:07","modified_gmt":"2023-03-16T11:48:07","slug":"salud-creo-comite-para-implementar-la-historia-de-salud-integrada-que-busca-tener-un-archivo-digital","status":"publish","type":"post","link":"https:\/\/cvinoticias.com\/v3\/salud-creo-comite-para-implementar-la-historia-de-salud-integrada-que-busca-tener-un-archivo-digital\/","title":{"rendered":"Salud cre\u00f3 comit\u00e9 para implementar la Historia de Salud Integrada que busca tener un archivo digital"},"content":{"rendered":"\n<p><strong><em>Tiene como objetivo \u00abfomentar la aplicaci\u00f3n de la Historia de Salud Integrada (HSI) en los establecimientos de salud\u00bb.<\/em><\/strong><\/p>\n\n\n\n<p>El Ministerio de Salud cre\u00f3 el Comit\u00e9 de la Historia de Salud Integrada, acompa\u00f1ado por un convenio de adherencia para incentivar a las provincias e instituciones a adherirse a esta modalidad de trabajo que busca contar con un archivo digital sobre la salud de cada ciudadano, seg\u00fan se public\u00f3 hoy en el Bolet\u00edn Oficial.<\/p>\n\n\n\n<p>La Resoluci\u00f3n 442\/2023 indica que el Comit\u00e9 tiene entre sus funciones principales \u00abfomentar la aplicaci\u00f3n de la Historia de Salud Integrada (HSI) en los establecimientos de salud que no hagan uso de registros electr\u00f3nicos o bien utilicen sistemas de historia cl\u00ednica electr\u00f3nica no interoperables\u00bb.<\/p>\n\n\n\n<p>\u00abLa HSI es una herramienta que almacena toda la informaci\u00f3n referida a los procesos administrativos y cl\u00ednicos que recibe cada persona en formato digital en cada uno de los centros conectados\u00bb, explic\u00f3 la cartera sanitaria en un comunicado.<\/p>\n\n\n\n<p>Una de las caracter\u00edsticas m\u00e1s importante de la HSI es la interoperabilidad, que permite el acceso e intercambio de datos entre los diferentes sistemas de la red sanitaria.<\/p>\n\n\n\n<p>Otra es su c\u00f3digo abierto, a partir del cual cualquier interesado en implementarla puede hacerlo de forma libre y gratuita a trav\u00e9s de la web ministerial, en la que se encuentra disponible su programaci\u00f3n para instalarla, modificarla, adaptarla a sus necesidades y completarla con nuevos desarrollos, para su mejora y evoluci\u00f3n permanente, con un rol de rector\u00eda del Ministerio de Salud que garantiza la calidad de los procesos.<\/p>\n\n\n\n<p>Quienes instalen este sistema de gesti\u00f3n sanitaria, orientado a problemas, a diferencia del conocido modelo de historia cl\u00ednica cronol\u00f3gico o por fecha, son denominados \u00abdominios\u00bb que deben registrase en la Red Nacional de Salud Digital.<\/p>\n\n\n\n<p>El Ministerio remarc\u00f3 que \u00abla informaci\u00f3n que se almacena en cada uno de estos dominios se encuentra bajo los marcos legales de protecci\u00f3n de derechos del paciente y de datos personales\u00bb.<\/p>\n\n\n\n<p>\u00abLa existencia de un comit\u00e9 implica un espacio de coordinaci\u00f3n y cooperaci\u00f3n entre los distintos actores de este sistema en donde se pueda definir y llevar adelante el desarrollo de la herramienta, promover la cooperaci\u00f3n entre las distintas jurisdicciones y la Naci\u00f3n, discutir y proponer las funcionalidades requeridas para la atenci\u00f3n integral de la salud de los habitantes de nuestro pa\u00eds\u00bb, sostuvo el comunicado.<\/p>\n\n\n\n<p>Actualmente, se encuentran en funcionamiento los m\u00f3dulos de personas y gesti\u00f3n de pacientes, gesti\u00f3n de turnos, historia cl\u00ednica ambulatoria, episodio de internaci\u00f3n, gesti\u00f3n de camas y \u00f3rdenes y prescripciones m\u00e9dicas.<\/p>\n\n\n\n<p>Tambi\u00e9n registro de vacunas, odontolog\u00eda, triage de guardia, referencia y contrarreferencia, reportes y back office gesti\u00f3n del sistema, y se est\u00e1n desarrollando nuevos m\u00f3dulos y funcionalidades que se van incorporando gradualmente, tales como atenci\u00f3n materno infantil y episodio de guardia, entre otros.<\/p>\n","protected":false},"excerpt":{"rendered":"<p>Tiene como objetivo \u00abfomentar la aplicaci\u00f3n de la Historia de Salud Integrada (HSI) en los establecimientos de salud\u00bb. El Ministerio de Salud cre\u00f3 el Comit\u00e9 de la Historia de Salud Integrada, acompa\u00f1ado por un convenio de adherencia para incentivar a las provincias e instituciones a adherirse a esta modalidad de trabajo que busca contar con [&hellip;]<\/p>\n","protected":false},"author":2,"featured_media":23334,"comment_status":"open","ping_status":"open","sticky":false,"template":"","format":"standard","meta":{"footnotes":""},"categories":[22],"tags":[],"class_list":["post-23333","post","type-post","status-publish","format-standard","has-post-thumbnail","hentry","category-salud"],"yoast_head":"<!-- This site is optimized with the Yoast SEO plugin v27.5 - https:\/\/yoast.com\/product\/yoast-seo-wordpress\/ -->\n<title>Salud cre\u00f3 comit\u00e9 para implementar la Historia de Salud Integrada que busca tener un archivo digital | CVI NOTICIAS<\/title>\n<meta name=\"robots\" content=\"index, follow, max-snippet:-1, max-image-preview:large, max-video-preview:-1\" \/>\n<link rel=\"canonical\" href=\"https:\/\/cvinoticias.com\/v3\/salud-creo-comite-para-implementar-la-historia-de-salud-integrada-que-busca-tener-un-archivo-digital\/\" \/>\n<meta property=\"og:locale\" content=\"es_ES\" \/>\n<meta property=\"og:type\" content=\"article\" \/>\n<meta property=\"og:title\" content=\"Salud cre\u00f3 comit\u00e9 para implementar la Historia de Salud Integrada que busca tener un archivo digital | CVI NOTICIAS\" \/>\n<meta property=\"og:description\" content=\"Tiene como objetivo \u00abfomentar la aplicaci\u00f3n de la Historia de Salud Integrada (HSI) en los establecimientos de salud\u00bb. El Ministerio de Salud cre\u00f3 el Comit\u00e9 de la Historia de Salud Integrada, acompa\u00f1ado por un convenio de adherencia para incentivar a las provincias e instituciones a adherirse a esta modalidad de trabajo que busca contar con [&hellip;]\" \/>\n<meta property=\"og:url\" content=\"https:\/\/cvinoticias.com\/v3\/salud-creo-comite-para-implementar-la-historia-de-salud-integrada-que-busca-tener-un-archivo-digital\/\" \/>\n<meta property=\"og:site_name\" content=\"CVI NOTICIAS\" \/>\n<meta property=\"article:publisher\" content=\"https:\/\/www.facebook.com\/cvinoticias\" \/>\n<meta property=\"article:published_time\" content=\"2023-03-16T11:48:07+00:00\" \/>\n<meta property=\"og:image\" content=\"https:\/\/cvinoticias.com\/wp-content\/uploads\/2023\/03\/salud-integrada.jpg\" \/>\n\t<meta property=\"og:image:width\" content=\"800\" \/>\n\t<meta property=\"og:image:height\" content=\"483\" \/>\n\t<meta property=\"og:image:type\" content=\"image\/jpeg\" \/>\n<meta name=\"author\" content=\"f1000024\" \/>\n<meta name=\"twitter:card\" content=\"summary_large_image\" \/>\n<meta name=\"twitter:label1\" content=\"Escrito por\" \/>\n\t<meta name=\"twitter:data1\" content=\"f1000024\" \/>\n\t<meta name=\"twitter:label2\" content=\"Tiempo de lectura\" \/>\n\t<meta name=\"twitter:data2\" content=\"2 minutos\" \/>\n<script type=\"application\/ld+json\" class=\"yoast-schema-graph\">{\"@context\":\"https:\\\/\\\/schema.org\",\"@graph\":[{\"@type\":\"Article\",\"@id\":\"https:\\\/\\\/cvinoticias.com\\\/v3\\\/salud-creo-comite-para-implementar-la-historia-de-salud-integrada-que-busca-tener-un-archivo-digital\\\/#article\",\"isPartOf\":{\"@id\":\"https:\\\/\\\/cvinoticias.com\\\/v3\\\/salud-creo-comite-para-implementar-la-historia-de-salud-integrada-que-busca-tener-un-archivo-digital\\\/\"},\"author\":{\"name\":\"f1000024\",\"@id\":\"https:\\\/\\\/cvinoticias.com\\\/v3\\\/#\\\/schema\\\/person\\\/2db77e3c6bc03c538495d7b2b8be9b66\"},\"headline\":\"Salud cre\u00f3 comit\u00e9 para implementar la Historia de Salud Integrada que busca tener un archivo digital\",\"datePublished\":\"2023-03-16T11:48:07+00:00\",\"mainEntityOfPage\":{\"@id\":\"https:\\\/\\\/cvinoticias.com\\\/v3\\\/salud-creo-comite-para-implementar-la-historia-de-salud-integrada-que-busca-tener-un-archivo-digital\\\/\"},\"wordCount\":509,\"commentCount\":0,\"publisher\":{\"@id\":\"https:\\\/\\\/cvinoticias.com\\\/v3\\\/#organization\"},\"image\":{\"@id\":\"https:\\\/\\\/cvinoticias.com\\\/v3\\\/salud-creo-comite-para-implementar-la-historia-de-salud-integrada-que-busca-tener-un-archivo-digital\\\/#primaryimage\"},\"thumbnailUrl\":\"https:\\\/\\\/cvinoticias.com\\\/wp-content\\\/uploads\\\/2023\\\/03\\\/salud-integrada.jpg\",\"articleSection\":[\"Salud\"],\"inLanguage\":\"es\",\"potentialAction\":[{\"@type\":\"CommentAction\",\"name\":\"Comment\",\"target\":[\"https:\\\/\\\/cvinoticias.com\\\/v3\\\/salud-creo-comite-para-implementar-la-historia-de-salud-integrada-que-busca-tener-un-archivo-digital\\\/#respond\"]}]},{\"@type\":\"WebPage\",\"@id\":\"https:\\\/\\\/cvinoticias.com\\\/v3\\\/salud-creo-comite-para-implementar-la-historia-de-salud-integrada-que-busca-tener-un-archivo-digital\\\/\",\"url\":\"https:\\\/\\\/cvinoticias.com\\\/v3\\\/salud-creo-comite-para-implementar-la-historia-de-salud-integrada-que-busca-tener-un-archivo-digital\\\/\",\"name\":\"Salud cre\u00f3 comit\u00e9 para implementar la Historia de Salud Integrada que busca tener un archivo digital | CVI NOTICIAS\",\"isPartOf\":{\"@id\":\"https:\\\/\\\/cvinoticias.com\\\/v3\\\/#website\"},\"primaryImageOfPage\":{\"@id\":\"https:\\\/\\\/cvinoticias.com\\\/v3\\\/salud-creo-comite-para-implementar-la-historia-de-salud-integrada-que-busca-tener-un-archivo-digital\\\/#primaryimage\"},\"image\":{\"@id\":\"https:\\\/\\\/cvinoticias.com\\\/v3\\\/salud-creo-comite-para-implementar-la-historia-de-salud-integrada-que-busca-tener-un-archivo-digital\\\/#primaryimage\"},\"thumbnailUrl\":\"https:\\\/\\\/cvinoticias.com\\\/wp-content\\\/uploads\\\/2023\\\/03\\\/salud-integrada.jpg\",\"datePublished\":\"2023-03-16T11:48:07+00:00\",\"breadcrumb\":{\"@id\":\"https:\\\/\\\/cvinoticias.com\\\/v3\\\/salud-creo-comite-para-implementar-la-historia-de-salud-integrada-que-busca-tener-un-archivo-digital\\\/#breadcrumb\"},\"inLanguage\":\"es\",\"potentialAction\":[{\"@type\":\"ReadAction\",\"target\":[\"https:\\\/\\\/cvinoticias.com\\\/v3\\\/salud-creo-comite-para-implementar-la-historia-de-salud-integrada-que-busca-tener-un-archivo-digital\\\/\"]}]},{\"@type\":\"ImageObject\",\"inLanguage\":\"es\",\"@id\":\"https:\\\/\\\/cvinoticias.com\\\/v3\\\/salud-creo-comite-para-implementar-la-historia-de-salud-integrada-que-busca-tener-un-archivo-digital\\\/#primaryimage\",\"url\":\"https:\\\/\\\/cvinoticias.com\\\/wp-content\\\/uploads\\\/2023\\\/03\\\/salud-integrada.jpg\",\"contentUrl\":\"https:\\\/\\\/cvinoticias.com\\\/wp-content\\\/uploads\\\/2023\\\/03\\\/salud-integrada.jpg\",\"width\":800,\"height\":483},{\"@type\":\"BreadcrumbList\",\"@id\":\"https:\\\/\\\/cvinoticias.com\\\/v3\\\/salud-creo-comite-para-implementar-la-historia-de-salud-integrada-que-busca-tener-un-archivo-digital\\\/#breadcrumb\",\"itemListElement\":[{\"@type\":\"ListItem\",\"position\":1,\"name\":\"Portada\",\"item\":\"https:\\\/\\\/cvinoticias.com\\\/v3\\\/\"},{\"@type\":\"ListItem\",\"position\":2,\"name\":\"Salud cre\u00f3 comit\u00e9 para implementar la Historia de Salud Integrada que busca tener un archivo digital\"}]},{\"@type\":\"WebSite\",\"@id\":\"https:\\\/\\\/cvinoticias.com\\\/v3\\\/#website\",\"url\":\"https:\\\/\\\/cvinoticias.com\\\/v3\\\/\",\"name\":\"CVI NOTICIAS\",\"description\":\"\",\"publisher\":{\"@id\":\"https:\\\/\\\/cvinoticias.com\\\/v3\\\/#organization\"},\"alternateName\":\"CVI\",\"potentialAction\":[{\"@type\":\"SearchAction\",\"target\":{\"@type\":\"EntryPoint\",\"urlTemplate\":\"https:\\\/\\\/cvinoticias.com\\\/v3\\\/?s={search_term_string}\"},\"query-input\":{\"@type\":\"PropertyValueSpecification\",\"valueRequired\":true,\"valueName\":\"search_term_string\"}}],\"inLanguage\":\"es\"},{\"@type\":\"Organization\",\"@id\":\"https:\\\/\\\/cvinoticias.com\\\/v3\\\/#organization\",\"name\":\"CVI NOTICIAS\",\"url\":\"https:\\\/\\\/cvinoticias.com\\\/v3\\\/\",\"logo\":{\"@type\":\"ImageObject\",\"inLanguage\":\"es\",\"@id\":\"https:\\\/\\\/cvinoticias.com\\\/v3\\\/#\\\/schema\\\/logo\\\/image\\\/\",\"url\":\"https:\\\/\\\/cvinoticias.com\\\/wp-content\\\/uploads\\\/2023\\\/04\\\/cropped-cropped-cropped-cropped-cropped-3-1.png\",\"contentUrl\":\"https:\\\/\\\/cvinoticias.com\\\/wp-content\\\/uploads\\\/2023\\\/04\\\/cropped-cropped-cropped-cropped-cropped-3-1.png\",\"width\":95,\"height\":122,\"caption\":\"CVI NOTICIAS\"},\"image\":{\"@id\":\"https:\\\/\\\/cvinoticias.com\\\/v3\\\/#\\\/schema\\\/logo\\\/image\\\/\"},\"sameAs\":[\"https:\\\/\\\/www.facebook.com\\\/cvinoticias\",\"https:\\\/\\\/www.instagram.com\\\/cvinoticias\\\/\",\"https:\\\/\\\/www.youtube.com\\\/@CVINOTICIAS\"]},{\"@type\":\"Person\",\"@id\":\"https:\\\/\\\/cvinoticias.com\\\/v3\\\/#\\\/schema\\\/person\\\/2db77e3c6bc03c538495d7b2b8be9b66\",\"name\":\"f1000024\",\"image\":{\"@type\":\"ImageObject\",\"inLanguage\":\"es\",\"@id\":\"https:\\\/\\\/secure.gravatar.com\\\/avatar\\\/d4fe7459cfc51ff5129ce1a732bbef5928568b8092d412ef95611616376bbeed?s=96&d=mm&r=g\",\"url\":\"https:\\\/\\\/secure.gravatar.com\\\/avatar\\\/d4fe7459cfc51ff5129ce1a732bbef5928568b8092d412ef95611616376bbeed?s=96&d=mm&r=g\",\"contentUrl\":\"https:\\\/\\\/secure.gravatar.com\\\/avatar\\\/d4fe7459cfc51ff5129ce1a732bbef5928568b8092d412ef95611616376bbeed?s=96&d=mm&r=g\",\"caption\":\"f1000024\"},\"url\":\"https:\\\/\\\/cvinoticias.com\\\/v3\\\/author\\\/f1000024\\\/\"}]}<\/script>\n<!-- \/ Yoast SEO plugin. -->","yoast_head_json":{"title":"Salud cre\u00f3 comit\u00e9 para implementar la Historia de Salud Integrada que busca tener un archivo digital | CVI NOTICIAS","robots":{"index":"index","follow":"follow","max-snippet":"max-snippet:-1","max-image-preview":"max-image-preview:large","max-video-preview":"max-video-preview:-1"},"canonical":"https:\/\/cvinoticias.com\/v3\/salud-creo-comite-para-implementar-la-historia-de-salud-integrada-que-busca-tener-un-archivo-digital\/","og_locale":"es_ES","og_type":"article","og_title":"Salud cre\u00f3 comit\u00e9 para implementar la Historia de Salud Integrada que busca tener un archivo digital | CVI NOTICIAS","og_description":"Tiene como objetivo \u00abfomentar la aplicaci\u00f3n de la Historia de Salud Integrada (HSI) en los establecimientos de salud\u00bb. El Ministerio de Salud cre\u00f3 el Comit\u00e9 de la Historia de Salud Integrada, acompa\u00f1ado por un convenio de adherencia para incentivar a las provincias e instituciones a adherirse a esta modalidad de trabajo que busca contar con [&hellip;]","og_url":"https:\/\/cvinoticias.com\/v3\/salud-creo-comite-para-implementar-la-historia-de-salud-integrada-que-busca-tener-un-archivo-digital\/","og_site_name":"CVI NOTICIAS","article_publisher":"https:\/\/www.facebook.com\/cvinoticias","article_published_time":"2023-03-16T11:48:07+00:00","og_image":[{"width":800,"height":483,"url":"https:\/\/cvinoticias.com\/wp-content\/uploads\/2023\/03\/salud-integrada.jpg","type":"image\/jpeg"}],"author":"f1000024","twitter_card":"summary_large_image","twitter_misc":{"Escrito por":"f1000024","Tiempo de lectura":"2 minutos"},"schema":{"@context":"https:\/\/schema.org","@graph":[{"@type":"Article","@id":"https:\/\/cvinoticias.com\/v3\/salud-creo-comite-para-implementar-la-historia-de-salud-integrada-que-busca-tener-un-archivo-digital\/#article","isPartOf":{"@id":"https:\/\/cvinoticias.com\/v3\/salud-creo-comite-para-implementar-la-historia-de-salud-integrada-que-busca-tener-un-archivo-digital\/"},"author":{"name":"f1000024","@id":"https:\/\/cvinoticias.com\/v3\/#\/schema\/person\/2db77e3c6bc03c538495d7b2b8be9b66"},"headline":"Salud cre\u00f3 comit\u00e9 para implementar la Historia de Salud Integrada que busca tener un archivo digital","datePublished":"2023-03-16T11:48:07+00:00","mainEntityOfPage":{"@id":"https:\/\/cvinoticias.com\/v3\/salud-creo-comite-para-implementar-la-historia-de-salud-integrada-que-busca-tener-un-archivo-digital\/"},"wordCount":509,"commentCount":0,"publisher":{"@id":"https:\/\/cvinoticias.com\/v3\/#organization"},"image":{"@id":"https:\/\/cvinoticias.com\/v3\/salud-creo-comite-para-implementar-la-historia-de-salud-integrada-que-busca-tener-un-archivo-digital\/#primaryimage"},"thumbnailUrl":"https:\/\/cvinoticias.com\/wp-content\/uploads\/2023\/03\/salud-integrada.jpg","articleSection":["Salud"],"inLanguage":"es","potentialAction":[{"@type":"CommentAction","name":"Comment","target":["https:\/\/cvinoticias.com\/v3\/salud-creo-comite-para-implementar-la-historia-de-salud-integrada-que-busca-tener-un-archivo-digital\/#respond"]}]},{"@type":"WebPage","@id":"https:\/\/cvinoticias.com\/v3\/salud-creo-comite-para-implementar-la-historia-de-salud-integrada-que-busca-tener-un-archivo-digital\/","url":"https:\/\/cvinoticias.com\/v3\/salud-creo-comite-para-implementar-la-historia-de-salud-integrada-que-busca-tener-un-archivo-digital\/","name":"Salud cre\u00f3 comit\u00e9 para implementar la Historia de Salud Integrada que busca tener un archivo digital | CVI NOTICIAS","isPartOf":{"@id":"https:\/\/cvinoticias.com\/v3\/#website"},"primaryImageOfPage":{"@id":"https:\/\/cvinoticias.com\/v3\/salud-creo-comite-para-implementar-la-historia-de-salud-integrada-que-busca-tener-un-archivo-digital\/#primaryimage"},"image":{"@id":"https:\/\/cvinoticias.com\/v3\/salud-creo-comite-para-implementar-la-historia-de-salud-integrada-que-busca-tener-un-archivo-digital\/#primaryimage"},"thumbnailUrl":"https:\/\/cvinoticias.com\/wp-content\/uploads\/2023\/03\/salud-integrada.jpg","datePublished":"2023-03-16T11:48:07+00:00","breadcrumb":{"@id":"https:\/\/cvinoticias.com\/v3\/salud-creo-comite-para-implementar-la-historia-de-salud-integrada-que-busca-tener-un-archivo-digital\/#breadcrumb"},"inLanguage":"es","potentialAction":[{"@type":"ReadAction","target":["https:\/\/cvinoticias.com\/v3\/salud-creo-comite-para-implementar-la-historia-de-salud-integrada-que-busca-tener-un-archivo-digital\/"]}]},{"@type":"ImageObject","inLanguage":"es","@id":"https:\/\/cvinoticias.com\/v3\/salud-creo-comite-para-implementar-la-historia-de-salud-integrada-que-busca-tener-un-archivo-digital\/#primaryimage","url":"https:\/\/cvinoticias.com\/wp-content\/uploads\/2023\/03\/salud-integrada.jpg","contentUrl":"https:\/\/cvinoticias.com\/wp-content\/uploads\/2023\/03\/salud-integrada.jpg","width":800,"height":483},{"@type":"BreadcrumbList","@id":"https:\/\/cvinoticias.com\/v3\/salud-creo-comite-para-implementar-la-historia-de-salud-integrada-que-busca-tener-un-archivo-digital\/#breadcrumb","itemListElement":[{"@type":"ListItem","position":1,"name":"Portada","item":"https:\/\/cvinoticias.com\/v3\/"},{"@type":"ListItem","position":2,"name":"Salud cre\u00f3 comit\u00e9 para implementar la Historia de Salud Integrada que busca tener un archivo digital"}]},{"@type":"WebSite","@id":"https:\/\/cvinoticias.com\/v3\/#website","url":"https:\/\/cvinoticias.com\/v3\/","name":"CVI NOTICIAS","description":"","publisher":{"@id":"https:\/\/cvinoticias.com\/v3\/#organization"},"alternateName":"CVI","potentialAction":[{"@type":"SearchAction","target":{"@type":"EntryPoint","urlTemplate":"https:\/\/cvinoticias.com\/v3\/?s={search_term_string}"},"query-input":{"@type":"PropertyValueSpecification","valueRequired":true,"valueName":"search_term_string"}}],"inLanguage":"es"},{"@type":"Organization","@id":"https:\/\/cvinoticias.com\/v3\/#organization","name":"CVI NOTICIAS","url":"https:\/\/cvinoticias.com\/v3\/","logo":{"@type":"ImageObject","inLanguage":"es","@id":"https:\/\/cvinoticias.com\/v3\/#\/schema\/logo\/image\/","url":"https:\/\/cvinoticias.com\/wp-content\/uploads\/2023\/04\/cropped-cropped-cropped-cropped-cropped-3-1.png","contentUrl":"https:\/\/cvinoticias.com\/wp-content\/uploads\/2023\/04\/cropped-cropped-cropped-cropped-cropped-3-1.png","width":95,"height":122,"caption":"CVI NOTICIAS"},"image":{"@id":"https:\/\/cvinoticias.com\/v3\/#\/schema\/logo\/image\/"},"sameAs":["https:\/\/www.facebook.com\/cvinoticias","https:\/\/www.instagram.com\/cvinoticias\/","https:\/\/www.youtube.com\/@CVINOTICIAS"]},{"@type":"Person","@id":"https:\/\/cvinoticias.com\/v3\/#\/schema\/person\/2db77e3c6bc03c538495d7b2b8be9b66","name":"f1000024","image":{"@type":"ImageObject","inLanguage":"es","@id":"https:\/\/secure.gravatar.com\/avatar\/d4fe7459cfc51ff5129ce1a732bbef5928568b8092d412ef95611616376bbeed?s=96&d=mm&r=g","url":"https:\/\/secure.gravatar.com\/avatar\/d4fe7459cfc51ff5129ce1a732bbef5928568b8092d412ef95611616376bbeed?s=96&d=mm&r=g","contentUrl":"https:\/\/secure.gravatar.com\/avatar\/d4fe7459cfc51ff5129ce1a732bbef5928568b8092d412ef95611616376bbeed?s=96&d=mm&r=g","caption":"f1000024"},"url":"https:\/\/cvinoticias.com\/v3\/author\/f1000024\/"}]}},"_links":{"self":[{"href":"https:\/\/cvinoticias.com\/v3\/wp-json\/wp\/v2\/posts\/23333","targetHints":{"allow":["GET"]}}],"collection":[{"href":"https:\/\/cvinoticias.com\/v3\/wp-json\/wp\/v2\/posts"}],"about":[{"href":"https:\/\/cvinoticias.com\/v3\/wp-json\/wp\/v2\/types\/post"}],"author":[{"embeddable":true,"href":"https:\/\/cvinoticias.com\/v3\/wp-json\/wp\/v2\/users\/2"}],"replies":[{"embeddable":true,"href":"https:\/\/cvinoticias.com\/v3\/wp-json\/wp\/v2\/comments?post=23333"}],"version-history":[{"count":1,"href":"https:\/\/cvinoticias.com\/v3\/wp-json\/wp\/v2\/posts\/23333\/revisions"}],"predecessor-version":[{"id":23335,"href":"https:\/\/cvinoticias.com\/v3\/wp-json\/wp\/v2\/posts\/23333\/revisions\/23335"}],"wp:featuredmedia":[{"embeddable":true,"href":"https:\/\/cvinoticias.com\/v3\/wp-json\/wp\/v2\/media\/23334"}],"wp:attachment":[{"href":"https:\/\/cvinoticias.com\/v3\/wp-json\/wp\/v2\/media?parent=23333"}],"wp:term":[{"taxonomy":"category","embeddable":true,"href":"https:\/\/cvinoticias.com\/v3\/wp-json\/wp\/v2\/categories?post=23333"},{"taxonomy":"post_tag","embeddable":true,"href":"https:\/\/cvinoticias.com\/v3\/wp-json\/wp\/v2\/tags?post=23333"}],"curies":[{"name":"wp","href":"https:\/\/api.w.org\/{rel}","templated":true}]}}