{"id":23310,"date":"2023-03-15T12:22:22","date_gmt":"2023-03-15T12:22:22","guid":{"rendered":"https:\/\/cvinoticias.com\/v3\/?p=23310"},"modified":"2023-03-15T12:22:22","modified_gmt":"2023-03-15T12:22:22","slug":"raverta-dijo-que-ya-se-puede-hacer-el-tramite-de-moratoria-previsional","status":"publish","type":"post","link":"https:\/\/cvinoticias.com\/v3\/raverta-dijo-que-ya-se-puede-hacer-el-tramite-de-moratoria-previsional\/","title":{"rendered":"Raverta dijo que ya se puede hacer el tr\u00e1mite de Moratoria Previsional"},"content":{"rendered":"\n<p><strong><em>Aunque falta reglamentar la ley, la Anses ya est\u00e1 recibiendo solicitudes para la jubilaci\u00f3n a trav\u00e9s de este plan de pagos, cuya aprobaci\u00f3n marc\u00f3 una victoria contundente para el oficialismo y una derrota para Juntos por el Cambio, que intenta bloquear todas las iniciativas del Gobierno.<\/em><\/strong><\/p>\n\n\n\n<p>Luego del triunfo del oficialismo en el Congreso Na\u00adcional tras lograr que se apruebe la ley de Moratoria Previsional, a pesar de la oposici\u00f3n de Juntos por el Cambio (JxC), la directora ejecutiva de la Administraci\u00f3n Nacional de la Seguridad Social (Anses), Fernanda Raverta, anunci\u00f3 que, aunque a\u00fan falte reglamentar esa norma, las casi 800.000 personas alcanzadas por ella ya pueden iniciar el tr\u00e1mite en las oficinas del organismo.<\/p>\n\n\n\n<p>Ayer, en el aeropuerto de Sauce Viejo, en Santa Fe, Raverta brind\u00f3 una conferencia de prensa en la que afirm\u00f3 que la Anses ya est\u00e1 tomando solicitudes para adherirse a la moratoria.<\/p>\n\n\n\n<p>\u201cA\u00fan no est\u00e1 reglamentada la ley, se promulg\u00f3 hace algunas horas, pero podemos empezar a hacer el tr\u00e1mite, recibir los papeles\u201d, indic\u00f3 la funcionaria. \u201cLos estamos esperando y ya los estamos recibiendo\u201d, afirm\u00f3.<\/p>\n\n\n\n<p>Raverta precis\u00f3 que, de las personas en condiciones de jubilarse a trav\u00e9s de ese plan de pagos, unas 80.000 viven en Santa Fe. En esa provincia, precisamente, inaugur\u00f3 ayer una oficina del organismo que preside.<\/p>\n\n\n\n<p>\u201cEntre enero y febrero hubo una enorme dificultad porque ven\u00edan los vecinos a nuestras oficinas de Santa Fe y les ten\u00edamos que decir que no los pod\u00edamos jubilar porque nos faltaba una ley\u201d, record\u00f3 la directora ejecutiva, que ven\u00eda insistiendo en la necesidad de que la norma se aprobara.<\/p>\n\n\n\n<p>Por eso, dijo que el 28 de febrero, cuando se logr\u00f3 la sanci\u00f3n, va a quedar \u201cen la memoria institucional de Anses, porque ese d\u00eda logramos algo que en la Argentina ya era un derecho: que cuando ten\u00e9s la edad de jubilarte pero te faltan a\u00f1os de aportes, vos puedas saldar esa deuda con el Estado\u201d.<\/p>\n\n\n\n<p>\u201cNo es regalar jubilaciones; es dar la instancia a partir de una ley para que el ciudadano salde esa deuda en concepto de aportes y jubilaciones\u201d, aclar\u00f3.<\/p>\n\n\n\n<p>La Moratoria Previsional fue objetada fuertemente por la coalici\u00f3n opositora, que ya hab\u00eda anunciado que se negar\u00eda a tratar cualquier proyecto enviado por el Poder Ejecutivo (como en este caso) a menos que se retirara el pedido de juicio pol\u00edtico a todos los integrantes de la Corte Suprema de Justicia de la Naci\u00f3n. Pero el Gobierno logr\u00f3 su aprobaci\u00f3n a trav\u00e9s del apoyo de otros bloques, torci\u00e9ndole as\u00ed el brazo a JxC.<\/p>\n","protected":false},"excerpt":{"rendered":"<p>Aunque falta reglamentar la ley, la Anses ya est\u00e1 recibiendo solicitudes para la jubilaci\u00f3n a trav\u00e9s de este plan de pagos, cuya aprobaci\u00f3n marc\u00f3 una victoria contundente para el oficialismo y una derrota para Juntos por el Cambio, que intenta bloquear todas las iniciativas del Gobierno. Luego del triunfo del oficialismo en el Congreso Na\u00adcional [&hellip;]<\/p>\n","protected":false},"author":2,"featured_media":23311,"comment_status":"open","ping_status":"open","sticky":false,"template":"","format":"standard","meta":{"footnotes":""},"categories":[35],"tags":[],"class_list":["post-23310","post","type-post","status-publish","format-standard","has-post-thumbnail","hentry","category-informacion-general"],"yoast_head":"<!-- This site is optimized with the Yoast SEO plugin v27.4 - https:\/\/yoast.com\/product\/yoast-seo-wordpress\/ -->\n<title>Raverta dijo que ya se puede hacer el tr\u00e1mite de Moratoria Previsional | CVI NOTICIAS<\/title>\n<meta name=\"robots\" content=\"index, follow, max-snippet:-1, max-image-preview:large, max-video-preview:-1\" \/>\n<link rel=\"canonical\" href=\"https:\/\/cvinoticias.com\/v3\/raverta-dijo-que-ya-se-puede-hacer-el-tramite-de-moratoria-previsional\/\" \/>\n<meta property=\"og:locale\" content=\"es_ES\" \/>\n<meta property=\"og:type\" content=\"article\" \/>\n<meta property=\"og:title\" content=\"Raverta dijo que ya se puede hacer el tr\u00e1mite de Moratoria Previsional | CVI NOTICIAS\" \/>\n<meta property=\"og:description\" content=\"Aunque falta reglamentar la ley, la Anses ya est\u00e1 recibiendo solicitudes para la jubilaci\u00f3n a trav\u00e9s de este plan de pagos, cuya aprobaci\u00f3n marc\u00f3 una victoria contundente para el oficialismo y una derrota para Juntos por el Cambio, que intenta bloquear todas las iniciativas del Gobierno. Luego del triunfo del oficialismo en el Congreso Na\u00adcional [&hellip;]\" \/>\n<meta property=\"og:url\" content=\"https:\/\/cvinoticias.com\/v3\/raverta-dijo-que-ya-se-puede-hacer-el-tramite-de-moratoria-previsional\/\" \/>\n<meta property=\"og:site_name\" content=\"CVI NOTICIAS\" \/>\n<meta property=\"article:publisher\" content=\"https:\/\/www.facebook.com\/cvinoticias\" \/>\n<meta property=\"article:published_time\" content=\"2023-03-15T12:22:22+00:00\" \/>\n<meta property=\"og:image\" content=\"https:\/\/cvinoticias.com\/wp-content\/uploads\/2023\/03\/0000040288.jpg\" \/>\n\t<meta property=\"og:image:width\" content=\"1500\" \/>\n\t<meta property=\"og:image:height\" content=\"870\" \/>\n\t<meta property=\"og:image:type\" content=\"image\/jpeg\" \/>\n<meta name=\"author\" content=\"f1000024\" \/>\n<meta name=\"twitter:card\" content=\"summary_large_image\" \/>\n<meta name=\"twitter:label1\" content=\"Escrito por\" \/>\n\t<meta name=\"twitter:data1\" content=\"f1000024\" \/>\n\t<meta name=\"twitter:label2\" content=\"Tiempo de lectura\" \/>\n\t<meta name=\"twitter:data2\" content=\"2 minutos\" \/>\n<script type=\"application\/ld+json\" class=\"yoast-schema-graph\">{\"@context\":\"https:\\\/\\\/schema.org\",\"@graph\":[{\"@type\":\"Article\",\"@id\":\"https:\\\/\\\/cvinoticias.com\\\/v3\\\/raverta-dijo-que-ya-se-puede-hacer-el-tramite-de-moratoria-previsional\\\/#article\",\"isPartOf\":{\"@id\":\"https:\\\/\\\/cvinoticias.com\\\/v3\\\/raverta-dijo-que-ya-se-puede-hacer-el-tramite-de-moratoria-previsional\\\/\"},\"author\":{\"name\":\"f1000024\",\"@id\":\"https:\\\/\\\/cvinoticias.com\\\/v3\\\/#\\\/schema\\\/person\\\/2db77e3c6bc03c538495d7b2b8be9b66\"},\"headline\":\"Raverta dijo que ya se puede hacer el tr\u00e1mite de Moratoria Previsional\",\"datePublished\":\"2023-03-15T12:22:22+00:00\",\"mainEntityOfPage\":{\"@id\":\"https:\\\/\\\/cvinoticias.com\\\/v3\\\/raverta-dijo-que-ya-se-puede-hacer-el-tramite-de-moratoria-previsional\\\/\"},\"wordCount\":456,\"commentCount\":0,\"publisher\":{\"@id\":\"https:\\\/\\\/cvinoticias.com\\\/v3\\\/#organization\"},\"image\":{\"@id\":\"https:\\\/\\\/cvinoticias.com\\\/v3\\\/raverta-dijo-que-ya-se-puede-hacer-el-tramite-de-moratoria-previsional\\\/#primaryimage\"},\"thumbnailUrl\":\"https:\\\/\\\/cvinoticias.com\\\/wp-content\\\/uploads\\\/2023\\\/03\\\/0000040288.jpg\",\"articleSection\":[\"Informaci\u00f3n General\"],\"inLanguage\":\"es\",\"potentialAction\":[{\"@type\":\"CommentAction\",\"name\":\"Comment\",\"target\":[\"https:\\\/\\\/cvinoticias.com\\\/v3\\\/raverta-dijo-que-ya-se-puede-hacer-el-tramite-de-moratoria-previsional\\\/#respond\"]}]},{\"@type\":\"WebPage\",\"@id\":\"https:\\\/\\\/cvinoticias.com\\\/v3\\\/raverta-dijo-que-ya-se-puede-hacer-el-tramite-de-moratoria-previsional\\\/\",\"url\":\"https:\\\/\\\/cvinoticias.com\\\/v3\\\/raverta-dijo-que-ya-se-puede-hacer-el-tramite-de-moratoria-previsional\\\/\",\"name\":\"Raverta dijo que ya se puede hacer el tr\u00e1mite de Moratoria Previsional | CVI NOTICIAS\",\"isPartOf\":{\"@id\":\"https:\\\/\\\/cvinoticias.com\\\/v3\\\/#website\"},\"primaryImageOfPage\":{\"@id\":\"https:\\\/\\\/cvinoticias.com\\\/v3\\\/raverta-dijo-que-ya-se-puede-hacer-el-tramite-de-moratoria-previsional\\\/#primaryimage\"},\"image\":{\"@id\":\"https:\\\/\\\/cvinoticias.com\\\/v3\\\/raverta-dijo-que-ya-se-puede-hacer-el-tramite-de-moratoria-previsional\\\/#primaryimage\"},\"thumbnailUrl\":\"https:\\\/\\\/cvinoticias.com\\\/wp-content\\\/uploads\\\/2023\\\/03\\\/0000040288.jpg\",\"datePublished\":\"2023-03-15T12:22:22+00:00\",\"breadcrumb\":{\"@id\":\"https:\\\/\\\/cvinoticias.com\\\/v3\\\/raverta-dijo-que-ya-se-puede-hacer-el-tramite-de-moratoria-previsional\\\/#breadcrumb\"},\"inLanguage\":\"es\",\"potentialAction\":[{\"@type\":\"ReadAction\",\"target\":[\"https:\\\/\\\/cvinoticias.com\\\/v3\\\/raverta-dijo-que-ya-se-puede-hacer-el-tramite-de-moratoria-previsional\\\/\"]}]},{\"@type\":\"ImageObject\",\"inLanguage\":\"es\",\"@id\":\"https:\\\/\\\/cvinoticias.com\\\/v3\\\/raverta-dijo-que-ya-se-puede-hacer-el-tramite-de-moratoria-previsional\\\/#primaryimage\",\"url\":\"https:\\\/\\\/cvinoticias.com\\\/wp-content\\\/uploads\\\/2023\\\/03\\\/0000040288.jpg\",\"contentUrl\":\"https:\\\/\\\/cvinoticias.com\\\/wp-content\\\/uploads\\\/2023\\\/03\\\/0000040288.jpg\",\"width\":1500,\"height\":870},{\"@type\":\"BreadcrumbList\",\"@id\":\"https:\\\/\\\/cvinoticias.com\\\/v3\\\/raverta-dijo-que-ya-se-puede-hacer-el-tramite-de-moratoria-previsional\\\/#breadcrumb\",\"itemListElement\":[{\"@type\":\"ListItem\",\"position\":1,\"name\":\"Portada\",\"item\":\"https:\\\/\\\/cvinoticias.com\\\/v3\\\/\"},{\"@type\":\"ListItem\",\"position\":2,\"name\":\"Raverta dijo que ya se puede hacer el tr\u00e1mite de Moratoria Previsional\"}]},{\"@type\":\"WebSite\",\"@id\":\"https:\\\/\\\/cvinoticias.com\\\/v3\\\/#website\",\"url\":\"https:\\\/\\\/cvinoticias.com\\\/v3\\\/\",\"name\":\"CVI NOTICIAS\",\"description\":\"\",\"publisher\":{\"@id\":\"https:\\\/\\\/cvinoticias.com\\\/v3\\\/#organization\"},\"alternateName\":\"CVI\",\"potentialAction\":[{\"@type\":\"SearchAction\",\"target\":{\"@type\":\"EntryPoint\",\"urlTemplate\":\"https:\\\/\\\/cvinoticias.com\\\/v3\\\/?s={search_term_string}\"},\"query-input\":{\"@type\":\"PropertyValueSpecification\",\"valueRequired\":true,\"valueName\":\"search_term_string\"}}],\"inLanguage\":\"es\"},{\"@type\":\"Organization\",\"@id\":\"https:\\\/\\\/cvinoticias.com\\\/v3\\\/#organization\",\"name\":\"CVI NOTICIAS\",\"url\":\"https:\\\/\\\/cvinoticias.com\\\/v3\\\/\",\"logo\":{\"@type\":\"ImageObject\",\"inLanguage\":\"es\",\"@id\":\"https:\\\/\\\/cvinoticias.com\\\/v3\\\/#\\\/schema\\\/logo\\\/image\\\/\",\"url\":\"https:\\\/\\\/cvinoticias.com\\\/wp-content\\\/uploads\\\/2023\\\/04\\\/cropped-cropped-cropped-cropped-cropped-3-1.png\",\"contentUrl\":\"https:\\\/\\\/cvinoticias.com\\\/wp-content\\\/uploads\\\/2023\\\/04\\\/cropped-cropped-cropped-cropped-cropped-3-1.png\",\"width\":95,\"height\":122,\"caption\":\"CVI NOTICIAS\"},\"image\":{\"@id\":\"https:\\\/\\\/cvinoticias.com\\\/v3\\\/#\\\/schema\\\/logo\\\/image\\\/\"},\"sameAs\":[\"https:\\\/\\\/www.facebook.com\\\/cvinoticias\",\"https:\\\/\\\/www.instagram.com\\\/cvinoticias\\\/\",\"https:\\\/\\\/www.youtube.com\\\/@CVINOTICIAS\"]},{\"@type\":\"Person\",\"@id\":\"https:\\\/\\\/cvinoticias.com\\\/v3\\\/#\\\/schema\\\/person\\\/2db77e3c6bc03c538495d7b2b8be9b66\",\"name\":\"f1000024\",\"image\":{\"@type\":\"ImageObject\",\"inLanguage\":\"es\",\"@id\":\"https:\\\/\\\/secure.gravatar.com\\\/avatar\\\/d4fe7459cfc51ff5129ce1a732bbef5928568b8092d412ef95611616376bbeed?s=96&d=mm&r=g\",\"url\":\"https:\\\/\\\/secure.gravatar.com\\\/avatar\\\/d4fe7459cfc51ff5129ce1a732bbef5928568b8092d412ef95611616376bbeed?s=96&d=mm&r=g\",\"contentUrl\":\"https:\\\/\\\/secure.gravatar.com\\\/avatar\\\/d4fe7459cfc51ff5129ce1a732bbef5928568b8092d412ef95611616376bbeed?s=96&d=mm&r=g\",\"caption\":\"f1000024\"},\"url\":\"https:\\\/\\\/cvinoticias.com\\\/v3\\\/author\\\/f1000024\\\/\"}]}<\/script>\n<!-- \/ Yoast SEO plugin. -->","yoast_head_json":{"title":"Raverta dijo que ya se puede hacer el tr\u00e1mite de Moratoria Previsional | CVI NOTICIAS","robots":{"index":"index","follow":"follow","max-snippet":"max-snippet:-1","max-image-preview":"max-image-preview:large","max-video-preview":"max-video-preview:-1"},"canonical":"https:\/\/cvinoticias.com\/v3\/raverta-dijo-que-ya-se-puede-hacer-el-tramite-de-moratoria-previsional\/","og_locale":"es_ES","og_type":"article","og_title":"Raverta dijo que ya se puede hacer el tr\u00e1mite de Moratoria Previsional | CVI NOTICIAS","og_description":"Aunque falta reglamentar la ley, la Anses ya est\u00e1 recibiendo solicitudes para la jubilaci\u00f3n a trav\u00e9s de este plan de pagos, cuya aprobaci\u00f3n marc\u00f3 una victoria contundente para el oficialismo y una derrota para Juntos por el Cambio, que intenta bloquear todas las iniciativas del Gobierno. Luego del triunfo del oficialismo en el Congreso Na\u00adcional [&hellip;]","og_url":"https:\/\/cvinoticias.com\/v3\/raverta-dijo-que-ya-se-puede-hacer-el-tramite-de-moratoria-previsional\/","og_site_name":"CVI NOTICIAS","article_publisher":"https:\/\/www.facebook.com\/cvinoticias","article_published_time":"2023-03-15T12:22:22+00:00","og_image":[{"width":1500,"height":870,"url":"https:\/\/cvinoticias.com\/wp-content\/uploads\/2023\/03\/0000040288.jpg","type":"image\/jpeg"}],"author":"f1000024","twitter_card":"summary_large_image","twitter_misc":{"Escrito por":"f1000024","Tiempo de lectura":"2 minutos"},"schema":{"@context":"https:\/\/schema.org","@graph":[{"@type":"Article","@id":"https:\/\/cvinoticias.com\/v3\/raverta-dijo-que-ya-se-puede-hacer-el-tramite-de-moratoria-previsional\/#article","isPartOf":{"@id":"https:\/\/cvinoticias.com\/v3\/raverta-dijo-que-ya-se-puede-hacer-el-tramite-de-moratoria-previsional\/"},"author":{"name":"f1000024","@id":"https:\/\/cvinoticias.com\/v3\/#\/schema\/person\/2db77e3c6bc03c538495d7b2b8be9b66"},"headline":"Raverta dijo que ya se puede hacer el tr\u00e1mite de Moratoria Previsional","datePublished":"2023-03-15T12:22:22+00:00","mainEntityOfPage":{"@id":"https:\/\/cvinoticias.com\/v3\/raverta-dijo-que-ya-se-puede-hacer-el-tramite-de-moratoria-previsional\/"},"wordCount":456,"commentCount":0,"publisher":{"@id":"https:\/\/cvinoticias.com\/v3\/#organization"},"image":{"@id":"https:\/\/cvinoticias.com\/v3\/raverta-dijo-que-ya-se-puede-hacer-el-tramite-de-moratoria-previsional\/#primaryimage"},"thumbnailUrl":"https:\/\/cvinoticias.com\/wp-content\/uploads\/2023\/03\/0000040288.jpg","articleSection":["Informaci\u00f3n General"],"inLanguage":"es","potentialAction":[{"@type":"CommentAction","name":"Comment","target":["https:\/\/cvinoticias.com\/v3\/raverta-dijo-que-ya-se-puede-hacer-el-tramite-de-moratoria-previsional\/#respond"]}]},{"@type":"WebPage","@id":"https:\/\/cvinoticias.com\/v3\/raverta-dijo-que-ya-se-puede-hacer-el-tramite-de-moratoria-previsional\/","url":"https:\/\/cvinoticias.com\/v3\/raverta-dijo-que-ya-se-puede-hacer-el-tramite-de-moratoria-previsional\/","name":"Raverta dijo que ya se puede hacer el tr\u00e1mite de Moratoria Previsional | CVI NOTICIAS","isPartOf":{"@id":"https:\/\/cvinoticias.com\/v3\/#website"},"primaryImageOfPage":{"@id":"https:\/\/cvinoticias.com\/v3\/raverta-dijo-que-ya-se-puede-hacer-el-tramite-de-moratoria-previsional\/#primaryimage"},"image":{"@id":"https:\/\/cvinoticias.com\/v3\/raverta-dijo-que-ya-se-puede-hacer-el-tramite-de-moratoria-previsional\/#primaryimage"},"thumbnailUrl":"https:\/\/cvinoticias.com\/wp-content\/uploads\/2023\/03\/0000040288.jpg","datePublished":"2023-03-15T12:22:22+00:00","breadcrumb":{"@id":"https:\/\/cvinoticias.com\/v3\/raverta-dijo-que-ya-se-puede-hacer-el-tramite-de-moratoria-previsional\/#breadcrumb"},"inLanguage":"es","potentialAction":[{"@type":"ReadAction","target":["https:\/\/cvinoticias.com\/v3\/raverta-dijo-que-ya-se-puede-hacer-el-tramite-de-moratoria-previsional\/"]}]},{"@type":"ImageObject","inLanguage":"es","@id":"https:\/\/cvinoticias.com\/v3\/raverta-dijo-que-ya-se-puede-hacer-el-tramite-de-moratoria-previsional\/#primaryimage","url":"https:\/\/cvinoticias.com\/wp-content\/uploads\/2023\/03\/0000040288.jpg","contentUrl":"https:\/\/cvinoticias.com\/wp-content\/uploads\/2023\/03\/0000040288.jpg","width":1500,"height":870},{"@type":"BreadcrumbList","@id":"https:\/\/cvinoticias.com\/v3\/raverta-dijo-que-ya-se-puede-hacer-el-tramite-de-moratoria-previsional\/#breadcrumb","itemListElement":[{"@type":"ListItem","position":1,"name":"Portada","item":"https:\/\/cvinoticias.com\/v3\/"},{"@type":"ListItem","position":2,"name":"Raverta dijo que ya se puede hacer el tr\u00e1mite de Moratoria Previsional"}]},{"@type":"WebSite","@id":"https:\/\/cvinoticias.com\/v3\/#website","url":"https:\/\/cvinoticias.com\/v3\/","name":"CVI NOTICIAS","description":"","publisher":{"@id":"https:\/\/cvinoticias.com\/v3\/#organization"},"alternateName":"CVI","potentialAction":[{"@type":"SearchAction","target":{"@type":"EntryPoint","urlTemplate":"https:\/\/cvinoticias.com\/v3\/?s={search_term_string}"},"query-input":{"@type":"PropertyValueSpecification","valueRequired":true,"valueName":"search_term_string"}}],"inLanguage":"es"},{"@type":"Organization","@id":"https:\/\/cvinoticias.com\/v3\/#organization","name":"CVI NOTICIAS","url":"https:\/\/cvinoticias.com\/v3\/","logo":{"@type":"ImageObject","inLanguage":"es","@id":"https:\/\/cvinoticias.com\/v3\/#\/schema\/logo\/image\/","url":"https:\/\/cvinoticias.com\/wp-content\/uploads\/2023\/04\/cropped-cropped-cropped-cropped-cropped-3-1.png","contentUrl":"https:\/\/cvinoticias.com\/wp-content\/uploads\/2023\/04\/cropped-cropped-cropped-cropped-cropped-3-1.png","width":95,"height":122,"caption":"CVI NOTICIAS"},"image":{"@id":"https:\/\/cvinoticias.com\/v3\/#\/schema\/logo\/image\/"},"sameAs":["https:\/\/www.facebook.com\/cvinoticias","https:\/\/www.instagram.com\/cvinoticias\/","https:\/\/www.youtube.com\/@CVINOTICIAS"]},{"@type":"Person","@id":"https:\/\/cvinoticias.com\/v3\/#\/schema\/person\/2db77e3c6bc03c538495d7b2b8be9b66","name":"f1000024","image":{"@type":"ImageObject","inLanguage":"es","@id":"https:\/\/secure.gravatar.com\/avatar\/d4fe7459cfc51ff5129ce1a732bbef5928568b8092d412ef95611616376bbeed?s=96&d=mm&r=g","url":"https:\/\/secure.gravatar.com\/avatar\/d4fe7459cfc51ff5129ce1a732bbef5928568b8092d412ef95611616376bbeed?s=96&d=mm&r=g","contentUrl":"https:\/\/secure.gravatar.com\/avatar\/d4fe7459cfc51ff5129ce1a732bbef5928568b8092d412ef95611616376bbeed?s=96&d=mm&r=g","caption":"f1000024"},"url":"https:\/\/cvinoticias.com\/v3\/author\/f1000024\/"}]}},"_links":{"self":[{"href":"https:\/\/cvinoticias.com\/v3\/wp-json\/wp\/v2\/posts\/23310","targetHints":{"allow":["GET"]}}],"collection":[{"href":"https:\/\/cvinoticias.com\/v3\/wp-json\/wp\/v2\/posts"}],"about":[{"href":"https:\/\/cvinoticias.com\/v3\/wp-json\/wp\/v2\/types\/post"}],"author":[{"embeddable":true,"href":"https:\/\/cvinoticias.com\/v3\/wp-json\/wp\/v2\/users\/2"}],"replies":[{"embeddable":true,"href":"https:\/\/cvinoticias.com\/v3\/wp-json\/wp\/v2\/comments?post=23310"}],"version-history":[{"count":1,"href":"https:\/\/cvinoticias.com\/v3\/wp-json\/wp\/v2\/posts\/23310\/revisions"}],"predecessor-version":[{"id":23312,"href":"https:\/\/cvinoticias.com\/v3\/wp-json\/wp\/v2\/posts\/23310\/revisions\/23312"}],"wp:featuredmedia":[{"embeddable":true,"href":"https:\/\/cvinoticias.com\/v3\/wp-json\/wp\/v2\/media\/23311"}],"wp:attachment":[{"href":"https:\/\/cvinoticias.com\/v3\/wp-json\/wp\/v2\/media?parent=23310"}],"wp:term":[{"taxonomy":"category","embeddable":true,"href":"https:\/\/cvinoticias.com\/v3\/wp-json\/wp\/v2\/categories?post=23310"},{"taxonomy":"post_tag","embeddable":true,"href":"https:\/\/cvinoticias.com\/v3\/wp-json\/wp\/v2\/tags?post=23310"}],"curies":[{"name":"wp","href":"https:\/\/api.w.org\/{rel}","templated":true}]}}