{"id":23300,"date":"2023-03-15T01:23:06","date_gmt":"2023-03-15T01:23:06","guid":{"rendered":"https:\/\/cvinoticias.com\/v3\/?p=23300"},"modified":"2023-03-15T01:23:06","modified_gmt":"2023-03-15T01:23:06","slug":"manana-se-daran-de-baja-85-mil-titulares-del-potenciar-trabajo-que-no-se-validaron","status":"publish","type":"post","link":"https:\/\/cvinoticias.com\/v3\/manana-se-daran-de-baja-85-mil-titulares-del-potenciar-trabajo-que-no-se-validaron\/","title":{"rendered":"Ma\u00f1ana se dar\u00e1n de baja 85 mil titulares del Potenciar Trabajo que no se validaron"},"content":{"rendered":"\n<p><strong><em>Ser\u00e1 por no haber realizado el tr\u00e1mite luego de cuatro meses durante los cuales estuvo disponible.<\/em><\/strong><\/p>\n\n\n\n<p>La ministra de Desarrollo Social, Victoria Tolosa Paz, ratific\u00f3 que ma\u00f1ana vence el plazo para la validaci\u00f3n de identidad de los titulares del programa Potenciar Trabajo y confirm\u00f3 que ser\u00e1n 85 mil las bajas definitivas por no haber realizado el tr\u00e1mite luego de cuatro meses durante los cuales estuvo disponible.<\/p>\n\n\n\n<p>\u201cA partir del 15 de marzo tengo que liquidar los programas Potenciar Trabajo, y, en virtud de los resultados de la validaci\u00f3n, vamos a dar de baja a 85 mil titulares que se suman a 20 mil del Programa Nexo que se paga por determinadas tareas en un plan de actividades que tiene que presentar la Unidad de Gesti\u00f3n\u00bb, afirm\u00f3 Tolosa Paz esta ma\u00f1ana.<\/p>\n\n\n\n<p>La titular de la cartera social confirm\u00f3 que, entre los beneficiarios que se dar\u00e1n de baja, \u201chay 12.700 que pertenecen a la Unidad Piquetera\u201d, la organizaci\u00f3n que se encuentra realizando un acampe sobre la Avenida 9 de Julio desde ayer.<\/p>\n\n\n\n<p>La protesta, que se inici\u00f3 ayer a la tarde y en principio se extender\u00e1 hasta ma\u00f1ana mi\u00e9rcoles, afecta el tr\u00e1nsito vehicular en la principal arteria de la ciudad de Buenos Aires desde la avenida Corrientes hasta San Juan.<\/p>\n\n\n\n<p>Seg\u00fan explic\u00f3 Tolosa Paz, \u201cno hay petitorio y no hay pedido de audiencia formal\u201d de la Unidad Piquetera, y volvi\u00f3 a advertir que, \u201ccon acampe en la calle y la gente de reh\u00e9n, no los vamos a recibir\u201d.<\/p>\n\n\n\n<p>\u201cPasaron 4 meses y le decimos a (Eduardo) Belliboni (principal referente de ese espacio) que traiga a las puertas del Ministerio a los m\u00e1s de 12 mil titulares de la Unidad Piquetera que nos dijo que exist\u00edan y realizaban tareas y contraprestaci\u00f3n, y que est\u00e1 claro no era tal\u201d, expres\u00f3.<\/p>\n\n\n\n<p>Sobre la postura del Gobierno respecto al otorgamiento de nuevos planes sociales, reiter\u00f3: \u201cNo tenemos ninguna posibilidad ni voluntad pol\u00edtica de entregar m\u00e1s altas del Potenciar Trabajo, porque tenemos una posici\u00f3n firme que es respetar a quienes han hecho el proceso de validaci\u00f3n de identidad\u201d.<\/p>\n\n\n\n<p>Por otra parte, Tolosa Paz volvi\u00f3 a denunciar que la UP cobra a los titulares del Potenciar Trabajo de su organizaci\u00f3n un 2 por ciento del plan: \u201cEsto no corresponde, son 9 millones de pesos mensuales que recauda de la comisi\u00f3n que les cobra a las 12.700 personas que en el d\u00eda de ma\u00f1ana se le van a dar de baja\u201d.<\/p>\n\n\n\n<p>\u201cA m\u00ed me da mucha pena que haya gente que le dej\u00f3 ese dinero, ya no solamente para marchar, sino como una cuota social\u201d, apunt\u00f3.<\/p>\n\n\n\n<p>Asimismo, la ministra volvi\u00f3 a ratificar que hay dirigentes del Polo Obrero que pertenecen a la Unidad Piquetera que desalientan a los titulares del Potenciar Trabajo a anotarse al programa \u201cVolv\u00e9 a Estudiar\u201d como \u00fanica contraprestaci\u00f3n para el cobro del salario social complementario.<\/p>\n\n\n\n<p>\u201cHay denuncias de titulares del Polo Obrero, donde manifiestan que hay audios de referentes del Polo Obrero que dicen que no aprietes el bot\u00f3n de \u2018Volv\u00e9 a estudiar\u2019 en la aplicaci\u00f3n TINA, porque si no te sacamos el plan\u201d, cont\u00f3.<\/p>\n\n\n\n<p>\u201cEl programa \u2018Volv\u00e9 a Estudiar\u2019 para los titulares del Potenciar Trabajo que as\u00ed lo deseen, es certificado por el Estado y la escuela y ya no va a pasar por la Unidad de Gesti\u00f3n, y esto fue lo que enojo mucho a quienes se creen due\u00f1os de la pobreza y due\u00f1os de los titulares del Potenciar Trabajo\u201d, explic\u00f3 la funcionaria.<\/p>\n\n\n\n<p>Por \u00faltimo, ante la consulta de la posibilidad del desenganche del Salario Social Complementario del Salario M\u00ednimo Vital y M\u00f3vil, ratific\u00f3: \u201cNo estamos pensando en desenganchar porque entendemos que asistimos a poblaci\u00f3n en extrema vulnerabilidad sin bienes y sin patrimonios\u201d.<\/p>\n\n\n\n<p>\u201cNo hay desacople, lo que hay es un ordenamiento de la pol\u00edtica social en beneficio de las cuentas p\u00fablicas y en beneficio del 92 por ciento que valid\u00f3 los datos y no tuvo nada que ocultar\u201d, concluy\u00f3 Tolosa Paz.<\/p>\n","protected":false},"excerpt":{"rendered":"<p>Ser\u00e1 por no haber realizado el tr\u00e1mite luego de cuatro meses durante los cuales estuvo disponible. La ministra de Desarrollo Social, Victoria Tolosa Paz, ratific\u00f3 que ma\u00f1ana vence el plazo para la validaci\u00f3n de identidad de los titulares del programa Potenciar Trabajo y confirm\u00f3 que ser\u00e1n 85 mil las bajas definitivas por no haber realizado [&hellip;]<\/p>\n","protected":false},"author":2,"featured_media":23301,"comment_status":"open","ping_status":"open","sticky":false,"template":"","format":"standard","meta":{"footnotes":""},"categories":[35],"tags":[],"class_list":["post-23300","post","type-post","status-publish","format-standard","has-post-thumbnail","hentry","category-informacion-general"],"yoast_head":"<!-- This site is optimized with the Yoast SEO plugin v27.4 - https:\/\/yoast.com\/product\/yoast-seo-wordpress\/ -->\n<title>Ma\u00f1ana se dar\u00e1n de baja 85 mil titulares del Potenciar Trabajo que no se validaron | CVI NOTICIAS<\/title>\n<meta name=\"robots\" content=\"index, follow, max-snippet:-1, max-image-preview:large, max-video-preview:-1\" \/>\n<link rel=\"canonical\" href=\"https:\/\/cvinoticias.com\/v3\/manana-se-daran-de-baja-85-mil-titulares-del-potenciar-trabajo-que-no-se-validaron\/\" \/>\n<meta property=\"og:locale\" content=\"es_ES\" \/>\n<meta property=\"og:type\" content=\"article\" \/>\n<meta property=\"og:title\" content=\"Ma\u00f1ana se dar\u00e1n de baja 85 mil titulares del Potenciar Trabajo que no se validaron | CVI NOTICIAS\" \/>\n<meta property=\"og:description\" content=\"Ser\u00e1 por no haber realizado el tr\u00e1mite luego de cuatro meses durante los cuales estuvo disponible. La ministra de Desarrollo Social, Victoria Tolosa Paz, ratific\u00f3 que ma\u00f1ana vence el plazo para la validaci\u00f3n de identidad de los titulares del programa Potenciar Trabajo y confirm\u00f3 que ser\u00e1n 85 mil las bajas definitivas por no haber realizado [&hellip;]\" \/>\n<meta property=\"og:url\" content=\"https:\/\/cvinoticias.com\/v3\/manana-se-daran-de-baja-85-mil-titulares-del-potenciar-trabajo-que-no-se-validaron\/\" \/>\n<meta property=\"og:site_name\" content=\"CVI NOTICIAS\" \/>\n<meta property=\"article:publisher\" content=\"https:\/\/www.facebook.com\/cvinoticias\" \/>\n<meta property=\"article:published_time\" content=\"2023-03-15T01:23:06+00:00\" \/>\n<meta property=\"og:image\" content=\"https:\/\/cvinoticias.com\/wp-content\/uploads\/2023\/03\/0000125779.jpg\" \/>\n\t<meta property=\"og:image:width\" content=\"1200\" \/>\n\t<meta property=\"og:image:height\" content=\"675\" \/>\n\t<meta property=\"og:image:type\" content=\"image\/jpeg\" \/>\n<meta name=\"author\" content=\"f1000024\" \/>\n<meta name=\"twitter:card\" content=\"summary_large_image\" \/>\n<meta name=\"twitter:label1\" content=\"Escrito por\" \/>\n\t<meta name=\"twitter:data1\" content=\"f1000024\" \/>\n\t<meta name=\"twitter:label2\" content=\"Tiempo de lectura\" \/>\n\t<meta name=\"twitter:data2\" content=\"3 minutos\" \/>\n<script type=\"application\/ld+json\" class=\"yoast-schema-graph\">{\"@context\":\"https:\\\/\\\/schema.org\",\"@graph\":[{\"@type\":\"Article\",\"@id\":\"https:\\\/\\\/cvinoticias.com\\\/v3\\\/manana-se-daran-de-baja-85-mil-titulares-del-potenciar-trabajo-que-no-se-validaron\\\/#article\",\"isPartOf\":{\"@id\":\"https:\\\/\\\/cvinoticias.com\\\/v3\\\/manana-se-daran-de-baja-85-mil-titulares-del-potenciar-trabajo-que-no-se-validaron\\\/\"},\"author\":{\"name\":\"f1000024\",\"@id\":\"https:\\\/\\\/cvinoticias.com\\\/v3\\\/#\\\/schema\\\/person\\\/2db77e3c6bc03c538495d7b2b8be9b66\"},\"headline\":\"Ma\u00f1ana se dar\u00e1n de baja 85 mil titulares del Potenciar Trabajo que no se validaron\",\"datePublished\":\"2023-03-15T01:23:06+00:00\",\"mainEntityOfPage\":{\"@id\":\"https:\\\/\\\/cvinoticias.com\\\/v3\\\/manana-se-daran-de-baja-85-mil-titulares-del-potenciar-trabajo-que-no-se-validaron\\\/\"},\"wordCount\":690,\"commentCount\":0,\"publisher\":{\"@id\":\"https:\\\/\\\/cvinoticias.com\\\/v3\\\/#organization\"},\"image\":{\"@id\":\"https:\\\/\\\/cvinoticias.com\\\/v3\\\/manana-se-daran-de-baja-85-mil-titulares-del-potenciar-trabajo-que-no-se-validaron\\\/#primaryimage\"},\"thumbnailUrl\":\"https:\\\/\\\/cvinoticias.com\\\/wp-content\\\/uploads\\\/2023\\\/03\\\/0000125779.jpg\",\"articleSection\":[\"Informaci\u00f3n General\"],\"inLanguage\":\"es\",\"potentialAction\":[{\"@type\":\"CommentAction\",\"name\":\"Comment\",\"target\":[\"https:\\\/\\\/cvinoticias.com\\\/v3\\\/manana-se-daran-de-baja-85-mil-titulares-del-potenciar-trabajo-que-no-se-validaron\\\/#respond\"]}]},{\"@type\":\"WebPage\",\"@id\":\"https:\\\/\\\/cvinoticias.com\\\/v3\\\/manana-se-daran-de-baja-85-mil-titulares-del-potenciar-trabajo-que-no-se-validaron\\\/\",\"url\":\"https:\\\/\\\/cvinoticias.com\\\/v3\\\/manana-se-daran-de-baja-85-mil-titulares-del-potenciar-trabajo-que-no-se-validaron\\\/\",\"name\":\"Ma\u00f1ana se dar\u00e1n de baja 85 mil titulares del Potenciar Trabajo que no se validaron | CVI NOTICIAS\",\"isPartOf\":{\"@id\":\"https:\\\/\\\/cvinoticias.com\\\/v3\\\/#website\"},\"primaryImageOfPage\":{\"@id\":\"https:\\\/\\\/cvinoticias.com\\\/v3\\\/manana-se-daran-de-baja-85-mil-titulares-del-potenciar-trabajo-que-no-se-validaron\\\/#primaryimage\"},\"image\":{\"@id\":\"https:\\\/\\\/cvinoticias.com\\\/v3\\\/manana-se-daran-de-baja-85-mil-titulares-del-potenciar-trabajo-que-no-se-validaron\\\/#primaryimage\"},\"thumbnailUrl\":\"https:\\\/\\\/cvinoticias.com\\\/wp-content\\\/uploads\\\/2023\\\/03\\\/0000125779.jpg\",\"datePublished\":\"2023-03-15T01:23:06+00:00\",\"breadcrumb\":{\"@id\":\"https:\\\/\\\/cvinoticias.com\\\/v3\\\/manana-se-daran-de-baja-85-mil-titulares-del-potenciar-trabajo-que-no-se-validaron\\\/#breadcrumb\"},\"inLanguage\":\"es\",\"potentialAction\":[{\"@type\":\"ReadAction\",\"target\":[\"https:\\\/\\\/cvinoticias.com\\\/v3\\\/manana-se-daran-de-baja-85-mil-titulares-del-potenciar-trabajo-que-no-se-validaron\\\/\"]}]},{\"@type\":\"ImageObject\",\"inLanguage\":\"es\",\"@id\":\"https:\\\/\\\/cvinoticias.com\\\/v3\\\/manana-se-daran-de-baja-85-mil-titulares-del-potenciar-trabajo-que-no-se-validaron\\\/#primaryimage\",\"url\":\"https:\\\/\\\/cvinoticias.com\\\/wp-content\\\/uploads\\\/2023\\\/03\\\/0000125779.jpg\",\"contentUrl\":\"https:\\\/\\\/cvinoticias.com\\\/wp-content\\\/uploads\\\/2023\\\/03\\\/0000125779.jpg\",\"width\":1200,\"height\":675},{\"@type\":\"BreadcrumbList\",\"@id\":\"https:\\\/\\\/cvinoticias.com\\\/v3\\\/manana-se-daran-de-baja-85-mil-titulares-del-potenciar-trabajo-que-no-se-validaron\\\/#breadcrumb\",\"itemListElement\":[{\"@type\":\"ListItem\",\"position\":1,\"name\":\"Portada\",\"item\":\"https:\\\/\\\/cvinoticias.com\\\/v3\\\/\"},{\"@type\":\"ListItem\",\"position\":2,\"name\":\"Ma\u00f1ana se dar\u00e1n de baja 85 mil titulares del Potenciar Trabajo que no se validaron\"}]},{\"@type\":\"WebSite\",\"@id\":\"https:\\\/\\\/cvinoticias.com\\\/v3\\\/#website\",\"url\":\"https:\\\/\\\/cvinoticias.com\\\/v3\\\/\",\"name\":\"CVI NOTICIAS\",\"description\":\"\",\"publisher\":{\"@id\":\"https:\\\/\\\/cvinoticias.com\\\/v3\\\/#organization\"},\"alternateName\":\"CVI\",\"potentialAction\":[{\"@type\":\"SearchAction\",\"target\":{\"@type\":\"EntryPoint\",\"urlTemplate\":\"https:\\\/\\\/cvinoticias.com\\\/v3\\\/?s={search_term_string}\"},\"query-input\":{\"@type\":\"PropertyValueSpecification\",\"valueRequired\":true,\"valueName\":\"search_term_string\"}}],\"inLanguage\":\"es\"},{\"@type\":\"Organization\",\"@id\":\"https:\\\/\\\/cvinoticias.com\\\/v3\\\/#organization\",\"name\":\"CVI NOTICIAS\",\"url\":\"https:\\\/\\\/cvinoticias.com\\\/v3\\\/\",\"logo\":{\"@type\":\"ImageObject\",\"inLanguage\":\"es\",\"@id\":\"https:\\\/\\\/cvinoticias.com\\\/v3\\\/#\\\/schema\\\/logo\\\/image\\\/\",\"url\":\"https:\\\/\\\/cvinoticias.com\\\/wp-content\\\/uploads\\\/2023\\\/04\\\/cropped-cropped-cropped-cropped-cropped-3-1.png\",\"contentUrl\":\"https:\\\/\\\/cvinoticias.com\\\/wp-content\\\/uploads\\\/2023\\\/04\\\/cropped-cropped-cropped-cropped-cropped-3-1.png\",\"width\":95,\"height\":122,\"caption\":\"CVI NOTICIAS\"},\"image\":{\"@id\":\"https:\\\/\\\/cvinoticias.com\\\/v3\\\/#\\\/schema\\\/logo\\\/image\\\/\"},\"sameAs\":[\"https:\\\/\\\/www.facebook.com\\\/cvinoticias\",\"https:\\\/\\\/www.instagram.com\\\/cvinoticias\\\/\",\"https:\\\/\\\/www.youtube.com\\\/@CVINOTICIAS\"]},{\"@type\":\"Person\",\"@id\":\"https:\\\/\\\/cvinoticias.com\\\/v3\\\/#\\\/schema\\\/person\\\/2db77e3c6bc03c538495d7b2b8be9b66\",\"name\":\"f1000024\",\"image\":{\"@type\":\"ImageObject\",\"inLanguage\":\"es\",\"@id\":\"https:\\\/\\\/secure.gravatar.com\\\/avatar\\\/d4fe7459cfc51ff5129ce1a732bbef5928568b8092d412ef95611616376bbeed?s=96&d=mm&r=g\",\"url\":\"https:\\\/\\\/secure.gravatar.com\\\/avatar\\\/d4fe7459cfc51ff5129ce1a732bbef5928568b8092d412ef95611616376bbeed?s=96&d=mm&r=g\",\"contentUrl\":\"https:\\\/\\\/secure.gravatar.com\\\/avatar\\\/d4fe7459cfc51ff5129ce1a732bbef5928568b8092d412ef95611616376bbeed?s=96&d=mm&r=g\",\"caption\":\"f1000024\"},\"url\":\"https:\\\/\\\/cvinoticias.com\\\/v3\\\/author\\\/f1000024\\\/\"}]}<\/script>\n<!-- \/ Yoast SEO plugin. -->","yoast_head_json":{"title":"Ma\u00f1ana se dar\u00e1n de baja 85 mil titulares del Potenciar Trabajo que no se validaron | CVI NOTICIAS","robots":{"index":"index","follow":"follow","max-snippet":"max-snippet:-1","max-image-preview":"max-image-preview:large","max-video-preview":"max-video-preview:-1"},"canonical":"https:\/\/cvinoticias.com\/v3\/manana-se-daran-de-baja-85-mil-titulares-del-potenciar-trabajo-que-no-se-validaron\/","og_locale":"es_ES","og_type":"article","og_title":"Ma\u00f1ana se dar\u00e1n de baja 85 mil titulares del Potenciar Trabajo que no se validaron | CVI NOTICIAS","og_description":"Ser\u00e1 por no haber realizado el tr\u00e1mite luego de cuatro meses durante los cuales estuvo disponible. La ministra de Desarrollo Social, Victoria Tolosa Paz, ratific\u00f3 que ma\u00f1ana vence el plazo para la validaci\u00f3n de identidad de los titulares del programa Potenciar Trabajo y confirm\u00f3 que ser\u00e1n 85 mil las bajas definitivas por no haber realizado [&hellip;]","og_url":"https:\/\/cvinoticias.com\/v3\/manana-se-daran-de-baja-85-mil-titulares-del-potenciar-trabajo-que-no-se-validaron\/","og_site_name":"CVI NOTICIAS","article_publisher":"https:\/\/www.facebook.com\/cvinoticias","article_published_time":"2023-03-15T01:23:06+00:00","og_image":[{"width":1200,"height":675,"url":"https:\/\/cvinoticias.com\/wp-content\/uploads\/2023\/03\/0000125779.jpg","type":"image\/jpeg"}],"author":"f1000024","twitter_card":"summary_large_image","twitter_misc":{"Escrito por":"f1000024","Tiempo de lectura":"3 minutos"},"schema":{"@context":"https:\/\/schema.org","@graph":[{"@type":"Article","@id":"https:\/\/cvinoticias.com\/v3\/manana-se-daran-de-baja-85-mil-titulares-del-potenciar-trabajo-que-no-se-validaron\/#article","isPartOf":{"@id":"https:\/\/cvinoticias.com\/v3\/manana-se-daran-de-baja-85-mil-titulares-del-potenciar-trabajo-que-no-se-validaron\/"},"author":{"name":"f1000024","@id":"https:\/\/cvinoticias.com\/v3\/#\/schema\/person\/2db77e3c6bc03c538495d7b2b8be9b66"},"headline":"Ma\u00f1ana se dar\u00e1n de baja 85 mil titulares del Potenciar Trabajo que no se validaron","datePublished":"2023-03-15T01:23:06+00:00","mainEntityOfPage":{"@id":"https:\/\/cvinoticias.com\/v3\/manana-se-daran-de-baja-85-mil-titulares-del-potenciar-trabajo-que-no-se-validaron\/"},"wordCount":690,"commentCount":0,"publisher":{"@id":"https:\/\/cvinoticias.com\/v3\/#organization"},"image":{"@id":"https:\/\/cvinoticias.com\/v3\/manana-se-daran-de-baja-85-mil-titulares-del-potenciar-trabajo-que-no-se-validaron\/#primaryimage"},"thumbnailUrl":"https:\/\/cvinoticias.com\/wp-content\/uploads\/2023\/03\/0000125779.jpg","articleSection":["Informaci\u00f3n General"],"inLanguage":"es","potentialAction":[{"@type":"CommentAction","name":"Comment","target":["https:\/\/cvinoticias.com\/v3\/manana-se-daran-de-baja-85-mil-titulares-del-potenciar-trabajo-que-no-se-validaron\/#respond"]}]},{"@type":"WebPage","@id":"https:\/\/cvinoticias.com\/v3\/manana-se-daran-de-baja-85-mil-titulares-del-potenciar-trabajo-que-no-se-validaron\/","url":"https:\/\/cvinoticias.com\/v3\/manana-se-daran-de-baja-85-mil-titulares-del-potenciar-trabajo-que-no-se-validaron\/","name":"Ma\u00f1ana se dar\u00e1n de baja 85 mil titulares del Potenciar Trabajo que no se validaron | CVI NOTICIAS","isPartOf":{"@id":"https:\/\/cvinoticias.com\/v3\/#website"},"primaryImageOfPage":{"@id":"https:\/\/cvinoticias.com\/v3\/manana-se-daran-de-baja-85-mil-titulares-del-potenciar-trabajo-que-no-se-validaron\/#primaryimage"},"image":{"@id":"https:\/\/cvinoticias.com\/v3\/manana-se-daran-de-baja-85-mil-titulares-del-potenciar-trabajo-que-no-se-validaron\/#primaryimage"},"thumbnailUrl":"https:\/\/cvinoticias.com\/wp-content\/uploads\/2023\/03\/0000125779.jpg","datePublished":"2023-03-15T01:23:06+00:00","breadcrumb":{"@id":"https:\/\/cvinoticias.com\/v3\/manana-se-daran-de-baja-85-mil-titulares-del-potenciar-trabajo-que-no-se-validaron\/#breadcrumb"},"inLanguage":"es","potentialAction":[{"@type":"ReadAction","target":["https:\/\/cvinoticias.com\/v3\/manana-se-daran-de-baja-85-mil-titulares-del-potenciar-trabajo-que-no-se-validaron\/"]}]},{"@type":"ImageObject","inLanguage":"es","@id":"https:\/\/cvinoticias.com\/v3\/manana-se-daran-de-baja-85-mil-titulares-del-potenciar-trabajo-que-no-se-validaron\/#primaryimage","url":"https:\/\/cvinoticias.com\/wp-content\/uploads\/2023\/03\/0000125779.jpg","contentUrl":"https:\/\/cvinoticias.com\/wp-content\/uploads\/2023\/03\/0000125779.jpg","width":1200,"height":675},{"@type":"BreadcrumbList","@id":"https:\/\/cvinoticias.com\/v3\/manana-se-daran-de-baja-85-mil-titulares-del-potenciar-trabajo-que-no-se-validaron\/#breadcrumb","itemListElement":[{"@type":"ListItem","position":1,"name":"Portada","item":"https:\/\/cvinoticias.com\/v3\/"},{"@type":"ListItem","position":2,"name":"Ma\u00f1ana se dar\u00e1n de baja 85 mil titulares del Potenciar Trabajo que no se validaron"}]},{"@type":"WebSite","@id":"https:\/\/cvinoticias.com\/v3\/#website","url":"https:\/\/cvinoticias.com\/v3\/","name":"CVI NOTICIAS","description":"","publisher":{"@id":"https:\/\/cvinoticias.com\/v3\/#organization"},"alternateName":"CVI","potentialAction":[{"@type":"SearchAction","target":{"@type":"EntryPoint","urlTemplate":"https:\/\/cvinoticias.com\/v3\/?s={search_term_string}"},"query-input":{"@type":"PropertyValueSpecification","valueRequired":true,"valueName":"search_term_string"}}],"inLanguage":"es"},{"@type":"Organization","@id":"https:\/\/cvinoticias.com\/v3\/#organization","name":"CVI NOTICIAS","url":"https:\/\/cvinoticias.com\/v3\/","logo":{"@type":"ImageObject","inLanguage":"es","@id":"https:\/\/cvinoticias.com\/v3\/#\/schema\/logo\/image\/","url":"https:\/\/cvinoticias.com\/wp-content\/uploads\/2023\/04\/cropped-cropped-cropped-cropped-cropped-3-1.png","contentUrl":"https:\/\/cvinoticias.com\/wp-content\/uploads\/2023\/04\/cropped-cropped-cropped-cropped-cropped-3-1.png","width":95,"height":122,"caption":"CVI NOTICIAS"},"image":{"@id":"https:\/\/cvinoticias.com\/v3\/#\/schema\/logo\/image\/"},"sameAs":["https:\/\/www.facebook.com\/cvinoticias","https:\/\/www.instagram.com\/cvinoticias\/","https:\/\/www.youtube.com\/@CVINOTICIAS"]},{"@type":"Person","@id":"https:\/\/cvinoticias.com\/v3\/#\/schema\/person\/2db77e3c6bc03c538495d7b2b8be9b66","name":"f1000024","image":{"@type":"ImageObject","inLanguage":"es","@id":"https:\/\/secure.gravatar.com\/avatar\/d4fe7459cfc51ff5129ce1a732bbef5928568b8092d412ef95611616376bbeed?s=96&d=mm&r=g","url":"https:\/\/secure.gravatar.com\/avatar\/d4fe7459cfc51ff5129ce1a732bbef5928568b8092d412ef95611616376bbeed?s=96&d=mm&r=g","contentUrl":"https:\/\/secure.gravatar.com\/avatar\/d4fe7459cfc51ff5129ce1a732bbef5928568b8092d412ef95611616376bbeed?s=96&d=mm&r=g","caption":"f1000024"},"url":"https:\/\/cvinoticias.com\/v3\/author\/f1000024\/"}]}},"_links":{"self":[{"href":"https:\/\/cvinoticias.com\/v3\/wp-json\/wp\/v2\/posts\/23300","targetHints":{"allow":["GET"]}}],"collection":[{"href":"https:\/\/cvinoticias.com\/v3\/wp-json\/wp\/v2\/posts"}],"about":[{"href":"https:\/\/cvinoticias.com\/v3\/wp-json\/wp\/v2\/types\/post"}],"author":[{"embeddable":true,"href":"https:\/\/cvinoticias.com\/v3\/wp-json\/wp\/v2\/users\/2"}],"replies":[{"embeddable":true,"href":"https:\/\/cvinoticias.com\/v3\/wp-json\/wp\/v2\/comments?post=23300"}],"version-history":[{"count":1,"href":"https:\/\/cvinoticias.com\/v3\/wp-json\/wp\/v2\/posts\/23300\/revisions"}],"predecessor-version":[{"id":23302,"href":"https:\/\/cvinoticias.com\/v3\/wp-json\/wp\/v2\/posts\/23300\/revisions\/23302"}],"wp:featuredmedia":[{"embeddable":true,"href":"https:\/\/cvinoticias.com\/v3\/wp-json\/wp\/v2\/media\/23301"}],"wp:attachment":[{"href":"https:\/\/cvinoticias.com\/v3\/wp-json\/wp\/v2\/media?parent=23300"}],"wp:term":[{"taxonomy":"category","embeddable":true,"href":"https:\/\/cvinoticias.com\/v3\/wp-json\/wp\/v2\/categories?post=23300"},{"taxonomy":"post_tag","embeddable":true,"href":"https:\/\/cvinoticias.com\/v3\/wp-json\/wp\/v2\/tags?post=23300"}],"curies":[{"name":"wp","href":"https:\/\/api.w.org\/{rel}","templated":true}]}}