{"id":23297,"date":"2023-03-15T00:47:50","date_gmt":"2023-03-15T00:47:50","guid":{"rendered":"https:\/\/cvinoticias.com\/v3\/?p=23297"},"modified":"2023-03-15T00:47:50","modified_gmt":"2023-03-15T00:47:50","slug":"cayo-el-delincuente-buscado-por-el-asalto-en-una-vivienda-de-colonia-aurora","status":"publish","type":"post","link":"https:\/\/cvinoticias.com\/v3\/cayo-el-delincuente-buscado-por-el-asalto-en-una-vivienda-de-colonia-aurora\/","title":{"rendered":"Cay\u00f3 el delincuente buscado por el asalto en una vivienda de Colonia Aurora"},"content":{"rendered":"\n<p><strong><em>Fue en el marco de un importante despliegue en zona norte y centro de la provincia, donde lo capturaron cuando intentaba cruzar en canoa hacia Brasil<\/em><\/strong><\/p>\n\n\n\n<p>Este mediod\u00eda, en la localidad de El Soberbio m\u00e1s precisamente en el Paraje La Barra en cercan\u00edas al r\u00edo Uruguay, capturaron a Leandro S. de 28 a\u00f1os, luego de ser acorralado cuando intentaba cruzar el r\u00edo en una canoa junto a una joven. Adem\u00e1s, le secuestraron medio mill\u00f3n de pesos, m\u00e1s de mil quinientos reales y documentaciones brasile\u00f1as.<\/p>\n\n\n\n<p>El megaoperativo policial se despleg\u00f3 luego de que el pasado domingo ocurriera un asalto en la localidad de Colonia Aurora, donde dos delincuentes tras un enfrentamiento armado le robaron a una pareja de su casa m\u00e1s de 3 millones de pesos. En el lugar del hecho cay\u00f3 abatido Leandro Ariel Dos Santos de 40 a\u00f1os.<\/p>\n\n\n\n<p>Desde ese momento los investigadores comenzaron con las pesquisas y obtuvieron informaci\u00f3n que indicaba que el delincuente fallecido en el atraco se movilizaba en una motocross junto a Leandro S.<\/p>\n\n\n\n<p>Fue as\u00ed que en la tarde de ayer, con la orden del Juzgado de Instrucci\u00f3n Nro 3 de San Vicente, allanaron la vivienda del segundo implicado, que se encuentra ubicado en Colonia Alicia Alta, donde incautaron 374 mil pesos, un cuchillo y dos cartuchos de escopeta.<\/p>\n\n\n\n<p>Seguidamente, continuaron las tareas de rastrillajes y cierres de ingresos y egreso de las zona de alrededores. En ese contexto, este mediod\u00eda en la costa del r\u00edo observaron al delincuente cuando quer\u00eda huir en una precaria canoa, llevando varios bolsos por una zona no habilitada, hacia la costa de \u201cPrainha Do Cascalho\u201d, Rep\u00fablica Federativa del Brasil.<\/p>\n\n\n\n<p>Finalmente, el detenido fue trasladado a la dependencia policial a disposici\u00f3n de la Justicia, juntamente con el dinero que llevaba consigo. Adem\u00e1s, la joven que lo acompa\u00f1aba qued\u00f3 a consideraci\u00f3n de lo que dictamine la justicia correccional.<\/p>\n","protected":false},"excerpt":{"rendered":"<p>Fue en el marco de un importante despliegue en zona norte y centro de la provincia, donde lo capturaron cuando intentaba cruzar en canoa hacia Brasil Este mediod\u00eda, en la localidad de El Soberbio m\u00e1s precisamente en el Paraje La Barra en cercan\u00edas al r\u00edo Uruguay, capturaron a Leandro S. de 28 a\u00f1os, luego de [&hellip;]<\/p>\n","protected":false},"author":2,"featured_media":23298,"comment_status":"open","ping_status":"open","sticky":false,"template":"","format":"standard","meta":{"footnotes":""},"categories":[41],"tags":[],"class_list":["post-23297","post","type-post","status-publish","format-standard","has-post-thumbnail","hentry","category-policiales"],"yoast_head":"<!-- This site is optimized with the Yoast SEO plugin v27.5 - https:\/\/yoast.com\/product\/yoast-seo-wordpress\/ -->\n<title>Cay\u00f3 el delincuente buscado por el asalto en una vivienda de Colonia Aurora | CVI NOTICIAS<\/title>\n<meta name=\"robots\" content=\"index, follow, max-snippet:-1, max-image-preview:large, max-video-preview:-1\" \/>\n<link rel=\"canonical\" href=\"https:\/\/cvinoticias.com\/v3\/cayo-el-delincuente-buscado-por-el-asalto-en-una-vivienda-de-colonia-aurora\/\" \/>\n<meta property=\"og:locale\" content=\"es_ES\" \/>\n<meta property=\"og:type\" content=\"article\" \/>\n<meta property=\"og:title\" content=\"Cay\u00f3 el delincuente buscado por el asalto en una vivienda de Colonia Aurora | CVI NOTICIAS\" \/>\n<meta property=\"og:description\" content=\"Fue en el marco de un importante despliegue en zona norte y centro de la provincia, donde lo capturaron cuando intentaba cruzar en canoa hacia Brasil Este mediod\u00eda, en la localidad de El Soberbio m\u00e1s precisamente en el Paraje La Barra en cercan\u00edas al r\u00edo Uruguay, capturaron a Leandro S. de 28 a\u00f1os, luego de [&hellip;]\" \/>\n<meta property=\"og:url\" content=\"https:\/\/cvinoticias.com\/v3\/cayo-el-delincuente-buscado-por-el-asalto-en-una-vivienda-de-colonia-aurora\/\" \/>\n<meta property=\"og:site_name\" content=\"CVI NOTICIAS\" \/>\n<meta property=\"article:publisher\" content=\"https:\/\/www.facebook.com\/cvinoticias\" \/>\n<meta property=\"article:published_time\" content=\"2023-03-15T00:47:50+00:00\" \/>\n<meta property=\"og:image\" content=\"https:\/\/cvinoticias.com\/wp-content\/uploads\/2023\/03\/IMG-20230314-WA0238.jpg\" \/>\n\t<meta property=\"og:image:width\" content=\"1600\" \/>\n\t<meta property=\"og:image:height\" content=\"720\" \/>\n\t<meta property=\"og:image:type\" content=\"image\/jpeg\" \/>\n<meta name=\"author\" content=\"f1000024\" \/>\n<meta name=\"twitter:card\" content=\"summary_large_image\" \/>\n<meta name=\"twitter:label1\" content=\"Escrito por\" \/>\n\t<meta name=\"twitter:data1\" content=\"f1000024\" \/>\n\t<meta name=\"twitter:label2\" content=\"Tiempo de lectura\" \/>\n\t<meta name=\"twitter:data2\" content=\"2 minutos\" \/>\n<script type=\"application\/ld+json\" class=\"yoast-schema-graph\">{\"@context\":\"https:\\\/\\\/schema.org\",\"@graph\":[{\"@type\":\"Article\",\"@id\":\"https:\\\/\\\/cvinoticias.com\\\/v3\\\/cayo-el-delincuente-buscado-por-el-asalto-en-una-vivienda-de-colonia-aurora\\\/#article\",\"isPartOf\":{\"@id\":\"https:\\\/\\\/cvinoticias.com\\\/v3\\\/cayo-el-delincuente-buscado-por-el-asalto-en-una-vivienda-de-colonia-aurora\\\/\"},\"author\":{\"name\":\"f1000024\",\"@id\":\"https:\\\/\\\/cvinoticias.com\\\/v3\\\/#\\\/schema\\\/person\\\/2db77e3c6bc03c538495d7b2b8be9b66\"},\"headline\":\"Cay\u00f3 el delincuente buscado por el asalto en una vivienda de Colonia Aurora\",\"datePublished\":\"2023-03-15T00:47:50+00:00\",\"mainEntityOfPage\":{\"@id\":\"https:\\\/\\\/cvinoticias.com\\\/v3\\\/cayo-el-delincuente-buscado-por-el-asalto-en-una-vivienda-de-colonia-aurora\\\/\"},\"wordCount\":338,\"commentCount\":0,\"publisher\":{\"@id\":\"https:\\\/\\\/cvinoticias.com\\\/v3\\\/#organization\"},\"image\":{\"@id\":\"https:\\\/\\\/cvinoticias.com\\\/v3\\\/cayo-el-delincuente-buscado-por-el-asalto-en-una-vivienda-de-colonia-aurora\\\/#primaryimage\"},\"thumbnailUrl\":\"https:\\\/\\\/cvinoticias.com\\\/wp-content\\\/uploads\\\/2023\\\/03\\\/IMG-20230314-WA0238.jpg\",\"articleSection\":[\"Policiales\"],\"inLanguage\":\"es\",\"potentialAction\":[{\"@type\":\"CommentAction\",\"name\":\"Comment\",\"target\":[\"https:\\\/\\\/cvinoticias.com\\\/v3\\\/cayo-el-delincuente-buscado-por-el-asalto-en-una-vivienda-de-colonia-aurora\\\/#respond\"]}]},{\"@type\":\"WebPage\",\"@id\":\"https:\\\/\\\/cvinoticias.com\\\/v3\\\/cayo-el-delincuente-buscado-por-el-asalto-en-una-vivienda-de-colonia-aurora\\\/\",\"url\":\"https:\\\/\\\/cvinoticias.com\\\/v3\\\/cayo-el-delincuente-buscado-por-el-asalto-en-una-vivienda-de-colonia-aurora\\\/\",\"name\":\"Cay\u00f3 el delincuente buscado por el asalto en una vivienda de Colonia Aurora | CVI NOTICIAS\",\"isPartOf\":{\"@id\":\"https:\\\/\\\/cvinoticias.com\\\/v3\\\/#website\"},\"primaryImageOfPage\":{\"@id\":\"https:\\\/\\\/cvinoticias.com\\\/v3\\\/cayo-el-delincuente-buscado-por-el-asalto-en-una-vivienda-de-colonia-aurora\\\/#primaryimage\"},\"image\":{\"@id\":\"https:\\\/\\\/cvinoticias.com\\\/v3\\\/cayo-el-delincuente-buscado-por-el-asalto-en-una-vivienda-de-colonia-aurora\\\/#primaryimage\"},\"thumbnailUrl\":\"https:\\\/\\\/cvinoticias.com\\\/wp-content\\\/uploads\\\/2023\\\/03\\\/IMG-20230314-WA0238.jpg\",\"datePublished\":\"2023-03-15T00:47:50+00:00\",\"breadcrumb\":{\"@id\":\"https:\\\/\\\/cvinoticias.com\\\/v3\\\/cayo-el-delincuente-buscado-por-el-asalto-en-una-vivienda-de-colonia-aurora\\\/#breadcrumb\"},\"inLanguage\":\"es\",\"potentialAction\":[{\"@type\":\"ReadAction\",\"target\":[\"https:\\\/\\\/cvinoticias.com\\\/v3\\\/cayo-el-delincuente-buscado-por-el-asalto-en-una-vivienda-de-colonia-aurora\\\/\"]}]},{\"@type\":\"ImageObject\",\"inLanguage\":\"es\",\"@id\":\"https:\\\/\\\/cvinoticias.com\\\/v3\\\/cayo-el-delincuente-buscado-por-el-asalto-en-una-vivienda-de-colonia-aurora\\\/#primaryimage\",\"url\":\"https:\\\/\\\/cvinoticias.com\\\/wp-content\\\/uploads\\\/2023\\\/03\\\/IMG-20230314-WA0238.jpg\",\"contentUrl\":\"https:\\\/\\\/cvinoticias.com\\\/wp-content\\\/uploads\\\/2023\\\/03\\\/IMG-20230314-WA0238.jpg\",\"width\":1600,\"height\":720},{\"@type\":\"BreadcrumbList\",\"@id\":\"https:\\\/\\\/cvinoticias.com\\\/v3\\\/cayo-el-delincuente-buscado-por-el-asalto-en-una-vivienda-de-colonia-aurora\\\/#breadcrumb\",\"itemListElement\":[{\"@type\":\"ListItem\",\"position\":1,\"name\":\"Portada\",\"item\":\"https:\\\/\\\/cvinoticias.com\\\/v3\\\/\"},{\"@type\":\"ListItem\",\"position\":2,\"name\":\"Cay\u00f3 el delincuente buscado por el asalto en una vivienda de Colonia Aurora\"}]},{\"@type\":\"WebSite\",\"@id\":\"https:\\\/\\\/cvinoticias.com\\\/v3\\\/#website\",\"url\":\"https:\\\/\\\/cvinoticias.com\\\/v3\\\/\",\"name\":\"CVI NOTICIAS\",\"description\":\"\",\"publisher\":{\"@id\":\"https:\\\/\\\/cvinoticias.com\\\/v3\\\/#organization\"},\"alternateName\":\"CVI\",\"potentialAction\":[{\"@type\":\"SearchAction\",\"target\":{\"@type\":\"EntryPoint\",\"urlTemplate\":\"https:\\\/\\\/cvinoticias.com\\\/v3\\\/?s={search_term_string}\"},\"query-input\":{\"@type\":\"PropertyValueSpecification\",\"valueRequired\":true,\"valueName\":\"search_term_string\"}}],\"inLanguage\":\"es\"},{\"@type\":\"Organization\",\"@id\":\"https:\\\/\\\/cvinoticias.com\\\/v3\\\/#organization\",\"name\":\"CVI NOTICIAS\",\"url\":\"https:\\\/\\\/cvinoticias.com\\\/v3\\\/\",\"logo\":{\"@type\":\"ImageObject\",\"inLanguage\":\"es\",\"@id\":\"https:\\\/\\\/cvinoticias.com\\\/v3\\\/#\\\/schema\\\/logo\\\/image\\\/\",\"url\":\"https:\\\/\\\/cvinoticias.com\\\/wp-content\\\/uploads\\\/2023\\\/04\\\/cropped-cropped-cropped-cropped-cropped-3-1.png\",\"contentUrl\":\"https:\\\/\\\/cvinoticias.com\\\/wp-content\\\/uploads\\\/2023\\\/04\\\/cropped-cropped-cropped-cropped-cropped-3-1.png\",\"width\":95,\"height\":122,\"caption\":\"CVI NOTICIAS\"},\"image\":{\"@id\":\"https:\\\/\\\/cvinoticias.com\\\/v3\\\/#\\\/schema\\\/logo\\\/image\\\/\"},\"sameAs\":[\"https:\\\/\\\/www.facebook.com\\\/cvinoticias\",\"https:\\\/\\\/www.instagram.com\\\/cvinoticias\\\/\",\"https:\\\/\\\/www.youtube.com\\\/@CVINOTICIAS\"]},{\"@type\":\"Person\",\"@id\":\"https:\\\/\\\/cvinoticias.com\\\/v3\\\/#\\\/schema\\\/person\\\/2db77e3c6bc03c538495d7b2b8be9b66\",\"name\":\"f1000024\",\"image\":{\"@type\":\"ImageObject\",\"inLanguage\":\"es\",\"@id\":\"https:\\\/\\\/secure.gravatar.com\\\/avatar\\\/d4fe7459cfc51ff5129ce1a732bbef5928568b8092d412ef95611616376bbeed?s=96&d=mm&r=g\",\"url\":\"https:\\\/\\\/secure.gravatar.com\\\/avatar\\\/d4fe7459cfc51ff5129ce1a732bbef5928568b8092d412ef95611616376bbeed?s=96&d=mm&r=g\",\"contentUrl\":\"https:\\\/\\\/secure.gravatar.com\\\/avatar\\\/d4fe7459cfc51ff5129ce1a732bbef5928568b8092d412ef95611616376bbeed?s=96&d=mm&r=g\",\"caption\":\"f1000024\"},\"url\":\"https:\\\/\\\/cvinoticias.com\\\/v3\\\/author\\\/f1000024\\\/\"}]}<\/script>\n<!-- \/ Yoast SEO plugin. -->","yoast_head_json":{"title":"Cay\u00f3 el delincuente buscado por el asalto en una vivienda de Colonia Aurora | CVI NOTICIAS","robots":{"index":"index","follow":"follow","max-snippet":"max-snippet:-1","max-image-preview":"max-image-preview:large","max-video-preview":"max-video-preview:-1"},"canonical":"https:\/\/cvinoticias.com\/v3\/cayo-el-delincuente-buscado-por-el-asalto-en-una-vivienda-de-colonia-aurora\/","og_locale":"es_ES","og_type":"article","og_title":"Cay\u00f3 el delincuente buscado por el asalto en una vivienda de Colonia Aurora | CVI NOTICIAS","og_description":"Fue en el marco de un importante despliegue en zona norte y centro de la provincia, donde lo capturaron cuando intentaba cruzar en canoa hacia Brasil Este mediod\u00eda, en la localidad de El Soberbio m\u00e1s precisamente en el Paraje La Barra en cercan\u00edas al r\u00edo Uruguay, capturaron a Leandro S. de 28 a\u00f1os, luego de [&hellip;]","og_url":"https:\/\/cvinoticias.com\/v3\/cayo-el-delincuente-buscado-por-el-asalto-en-una-vivienda-de-colonia-aurora\/","og_site_name":"CVI NOTICIAS","article_publisher":"https:\/\/www.facebook.com\/cvinoticias","article_published_time":"2023-03-15T00:47:50+00:00","og_image":[{"width":1600,"height":720,"url":"https:\/\/cvinoticias.com\/wp-content\/uploads\/2023\/03\/IMG-20230314-WA0238.jpg","type":"image\/jpeg"}],"author":"f1000024","twitter_card":"summary_large_image","twitter_misc":{"Escrito por":"f1000024","Tiempo de lectura":"2 minutos"},"schema":{"@context":"https:\/\/schema.org","@graph":[{"@type":"Article","@id":"https:\/\/cvinoticias.com\/v3\/cayo-el-delincuente-buscado-por-el-asalto-en-una-vivienda-de-colonia-aurora\/#article","isPartOf":{"@id":"https:\/\/cvinoticias.com\/v3\/cayo-el-delincuente-buscado-por-el-asalto-en-una-vivienda-de-colonia-aurora\/"},"author":{"name":"f1000024","@id":"https:\/\/cvinoticias.com\/v3\/#\/schema\/person\/2db77e3c6bc03c538495d7b2b8be9b66"},"headline":"Cay\u00f3 el delincuente buscado por el asalto en una vivienda de Colonia Aurora","datePublished":"2023-03-15T00:47:50+00:00","mainEntityOfPage":{"@id":"https:\/\/cvinoticias.com\/v3\/cayo-el-delincuente-buscado-por-el-asalto-en-una-vivienda-de-colonia-aurora\/"},"wordCount":338,"commentCount":0,"publisher":{"@id":"https:\/\/cvinoticias.com\/v3\/#organization"},"image":{"@id":"https:\/\/cvinoticias.com\/v3\/cayo-el-delincuente-buscado-por-el-asalto-en-una-vivienda-de-colonia-aurora\/#primaryimage"},"thumbnailUrl":"https:\/\/cvinoticias.com\/wp-content\/uploads\/2023\/03\/IMG-20230314-WA0238.jpg","articleSection":["Policiales"],"inLanguage":"es","potentialAction":[{"@type":"CommentAction","name":"Comment","target":["https:\/\/cvinoticias.com\/v3\/cayo-el-delincuente-buscado-por-el-asalto-en-una-vivienda-de-colonia-aurora\/#respond"]}]},{"@type":"WebPage","@id":"https:\/\/cvinoticias.com\/v3\/cayo-el-delincuente-buscado-por-el-asalto-en-una-vivienda-de-colonia-aurora\/","url":"https:\/\/cvinoticias.com\/v3\/cayo-el-delincuente-buscado-por-el-asalto-en-una-vivienda-de-colonia-aurora\/","name":"Cay\u00f3 el delincuente buscado por el asalto en una vivienda de Colonia Aurora | CVI NOTICIAS","isPartOf":{"@id":"https:\/\/cvinoticias.com\/v3\/#website"},"primaryImageOfPage":{"@id":"https:\/\/cvinoticias.com\/v3\/cayo-el-delincuente-buscado-por-el-asalto-en-una-vivienda-de-colonia-aurora\/#primaryimage"},"image":{"@id":"https:\/\/cvinoticias.com\/v3\/cayo-el-delincuente-buscado-por-el-asalto-en-una-vivienda-de-colonia-aurora\/#primaryimage"},"thumbnailUrl":"https:\/\/cvinoticias.com\/wp-content\/uploads\/2023\/03\/IMG-20230314-WA0238.jpg","datePublished":"2023-03-15T00:47:50+00:00","breadcrumb":{"@id":"https:\/\/cvinoticias.com\/v3\/cayo-el-delincuente-buscado-por-el-asalto-en-una-vivienda-de-colonia-aurora\/#breadcrumb"},"inLanguage":"es","potentialAction":[{"@type":"ReadAction","target":["https:\/\/cvinoticias.com\/v3\/cayo-el-delincuente-buscado-por-el-asalto-en-una-vivienda-de-colonia-aurora\/"]}]},{"@type":"ImageObject","inLanguage":"es","@id":"https:\/\/cvinoticias.com\/v3\/cayo-el-delincuente-buscado-por-el-asalto-en-una-vivienda-de-colonia-aurora\/#primaryimage","url":"https:\/\/cvinoticias.com\/wp-content\/uploads\/2023\/03\/IMG-20230314-WA0238.jpg","contentUrl":"https:\/\/cvinoticias.com\/wp-content\/uploads\/2023\/03\/IMG-20230314-WA0238.jpg","width":1600,"height":720},{"@type":"BreadcrumbList","@id":"https:\/\/cvinoticias.com\/v3\/cayo-el-delincuente-buscado-por-el-asalto-en-una-vivienda-de-colonia-aurora\/#breadcrumb","itemListElement":[{"@type":"ListItem","position":1,"name":"Portada","item":"https:\/\/cvinoticias.com\/v3\/"},{"@type":"ListItem","position":2,"name":"Cay\u00f3 el delincuente buscado por el asalto en una vivienda de Colonia Aurora"}]},{"@type":"WebSite","@id":"https:\/\/cvinoticias.com\/v3\/#website","url":"https:\/\/cvinoticias.com\/v3\/","name":"CVI NOTICIAS","description":"","publisher":{"@id":"https:\/\/cvinoticias.com\/v3\/#organization"},"alternateName":"CVI","potentialAction":[{"@type":"SearchAction","target":{"@type":"EntryPoint","urlTemplate":"https:\/\/cvinoticias.com\/v3\/?s={search_term_string}"},"query-input":{"@type":"PropertyValueSpecification","valueRequired":true,"valueName":"search_term_string"}}],"inLanguage":"es"},{"@type":"Organization","@id":"https:\/\/cvinoticias.com\/v3\/#organization","name":"CVI NOTICIAS","url":"https:\/\/cvinoticias.com\/v3\/","logo":{"@type":"ImageObject","inLanguage":"es","@id":"https:\/\/cvinoticias.com\/v3\/#\/schema\/logo\/image\/","url":"https:\/\/cvinoticias.com\/wp-content\/uploads\/2023\/04\/cropped-cropped-cropped-cropped-cropped-3-1.png","contentUrl":"https:\/\/cvinoticias.com\/wp-content\/uploads\/2023\/04\/cropped-cropped-cropped-cropped-cropped-3-1.png","width":95,"height":122,"caption":"CVI NOTICIAS"},"image":{"@id":"https:\/\/cvinoticias.com\/v3\/#\/schema\/logo\/image\/"},"sameAs":["https:\/\/www.facebook.com\/cvinoticias","https:\/\/www.instagram.com\/cvinoticias\/","https:\/\/www.youtube.com\/@CVINOTICIAS"]},{"@type":"Person","@id":"https:\/\/cvinoticias.com\/v3\/#\/schema\/person\/2db77e3c6bc03c538495d7b2b8be9b66","name":"f1000024","image":{"@type":"ImageObject","inLanguage":"es","@id":"https:\/\/secure.gravatar.com\/avatar\/d4fe7459cfc51ff5129ce1a732bbef5928568b8092d412ef95611616376bbeed?s=96&d=mm&r=g","url":"https:\/\/secure.gravatar.com\/avatar\/d4fe7459cfc51ff5129ce1a732bbef5928568b8092d412ef95611616376bbeed?s=96&d=mm&r=g","contentUrl":"https:\/\/secure.gravatar.com\/avatar\/d4fe7459cfc51ff5129ce1a732bbef5928568b8092d412ef95611616376bbeed?s=96&d=mm&r=g","caption":"f1000024"},"url":"https:\/\/cvinoticias.com\/v3\/author\/f1000024\/"}]}},"_links":{"self":[{"href":"https:\/\/cvinoticias.com\/v3\/wp-json\/wp\/v2\/posts\/23297","targetHints":{"allow":["GET"]}}],"collection":[{"href":"https:\/\/cvinoticias.com\/v3\/wp-json\/wp\/v2\/posts"}],"about":[{"href":"https:\/\/cvinoticias.com\/v3\/wp-json\/wp\/v2\/types\/post"}],"author":[{"embeddable":true,"href":"https:\/\/cvinoticias.com\/v3\/wp-json\/wp\/v2\/users\/2"}],"replies":[{"embeddable":true,"href":"https:\/\/cvinoticias.com\/v3\/wp-json\/wp\/v2\/comments?post=23297"}],"version-history":[{"count":1,"href":"https:\/\/cvinoticias.com\/v3\/wp-json\/wp\/v2\/posts\/23297\/revisions"}],"predecessor-version":[{"id":23299,"href":"https:\/\/cvinoticias.com\/v3\/wp-json\/wp\/v2\/posts\/23297\/revisions\/23299"}],"wp:featuredmedia":[{"embeddable":true,"href":"https:\/\/cvinoticias.com\/v3\/wp-json\/wp\/v2\/media\/23298"}],"wp:attachment":[{"href":"https:\/\/cvinoticias.com\/v3\/wp-json\/wp\/v2\/media?parent=23297"}],"wp:term":[{"taxonomy":"category","embeddable":true,"href":"https:\/\/cvinoticias.com\/v3\/wp-json\/wp\/v2\/categories?post=23297"},{"taxonomy":"post_tag","embeddable":true,"href":"https:\/\/cvinoticias.com\/v3\/wp-json\/wp\/v2\/tags?post=23297"}],"curies":[{"name":"wp","href":"https:\/\/api.w.org\/{rel}","templated":true}]}}