{"id":23294,"date":"2023-03-14T23:28:24","date_gmt":"2023-03-14T23:28:24","guid":{"rendered":"https:\/\/cvinoticias.com\/v3\/?p=23294"},"modified":"2023-03-14T23:28:24","modified_gmt":"2023-03-14T23:28:24","slug":"la-policia-federal-iguazu-recupero-camioneta-robada-en-buenos-aires","status":"publish","type":"post","link":"https:\/\/cvinoticias.com\/v3\/la-policia-federal-iguazu-recupero-camioneta-robada-en-buenos-aires\/","title":{"rendered":"La Polic\u00eda Federal Iguaz\u00fa recuper\u00f3 camioneta robada en Buenos Aires"},"content":{"rendered":"\n<p><strong><em>La Divisi\u00f3n Unidad Operativa Federal de la Polic\u00eda Federal Argentina con asiento en Puerto Iguaz\u00fa, luego de investigaciones criminales dieron con informaci\u00f3n precisa referente al robo de una camioneta tipo Pick-Up 4&#215;4 de color rojo en el conurbano Bonaerense y que, aparentemente circulaba en la ciudad tur\u00edstica.<\/em><\/strong><\/p>\n\n\n\n<p>Es as\u00ed, que en horario del mediod\u00eda los Agentes federales lograron dar con un veh\u00edculo de igual similitud, donde una vez consultado el dominio con la base de datos, el mismo pose\u00eda un pedido de secuestro por \u201cROBO\u201d en el Conurbano Bonaerense.<\/p>\n\n\n\n<p>Seguidamente y luego de identificar al conductor quien result\u00f3 ser una persona de g\u00e9nero masculino, mayor de edad, tom\u00f3 intervenci\u00f3n el Juzgado Federal de Eldorado, quien dispuso se instruyen actuaciones por Falsificacion de Documento Publico y secuestro del veh\u00edculo con su documentaci\u00f3n, quedando el conductor supeditado a la causa.<\/p>\n","protected":false},"excerpt":{"rendered":"<p>La Divisi\u00f3n Unidad Operativa Federal de la Polic\u00eda Federal Argentina con asiento en Puerto Iguaz\u00fa, luego de investigaciones criminales dieron con informaci\u00f3n precisa referente al robo de una camioneta tipo Pick-Up 4&#215;4 de color rojo en el conurbano Bonaerense y que, aparentemente circulaba en la ciudad tur\u00edstica. Es as\u00ed, que en horario del mediod\u00eda los [&hellip;]<\/p>\n","protected":false},"author":2,"featured_media":23295,"comment_status":"open","ping_status":"open","sticky":false,"template":"","format":"standard","meta":{"footnotes":""},"categories":[41],"tags":[],"class_list":["post-23294","post","type-post","status-publish","format-standard","has-post-thumbnail","hentry","category-policiales"],"yoast_head":"<!-- This site is optimized with the Yoast SEO plugin v27.5 - https:\/\/yoast.com\/product\/yoast-seo-wordpress\/ -->\n<title>La Polic\u00eda Federal Iguaz\u00fa recuper\u00f3 camioneta robada en Buenos Aires | CVI NOTICIAS<\/title>\n<meta name=\"robots\" content=\"index, follow, max-snippet:-1, max-image-preview:large, max-video-preview:-1\" \/>\n<link rel=\"canonical\" href=\"https:\/\/cvinoticias.com\/v3\/la-policia-federal-iguazu-recupero-camioneta-robada-en-buenos-aires\/\" \/>\n<meta property=\"og:locale\" content=\"es_ES\" \/>\n<meta property=\"og:type\" content=\"article\" \/>\n<meta property=\"og:title\" content=\"La Polic\u00eda Federal Iguaz\u00fa recuper\u00f3 camioneta robada en Buenos Aires | CVI NOTICIAS\" \/>\n<meta property=\"og:description\" content=\"La Divisi\u00f3n Unidad Operativa Federal de la Polic\u00eda Federal Argentina con asiento en Puerto Iguaz\u00fa, luego de investigaciones criminales dieron con informaci\u00f3n precisa referente al robo de una camioneta tipo Pick-Up 4&#215;4 de color rojo en el conurbano Bonaerense y que, aparentemente circulaba en la ciudad tur\u00edstica. Es as\u00ed, que en horario del mediod\u00eda los [&hellip;]\" \/>\n<meta property=\"og:url\" content=\"https:\/\/cvinoticias.com\/v3\/la-policia-federal-iguazu-recupero-camioneta-robada-en-buenos-aires\/\" \/>\n<meta property=\"og:site_name\" content=\"CVI NOTICIAS\" \/>\n<meta property=\"article:publisher\" content=\"https:\/\/www.facebook.com\/cvinoticias\" \/>\n<meta property=\"article:published_time\" content=\"2023-03-14T23:28:24+00:00\" \/>\n<meta property=\"og:image\" content=\"https:\/\/cvinoticias.com\/wp-content\/uploads\/2023\/03\/IMG-20230314-WA0199.jpg\" \/>\n\t<meta property=\"og:image:width\" content=\"1024\" \/>\n\t<meta property=\"og:image:height\" content=\"768\" \/>\n\t<meta property=\"og:image:type\" content=\"image\/jpeg\" \/>\n<meta name=\"author\" content=\"f1000024\" \/>\n<meta name=\"twitter:card\" content=\"summary_large_image\" \/>\n<meta name=\"twitter:label1\" content=\"Escrito por\" \/>\n\t<meta name=\"twitter:data1\" content=\"f1000024\" \/>\n\t<meta name=\"twitter:label2\" content=\"Tiempo de lectura\" \/>\n\t<meta name=\"twitter:data2\" content=\"1 minuto\" \/>\n<script type=\"application\/ld+json\" class=\"yoast-schema-graph\">{\"@context\":\"https:\\\/\\\/schema.org\",\"@graph\":[{\"@type\":\"Article\",\"@id\":\"https:\\\/\\\/cvinoticias.com\\\/v3\\\/la-policia-federal-iguazu-recupero-camioneta-robada-en-buenos-aires\\\/#article\",\"isPartOf\":{\"@id\":\"https:\\\/\\\/cvinoticias.com\\\/v3\\\/la-policia-federal-iguazu-recupero-camioneta-robada-en-buenos-aires\\\/\"},\"author\":{\"name\":\"f1000024\",\"@id\":\"https:\\\/\\\/cvinoticias.com\\\/v3\\\/#\\\/schema\\\/person\\\/2db77e3c6bc03c538495d7b2b8be9b66\"},\"headline\":\"La Polic\u00eda Federal Iguaz\u00fa recuper\u00f3 camioneta robada en Buenos Aires\",\"datePublished\":\"2023-03-14T23:28:24+00:00\",\"mainEntityOfPage\":{\"@id\":\"https:\\\/\\\/cvinoticias.com\\\/v3\\\/la-policia-federal-iguazu-recupero-camioneta-robada-en-buenos-aires\\\/\"},\"wordCount\":160,\"commentCount\":0,\"publisher\":{\"@id\":\"https:\\\/\\\/cvinoticias.com\\\/v3\\\/#organization\"},\"image\":{\"@id\":\"https:\\\/\\\/cvinoticias.com\\\/v3\\\/la-policia-federal-iguazu-recupero-camioneta-robada-en-buenos-aires\\\/#primaryimage\"},\"thumbnailUrl\":\"https:\\\/\\\/cvinoticias.com\\\/wp-content\\\/uploads\\\/2023\\\/03\\\/IMG-20230314-WA0199.jpg\",\"articleSection\":[\"Policiales\"],\"inLanguage\":\"es\",\"potentialAction\":[{\"@type\":\"CommentAction\",\"name\":\"Comment\",\"target\":[\"https:\\\/\\\/cvinoticias.com\\\/v3\\\/la-policia-federal-iguazu-recupero-camioneta-robada-en-buenos-aires\\\/#respond\"]}]},{\"@type\":\"WebPage\",\"@id\":\"https:\\\/\\\/cvinoticias.com\\\/v3\\\/la-policia-federal-iguazu-recupero-camioneta-robada-en-buenos-aires\\\/\",\"url\":\"https:\\\/\\\/cvinoticias.com\\\/v3\\\/la-policia-federal-iguazu-recupero-camioneta-robada-en-buenos-aires\\\/\",\"name\":\"La Polic\u00eda Federal Iguaz\u00fa recuper\u00f3 camioneta robada en Buenos Aires | CVI NOTICIAS\",\"isPartOf\":{\"@id\":\"https:\\\/\\\/cvinoticias.com\\\/v3\\\/#website\"},\"primaryImageOfPage\":{\"@id\":\"https:\\\/\\\/cvinoticias.com\\\/v3\\\/la-policia-federal-iguazu-recupero-camioneta-robada-en-buenos-aires\\\/#primaryimage\"},\"image\":{\"@id\":\"https:\\\/\\\/cvinoticias.com\\\/v3\\\/la-policia-federal-iguazu-recupero-camioneta-robada-en-buenos-aires\\\/#primaryimage\"},\"thumbnailUrl\":\"https:\\\/\\\/cvinoticias.com\\\/wp-content\\\/uploads\\\/2023\\\/03\\\/IMG-20230314-WA0199.jpg\",\"datePublished\":\"2023-03-14T23:28:24+00:00\",\"breadcrumb\":{\"@id\":\"https:\\\/\\\/cvinoticias.com\\\/v3\\\/la-policia-federal-iguazu-recupero-camioneta-robada-en-buenos-aires\\\/#breadcrumb\"},\"inLanguage\":\"es\",\"potentialAction\":[{\"@type\":\"ReadAction\",\"target\":[\"https:\\\/\\\/cvinoticias.com\\\/v3\\\/la-policia-federal-iguazu-recupero-camioneta-robada-en-buenos-aires\\\/\"]}]},{\"@type\":\"ImageObject\",\"inLanguage\":\"es\",\"@id\":\"https:\\\/\\\/cvinoticias.com\\\/v3\\\/la-policia-federal-iguazu-recupero-camioneta-robada-en-buenos-aires\\\/#primaryimage\",\"url\":\"https:\\\/\\\/cvinoticias.com\\\/wp-content\\\/uploads\\\/2023\\\/03\\\/IMG-20230314-WA0199.jpg\",\"contentUrl\":\"https:\\\/\\\/cvinoticias.com\\\/wp-content\\\/uploads\\\/2023\\\/03\\\/IMG-20230314-WA0199.jpg\",\"width\":1024,\"height\":768},{\"@type\":\"BreadcrumbList\",\"@id\":\"https:\\\/\\\/cvinoticias.com\\\/v3\\\/la-policia-federal-iguazu-recupero-camioneta-robada-en-buenos-aires\\\/#breadcrumb\",\"itemListElement\":[{\"@type\":\"ListItem\",\"position\":1,\"name\":\"Portada\",\"item\":\"https:\\\/\\\/cvinoticias.com\\\/v3\\\/\"},{\"@type\":\"ListItem\",\"position\":2,\"name\":\"La Polic\u00eda Federal Iguaz\u00fa recuper\u00f3 camioneta robada en Buenos Aires\"}]},{\"@type\":\"WebSite\",\"@id\":\"https:\\\/\\\/cvinoticias.com\\\/v3\\\/#website\",\"url\":\"https:\\\/\\\/cvinoticias.com\\\/v3\\\/\",\"name\":\"CVI NOTICIAS\",\"description\":\"\",\"publisher\":{\"@id\":\"https:\\\/\\\/cvinoticias.com\\\/v3\\\/#organization\"},\"alternateName\":\"CVI\",\"potentialAction\":[{\"@type\":\"SearchAction\",\"target\":{\"@type\":\"EntryPoint\",\"urlTemplate\":\"https:\\\/\\\/cvinoticias.com\\\/v3\\\/?s={search_term_string}\"},\"query-input\":{\"@type\":\"PropertyValueSpecification\",\"valueRequired\":true,\"valueName\":\"search_term_string\"}}],\"inLanguage\":\"es\"},{\"@type\":\"Organization\",\"@id\":\"https:\\\/\\\/cvinoticias.com\\\/v3\\\/#organization\",\"name\":\"CVI NOTICIAS\",\"url\":\"https:\\\/\\\/cvinoticias.com\\\/v3\\\/\",\"logo\":{\"@type\":\"ImageObject\",\"inLanguage\":\"es\",\"@id\":\"https:\\\/\\\/cvinoticias.com\\\/v3\\\/#\\\/schema\\\/logo\\\/image\\\/\",\"url\":\"https:\\\/\\\/cvinoticias.com\\\/wp-content\\\/uploads\\\/2023\\\/04\\\/cropped-cropped-cropped-cropped-cropped-3-1.png\",\"contentUrl\":\"https:\\\/\\\/cvinoticias.com\\\/wp-content\\\/uploads\\\/2023\\\/04\\\/cropped-cropped-cropped-cropped-cropped-3-1.png\",\"width\":95,\"height\":122,\"caption\":\"CVI NOTICIAS\"},\"image\":{\"@id\":\"https:\\\/\\\/cvinoticias.com\\\/v3\\\/#\\\/schema\\\/logo\\\/image\\\/\"},\"sameAs\":[\"https:\\\/\\\/www.facebook.com\\\/cvinoticias\",\"https:\\\/\\\/www.instagram.com\\\/cvinoticias\\\/\",\"https:\\\/\\\/www.youtube.com\\\/@CVINOTICIAS\"]},{\"@type\":\"Person\",\"@id\":\"https:\\\/\\\/cvinoticias.com\\\/v3\\\/#\\\/schema\\\/person\\\/2db77e3c6bc03c538495d7b2b8be9b66\",\"name\":\"f1000024\",\"image\":{\"@type\":\"ImageObject\",\"inLanguage\":\"es\",\"@id\":\"https:\\\/\\\/secure.gravatar.com\\\/avatar\\\/d4fe7459cfc51ff5129ce1a732bbef5928568b8092d412ef95611616376bbeed?s=96&d=mm&r=g\",\"url\":\"https:\\\/\\\/secure.gravatar.com\\\/avatar\\\/d4fe7459cfc51ff5129ce1a732bbef5928568b8092d412ef95611616376bbeed?s=96&d=mm&r=g\",\"contentUrl\":\"https:\\\/\\\/secure.gravatar.com\\\/avatar\\\/d4fe7459cfc51ff5129ce1a732bbef5928568b8092d412ef95611616376bbeed?s=96&d=mm&r=g\",\"caption\":\"f1000024\"},\"url\":\"https:\\\/\\\/cvinoticias.com\\\/v3\\\/author\\\/f1000024\\\/\"}]}<\/script>\n<!-- \/ Yoast SEO plugin. -->","yoast_head_json":{"title":"La Polic\u00eda Federal Iguaz\u00fa recuper\u00f3 camioneta robada en Buenos Aires | CVI NOTICIAS","robots":{"index":"index","follow":"follow","max-snippet":"max-snippet:-1","max-image-preview":"max-image-preview:large","max-video-preview":"max-video-preview:-1"},"canonical":"https:\/\/cvinoticias.com\/v3\/la-policia-federal-iguazu-recupero-camioneta-robada-en-buenos-aires\/","og_locale":"es_ES","og_type":"article","og_title":"La Polic\u00eda Federal Iguaz\u00fa recuper\u00f3 camioneta robada en Buenos Aires | CVI NOTICIAS","og_description":"La Divisi\u00f3n Unidad Operativa Federal de la Polic\u00eda Federal Argentina con asiento en Puerto Iguaz\u00fa, luego de investigaciones criminales dieron con informaci\u00f3n precisa referente al robo de una camioneta tipo Pick-Up 4&#215;4 de color rojo en el conurbano Bonaerense y que, aparentemente circulaba en la ciudad tur\u00edstica. Es as\u00ed, que en horario del mediod\u00eda los [&hellip;]","og_url":"https:\/\/cvinoticias.com\/v3\/la-policia-federal-iguazu-recupero-camioneta-robada-en-buenos-aires\/","og_site_name":"CVI NOTICIAS","article_publisher":"https:\/\/www.facebook.com\/cvinoticias","article_published_time":"2023-03-14T23:28:24+00:00","og_image":[{"width":1024,"height":768,"url":"https:\/\/cvinoticias.com\/wp-content\/uploads\/2023\/03\/IMG-20230314-WA0199.jpg","type":"image\/jpeg"}],"author":"f1000024","twitter_card":"summary_large_image","twitter_misc":{"Escrito por":"f1000024","Tiempo de lectura":"1 minuto"},"schema":{"@context":"https:\/\/schema.org","@graph":[{"@type":"Article","@id":"https:\/\/cvinoticias.com\/v3\/la-policia-federal-iguazu-recupero-camioneta-robada-en-buenos-aires\/#article","isPartOf":{"@id":"https:\/\/cvinoticias.com\/v3\/la-policia-federal-iguazu-recupero-camioneta-robada-en-buenos-aires\/"},"author":{"name":"f1000024","@id":"https:\/\/cvinoticias.com\/v3\/#\/schema\/person\/2db77e3c6bc03c538495d7b2b8be9b66"},"headline":"La Polic\u00eda Federal Iguaz\u00fa recuper\u00f3 camioneta robada en Buenos Aires","datePublished":"2023-03-14T23:28:24+00:00","mainEntityOfPage":{"@id":"https:\/\/cvinoticias.com\/v3\/la-policia-federal-iguazu-recupero-camioneta-robada-en-buenos-aires\/"},"wordCount":160,"commentCount":0,"publisher":{"@id":"https:\/\/cvinoticias.com\/v3\/#organization"},"image":{"@id":"https:\/\/cvinoticias.com\/v3\/la-policia-federal-iguazu-recupero-camioneta-robada-en-buenos-aires\/#primaryimage"},"thumbnailUrl":"https:\/\/cvinoticias.com\/wp-content\/uploads\/2023\/03\/IMG-20230314-WA0199.jpg","articleSection":["Policiales"],"inLanguage":"es","potentialAction":[{"@type":"CommentAction","name":"Comment","target":["https:\/\/cvinoticias.com\/v3\/la-policia-federal-iguazu-recupero-camioneta-robada-en-buenos-aires\/#respond"]}]},{"@type":"WebPage","@id":"https:\/\/cvinoticias.com\/v3\/la-policia-federal-iguazu-recupero-camioneta-robada-en-buenos-aires\/","url":"https:\/\/cvinoticias.com\/v3\/la-policia-federal-iguazu-recupero-camioneta-robada-en-buenos-aires\/","name":"La Polic\u00eda Federal Iguaz\u00fa recuper\u00f3 camioneta robada en Buenos Aires | CVI NOTICIAS","isPartOf":{"@id":"https:\/\/cvinoticias.com\/v3\/#website"},"primaryImageOfPage":{"@id":"https:\/\/cvinoticias.com\/v3\/la-policia-federal-iguazu-recupero-camioneta-robada-en-buenos-aires\/#primaryimage"},"image":{"@id":"https:\/\/cvinoticias.com\/v3\/la-policia-federal-iguazu-recupero-camioneta-robada-en-buenos-aires\/#primaryimage"},"thumbnailUrl":"https:\/\/cvinoticias.com\/wp-content\/uploads\/2023\/03\/IMG-20230314-WA0199.jpg","datePublished":"2023-03-14T23:28:24+00:00","breadcrumb":{"@id":"https:\/\/cvinoticias.com\/v3\/la-policia-federal-iguazu-recupero-camioneta-robada-en-buenos-aires\/#breadcrumb"},"inLanguage":"es","potentialAction":[{"@type":"ReadAction","target":["https:\/\/cvinoticias.com\/v3\/la-policia-federal-iguazu-recupero-camioneta-robada-en-buenos-aires\/"]}]},{"@type":"ImageObject","inLanguage":"es","@id":"https:\/\/cvinoticias.com\/v3\/la-policia-federal-iguazu-recupero-camioneta-robada-en-buenos-aires\/#primaryimage","url":"https:\/\/cvinoticias.com\/wp-content\/uploads\/2023\/03\/IMG-20230314-WA0199.jpg","contentUrl":"https:\/\/cvinoticias.com\/wp-content\/uploads\/2023\/03\/IMG-20230314-WA0199.jpg","width":1024,"height":768},{"@type":"BreadcrumbList","@id":"https:\/\/cvinoticias.com\/v3\/la-policia-federal-iguazu-recupero-camioneta-robada-en-buenos-aires\/#breadcrumb","itemListElement":[{"@type":"ListItem","position":1,"name":"Portada","item":"https:\/\/cvinoticias.com\/v3\/"},{"@type":"ListItem","position":2,"name":"La Polic\u00eda Federal Iguaz\u00fa recuper\u00f3 camioneta robada en Buenos Aires"}]},{"@type":"WebSite","@id":"https:\/\/cvinoticias.com\/v3\/#website","url":"https:\/\/cvinoticias.com\/v3\/","name":"CVI NOTICIAS","description":"","publisher":{"@id":"https:\/\/cvinoticias.com\/v3\/#organization"},"alternateName":"CVI","potentialAction":[{"@type":"SearchAction","target":{"@type":"EntryPoint","urlTemplate":"https:\/\/cvinoticias.com\/v3\/?s={search_term_string}"},"query-input":{"@type":"PropertyValueSpecification","valueRequired":true,"valueName":"search_term_string"}}],"inLanguage":"es"},{"@type":"Organization","@id":"https:\/\/cvinoticias.com\/v3\/#organization","name":"CVI NOTICIAS","url":"https:\/\/cvinoticias.com\/v3\/","logo":{"@type":"ImageObject","inLanguage":"es","@id":"https:\/\/cvinoticias.com\/v3\/#\/schema\/logo\/image\/","url":"https:\/\/cvinoticias.com\/wp-content\/uploads\/2023\/04\/cropped-cropped-cropped-cropped-cropped-3-1.png","contentUrl":"https:\/\/cvinoticias.com\/wp-content\/uploads\/2023\/04\/cropped-cropped-cropped-cropped-cropped-3-1.png","width":95,"height":122,"caption":"CVI NOTICIAS"},"image":{"@id":"https:\/\/cvinoticias.com\/v3\/#\/schema\/logo\/image\/"},"sameAs":["https:\/\/www.facebook.com\/cvinoticias","https:\/\/www.instagram.com\/cvinoticias\/","https:\/\/www.youtube.com\/@CVINOTICIAS"]},{"@type":"Person","@id":"https:\/\/cvinoticias.com\/v3\/#\/schema\/person\/2db77e3c6bc03c538495d7b2b8be9b66","name":"f1000024","image":{"@type":"ImageObject","inLanguage":"es","@id":"https:\/\/secure.gravatar.com\/avatar\/d4fe7459cfc51ff5129ce1a732bbef5928568b8092d412ef95611616376bbeed?s=96&d=mm&r=g","url":"https:\/\/secure.gravatar.com\/avatar\/d4fe7459cfc51ff5129ce1a732bbef5928568b8092d412ef95611616376bbeed?s=96&d=mm&r=g","contentUrl":"https:\/\/secure.gravatar.com\/avatar\/d4fe7459cfc51ff5129ce1a732bbef5928568b8092d412ef95611616376bbeed?s=96&d=mm&r=g","caption":"f1000024"},"url":"https:\/\/cvinoticias.com\/v3\/author\/f1000024\/"}]}},"_links":{"self":[{"href":"https:\/\/cvinoticias.com\/v3\/wp-json\/wp\/v2\/posts\/23294","targetHints":{"allow":["GET"]}}],"collection":[{"href":"https:\/\/cvinoticias.com\/v3\/wp-json\/wp\/v2\/posts"}],"about":[{"href":"https:\/\/cvinoticias.com\/v3\/wp-json\/wp\/v2\/types\/post"}],"author":[{"embeddable":true,"href":"https:\/\/cvinoticias.com\/v3\/wp-json\/wp\/v2\/users\/2"}],"replies":[{"embeddable":true,"href":"https:\/\/cvinoticias.com\/v3\/wp-json\/wp\/v2\/comments?post=23294"}],"version-history":[{"count":1,"href":"https:\/\/cvinoticias.com\/v3\/wp-json\/wp\/v2\/posts\/23294\/revisions"}],"predecessor-version":[{"id":23296,"href":"https:\/\/cvinoticias.com\/v3\/wp-json\/wp\/v2\/posts\/23294\/revisions\/23296"}],"wp:featuredmedia":[{"embeddable":true,"href":"https:\/\/cvinoticias.com\/v3\/wp-json\/wp\/v2\/media\/23295"}],"wp:attachment":[{"href":"https:\/\/cvinoticias.com\/v3\/wp-json\/wp\/v2\/media?parent=23294"}],"wp:term":[{"taxonomy":"category","embeddable":true,"href":"https:\/\/cvinoticias.com\/v3\/wp-json\/wp\/v2\/categories?post=23294"},{"taxonomy":"post_tag","embeddable":true,"href":"https:\/\/cvinoticias.com\/v3\/wp-json\/wp\/v2\/tags?post=23294"}],"curies":[{"name":"wp","href":"https:\/\/api.w.org\/{rel}","templated":true}]}}