{"id":2328,"date":"2021-02-03T14:19:33","date_gmt":"2021-02-03T14:19:33","guid":{"rendered":"https:\/\/cvinoticias.com\/v3\/?p=2328"},"modified":"2021-02-03T15:37:51","modified_gmt":"2021-02-03T15:37:51","slug":"eldorad-reinaguracion-capilla-madre-dolorosa-del-hospital-s-a-m-i-c","status":"publish","type":"post","link":"https:\/\/cvinoticias.com\/v3\/eldorad-reinaguracion-capilla-madre-dolorosa-del-hospital-s-a-m-i-c\/","title":{"rendered":"Eldorado: Reinaguraci\u00f3n Capilla \u00abMadre Dolorosa\u00bb del Hospital S.A.M.I.C"},"content":{"rendered":"\n<p><strong><em>El pr\u00f3ximo jueves 11 de febrero, fecha en que se conmemora el \u00abD\u00eda Mundial de los Enfermos\u00bb se re inaugurar\u00e1 la Capilla Madre Dolorosa del Hospital S.A.M.I.C de Eldorado.<\/em><\/strong><\/p>\n\n\n\n<p>El Obispo de la Di\u00f3cesis de Iguaz\u00fa, Nicol\u00e1s Baisi oficiar\u00e1 la Santa Misa a las 18:00 hs y estar\u00e1 acompa\u00f1ado por autoridades locales, trabajadores de la Salud, religiosos y voluntarios de la Pastoral de la Salud.<\/p>\n\n\n\n<p>La Capilla ser\u00e1 un lugar de oraci\u00f3n, auxilio solidario y espiritual para los enfermos y sus acompa\u00f1antes.<\/p>\n","protected":false},"excerpt":{"rendered":"<p>El pr\u00f3ximo jueves 11 de febrero, fecha en que se conmemora el \u00abD\u00eda Mundial de los Enfermos\u00bb se re inaugurar\u00e1 la Capilla Madre Dolorosa del Hospital S.A.M.I.C de Eldorado. El Obispo de la Di\u00f3cesis de Iguaz\u00fa, Nicol\u00e1s Baisi oficiar\u00e1 la Santa Misa a las 18:00 hs y estar\u00e1 acompa\u00f1ado por autoridades locales, trabajadores de la [&hellip;]<\/p>\n","protected":false},"author":2,"featured_media":2329,"comment_status":"open","ping_status":"open","sticky":false,"template":"","format":"standard","meta":{"footnotes":""},"categories":[47],"tags":[],"class_list":["post-2328","post","type-post","status-publish","format-standard","has-post-thumbnail","hentry","category-sociedad"],"yoast_head":"<!-- This site is optimized with the Yoast SEO plugin v27.4 - https:\/\/yoast.com\/product\/yoast-seo-wordpress\/ -->\n<title>Eldorado: Reinaguraci\u00f3n Capilla &quot;Madre Dolorosa&quot; del Hospital S.A.M.I.C | CVI NOTICIAS<\/title>\n<meta name=\"robots\" content=\"index, follow, max-snippet:-1, max-image-preview:large, max-video-preview:-1\" \/>\n<link rel=\"canonical\" href=\"https:\/\/cvinoticias.com\/v3\/eldorad-reinaguracion-capilla-madre-dolorosa-del-hospital-s-a-m-i-c\/\" \/>\n<meta property=\"og:locale\" content=\"es_ES\" \/>\n<meta property=\"og:type\" content=\"article\" \/>\n<meta property=\"og:title\" content=\"Eldorado: Reinaguraci\u00f3n Capilla &quot;Madre Dolorosa&quot; del Hospital S.A.M.I.C | CVI NOTICIAS\" \/>\n<meta property=\"og:description\" content=\"El pr\u00f3ximo jueves 11 de febrero, fecha en que se conmemora el \u00abD\u00eda Mundial de los Enfermos\u00bb se re inaugurar\u00e1 la Capilla Madre Dolorosa del Hospital S.A.M.I.C de Eldorado. El Obispo de la Di\u00f3cesis de Iguaz\u00fa, Nicol\u00e1s Baisi oficiar\u00e1 la Santa Misa a las 18:00 hs y estar\u00e1 acompa\u00f1ado por autoridades locales, trabajadores de la [&hellip;]\" \/>\n<meta property=\"og:url\" content=\"https:\/\/cvinoticias.com\/v3\/eldorad-reinaguracion-capilla-madre-dolorosa-del-hospital-s-a-m-i-c\/\" \/>\n<meta property=\"og:site_name\" content=\"CVI NOTICIAS\" \/>\n<meta property=\"article:publisher\" content=\"https:\/\/www.facebook.com\/cvinoticias\" \/>\n<meta property=\"article:published_time\" content=\"2021-02-03T14:19:33+00:00\" \/>\n<meta property=\"article:modified_time\" content=\"2021-02-03T15:37:51+00:00\" \/>\n<meta property=\"og:image\" content=\"https:\/\/cvinoticias.com\/wp-content\/uploads\/2021\/02\/IMG-20210203-WA0035.jpg\" \/>\n\t<meta property=\"og:image:width\" content=\"1059\" \/>\n\t<meta property=\"og:image:height\" content=\"1280\" \/>\n\t<meta property=\"og:image:type\" content=\"image\/jpeg\" \/>\n<meta name=\"author\" content=\"f1000024\" \/>\n<meta name=\"twitter:card\" content=\"summary_large_image\" \/>\n<meta name=\"twitter:label1\" content=\"Escrito por\" \/>\n\t<meta name=\"twitter:data1\" content=\"f1000024\" \/>\n<script type=\"application\/ld+json\" class=\"yoast-schema-graph\">{\"@context\":\"https:\\\/\\\/schema.org\",\"@graph\":[{\"@type\":\"Article\",\"@id\":\"https:\\\/\\\/cvinoticias.com\\\/v3\\\/eldorad-reinaguracion-capilla-madre-dolorosa-del-hospital-s-a-m-i-c\\\/#article\",\"isPartOf\":{\"@id\":\"https:\\\/\\\/cvinoticias.com\\\/v3\\\/eldorad-reinaguracion-capilla-madre-dolorosa-del-hospital-s-a-m-i-c\\\/\"},\"author\":{\"name\":\"f1000024\",\"@id\":\"https:\\\/\\\/cvinoticias.com\\\/v3\\\/#\\\/schema\\\/person\\\/2db77e3c6bc03c538495d7b2b8be9b66\"},\"headline\":\"Eldorado: Reinaguraci\u00f3n Capilla \u00abMadre Dolorosa\u00bb del Hospital S.A.M.I.C\",\"datePublished\":\"2021-02-03T14:19:33+00:00\",\"dateModified\":\"2021-02-03T15:37:51+00:00\",\"mainEntityOfPage\":{\"@id\":\"https:\\\/\\\/cvinoticias.com\\\/v3\\\/eldorad-reinaguracion-capilla-madre-dolorosa-del-hospital-s-a-m-i-c\\\/\"},\"wordCount\":104,\"commentCount\":0,\"publisher\":{\"@id\":\"https:\\\/\\\/cvinoticias.com\\\/v3\\\/#organization\"},\"image\":{\"@id\":\"https:\\\/\\\/cvinoticias.com\\\/v3\\\/eldorad-reinaguracion-capilla-madre-dolorosa-del-hospital-s-a-m-i-c\\\/#primaryimage\"},\"thumbnailUrl\":\"https:\\\/\\\/cvinoticias.com\\\/wp-content\\\/uploads\\\/2021\\\/02\\\/IMG-20210203-WA0035.jpg\",\"articleSection\":[\"Sociedad\"],\"inLanguage\":\"es\",\"potentialAction\":[{\"@type\":\"CommentAction\",\"name\":\"Comment\",\"target\":[\"https:\\\/\\\/cvinoticias.com\\\/v3\\\/eldorad-reinaguracion-capilla-madre-dolorosa-del-hospital-s-a-m-i-c\\\/#respond\"]}]},{\"@type\":\"WebPage\",\"@id\":\"https:\\\/\\\/cvinoticias.com\\\/v3\\\/eldorad-reinaguracion-capilla-madre-dolorosa-del-hospital-s-a-m-i-c\\\/\",\"url\":\"https:\\\/\\\/cvinoticias.com\\\/v3\\\/eldorad-reinaguracion-capilla-madre-dolorosa-del-hospital-s-a-m-i-c\\\/\",\"name\":\"Eldorado: Reinaguraci\u00f3n Capilla \\\"Madre Dolorosa\\\" del Hospital S.A.M.I.C | CVI NOTICIAS\",\"isPartOf\":{\"@id\":\"https:\\\/\\\/cvinoticias.com\\\/v3\\\/#website\"},\"primaryImageOfPage\":{\"@id\":\"https:\\\/\\\/cvinoticias.com\\\/v3\\\/eldorad-reinaguracion-capilla-madre-dolorosa-del-hospital-s-a-m-i-c\\\/#primaryimage\"},\"image\":{\"@id\":\"https:\\\/\\\/cvinoticias.com\\\/v3\\\/eldorad-reinaguracion-capilla-madre-dolorosa-del-hospital-s-a-m-i-c\\\/#primaryimage\"},\"thumbnailUrl\":\"https:\\\/\\\/cvinoticias.com\\\/wp-content\\\/uploads\\\/2021\\\/02\\\/IMG-20210203-WA0035.jpg\",\"datePublished\":\"2021-02-03T14:19:33+00:00\",\"dateModified\":\"2021-02-03T15:37:51+00:00\",\"breadcrumb\":{\"@id\":\"https:\\\/\\\/cvinoticias.com\\\/v3\\\/eldorad-reinaguracion-capilla-madre-dolorosa-del-hospital-s-a-m-i-c\\\/#breadcrumb\"},\"inLanguage\":\"es\",\"potentialAction\":[{\"@type\":\"ReadAction\",\"target\":[\"https:\\\/\\\/cvinoticias.com\\\/v3\\\/eldorad-reinaguracion-capilla-madre-dolorosa-del-hospital-s-a-m-i-c\\\/\"]}]},{\"@type\":\"ImageObject\",\"inLanguage\":\"es\",\"@id\":\"https:\\\/\\\/cvinoticias.com\\\/v3\\\/eldorad-reinaguracion-capilla-madre-dolorosa-del-hospital-s-a-m-i-c\\\/#primaryimage\",\"url\":\"https:\\\/\\\/cvinoticias.com\\\/wp-content\\\/uploads\\\/2021\\\/02\\\/IMG-20210203-WA0035.jpg\",\"contentUrl\":\"https:\\\/\\\/cvinoticias.com\\\/wp-content\\\/uploads\\\/2021\\\/02\\\/IMG-20210203-WA0035.jpg\",\"width\":1059,\"height\":1280},{\"@type\":\"BreadcrumbList\",\"@id\":\"https:\\\/\\\/cvinoticias.com\\\/v3\\\/eldorad-reinaguracion-capilla-madre-dolorosa-del-hospital-s-a-m-i-c\\\/#breadcrumb\",\"itemListElement\":[{\"@type\":\"ListItem\",\"position\":1,\"name\":\"Portada\",\"item\":\"https:\\\/\\\/cvinoticias.com\\\/v3\\\/\"},{\"@type\":\"ListItem\",\"position\":2,\"name\":\"Eldorado: Reinaguraci\u00f3n Capilla \u00abMadre Dolorosa\u00bb del Hospital S.A.M.I.C\"}]},{\"@type\":\"WebSite\",\"@id\":\"https:\\\/\\\/cvinoticias.com\\\/v3\\\/#website\",\"url\":\"https:\\\/\\\/cvinoticias.com\\\/v3\\\/\",\"name\":\"CVI NOTICIAS\",\"description\":\"\",\"publisher\":{\"@id\":\"https:\\\/\\\/cvinoticias.com\\\/v3\\\/#organization\"},\"alternateName\":\"CVI\",\"potentialAction\":[{\"@type\":\"SearchAction\",\"target\":{\"@type\":\"EntryPoint\",\"urlTemplate\":\"https:\\\/\\\/cvinoticias.com\\\/v3\\\/?s={search_term_string}\"},\"query-input\":{\"@type\":\"PropertyValueSpecification\",\"valueRequired\":true,\"valueName\":\"search_term_string\"}}],\"inLanguage\":\"es\"},{\"@type\":\"Organization\",\"@id\":\"https:\\\/\\\/cvinoticias.com\\\/v3\\\/#organization\",\"name\":\"CVI NOTICIAS\",\"url\":\"https:\\\/\\\/cvinoticias.com\\\/v3\\\/\",\"logo\":{\"@type\":\"ImageObject\",\"inLanguage\":\"es\",\"@id\":\"https:\\\/\\\/cvinoticias.com\\\/v3\\\/#\\\/schema\\\/logo\\\/image\\\/\",\"url\":\"https:\\\/\\\/cvinoticias.com\\\/wp-content\\\/uploads\\\/2023\\\/04\\\/cropped-cropped-cropped-cropped-cropped-3-1.png\",\"contentUrl\":\"https:\\\/\\\/cvinoticias.com\\\/wp-content\\\/uploads\\\/2023\\\/04\\\/cropped-cropped-cropped-cropped-cropped-3-1.png\",\"width\":95,\"height\":122,\"caption\":\"CVI NOTICIAS\"},\"image\":{\"@id\":\"https:\\\/\\\/cvinoticias.com\\\/v3\\\/#\\\/schema\\\/logo\\\/image\\\/\"},\"sameAs\":[\"https:\\\/\\\/www.facebook.com\\\/cvinoticias\",\"https:\\\/\\\/www.instagram.com\\\/cvinoticias\\\/\",\"https:\\\/\\\/www.youtube.com\\\/@CVINOTICIAS\"]},{\"@type\":\"Person\",\"@id\":\"https:\\\/\\\/cvinoticias.com\\\/v3\\\/#\\\/schema\\\/person\\\/2db77e3c6bc03c538495d7b2b8be9b66\",\"name\":\"f1000024\",\"image\":{\"@type\":\"ImageObject\",\"inLanguage\":\"es\",\"@id\":\"https:\\\/\\\/secure.gravatar.com\\\/avatar\\\/d4fe7459cfc51ff5129ce1a732bbef5928568b8092d412ef95611616376bbeed?s=96&d=mm&r=g\",\"url\":\"https:\\\/\\\/secure.gravatar.com\\\/avatar\\\/d4fe7459cfc51ff5129ce1a732bbef5928568b8092d412ef95611616376bbeed?s=96&d=mm&r=g\",\"contentUrl\":\"https:\\\/\\\/secure.gravatar.com\\\/avatar\\\/d4fe7459cfc51ff5129ce1a732bbef5928568b8092d412ef95611616376bbeed?s=96&d=mm&r=g\",\"caption\":\"f1000024\"},\"url\":\"https:\\\/\\\/cvinoticias.com\\\/v3\\\/author\\\/f1000024\\\/\"}]}<\/script>\n<!-- \/ Yoast SEO plugin. -->","yoast_head_json":{"title":"Eldorado: Reinaguraci\u00f3n Capilla \"Madre Dolorosa\" del Hospital S.A.M.I.C | CVI NOTICIAS","robots":{"index":"index","follow":"follow","max-snippet":"max-snippet:-1","max-image-preview":"max-image-preview:large","max-video-preview":"max-video-preview:-1"},"canonical":"https:\/\/cvinoticias.com\/v3\/eldorad-reinaguracion-capilla-madre-dolorosa-del-hospital-s-a-m-i-c\/","og_locale":"es_ES","og_type":"article","og_title":"Eldorado: Reinaguraci\u00f3n Capilla \"Madre Dolorosa\" del Hospital S.A.M.I.C | CVI NOTICIAS","og_description":"El pr\u00f3ximo jueves 11 de febrero, fecha en que se conmemora el \u00abD\u00eda Mundial de los Enfermos\u00bb se re inaugurar\u00e1 la Capilla Madre Dolorosa del Hospital S.A.M.I.C de Eldorado. El Obispo de la Di\u00f3cesis de Iguaz\u00fa, Nicol\u00e1s Baisi oficiar\u00e1 la Santa Misa a las 18:00 hs y estar\u00e1 acompa\u00f1ado por autoridades locales, trabajadores de la [&hellip;]","og_url":"https:\/\/cvinoticias.com\/v3\/eldorad-reinaguracion-capilla-madre-dolorosa-del-hospital-s-a-m-i-c\/","og_site_name":"CVI NOTICIAS","article_publisher":"https:\/\/www.facebook.com\/cvinoticias","article_published_time":"2021-02-03T14:19:33+00:00","article_modified_time":"2021-02-03T15:37:51+00:00","og_image":[{"width":1059,"height":1280,"url":"https:\/\/cvinoticias.com\/wp-content\/uploads\/2021\/02\/IMG-20210203-WA0035.jpg","type":"image\/jpeg"}],"author":"f1000024","twitter_card":"summary_large_image","twitter_misc":{"Escrito por":"f1000024"},"schema":{"@context":"https:\/\/schema.org","@graph":[{"@type":"Article","@id":"https:\/\/cvinoticias.com\/v3\/eldorad-reinaguracion-capilla-madre-dolorosa-del-hospital-s-a-m-i-c\/#article","isPartOf":{"@id":"https:\/\/cvinoticias.com\/v3\/eldorad-reinaguracion-capilla-madre-dolorosa-del-hospital-s-a-m-i-c\/"},"author":{"name":"f1000024","@id":"https:\/\/cvinoticias.com\/v3\/#\/schema\/person\/2db77e3c6bc03c538495d7b2b8be9b66"},"headline":"Eldorado: Reinaguraci\u00f3n Capilla \u00abMadre Dolorosa\u00bb del Hospital S.A.M.I.C","datePublished":"2021-02-03T14:19:33+00:00","dateModified":"2021-02-03T15:37:51+00:00","mainEntityOfPage":{"@id":"https:\/\/cvinoticias.com\/v3\/eldorad-reinaguracion-capilla-madre-dolorosa-del-hospital-s-a-m-i-c\/"},"wordCount":104,"commentCount":0,"publisher":{"@id":"https:\/\/cvinoticias.com\/v3\/#organization"},"image":{"@id":"https:\/\/cvinoticias.com\/v3\/eldorad-reinaguracion-capilla-madre-dolorosa-del-hospital-s-a-m-i-c\/#primaryimage"},"thumbnailUrl":"https:\/\/cvinoticias.com\/wp-content\/uploads\/2021\/02\/IMG-20210203-WA0035.jpg","articleSection":["Sociedad"],"inLanguage":"es","potentialAction":[{"@type":"CommentAction","name":"Comment","target":["https:\/\/cvinoticias.com\/v3\/eldorad-reinaguracion-capilla-madre-dolorosa-del-hospital-s-a-m-i-c\/#respond"]}]},{"@type":"WebPage","@id":"https:\/\/cvinoticias.com\/v3\/eldorad-reinaguracion-capilla-madre-dolorosa-del-hospital-s-a-m-i-c\/","url":"https:\/\/cvinoticias.com\/v3\/eldorad-reinaguracion-capilla-madre-dolorosa-del-hospital-s-a-m-i-c\/","name":"Eldorado: Reinaguraci\u00f3n Capilla \"Madre Dolorosa\" del Hospital S.A.M.I.C | CVI NOTICIAS","isPartOf":{"@id":"https:\/\/cvinoticias.com\/v3\/#website"},"primaryImageOfPage":{"@id":"https:\/\/cvinoticias.com\/v3\/eldorad-reinaguracion-capilla-madre-dolorosa-del-hospital-s-a-m-i-c\/#primaryimage"},"image":{"@id":"https:\/\/cvinoticias.com\/v3\/eldorad-reinaguracion-capilla-madre-dolorosa-del-hospital-s-a-m-i-c\/#primaryimage"},"thumbnailUrl":"https:\/\/cvinoticias.com\/wp-content\/uploads\/2021\/02\/IMG-20210203-WA0035.jpg","datePublished":"2021-02-03T14:19:33+00:00","dateModified":"2021-02-03T15:37:51+00:00","breadcrumb":{"@id":"https:\/\/cvinoticias.com\/v3\/eldorad-reinaguracion-capilla-madre-dolorosa-del-hospital-s-a-m-i-c\/#breadcrumb"},"inLanguage":"es","potentialAction":[{"@type":"ReadAction","target":["https:\/\/cvinoticias.com\/v3\/eldorad-reinaguracion-capilla-madre-dolorosa-del-hospital-s-a-m-i-c\/"]}]},{"@type":"ImageObject","inLanguage":"es","@id":"https:\/\/cvinoticias.com\/v3\/eldorad-reinaguracion-capilla-madre-dolorosa-del-hospital-s-a-m-i-c\/#primaryimage","url":"https:\/\/cvinoticias.com\/wp-content\/uploads\/2021\/02\/IMG-20210203-WA0035.jpg","contentUrl":"https:\/\/cvinoticias.com\/wp-content\/uploads\/2021\/02\/IMG-20210203-WA0035.jpg","width":1059,"height":1280},{"@type":"BreadcrumbList","@id":"https:\/\/cvinoticias.com\/v3\/eldorad-reinaguracion-capilla-madre-dolorosa-del-hospital-s-a-m-i-c\/#breadcrumb","itemListElement":[{"@type":"ListItem","position":1,"name":"Portada","item":"https:\/\/cvinoticias.com\/v3\/"},{"@type":"ListItem","position":2,"name":"Eldorado: Reinaguraci\u00f3n Capilla \u00abMadre Dolorosa\u00bb del Hospital S.A.M.I.C"}]},{"@type":"WebSite","@id":"https:\/\/cvinoticias.com\/v3\/#website","url":"https:\/\/cvinoticias.com\/v3\/","name":"CVI NOTICIAS","description":"","publisher":{"@id":"https:\/\/cvinoticias.com\/v3\/#organization"},"alternateName":"CVI","potentialAction":[{"@type":"SearchAction","target":{"@type":"EntryPoint","urlTemplate":"https:\/\/cvinoticias.com\/v3\/?s={search_term_string}"},"query-input":{"@type":"PropertyValueSpecification","valueRequired":true,"valueName":"search_term_string"}}],"inLanguage":"es"},{"@type":"Organization","@id":"https:\/\/cvinoticias.com\/v3\/#organization","name":"CVI NOTICIAS","url":"https:\/\/cvinoticias.com\/v3\/","logo":{"@type":"ImageObject","inLanguage":"es","@id":"https:\/\/cvinoticias.com\/v3\/#\/schema\/logo\/image\/","url":"https:\/\/cvinoticias.com\/wp-content\/uploads\/2023\/04\/cropped-cropped-cropped-cropped-cropped-3-1.png","contentUrl":"https:\/\/cvinoticias.com\/wp-content\/uploads\/2023\/04\/cropped-cropped-cropped-cropped-cropped-3-1.png","width":95,"height":122,"caption":"CVI NOTICIAS"},"image":{"@id":"https:\/\/cvinoticias.com\/v3\/#\/schema\/logo\/image\/"},"sameAs":["https:\/\/www.facebook.com\/cvinoticias","https:\/\/www.instagram.com\/cvinoticias\/","https:\/\/www.youtube.com\/@CVINOTICIAS"]},{"@type":"Person","@id":"https:\/\/cvinoticias.com\/v3\/#\/schema\/person\/2db77e3c6bc03c538495d7b2b8be9b66","name":"f1000024","image":{"@type":"ImageObject","inLanguage":"es","@id":"https:\/\/secure.gravatar.com\/avatar\/d4fe7459cfc51ff5129ce1a732bbef5928568b8092d412ef95611616376bbeed?s=96&d=mm&r=g","url":"https:\/\/secure.gravatar.com\/avatar\/d4fe7459cfc51ff5129ce1a732bbef5928568b8092d412ef95611616376bbeed?s=96&d=mm&r=g","contentUrl":"https:\/\/secure.gravatar.com\/avatar\/d4fe7459cfc51ff5129ce1a732bbef5928568b8092d412ef95611616376bbeed?s=96&d=mm&r=g","caption":"f1000024"},"url":"https:\/\/cvinoticias.com\/v3\/author\/f1000024\/"}]}},"_links":{"self":[{"href":"https:\/\/cvinoticias.com\/v3\/wp-json\/wp\/v2\/posts\/2328","targetHints":{"allow":["GET"]}}],"collection":[{"href":"https:\/\/cvinoticias.com\/v3\/wp-json\/wp\/v2\/posts"}],"about":[{"href":"https:\/\/cvinoticias.com\/v3\/wp-json\/wp\/v2\/types\/post"}],"author":[{"embeddable":true,"href":"https:\/\/cvinoticias.com\/v3\/wp-json\/wp\/v2\/users\/2"}],"replies":[{"embeddable":true,"href":"https:\/\/cvinoticias.com\/v3\/wp-json\/wp\/v2\/comments?post=2328"}],"version-history":[{"count":2,"href":"https:\/\/cvinoticias.com\/v3\/wp-json\/wp\/v2\/posts\/2328\/revisions"}],"predecessor-version":[{"id":2346,"href":"https:\/\/cvinoticias.com\/v3\/wp-json\/wp\/v2\/posts\/2328\/revisions\/2346"}],"wp:featuredmedia":[{"embeddable":true,"href":"https:\/\/cvinoticias.com\/v3\/wp-json\/wp\/v2\/media\/2329"}],"wp:attachment":[{"href":"https:\/\/cvinoticias.com\/v3\/wp-json\/wp\/v2\/media?parent=2328"}],"wp:term":[{"taxonomy":"category","embeddable":true,"href":"https:\/\/cvinoticias.com\/v3\/wp-json\/wp\/v2\/categories?post=2328"},{"taxonomy":"post_tag","embeddable":true,"href":"https:\/\/cvinoticias.com\/v3\/wp-json\/wp\/v2\/tags?post=2328"}],"curies":[{"name":"wp","href":"https:\/\/api.w.org\/{rel}","templated":true}]}}