{"id":2325,"date":"2021-02-03T12:14:15","date_gmt":"2021-02-03T12:14:15","guid":{"rendered":"https:\/\/cvinoticias.com\/v3\/?p=2325"},"modified":"2021-02-03T12:14:15","modified_gmt":"2021-02-03T12:14:15","slug":"misiones-participo-del-xii-foro-de-ministros-de-medio-ambiente-de-america-latina-y-el-caribe","status":"publish","type":"post","link":"https:\/\/cvinoticias.com\/v3\/misiones-participo-del-xii-foro-de-ministros-de-medio-ambiente-de-america-latina-y-el-caribe\/","title":{"rendered":"Misiones particip\u00f3 del XII Foro de Ministros de Medio Ambiente de Am\u00e9rica Latina y el Caribe."},"content":{"rendered":"\n<p><strong><em>La provincia fue parte del XII Foro de Ministros de Medio Ambiente de LATAM y Caribe, a trav\u00e9s de la participaci\u00f3n del ministro de Cambio Clim\u00e1tico, Patricio Lombardi, quien destac\u00f3 la apertura de la Organizaci\u00f3n de las Naciones Unidas Ambiente hacia los estados subnacionales. Se trat\u00f3 de una oportunidad hist\u00f3rica para Misiones y de un reconocimiento a las acciones clim\u00e1ticas positivas que la Provincia lleva adelante, a trav\u00e9s de pol\u00edticas de Estado que la posicionan como l\u00edder ambiental en Argentina y en la regi\u00f3n.<\/em><\/strong><\/p>\n\n\n\n<p>Lombardi fue parte del panel sobre el Rol de la Naturaleza y la Restauraci\u00f3n de Ecosistemas en la Construcci\u00f3n de una Recuperaci\u00f3n Sostenible y durante su exposici\u00f3n consider\u00f3 fundamental el rol de los estados subnacionales a la hora de conservar naturaleza. \u201cNuestra provincia es l\u00edder en materia ambiental y apuesta fuerte a la conservaci\u00f3n del \u00faltimo remanente continuo de bosque atl\u00e1ntico. Hace 100 a\u00f1os \u00e9ramos los que menos bosque ten\u00edamos, pero esa ecuaci\u00f3n se invirti\u00f3. Hoy, Argentina es el pa\u00eds con el remanente continuo de bosque atl\u00e1ntico de mayor superficie y eso es gracias al enorme esfuerzo del pueblo misionero que entiende la importancia del cuidado y lo refleja a trav\u00e9s de sus pol\u00edticas de Estado\u201d, subray\u00f3.<\/p>\n\n\n\n<p>El planeta enfrenta la mayor crisis de biodiversidad, que se traduce en la p\u00e9rdida potencial de un mill\u00f3n de especies en la pr\u00f3xima d\u00e9cada, seg\u00fan la Plataforma Intergubernamental Cient\u00edfico-normativa sobre Diversidad Biol\u00f3gica y Servicios de los Ecosistemas (IPBES) del 2019. Frente a este escenario, el funcionario destac\u00f3 que Misiones se posiciona como guardiana del 52% de la biodiversidad de Argentina.<\/p>\n\n\n\n<p>Adem\u00e1s, Patricio Lombardi record\u00f3 que la selva misionera produce una gran cantidad y variedad de servicios ecosist\u00e9micos que benefician al planeta. \u201cSomos mitigadores profesionales y producimos acciones clim\u00e1ticas positivas sin recibir ning\u00fan beneficio econ\u00f3mico. Desde Misiones pensamos que debe hacerse por la biodiversidad lo que se hizo en la Conferencia sobre el Cambio Clim\u00e1tico de Par\u00eds: asumir compromisos, pero tambi\u00e9n cumplirlos porque el mundo no ha cumplido ninguna de las metas globales de biodiversidad establecidas para 2020, seg\u00fan el \u00faltimo informe de ONU Ambiente\u201d, se\u00f1al\u00f3.<\/p>\n\n\n\n<p>Al finalizar su participaci\u00f3n, el representante por Misiones insisti\u00f3 que es clave el rol de los estados subnacionales y los municipios en la tarea de conservaci\u00f3n de los bosques. \u201cSon los intendentes y gobernadores los que saben c\u00f3mo cuidar su territorio, por eso nos gusta decir que el cambio debe ser tambi\u00e9n de abajo para arriba. Preservar la biodiversidad es una tarea \u00e9tica de la humanidad, m\u00e1s all\u00e1 de cualquier gobierno o pa\u00eds\u201d, puntualiz\u00f3.<\/p>\n\n\n\n<p>Lombardi indic\u00f3 que existe el conocimiento cient\u00edfico para solucionar la crisis, pero aclar\u00f3 que debe ir acompa\u00f1ado de la sabidur\u00eda pol\u00edtica y de mecanismos financieros internacionales que apuesten a conservar y proteger la selva misionera.<\/p>\n\n\n\n<p>M.R<\/p>\n","protected":false},"excerpt":{"rendered":"<p>La provincia fue parte del XII Foro de Ministros de Medio Ambiente de LATAM y Caribe, a trav\u00e9s de la participaci\u00f3n del ministro de Cambio Clim\u00e1tico, Patricio Lombardi, quien destac\u00f3 la apertura de la Organizaci\u00f3n de las Naciones Unidas Ambiente hacia los estados subnacionales. Se trat\u00f3 de una oportunidad hist\u00f3rica para Misiones y de un [&hellip;]<\/p>\n","protected":false},"author":2,"featured_media":2326,"comment_status":"open","ping_status":"open","sticky":false,"template":"","format":"standard","meta":{"footnotes":""},"categories":[38],"tags":[],"class_list":["post-2325","post","type-post","status-publish","format-standard","has-post-thumbnail","hentry","category-medio-ambiente"],"yoast_head":"<!-- This site is optimized with the Yoast SEO plugin v27.5 - https:\/\/yoast.com\/product\/yoast-seo-wordpress\/ -->\n<title>Misiones particip\u00f3 del XII Foro de Ministros de Medio Ambiente de Am\u00e9rica Latina y el Caribe. | CVI NOTICIAS<\/title>\n<meta name=\"robots\" content=\"index, follow, max-snippet:-1, max-image-preview:large, max-video-preview:-1\" \/>\n<link rel=\"canonical\" href=\"https:\/\/cvinoticias.com\/v3\/misiones-participo-del-xii-foro-de-ministros-de-medio-ambiente-de-america-latina-y-el-caribe\/\" \/>\n<meta property=\"og:locale\" content=\"es_ES\" \/>\n<meta property=\"og:type\" content=\"article\" \/>\n<meta property=\"og:title\" content=\"Misiones particip\u00f3 del XII Foro de Ministros de Medio Ambiente de Am\u00e9rica Latina y el Caribe. | CVI NOTICIAS\" \/>\n<meta property=\"og:description\" content=\"La provincia fue parte del XII Foro de Ministros de Medio Ambiente de LATAM y Caribe, a trav\u00e9s de la participaci\u00f3n del ministro de Cambio Clim\u00e1tico, Patricio Lombardi, quien destac\u00f3 la apertura de la Organizaci\u00f3n de las Naciones Unidas Ambiente hacia los estados subnacionales. Se trat\u00f3 de una oportunidad hist\u00f3rica para Misiones y de un [&hellip;]\" \/>\n<meta property=\"og:url\" content=\"https:\/\/cvinoticias.com\/v3\/misiones-participo-del-xii-foro-de-ministros-de-medio-ambiente-de-america-latina-y-el-caribe\/\" \/>\n<meta property=\"og:site_name\" content=\"CVI NOTICIAS\" \/>\n<meta property=\"article:publisher\" content=\"https:\/\/www.facebook.com\/cvinoticias\" \/>\n<meta property=\"article:published_time\" content=\"2021-02-03T12:14:15+00:00\" \/>\n<meta property=\"og:image\" content=\"https:\/\/cvinoticias.com\/wp-content\/uploads\/2021\/02\/IMG-20210203-WA0022.jpg\" \/>\n\t<meta property=\"og:image:width\" content=\"710\" \/>\n\t<meta property=\"og:image:height\" content=\"398\" \/>\n\t<meta property=\"og:image:type\" content=\"image\/jpeg\" \/>\n<meta name=\"author\" content=\"f1000024\" \/>\n<meta name=\"twitter:card\" content=\"summary_large_image\" \/>\n<meta name=\"twitter:label1\" content=\"Escrito por\" \/>\n\t<meta name=\"twitter:data1\" content=\"f1000024\" \/>\n\t<meta name=\"twitter:label2\" content=\"Tiempo de lectura\" \/>\n\t<meta name=\"twitter:data2\" content=\"3 minutos\" \/>\n<script type=\"application\/ld+json\" class=\"yoast-schema-graph\">{\"@context\":\"https:\\\/\\\/schema.org\",\"@graph\":[{\"@type\":\"Article\",\"@id\":\"https:\\\/\\\/cvinoticias.com\\\/v3\\\/misiones-participo-del-xii-foro-de-ministros-de-medio-ambiente-de-america-latina-y-el-caribe\\\/#article\",\"isPartOf\":{\"@id\":\"https:\\\/\\\/cvinoticias.com\\\/v3\\\/misiones-participo-del-xii-foro-de-ministros-de-medio-ambiente-de-america-latina-y-el-caribe\\\/\"},\"author\":{\"name\":\"f1000024\",\"@id\":\"https:\\\/\\\/cvinoticias.com\\\/v3\\\/#\\\/schema\\\/person\\\/2db77e3c6bc03c538495d7b2b8be9b66\"},\"headline\":\"Misiones particip\u00f3 del XII Foro de Ministros de Medio Ambiente de Am\u00e9rica Latina y el Caribe.\",\"datePublished\":\"2021-02-03T12:14:15+00:00\",\"mainEntityOfPage\":{\"@id\":\"https:\\\/\\\/cvinoticias.com\\\/v3\\\/misiones-participo-del-xii-foro-de-ministros-de-medio-ambiente-de-america-latina-y-el-caribe\\\/\"},\"wordCount\":521,\"commentCount\":0,\"publisher\":{\"@id\":\"https:\\\/\\\/cvinoticias.com\\\/v3\\\/#organization\"},\"image\":{\"@id\":\"https:\\\/\\\/cvinoticias.com\\\/v3\\\/misiones-participo-del-xii-foro-de-ministros-de-medio-ambiente-de-america-latina-y-el-caribe\\\/#primaryimage\"},\"thumbnailUrl\":\"https:\\\/\\\/cvinoticias.com\\\/wp-content\\\/uploads\\\/2021\\\/02\\\/IMG-20210203-WA0022.jpg\",\"articleSection\":[\"Medio Ambiente\"],\"inLanguage\":\"es\",\"potentialAction\":[{\"@type\":\"CommentAction\",\"name\":\"Comment\",\"target\":[\"https:\\\/\\\/cvinoticias.com\\\/v3\\\/misiones-participo-del-xii-foro-de-ministros-de-medio-ambiente-de-america-latina-y-el-caribe\\\/#respond\"]}]},{\"@type\":\"WebPage\",\"@id\":\"https:\\\/\\\/cvinoticias.com\\\/v3\\\/misiones-participo-del-xii-foro-de-ministros-de-medio-ambiente-de-america-latina-y-el-caribe\\\/\",\"url\":\"https:\\\/\\\/cvinoticias.com\\\/v3\\\/misiones-participo-del-xii-foro-de-ministros-de-medio-ambiente-de-america-latina-y-el-caribe\\\/\",\"name\":\"Misiones particip\u00f3 del XII Foro de Ministros de Medio Ambiente de Am\u00e9rica Latina y el Caribe. | CVI NOTICIAS\",\"isPartOf\":{\"@id\":\"https:\\\/\\\/cvinoticias.com\\\/v3\\\/#website\"},\"primaryImageOfPage\":{\"@id\":\"https:\\\/\\\/cvinoticias.com\\\/v3\\\/misiones-participo-del-xii-foro-de-ministros-de-medio-ambiente-de-america-latina-y-el-caribe\\\/#primaryimage\"},\"image\":{\"@id\":\"https:\\\/\\\/cvinoticias.com\\\/v3\\\/misiones-participo-del-xii-foro-de-ministros-de-medio-ambiente-de-america-latina-y-el-caribe\\\/#primaryimage\"},\"thumbnailUrl\":\"https:\\\/\\\/cvinoticias.com\\\/wp-content\\\/uploads\\\/2021\\\/02\\\/IMG-20210203-WA0022.jpg\",\"datePublished\":\"2021-02-03T12:14:15+00:00\",\"breadcrumb\":{\"@id\":\"https:\\\/\\\/cvinoticias.com\\\/v3\\\/misiones-participo-del-xii-foro-de-ministros-de-medio-ambiente-de-america-latina-y-el-caribe\\\/#breadcrumb\"},\"inLanguage\":\"es\",\"potentialAction\":[{\"@type\":\"ReadAction\",\"target\":[\"https:\\\/\\\/cvinoticias.com\\\/v3\\\/misiones-participo-del-xii-foro-de-ministros-de-medio-ambiente-de-america-latina-y-el-caribe\\\/\"]}]},{\"@type\":\"ImageObject\",\"inLanguage\":\"es\",\"@id\":\"https:\\\/\\\/cvinoticias.com\\\/v3\\\/misiones-participo-del-xii-foro-de-ministros-de-medio-ambiente-de-america-latina-y-el-caribe\\\/#primaryimage\",\"url\":\"https:\\\/\\\/cvinoticias.com\\\/wp-content\\\/uploads\\\/2021\\\/02\\\/IMG-20210203-WA0022.jpg\",\"contentUrl\":\"https:\\\/\\\/cvinoticias.com\\\/wp-content\\\/uploads\\\/2021\\\/02\\\/IMG-20210203-WA0022.jpg\",\"width\":710,\"height\":398},{\"@type\":\"BreadcrumbList\",\"@id\":\"https:\\\/\\\/cvinoticias.com\\\/v3\\\/misiones-participo-del-xii-foro-de-ministros-de-medio-ambiente-de-america-latina-y-el-caribe\\\/#breadcrumb\",\"itemListElement\":[{\"@type\":\"ListItem\",\"position\":1,\"name\":\"Portada\",\"item\":\"https:\\\/\\\/cvinoticias.com\\\/v3\\\/\"},{\"@type\":\"ListItem\",\"position\":2,\"name\":\"Misiones particip\u00f3 del XII Foro de Ministros de Medio Ambiente de Am\u00e9rica Latina y el Caribe.\"}]},{\"@type\":\"WebSite\",\"@id\":\"https:\\\/\\\/cvinoticias.com\\\/v3\\\/#website\",\"url\":\"https:\\\/\\\/cvinoticias.com\\\/v3\\\/\",\"name\":\"CVI NOTICIAS\",\"description\":\"\",\"publisher\":{\"@id\":\"https:\\\/\\\/cvinoticias.com\\\/v3\\\/#organization\"},\"alternateName\":\"CVI\",\"potentialAction\":[{\"@type\":\"SearchAction\",\"target\":{\"@type\":\"EntryPoint\",\"urlTemplate\":\"https:\\\/\\\/cvinoticias.com\\\/v3\\\/?s={search_term_string}\"},\"query-input\":{\"@type\":\"PropertyValueSpecification\",\"valueRequired\":true,\"valueName\":\"search_term_string\"}}],\"inLanguage\":\"es\"},{\"@type\":\"Organization\",\"@id\":\"https:\\\/\\\/cvinoticias.com\\\/v3\\\/#organization\",\"name\":\"CVI NOTICIAS\",\"url\":\"https:\\\/\\\/cvinoticias.com\\\/v3\\\/\",\"logo\":{\"@type\":\"ImageObject\",\"inLanguage\":\"es\",\"@id\":\"https:\\\/\\\/cvinoticias.com\\\/v3\\\/#\\\/schema\\\/logo\\\/image\\\/\",\"url\":\"https:\\\/\\\/cvinoticias.com\\\/wp-content\\\/uploads\\\/2023\\\/04\\\/cropped-cropped-cropped-cropped-cropped-3-1.png\",\"contentUrl\":\"https:\\\/\\\/cvinoticias.com\\\/wp-content\\\/uploads\\\/2023\\\/04\\\/cropped-cropped-cropped-cropped-cropped-3-1.png\",\"width\":95,\"height\":122,\"caption\":\"CVI NOTICIAS\"},\"image\":{\"@id\":\"https:\\\/\\\/cvinoticias.com\\\/v3\\\/#\\\/schema\\\/logo\\\/image\\\/\"},\"sameAs\":[\"https:\\\/\\\/www.facebook.com\\\/cvinoticias\",\"https:\\\/\\\/www.instagram.com\\\/cvinoticias\\\/\",\"https:\\\/\\\/www.youtube.com\\\/@CVINOTICIAS\"]},{\"@type\":\"Person\",\"@id\":\"https:\\\/\\\/cvinoticias.com\\\/v3\\\/#\\\/schema\\\/person\\\/2db77e3c6bc03c538495d7b2b8be9b66\",\"name\":\"f1000024\",\"image\":{\"@type\":\"ImageObject\",\"inLanguage\":\"es\",\"@id\":\"https:\\\/\\\/secure.gravatar.com\\\/avatar\\\/d4fe7459cfc51ff5129ce1a732bbef5928568b8092d412ef95611616376bbeed?s=96&d=mm&r=g\",\"url\":\"https:\\\/\\\/secure.gravatar.com\\\/avatar\\\/d4fe7459cfc51ff5129ce1a732bbef5928568b8092d412ef95611616376bbeed?s=96&d=mm&r=g\",\"contentUrl\":\"https:\\\/\\\/secure.gravatar.com\\\/avatar\\\/d4fe7459cfc51ff5129ce1a732bbef5928568b8092d412ef95611616376bbeed?s=96&d=mm&r=g\",\"caption\":\"f1000024\"},\"url\":\"https:\\\/\\\/cvinoticias.com\\\/v3\\\/author\\\/f1000024\\\/\"}]}<\/script>\n<!-- \/ Yoast SEO plugin. -->","yoast_head_json":{"title":"Misiones particip\u00f3 del XII Foro de Ministros de Medio Ambiente de Am\u00e9rica Latina y el Caribe. | CVI NOTICIAS","robots":{"index":"index","follow":"follow","max-snippet":"max-snippet:-1","max-image-preview":"max-image-preview:large","max-video-preview":"max-video-preview:-1"},"canonical":"https:\/\/cvinoticias.com\/v3\/misiones-participo-del-xii-foro-de-ministros-de-medio-ambiente-de-america-latina-y-el-caribe\/","og_locale":"es_ES","og_type":"article","og_title":"Misiones particip\u00f3 del XII Foro de Ministros de Medio Ambiente de Am\u00e9rica Latina y el Caribe. | CVI NOTICIAS","og_description":"La provincia fue parte del XII Foro de Ministros de Medio Ambiente de LATAM y Caribe, a trav\u00e9s de la participaci\u00f3n del ministro de Cambio Clim\u00e1tico, Patricio Lombardi, quien destac\u00f3 la apertura de la Organizaci\u00f3n de las Naciones Unidas Ambiente hacia los estados subnacionales. Se trat\u00f3 de una oportunidad hist\u00f3rica para Misiones y de un [&hellip;]","og_url":"https:\/\/cvinoticias.com\/v3\/misiones-participo-del-xii-foro-de-ministros-de-medio-ambiente-de-america-latina-y-el-caribe\/","og_site_name":"CVI NOTICIAS","article_publisher":"https:\/\/www.facebook.com\/cvinoticias","article_published_time":"2021-02-03T12:14:15+00:00","og_image":[{"width":710,"height":398,"url":"https:\/\/cvinoticias.com\/wp-content\/uploads\/2021\/02\/IMG-20210203-WA0022.jpg","type":"image\/jpeg"}],"author":"f1000024","twitter_card":"summary_large_image","twitter_misc":{"Escrito por":"f1000024","Tiempo de lectura":"3 minutos"},"schema":{"@context":"https:\/\/schema.org","@graph":[{"@type":"Article","@id":"https:\/\/cvinoticias.com\/v3\/misiones-participo-del-xii-foro-de-ministros-de-medio-ambiente-de-america-latina-y-el-caribe\/#article","isPartOf":{"@id":"https:\/\/cvinoticias.com\/v3\/misiones-participo-del-xii-foro-de-ministros-de-medio-ambiente-de-america-latina-y-el-caribe\/"},"author":{"name":"f1000024","@id":"https:\/\/cvinoticias.com\/v3\/#\/schema\/person\/2db77e3c6bc03c538495d7b2b8be9b66"},"headline":"Misiones particip\u00f3 del XII Foro de Ministros de Medio Ambiente de Am\u00e9rica Latina y el Caribe.","datePublished":"2021-02-03T12:14:15+00:00","mainEntityOfPage":{"@id":"https:\/\/cvinoticias.com\/v3\/misiones-participo-del-xii-foro-de-ministros-de-medio-ambiente-de-america-latina-y-el-caribe\/"},"wordCount":521,"commentCount":0,"publisher":{"@id":"https:\/\/cvinoticias.com\/v3\/#organization"},"image":{"@id":"https:\/\/cvinoticias.com\/v3\/misiones-participo-del-xii-foro-de-ministros-de-medio-ambiente-de-america-latina-y-el-caribe\/#primaryimage"},"thumbnailUrl":"https:\/\/cvinoticias.com\/wp-content\/uploads\/2021\/02\/IMG-20210203-WA0022.jpg","articleSection":["Medio Ambiente"],"inLanguage":"es","potentialAction":[{"@type":"CommentAction","name":"Comment","target":["https:\/\/cvinoticias.com\/v3\/misiones-participo-del-xii-foro-de-ministros-de-medio-ambiente-de-america-latina-y-el-caribe\/#respond"]}]},{"@type":"WebPage","@id":"https:\/\/cvinoticias.com\/v3\/misiones-participo-del-xii-foro-de-ministros-de-medio-ambiente-de-america-latina-y-el-caribe\/","url":"https:\/\/cvinoticias.com\/v3\/misiones-participo-del-xii-foro-de-ministros-de-medio-ambiente-de-america-latina-y-el-caribe\/","name":"Misiones particip\u00f3 del XII Foro de Ministros de Medio Ambiente de Am\u00e9rica Latina y el Caribe. | CVI NOTICIAS","isPartOf":{"@id":"https:\/\/cvinoticias.com\/v3\/#website"},"primaryImageOfPage":{"@id":"https:\/\/cvinoticias.com\/v3\/misiones-participo-del-xii-foro-de-ministros-de-medio-ambiente-de-america-latina-y-el-caribe\/#primaryimage"},"image":{"@id":"https:\/\/cvinoticias.com\/v3\/misiones-participo-del-xii-foro-de-ministros-de-medio-ambiente-de-america-latina-y-el-caribe\/#primaryimage"},"thumbnailUrl":"https:\/\/cvinoticias.com\/wp-content\/uploads\/2021\/02\/IMG-20210203-WA0022.jpg","datePublished":"2021-02-03T12:14:15+00:00","breadcrumb":{"@id":"https:\/\/cvinoticias.com\/v3\/misiones-participo-del-xii-foro-de-ministros-de-medio-ambiente-de-america-latina-y-el-caribe\/#breadcrumb"},"inLanguage":"es","potentialAction":[{"@type":"ReadAction","target":["https:\/\/cvinoticias.com\/v3\/misiones-participo-del-xii-foro-de-ministros-de-medio-ambiente-de-america-latina-y-el-caribe\/"]}]},{"@type":"ImageObject","inLanguage":"es","@id":"https:\/\/cvinoticias.com\/v3\/misiones-participo-del-xii-foro-de-ministros-de-medio-ambiente-de-america-latina-y-el-caribe\/#primaryimage","url":"https:\/\/cvinoticias.com\/wp-content\/uploads\/2021\/02\/IMG-20210203-WA0022.jpg","contentUrl":"https:\/\/cvinoticias.com\/wp-content\/uploads\/2021\/02\/IMG-20210203-WA0022.jpg","width":710,"height":398},{"@type":"BreadcrumbList","@id":"https:\/\/cvinoticias.com\/v3\/misiones-participo-del-xii-foro-de-ministros-de-medio-ambiente-de-america-latina-y-el-caribe\/#breadcrumb","itemListElement":[{"@type":"ListItem","position":1,"name":"Portada","item":"https:\/\/cvinoticias.com\/v3\/"},{"@type":"ListItem","position":2,"name":"Misiones particip\u00f3 del XII Foro de Ministros de Medio Ambiente de Am\u00e9rica Latina y el Caribe."}]},{"@type":"WebSite","@id":"https:\/\/cvinoticias.com\/v3\/#website","url":"https:\/\/cvinoticias.com\/v3\/","name":"CVI NOTICIAS","description":"","publisher":{"@id":"https:\/\/cvinoticias.com\/v3\/#organization"},"alternateName":"CVI","potentialAction":[{"@type":"SearchAction","target":{"@type":"EntryPoint","urlTemplate":"https:\/\/cvinoticias.com\/v3\/?s={search_term_string}"},"query-input":{"@type":"PropertyValueSpecification","valueRequired":true,"valueName":"search_term_string"}}],"inLanguage":"es"},{"@type":"Organization","@id":"https:\/\/cvinoticias.com\/v3\/#organization","name":"CVI NOTICIAS","url":"https:\/\/cvinoticias.com\/v3\/","logo":{"@type":"ImageObject","inLanguage":"es","@id":"https:\/\/cvinoticias.com\/v3\/#\/schema\/logo\/image\/","url":"https:\/\/cvinoticias.com\/wp-content\/uploads\/2023\/04\/cropped-cropped-cropped-cropped-cropped-3-1.png","contentUrl":"https:\/\/cvinoticias.com\/wp-content\/uploads\/2023\/04\/cropped-cropped-cropped-cropped-cropped-3-1.png","width":95,"height":122,"caption":"CVI NOTICIAS"},"image":{"@id":"https:\/\/cvinoticias.com\/v3\/#\/schema\/logo\/image\/"},"sameAs":["https:\/\/www.facebook.com\/cvinoticias","https:\/\/www.instagram.com\/cvinoticias\/","https:\/\/www.youtube.com\/@CVINOTICIAS"]},{"@type":"Person","@id":"https:\/\/cvinoticias.com\/v3\/#\/schema\/person\/2db77e3c6bc03c538495d7b2b8be9b66","name":"f1000024","image":{"@type":"ImageObject","inLanguage":"es","@id":"https:\/\/secure.gravatar.com\/avatar\/d4fe7459cfc51ff5129ce1a732bbef5928568b8092d412ef95611616376bbeed?s=96&d=mm&r=g","url":"https:\/\/secure.gravatar.com\/avatar\/d4fe7459cfc51ff5129ce1a732bbef5928568b8092d412ef95611616376bbeed?s=96&d=mm&r=g","contentUrl":"https:\/\/secure.gravatar.com\/avatar\/d4fe7459cfc51ff5129ce1a732bbef5928568b8092d412ef95611616376bbeed?s=96&d=mm&r=g","caption":"f1000024"},"url":"https:\/\/cvinoticias.com\/v3\/author\/f1000024\/"}]}},"_links":{"self":[{"href":"https:\/\/cvinoticias.com\/v3\/wp-json\/wp\/v2\/posts\/2325","targetHints":{"allow":["GET"]}}],"collection":[{"href":"https:\/\/cvinoticias.com\/v3\/wp-json\/wp\/v2\/posts"}],"about":[{"href":"https:\/\/cvinoticias.com\/v3\/wp-json\/wp\/v2\/types\/post"}],"author":[{"embeddable":true,"href":"https:\/\/cvinoticias.com\/v3\/wp-json\/wp\/v2\/users\/2"}],"replies":[{"embeddable":true,"href":"https:\/\/cvinoticias.com\/v3\/wp-json\/wp\/v2\/comments?post=2325"}],"version-history":[{"count":1,"href":"https:\/\/cvinoticias.com\/v3\/wp-json\/wp\/v2\/posts\/2325\/revisions"}],"predecessor-version":[{"id":2327,"href":"https:\/\/cvinoticias.com\/v3\/wp-json\/wp\/v2\/posts\/2325\/revisions\/2327"}],"wp:featuredmedia":[{"embeddable":true,"href":"https:\/\/cvinoticias.com\/v3\/wp-json\/wp\/v2\/media\/2326"}],"wp:attachment":[{"href":"https:\/\/cvinoticias.com\/v3\/wp-json\/wp\/v2\/media?parent=2325"}],"wp:term":[{"taxonomy":"category","embeddable":true,"href":"https:\/\/cvinoticias.com\/v3\/wp-json\/wp\/v2\/categories?post=2325"},{"taxonomy":"post_tag","embeddable":true,"href":"https:\/\/cvinoticias.com\/v3\/wp-json\/wp\/v2\/tags?post=2325"}],"curies":[{"name":"wp","href":"https:\/\/api.w.org\/{rel}","templated":true}]}}