{"id":23224,"date":"2023-03-13T13:15:04","date_gmt":"2023-03-13T13:15:04","guid":{"rendered":"https:\/\/cvinoticias.com\/v3\/?p=23224"},"modified":"2023-03-13T13:15:04","modified_gmt":"2023-03-13T13:15:04","slug":"inauguracion-del-aula-en-la-escuela-n954-altos-del-parana","status":"publish","type":"post","link":"https:\/\/cvinoticias.com\/v3\/inauguracion-del-aula-en-la-escuela-n954-altos-del-parana\/","title":{"rendered":"Inauguraci\u00f3n del aula en la Escuela N\u00b0954 \u00abAltos del Paran\u00e1\u00bb"},"content":{"rendered":"\n<p><strong><em>Con la presencia del Intendente Dr Claudio Ra\u00fal Filippa, el Presidente de Iturem Leopoldo Lucas y docentes escolares se realiz\u00f3 en la ma\u00f1ana de hoy lunes 13 la inauguraci\u00f3n de un nuevo aula en la instituci\u00f3n escolar \u00abEscuela Alto del Paran\u00e1 Nro. 954\u00bb.<\/em><\/strong><\/p>\n\n\n\n<p>En el mismo acto inaugural se estuvo entregando kits de \u00fatiles escolares para los alumnos.<\/p>\n\n\n\n<p><strong>FOTOS CVI <\/strong><\/p>\n\n\n\n<figure class=\"wp-block-image size-full is-resized\"><a href=\"https:\/\/cvinoticias.com\/wp-content\/uploads\/2023\/03\/IMG_20230313_094931_732.webp\"><img decoding=\"async\" data-src=\"https:\/\/cvinoticias.com\/wp-content\/uploads\/2023\/03\/IMG_20230313_094931_732.webp\" alt=\"\" class=\"wp-image-23225 lazyload\" width=\"665\" height=\"665\" src=\"data:image\/svg+xml;base64,PHN2ZyB3aWR0aD0iMSIgaGVpZ2h0PSIxIiB4bWxucz0iaHR0cDovL3d3dy53My5vcmcvMjAwMC9zdmciPjwvc3ZnPg==\" style=\"--smush-placeholder-width: 665px; --smush-placeholder-aspect-ratio: 665\/665;\" \/><\/a><\/figure>\n\n\n\n<figure class=\"wp-block-image size-full is-resized\"><a href=\"https:\/\/cvinoticias.com\/wp-content\/uploads\/2023\/03\/IMG_20230313_094932_218.webp\"><img decoding=\"async\" data-src=\"https:\/\/cvinoticias.com\/wp-content\/uploads\/2023\/03\/IMG_20230313_094932_218.webp\" alt=\"\" class=\"wp-image-23226 lazyload\" width=\"680\" height=\"680\" src=\"data:image\/svg+xml;base64,PHN2ZyB3aWR0aD0iMSIgaGVpZ2h0PSIxIiB4bWxucz0iaHR0cDovL3d3dy53My5vcmcvMjAwMC9zdmciPjwvc3ZnPg==\" style=\"--smush-placeholder-width: 680px; --smush-placeholder-aspect-ratio: 680\/680;\" \/><\/a><\/figure>\n\n\n\n<figure class=\"wp-block-image size-full\"><a href=\"https:\/\/cvinoticias.com\/wp-content\/uploads\/2023\/03\/IMG_20230313_094932_005.webp\"><img decoding=\"async\" width=\"720\" height=\"720\" data-src=\"https:\/\/cvinoticias.com\/wp-content\/uploads\/2023\/03\/IMG_20230313_094932_005.webp\" alt=\"\" class=\"wp-image-23227 lazyload\" src=\"data:image\/svg+xml;base64,PHN2ZyB3aWR0aD0iMSIgaGVpZ2h0PSIxIiB4bWxucz0iaHR0cDovL3d3dy53My5vcmcvMjAwMC9zdmciPjwvc3ZnPg==\" style=\"--smush-placeholder-width: 720px; --smush-placeholder-aspect-ratio: 720\/720;\" \/><\/a><\/figure>\n\n\n\n<figure class=\"wp-block-image size-full\"><a href=\"https:\/\/cvinoticias.com\/wp-content\/uploads\/2023\/03\/IMG_20230313_094932_276.webp\"><img decoding=\"async\" width=\"502\" height=\"501\" data-src=\"https:\/\/cvinoticias.com\/wp-content\/uploads\/2023\/03\/IMG_20230313_094932_276.webp\" alt=\"\" class=\"wp-image-23228 lazyload\" src=\"data:image\/svg+xml;base64,PHN2ZyB3aWR0aD0iMSIgaGVpZ2h0PSIxIiB4bWxucz0iaHR0cDovL3d3dy53My5vcmcvMjAwMC9zdmciPjwvc3ZnPg==\" style=\"--smush-placeholder-width: 502px; --smush-placeholder-aspect-ratio: 502\/501;\" \/><\/a><\/figure>\n\n\n\n<p><strong>Nota Completa, hoy a las 21 hs en \u00abCable Noticias\u00bb por CVI CANAL 5 y v\u00eda Streaming www.cvinoticias.com <\/strong><\/p>\n","protected":false},"excerpt":{"rendered":"<p>Con la presencia del Intendente Dr Claudio Ra\u00fal Filippa, el Presidente de Iturem Leopoldo Lucas y docentes escolares se realiz\u00f3 en la ma\u00f1ana de hoy lunes 13 la inauguraci\u00f3n de un nuevo aula en la instituci\u00f3n escolar \u00abEscuela Alto del Paran\u00e1 Nro. 954\u00bb. En el mismo acto inaugural se estuvo entregando kits de \u00fatiles escolares [&hellip;]<\/p>\n","protected":false},"author":2,"featured_media":23229,"comment_status":"open","ping_status":"open","sticky":false,"template":"","format":"standard","meta":{"footnotes":""},"categories":[29],"tags":[],"class_list":["post-23224","post","type-post","status-publish","format-standard","has-post-thumbnail","hentry","category-locales"],"yoast_head":"<!-- This site is optimized with the Yoast SEO plugin v27.5 - https:\/\/yoast.com\/product\/yoast-seo-wordpress\/ -->\n<title>Inauguraci\u00f3n del aula en la Escuela N\u00b0954 &quot;Altos del Paran\u00e1&quot; | CVI NOTICIAS<\/title>\n<meta name=\"robots\" content=\"index, follow, max-snippet:-1, max-image-preview:large, max-video-preview:-1\" \/>\n<link rel=\"canonical\" href=\"https:\/\/cvinoticias.com\/v3\/inauguracion-del-aula-en-la-escuela-n954-altos-del-parana\/\" \/>\n<meta property=\"og:locale\" content=\"es_ES\" \/>\n<meta property=\"og:type\" content=\"article\" \/>\n<meta property=\"og:title\" content=\"Inauguraci\u00f3n del aula en la Escuela N\u00b0954 &quot;Altos del Paran\u00e1&quot; | CVI NOTICIAS\" \/>\n<meta property=\"og:description\" content=\"Con la presencia del Intendente Dr Claudio Ra\u00fal Filippa, el Presidente de Iturem Leopoldo Lucas y docentes escolares se realiz\u00f3 en la ma\u00f1ana de hoy lunes 13 la inauguraci\u00f3n de un nuevo aula en la instituci\u00f3n escolar \u00abEscuela Alto del Paran\u00e1 Nro. 954\u00bb. En el mismo acto inaugural se estuvo entregando kits de \u00fatiles escolares [&hellip;]\" \/>\n<meta property=\"og:url\" content=\"https:\/\/cvinoticias.com\/v3\/inauguracion-del-aula-en-la-escuela-n954-altos-del-parana\/\" \/>\n<meta property=\"og:site_name\" content=\"CVI NOTICIAS\" \/>\n<meta property=\"article:publisher\" content=\"https:\/\/www.facebook.com\/cvinoticias\" \/>\n<meta property=\"article:published_time\" content=\"2023-03-13T13:15:04+00:00\" \/>\n<meta property=\"og:image\" content=\"https:\/\/cvinoticias.com\/wp-content\/uploads\/2023\/03\/IMG_20230313_094931_794.webp\" \/>\n\t<meta property=\"og:image:width\" content=\"600\" \/>\n\t<meta property=\"og:image:height\" content=\"600\" \/>\n\t<meta property=\"og:image:type\" content=\"image\/webp\" \/>\n<meta name=\"author\" content=\"f1000024\" \/>\n<meta name=\"twitter:card\" content=\"summary_large_image\" \/>\n<meta name=\"twitter:label1\" content=\"Escrito por\" \/>\n\t<meta name=\"twitter:data1\" content=\"f1000024\" \/>\n<script type=\"application\/ld+json\" class=\"yoast-schema-graph\">{\"@context\":\"https:\\\/\\\/schema.org\",\"@graph\":[{\"@type\":\"Article\",\"@id\":\"https:\\\/\\\/cvinoticias.com\\\/v3\\\/inauguracion-del-aula-en-la-escuela-n954-altos-del-parana\\\/#article\",\"isPartOf\":{\"@id\":\"https:\\\/\\\/cvinoticias.com\\\/v3\\\/inauguracion-del-aula-en-la-escuela-n954-altos-del-parana\\\/\"},\"author\":{\"name\":\"f1000024\",\"@id\":\"https:\\\/\\\/cvinoticias.com\\\/v3\\\/#\\\/schema\\\/person\\\/2db77e3c6bc03c538495d7b2b8be9b66\"},\"headline\":\"Inauguraci\u00f3n del aula en la Escuela N\u00b0954 \u00abAltos del Paran\u00e1\u00bb\",\"datePublished\":\"2023-03-13T13:15:04+00:00\",\"mainEntityOfPage\":{\"@id\":\"https:\\\/\\\/cvinoticias.com\\\/v3\\\/inauguracion-del-aula-en-la-escuela-n954-altos-del-parana\\\/\"},\"wordCount\":92,\"commentCount\":0,\"publisher\":{\"@id\":\"https:\\\/\\\/cvinoticias.com\\\/v3\\\/#organization\"},\"image\":{\"@id\":\"https:\\\/\\\/cvinoticias.com\\\/v3\\\/inauguracion-del-aula-en-la-escuela-n954-altos-del-parana\\\/#primaryimage\"},\"thumbnailUrl\":\"https:\\\/\\\/cvinoticias.com\\\/wp-content\\\/uploads\\\/2023\\\/03\\\/IMG_20230313_094931_794.webp\",\"articleSection\":[\"Locales\"],\"inLanguage\":\"es\",\"potentialAction\":[{\"@type\":\"CommentAction\",\"name\":\"Comment\",\"target\":[\"https:\\\/\\\/cvinoticias.com\\\/v3\\\/inauguracion-del-aula-en-la-escuela-n954-altos-del-parana\\\/#respond\"]}]},{\"@type\":\"WebPage\",\"@id\":\"https:\\\/\\\/cvinoticias.com\\\/v3\\\/inauguracion-del-aula-en-la-escuela-n954-altos-del-parana\\\/\",\"url\":\"https:\\\/\\\/cvinoticias.com\\\/v3\\\/inauguracion-del-aula-en-la-escuela-n954-altos-del-parana\\\/\",\"name\":\"Inauguraci\u00f3n del aula en la Escuela N\u00b0954 \\\"Altos del Paran\u00e1\\\" | CVI NOTICIAS\",\"isPartOf\":{\"@id\":\"https:\\\/\\\/cvinoticias.com\\\/v3\\\/#website\"},\"primaryImageOfPage\":{\"@id\":\"https:\\\/\\\/cvinoticias.com\\\/v3\\\/inauguracion-del-aula-en-la-escuela-n954-altos-del-parana\\\/#primaryimage\"},\"image\":{\"@id\":\"https:\\\/\\\/cvinoticias.com\\\/v3\\\/inauguracion-del-aula-en-la-escuela-n954-altos-del-parana\\\/#primaryimage\"},\"thumbnailUrl\":\"https:\\\/\\\/cvinoticias.com\\\/wp-content\\\/uploads\\\/2023\\\/03\\\/IMG_20230313_094931_794.webp\",\"datePublished\":\"2023-03-13T13:15:04+00:00\",\"breadcrumb\":{\"@id\":\"https:\\\/\\\/cvinoticias.com\\\/v3\\\/inauguracion-del-aula-en-la-escuela-n954-altos-del-parana\\\/#breadcrumb\"},\"inLanguage\":\"es\",\"potentialAction\":[{\"@type\":\"ReadAction\",\"target\":[\"https:\\\/\\\/cvinoticias.com\\\/v3\\\/inauguracion-del-aula-en-la-escuela-n954-altos-del-parana\\\/\"]}]},{\"@type\":\"ImageObject\",\"inLanguage\":\"es\",\"@id\":\"https:\\\/\\\/cvinoticias.com\\\/v3\\\/inauguracion-del-aula-en-la-escuela-n954-altos-del-parana\\\/#primaryimage\",\"url\":\"https:\\\/\\\/cvinoticias.com\\\/wp-content\\\/uploads\\\/2023\\\/03\\\/IMG_20230313_094931_794.webp\",\"contentUrl\":\"https:\\\/\\\/cvinoticias.com\\\/wp-content\\\/uploads\\\/2023\\\/03\\\/IMG_20230313_094931_794.webp\",\"width\":600,\"height\":600},{\"@type\":\"BreadcrumbList\",\"@id\":\"https:\\\/\\\/cvinoticias.com\\\/v3\\\/inauguracion-del-aula-en-la-escuela-n954-altos-del-parana\\\/#breadcrumb\",\"itemListElement\":[{\"@type\":\"ListItem\",\"position\":1,\"name\":\"Portada\",\"item\":\"https:\\\/\\\/cvinoticias.com\\\/v3\\\/\"},{\"@type\":\"ListItem\",\"position\":2,\"name\":\"Inauguraci\u00f3n del aula en la Escuela N\u00b0954 \u00abAltos del Paran\u00e1\u00bb\"}]},{\"@type\":\"WebSite\",\"@id\":\"https:\\\/\\\/cvinoticias.com\\\/v3\\\/#website\",\"url\":\"https:\\\/\\\/cvinoticias.com\\\/v3\\\/\",\"name\":\"CVI NOTICIAS\",\"description\":\"\",\"publisher\":{\"@id\":\"https:\\\/\\\/cvinoticias.com\\\/v3\\\/#organization\"},\"alternateName\":\"CVI\",\"potentialAction\":[{\"@type\":\"SearchAction\",\"target\":{\"@type\":\"EntryPoint\",\"urlTemplate\":\"https:\\\/\\\/cvinoticias.com\\\/v3\\\/?s={search_term_string}\"},\"query-input\":{\"@type\":\"PropertyValueSpecification\",\"valueRequired\":true,\"valueName\":\"search_term_string\"}}],\"inLanguage\":\"es\"},{\"@type\":\"Organization\",\"@id\":\"https:\\\/\\\/cvinoticias.com\\\/v3\\\/#organization\",\"name\":\"CVI NOTICIAS\",\"url\":\"https:\\\/\\\/cvinoticias.com\\\/v3\\\/\",\"logo\":{\"@type\":\"ImageObject\",\"inLanguage\":\"es\",\"@id\":\"https:\\\/\\\/cvinoticias.com\\\/v3\\\/#\\\/schema\\\/logo\\\/image\\\/\",\"url\":\"https:\\\/\\\/cvinoticias.com\\\/wp-content\\\/uploads\\\/2023\\\/04\\\/cropped-cropped-cropped-cropped-cropped-3-1.png\",\"contentUrl\":\"https:\\\/\\\/cvinoticias.com\\\/wp-content\\\/uploads\\\/2023\\\/04\\\/cropped-cropped-cropped-cropped-cropped-3-1.png\",\"width\":95,\"height\":122,\"caption\":\"CVI NOTICIAS\"},\"image\":{\"@id\":\"https:\\\/\\\/cvinoticias.com\\\/v3\\\/#\\\/schema\\\/logo\\\/image\\\/\"},\"sameAs\":[\"https:\\\/\\\/www.facebook.com\\\/cvinoticias\",\"https:\\\/\\\/www.instagram.com\\\/cvinoticias\\\/\",\"https:\\\/\\\/www.youtube.com\\\/@CVINOTICIAS\"]},{\"@type\":\"Person\",\"@id\":\"https:\\\/\\\/cvinoticias.com\\\/v3\\\/#\\\/schema\\\/person\\\/2db77e3c6bc03c538495d7b2b8be9b66\",\"name\":\"f1000024\",\"image\":{\"@type\":\"ImageObject\",\"inLanguage\":\"es\",\"@id\":\"https:\\\/\\\/secure.gravatar.com\\\/avatar\\\/d4fe7459cfc51ff5129ce1a732bbef5928568b8092d412ef95611616376bbeed?s=96&d=mm&r=g\",\"url\":\"https:\\\/\\\/secure.gravatar.com\\\/avatar\\\/d4fe7459cfc51ff5129ce1a732bbef5928568b8092d412ef95611616376bbeed?s=96&d=mm&r=g\",\"contentUrl\":\"https:\\\/\\\/secure.gravatar.com\\\/avatar\\\/d4fe7459cfc51ff5129ce1a732bbef5928568b8092d412ef95611616376bbeed?s=96&d=mm&r=g\",\"caption\":\"f1000024\"},\"url\":\"https:\\\/\\\/cvinoticias.com\\\/v3\\\/author\\\/f1000024\\\/\"}]}<\/script>\n<!-- \/ Yoast SEO plugin. -->","yoast_head_json":{"title":"Inauguraci\u00f3n del aula en la Escuela N\u00b0954 \"Altos del Paran\u00e1\" | CVI NOTICIAS","robots":{"index":"index","follow":"follow","max-snippet":"max-snippet:-1","max-image-preview":"max-image-preview:large","max-video-preview":"max-video-preview:-1"},"canonical":"https:\/\/cvinoticias.com\/v3\/inauguracion-del-aula-en-la-escuela-n954-altos-del-parana\/","og_locale":"es_ES","og_type":"article","og_title":"Inauguraci\u00f3n del aula en la Escuela N\u00b0954 \"Altos del Paran\u00e1\" | CVI NOTICIAS","og_description":"Con la presencia del Intendente Dr Claudio Ra\u00fal Filippa, el Presidente de Iturem Leopoldo Lucas y docentes escolares se realiz\u00f3 en la ma\u00f1ana de hoy lunes 13 la inauguraci\u00f3n de un nuevo aula en la instituci\u00f3n escolar \u00abEscuela Alto del Paran\u00e1 Nro. 954\u00bb. En el mismo acto inaugural se estuvo entregando kits de \u00fatiles escolares [&hellip;]","og_url":"https:\/\/cvinoticias.com\/v3\/inauguracion-del-aula-en-la-escuela-n954-altos-del-parana\/","og_site_name":"CVI NOTICIAS","article_publisher":"https:\/\/www.facebook.com\/cvinoticias","article_published_time":"2023-03-13T13:15:04+00:00","og_image":[{"width":600,"height":600,"url":"https:\/\/cvinoticias.com\/wp-content\/uploads\/2023\/03\/IMG_20230313_094931_794.webp","type":"image\/webp"}],"author":"f1000024","twitter_card":"summary_large_image","twitter_misc":{"Escrito por":"f1000024"},"schema":{"@context":"https:\/\/schema.org","@graph":[{"@type":"Article","@id":"https:\/\/cvinoticias.com\/v3\/inauguracion-del-aula-en-la-escuela-n954-altos-del-parana\/#article","isPartOf":{"@id":"https:\/\/cvinoticias.com\/v3\/inauguracion-del-aula-en-la-escuela-n954-altos-del-parana\/"},"author":{"name":"f1000024","@id":"https:\/\/cvinoticias.com\/v3\/#\/schema\/person\/2db77e3c6bc03c538495d7b2b8be9b66"},"headline":"Inauguraci\u00f3n del aula en la Escuela N\u00b0954 \u00abAltos del Paran\u00e1\u00bb","datePublished":"2023-03-13T13:15:04+00:00","mainEntityOfPage":{"@id":"https:\/\/cvinoticias.com\/v3\/inauguracion-del-aula-en-la-escuela-n954-altos-del-parana\/"},"wordCount":92,"commentCount":0,"publisher":{"@id":"https:\/\/cvinoticias.com\/v3\/#organization"},"image":{"@id":"https:\/\/cvinoticias.com\/v3\/inauguracion-del-aula-en-la-escuela-n954-altos-del-parana\/#primaryimage"},"thumbnailUrl":"https:\/\/cvinoticias.com\/wp-content\/uploads\/2023\/03\/IMG_20230313_094931_794.webp","articleSection":["Locales"],"inLanguage":"es","potentialAction":[{"@type":"CommentAction","name":"Comment","target":["https:\/\/cvinoticias.com\/v3\/inauguracion-del-aula-en-la-escuela-n954-altos-del-parana\/#respond"]}]},{"@type":"WebPage","@id":"https:\/\/cvinoticias.com\/v3\/inauguracion-del-aula-en-la-escuela-n954-altos-del-parana\/","url":"https:\/\/cvinoticias.com\/v3\/inauguracion-del-aula-en-la-escuela-n954-altos-del-parana\/","name":"Inauguraci\u00f3n del aula en la Escuela N\u00b0954 \"Altos del Paran\u00e1\" | CVI NOTICIAS","isPartOf":{"@id":"https:\/\/cvinoticias.com\/v3\/#website"},"primaryImageOfPage":{"@id":"https:\/\/cvinoticias.com\/v3\/inauguracion-del-aula-en-la-escuela-n954-altos-del-parana\/#primaryimage"},"image":{"@id":"https:\/\/cvinoticias.com\/v3\/inauguracion-del-aula-en-la-escuela-n954-altos-del-parana\/#primaryimage"},"thumbnailUrl":"https:\/\/cvinoticias.com\/wp-content\/uploads\/2023\/03\/IMG_20230313_094931_794.webp","datePublished":"2023-03-13T13:15:04+00:00","breadcrumb":{"@id":"https:\/\/cvinoticias.com\/v3\/inauguracion-del-aula-en-la-escuela-n954-altos-del-parana\/#breadcrumb"},"inLanguage":"es","potentialAction":[{"@type":"ReadAction","target":["https:\/\/cvinoticias.com\/v3\/inauguracion-del-aula-en-la-escuela-n954-altos-del-parana\/"]}]},{"@type":"ImageObject","inLanguage":"es","@id":"https:\/\/cvinoticias.com\/v3\/inauguracion-del-aula-en-la-escuela-n954-altos-del-parana\/#primaryimage","url":"https:\/\/cvinoticias.com\/wp-content\/uploads\/2023\/03\/IMG_20230313_094931_794.webp","contentUrl":"https:\/\/cvinoticias.com\/wp-content\/uploads\/2023\/03\/IMG_20230313_094931_794.webp","width":600,"height":600},{"@type":"BreadcrumbList","@id":"https:\/\/cvinoticias.com\/v3\/inauguracion-del-aula-en-la-escuela-n954-altos-del-parana\/#breadcrumb","itemListElement":[{"@type":"ListItem","position":1,"name":"Portada","item":"https:\/\/cvinoticias.com\/v3\/"},{"@type":"ListItem","position":2,"name":"Inauguraci\u00f3n del aula en la Escuela N\u00b0954 \u00abAltos del Paran\u00e1\u00bb"}]},{"@type":"WebSite","@id":"https:\/\/cvinoticias.com\/v3\/#website","url":"https:\/\/cvinoticias.com\/v3\/","name":"CVI NOTICIAS","description":"","publisher":{"@id":"https:\/\/cvinoticias.com\/v3\/#organization"},"alternateName":"CVI","potentialAction":[{"@type":"SearchAction","target":{"@type":"EntryPoint","urlTemplate":"https:\/\/cvinoticias.com\/v3\/?s={search_term_string}"},"query-input":{"@type":"PropertyValueSpecification","valueRequired":true,"valueName":"search_term_string"}}],"inLanguage":"es"},{"@type":"Organization","@id":"https:\/\/cvinoticias.com\/v3\/#organization","name":"CVI NOTICIAS","url":"https:\/\/cvinoticias.com\/v3\/","logo":{"@type":"ImageObject","inLanguage":"es","@id":"https:\/\/cvinoticias.com\/v3\/#\/schema\/logo\/image\/","url":"https:\/\/cvinoticias.com\/wp-content\/uploads\/2023\/04\/cropped-cropped-cropped-cropped-cropped-3-1.png","contentUrl":"https:\/\/cvinoticias.com\/wp-content\/uploads\/2023\/04\/cropped-cropped-cropped-cropped-cropped-3-1.png","width":95,"height":122,"caption":"CVI NOTICIAS"},"image":{"@id":"https:\/\/cvinoticias.com\/v3\/#\/schema\/logo\/image\/"},"sameAs":["https:\/\/www.facebook.com\/cvinoticias","https:\/\/www.instagram.com\/cvinoticias\/","https:\/\/www.youtube.com\/@CVINOTICIAS"]},{"@type":"Person","@id":"https:\/\/cvinoticias.com\/v3\/#\/schema\/person\/2db77e3c6bc03c538495d7b2b8be9b66","name":"f1000024","image":{"@type":"ImageObject","inLanguage":"es","@id":"https:\/\/secure.gravatar.com\/avatar\/d4fe7459cfc51ff5129ce1a732bbef5928568b8092d412ef95611616376bbeed?s=96&d=mm&r=g","url":"https:\/\/secure.gravatar.com\/avatar\/d4fe7459cfc51ff5129ce1a732bbef5928568b8092d412ef95611616376bbeed?s=96&d=mm&r=g","contentUrl":"https:\/\/secure.gravatar.com\/avatar\/d4fe7459cfc51ff5129ce1a732bbef5928568b8092d412ef95611616376bbeed?s=96&d=mm&r=g","caption":"f1000024"},"url":"https:\/\/cvinoticias.com\/v3\/author\/f1000024\/"}]}},"_links":{"self":[{"href":"https:\/\/cvinoticias.com\/v3\/wp-json\/wp\/v2\/posts\/23224","targetHints":{"allow":["GET"]}}],"collection":[{"href":"https:\/\/cvinoticias.com\/v3\/wp-json\/wp\/v2\/posts"}],"about":[{"href":"https:\/\/cvinoticias.com\/v3\/wp-json\/wp\/v2\/types\/post"}],"author":[{"embeddable":true,"href":"https:\/\/cvinoticias.com\/v3\/wp-json\/wp\/v2\/users\/2"}],"replies":[{"embeddable":true,"href":"https:\/\/cvinoticias.com\/v3\/wp-json\/wp\/v2\/comments?post=23224"}],"version-history":[{"count":1,"href":"https:\/\/cvinoticias.com\/v3\/wp-json\/wp\/v2\/posts\/23224\/revisions"}],"predecessor-version":[{"id":23230,"href":"https:\/\/cvinoticias.com\/v3\/wp-json\/wp\/v2\/posts\/23224\/revisions\/23230"}],"wp:featuredmedia":[{"embeddable":true,"href":"https:\/\/cvinoticias.com\/v3\/wp-json\/wp\/v2\/media\/23229"}],"wp:attachment":[{"href":"https:\/\/cvinoticias.com\/v3\/wp-json\/wp\/v2\/media?parent=23224"}],"wp:term":[{"taxonomy":"category","embeddable":true,"href":"https:\/\/cvinoticias.com\/v3\/wp-json\/wp\/v2\/categories?post=23224"},{"taxonomy":"post_tag","embeddable":true,"href":"https:\/\/cvinoticias.com\/v3\/wp-json\/wp\/v2\/tags?post=23224"}],"curies":[{"name":"wp","href":"https:\/\/api.w.org\/{rel}","templated":true}]}}