{"id":23221,"date":"2023-03-13T11:02:15","date_gmt":"2023-03-13T11:02:15","guid":{"rendered":"https:\/\/cvinoticias.com\/v3\/?p=23221"},"modified":"2023-03-13T11:02:15","modified_gmt":"2023-03-13T11:02:15","slug":"se-encuentra-abierta-la-convocatoria-escenas-en-sintonia-2-40-anos-de-democracia","status":"publish","type":"post","link":"https:\/\/cvinoticias.com\/v3\/se-encuentra-abierta-la-convocatoria-escenas-en-sintonia-2-40-anos-de-democracia\/","title":{"rendered":"Se encuentra abierta la convocatoria \u201cEscenas en sINTon\u00eda 2: 40 a\u00f1os de democracia\u201d"},"content":{"rendered":"\n<p><strong><em>Grupos estables y elencos eventuales dedicados a la actividad teatral independiente pueden inscribirse en este concurso nacional para proyectos de radioteatro que celebren los 40 a\u00f1os de democracia.<\/em><\/strong><\/p>\n\n\n\n<p>El Instituto Nacional del Teatro (INT), organismo del Ministerio de Cultura, anunci\u00f3 la apertura de inscripciones para la Convocatoria \u201cEscenas en sINTon\u00eda 2 \u2013 40 a\u00f1os de democracia\u201d hasta el 5 de junio, inclusive. Esta iniciativa est\u00e1 destinada a grupos estables y a elencos eventuales dedicados a la actividad teatral independiente, con el objeto de realizar proyectos de radioteatro.<\/p>\n\n\n\n<p>Tras la repercusi\u00f3n de la primera edici\u00f3n realizada a prop\u00f3sito de los festejos por los primeros 100 a\u00f1os de la radiodifusi\u00f3n en nuestro pa\u00eds, esta segunda parte de \u00abEscenas en sINTon\u00eda\u00bb se enmarca en los festejos por los 40 a\u00f1os de democracia ininterrumpida en la Argentina. La convocatoria es un trabajo conjunto del Ministerio de Cultura de la Naci\u00f3n, el Instituto Nacional del Teatro, Radio y Televisi\u00f3n Argentina (RTA), Radio Nacional y Argentores \u2013 Sociedad General de Autores de la Argentina.<\/p>\n\n\n\n<p>La tem\u00e1tica propuesta deber\u00e1 tener como eje una mirada regional que recoja sus personajes, el rescate de la identidad oral y escrita, costumbres y tradiciones, leyendas y devociones populares, as\u00ed como el recorte de sucesos hist\u00f3ricos y sus protagonistas dentro de una espec\u00edfica delimitaci\u00f3n territorial. El alcance de los temas propuestos deber\u00e1 visibilizar figuras locales y recobrarlas desde el anonimato a trav\u00e9s de sus historias de vida, como tambi\u00e9n recrear cr\u00f3nicas period\u00edsticas combinando ficci\u00f3n y realidad, entendiendo que estos documentales radiof\u00f3nicos dramatizados pueden recuperar y ceder la palabra a m\u00faltiples actores, siendo un campo f\u00e9rtil para el desarrollo autoral de contenidos regionales.<\/p>\n\n\n\n<p>Ser\u00e1n seleccionados 30 proyectos de radioteatro, a los que se les otorgar\u00e1 un premio de $250.000 cada uno, cinco por cada una de las regiones teatrales, seg\u00fan orden de m\u00e9rito regional, determinado por el jurado designado a tal efecto. Si la totalidad de los cupos no pudiera ser cubierta en la regi\u00f3n, los premios se otorgar\u00e1n siguiendo el orden de m\u00e9rito nacional. Del monto total del premio se destinar\u00e1 el 10% al pago de derechos a las personas autoras. Para ello, el INT har\u00e1 la transferencia correspondiente a Argentores. De haber m\u00e1s de un autor, esa cantidad ser\u00e1 repartida seg\u00fan acuerdo previo de los autores intervinientes.<\/p>\n\n\n\n<p>El monto restante de cada premio ser\u00e1 destinado al grupo para la realizaci\u00f3n del proyecto seleccionado. Con ese dinero deber\u00e1n producir la grabaci\u00f3n de la obra bajo el formato radioteatro mediante la coordinaci\u00f3n del INT, de Argentores y de RTA. Como parte del premio, RTA -a trav\u00e9s de Radio Nacional, en conjunto con sus equipos de profesionales y bajo la supervisi\u00f3n de la\/os directoras\/es de las propuestas- proceder\u00e1 a la edici\u00f3n de los materiales adecuando los mismos a los formatos necesarios para su emisi\u00f3n radial. RTA, por intermedio de Radio Nacional y sus gerencias, determinar\u00e1 las emisoras, d\u00edas y horarios de reproducci\u00f3n de cada uno de los 30 proyectos ganadores.<\/p>\n\n\n\n<p>Para las inscripciones y acceder al reglamento completo de la convocatoria, las personas interesadas pueden ingresar a https:\/\/inteatro.ar\/convocatorias\/escenas-sintonia-2\/<\/p>\n","protected":false},"excerpt":{"rendered":"<p>Grupos estables y elencos eventuales dedicados a la actividad teatral independiente pueden inscribirse en este concurso nacional para proyectos de radioteatro que celebren los 40 a\u00f1os de democracia. El Instituto Nacional del Teatro (INT), organismo del Ministerio de Cultura, anunci\u00f3 la apertura de inscripciones para la Convocatoria \u201cEscenas en sINTon\u00eda 2 \u2013 40 a\u00f1os de [&hellip;]<\/p>\n","protected":false},"author":2,"featured_media":23222,"comment_status":"open","ping_status":"open","sticky":false,"template":"","format":"standard","meta":{"footnotes":""},"categories":[35],"tags":[],"class_list":["post-23221","post","type-post","status-publish","format-standard","has-post-thumbnail","hentry","category-informacion-general"],"yoast_head":"<!-- This site is optimized with the Yoast SEO plugin v27.4 - https:\/\/yoast.com\/product\/yoast-seo-wordpress\/ -->\n<title>Se encuentra abierta la convocatoria \u201cEscenas en sINTon\u00eda 2: 40 a\u00f1os de democracia\u201d | CVI NOTICIAS<\/title>\n<meta name=\"robots\" content=\"index, follow, max-snippet:-1, max-image-preview:large, max-video-preview:-1\" \/>\n<link rel=\"canonical\" href=\"https:\/\/cvinoticias.com\/v3\/se-encuentra-abierta-la-convocatoria-escenas-en-sintonia-2-40-anos-de-democracia\/\" \/>\n<meta property=\"og:locale\" content=\"es_ES\" \/>\n<meta property=\"og:type\" content=\"article\" \/>\n<meta property=\"og:title\" content=\"Se encuentra abierta la convocatoria \u201cEscenas en sINTon\u00eda 2: 40 a\u00f1os de democracia\u201d | CVI NOTICIAS\" \/>\n<meta property=\"og:description\" content=\"Grupos estables y elencos eventuales dedicados a la actividad teatral independiente pueden inscribirse en este concurso nacional para proyectos de radioteatro que celebren los 40 a\u00f1os de democracia. El Instituto Nacional del Teatro (INT), organismo del Ministerio de Cultura, anunci\u00f3 la apertura de inscripciones para la Convocatoria \u201cEscenas en sINTon\u00eda 2 \u2013 40 a\u00f1os de [&hellip;]\" \/>\n<meta property=\"og:url\" content=\"https:\/\/cvinoticias.com\/v3\/se-encuentra-abierta-la-convocatoria-escenas-en-sintonia-2-40-anos-de-democracia\/\" \/>\n<meta property=\"og:site_name\" content=\"CVI NOTICIAS\" \/>\n<meta property=\"article:publisher\" content=\"https:\/\/www.facebook.com\/cvinoticias\" \/>\n<meta property=\"article:published_time\" content=\"2023-03-13T11:02:15+00:00\" \/>\n<meta property=\"og:image\" content=\"https:\/\/cvinoticias.com\/wp-content\/uploads\/2023\/03\/30-9.jpg\" \/>\n\t<meta property=\"og:image:width\" content=\"799\" \/>\n\t<meta property=\"og:image:height\" content=\"533\" \/>\n\t<meta property=\"og:image:type\" content=\"image\/jpeg\" \/>\n<meta name=\"author\" content=\"f1000024\" \/>\n<meta name=\"twitter:card\" content=\"summary_large_image\" \/>\n<meta name=\"twitter:label1\" content=\"Escrito por\" \/>\n\t<meta name=\"twitter:data1\" content=\"f1000024\" \/>\n\t<meta name=\"twitter:label2\" content=\"Tiempo de lectura\" \/>\n\t<meta name=\"twitter:data2\" content=\"3 minutos\" \/>\n<script type=\"application\/ld+json\" class=\"yoast-schema-graph\">{\"@context\":\"https:\\\/\\\/schema.org\",\"@graph\":[{\"@type\":\"Article\",\"@id\":\"https:\\\/\\\/cvinoticias.com\\\/v3\\\/se-encuentra-abierta-la-convocatoria-escenas-en-sintonia-2-40-anos-de-democracia\\\/#article\",\"isPartOf\":{\"@id\":\"https:\\\/\\\/cvinoticias.com\\\/v3\\\/se-encuentra-abierta-la-convocatoria-escenas-en-sintonia-2-40-anos-de-democracia\\\/\"},\"author\":{\"name\":\"f1000024\",\"@id\":\"https:\\\/\\\/cvinoticias.com\\\/v3\\\/#\\\/schema\\\/person\\\/2db77e3c6bc03c538495d7b2b8be9b66\"},\"headline\":\"Se encuentra abierta la convocatoria \u201cEscenas en sINTon\u00eda 2: 40 a\u00f1os de democracia\u201d\",\"datePublished\":\"2023-03-13T11:02:15+00:00\",\"mainEntityOfPage\":{\"@id\":\"https:\\\/\\\/cvinoticias.com\\\/v3\\\/se-encuentra-abierta-la-convocatoria-escenas-en-sintonia-2-40-anos-de-democracia\\\/\"},\"wordCount\":554,\"commentCount\":0,\"publisher\":{\"@id\":\"https:\\\/\\\/cvinoticias.com\\\/v3\\\/#organization\"},\"image\":{\"@id\":\"https:\\\/\\\/cvinoticias.com\\\/v3\\\/se-encuentra-abierta-la-convocatoria-escenas-en-sintonia-2-40-anos-de-democracia\\\/#primaryimage\"},\"thumbnailUrl\":\"https:\\\/\\\/cvinoticias.com\\\/wp-content\\\/uploads\\\/2023\\\/03\\\/30-9.jpg\",\"articleSection\":[\"Informaci\u00f3n General\"],\"inLanguage\":\"es\",\"potentialAction\":[{\"@type\":\"CommentAction\",\"name\":\"Comment\",\"target\":[\"https:\\\/\\\/cvinoticias.com\\\/v3\\\/se-encuentra-abierta-la-convocatoria-escenas-en-sintonia-2-40-anos-de-democracia\\\/#respond\"]}]},{\"@type\":\"WebPage\",\"@id\":\"https:\\\/\\\/cvinoticias.com\\\/v3\\\/se-encuentra-abierta-la-convocatoria-escenas-en-sintonia-2-40-anos-de-democracia\\\/\",\"url\":\"https:\\\/\\\/cvinoticias.com\\\/v3\\\/se-encuentra-abierta-la-convocatoria-escenas-en-sintonia-2-40-anos-de-democracia\\\/\",\"name\":\"Se encuentra abierta la convocatoria \u201cEscenas en sINTon\u00eda 2: 40 a\u00f1os de democracia\u201d | CVI NOTICIAS\",\"isPartOf\":{\"@id\":\"https:\\\/\\\/cvinoticias.com\\\/v3\\\/#website\"},\"primaryImageOfPage\":{\"@id\":\"https:\\\/\\\/cvinoticias.com\\\/v3\\\/se-encuentra-abierta-la-convocatoria-escenas-en-sintonia-2-40-anos-de-democracia\\\/#primaryimage\"},\"image\":{\"@id\":\"https:\\\/\\\/cvinoticias.com\\\/v3\\\/se-encuentra-abierta-la-convocatoria-escenas-en-sintonia-2-40-anos-de-democracia\\\/#primaryimage\"},\"thumbnailUrl\":\"https:\\\/\\\/cvinoticias.com\\\/wp-content\\\/uploads\\\/2023\\\/03\\\/30-9.jpg\",\"datePublished\":\"2023-03-13T11:02:15+00:00\",\"breadcrumb\":{\"@id\":\"https:\\\/\\\/cvinoticias.com\\\/v3\\\/se-encuentra-abierta-la-convocatoria-escenas-en-sintonia-2-40-anos-de-democracia\\\/#breadcrumb\"},\"inLanguage\":\"es\",\"potentialAction\":[{\"@type\":\"ReadAction\",\"target\":[\"https:\\\/\\\/cvinoticias.com\\\/v3\\\/se-encuentra-abierta-la-convocatoria-escenas-en-sintonia-2-40-anos-de-democracia\\\/\"]}]},{\"@type\":\"ImageObject\",\"inLanguage\":\"es\",\"@id\":\"https:\\\/\\\/cvinoticias.com\\\/v3\\\/se-encuentra-abierta-la-convocatoria-escenas-en-sintonia-2-40-anos-de-democracia\\\/#primaryimage\",\"url\":\"https:\\\/\\\/cvinoticias.com\\\/wp-content\\\/uploads\\\/2023\\\/03\\\/30-9.jpg\",\"contentUrl\":\"https:\\\/\\\/cvinoticias.com\\\/wp-content\\\/uploads\\\/2023\\\/03\\\/30-9.jpg\",\"width\":799,\"height\":533},{\"@type\":\"BreadcrumbList\",\"@id\":\"https:\\\/\\\/cvinoticias.com\\\/v3\\\/se-encuentra-abierta-la-convocatoria-escenas-en-sintonia-2-40-anos-de-democracia\\\/#breadcrumb\",\"itemListElement\":[{\"@type\":\"ListItem\",\"position\":1,\"name\":\"Portada\",\"item\":\"https:\\\/\\\/cvinoticias.com\\\/v3\\\/\"},{\"@type\":\"ListItem\",\"position\":2,\"name\":\"Se encuentra abierta la convocatoria \u201cEscenas en sINTon\u00eda 2: 40 a\u00f1os de democracia\u201d\"}]},{\"@type\":\"WebSite\",\"@id\":\"https:\\\/\\\/cvinoticias.com\\\/v3\\\/#website\",\"url\":\"https:\\\/\\\/cvinoticias.com\\\/v3\\\/\",\"name\":\"CVI NOTICIAS\",\"description\":\"\",\"publisher\":{\"@id\":\"https:\\\/\\\/cvinoticias.com\\\/v3\\\/#organization\"},\"alternateName\":\"CVI\",\"potentialAction\":[{\"@type\":\"SearchAction\",\"target\":{\"@type\":\"EntryPoint\",\"urlTemplate\":\"https:\\\/\\\/cvinoticias.com\\\/v3\\\/?s={search_term_string}\"},\"query-input\":{\"@type\":\"PropertyValueSpecification\",\"valueRequired\":true,\"valueName\":\"search_term_string\"}}],\"inLanguage\":\"es\"},{\"@type\":\"Organization\",\"@id\":\"https:\\\/\\\/cvinoticias.com\\\/v3\\\/#organization\",\"name\":\"CVI NOTICIAS\",\"url\":\"https:\\\/\\\/cvinoticias.com\\\/v3\\\/\",\"logo\":{\"@type\":\"ImageObject\",\"inLanguage\":\"es\",\"@id\":\"https:\\\/\\\/cvinoticias.com\\\/v3\\\/#\\\/schema\\\/logo\\\/image\\\/\",\"url\":\"https:\\\/\\\/cvinoticias.com\\\/wp-content\\\/uploads\\\/2023\\\/04\\\/cropped-cropped-cropped-cropped-cropped-3-1.png\",\"contentUrl\":\"https:\\\/\\\/cvinoticias.com\\\/wp-content\\\/uploads\\\/2023\\\/04\\\/cropped-cropped-cropped-cropped-cropped-3-1.png\",\"width\":95,\"height\":122,\"caption\":\"CVI NOTICIAS\"},\"image\":{\"@id\":\"https:\\\/\\\/cvinoticias.com\\\/v3\\\/#\\\/schema\\\/logo\\\/image\\\/\"},\"sameAs\":[\"https:\\\/\\\/www.facebook.com\\\/cvinoticias\",\"https:\\\/\\\/www.instagram.com\\\/cvinoticias\\\/\",\"https:\\\/\\\/www.youtube.com\\\/@CVINOTICIAS\"]},{\"@type\":\"Person\",\"@id\":\"https:\\\/\\\/cvinoticias.com\\\/v3\\\/#\\\/schema\\\/person\\\/2db77e3c6bc03c538495d7b2b8be9b66\",\"name\":\"f1000024\",\"image\":{\"@type\":\"ImageObject\",\"inLanguage\":\"es\",\"@id\":\"https:\\\/\\\/secure.gravatar.com\\\/avatar\\\/d4fe7459cfc51ff5129ce1a732bbef5928568b8092d412ef95611616376bbeed?s=96&d=mm&r=g\",\"url\":\"https:\\\/\\\/secure.gravatar.com\\\/avatar\\\/d4fe7459cfc51ff5129ce1a732bbef5928568b8092d412ef95611616376bbeed?s=96&d=mm&r=g\",\"contentUrl\":\"https:\\\/\\\/secure.gravatar.com\\\/avatar\\\/d4fe7459cfc51ff5129ce1a732bbef5928568b8092d412ef95611616376bbeed?s=96&d=mm&r=g\",\"caption\":\"f1000024\"},\"url\":\"https:\\\/\\\/cvinoticias.com\\\/v3\\\/author\\\/f1000024\\\/\"}]}<\/script>\n<!-- \/ Yoast SEO plugin. -->","yoast_head_json":{"title":"Se encuentra abierta la convocatoria \u201cEscenas en sINTon\u00eda 2: 40 a\u00f1os de democracia\u201d | CVI NOTICIAS","robots":{"index":"index","follow":"follow","max-snippet":"max-snippet:-1","max-image-preview":"max-image-preview:large","max-video-preview":"max-video-preview:-1"},"canonical":"https:\/\/cvinoticias.com\/v3\/se-encuentra-abierta-la-convocatoria-escenas-en-sintonia-2-40-anos-de-democracia\/","og_locale":"es_ES","og_type":"article","og_title":"Se encuentra abierta la convocatoria \u201cEscenas en sINTon\u00eda 2: 40 a\u00f1os de democracia\u201d | CVI NOTICIAS","og_description":"Grupos estables y elencos eventuales dedicados a la actividad teatral independiente pueden inscribirse en este concurso nacional para proyectos de radioteatro que celebren los 40 a\u00f1os de democracia. El Instituto Nacional del Teatro (INT), organismo del Ministerio de Cultura, anunci\u00f3 la apertura de inscripciones para la Convocatoria \u201cEscenas en sINTon\u00eda 2 \u2013 40 a\u00f1os de [&hellip;]","og_url":"https:\/\/cvinoticias.com\/v3\/se-encuentra-abierta-la-convocatoria-escenas-en-sintonia-2-40-anos-de-democracia\/","og_site_name":"CVI NOTICIAS","article_publisher":"https:\/\/www.facebook.com\/cvinoticias","article_published_time":"2023-03-13T11:02:15+00:00","og_image":[{"width":799,"height":533,"url":"https:\/\/cvinoticias.com\/wp-content\/uploads\/2023\/03\/30-9.jpg","type":"image\/jpeg"}],"author":"f1000024","twitter_card":"summary_large_image","twitter_misc":{"Escrito por":"f1000024","Tiempo de lectura":"3 minutos"},"schema":{"@context":"https:\/\/schema.org","@graph":[{"@type":"Article","@id":"https:\/\/cvinoticias.com\/v3\/se-encuentra-abierta-la-convocatoria-escenas-en-sintonia-2-40-anos-de-democracia\/#article","isPartOf":{"@id":"https:\/\/cvinoticias.com\/v3\/se-encuentra-abierta-la-convocatoria-escenas-en-sintonia-2-40-anos-de-democracia\/"},"author":{"name":"f1000024","@id":"https:\/\/cvinoticias.com\/v3\/#\/schema\/person\/2db77e3c6bc03c538495d7b2b8be9b66"},"headline":"Se encuentra abierta la convocatoria \u201cEscenas en sINTon\u00eda 2: 40 a\u00f1os de democracia\u201d","datePublished":"2023-03-13T11:02:15+00:00","mainEntityOfPage":{"@id":"https:\/\/cvinoticias.com\/v3\/se-encuentra-abierta-la-convocatoria-escenas-en-sintonia-2-40-anos-de-democracia\/"},"wordCount":554,"commentCount":0,"publisher":{"@id":"https:\/\/cvinoticias.com\/v3\/#organization"},"image":{"@id":"https:\/\/cvinoticias.com\/v3\/se-encuentra-abierta-la-convocatoria-escenas-en-sintonia-2-40-anos-de-democracia\/#primaryimage"},"thumbnailUrl":"https:\/\/cvinoticias.com\/wp-content\/uploads\/2023\/03\/30-9.jpg","articleSection":["Informaci\u00f3n General"],"inLanguage":"es","potentialAction":[{"@type":"CommentAction","name":"Comment","target":["https:\/\/cvinoticias.com\/v3\/se-encuentra-abierta-la-convocatoria-escenas-en-sintonia-2-40-anos-de-democracia\/#respond"]}]},{"@type":"WebPage","@id":"https:\/\/cvinoticias.com\/v3\/se-encuentra-abierta-la-convocatoria-escenas-en-sintonia-2-40-anos-de-democracia\/","url":"https:\/\/cvinoticias.com\/v3\/se-encuentra-abierta-la-convocatoria-escenas-en-sintonia-2-40-anos-de-democracia\/","name":"Se encuentra abierta la convocatoria \u201cEscenas en sINTon\u00eda 2: 40 a\u00f1os de democracia\u201d | CVI NOTICIAS","isPartOf":{"@id":"https:\/\/cvinoticias.com\/v3\/#website"},"primaryImageOfPage":{"@id":"https:\/\/cvinoticias.com\/v3\/se-encuentra-abierta-la-convocatoria-escenas-en-sintonia-2-40-anos-de-democracia\/#primaryimage"},"image":{"@id":"https:\/\/cvinoticias.com\/v3\/se-encuentra-abierta-la-convocatoria-escenas-en-sintonia-2-40-anos-de-democracia\/#primaryimage"},"thumbnailUrl":"https:\/\/cvinoticias.com\/wp-content\/uploads\/2023\/03\/30-9.jpg","datePublished":"2023-03-13T11:02:15+00:00","breadcrumb":{"@id":"https:\/\/cvinoticias.com\/v3\/se-encuentra-abierta-la-convocatoria-escenas-en-sintonia-2-40-anos-de-democracia\/#breadcrumb"},"inLanguage":"es","potentialAction":[{"@type":"ReadAction","target":["https:\/\/cvinoticias.com\/v3\/se-encuentra-abierta-la-convocatoria-escenas-en-sintonia-2-40-anos-de-democracia\/"]}]},{"@type":"ImageObject","inLanguage":"es","@id":"https:\/\/cvinoticias.com\/v3\/se-encuentra-abierta-la-convocatoria-escenas-en-sintonia-2-40-anos-de-democracia\/#primaryimage","url":"https:\/\/cvinoticias.com\/wp-content\/uploads\/2023\/03\/30-9.jpg","contentUrl":"https:\/\/cvinoticias.com\/wp-content\/uploads\/2023\/03\/30-9.jpg","width":799,"height":533},{"@type":"BreadcrumbList","@id":"https:\/\/cvinoticias.com\/v3\/se-encuentra-abierta-la-convocatoria-escenas-en-sintonia-2-40-anos-de-democracia\/#breadcrumb","itemListElement":[{"@type":"ListItem","position":1,"name":"Portada","item":"https:\/\/cvinoticias.com\/v3\/"},{"@type":"ListItem","position":2,"name":"Se encuentra abierta la convocatoria \u201cEscenas en sINTon\u00eda 2: 40 a\u00f1os de democracia\u201d"}]},{"@type":"WebSite","@id":"https:\/\/cvinoticias.com\/v3\/#website","url":"https:\/\/cvinoticias.com\/v3\/","name":"CVI NOTICIAS","description":"","publisher":{"@id":"https:\/\/cvinoticias.com\/v3\/#organization"},"alternateName":"CVI","potentialAction":[{"@type":"SearchAction","target":{"@type":"EntryPoint","urlTemplate":"https:\/\/cvinoticias.com\/v3\/?s={search_term_string}"},"query-input":{"@type":"PropertyValueSpecification","valueRequired":true,"valueName":"search_term_string"}}],"inLanguage":"es"},{"@type":"Organization","@id":"https:\/\/cvinoticias.com\/v3\/#organization","name":"CVI NOTICIAS","url":"https:\/\/cvinoticias.com\/v3\/","logo":{"@type":"ImageObject","inLanguage":"es","@id":"https:\/\/cvinoticias.com\/v3\/#\/schema\/logo\/image\/","url":"https:\/\/cvinoticias.com\/wp-content\/uploads\/2023\/04\/cropped-cropped-cropped-cropped-cropped-3-1.png","contentUrl":"https:\/\/cvinoticias.com\/wp-content\/uploads\/2023\/04\/cropped-cropped-cropped-cropped-cropped-3-1.png","width":95,"height":122,"caption":"CVI NOTICIAS"},"image":{"@id":"https:\/\/cvinoticias.com\/v3\/#\/schema\/logo\/image\/"},"sameAs":["https:\/\/www.facebook.com\/cvinoticias","https:\/\/www.instagram.com\/cvinoticias\/","https:\/\/www.youtube.com\/@CVINOTICIAS"]},{"@type":"Person","@id":"https:\/\/cvinoticias.com\/v3\/#\/schema\/person\/2db77e3c6bc03c538495d7b2b8be9b66","name":"f1000024","image":{"@type":"ImageObject","inLanguage":"es","@id":"https:\/\/secure.gravatar.com\/avatar\/d4fe7459cfc51ff5129ce1a732bbef5928568b8092d412ef95611616376bbeed?s=96&d=mm&r=g","url":"https:\/\/secure.gravatar.com\/avatar\/d4fe7459cfc51ff5129ce1a732bbef5928568b8092d412ef95611616376bbeed?s=96&d=mm&r=g","contentUrl":"https:\/\/secure.gravatar.com\/avatar\/d4fe7459cfc51ff5129ce1a732bbef5928568b8092d412ef95611616376bbeed?s=96&d=mm&r=g","caption":"f1000024"},"url":"https:\/\/cvinoticias.com\/v3\/author\/f1000024\/"}]}},"_links":{"self":[{"href":"https:\/\/cvinoticias.com\/v3\/wp-json\/wp\/v2\/posts\/23221","targetHints":{"allow":["GET"]}}],"collection":[{"href":"https:\/\/cvinoticias.com\/v3\/wp-json\/wp\/v2\/posts"}],"about":[{"href":"https:\/\/cvinoticias.com\/v3\/wp-json\/wp\/v2\/types\/post"}],"author":[{"embeddable":true,"href":"https:\/\/cvinoticias.com\/v3\/wp-json\/wp\/v2\/users\/2"}],"replies":[{"embeddable":true,"href":"https:\/\/cvinoticias.com\/v3\/wp-json\/wp\/v2\/comments?post=23221"}],"version-history":[{"count":1,"href":"https:\/\/cvinoticias.com\/v3\/wp-json\/wp\/v2\/posts\/23221\/revisions"}],"predecessor-version":[{"id":23223,"href":"https:\/\/cvinoticias.com\/v3\/wp-json\/wp\/v2\/posts\/23221\/revisions\/23223"}],"wp:featuredmedia":[{"embeddable":true,"href":"https:\/\/cvinoticias.com\/v3\/wp-json\/wp\/v2\/media\/23222"}],"wp:attachment":[{"href":"https:\/\/cvinoticias.com\/v3\/wp-json\/wp\/v2\/media?parent=23221"}],"wp:term":[{"taxonomy":"category","embeddable":true,"href":"https:\/\/cvinoticias.com\/v3\/wp-json\/wp\/v2\/categories?post=23221"},{"taxonomy":"post_tag","embeddable":true,"href":"https:\/\/cvinoticias.com\/v3\/wp-json\/wp\/v2\/tags?post=23221"}],"curies":[{"name":"wp","href":"https:\/\/api.w.org\/{rel}","templated":true}]}}