{"id":23208,"date":"2023-03-13T10:44:47","date_gmt":"2023-03-13T10:44:47","guid":{"rendered":"https:\/\/cvinoticias.com\/v3\/?p=23208"},"modified":"2023-03-13T10:44:47","modified_gmt":"2023-03-13T10:44:47","slug":"iguazu-participo-en-dos-jornadas-boxisticas-el-fin-de-semana","status":"publish","type":"post","link":"https:\/\/cvinoticias.com\/v3\/iguazu-participo-en-dos-jornadas-boxisticas-el-fin-de-semana\/","title":{"rendered":"Iguaz\u00fa particip\u00f3 en dos jornadas box\u00edsticas el fin de semana"},"content":{"rendered":"\n<p><strong><em>Se desarrollaron eventos box\u00edsticos este fin de semana pasado, donde Iguaz\u00fa dijo presente en ambos cotejos deportivos del deporte de las narices chatas.<\/em><\/strong><\/p>\n\n\n\n<p>En primera instancia el polideportivo de la localidad de Bompland en un evento organizado por el entrenador Elio El Mono JARA, con p\u00fagiles de distintas localidades en un encuentro internacional conto con la presencia de Brisa Pereyra una joven de 16 a\u00f1os del gimnasio WUKONG de Iguaz\u00fa bajo la tutela del entrenador Jorge Pumita VILLALBA, quien se enfrent\u00f3 a Paola FERREYRA de la Ciudad de Posadas, en combate revancha entres estas dos p\u00fagiles, en un encuentro que se desarrollo en toma y daca entre ambas con bastantes cruces entre ambas, la cual al finalizar la contienda la posade\u00f1a se llev\u00f3 la victoria por puntos a su favor.<\/p>\n\n\n\n<p>Por otra parte otro p\u00fagil de Iguaz\u00fa &#8211; del Centro Empleados BOX &#8211; Yonatan \u201ctotin\u201d GALEANO, se enfrent\u00f3 al Brasile\u00f1o Thalisson GONCALVES oriundo de uruguayana, en una pelea con bastantes intercambios de golpes que se desarroll\u00f3 de forma pareja, aunque al brasile\u00f1o se ve\u00eda algo m\u00e1s contundente ya que en la categor\u00eda 75 kg, no es habitual para GALEANO qui\u00e9n retom\u00f3 la actividad luego de 9 meses inactivo, aunque no daba tregua en el combate, en un momento dado en el 3er round, el brasile\u00f1o GONCALVES, logra meter un bolado derecha al rostro del Iguasuense, provocando que este cayera a la lona, logrando igualmente ponerse en pie y obligando al \u00e1rbitro dar la cuenta de protecci\u00f3n, y continuar as\u00ed la pelea pero el brasile\u00f1o motivado y metiendo presi\u00f3n, nuevamente logra doblegar a GALEANO, resultando con la decisi\u00f3n del \u00e1rbitro parar la pelea con victoria para el Brasile\u00f1o por RSC (Referee Suspende Combate).<\/p>\n\n\n\n<figure class=\"wp-block-image size-full\"><a href=\"https:\/\/cvinoticias.com\/wp-content\/uploads\/2023\/03\/IMG-20230313-WA0002.jpg\"><img decoding=\"async\" width=\"640\" height=\"480\" data-src=\"https:\/\/cvinoticias.com\/wp-content\/uploads\/2023\/03\/IMG-20230313-WA0002.jpg\" alt=\"\" class=\"wp-image-23210 lazyload\" data-srcset=\"https:\/\/cvinoticias.com\/wp-content\/uploads\/2023\/03\/IMG-20230313-WA0002.jpg 640w, https:\/\/cvinoticias.com\/wp-content\/uploads\/2023\/03\/IMG-20230313-WA0002-300x225.jpg 300w\" data-sizes=\"(max-width: 640px) 100vw, 640px\" src=\"data:image\/svg+xml;base64,PHN2ZyB3aWR0aD0iMSIgaGVpZ2h0PSIxIiB4bWxucz0iaHR0cDovL3d3dy53My5vcmcvMjAwMC9zdmciPjwvc3ZnPg==\" style=\"--smush-placeholder-width: 640px; --smush-placeholder-aspect-ratio: 640\/480;\" \/><\/a><\/figure>\n\n\n\n<p>Ya en la pelea de semifondo del viernes, el p\u00fagil Lucas DA ROSA del Centro Empleados BOX de Iguaz\u00fa, se enfrent\u00f3 a otro brasile\u00f1o oriundo de Rio de Janeiro Gabriel DOS SANTOS, en una pelea que tuvo sus matices de adrenalina en un enfrentamiento cada uno con estilo propio que contagiaba el entusiasmo al p\u00fablico, donde se ve\u00eda a un brasile\u00f1o bastante fuerte en los embates ante DA ROSA, qui\u00e9n mediante su experiencia y su estilo lograba manejar la pelea a su favor, soportando la fortaleza del Brasile\u00f1o que arremet\u00eda a la humanidad del Iguazuense sin dar tregua, pero al finalizar la contienda, result\u00f3 ganador el p\u00fagil de Iguaz\u00fa por puntos en las tarjetas.<\/p>\n\n\n\n<p>En la pelea de fondo Daniela SERP de Bompland se enfrent\u00f3 a la Brasile\u00f1a de Uruguayana Sara DOS SANTOS en otro combate internacional, desarroll\u00e1ndose la contienda de forma pareja, donde la brasile\u00f1a por su diferencia de altura manejaba la pelea a la distancia larga, pero Daniela constantemente avanzaba buscando la pelea en la corta distancia, una pelea que tambi\u00e9n contagi\u00f3 al p\u00fablico mas entusiasmado por su cr\u00e9dito femenino, pero no hubo diferencia entre las mismas, resultando en las tarjetas de los jurados empate entre ambas.<\/p>\n\n\n\n<p>En otro orden de cosas pero en el mismo \u00e1mbito pugil\u00edstico el S\u00e1bado 11 de Marzo, en las instalaciones del Club Talleres de la Ciudad de Corrientes Capital, se llev\u00f3 a cabo el Torneo Regional Juvenil masculino organizado por la Federaci\u00f3n Correntina de Box, a cargo de su presidente Cristian MART\u00cdNEZ, con presencia de competidores de la Regi\u00f3n NEA, Chaco, Formosa, Misiones y el Anfitri\u00f3n Corrientes, en un evento v\u00e1lido para los clasificatorios al Nacional a llevarse a cabo entre los d\u00edas 28 al 02 de Abril en la ciudad de Dina HUAPI, Provincia de Rio Negro.<\/p>\n\n\n\n<p>En esta ocasi\u00f3n la Delegaci\u00f3n Misionera compuesta por el Entrenador Ariel GONZ\u00c1LEZ, el Oficial de Ring (Arbitro) Jorge DOS SANTOS (posadas) y el p\u00fagil Axel ANT\u00daNEZ de Puerto Iguaz\u00fa, todos federados en la FAB (Federaci\u00f3n Argentina de Box), estuvieron presentes en el torneo siendo el \u00fanico p\u00fagil de Misiones, quien en primera instancia tras el sorteo, entre tres p\u00fagiles, tuvo que enfrentarse en instancia semifinales ante el Correntino Emiliano BEN\u00cdTEZ en categor\u00eda hasta 60 kg., donde la eliminatoria tuvo su inicio a las 14:00 hs, con una pelea donde tuvo al de Misiones en el 1er round, de forma bastante tranquila manejando la pelea a su favor, pero en los siguientes round, el Correntino trabajaba de forma impetuosa presionando contantemente al Misionero ANT\u00daNEZ, que manejaba la pelea con tranquilidad, pero se pudo ver un poco de agotamiento al misionero que siempre propon\u00eda lo suyo ante el correntino que tambi\u00e9n sufr\u00eda la pelea, pero al finalizar la contienda result\u00f3 la victoria por puntos para el de Corrientes en decisi\u00f3n dividida.<\/p>\n\n\n\n<figure class=\"wp-block-image size-full is-resized\"><a href=\"https:\/\/cvinoticias.com\/wp-content\/uploads\/2023\/03\/IMG-20230313-WA0007.jpg\"><img decoding=\"async\" data-src=\"https:\/\/cvinoticias.com\/wp-content\/uploads\/2023\/03\/IMG-20230313-WA0007.jpg\" alt=\"\" class=\"wp-image-23211 lazyload\" width=\"682\" height=\"512\" data-srcset=\"https:\/\/cvinoticias.com\/wp-content\/uploads\/2023\/03\/IMG-20230313-WA0007.jpg 640w, https:\/\/cvinoticias.com\/wp-content\/uploads\/2023\/03\/IMG-20230313-WA0007-300x225.jpg 300w\" data-sizes=\"(max-width: 682px) 100vw, 682px\" src=\"data:image\/svg+xml;base64,PHN2ZyB3aWR0aD0iMSIgaGVpZ2h0PSIxIiB4bWxucz0iaHR0cDovL3d3dy53My5vcmcvMjAwMC9zdmciPjwvc3ZnPg==\" style=\"--smush-placeholder-width: 682px; --smush-placeholder-aspect-ratio: 682\/512;\" \/><\/a><\/figure>\n\n\n\n<p>Ya en la final v\u00e1lida por el clasificatorio al nacional, en horas de la noche el correntino BEN\u00cdTEZ, cay\u00f3 derrotado por el Chaque\u00f1o Leonardo GARC\u00cdA.<\/p>\n\n\n\n<p>De esta manera, aunque esta vez no todo fue positivo, pero es v\u00e1lido para la experiencia de los j\u00f3venes Iguazuenses, que van demostrando estar predispuesto para los diferentes eventos que se desarrollan en distintos puntos de la provincia, estando a la orden del d\u00eda para pr\u00f3ximos festivales de box y, aguardando el pr\u00f3ximo 15 de Abril un evento internacional en Puerto Iguaz\u00fa.<\/p>\n\n\n\n<p><\/p>\n\n\n\n<figure class=\"wp-block-image size-large\"><a href=\"https:\/\/cvinoticias.com\/wp-content\/uploads\/2023\/03\/IMG-20230313-WA0008.jpg\"><img decoding=\"async\" width=\"1024\" height=\"768\" data-src=\"https:\/\/cvinoticias.com\/wp-content\/uploads\/2023\/03\/IMG-20230313-WA0008-1024x768.jpg\" alt=\"\" class=\"wp-image-23212 lazyload\" data-srcset=\"https:\/\/cvinoticias.com\/wp-content\/uploads\/2023\/03\/IMG-20230313-WA0008-1024x768.jpg 1024w, https:\/\/cvinoticias.com\/wp-content\/uploads\/2023\/03\/IMG-20230313-WA0008-300x225.jpg 300w, https:\/\/cvinoticias.com\/wp-content\/uploads\/2023\/03\/IMG-20230313-WA0008-768x576.jpg 768w, https:\/\/cvinoticias.com\/wp-content\/uploads\/2023\/03\/IMG-20230313-WA0008-1536x1152.jpg 1536w, https:\/\/cvinoticias.com\/wp-content\/uploads\/2023\/03\/IMG-20230313-WA0008.jpg 1600w\" data-sizes=\"(max-width: 1024px) 100vw, 1024px\" src=\"data:image\/svg+xml;base64,PHN2ZyB3aWR0aD0iMSIgaGVpZ2h0PSIxIiB4bWxucz0iaHR0cDovL3d3dy53My5vcmcvMjAwMC9zdmciPjwvc3ZnPg==\" style=\"--smush-placeholder-width: 1024px; --smush-placeholder-aspect-ratio: 1024\/768;\" \/><\/a><\/figure>\n\n\n\n<figure class=\"wp-block-image size-full\"><a href=\"https:\/\/cvinoticias.com\/wp-content\/uploads\/2023\/03\/IMG-20230313-WA0005.jpg\"><img decoding=\"async\" width=\"640\" height=\"432\" data-src=\"https:\/\/cvinoticias.com\/wp-content\/uploads\/2023\/03\/IMG-20230313-WA0005.jpg\" alt=\"\" class=\"wp-image-23213 lazyload\" data-srcset=\"https:\/\/cvinoticias.com\/wp-content\/uploads\/2023\/03\/IMG-20230313-WA0005.jpg 640w, https:\/\/cvinoticias.com\/wp-content\/uploads\/2023\/03\/IMG-20230313-WA0005-300x203.jpg 300w\" data-sizes=\"(max-width: 640px) 100vw, 640px\" src=\"data:image\/svg+xml;base64,PHN2ZyB3aWR0aD0iMSIgaGVpZ2h0PSIxIiB4bWxucz0iaHR0cDovL3d3dy53My5vcmcvMjAwMC9zdmciPjwvc3ZnPg==\" style=\"--smush-placeholder-width: 640px; --smush-placeholder-aspect-ratio: 640\/432;\" \/><\/a><\/figure>\n","protected":false},"excerpt":{"rendered":"<p>Se desarrollaron eventos box\u00edsticos este fin de semana pasado, donde Iguaz\u00fa dijo presente en ambos cotejos deportivos del deporte de las narices chatas. En primera instancia el polideportivo de la localidad de Bompland en un evento organizado por el entrenador Elio El Mono JARA, con p\u00fagiles de distintas localidades en un encuentro internacional conto con [&hellip;]<\/p>\n","protected":false},"author":2,"featured_media":23209,"comment_status":"open","ping_status":"open","sticky":false,"template":"","format":"standard","meta":{"footnotes":""},"categories":[24],"tags":[],"class_list":["post-23208","post","type-post","status-publish","format-standard","has-post-thumbnail","hentry","category-deportes"],"yoast_head":"<!-- This site is optimized with the Yoast SEO plugin v27.5 - https:\/\/yoast.com\/product\/yoast-seo-wordpress\/ -->\n<title>Iguaz\u00fa particip\u00f3 en dos jornadas box\u00edsticas el fin de semana | CVI NOTICIAS<\/title>\n<meta name=\"robots\" content=\"index, follow, max-snippet:-1, max-image-preview:large, max-video-preview:-1\" \/>\n<link rel=\"canonical\" href=\"https:\/\/cvinoticias.com\/v3\/iguazu-participo-en-dos-jornadas-boxisticas-el-fin-de-semana\/\" \/>\n<meta property=\"og:locale\" content=\"es_ES\" \/>\n<meta property=\"og:type\" content=\"article\" \/>\n<meta property=\"og:title\" content=\"Iguaz\u00fa particip\u00f3 en dos jornadas box\u00edsticas el fin de semana | CVI NOTICIAS\" \/>\n<meta property=\"og:description\" content=\"Se desarrollaron eventos box\u00edsticos este fin de semana pasado, donde Iguaz\u00fa dijo presente en ambos cotejos deportivos del deporte de las narices chatas. En primera instancia el polideportivo de la localidad de Bompland en un evento organizado por el entrenador Elio El Mono JARA, con p\u00fagiles de distintas localidades en un encuentro internacional conto con [&hellip;]\" \/>\n<meta property=\"og:url\" content=\"https:\/\/cvinoticias.com\/v3\/iguazu-participo-en-dos-jornadas-boxisticas-el-fin-de-semana\/\" \/>\n<meta property=\"og:site_name\" content=\"CVI NOTICIAS\" \/>\n<meta property=\"article:publisher\" content=\"https:\/\/www.facebook.com\/cvinoticias\" \/>\n<meta property=\"article:published_time\" content=\"2023-03-13T10:44:47+00:00\" \/>\n<meta property=\"og:image\" content=\"https:\/\/cvinoticias.com\/wp-content\/uploads\/2023\/03\/IMG-20230313-WA0001.jpg\" \/>\n\t<meta property=\"og:image:width\" content=\"480\" \/>\n\t<meta property=\"og:image:height\" content=\"499\" \/>\n\t<meta property=\"og:image:type\" content=\"image\/jpeg\" \/>\n<meta name=\"author\" content=\"f1000024\" \/>\n<meta name=\"twitter:card\" content=\"summary_large_image\" \/>\n<meta name=\"twitter:label1\" content=\"Escrito por\" \/>\n\t<meta name=\"twitter:data1\" content=\"f1000024\" \/>\n\t<meta name=\"twitter:label2\" content=\"Tiempo de lectura\" \/>\n\t<meta name=\"twitter:data2\" content=\"4 minutos\" \/>\n<script type=\"application\/ld+json\" class=\"yoast-schema-graph\">{\"@context\":\"https:\\\/\\\/schema.org\",\"@graph\":[{\"@type\":\"Article\",\"@id\":\"https:\\\/\\\/cvinoticias.com\\\/v3\\\/iguazu-participo-en-dos-jornadas-boxisticas-el-fin-de-semana\\\/#article\",\"isPartOf\":{\"@id\":\"https:\\\/\\\/cvinoticias.com\\\/v3\\\/iguazu-participo-en-dos-jornadas-boxisticas-el-fin-de-semana\\\/\"},\"author\":{\"name\":\"f1000024\",\"@id\":\"https:\\\/\\\/cvinoticias.com\\\/v3\\\/#\\\/schema\\\/person\\\/2db77e3c6bc03c538495d7b2b8be9b66\"},\"headline\":\"Iguaz\u00fa particip\u00f3 en dos jornadas box\u00edsticas el fin de semana\",\"datePublished\":\"2023-03-13T10:44:47+00:00\",\"mainEntityOfPage\":{\"@id\":\"https:\\\/\\\/cvinoticias.com\\\/v3\\\/iguazu-participo-en-dos-jornadas-boxisticas-el-fin-de-semana\\\/\"},\"wordCount\":901,\"commentCount\":0,\"publisher\":{\"@id\":\"https:\\\/\\\/cvinoticias.com\\\/v3\\\/#organization\"},\"image\":{\"@id\":\"https:\\\/\\\/cvinoticias.com\\\/v3\\\/iguazu-participo-en-dos-jornadas-boxisticas-el-fin-de-semana\\\/#primaryimage\"},\"thumbnailUrl\":\"https:\\\/\\\/cvinoticias.com\\\/wp-content\\\/uploads\\\/2023\\\/03\\\/IMG-20230313-WA0001.jpg\",\"articleSection\":[\"Deportes\"],\"inLanguage\":\"es\",\"potentialAction\":[{\"@type\":\"CommentAction\",\"name\":\"Comment\",\"target\":[\"https:\\\/\\\/cvinoticias.com\\\/v3\\\/iguazu-participo-en-dos-jornadas-boxisticas-el-fin-de-semana\\\/#respond\"]}]},{\"@type\":\"WebPage\",\"@id\":\"https:\\\/\\\/cvinoticias.com\\\/v3\\\/iguazu-participo-en-dos-jornadas-boxisticas-el-fin-de-semana\\\/\",\"url\":\"https:\\\/\\\/cvinoticias.com\\\/v3\\\/iguazu-participo-en-dos-jornadas-boxisticas-el-fin-de-semana\\\/\",\"name\":\"Iguaz\u00fa particip\u00f3 en dos jornadas box\u00edsticas el fin de semana | CVI NOTICIAS\",\"isPartOf\":{\"@id\":\"https:\\\/\\\/cvinoticias.com\\\/v3\\\/#website\"},\"primaryImageOfPage\":{\"@id\":\"https:\\\/\\\/cvinoticias.com\\\/v3\\\/iguazu-participo-en-dos-jornadas-boxisticas-el-fin-de-semana\\\/#primaryimage\"},\"image\":{\"@id\":\"https:\\\/\\\/cvinoticias.com\\\/v3\\\/iguazu-participo-en-dos-jornadas-boxisticas-el-fin-de-semana\\\/#primaryimage\"},\"thumbnailUrl\":\"https:\\\/\\\/cvinoticias.com\\\/wp-content\\\/uploads\\\/2023\\\/03\\\/IMG-20230313-WA0001.jpg\",\"datePublished\":\"2023-03-13T10:44:47+00:00\",\"breadcrumb\":{\"@id\":\"https:\\\/\\\/cvinoticias.com\\\/v3\\\/iguazu-participo-en-dos-jornadas-boxisticas-el-fin-de-semana\\\/#breadcrumb\"},\"inLanguage\":\"es\",\"potentialAction\":[{\"@type\":\"ReadAction\",\"target\":[\"https:\\\/\\\/cvinoticias.com\\\/v3\\\/iguazu-participo-en-dos-jornadas-boxisticas-el-fin-de-semana\\\/\"]}]},{\"@type\":\"ImageObject\",\"inLanguage\":\"es\",\"@id\":\"https:\\\/\\\/cvinoticias.com\\\/v3\\\/iguazu-participo-en-dos-jornadas-boxisticas-el-fin-de-semana\\\/#primaryimage\",\"url\":\"https:\\\/\\\/cvinoticias.com\\\/wp-content\\\/uploads\\\/2023\\\/03\\\/IMG-20230313-WA0001.jpg\",\"contentUrl\":\"https:\\\/\\\/cvinoticias.com\\\/wp-content\\\/uploads\\\/2023\\\/03\\\/IMG-20230313-WA0001.jpg\",\"width\":480,\"height\":499},{\"@type\":\"BreadcrumbList\",\"@id\":\"https:\\\/\\\/cvinoticias.com\\\/v3\\\/iguazu-participo-en-dos-jornadas-boxisticas-el-fin-de-semana\\\/#breadcrumb\",\"itemListElement\":[{\"@type\":\"ListItem\",\"position\":1,\"name\":\"Portada\",\"item\":\"https:\\\/\\\/cvinoticias.com\\\/v3\\\/\"},{\"@type\":\"ListItem\",\"position\":2,\"name\":\"Iguaz\u00fa particip\u00f3 en dos jornadas box\u00edsticas el fin de semana\"}]},{\"@type\":\"WebSite\",\"@id\":\"https:\\\/\\\/cvinoticias.com\\\/v3\\\/#website\",\"url\":\"https:\\\/\\\/cvinoticias.com\\\/v3\\\/\",\"name\":\"CVI NOTICIAS\",\"description\":\"\",\"publisher\":{\"@id\":\"https:\\\/\\\/cvinoticias.com\\\/v3\\\/#organization\"},\"alternateName\":\"CVI\",\"potentialAction\":[{\"@type\":\"SearchAction\",\"target\":{\"@type\":\"EntryPoint\",\"urlTemplate\":\"https:\\\/\\\/cvinoticias.com\\\/v3\\\/?s={search_term_string}\"},\"query-input\":{\"@type\":\"PropertyValueSpecification\",\"valueRequired\":true,\"valueName\":\"search_term_string\"}}],\"inLanguage\":\"es\"},{\"@type\":\"Organization\",\"@id\":\"https:\\\/\\\/cvinoticias.com\\\/v3\\\/#organization\",\"name\":\"CVI NOTICIAS\",\"url\":\"https:\\\/\\\/cvinoticias.com\\\/v3\\\/\",\"logo\":{\"@type\":\"ImageObject\",\"inLanguage\":\"es\",\"@id\":\"https:\\\/\\\/cvinoticias.com\\\/v3\\\/#\\\/schema\\\/logo\\\/image\\\/\",\"url\":\"https:\\\/\\\/cvinoticias.com\\\/wp-content\\\/uploads\\\/2023\\\/04\\\/cropped-cropped-cropped-cropped-cropped-3-1.png\",\"contentUrl\":\"https:\\\/\\\/cvinoticias.com\\\/wp-content\\\/uploads\\\/2023\\\/04\\\/cropped-cropped-cropped-cropped-cropped-3-1.png\",\"width\":95,\"height\":122,\"caption\":\"CVI NOTICIAS\"},\"image\":{\"@id\":\"https:\\\/\\\/cvinoticias.com\\\/v3\\\/#\\\/schema\\\/logo\\\/image\\\/\"},\"sameAs\":[\"https:\\\/\\\/www.facebook.com\\\/cvinoticias\",\"https:\\\/\\\/www.instagram.com\\\/cvinoticias\\\/\",\"https:\\\/\\\/www.youtube.com\\\/@CVINOTICIAS\"]},{\"@type\":\"Person\",\"@id\":\"https:\\\/\\\/cvinoticias.com\\\/v3\\\/#\\\/schema\\\/person\\\/2db77e3c6bc03c538495d7b2b8be9b66\",\"name\":\"f1000024\",\"image\":{\"@type\":\"ImageObject\",\"inLanguage\":\"es\",\"@id\":\"https:\\\/\\\/secure.gravatar.com\\\/avatar\\\/d4fe7459cfc51ff5129ce1a732bbef5928568b8092d412ef95611616376bbeed?s=96&d=mm&r=g\",\"url\":\"https:\\\/\\\/secure.gravatar.com\\\/avatar\\\/d4fe7459cfc51ff5129ce1a732bbef5928568b8092d412ef95611616376bbeed?s=96&d=mm&r=g\",\"contentUrl\":\"https:\\\/\\\/secure.gravatar.com\\\/avatar\\\/d4fe7459cfc51ff5129ce1a732bbef5928568b8092d412ef95611616376bbeed?s=96&d=mm&r=g\",\"caption\":\"f1000024\"},\"url\":\"https:\\\/\\\/cvinoticias.com\\\/v3\\\/author\\\/f1000024\\\/\"}]}<\/script>\n<!-- \/ Yoast SEO plugin. -->","yoast_head_json":{"title":"Iguaz\u00fa particip\u00f3 en dos jornadas box\u00edsticas el fin de semana | CVI NOTICIAS","robots":{"index":"index","follow":"follow","max-snippet":"max-snippet:-1","max-image-preview":"max-image-preview:large","max-video-preview":"max-video-preview:-1"},"canonical":"https:\/\/cvinoticias.com\/v3\/iguazu-participo-en-dos-jornadas-boxisticas-el-fin-de-semana\/","og_locale":"es_ES","og_type":"article","og_title":"Iguaz\u00fa particip\u00f3 en dos jornadas box\u00edsticas el fin de semana | CVI NOTICIAS","og_description":"Se desarrollaron eventos box\u00edsticos este fin de semana pasado, donde Iguaz\u00fa dijo presente en ambos cotejos deportivos del deporte de las narices chatas. En primera instancia el polideportivo de la localidad de Bompland en un evento organizado por el entrenador Elio El Mono JARA, con p\u00fagiles de distintas localidades en un encuentro internacional conto con [&hellip;]","og_url":"https:\/\/cvinoticias.com\/v3\/iguazu-participo-en-dos-jornadas-boxisticas-el-fin-de-semana\/","og_site_name":"CVI NOTICIAS","article_publisher":"https:\/\/www.facebook.com\/cvinoticias","article_published_time":"2023-03-13T10:44:47+00:00","og_image":[{"width":480,"height":499,"url":"https:\/\/cvinoticias.com\/wp-content\/uploads\/2023\/03\/IMG-20230313-WA0001.jpg","type":"image\/jpeg"}],"author":"f1000024","twitter_card":"summary_large_image","twitter_misc":{"Escrito por":"f1000024","Tiempo de lectura":"4 minutos"},"schema":{"@context":"https:\/\/schema.org","@graph":[{"@type":"Article","@id":"https:\/\/cvinoticias.com\/v3\/iguazu-participo-en-dos-jornadas-boxisticas-el-fin-de-semana\/#article","isPartOf":{"@id":"https:\/\/cvinoticias.com\/v3\/iguazu-participo-en-dos-jornadas-boxisticas-el-fin-de-semana\/"},"author":{"name":"f1000024","@id":"https:\/\/cvinoticias.com\/v3\/#\/schema\/person\/2db77e3c6bc03c538495d7b2b8be9b66"},"headline":"Iguaz\u00fa particip\u00f3 en dos jornadas box\u00edsticas el fin de semana","datePublished":"2023-03-13T10:44:47+00:00","mainEntityOfPage":{"@id":"https:\/\/cvinoticias.com\/v3\/iguazu-participo-en-dos-jornadas-boxisticas-el-fin-de-semana\/"},"wordCount":901,"commentCount":0,"publisher":{"@id":"https:\/\/cvinoticias.com\/v3\/#organization"},"image":{"@id":"https:\/\/cvinoticias.com\/v3\/iguazu-participo-en-dos-jornadas-boxisticas-el-fin-de-semana\/#primaryimage"},"thumbnailUrl":"https:\/\/cvinoticias.com\/wp-content\/uploads\/2023\/03\/IMG-20230313-WA0001.jpg","articleSection":["Deportes"],"inLanguage":"es","potentialAction":[{"@type":"CommentAction","name":"Comment","target":["https:\/\/cvinoticias.com\/v3\/iguazu-participo-en-dos-jornadas-boxisticas-el-fin-de-semana\/#respond"]}]},{"@type":"WebPage","@id":"https:\/\/cvinoticias.com\/v3\/iguazu-participo-en-dos-jornadas-boxisticas-el-fin-de-semana\/","url":"https:\/\/cvinoticias.com\/v3\/iguazu-participo-en-dos-jornadas-boxisticas-el-fin-de-semana\/","name":"Iguaz\u00fa particip\u00f3 en dos jornadas box\u00edsticas el fin de semana | CVI NOTICIAS","isPartOf":{"@id":"https:\/\/cvinoticias.com\/v3\/#website"},"primaryImageOfPage":{"@id":"https:\/\/cvinoticias.com\/v3\/iguazu-participo-en-dos-jornadas-boxisticas-el-fin-de-semana\/#primaryimage"},"image":{"@id":"https:\/\/cvinoticias.com\/v3\/iguazu-participo-en-dos-jornadas-boxisticas-el-fin-de-semana\/#primaryimage"},"thumbnailUrl":"https:\/\/cvinoticias.com\/wp-content\/uploads\/2023\/03\/IMG-20230313-WA0001.jpg","datePublished":"2023-03-13T10:44:47+00:00","breadcrumb":{"@id":"https:\/\/cvinoticias.com\/v3\/iguazu-participo-en-dos-jornadas-boxisticas-el-fin-de-semana\/#breadcrumb"},"inLanguage":"es","potentialAction":[{"@type":"ReadAction","target":["https:\/\/cvinoticias.com\/v3\/iguazu-participo-en-dos-jornadas-boxisticas-el-fin-de-semana\/"]}]},{"@type":"ImageObject","inLanguage":"es","@id":"https:\/\/cvinoticias.com\/v3\/iguazu-participo-en-dos-jornadas-boxisticas-el-fin-de-semana\/#primaryimage","url":"https:\/\/cvinoticias.com\/wp-content\/uploads\/2023\/03\/IMG-20230313-WA0001.jpg","contentUrl":"https:\/\/cvinoticias.com\/wp-content\/uploads\/2023\/03\/IMG-20230313-WA0001.jpg","width":480,"height":499},{"@type":"BreadcrumbList","@id":"https:\/\/cvinoticias.com\/v3\/iguazu-participo-en-dos-jornadas-boxisticas-el-fin-de-semana\/#breadcrumb","itemListElement":[{"@type":"ListItem","position":1,"name":"Portada","item":"https:\/\/cvinoticias.com\/v3\/"},{"@type":"ListItem","position":2,"name":"Iguaz\u00fa particip\u00f3 en dos jornadas box\u00edsticas el fin de semana"}]},{"@type":"WebSite","@id":"https:\/\/cvinoticias.com\/v3\/#website","url":"https:\/\/cvinoticias.com\/v3\/","name":"CVI NOTICIAS","description":"","publisher":{"@id":"https:\/\/cvinoticias.com\/v3\/#organization"},"alternateName":"CVI","potentialAction":[{"@type":"SearchAction","target":{"@type":"EntryPoint","urlTemplate":"https:\/\/cvinoticias.com\/v3\/?s={search_term_string}"},"query-input":{"@type":"PropertyValueSpecification","valueRequired":true,"valueName":"search_term_string"}}],"inLanguage":"es"},{"@type":"Organization","@id":"https:\/\/cvinoticias.com\/v3\/#organization","name":"CVI NOTICIAS","url":"https:\/\/cvinoticias.com\/v3\/","logo":{"@type":"ImageObject","inLanguage":"es","@id":"https:\/\/cvinoticias.com\/v3\/#\/schema\/logo\/image\/","url":"https:\/\/cvinoticias.com\/wp-content\/uploads\/2023\/04\/cropped-cropped-cropped-cropped-cropped-3-1.png","contentUrl":"https:\/\/cvinoticias.com\/wp-content\/uploads\/2023\/04\/cropped-cropped-cropped-cropped-cropped-3-1.png","width":95,"height":122,"caption":"CVI NOTICIAS"},"image":{"@id":"https:\/\/cvinoticias.com\/v3\/#\/schema\/logo\/image\/"},"sameAs":["https:\/\/www.facebook.com\/cvinoticias","https:\/\/www.instagram.com\/cvinoticias\/","https:\/\/www.youtube.com\/@CVINOTICIAS"]},{"@type":"Person","@id":"https:\/\/cvinoticias.com\/v3\/#\/schema\/person\/2db77e3c6bc03c538495d7b2b8be9b66","name":"f1000024","image":{"@type":"ImageObject","inLanguage":"es","@id":"https:\/\/secure.gravatar.com\/avatar\/d4fe7459cfc51ff5129ce1a732bbef5928568b8092d412ef95611616376bbeed?s=96&d=mm&r=g","url":"https:\/\/secure.gravatar.com\/avatar\/d4fe7459cfc51ff5129ce1a732bbef5928568b8092d412ef95611616376bbeed?s=96&d=mm&r=g","contentUrl":"https:\/\/secure.gravatar.com\/avatar\/d4fe7459cfc51ff5129ce1a732bbef5928568b8092d412ef95611616376bbeed?s=96&d=mm&r=g","caption":"f1000024"},"url":"https:\/\/cvinoticias.com\/v3\/author\/f1000024\/"}]}},"_links":{"self":[{"href":"https:\/\/cvinoticias.com\/v3\/wp-json\/wp\/v2\/posts\/23208","targetHints":{"allow":["GET"]}}],"collection":[{"href":"https:\/\/cvinoticias.com\/v3\/wp-json\/wp\/v2\/posts"}],"about":[{"href":"https:\/\/cvinoticias.com\/v3\/wp-json\/wp\/v2\/types\/post"}],"author":[{"embeddable":true,"href":"https:\/\/cvinoticias.com\/v3\/wp-json\/wp\/v2\/users\/2"}],"replies":[{"embeddable":true,"href":"https:\/\/cvinoticias.com\/v3\/wp-json\/wp\/v2\/comments?post=23208"}],"version-history":[{"count":1,"href":"https:\/\/cvinoticias.com\/v3\/wp-json\/wp\/v2\/posts\/23208\/revisions"}],"predecessor-version":[{"id":23214,"href":"https:\/\/cvinoticias.com\/v3\/wp-json\/wp\/v2\/posts\/23208\/revisions\/23214"}],"wp:featuredmedia":[{"embeddable":true,"href":"https:\/\/cvinoticias.com\/v3\/wp-json\/wp\/v2\/media\/23209"}],"wp:attachment":[{"href":"https:\/\/cvinoticias.com\/v3\/wp-json\/wp\/v2\/media?parent=23208"}],"wp:term":[{"taxonomy":"category","embeddable":true,"href":"https:\/\/cvinoticias.com\/v3\/wp-json\/wp\/v2\/categories?post=23208"},{"taxonomy":"post_tag","embeddable":true,"href":"https:\/\/cvinoticias.com\/v3\/wp-json\/wp\/v2\/tags?post=23208"}],"curies":[{"name":"wp","href":"https:\/\/api.w.org\/{rel}","templated":true}]}}