{"id":23195,"date":"2023-03-13T01:03:15","date_gmt":"2023-03-13T01:03:15","guid":{"rendered":"https:\/\/cvinoticias.com\/v3\/?p=23195"},"modified":"2023-03-13T01:03:15","modified_gmt":"2023-03-13T01:03:15","slug":"marchas-y-cortes-el-lunes-comienzan-las-medidas-de-fuerza-de-los-piqueteros-contra-el-gobierno","status":"publish","type":"post","link":"https:\/\/cvinoticias.com\/v3\/marchas-y-cortes-el-lunes-comienzan-las-medidas-de-fuerza-de-los-piqueteros-contra-el-gobierno\/","title":{"rendered":"Marchas y cortes: el lunes comienzan las medidas de fuerza de los piqueteros contra el Gobierno"},"content":{"rendered":"\n<p><strong><em>Los piqueteros anunciaron un \u201cplan de lucha\u201d contra el Gobierno que incluir\u00e1 marchas, cortes de calles y un acampe frente al Ministerio de Desarrollo Social.<\/em><\/strong><\/p>\n\n\n\n<p>Unidad Piquetera anunci\u00f3 un \u201cplan de lucha\u201d contra el Gobierno Nacional desde este lunes que incluir\u00e1 marchas, cortes de calles y un acampe frente al Ministerio de Desarrollo Social. La protesta se realizar\u00e1 en todo el pa\u00eds hasta el mi\u00e9rcoles y ser\u00e1 en protesta de la baja de casi 100.000 planes del Potenciar Trabajo.<\/p>\n\n\n\n<p>Entre otras cosas, tambi\u00e9n protestan por la generaci\u00f3n de puestos de trabajo, la universalizaci\u00f3n de los planes sociales y la falta de alimentos para los comedores populares y de herramientas para los emprendimientos productivos y cooperativas.<\/p>\n\n\n\n<p>El plan de lucha fue votado en el plenario nacional que se llevo a cabo el viernes 3 de marzo en Plaza de Mayo y cont\u00f3 con la asistencia de m\u00e1s de 3000 delegados piqueteros de todo el pa\u00eds. Se espera que haya alrededor de 3000 carpas frente al Ministerio de Desarrollo Social.<\/p>\n\n\n\n<figure class=\"wp-block-image size-full\"><a href=\"https:\/\/cvinoticias.com\/wp-content\/uploads\/2023\/03\/A72VZ5BOZJA65LZIBPADNP227U.jpeg\"><img decoding=\"async\" width=\"992\" height=\"553\" data-src=\"https:\/\/cvinoticias.com\/wp-content\/uploads\/2023\/03\/A72VZ5BOZJA65LZIBPADNP227U.jpeg\" alt=\"\" class=\"wp-image-23196 lazyload\" data-srcset=\"https:\/\/cvinoticias.com\/wp-content\/uploads\/2023\/03\/A72VZ5BOZJA65LZIBPADNP227U.jpeg 992w, https:\/\/cvinoticias.com\/wp-content\/uploads\/2023\/03\/A72VZ5BOZJA65LZIBPADNP227U-300x167.jpeg 300w, https:\/\/cvinoticias.com\/wp-content\/uploads\/2023\/03\/A72VZ5BOZJA65LZIBPADNP227U-768x428.jpeg 768w\" data-sizes=\"(max-width: 992px) 100vw, 992px\" src=\"data:image\/svg+xml;base64,PHN2ZyB3aWR0aD0iMSIgaGVpZ2h0PSIxIiB4bWxucz0iaHR0cDovL3d3dy53My5vcmcvMjAwMC9zdmciPjwvc3ZnPg==\" style=\"--smush-placeholder-width: 992px; --smush-placeholder-aspect-ratio: 992\/553;\" \/><\/a><\/figure>\n\n\n\n<p>\u201cEste plenario nacional piquetero declara que su lucha central es por el trabajo genuino, sin precarizaci\u00f3n laboral y bajo convenio. Es el objetivo principal de las organizaciones de desocupados\u201d, se\u00f1alaron desde la Unidad Piquetera.<\/p>\n\n\n\n<p>Y agregaron: \u201cDefendemos cada emprendimiento productivo como parte de la lucha por la supervivencia y no como una estaci\u00f3n terminal de la existencia de la clase obrera\u201d.<\/p>\n\n\n\n<p>A su vez, Eduardo Belliboni, referente del Polo Obrero, explic\u00f3 que \u201cla falta de trabajo no es responsabilidad de los trabajadores sino del r\u00e9gimen social que controla los medios de producci\u00f3n es decir la clase capitalista\u201d.<\/p>\n\n\n\n<p>Victoria Tolosa Paz advirti\u00f3 que no recibir\u00e1 al l\u00edder piquetero ni a otros dirigentes de los movimientos sociales<\/p>\n\n\n\n<p>\u201cEl Ministerio no es de los piqueteros y mucho menos del AMBA. A esta pol\u00edtica, que se cre\u00f3 al calor de la extorsi\u00f3n en la 9 de Julio, alguien le tiene que poner un l\u00edmite\u201d, comenz\u00f3 declarando Victoria Tolosa Paz.<\/p>\n\n\n\n<p>Y luego, agreg\u00f3: \u201cEl acampe es un mecanismo de extorsi\u00f3n, se van a tener que preparar, no vamos a dar marcha atr\u00e1s con las decisiones que tomamos sobre el Potenciar Trabajo\u201d.<\/p>\n","protected":false},"excerpt":{"rendered":"<p>Los piqueteros anunciaron un \u201cplan de lucha\u201d contra el Gobierno que incluir\u00e1 marchas, cortes de calles y un acampe frente al Ministerio de Desarrollo Social. Unidad Piquetera anunci\u00f3 un \u201cplan de lucha\u201d contra el Gobierno Nacional desde este lunes que incluir\u00e1 marchas, cortes de calles y un acampe frente al Ministerio de Desarrollo Social. La [&hellip;]<\/p>\n","protected":false},"author":2,"featured_media":23197,"comment_status":"open","ping_status":"open","sticky":false,"template":"","format":"standard","meta":{"footnotes":""},"categories":[39],"tags":[],"class_list":["post-23195","post","type-post","status-publish","format-standard","has-post-thumbnail","hentry","category-nacionales"],"yoast_head":"<!-- This site is optimized with the Yoast SEO plugin v27.4 - https:\/\/yoast.com\/product\/yoast-seo-wordpress\/ -->\n<title>Marchas y cortes: el lunes comienzan las medidas de fuerza de los piqueteros contra el Gobierno | CVI NOTICIAS<\/title>\n<meta name=\"robots\" content=\"index, follow, max-snippet:-1, max-image-preview:large, max-video-preview:-1\" \/>\n<link rel=\"canonical\" href=\"https:\/\/cvinoticias.com\/v3\/marchas-y-cortes-el-lunes-comienzan-las-medidas-de-fuerza-de-los-piqueteros-contra-el-gobierno\/\" \/>\n<meta property=\"og:locale\" content=\"es_ES\" \/>\n<meta property=\"og:type\" content=\"article\" \/>\n<meta property=\"og:title\" content=\"Marchas y cortes: el lunes comienzan las medidas de fuerza de los piqueteros contra el Gobierno | CVI NOTICIAS\" \/>\n<meta property=\"og:description\" content=\"Los piqueteros anunciaron un \u201cplan de lucha\u201d contra el Gobierno que incluir\u00e1 marchas, cortes de calles y un acampe frente al Ministerio de Desarrollo Social. Unidad Piquetera anunci\u00f3 un \u201cplan de lucha\u201d contra el Gobierno Nacional desde este lunes que incluir\u00e1 marchas, cortes de calles y un acampe frente al Ministerio de Desarrollo Social. La [&hellip;]\" \/>\n<meta property=\"og:url\" content=\"https:\/\/cvinoticias.com\/v3\/marchas-y-cortes-el-lunes-comienzan-las-medidas-de-fuerza-de-los-piqueteros-contra-el-gobierno\/\" \/>\n<meta property=\"og:site_name\" content=\"CVI NOTICIAS\" \/>\n<meta property=\"article:publisher\" content=\"https:\/\/www.facebook.com\/cvinoticias\" \/>\n<meta property=\"article:published_time\" content=\"2023-03-13T01:03:15+00:00\" \/>\n<meta property=\"og:image\" content=\"https:\/\/cvinoticias.com\/wp-content\/uploads\/2023\/03\/F6NY2MGUCZEOLAKASYJSMSSJIY.jpg\" \/>\n\t<meta property=\"og:image:width\" content=\"992\" \/>\n\t<meta property=\"og:image:height\" content=\"496\" \/>\n\t<meta property=\"og:image:type\" content=\"image\/jpeg\" \/>\n<meta name=\"author\" content=\"f1000024\" \/>\n<meta name=\"twitter:card\" content=\"summary_large_image\" \/>\n<meta name=\"twitter:label1\" content=\"Escrito por\" \/>\n\t<meta name=\"twitter:data1\" content=\"f1000024\" \/>\n\t<meta name=\"twitter:label2\" content=\"Tiempo de lectura\" \/>\n\t<meta name=\"twitter:data2\" content=\"2 minutos\" \/>\n<script type=\"application\/ld+json\" class=\"yoast-schema-graph\">{\"@context\":\"https:\\\/\\\/schema.org\",\"@graph\":[{\"@type\":\"Article\",\"@id\":\"https:\\\/\\\/cvinoticias.com\\\/v3\\\/marchas-y-cortes-el-lunes-comienzan-las-medidas-de-fuerza-de-los-piqueteros-contra-el-gobierno\\\/#article\",\"isPartOf\":{\"@id\":\"https:\\\/\\\/cvinoticias.com\\\/v3\\\/marchas-y-cortes-el-lunes-comienzan-las-medidas-de-fuerza-de-los-piqueteros-contra-el-gobierno\\\/\"},\"author\":{\"name\":\"f1000024\",\"@id\":\"https:\\\/\\\/cvinoticias.com\\\/v3\\\/#\\\/schema\\\/person\\\/2db77e3c6bc03c538495d7b2b8be9b66\"},\"headline\":\"Marchas y cortes: el lunes comienzan las medidas de fuerza de los piqueteros contra el Gobierno\",\"datePublished\":\"2023-03-13T01:03:15+00:00\",\"mainEntityOfPage\":{\"@id\":\"https:\\\/\\\/cvinoticias.com\\\/v3\\\/marchas-y-cortes-el-lunes-comienzan-las-medidas-de-fuerza-de-los-piqueteros-contra-el-gobierno\\\/\"},\"wordCount\":383,\"commentCount\":0,\"publisher\":{\"@id\":\"https:\\\/\\\/cvinoticias.com\\\/v3\\\/#organization\"},\"image\":{\"@id\":\"https:\\\/\\\/cvinoticias.com\\\/v3\\\/marchas-y-cortes-el-lunes-comienzan-las-medidas-de-fuerza-de-los-piqueteros-contra-el-gobierno\\\/#primaryimage\"},\"thumbnailUrl\":\"https:\\\/\\\/cvinoticias.com\\\/wp-content\\\/uploads\\\/2023\\\/03\\\/F6NY2MGUCZEOLAKASYJSMSSJIY.jpg\",\"articleSection\":[\"Nacionales\"],\"inLanguage\":\"es\",\"potentialAction\":[{\"@type\":\"CommentAction\",\"name\":\"Comment\",\"target\":[\"https:\\\/\\\/cvinoticias.com\\\/v3\\\/marchas-y-cortes-el-lunes-comienzan-las-medidas-de-fuerza-de-los-piqueteros-contra-el-gobierno\\\/#respond\"]}]},{\"@type\":\"WebPage\",\"@id\":\"https:\\\/\\\/cvinoticias.com\\\/v3\\\/marchas-y-cortes-el-lunes-comienzan-las-medidas-de-fuerza-de-los-piqueteros-contra-el-gobierno\\\/\",\"url\":\"https:\\\/\\\/cvinoticias.com\\\/v3\\\/marchas-y-cortes-el-lunes-comienzan-las-medidas-de-fuerza-de-los-piqueteros-contra-el-gobierno\\\/\",\"name\":\"Marchas y cortes: el lunes comienzan las medidas de fuerza de los piqueteros contra el Gobierno | CVI NOTICIAS\",\"isPartOf\":{\"@id\":\"https:\\\/\\\/cvinoticias.com\\\/v3\\\/#website\"},\"primaryImageOfPage\":{\"@id\":\"https:\\\/\\\/cvinoticias.com\\\/v3\\\/marchas-y-cortes-el-lunes-comienzan-las-medidas-de-fuerza-de-los-piqueteros-contra-el-gobierno\\\/#primaryimage\"},\"image\":{\"@id\":\"https:\\\/\\\/cvinoticias.com\\\/v3\\\/marchas-y-cortes-el-lunes-comienzan-las-medidas-de-fuerza-de-los-piqueteros-contra-el-gobierno\\\/#primaryimage\"},\"thumbnailUrl\":\"https:\\\/\\\/cvinoticias.com\\\/wp-content\\\/uploads\\\/2023\\\/03\\\/F6NY2MGUCZEOLAKASYJSMSSJIY.jpg\",\"datePublished\":\"2023-03-13T01:03:15+00:00\",\"breadcrumb\":{\"@id\":\"https:\\\/\\\/cvinoticias.com\\\/v3\\\/marchas-y-cortes-el-lunes-comienzan-las-medidas-de-fuerza-de-los-piqueteros-contra-el-gobierno\\\/#breadcrumb\"},\"inLanguage\":\"es\",\"potentialAction\":[{\"@type\":\"ReadAction\",\"target\":[\"https:\\\/\\\/cvinoticias.com\\\/v3\\\/marchas-y-cortes-el-lunes-comienzan-las-medidas-de-fuerza-de-los-piqueteros-contra-el-gobierno\\\/\"]}]},{\"@type\":\"ImageObject\",\"inLanguage\":\"es\",\"@id\":\"https:\\\/\\\/cvinoticias.com\\\/v3\\\/marchas-y-cortes-el-lunes-comienzan-las-medidas-de-fuerza-de-los-piqueteros-contra-el-gobierno\\\/#primaryimage\",\"url\":\"https:\\\/\\\/cvinoticias.com\\\/wp-content\\\/uploads\\\/2023\\\/03\\\/F6NY2MGUCZEOLAKASYJSMSSJIY.jpg\",\"contentUrl\":\"https:\\\/\\\/cvinoticias.com\\\/wp-content\\\/uploads\\\/2023\\\/03\\\/F6NY2MGUCZEOLAKASYJSMSSJIY.jpg\",\"width\":992,\"height\":496},{\"@type\":\"BreadcrumbList\",\"@id\":\"https:\\\/\\\/cvinoticias.com\\\/v3\\\/marchas-y-cortes-el-lunes-comienzan-las-medidas-de-fuerza-de-los-piqueteros-contra-el-gobierno\\\/#breadcrumb\",\"itemListElement\":[{\"@type\":\"ListItem\",\"position\":1,\"name\":\"Portada\",\"item\":\"https:\\\/\\\/cvinoticias.com\\\/v3\\\/\"},{\"@type\":\"ListItem\",\"position\":2,\"name\":\"Marchas y cortes: el lunes comienzan las medidas de fuerza de los piqueteros contra el Gobierno\"}]},{\"@type\":\"WebSite\",\"@id\":\"https:\\\/\\\/cvinoticias.com\\\/v3\\\/#website\",\"url\":\"https:\\\/\\\/cvinoticias.com\\\/v3\\\/\",\"name\":\"CVI NOTICIAS\",\"description\":\"\",\"publisher\":{\"@id\":\"https:\\\/\\\/cvinoticias.com\\\/v3\\\/#organization\"},\"alternateName\":\"CVI\",\"potentialAction\":[{\"@type\":\"SearchAction\",\"target\":{\"@type\":\"EntryPoint\",\"urlTemplate\":\"https:\\\/\\\/cvinoticias.com\\\/v3\\\/?s={search_term_string}\"},\"query-input\":{\"@type\":\"PropertyValueSpecification\",\"valueRequired\":true,\"valueName\":\"search_term_string\"}}],\"inLanguage\":\"es\"},{\"@type\":\"Organization\",\"@id\":\"https:\\\/\\\/cvinoticias.com\\\/v3\\\/#organization\",\"name\":\"CVI NOTICIAS\",\"url\":\"https:\\\/\\\/cvinoticias.com\\\/v3\\\/\",\"logo\":{\"@type\":\"ImageObject\",\"inLanguage\":\"es\",\"@id\":\"https:\\\/\\\/cvinoticias.com\\\/v3\\\/#\\\/schema\\\/logo\\\/image\\\/\",\"url\":\"https:\\\/\\\/cvinoticias.com\\\/wp-content\\\/uploads\\\/2023\\\/04\\\/cropped-cropped-cropped-cropped-cropped-3-1.png\",\"contentUrl\":\"https:\\\/\\\/cvinoticias.com\\\/wp-content\\\/uploads\\\/2023\\\/04\\\/cropped-cropped-cropped-cropped-cropped-3-1.png\",\"width\":95,\"height\":122,\"caption\":\"CVI NOTICIAS\"},\"image\":{\"@id\":\"https:\\\/\\\/cvinoticias.com\\\/v3\\\/#\\\/schema\\\/logo\\\/image\\\/\"},\"sameAs\":[\"https:\\\/\\\/www.facebook.com\\\/cvinoticias\",\"https:\\\/\\\/www.instagram.com\\\/cvinoticias\\\/\",\"https:\\\/\\\/www.youtube.com\\\/@CVINOTICIAS\"]},{\"@type\":\"Person\",\"@id\":\"https:\\\/\\\/cvinoticias.com\\\/v3\\\/#\\\/schema\\\/person\\\/2db77e3c6bc03c538495d7b2b8be9b66\",\"name\":\"f1000024\",\"image\":{\"@type\":\"ImageObject\",\"inLanguage\":\"es\",\"@id\":\"https:\\\/\\\/secure.gravatar.com\\\/avatar\\\/d4fe7459cfc51ff5129ce1a732bbef5928568b8092d412ef95611616376bbeed?s=96&d=mm&r=g\",\"url\":\"https:\\\/\\\/secure.gravatar.com\\\/avatar\\\/d4fe7459cfc51ff5129ce1a732bbef5928568b8092d412ef95611616376bbeed?s=96&d=mm&r=g\",\"contentUrl\":\"https:\\\/\\\/secure.gravatar.com\\\/avatar\\\/d4fe7459cfc51ff5129ce1a732bbef5928568b8092d412ef95611616376bbeed?s=96&d=mm&r=g\",\"caption\":\"f1000024\"},\"url\":\"https:\\\/\\\/cvinoticias.com\\\/v3\\\/author\\\/f1000024\\\/\"}]}<\/script>\n<!-- \/ Yoast SEO plugin. -->","yoast_head_json":{"title":"Marchas y cortes: el lunes comienzan las medidas de fuerza de los piqueteros contra el Gobierno | CVI NOTICIAS","robots":{"index":"index","follow":"follow","max-snippet":"max-snippet:-1","max-image-preview":"max-image-preview:large","max-video-preview":"max-video-preview:-1"},"canonical":"https:\/\/cvinoticias.com\/v3\/marchas-y-cortes-el-lunes-comienzan-las-medidas-de-fuerza-de-los-piqueteros-contra-el-gobierno\/","og_locale":"es_ES","og_type":"article","og_title":"Marchas y cortes: el lunes comienzan las medidas de fuerza de los piqueteros contra el Gobierno | CVI NOTICIAS","og_description":"Los piqueteros anunciaron un \u201cplan de lucha\u201d contra el Gobierno que incluir\u00e1 marchas, cortes de calles y un acampe frente al Ministerio de Desarrollo Social. Unidad Piquetera anunci\u00f3 un \u201cplan de lucha\u201d contra el Gobierno Nacional desde este lunes que incluir\u00e1 marchas, cortes de calles y un acampe frente al Ministerio de Desarrollo Social. La [&hellip;]","og_url":"https:\/\/cvinoticias.com\/v3\/marchas-y-cortes-el-lunes-comienzan-las-medidas-de-fuerza-de-los-piqueteros-contra-el-gobierno\/","og_site_name":"CVI NOTICIAS","article_publisher":"https:\/\/www.facebook.com\/cvinoticias","article_published_time":"2023-03-13T01:03:15+00:00","og_image":[{"width":992,"height":496,"url":"https:\/\/cvinoticias.com\/wp-content\/uploads\/2023\/03\/F6NY2MGUCZEOLAKASYJSMSSJIY.jpg","type":"image\/jpeg"}],"author":"f1000024","twitter_card":"summary_large_image","twitter_misc":{"Escrito por":"f1000024","Tiempo de lectura":"2 minutos"},"schema":{"@context":"https:\/\/schema.org","@graph":[{"@type":"Article","@id":"https:\/\/cvinoticias.com\/v3\/marchas-y-cortes-el-lunes-comienzan-las-medidas-de-fuerza-de-los-piqueteros-contra-el-gobierno\/#article","isPartOf":{"@id":"https:\/\/cvinoticias.com\/v3\/marchas-y-cortes-el-lunes-comienzan-las-medidas-de-fuerza-de-los-piqueteros-contra-el-gobierno\/"},"author":{"name":"f1000024","@id":"https:\/\/cvinoticias.com\/v3\/#\/schema\/person\/2db77e3c6bc03c538495d7b2b8be9b66"},"headline":"Marchas y cortes: el lunes comienzan las medidas de fuerza de los piqueteros contra el Gobierno","datePublished":"2023-03-13T01:03:15+00:00","mainEntityOfPage":{"@id":"https:\/\/cvinoticias.com\/v3\/marchas-y-cortes-el-lunes-comienzan-las-medidas-de-fuerza-de-los-piqueteros-contra-el-gobierno\/"},"wordCount":383,"commentCount":0,"publisher":{"@id":"https:\/\/cvinoticias.com\/v3\/#organization"},"image":{"@id":"https:\/\/cvinoticias.com\/v3\/marchas-y-cortes-el-lunes-comienzan-las-medidas-de-fuerza-de-los-piqueteros-contra-el-gobierno\/#primaryimage"},"thumbnailUrl":"https:\/\/cvinoticias.com\/wp-content\/uploads\/2023\/03\/F6NY2MGUCZEOLAKASYJSMSSJIY.jpg","articleSection":["Nacionales"],"inLanguage":"es","potentialAction":[{"@type":"CommentAction","name":"Comment","target":["https:\/\/cvinoticias.com\/v3\/marchas-y-cortes-el-lunes-comienzan-las-medidas-de-fuerza-de-los-piqueteros-contra-el-gobierno\/#respond"]}]},{"@type":"WebPage","@id":"https:\/\/cvinoticias.com\/v3\/marchas-y-cortes-el-lunes-comienzan-las-medidas-de-fuerza-de-los-piqueteros-contra-el-gobierno\/","url":"https:\/\/cvinoticias.com\/v3\/marchas-y-cortes-el-lunes-comienzan-las-medidas-de-fuerza-de-los-piqueteros-contra-el-gobierno\/","name":"Marchas y cortes: el lunes comienzan las medidas de fuerza de los piqueteros contra el Gobierno | CVI NOTICIAS","isPartOf":{"@id":"https:\/\/cvinoticias.com\/v3\/#website"},"primaryImageOfPage":{"@id":"https:\/\/cvinoticias.com\/v3\/marchas-y-cortes-el-lunes-comienzan-las-medidas-de-fuerza-de-los-piqueteros-contra-el-gobierno\/#primaryimage"},"image":{"@id":"https:\/\/cvinoticias.com\/v3\/marchas-y-cortes-el-lunes-comienzan-las-medidas-de-fuerza-de-los-piqueteros-contra-el-gobierno\/#primaryimage"},"thumbnailUrl":"https:\/\/cvinoticias.com\/wp-content\/uploads\/2023\/03\/F6NY2MGUCZEOLAKASYJSMSSJIY.jpg","datePublished":"2023-03-13T01:03:15+00:00","breadcrumb":{"@id":"https:\/\/cvinoticias.com\/v3\/marchas-y-cortes-el-lunes-comienzan-las-medidas-de-fuerza-de-los-piqueteros-contra-el-gobierno\/#breadcrumb"},"inLanguage":"es","potentialAction":[{"@type":"ReadAction","target":["https:\/\/cvinoticias.com\/v3\/marchas-y-cortes-el-lunes-comienzan-las-medidas-de-fuerza-de-los-piqueteros-contra-el-gobierno\/"]}]},{"@type":"ImageObject","inLanguage":"es","@id":"https:\/\/cvinoticias.com\/v3\/marchas-y-cortes-el-lunes-comienzan-las-medidas-de-fuerza-de-los-piqueteros-contra-el-gobierno\/#primaryimage","url":"https:\/\/cvinoticias.com\/wp-content\/uploads\/2023\/03\/F6NY2MGUCZEOLAKASYJSMSSJIY.jpg","contentUrl":"https:\/\/cvinoticias.com\/wp-content\/uploads\/2023\/03\/F6NY2MGUCZEOLAKASYJSMSSJIY.jpg","width":992,"height":496},{"@type":"BreadcrumbList","@id":"https:\/\/cvinoticias.com\/v3\/marchas-y-cortes-el-lunes-comienzan-las-medidas-de-fuerza-de-los-piqueteros-contra-el-gobierno\/#breadcrumb","itemListElement":[{"@type":"ListItem","position":1,"name":"Portada","item":"https:\/\/cvinoticias.com\/v3\/"},{"@type":"ListItem","position":2,"name":"Marchas y cortes: el lunes comienzan las medidas de fuerza de los piqueteros contra el Gobierno"}]},{"@type":"WebSite","@id":"https:\/\/cvinoticias.com\/v3\/#website","url":"https:\/\/cvinoticias.com\/v3\/","name":"CVI NOTICIAS","description":"","publisher":{"@id":"https:\/\/cvinoticias.com\/v3\/#organization"},"alternateName":"CVI","potentialAction":[{"@type":"SearchAction","target":{"@type":"EntryPoint","urlTemplate":"https:\/\/cvinoticias.com\/v3\/?s={search_term_string}"},"query-input":{"@type":"PropertyValueSpecification","valueRequired":true,"valueName":"search_term_string"}}],"inLanguage":"es"},{"@type":"Organization","@id":"https:\/\/cvinoticias.com\/v3\/#organization","name":"CVI NOTICIAS","url":"https:\/\/cvinoticias.com\/v3\/","logo":{"@type":"ImageObject","inLanguage":"es","@id":"https:\/\/cvinoticias.com\/v3\/#\/schema\/logo\/image\/","url":"https:\/\/cvinoticias.com\/wp-content\/uploads\/2023\/04\/cropped-cropped-cropped-cropped-cropped-3-1.png","contentUrl":"https:\/\/cvinoticias.com\/wp-content\/uploads\/2023\/04\/cropped-cropped-cropped-cropped-cropped-3-1.png","width":95,"height":122,"caption":"CVI NOTICIAS"},"image":{"@id":"https:\/\/cvinoticias.com\/v3\/#\/schema\/logo\/image\/"},"sameAs":["https:\/\/www.facebook.com\/cvinoticias","https:\/\/www.instagram.com\/cvinoticias\/","https:\/\/www.youtube.com\/@CVINOTICIAS"]},{"@type":"Person","@id":"https:\/\/cvinoticias.com\/v3\/#\/schema\/person\/2db77e3c6bc03c538495d7b2b8be9b66","name":"f1000024","image":{"@type":"ImageObject","inLanguage":"es","@id":"https:\/\/secure.gravatar.com\/avatar\/d4fe7459cfc51ff5129ce1a732bbef5928568b8092d412ef95611616376bbeed?s=96&d=mm&r=g","url":"https:\/\/secure.gravatar.com\/avatar\/d4fe7459cfc51ff5129ce1a732bbef5928568b8092d412ef95611616376bbeed?s=96&d=mm&r=g","contentUrl":"https:\/\/secure.gravatar.com\/avatar\/d4fe7459cfc51ff5129ce1a732bbef5928568b8092d412ef95611616376bbeed?s=96&d=mm&r=g","caption":"f1000024"},"url":"https:\/\/cvinoticias.com\/v3\/author\/f1000024\/"}]}},"_links":{"self":[{"href":"https:\/\/cvinoticias.com\/v3\/wp-json\/wp\/v2\/posts\/23195","targetHints":{"allow":["GET"]}}],"collection":[{"href":"https:\/\/cvinoticias.com\/v3\/wp-json\/wp\/v2\/posts"}],"about":[{"href":"https:\/\/cvinoticias.com\/v3\/wp-json\/wp\/v2\/types\/post"}],"author":[{"embeddable":true,"href":"https:\/\/cvinoticias.com\/v3\/wp-json\/wp\/v2\/users\/2"}],"replies":[{"embeddable":true,"href":"https:\/\/cvinoticias.com\/v3\/wp-json\/wp\/v2\/comments?post=23195"}],"version-history":[{"count":1,"href":"https:\/\/cvinoticias.com\/v3\/wp-json\/wp\/v2\/posts\/23195\/revisions"}],"predecessor-version":[{"id":23198,"href":"https:\/\/cvinoticias.com\/v3\/wp-json\/wp\/v2\/posts\/23195\/revisions\/23198"}],"wp:featuredmedia":[{"embeddable":true,"href":"https:\/\/cvinoticias.com\/v3\/wp-json\/wp\/v2\/media\/23197"}],"wp:attachment":[{"href":"https:\/\/cvinoticias.com\/v3\/wp-json\/wp\/v2\/media?parent=23195"}],"wp:term":[{"taxonomy":"category","embeddable":true,"href":"https:\/\/cvinoticias.com\/v3\/wp-json\/wp\/v2\/categories?post=23195"},{"taxonomy":"post_tag","embeddable":true,"href":"https:\/\/cvinoticias.com\/v3\/wp-json\/wp\/v2\/tags?post=23195"}],"curies":[{"name":"wp","href":"https:\/\/api.w.org\/{rel}","templated":true}]}}