{"id":23173,"date":"2023-03-11T22:08:09","date_gmt":"2023-03-11T22:08:09","guid":{"rendered":"https:\/\/cvinoticias.com\/v3\/?p=23173"},"modified":"2023-03-11T22:08:09","modified_gmt":"2023-03-11T22:08:09","slug":"julio-koropeski-en-dos-semanas-comenzaremos-a-operar-la-linea-directa-iguazu-mocona","status":"publish","type":"post","link":"https:\/\/cvinoticias.com\/v3\/julio-koropeski-en-dos-semanas-comenzaremos-a-operar-la-linea-directa-iguazu-mocona\/","title":{"rendered":"Julio Koropeski: \u201cEn dos semanas comenzaremos a operar la l\u00ednea directa Iguaz\u00fa-Mocon\u00e1\u201d"},"content":{"rendered":"\n<p><strong><em>El presidente de Crucero del Norte indic\u00f3 que la l\u00ednea tendr\u00e1 una frecuencia diaria que saldr\u00e1 a las 7 de la ma\u00f1ana desde Iguaz\u00fa y volver\u00e1 a las 17 horas. Destac\u00f3 el crecimiento que muestra el turismo en la provincia, incluso en per\u00edodos que hist\u00f3ricamente eran de baja actividad y destac\u00f3 el apoyo del Gobierno provincial a esa actividad.<\/em><\/strong><\/p>\n\n\n\n<p>El presidente de la empresa misionera que desde hace d\u00e9cadas es l\u00edder en transporte de pasajeros de larga distancia e internacional, se refiri\u00f3 a la pr\u00f3xima novedad que incorporar\u00e1 a su oferta de transporte dentro de la provincia: la l\u00ednea directa Puerto Iguaz\u00fa \u2013 Saltos del Mocon\u00e1 que comenzar\u00e1 a operar el 24 de mes en curso.<\/p>\n\n\n\n<p>\u201cVamos a salir todos los d\u00edas a las 7 de la ma\u00f1ana y la vuelta ser\u00e1 a las 17. Lo que se busca es que el turista que est\u00e1 alojado en Iguaz\u00fa tenga una actividad que lo lleve a quedarse un d\u00eda m\u00e1s en esa ciudad, o que quien visite Iguaz\u00fa tenga m\u00e1s a mano la posibilidad de dormir al menos una noche en los Saltos Mocon\u00e1, que es lo que recomiendo, porque hay muchas cosas por conocer ah\u00ed, f\u00e1bricas de citrolela, arroyos, actividades al aire libre y lugares muy lindos para alojarse\u201d, indic\u00f3 Julio Koropeski.<\/p>\n\n\n\n<p>Destac\u00f3 que el turismo en Misiones tuvo una r\u00e1pida recuperaci\u00f3n luego de la pandemia y que se lleg\u00f3 a niveles de actividad superiores a la prepandemia. \u201cIguaz\u00fa tiene un nivel de ocupaci\u00f3n alt\u00edsimo incluso en estos d\u00edas, que estamos en un per\u00edodo que tradicionalmente era de baja ocupaci\u00f3n. Hay que destacar que hay trabajo importante del Gobierno en promoci\u00f3n y apoyo al sector\u201d, remarc\u00f3.<\/p>\n\n\n\n<p>Se\u00f1al\u00f3 que el transporte nacional e internacional est\u00e1 en franco crecimiento. \u201cEstamos cerrando una muy buena temporada, la apertura total de las fronteras hizo que mucha m\u00e1s gente viaje a Paraguay y Brasil. Quedan materias pendientes para el Gobierno nacional como agilizar los controles de Migraciones, se est\u00e1 trabajando en eso, para la pr\u00f3xima temporada mejorar\u00e1, la semana que viene habr\u00e1 una reuni\u00f3n bilateral en Paraguay para implementar c\u00f3digo QR, eso ser\u00e1 un gran avance\u201d, dijo el empresario.<\/p>\n\n\n\n<p>Destac\u00f3 que su empresa contin\u00faa invirtiendo en su flota de \u00f3mnibus para atender la creciente demanda sosteniendo altos est\u00e1ndares en la calidad del servicio. \u201cEsta semana compramos 18 nuevas unidades que se van a ir incorporando progresivamente a lo largo del a\u00f1o\u201d, afirm\u00f3.<\/p>\n\n\n\n<p><strong>Fuente: MOL<\/strong><\/p>\n","protected":false},"excerpt":{"rendered":"<p>El presidente de Crucero del Norte indic\u00f3 que la l\u00ednea tendr\u00e1 una frecuencia diaria que saldr\u00e1 a las 7 de la ma\u00f1ana desde Iguaz\u00fa y volver\u00e1 a las 17 horas. Destac\u00f3 el crecimiento que muestra el turismo en la provincia, incluso en per\u00edodos que hist\u00f3ricamente eran de baja actividad y destac\u00f3 el apoyo del Gobierno [&hellip;]<\/p>\n","protected":false},"author":2,"featured_media":23174,"comment_status":"open","ping_status":"open","sticky":false,"template":"","format":"standard","meta":{"footnotes":""},"categories":[43,50],"tags":[],"class_list":["post-23173","post","type-post","status-publish","format-standard","has-post-thumbnail","hentry","category-provinciales","category-turismo"],"yoast_head":"<!-- This site is optimized with the Yoast SEO plugin v27.5 - https:\/\/yoast.com\/product\/yoast-seo-wordpress\/ -->\n<title>Julio Koropeski: \u201cEn dos semanas comenzaremos a operar la l\u00ednea directa Iguaz\u00fa-Mocon\u00e1\u201d | CVI NOTICIAS<\/title>\n<meta name=\"robots\" content=\"index, follow, max-snippet:-1, max-image-preview:large, max-video-preview:-1\" \/>\n<link rel=\"canonical\" href=\"https:\/\/cvinoticias.com\/v3\/julio-koropeski-en-dos-semanas-comenzaremos-a-operar-la-linea-directa-iguazu-mocona\/\" \/>\n<meta property=\"og:locale\" content=\"es_ES\" \/>\n<meta property=\"og:type\" content=\"article\" \/>\n<meta property=\"og:title\" content=\"Julio Koropeski: \u201cEn dos semanas comenzaremos a operar la l\u00ednea directa Iguaz\u00fa-Mocon\u00e1\u201d | CVI NOTICIAS\" \/>\n<meta property=\"og:description\" content=\"El presidente de Crucero del Norte indic\u00f3 que la l\u00ednea tendr\u00e1 una frecuencia diaria que saldr\u00e1 a las 7 de la ma\u00f1ana desde Iguaz\u00fa y volver\u00e1 a las 17 horas. Destac\u00f3 el crecimiento que muestra el turismo en la provincia, incluso en per\u00edodos que hist\u00f3ricamente eran de baja actividad y destac\u00f3 el apoyo del Gobierno [&hellip;]\" \/>\n<meta property=\"og:url\" content=\"https:\/\/cvinoticias.com\/v3\/julio-koropeski-en-dos-semanas-comenzaremos-a-operar-la-linea-directa-iguazu-mocona\/\" \/>\n<meta property=\"og:site_name\" content=\"CVI NOTICIAS\" \/>\n<meta property=\"article:publisher\" content=\"https:\/\/www.facebook.com\/cvinoticias\" \/>\n<meta property=\"article:published_time\" content=\"2023-03-11T22:08:09+00:00\" \/>\n<meta property=\"og:image\" content=\"https:\/\/cvinoticias.com\/wp-content\/uploads\/2023\/03\/los-saltos-del-mocona-gran___H1SKHqjmx_640x361.jpg\" \/>\n\t<meta property=\"og:image:width\" content=\"640\" \/>\n\t<meta property=\"og:image:height\" content=\"361\" \/>\n\t<meta property=\"og:image:type\" content=\"image\/jpeg\" \/>\n<meta name=\"author\" content=\"f1000024\" \/>\n<meta name=\"twitter:card\" content=\"summary_large_image\" \/>\n<meta name=\"twitter:label1\" content=\"Escrito por\" \/>\n\t<meta name=\"twitter:data1\" content=\"f1000024\" \/>\n\t<meta name=\"twitter:label2\" content=\"Tiempo de lectura\" \/>\n\t<meta name=\"twitter:data2\" content=\"2 minutos\" \/>\n<script type=\"application\/ld+json\" class=\"yoast-schema-graph\">{\"@context\":\"https:\\\/\\\/schema.org\",\"@graph\":[{\"@type\":\"Article\",\"@id\":\"https:\\\/\\\/cvinoticias.com\\\/v3\\\/julio-koropeski-en-dos-semanas-comenzaremos-a-operar-la-linea-directa-iguazu-mocona\\\/#article\",\"isPartOf\":{\"@id\":\"https:\\\/\\\/cvinoticias.com\\\/v3\\\/julio-koropeski-en-dos-semanas-comenzaremos-a-operar-la-linea-directa-iguazu-mocona\\\/\"},\"author\":{\"name\":\"f1000024\",\"@id\":\"https:\\\/\\\/cvinoticias.com\\\/v3\\\/#\\\/schema\\\/person\\\/2db77e3c6bc03c538495d7b2b8be9b66\"},\"headline\":\"Julio Koropeski: \u201cEn dos semanas comenzaremos a operar la l\u00ednea directa Iguaz\u00fa-Mocon\u00e1\u201d\",\"datePublished\":\"2023-03-11T22:08:09+00:00\",\"mainEntityOfPage\":{\"@id\":\"https:\\\/\\\/cvinoticias.com\\\/v3\\\/julio-koropeski-en-dos-semanas-comenzaremos-a-operar-la-linea-directa-iguazu-mocona\\\/\"},\"wordCount\":436,\"commentCount\":0,\"publisher\":{\"@id\":\"https:\\\/\\\/cvinoticias.com\\\/v3\\\/#organization\"},\"image\":{\"@id\":\"https:\\\/\\\/cvinoticias.com\\\/v3\\\/julio-koropeski-en-dos-semanas-comenzaremos-a-operar-la-linea-directa-iguazu-mocona\\\/#primaryimage\"},\"thumbnailUrl\":\"https:\\\/\\\/cvinoticias.com\\\/wp-content\\\/uploads\\\/2023\\\/03\\\/los-saltos-del-mocona-gran___H1SKHqjmx_640x361.jpg\",\"articleSection\":[\"Provinciales\",\"Turismo\"],\"inLanguage\":\"es\",\"potentialAction\":[{\"@type\":\"CommentAction\",\"name\":\"Comment\",\"target\":[\"https:\\\/\\\/cvinoticias.com\\\/v3\\\/julio-koropeski-en-dos-semanas-comenzaremos-a-operar-la-linea-directa-iguazu-mocona\\\/#respond\"]}]},{\"@type\":\"WebPage\",\"@id\":\"https:\\\/\\\/cvinoticias.com\\\/v3\\\/julio-koropeski-en-dos-semanas-comenzaremos-a-operar-la-linea-directa-iguazu-mocona\\\/\",\"url\":\"https:\\\/\\\/cvinoticias.com\\\/v3\\\/julio-koropeski-en-dos-semanas-comenzaremos-a-operar-la-linea-directa-iguazu-mocona\\\/\",\"name\":\"Julio Koropeski: \u201cEn dos semanas comenzaremos a operar la l\u00ednea directa Iguaz\u00fa-Mocon\u00e1\u201d | CVI NOTICIAS\",\"isPartOf\":{\"@id\":\"https:\\\/\\\/cvinoticias.com\\\/v3\\\/#website\"},\"primaryImageOfPage\":{\"@id\":\"https:\\\/\\\/cvinoticias.com\\\/v3\\\/julio-koropeski-en-dos-semanas-comenzaremos-a-operar-la-linea-directa-iguazu-mocona\\\/#primaryimage\"},\"image\":{\"@id\":\"https:\\\/\\\/cvinoticias.com\\\/v3\\\/julio-koropeski-en-dos-semanas-comenzaremos-a-operar-la-linea-directa-iguazu-mocona\\\/#primaryimage\"},\"thumbnailUrl\":\"https:\\\/\\\/cvinoticias.com\\\/wp-content\\\/uploads\\\/2023\\\/03\\\/los-saltos-del-mocona-gran___H1SKHqjmx_640x361.jpg\",\"datePublished\":\"2023-03-11T22:08:09+00:00\",\"breadcrumb\":{\"@id\":\"https:\\\/\\\/cvinoticias.com\\\/v3\\\/julio-koropeski-en-dos-semanas-comenzaremos-a-operar-la-linea-directa-iguazu-mocona\\\/#breadcrumb\"},\"inLanguage\":\"es\",\"potentialAction\":[{\"@type\":\"ReadAction\",\"target\":[\"https:\\\/\\\/cvinoticias.com\\\/v3\\\/julio-koropeski-en-dos-semanas-comenzaremos-a-operar-la-linea-directa-iguazu-mocona\\\/\"]}]},{\"@type\":\"ImageObject\",\"inLanguage\":\"es\",\"@id\":\"https:\\\/\\\/cvinoticias.com\\\/v3\\\/julio-koropeski-en-dos-semanas-comenzaremos-a-operar-la-linea-directa-iguazu-mocona\\\/#primaryimage\",\"url\":\"https:\\\/\\\/cvinoticias.com\\\/wp-content\\\/uploads\\\/2023\\\/03\\\/los-saltos-del-mocona-gran___H1SKHqjmx_640x361.jpg\",\"contentUrl\":\"https:\\\/\\\/cvinoticias.com\\\/wp-content\\\/uploads\\\/2023\\\/03\\\/los-saltos-del-mocona-gran___H1SKHqjmx_640x361.jpg\",\"width\":640,\"height\":361},{\"@type\":\"BreadcrumbList\",\"@id\":\"https:\\\/\\\/cvinoticias.com\\\/v3\\\/julio-koropeski-en-dos-semanas-comenzaremos-a-operar-la-linea-directa-iguazu-mocona\\\/#breadcrumb\",\"itemListElement\":[{\"@type\":\"ListItem\",\"position\":1,\"name\":\"Portada\",\"item\":\"https:\\\/\\\/cvinoticias.com\\\/v3\\\/\"},{\"@type\":\"ListItem\",\"position\":2,\"name\":\"Julio Koropeski: \u201cEn dos semanas comenzaremos a operar la l\u00ednea directa Iguaz\u00fa-Mocon\u00e1\u201d\"}]},{\"@type\":\"WebSite\",\"@id\":\"https:\\\/\\\/cvinoticias.com\\\/v3\\\/#website\",\"url\":\"https:\\\/\\\/cvinoticias.com\\\/v3\\\/\",\"name\":\"CVI NOTICIAS\",\"description\":\"\",\"publisher\":{\"@id\":\"https:\\\/\\\/cvinoticias.com\\\/v3\\\/#organization\"},\"alternateName\":\"CVI\",\"potentialAction\":[{\"@type\":\"SearchAction\",\"target\":{\"@type\":\"EntryPoint\",\"urlTemplate\":\"https:\\\/\\\/cvinoticias.com\\\/v3\\\/?s={search_term_string}\"},\"query-input\":{\"@type\":\"PropertyValueSpecification\",\"valueRequired\":true,\"valueName\":\"search_term_string\"}}],\"inLanguage\":\"es\"},{\"@type\":\"Organization\",\"@id\":\"https:\\\/\\\/cvinoticias.com\\\/v3\\\/#organization\",\"name\":\"CVI NOTICIAS\",\"url\":\"https:\\\/\\\/cvinoticias.com\\\/v3\\\/\",\"logo\":{\"@type\":\"ImageObject\",\"inLanguage\":\"es\",\"@id\":\"https:\\\/\\\/cvinoticias.com\\\/v3\\\/#\\\/schema\\\/logo\\\/image\\\/\",\"url\":\"https:\\\/\\\/cvinoticias.com\\\/wp-content\\\/uploads\\\/2023\\\/04\\\/cropped-cropped-cropped-cropped-cropped-3-1.png\",\"contentUrl\":\"https:\\\/\\\/cvinoticias.com\\\/wp-content\\\/uploads\\\/2023\\\/04\\\/cropped-cropped-cropped-cropped-cropped-3-1.png\",\"width\":95,\"height\":122,\"caption\":\"CVI NOTICIAS\"},\"image\":{\"@id\":\"https:\\\/\\\/cvinoticias.com\\\/v3\\\/#\\\/schema\\\/logo\\\/image\\\/\"},\"sameAs\":[\"https:\\\/\\\/www.facebook.com\\\/cvinoticias\",\"https:\\\/\\\/www.instagram.com\\\/cvinoticias\\\/\",\"https:\\\/\\\/www.youtube.com\\\/@CVINOTICIAS\"]},{\"@type\":\"Person\",\"@id\":\"https:\\\/\\\/cvinoticias.com\\\/v3\\\/#\\\/schema\\\/person\\\/2db77e3c6bc03c538495d7b2b8be9b66\",\"name\":\"f1000024\",\"image\":{\"@type\":\"ImageObject\",\"inLanguage\":\"es\",\"@id\":\"https:\\\/\\\/secure.gravatar.com\\\/avatar\\\/d4fe7459cfc51ff5129ce1a732bbef5928568b8092d412ef95611616376bbeed?s=96&d=mm&r=g\",\"url\":\"https:\\\/\\\/secure.gravatar.com\\\/avatar\\\/d4fe7459cfc51ff5129ce1a732bbef5928568b8092d412ef95611616376bbeed?s=96&d=mm&r=g\",\"contentUrl\":\"https:\\\/\\\/secure.gravatar.com\\\/avatar\\\/d4fe7459cfc51ff5129ce1a732bbef5928568b8092d412ef95611616376bbeed?s=96&d=mm&r=g\",\"caption\":\"f1000024\"},\"url\":\"https:\\\/\\\/cvinoticias.com\\\/v3\\\/author\\\/f1000024\\\/\"}]}<\/script>\n<!-- \/ Yoast SEO plugin. -->","yoast_head_json":{"title":"Julio Koropeski: \u201cEn dos semanas comenzaremos a operar la l\u00ednea directa Iguaz\u00fa-Mocon\u00e1\u201d | CVI NOTICIAS","robots":{"index":"index","follow":"follow","max-snippet":"max-snippet:-1","max-image-preview":"max-image-preview:large","max-video-preview":"max-video-preview:-1"},"canonical":"https:\/\/cvinoticias.com\/v3\/julio-koropeski-en-dos-semanas-comenzaremos-a-operar-la-linea-directa-iguazu-mocona\/","og_locale":"es_ES","og_type":"article","og_title":"Julio Koropeski: \u201cEn dos semanas comenzaremos a operar la l\u00ednea directa Iguaz\u00fa-Mocon\u00e1\u201d | CVI NOTICIAS","og_description":"El presidente de Crucero del Norte indic\u00f3 que la l\u00ednea tendr\u00e1 una frecuencia diaria que saldr\u00e1 a las 7 de la ma\u00f1ana desde Iguaz\u00fa y volver\u00e1 a las 17 horas. Destac\u00f3 el crecimiento que muestra el turismo en la provincia, incluso en per\u00edodos que hist\u00f3ricamente eran de baja actividad y destac\u00f3 el apoyo del Gobierno [&hellip;]","og_url":"https:\/\/cvinoticias.com\/v3\/julio-koropeski-en-dos-semanas-comenzaremos-a-operar-la-linea-directa-iguazu-mocona\/","og_site_name":"CVI NOTICIAS","article_publisher":"https:\/\/www.facebook.com\/cvinoticias","article_published_time":"2023-03-11T22:08:09+00:00","og_image":[{"width":640,"height":361,"url":"https:\/\/cvinoticias.com\/wp-content\/uploads\/2023\/03\/los-saltos-del-mocona-gran___H1SKHqjmx_640x361.jpg","type":"image\/jpeg"}],"author":"f1000024","twitter_card":"summary_large_image","twitter_misc":{"Escrito por":"f1000024","Tiempo de lectura":"2 minutos"},"schema":{"@context":"https:\/\/schema.org","@graph":[{"@type":"Article","@id":"https:\/\/cvinoticias.com\/v3\/julio-koropeski-en-dos-semanas-comenzaremos-a-operar-la-linea-directa-iguazu-mocona\/#article","isPartOf":{"@id":"https:\/\/cvinoticias.com\/v3\/julio-koropeski-en-dos-semanas-comenzaremos-a-operar-la-linea-directa-iguazu-mocona\/"},"author":{"name":"f1000024","@id":"https:\/\/cvinoticias.com\/v3\/#\/schema\/person\/2db77e3c6bc03c538495d7b2b8be9b66"},"headline":"Julio Koropeski: \u201cEn dos semanas comenzaremos a operar la l\u00ednea directa Iguaz\u00fa-Mocon\u00e1\u201d","datePublished":"2023-03-11T22:08:09+00:00","mainEntityOfPage":{"@id":"https:\/\/cvinoticias.com\/v3\/julio-koropeski-en-dos-semanas-comenzaremos-a-operar-la-linea-directa-iguazu-mocona\/"},"wordCount":436,"commentCount":0,"publisher":{"@id":"https:\/\/cvinoticias.com\/v3\/#organization"},"image":{"@id":"https:\/\/cvinoticias.com\/v3\/julio-koropeski-en-dos-semanas-comenzaremos-a-operar-la-linea-directa-iguazu-mocona\/#primaryimage"},"thumbnailUrl":"https:\/\/cvinoticias.com\/wp-content\/uploads\/2023\/03\/los-saltos-del-mocona-gran___H1SKHqjmx_640x361.jpg","articleSection":["Provinciales","Turismo"],"inLanguage":"es","potentialAction":[{"@type":"CommentAction","name":"Comment","target":["https:\/\/cvinoticias.com\/v3\/julio-koropeski-en-dos-semanas-comenzaremos-a-operar-la-linea-directa-iguazu-mocona\/#respond"]}]},{"@type":"WebPage","@id":"https:\/\/cvinoticias.com\/v3\/julio-koropeski-en-dos-semanas-comenzaremos-a-operar-la-linea-directa-iguazu-mocona\/","url":"https:\/\/cvinoticias.com\/v3\/julio-koropeski-en-dos-semanas-comenzaremos-a-operar-la-linea-directa-iguazu-mocona\/","name":"Julio Koropeski: \u201cEn dos semanas comenzaremos a operar la l\u00ednea directa Iguaz\u00fa-Mocon\u00e1\u201d | CVI NOTICIAS","isPartOf":{"@id":"https:\/\/cvinoticias.com\/v3\/#website"},"primaryImageOfPage":{"@id":"https:\/\/cvinoticias.com\/v3\/julio-koropeski-en-dos-semanas-comenzaremos-a-operar-la-linea-directa-iguazu-mocona\/#primaryimage"},"image":{"@id":"https:\/\/cvinoticias.com\/v3\/julio-koropeski-en-dos-semanas-comenzaremos-a-operar-la-linea-directa-iguazu-mocona\/#primaryimage"},"thumbnailUrl":"https:\/\/cvinoticias.com\/wp-content\/uploads\/2023\/03\/los-saltos-del-mocona-gran___H1SKHqjmx_640x361.jpg","datePublished":"2023-03-11T22:08:09+00:00","breadcrumb":{"@id":"https:\/\/cvinoticias.com\/v3\/julio-koropeski-en-dos-semanas-comenzaremos-a-operar-la-linea-directa-iguazu-mocona\/#breadcrumb"},"inLanguage":"es","potentialAction":[{"@type":"ReadAction","target":["https:\/\/cvinoticias.com\/v3\/julio-koropeski-en-dos-semanas-comenzaremos-a-operar-la-linea-directa-iguazu-mocona\/"]}]},{"@type":"ImageObject","inLanguage":"es","@id":"https:\/\/cvinoticias.com\/v3\/julio-koropeski-en-dos-semanas-comenzaremos-a-operar-la-linea-directa-iguazu-mocona\/#primaryimage","url":"https:\/\/cvinoticias.com\/wp-content\/uploads\/2023\/03\/los-saltos-del-mocona-gran___H1SKHqjmx_640x361.jpg","contentUrl":"https:\/\/cvinoticias.com\/wp-content\/uploads\/2023\/03\/los-saltos-del-mocona-gran___H1SKHqjmx_640x361.jpg","width":640,"height":361},{"@type":"BreadcrumbList","@id":"https:\/\/cvinoticias.com\/v3\/julio-koropeski-en-dos-semanas-comenzaremos-a-operar-la-linea-directa-iguazu-mocona\/#breadcrumb","itemListElement":[{"@type":"ListItem","position":1,"name":"Portada","item":"https:\/\/cvinoticias.com\/v3\/"},{"@type":"ListItem","position":2,"name":"Julio Koropeski: \u201cEn dos semanas comenzaremos a operar la l\u00ednea directa Iguaz\u00fa-Mocon\u00e1\u201d"}]},{"@type":"WebSite","@id":"https:\/\/cvinoticias.com\/v3\/#website","url":"https:\/\/cvinoticias.com\/v3\/","name":"CVI NOTICIAS","description":"","publisher":{"@id":"https:\/\/cvinoticias.com\/v3\/#organization"},"alternateName":"CVI","potentialAction":[{"@type":"SearchAction","target":{"@type":"EntryPoint","urlTemplate":"https:\/\/cvinoticias.com\/v3\/?s={search_term_string}"},"query-input":{"@type":"PropertyValueSpecification","valueRequired":true,"valueName":"search_term_string"}}],"inLanguage":"es"},{"@type":"Organization","@id":"https:\/\/cvinoticias.com\/v3\/#organization","name":"CVI NOTICIAS","url":"https:\/\/cvinoticias.com\/v3\/","logo":{"@type":"ImageObject","inLanguage":"es","@id":"https:\/\/cvinoticias.com\/v3\/#\/schema\/logo\/image\/","url":"https:\/\/cvinoticias.com\/wp-content\/uploads\/2023\/04\/cropped-cropped-cropped-cropped-cropped-3-1.png","contentUrl":"https:\/\/cvinoticias.com\/wp-content\/uploads\/2023\/04\/cropped-cropped-cropped-cropped-cropped-3-1.png","width":95,"height":122,"caption":"CVI NOTICIAS"},"image":{"@id":"https:\/\/cvinoticias.com\/v3\/#\/schema\/logo\/image\/"},"sameAs":["https:\/\/www.facebook.com\/cvinoticias","https:\/\/www.instagram.com\/cvinoticias\/","https:\/\/www.youtube.com\/@CVINOTICIAS"]},{"@type":"Person","@id":"https:\/\/cvinoticias.com\/v3\/#\/schema\/person\/2db77e3c6bc03c538495d7b2b8be9b66","name":"f1000024","image":{"@type":"ImageObject","inLanguage":"es","@id":"https:\/\/secure.gravatar.com\/avatar\/d4fe7459cfc51ff5129ce1a732bbef5928568b8092d412ef95611616376bbeed?s=96&d=mm&r=g","url":"https:\/\/secure.gravatar.com\/avatar\/d4fe7459cfc51ff5129ce1a732bbef5928568b8092d412ef95611616376bbeed?s=96&d=mm&r=g","contentUrl":"https:\/\/secure.gravatar.com\/avatar\/d4fe7459cfc51ff5129ce1a732bbef5928568b8092d412ef95611616376bbeed?s=96&d=mm&r=g","caption":"f1000024"},"url":"https:\/\/cvinoticias.com\/v3\/author\/f1000024\/"}]}},"_links":{"self":[{"href":"https:\/\/cvinoticias.com\/v3\/wp-json\/wp\/v2\/posts\/23173","targetHints":{"allow":["GET"]}}],"collection":[{"href":"https:\/\/cvinoticias.com\/v3\/wp-json\/wp\/v2\/posts"}],"about":[{"href":"https:\/\/cvinoticias.com\/v3\/wp-json\/wp\/v2\/types\/post"}],"author":[{"embeddable":true,"href":"https:\/\/cvinoticias.com\/v3\/wp-json\/wp\/v2\/users\/2"}],"replies":[{"embeddable":true,"href":"https:\/\/cvinoticias.com\/v3\/wp-json\/wp\/v2\/comments?post=23173"}],"version-history":[{"count":1,"href":"https:\/\/cvinoticias.com\/v3\/wp-json\/wp\/v2\/posts\/23173\/revisions"}],"predecessor-version":[{"id":23175,"href":"https:\/\/cvinoticias.com\/v3\/wp-json\/wp\/v2\/posts\/23173\/revisions\/23175"}],"wp:featuredmedia":[{"embeddable":true,"href":"https:\/\/cvinoticias.com\/v3\/wp-json\/wp\/v2\/media\/23174"}],"wp:attachment":[{"href":"https:\/\/cvinoticias.com\/v3\/wp-json\/wp\/v2\/media?parent=23173"}],"wp:term":[{"taxonomy":"category","embeddable":true,"href":"https:\/\/cvinoticias.com\/v3\/wp-json\/wp\/v2\/categories?post=23173"},{"taxonomy":"post_tag","embeddable":true,"href":"https:\/\/cvinoticias.com\/v3\/wp-json\/wp\/v2\/tags?post=23173"}],"curies":[{"name":"wp","href":"https:\/\/api.w.org\/{rel}","templated":true}]}}