{"id":23160,"date":"2023-03-11T13:06:19","date_gmt":"2023-03-11T13:06:19","guid":{"rendered":"https:\/\/cvinoticias.com\/v3\/?p=23160"},"modified":"2023-03-11T13:06:19","modified_gmt":"2023-03-11T13:06:19","slug":"se-realizo-el-parlamento-de-la-mujer-en-la-ciudad-de-las-cataratas","status":"publish","type":"post","link":"https:\/\/cvinoticias.com\/v3\/se-realizo-el-parlamento-de-la-mujer-en-la-ciudad-de-las-cataratas\/","title":{"rendered":"Se realiz\u00f3 el Parlamento de la Mujer en la ciudad de las Cataratas"},"content":{"rendered":"\n<p><strong><em>Fue en el Instituto Tecnol\u00f3gico Iguaz\u00fa, donde se realiz\u00f3 la jornada denominada \u201cMujeres en el mundo del turismo como motor econ\u00f3mico\u201d que cont\u00f3 con disertaciones de expertas del sector. En el encuentro, en el que participaron legisladores provinciales, se abordaron temas relacionados con el liderazgo del sector tur\u00edstico, herramientas de negociaci\u00f3n y nuevos modelos de negocios.<\/em><\/strong><\/p>\n\n\n\n<p>Durante la apertura, la presidenta de la Comisi\u00f3n de G\u00e9nero de la Legislatura, Silvia Rojas, Silvia Rojas, expres\u00f3 el saludo del presidente de la C\u00e1mara de Representantes, Carlos Rovira y se refiri\u00f3 al \u201clugar emblem\u00e1tico que es Iguaz\u00fa\u201d adem\u00e1s de reconocer que \u201cen cada lugarcito de Misiones tenemos algo maravilloso\u201d.<\/p>\n\n\n\n<figure class=\"wp-block-image size-large\"><a href=\"https:\/\/cvinoticias.com\/wp-content\/uploads\/2023\/03\/FB_IMG_1678539050236.jpg\"><img decoding=\"async\" width=\"1024\" height=\"683\" data-src=\"https:\/\/cvinoticias.com\/wp-content\/uploads\/2023\/03\/FB_IMG_1678539050236-1024x683.jpg\" alt=\"\" class=\"wp-image-23161 lazyload\" data-srcset=\"https:\/\/cvinoticias.com\/wp-content\/uploads\/2023\/03\/FB_IMG_1678539050236-1024x683.jpg 1024w, https:\/\/cvinoticias.com\/wp-content\/uploads\/2023\/03\/FB_IMG_1678539050236-300x200.jpg 300w, https:\/\/cvinoticias.com\/wp-content\/uploads\/2023\/03\/FB_IMG_1678539050236-768x512.jpg 768w, https:\/\/cvinoticias.com\/wp-content\/uploads\/2023\/03\/FB_IMG_1678539050236.jpg 1080w\" data-sizes=\"(max-width: 1024px) 100vw, 1024px\" src=\"data:image\/svg+xml;base64,PHN2ZyB3aWR0aD0iMSIgaGVpZ2h0PSIxIiB4bWxucz0iaHR0cDovL3d3dy53My5vcmcvMjAwMC9zdmciPjwvc3ZnPg==\" style=\"--smush-placeholder-width: 1024px; --smush-placeholder-aspect-ratio: 1024\/683;\" \/><\/a><\/figure>\n\n\n\n<p>Dijo que \u201cel Parlamento de la Mujer lleva las voces de las mujeres\u201d y asegur\u00f3 que \u201cas\u00ed nacen las pol\u00edticas p\u00fablicas de nuestro gobierno, de escucharlas, caminar, prestar la oreja, anotar y llevar las voces de esas mujeres que necesitan plasmar sus necesidades en un Parlamento que a\u00f1o a a\u00f1o se viene realizando de manera ininterrumpida y prolija\u201d.<\/p>\n\n\n\n<p>En tanto, la diputada Karen Fiege, dijo que eligieron \u201cel turismo como un motor econ\u00f3mico que da trabajo a 25 mil familias y es la s\u00e9ptima econom\u00eda de la provincia\u201d.<\/p>\n\n\n\n<figure class=\"wp-block-image size-large\"><a href=\"https:\/\/cvinoticias.com\/wp-content\/uploads\/2023\/03\/FB_IMG_1678539042492.jpg\"><img decoding=\"async\" width=\"1024\" height=\"576\" data-src=\"https:\/\/cvinoticias.com\/wp-content\/uploads\/2023\/03\/FB_IMG_1678539042492-1024x576.jpg\" alt=\"\" class=\"wp-image-23162 lazyload\" data-srcset=\"https:\/\/cvinoticias.com\/wp-content\/uploads\/2023\/03\/FB_IMG_1678539042492-1024x576.jpg 1024w, https:\/\/cvinoticias.com\/wp-content\/uploads\/2023\/03\/FB_IMG_1678539042492-300x169.jpg 300w, https:\/\/cvinoticias.com\/wp-content\/uploads\/2023\/03\/FB_IMG_1678539042492-768x432.jpg 768w, https:\/\/cvinoticias.com\/wp-content\/uploads\/2023\/03\/FB_IMG_1678539042492.jpg 1080w\" data-sizes=\"(max-width: 1024px) 100vw, 1024px\" src=\"data:image\/svg+xml;base64,PHN2ZyB3aWR0aD0iMSIgaGVpZ2h0PSIxIiB4bWxucz0iaHR0cDovL3d3dy53My5vcmcvMjAwMC9zdmciPjwvc3ZnPg==\" style=\"--smush-placeholder-width: 1024px; --smush-placeholder-aspect-ratio: 1024\/576;\" \/><\/a><\/figure>\n\n\n\n<p>\u201cEs nuestra casa com\u00fan, tenemos que cuidarla\u201d, afirm\u00f3 y se\u00f1al\u00f3 que \u201cel turismo post pandemia est\u00e1 girando a ese turismo de naturaleza y de caminar con la tierra\u201d.<\/p>\n\n\n\n<p>En tanto, el ministro de Turismo, Jos\u00e9 Mar\u00eda Arr\u00faa, en su rol de presidente de la Fundaci\u00f3n ITEC dio la bienvenida a la casa de estudios y destac\u00f3 \u201cla posibilidad de compartir siempre propuestas y, hoy en particular, un d\u00eda de reflexi\u00f3n y de trabajo\u201d.<\/p>\n\n\n\n<p>Asegur\u00f3 que \u201cla Legislatura provincial siempre tuvo esta caracter\u00edstica desde que Rovira est\u00e1 de presidente, de descentralizar la pol\u00edtica\u201d.<\/p>\n\n\n\n<p>\u201cLlam\u00f3 a involucrar y valorizar cada d\u00eda m\u00e1s la presencia de las mujeres en el turismo\u201d.<\/p>\n\n\n\n<p>En la jornada disertaron Carolina Butvilofsky, empresaria vinculada al turismo en Eldorado y Alemania; Patricia Dur\u00e1n Vaca, presidenta de la Asociaci\u00f3n Argentina de Organizadores y Proveedores de Exposiciones, Congresos, Eventos y Bur\u00f3s de Convenciones; y Paula Menossi, experta en eventos.<\/p>\n\n\n\n<figure class=\"wp-block-image size-large\"><a href=\"https:\/\/cvinoticias.com\/wp-content\/uploads\/2023\/03\/IMG-20230310-WA0021.jpg\"><img decoding=\"async\" width=\"1024\" height=\"461\" data-src=\"https:\/\/cvinoticias.com\/wp-content\/uploads\/2023\/03\/IMG-20230310-WA0021-1024x461.jpg\" alt=\"\" class=\"wp-image-23163 lazyload\" data-srcset=\"https:\/\/cvinoticias.com\/wp-content\/uploads\/2023\/03\/IMG-20230310-WA0021-1024x461.jpg 1024w, https:\/\/cvinoticias.com\/wp-content\/uploads\/2023\/03\/IMG-20230310-WA0021-300x135.jpg 300w, https:\/\/cvinoticias.com\/wp-content\/uploads\/2023\/03\/IMG-20230310-WA0021-768x346.jpg 768w, https:\/\/cvinoticias.com\/wp-content\/uploads\/2023\/03\/IMG-20230310-WA0021-1536x691.jpg 1536w, https:\/\/cvinoticias.com\/wp-content\/uploads\/2023\/03\/IMG-20230310-WA0021.jpg 1600w\" data-sizes=\"(max-width: 1024px) 100vw, 1024px\" src=\"data:image\/svg+xml;base64,PHN2ZyB3aWR0aD0iMSIgaGVpZ2h0PSIxIiB4bWxucz0iaHR0cDovL3d3dy53My5vcmcvMjAwMC9zdmciPjwvc3ZnPg==\" style=\"--smush-placeholder-width: 1024px; --smush-placeholder-aspect-ratio: 1024\/461;\" \/><\/a><\/figure>\n","protected":false},"excerpt":{"rendered":"<p>Fue en el Instituto Tecnol\u00f3gico Iguaz\u00fa, donde se realiz\u00f3 la jornada denominada \u201cMujeres en el mundo del turismo como motor econ\u00f3mico\u201d que cont\u00f3 con disertaciones de expertas del sector. En el encuentro, en el que participaron legisladores provinciales, se abordaron temas relacionados con el liderazgo del sector tur\u00edstico, herramientas de negociaci\u00f3n y nuevos modelos de [&hellip;]<\/p>\n","protected":false},"author":2,"featured_media":23164,"comment_status":"open","ping_status":"open","sticky":false,"template":"","format":"standard","meta":{"footnotes":""},"categories":[29],"tags":[],"class_list":["post-23160","post","type-post","status-publish","format-standard","has-post-thumbnail","hentry","category-locales"],"yoast_head":"<!-- This site is optimized with the Yoast SEO plugin v27.5 - https:\/\/yoast.com\/product\/yoast-seo-wordpress\/ -->\n<title>Se realiz\u00f3 el Parlamento de la Mujer en la ciudad de las Cataratas | CVI NOTICIAS<\/title>\n<meta name=\"robots\" content=\"index, follow, max-snippet:-1, max-image-preview:large, max-video-preview:-1\" \/>\n<link rel=\"canonical\" href=\"https:\/\/cvinoticias.com\/v3\/se-realizo-el-parlamento-de-la-mujer-en-la-ciudad-de-las-cataratas\/\" \/>\n<meta property=\"og:locale\" content=\"es_ES\" \/>\n<meta property=\"og:type\" content=\"article\" \/>\n<meta property=\"og:title\" content=\"Se realiz\u00f3 el Parlamento de la Mujer en la ciudad de las Cataratas | CVI NOTICIAS\" \/>\n<meta property=\"og:description\" content=\"Fue en el Instituto Tecnol\u00f3gico Iguaz\u00fa, donde se realiz\u00f3 la jornada denominada \u201cMujeres en el mundo del turismo como motor econ\u00f3mico\u201d que cont\u00f3 con disertaciones de expertas del sector. En el encuentro, en el que participaron legisladores provinciales, se abordaron temas relacionados con el liderazgo del sector tur\u00edstico, herramientas de negociaci\u00f3n y nuevos modelos de [&hellip;]\" \/>\n<meta property=\"og:url\" content=\"https:\/\/cvinoticias.com\/v3\/se-realizo-el-parlamento-de-la-mujer-en-la-ciudad-de-las-cataratas\/\" \/>\n<meta property=\"og:site_name\" content=\"CVI NOTICIAS\" \/>\n<meta property=\"article:publisher\" content=\"https:\/\/www.facebook.com\/cvinoticias\" \/>\n<meta property=\"article:published_time\" content=\"2023-03-11T13:06:19+00:00\" \/>\n<meta property=\"og:image\" content=\"https:\/\/cvinoticias.com\/wp-content\/uploads\/2023\/03\/IMG-20230310-WA0017.jpg\" \/>\n\t<meta property=\"og:image:width\" content=\"1017\" \/>\n\t<meta property=\"og:image:height\" content=\"720\" \/>\n\t<meta property=\"og:image:type\" content=\"image\/jpeg\" \/>\n<meta name=\"author\" content=\"f1000024\" \/>\n<meta name=\"twitter:card\" content=\"summary_large_image\" \/>\n<meta name=\"twitter:label1\" content=\"Escrito por\" \/>\n\t<meta name=\"twitter:data1\" content=\"f1000024\" \/>\n\t<meta name=\"twitter:label2\" content=\"Tiempo de lectura\" \/>\n\t<meta name=\"twitter:data2\" content=\"2 minutos\" \/>\n<script type=\"application\/ld+json\" class=\"yoast-schema-graph\">{\"@context\":\"https:\\\/\\\/schema.org\",\"@graph\":[{\"@type\":\"Article\",\"@id\":\"https:\\\/\\\/cvinoticias.com\\\/v3\\\/se-realizo-el-parlamento-de-la-mujer-en-la-ciudad-de-las-cataratas\\\/#article\",\"isPartOf\":{\"@id\":\"https:\\\/\\\/cvinoticias.com\\\/v3\\\/se-realizo-el-parlamento-de-la-mujer-en-la-ciudad-de-las-cataratas\\\/\"},\"author\":{\"name\":\"f1000024\",\"@id\":\"https:\\\/\\\/cvinoticias.com\\\/v3\\\/#\\\/schema\\\/person\\\/2db77e3c6bc03c538495d7b2b8be9b66\"},\"headline\":\"Se realiz\u00f3 el Parlamento de la Mujer en la ciudad de las Cataratas\",\"datePublished\":\"2023-03-11T13:06:19+00:00\",\"mainEntityOfPage\":{\"@id\":\"https:\\\/\\\/cvinoticias.com\\\/v3\\\/se-realizo-el-parlamento-de-la-mujer-en-la-ciudad-de-las-cataratas\\\/\"},\"wordCount\":384,\"commentCount\":0,\"publisher\":{\"@id\":\"https:\\\/\\\/cvinoticias.com\\\/v3\\\/#organization\"},\"image\":{\"@id\":\"https:\\\/\\\/cvinoticias.com\\\/v3\\\/se-realizo-el-parlamento-de-la-mujer-en-la-ciudad-de-las-cataratas\\\/#primaryimage\"},\"thumbnailUrl\":\"https:\\\/\\\/cvinoticias.com\\\/wp-content\\\/uploads\\\/2023\\\/03\\\/IMG-20230310-WA0017.jpg\",\"articleSection\":[\"Locales\"],\"inLanguage\":\"es\",\"potentialAction\":[{\"@type\":\"CommentAction\",\"name\":\"Comment\",\"target\":[\"https:\\\/\\\/cvinoticias.com\\\/v3\\\/se-realizo-el-parlamento-de-la-mujer-en-la-ciudad-de-las-cataratas\\\/#respond\"]}]},{\"@type\":\"WebPage\",\"@id\":\"https:\\\/\\\/cvinoticias.com\\\/v3\\\/se-realizo-el-parlamento-de-la-mujer-en-la-ciudad-de-las-cataratas\\\/\",\"url\":\"https:\\\/\\\/cvinoticias.com\\\/v3\\\/se-realizo-el-parlamento-de-la-mujer-en-la-ciudad-de-las-cataratas\\\/\",\"name\":\"Se realiz\u00f3 el Parlamento de la Mujer en la ciudad de las Cataratas | CVI NOTICIAS\",\"isPartOf\":{\"@id\":\"https:\\\/\\\/cvinoticias.com\\\/v3\\\/#website\"},\"primaryImageOfPage\":{\"@id\":\"https:\\\/\\\/cvinoticias.com\\\/v3\\\/se-realizo-el-parlamento-de-la-mujer-en-la-ciudad-de-las-cataratas\\\/#primaryimage\"},\"image\":{\"@id\":\"https:\\\/\\\/cvinoticias.com\\\/v3\\\/se-realizo-el-parlamento-de-la-mujer-en-la-ciudad-de-las-cataratas\\\/#primaryimage\"},\"thumbnailUrl\":\"https:\\\/\\\/cvinoticias.com\\\/wp-content\\\/uploads\\\/2023\\\/03\\\/IMG-20230310-WA0017.jpg\",\"datePublished\":\"2023-03-11T13:06:19+00:00\",\"breadcrumb\":{\"@id\":\"https:\\\/\\\/cvinoticias.com\\\/v3\\\/se-realizo-el-parlamento-de-la-mujer-en-la-ciudad-de-las-cataratas\\\/#breadcrumb\"},\"inLanguage\":\"es\",\"potentialAction\":[{\"@type\":\"ReadAction\",\"target\":[\"https:\\\/\\\/cvinoticias.com\\\/v3\\\/se-realizo-el-parlamento-de-la-mujer-en-la-ciudad-de-las-cataratas\\\/\"]}]},{\"@type\":\"ImageObject\",\"inLanguage\":\"es\",\"@id\":\"https:\\\/\\\/cvinoticias.com\\\/v3\\\/se-realizo-el-parlamento-de-la-mujer-en-la-ciudad-de-las-cataratas\\\/#primaryimage\",\"url\":\"https:\\\/\\\/cvinoticias.com\\\/wp-content\\\/uploads\\\/2023\\\/03\\\/IMG-20230310-WA0017.jpg\",\"contentUrl\":\"https:\\\/\\\/cvinoticias.com\\\/wp-content\\\/uploads\\\/2023\\\/03\\\/IMG-20230310-WA0017.jpg\",\"width\":1017,\"height\":720},{\"@type\":\"BreadcrumbList\",\"@id\":\"https:\\\/\\\/cvinoticias.com\\\/v3\\\/se-realizo-el-parlamento-de-la-mujer-en-la-ciudad-de-las-cataratas\\\/#breadcrumb\",\"itemListElement\":[{\"@type\":\"ListItem\",\"position\":1,\"name\":\"Portada\",\"item\":\"https:\\\/\\\/cvinoticias.com\\\/v3\\\/\"},{\"@type\":\"ListItem\",\"position\":2,\"name\":\"Se realiz\u00f3 el Parlamento de la Mujer en la ciudad de las Cataratas\"}]},{\"@type\":\"WebSite\",\"@id\":\"https:\\\/\\\/cvinoticias.com\\\/v3\\\/#website\",\"url\":\"https:\\\/\\\/cvinoticias.com\\\/v3\\\/\",\"name\":\"CVI NOTICIAS\",\"description\":\"\",\"publisher\":{\"@id\":\"https:\\\/\\\/cvinoticias.com\\\/v3\\\/#organization\"},\"alternateName\":\"CVI\",\"potentialAction\":[{\"@type\":\"SearchAction\",\"target\":{\"@type\":\"EntryPoint\",\"urlTemplate\":\"https:\\\/\\\/cvinoticias.com\\\/v3\\\/?s={search_term_string}\"},\"query-input\":{\"@type\":\"PropertyValueSpecification\",\"valueRequired\":true,\"valueName\":\"search_term_string\"}}],\"inLanguage\":\"es\"},{\"@type\":\"Organization\",\"@id\":\"https:\\\/\\\/cvinoticias.com\\\/v3\\\/#organization\",\"name\":\"CVI NOTICIAS\",\"url\":\"https:\\\/\\\/cvinoticias.com\\\/v3\\\/\",\"logo\":{\"@type\":\"ImageObject\",\"inLanguage\":\"es\",\"@id\":\"https:\\\/\\\/cvinoticias.com\\\/v3\\\/#\\\/schema\\\/logo\\\/image\\\/\",\"url\":\"https:\\\/\\\/cvinoticias.com\\\/wp-content\\\/uploads\\\/2023\\\/04\\\/cropped-cropped-cropped-cropped-cropped-3-1.png\",\"contentUrl\":\"https:\\\/\\\/cvinoticias.com\\\/wp-content\\\/uploads\\\/2023\\\/04\\\/cropped-cropped-cropped-cropped-cropped-3-1.png\",\"width\":95,\"height\":122,\"caption\":\"CVI NOTICIAS\"},\"image\":{\"@id\":\"https:\\\/\\\/cvinoticias.com\\\/v3\\\/#\\\/schema\\\/logo\\\/image\\\/\"},\"sameAs\":[\"https:\\\/\\\/www.facebook.com\\\/cvinoticias\",\"https:\\\/\\\/www.instagram.com\\\/cvinoticias\\\/\",\"https:\\\/\\\/www.youtube.com\\\/@CVINOTICIAS\"]},{\"@type\":\"Person\",\"@id\":\"https:\\\/\\\/cvinoticias.com\\\/v3\\\/#\\\/schema\\\/person\\\/2db77e3c6bc03c538495d7b2b8be9b66\",\"name\":\"f1000024\",\"image\":{\"@type\":\"ImageObject\",\"inLanguage\":\"es\",\"@id\":\"https:\\\/\\\/secure.gravatar.com\\\/avatar\\\/d4fe7459cfc51ff5129ce1a732bbef5928568b8092d412ef95611616376bbeed?s=96&d=mm&r=g\",\"url\":\"https:\\\/\\\/secure.gravatar.com\\\/avatar\\\/d4fe7459cfc51ff5129ce1a732bbef5928568b8092d412ef95611616376bbeed?s=96&d=mm&r=g\",\"contentUrl\":\"https:\\\/\\\/secure.gravatar.com\\\/avatar\\\/d4fe7459cfc51ff5129ce1a732bbef5928568b8092d412ef95611616376bbeed?s=96&d=mm&r=g\",\"caption\":\"f1000024\"},\"url\":\"https:\\\/\\\/cvinoticias.com\\\/v3\\\/author\\\/f1000024\\\/\"}]}<\/script>\n<!-- \/ Yoast SEO plugin. -->","yoast_head_json":{"title":"Se realiz\u00f3 el Parlamento de la Mujer en la ciudad de las Cataratas | CVI NOTICIAS","robots":{"index":"index","follow":"follow","max-snippet":"max-snippet:-1","max-image-preview":"max-image-preview:large","max-video-preview":"max-video-preview:-1"},"canonical":"https:\/\/cvinoticias.com\/v3\/se-realizo-el-parlamento-de-la-mujer-en-la-ciudad-de-las-cataratas\/","og_locale":"es_ES","og_type":"article","og_title":"Se realiz\u00f3 el Parlamento de la Mujer en la ciudad de las Cataratas | CVI NOTICIAS","og_description":"Fue en el Instituto Tecnol\u00f3gico Iguaz\u00fa, donde se realiz\u00f3 la jornada denominada \u201cMujeres en el mundo del turismo como motor econ\u00f3mico\u201d que cont\u00f3 con disertaciones de expertas del sector. En el encuentro, en el que participaron legisladores provinciales, se abordaron temas relacionados con el liderazgo del sector tur\u00edstico, herramientas de negociaci\u00f3n y nuevos modelos de [&hellip;]","og_url":"https:\/\/cvinoticias.com\/v3\/se-realizo-el-parlamento-de-la-mujer-en-la-ciudad-de-las-cataratas\/","og_site_name":"CVI NOTICIAS","article_publisher":"https:\/\/www.facebook.com\/cvinoticias","article_published_time":"2023-03-11T13:06:19+00:00","og_image":[{"width":1017,"height":720,"url":"https:\/\/cvinoticias.com\/wp-content\/uploads\/2023\/03\/IMG-20230310-WA0017.jpg","type":"image\/jpeg"}],"author":"f1000024","twitter_card":"summary_large_image","twitter_misc":{"Escrito por":"f1000024","Tiempo de lectura":"2 minutos"},"schema":{"@context":"https:\/\/schema.org","@graph":[{"@type":"Article","@id":"https:\/\/cvinoticias.com\/v3\/se-realizo-el-parlamento-de-la-mujer-en-la-ciudad-de-las-cataratas\/#article","isPartOf":{"@id":"https:\/\/cvinoticias.com\/v3\/se-realizo-el-parlamento-de-la-mujer-en-la-ciudad-de-las-cataratas\/"},"author":{"name":"f1000024","@id":"https:\/\/cvinoticias.com\/v3\/#\/schema\/person\/2db77e3c6bc03c538495d7b2b8be9b66"},"headline":"Se realiz\u00f3 el Parlamento de la Mujer en la ciudad de las Cataratas","datePublished":"2023-03-11T13:06:19+00:00","mainEntityOfPage":{"@id":"https:\/\/cvinoticias.com\/v3\/se-realizo-el-parlamento-de-la-mujer-en-la-ciudad-de-las-cataratas\/"},"wordCount":384,"commentCount":0,"publisher":{"@id":"https:\/\/cvinoticias.com\/v3\/#organization"},"image":{"@id":"https:\/\/cvinoticias.com\/v3\/se-realizo-el-parlamento-de-la-mujer-en-la-ciudad-de-las-cataratas\/#primaryimage"},"thumbnailUrl":"https:\/\/cvinoticias.com\/wp-content\/uploads\/2023\/03\/IMG-20230310-WA0017.jpg","articleSection":["Locales"],"inLanguage":"es","potentialAction":[{"@type":"CommentAction","name":"Comment","target":["https:\/\/cvinoticias.com\/v3\/se-realizo-el-parlamento-de-la-mujer-en-la-ciudad-de-las-cataratas\/#respond"]}]},{"@type":"WebPage","@id":"https:\/\/cvinoticias.com\/v3\/se-realizo-el-parlamento-de-la-mujer-en-la-ciudad-de-las-cataratas\/","url":"https:\/\/cvinoticias.com\/v3\/se-realizo-el-parlamento-de-la-mujer-en-la-ciudad-de-las-cataratas\/","name":"Se realiz\u00f3 el Parlamento de la Mujer en la ciudad de las Cataratas | CVI NOTICIAS","isPartOf":{"@id":"https:\/\/cvinoticias.com\/v3\/#website"},"primaryImageOfPage":{"@id":"https:\/\/cvinoticias.com\/v3\/se-realizo-el-parlamento-de-la-mujer-en-la-ciudad-de-las-cataratas\/#primaryimage"},"image":{"@id":"https:\/\/cvinoticias.com\/v3\/se-realizo-el-parlamento-de-la-mujer-en-la-ciudad-de-las-cataratas\/#primaryimage"},"thumbnailUrl":"https:\/\/cvinoticias.com\/wp-content\/uploads\/2023\/03\/IMG-20230310-WA0017.jpg","datePublished":"2023-03-11T13:06:19+00:00","breadcrumb":{"@id":"https:\/\/cvinoticias.com\/v3\/se-realizo-el-parlamento-de-la-mujer-en-la-ciudad-de-las-cataratas\/#breadcrumb"},"inLanguage":"es","potentialAction":[{"@type":"ReadAction","target":["https:\/\/cvinoticias.com\/v3\/se-realizo-el-parlamento-de-la-mujer-en-la-ciudad-de-las-cataratas\/"]}]},{"@type":"ImageObject","inLanguage":"es","@id":"https:\/\/cvinoticias.com\/v3\/se-realizo-el-parlamento-de-la-mujer-en-la-ciudad-de-las-cataratas\/#primaryimage","url":"https:\/\/cvinoticias.com\/wp-content\/uploads\/2023\/03\/IMG-20230310-WA0017.jpg","contentUrl":"https:\/\/cvinoticias.com\/wp-content\/uploads\/2023\/03\/IMG-20230310-WA0017.jpg","width":1017,"height":720},{"@type":"BreadcrumbList","@id":"https:\/\/cvinoticias.com\/v3\/se-realizo-el-parlamento-de-la-mujer-en-la-ciudad-de-las-cataratas\/#breadcrumb","itemListElement":[{"@type":"ListItem","position":1,"name":"Portada","item":"https:\/\/cvinoticias.com\/v3\/"},{"@type":"ListItem","position":2,"name":"Se realiz\u00f3 el Parlamento de la Mujer en la ciudad de las Cataratas"}]},{"@type":"WebSite","@id":"https:\/\/cvinoticias.com\/v3\/#website","url":"https:\/\/cvinoticias.com\/v3\/","name":"CVI NOTICIAS","description":"","publisher":{"@id":"https:\/\/cvinoticias.com\/v3\/#organization"},"alternateName":"CVI","potentialAction":[{"@type":"SearchAction","target":{"@type":"EntryPoint","urlTemplate":"https:\/\/cvinoticias.com\/v3\/?s={search_term_string}"},"query-input":{"@type":"PropertyValueSpecification","valueRequired":true,"valueName":"search_term_string"}}],"inLanguage":"es"},{"@type":"Organization","@id":"https:\/\/cvinoticias.com\/v3\/#organization","name":"CVI NOTICIAS","url":"https:\/\/cvinoticias.com\/v3\/","logo":{"@type":"ImageObject","inLanguage":"es","@id":"https:\/\/cvinoticias.com\/v3\/#\/schema\/logo\/image\/","url":"https:\/\/cvinoticias.com\/wp-content\/uploads\/2023\/04\/cropped-cropped-cropped-cropped-cropped-3-1.png","contentUrl":"https:\/\/cvinoticias.com\/wp-content\/uploads\/2023\/04\/cropped-cropped-cropped-cropped-cropped-3-1.png","width":95,"height":122,"caption":"CVI NOTICIAS"},"image":{"@id":"https:\/\/cvinoticias.com\/v3\/#\/schema\/logo\/image\/"},"sameAs":["https:\/\/www.facebook.com\/cvinoticias","https:\/\/www.instagram.com\/cvinoticias\/","https:\/\/www.youtube.com\/@CVINOTICIAS"]},{"@type":"Person","@id":"https:\/\/cvinoticias.com\/v3\/#\/schema\/person\/2db77e3c6bc03c538495d7b2b8be9b66","name":"f1000024","image":{"@type":"ImageObject","inLanguage":"es","@id":"https:\/\/secure.gravatar.com\/avatar\/d4fe7459cfc51ff5129ce1a732bbef5928568b8092d412ef95611616376bbeed?s=96&d=mm&r=g","url":"https:\/\/secure.gravatar.com\/avatar\/d4fe7459cfc51ff5129ce1a732bbef5928568b8092d412ef95611616376bbeed?s=96&d=mm&r=g","contentUrl":"https:\/\/secure.gravatar.com\/avatar\/d4fe7459cfc51ff5129ce1a732bbef5928568b8092d412ef95611616376bbeed?s=96&d=mm&r=g","caption":"f1000024"},"url":"https:\/\/cvinoticias.com\/v3\/author\/f1000024\/"}]}},"_links":{"self":[{"href":"https:\/\/cvinoticias.com\/v3\/wp-json\/wp\/v2\/posts\/23160","targetHints":{"allow":["GET"]}}],"collection":[{"href":"https:\/\/cvinoticias.com\/v3\/wp-json\/wp\/v2\/posts"}],"about":[{"href":"https:\/\/cvinoticias.com\/v3\/wp-json\/wp\/v2\/types\/post"}],"author":[{"embeddable":true,"href":"https:\/\/cvinoticias.com\/v3\/wp-json\/wp\/v2\/users\/2"}],"replies":[{"embeddable":true,"href":"https:\/\/cvinoticias.com\/v3\/wp-json\/wp\/v2\/comments?post=23160"}],"version-history":[{"count":1,"href":"https:\/\/cvinoticias.com\/v3\/wp-json\/wp\/v2\/posts\/23160\/revisions"}],"predecessor-version":[{"id":23165,"href":"https:\/\/cvinoticias.com\/v3\/wp-json\/wp\/v2\/posts\/23160\/revisions\/23165"}],"wp:featuredmedia":[{"embeddable":true,"href":"https:\/\/cvinoticias.com\/v3\/wp-json\/wp\/v2\/media\/23164"}],"wp:attachment":[{"href":"https:\/\/cvinoticias.com\/v3\/wp-json\/wp\/v2\/media?parent=23160"}],"wp:term":[{"taxonomy":"category","embeddable":true,"href":"https:\/\/cvinoticias.com\/v3\/wp-json\/wp\/v2\/categories?post=23160"},{"taxonomy":"post_tag","embeddable":true,"href":"https:\/\/cvinoticias.com\/v3\/wp-json\/wp\/v2\/tags?post=23160"}],"curies":[{"name":"wp","href":"https:\/\/api.w.org\/{rel}","templated":true}]}}