{"id":23131,"date":"2023-03-09T22:20:40","date_gmt":"2023-03-09T22:20:40","guid":{"rendered":"https:\/\/cvinoticias.com\/v3\/?p=23131"},"modified":"2023-03-09T22:20:40","modified_gmt":"2023-03-09T22:20:40","slug":"puerto-iguazu-se-realizo-la-presentacion-de-importantes-obras-para-los-barrios-cataratas-y-25-de-mayo","status":"publish","type":"post","link":"https:\/\/cvinoticias.com\/v3\/puerto-iguazu-se-realizo-la-presentacion-de-importantes-obras-para-los-barrios-cataratas-y-25-de-mayo\/","title":{"rendered":"Puerto Iguaz\u00fa: Se realiz\u00f3 la presentaci\u00f3n de importantes obras para los Barrios Cataratas y 25 de Mayo"},"content":{"rendered":"\n<p><strong><em>En la sala de situaciones del Municipio local se realiz\u00f3 la presentaci\u00f3n del proyecto de saneamiento aprobado por el Ministerio de Desarrollo Social de la Naci\u00f3n para dos Barrios de la ciudad de Puerto Iguaz\u00fa &#8211; B\u00b0 Cataratas y B\u00b0 25 de Mayo &#8211; que consiste en mejorar la accesibilidad y conectividad, la construcci\u00f3n de infraestructura y acceso a los servicios b\u00e1sicos como ser empedrado, cord\u00f3n cuneta, veredas para ambos Barrios como as\u00ed tambi\u00e9n el acceso a una red de agua y cloaca.<\/em><\/strong><\/p>\n\n\n\n<p>Para la presentaci\u00f3n de dicho proyecto se realiz\u00f3 previamente un relevamiento de las condiciones y necesidades de los Barrios mencionados anteriormente donde se\u00f1alaron los \u00edndices de necesidades insatisfechas (N8i).<\/p>\n\n\n\n<p>En la primera etapa de ejecuci\u00f3n del proyecto se contar\u00e1 para ambos Barrios con: &#8211; Redes de agua: para 405 lotes con un total de 12800 ml de ca\u00f1er\u00edas<br>-Redes de Cloacas: para 405 lotes y un total de 13600 ml de ca\u00f1er\u00edas.<\/p>\n\n\n\n<p>Mientras que en la segunda etapa se estar\u00e1n realizando en los dos Barrios 31 mil mts2 de empedrado, 16 mil de cord\u00f3n, 3400 mts2 de veredas y un sal\u00f3n de usos m\u00faltiples de aproximadamente 420 mts2.<\/p>\n\n\n\n<p>Un total de 600 millones de pesos ser\u00e1 la inversi\u00f3n para la puesta en valor del proyecto presentado con la presencia del intendente Claudio Ra\u00fal Filippa, el Director de Obras Privadas Arquitecto Arturo Garc\u00eda y el Arquitecto Javier De Piazza, entre otros.<\/p>\n","protected":false},"excerpt":{"rendered":"<p>En la sala de situaciones del Municipio local se realiz\u00f3 la presentaci\u00f3n del proyecto de saneamiento aprobado por el Ministerio de Desarrollo Social de la Naci\u00f3n para dos Barrios de la ciudad de Puerto Iguaz\u00fa &#8211; B\u00b0 Cataratas y B\u00b0 25 de Mayo &#8211; que consiste en mejorar la accesibilidad y conectividad, la construcci\u00f3n de [&hellip;]<\/p>\n","protected":false},"author":2,"featured_media":23132,"comment_status":"open","ping_status":"open","sticky":false,"template":"","format":"standard","meta":{"footnotes":""},"categories":[29],"tags":[],"class_list":["post-23131","post","type-post","status-publish","format-standard","has-post-thumbnail","hentry","category-locales"],"yoast_head":"<!-- This site is optimized with the Yoast SEO plugin v27.5 - https:\/\/yoast.com\/product\/yoast-seo-wordpress\/ -->\n<title>Puerto Iguaz\u00fa: Se realiz\u00f3 la presentaci\u00f3n de importantes obras para los Barrios Cataratas y 25 de Mayo | CVI NOTICIAS<\/title>\n<meta name=\"robots\" content=\"index, follow, max-snippet:-1, max-image-preview:large, max-video-preview:-1\" \/>\n<link rel=\"canonical\" href=\"https:\/\/cvinoticias.com\/v3\/puerto-iguazu-se-realizo-la-presentacion-de-importantes-obras-para-los-barrios-cataratas-y-25-de-mayo\/\" \/>\n<meta property=\"og:locale\" content=\"es_ES\" \/>\n<meta property=\"og:type\" content=\"article\" \/>\n<meta property=\"og:title\" content=\"Puerto Iguaz\u00fa: Se realiz\u00f3 la presentaci\u00f3n de importantes obras para los Barrios Cataratas y 25 de Mayo | CVI NOTICIAS\" \/>\n<meta property=\"og:description\" content=\"En la sala de situaciones del Municipio local se realiz\u00f3 la presentaci\u00f3n del proyecto de saneamiento aprobado por el Ministerio de Desarrollo Social de la Naci\u00f3n para dos Barrios de la ciudad de Puerto Iguaz\u00fa &#8211; B\u00b0 Cataratas y B\u00b0 25 de Mayo &#8211; que consiste en mejorar la accesibilidad y conectividad, la construcci\u00f3n de [&hellip;]\" \/>\n<meta property=\"og:url\" content=\"https:\/\/cvinoticias.com\/v3\/puerto-iguazu-se-realizo-la-presentacion-de-importantes-obras-para-los-barrios-cataratas-y-25-de-mayo\/\" \/>\n<meta property=\"og:site_name\" content=\"CVI NOTICIAS\" \/>\n<meta property=\"article:publisher\" content=\"https:\/\/www.facebook.com\/cvinoticias\" \/>\n<meta property=\"article:published_time\" content=\"2023-03-09T22:20:40+00:00\" \/>\n<meta property=\"og:image\" content=\"https:\/\/cvinoticias.com\/wp-content\/uploads\/2023\/03\/IMG-20230309-WA0079.jpg\" \/>\n\t<meta property=\"og:image:width\" content=\"1600\" \/>\n\t<meta property=\"og:image:height\" content=\"720\" \/>\n\t<meta property=\"og:image:type\" content=\"image\/jpeg\" \/>\n<meta name=\"author\" content=\"f1000024\" \/>\n<meta name=\"twitter:card\" content=\"summary_large_image\" \/>\n<meta name=\"twitter:label1\" content=\"Escrito por\" \/>\n\t<meta name=\"twitter:data1\" content=\"f1000024\" \/>\n\t<meta name=\"twitter:label2\" content=\"Tiempo de lectura\" \/>\n\t<meta name=\"twitter:data2\" content=\"1 minuto\" \/>\n<script type=\"application\/ld+json\" class=\"yoast-schema-graph\">{\"@context\":\"https:\\\/\\\/schema.org\",\"@graph\":[{\"@type\":\"Article\",\"@id\":\"https:\\\/\\\/cvinoticias.com\\\/v3\\\/puerto-iguazu-se-realizo-la-presentacion-de-importantes-obras-para-los-barrios-cataratas-y-25-de-mayo\\\/#article\",\"isPartOf\":{\"@id\":\"https:\\\/\\\/cvinoticias.com\\\/v3\\\/puerto-iguazu-se-realizo-la-presentacion-de-importantes-obras-para-los-barrios-cataratas-y-25-de-mayo\\\/\"},\"author\":{\"name\":\"f1000024\",\"@id\":\"https:\\\/\\\/cvinoticias.com\\\/v3\\\/#\\\/schema\\\/person\\\/2db77e3c6bc03c538495d7b2b8be9b66\"},\"headline\":\"Puerto Iguaz\u00fa: Se realiz\u00f3 la presentaci\u00f3n de importantes obras para los Barrios Cataratas y 25 de Mayo\",\"datePublished\":\"2023-03-09T22:20:40+00:00\",\"mainEntityOfPage\":{\"@id\":\"https:\\\/\\\/cvinoticias.com\\\/v3\\\/puerto-iguazu-se-realizo-la-presentacion-de-importantes-obras-para-los-barrios-cataratas-y-25-de-mayo\\\/\"},\"wordCount\":260,\"commentCount\":0,\"publisher\":{\"@id\":\"https:\\\/\\\/cvinoticias.com\\\/v3\\\/#organization\"},\"image\":{\"@id\":\"https:\\\/\\\/cvinoticias.com\\\/v3\\\/puerto-iguazu-se-realizo-la-presentacion-de-importantes-obras-para-los-barrios-cataratas-y-25-de-mayo\\\/#primaryimage\"},\"thumbnailUrl\":\"https:\\\/\\\/cvinoticias.com\\\/wp-content\\\/uploads\\\/2023\\\/03\\\/IMG-20230309-WA0079.jpg\",\"articleSection\":[\"Locales\"],\"inLanguage\":\"es\",\"potentialAction\":[{\"@type\":\"CommentAction\",\"name\":\"Comment\",\"target\":[\"https:\\\/\\\/cvinoticias.com\\\/v3\\\/puerto-iguazu-se-realizo-la-presentacion-de-importantes-obras-para-los-barrios-cataratas-y-25-de-mayo\\\/#respond\"]}]},{\"@type\":\"WebPage\",\"@id\":\"https:\\\/\\\/cvinoticias.com\\\/v3\\\/puerto-iguazu-se-realizo-la-presentacion-de-importantes-obras-para-los-barrios-cataratas-y-25-de-mayo\\\/\",\"url\":\"https:\\\/\\\/cvinoticias.com\\\/v3\\\/puerto-iguazu-se-realizo-la-presentacion-de-importantes-obras-para-los-barrios-cataratas-y-25-de-mayo\\\/\",\"name\":\"Puerto Iguaz\u00fa: Se realiz\u00f3 la presentaci\u00f3n de importantes obras para los Barrios Cataratas y 25 de Mayo | CVI NOTICIAS\",\"isPartOf\":{\"@id\":\"https:\\\/\\\/cvinoticias.com\\\/v3\\\/#website\"},\"primaryImageOfPage\":{\"@id\":\"https:\\\/\\\/cvinoticias.com\\\/v3\\\/puerto-iguazu-se-realizo-la-presentacion-de-importantes-obras-para-los-barrios-cataratas-y-25-de-mayo\\\/#primaryimage\"},\"image\":{\"@id\":\"https:\\\/\\\/cvinoticias.com\\\/v3\\\/puerto-iguazu-se-realizo-la-presentacion-de-importantes-obras-para-los-barrios-cataratas-y-25-de-mayo\\\/#primaryimage\"},\"thumbnailUrl\":\"https:\\\/\\\/cvinoticias.com\\\/wp-content\\\/uploads\\\/2023\\\/03\\\/IMG-20230309-WA0079.jpg\",\"datePublished\":\"2023-03-09T22:20:40+00:00\",\"breadcrumb\":{\"@id\":\"https:\\\/\\\/cvinoticias.com\\\/v3\\\/puerto-iguazu-se-realizo-la-presentacion-de-importantes-obras-para-los-barrios-cataratas-y-25-de-mayo\\\/#breadcrumb\"},\"inLanguage\":\"es\",\"potentialAction\":[{\"@type\":\"ReadAction\",\"target\":[\"https:\\\/\\\/cvinoticias.com\\\/v3\\\/puerto-iguazu-se-realizo-la-presentacion-de-importantes-obras-para-los-barrios-cataratas-y-25-de-mayo\\\/\"]}]},{\"@type\":\"ImageObject\",\"inLanguage\":\"es\",\"@id\":\"https:\\\/\\\/cvinoticias.com\\\/v3\\\/puerto-iguazu-se-realizo-la-presentacion-de-importantes-obras-para-los-barrios-cataratas-y-25-de-mayo\\\/#primaryimage\",\"url\":\"https:\\\/\\\/cvinoticias.com\\\/wp-content\\\/uploads\\\/2023\\\/03\\\/IMG-20230309-WA0079.jpg\",\"contentUrl\":\"https:\\\/\\\/cvinoticias.com\\\/wp-content\\\/uploads\\\/2023\\\/03\\\/IMG-20230309-WA0079.jpg\",\"width\":1600,\"height\":720},{\"@type\":\"BreadcrumbList\",\"@id\":\"https:\\\/\\\/cvinoticias.com\\\/v3\\\/puerto-iguazu-se-realizo-la-presentacion-de-importantes-obras-para-los-barrios-cataratas-y-25-de-mayo\\\/#breadcrumb\",\"itemListElement\":[{\"@type\":\"ListItem\",\"position\":1,\"name\":\"Portada\",\"item\":\"https:\\\/\\\/cvinoticias.com\\\/v3\\\/\"},{\"@type\":\"ListItem\",\"position\":2,\"name\":\"Puerto Iguaz\u00fa: Se realiz\u00f3 la presentaci\u00f3n de importantes obras para los Barrios Cataratas y 25 de Mayo\"}]},{\"@type\":\"WebSite\",\"@id\":\"https:\\\/\\\/cvinoticias.com\\\/v3\\\/#website\",\"url\":\"https:\\\/\\\/cvinoticias.com\\\/v3\\\/\",\"name\":\"CVI NOTICIAS\",\"description\":\"\",\"publisher\":{\"@id\":\"https:\\\/\\\/cvinoticias.com\\\/v3\\\/#organization\"},\"alternateName\":\"CVI\",\"potentialAction\":[{\"@type\":\"SearchAction\",\"target\":{\"@type\":\"EntryPoint\",\"urlTemplate\":\"https:\\\/\\\/cvinoticias.com\\\/v3\\\/?s={search_term_string}\"},\"query-input\":{\"@type\":\"PropertyValueSpecification\",\"valueRequired\":true,\"valueName\":\"search_term_string\"}}],\"inLanguage\":\"es\"},{\"@type\":\"Organization\",\"@id\":\"https:\\\/\\\/cvinoticias.com\\\/v3\\\/#organization\",\"name\":\"CVI NOTICIAS\",\"url\":\"https:\\\/\\\/cvinoticias.com\\\/v3\\\/\",\"logo\":{\"@type\":\"ImageObject\",\"inLanguage\":\"es\",\"@id\":\"https:\\\/\\\/cvinoticias.com\\\/v3\\\/#\\\/schema\\\/logo\\\/image\\\/\",\"url\":\"https:\\\/\\\/cvinoticias.com\\\/wp-content\\\/uploads\\\/2023\\\/04\\\/cropped-cropped-cropped-cropped-cropped-3-1.png\",\"contentUrl\":\"https:\\\/\\\/cvinoticias.com\\\/wp-content\\\/uploads\\\/2023\\\/04\\\/cropped-cropped-cropped-cropped-cropped-3-1.png\",\"width\":95,\"height\":122,\"caption\":\"CVI NOTICIAS\"},\"image\":{\"@id\":\"https:\\\/\\\/cvinoticias.com\\\/v3\\\/#\\\/schema\\\/logo\\\/image\\\/\"},\"sameAs\":[\"https:\\\/\\\/www.facebook.com\\\/cvinoticias\",\"https:\\\/\\\/www.instagram.com\\\/cvinoticias\\\/\",\"https:\\\/\\\/www.youtube.com\\\/@CVINOTICIAS\"]},{\"@type\":\"Person\",\"@id\":\"https:\\\/\\\/cvinoticias.com\\\/v3\\\/#\\\/schema\\\/person\\\/2db77e3c6bc03c538495d7b2b8be9b66\",\"name\":\"f1000024\",\"image\":{\"@type\":\"ImageObject\",\"inLanguage\":\"es\",\"@id\":\"https:\\\/\\\/secure.gravatar.com\\\/avatar\\\/d4fe7459cfc51ff5129ce1a732bbef5928568b8092d412ef95611616376bbeed?s=96&d=mm&r=g\",\"url\":\"https:\\\/\\\/secure.gravatar.com\\\/avatar\\\/d4fe7459cfc51ff5129ce1a732bbef5928568b8092d412ef95611616376bbeed?s=96&d=mm&r=g\",\"contentUrl\":\"https:\\\/\\\/secure.gravatar.com\\\/avatar\\\/d4fe7459cfc51ff5129ce1a732bbef5928568b8092d412ef95611616376bbeed?s=96&d=mm&r=g\",\"caption\":\"f1000024\"},\"url\":\"https:\\\/\\\/cvinoticias.com\\\/v3\\\/author\\\/f1000024\\\/\"}]}<\/script>\n<!-- \/ Yoast SEO plugin. -->","yoast_head_json":{"title":"Puerto Iguaz\u00fa: Se realiz\u00f3 la presentaci\u00f3n de importantes obras para los Barrios Cataratas y 25 de Mayo | CVI NOTICIAS","robots":{"index":"index","follow":"follow","max-snippet":"max-snippet:-1","max-image-preview":"max-image-preview:large","max-video-preview":"max-video-preview:-1"},"canonical":"https:\/\/cvinoticias.com\/v3\/puerto-iguazu-se-realizo-la-presentacion-de-importantes-obras-para-los-barrios-cataratas-y-25-de-mayo\/","og_locale":"es_ES","og_type":"article","og_title":"Puerto Iguaz\u00fa: Se realiz\u00f3 la presentaci\u00f3n de importantes obras para los Barrios Cataratas y 25 de Mayo | CVI NOTICIAS","og_description":"En la sala de situaciones del Municipio local se realiz\u00f3 la presentaci\u00f3n del proyecto de saneamiento aprobado por el Ministerio de Desarrollo Social de la Naci\u00f3n para dos Barrios de la ciudad de Puerto Iguaz\u00fa &#8211; B\u00b0 Cataratas y B\u00b0 25 de Mayo &#8211; que consiste en mejorar la accesibilidad y conectividad, la construcci\u00f3n de [&hellip;]","og_url":"https:\/\/cvinoticias.com\/v3\/puerto-iguazu-se-realizo-la-presentacion-de-importantes-obras-para-los-barrios-cataratas-y-25-de-mayo\/","og_site_name":"CVI NOTICIAS","article_publisher":"https:\/\/www.facebook.com\/cvinoticias","article_published_time":"2023-03-09T22:20:40+00:00","og_image":[{"width":1600,"height":720,"url":"https:\/\/cvinoticias.com\/wp-content\/uploads\/2023\/03\/IMG-20230309-WA0079.jpg","type":"image\/jpeg"}],"author":"f1000024","twitter_card":"summary_large_image","twitter_misc":{"Escrito por":"f1000024","Tiempo de lectura":"1 minuto"},"schema":{"@context":"https:\/\/schema.org","@graph":[{"@type":"Article","@id":"https:\/\/cvinoticias.com\/v3\/puerto-iguazu-se-realizo-la-presentacion-de-importantes-obras-para-los-barrios-cataratas-y-25-de-mayo\/#article","isPartOf":{"@id":"https:\/\/cvinoticias.com\/v3\/puerto-iguazu-se-realizo-la-presentacion-de-importantes-obras-para-los-barrios-cataratas-y-25-de-mayo\/"},"author":{"name":"f1000024","@id":"https:\/\/cvinoticias.com\/v3\/#\/schema\/person\/2db77e3c6bc03c538495d7b2b8be9b66"},"headline":"Puerto Iguaz\u00fa: Se realiz\u00f3 la presentaci\u00f3n de importantes obras para los Barrios Cataratas y 25 de Mayo","datePublished":"2023-03-09T22:20:40+00:00","mainEntityOfPage":{"@id":"https:\/\/cvinoticias.com\/v3\/puerto-iguazu-se-realizo-la-presentacion-de-importantes-obras-para-los-barrios-cataratas-y-25-de-mayo\/"},"wordCount":260,"commentCount":0,"publisher":{"@id":"https:\/\/cvinoticias.com\/v3\/#organization"},"image":{"@id":"https:\/\/cvinoticias.com\/v3\/puerto-iguazu-se-realizo-la-presentacion-de-importantes-obras-para-los-barrios-cataratas-y-25-de-mayo\/#primaryimage"},"thumbnailUrl":"https:\/\/cvinoticias.com\/wp-content\/uploads\/2023\/03\/IMG-20230309-WA0079.jpg","articleSection":["Locales"],"inLanguage":"es","potentialAction":[{"@type":"CommentAction","name":"Comment","target":["https:\/\/cvinoticias.com\/v3\/puerto-iguazu-se-realizo-la-presentacion-de-importantes-obras-para-los-barrios-cataratas-y-25-de-mayo\/#respond"]}]},{"@type":"WebPage","@id":"https:\/\/cvinoticias.com\/v3\/puerto-iguazu-se-realizo-la-presentacion-de-importantes-obras-para-los-barrios-cataratas-y-25-de-mayo\/","url":"https:\/\/cvinoticias.com\/v3\/puerto-iguazu-se-realizo-la-presentacion-de-importantes-obras-para-los-barrios-cataratas-y-25-de-mayo\/","name":"Puerto Iguaz\u00fa: Se realiz\u00f3 la presentaci\u00f3n de importantes obras para los Barrios Cataratas y 25 de Mayo | CVI NOTICIAS","isPartOf":{"@id":"https:\/\/cvinoticias.com\/v3\/#website"},"primaryImageOfPage":{"@id":"https:\/\/cvinoticias.com\/v3\/puerto-iguazu-se-realizo-la-presentacion-de-importantes-obras-para-los-barrios-cataratas-y-25-de-mayo\/#primaryimage"},"image":{"@id":"https:\/\/cvinoticias.com\/v3\/puerto-iguazu-se-realizo-la-presentacion-de-importantes-obras-para-los-barrios-cataratas-y-25-de-mayo\/#primaryimage"},"thumbnailUrl":"https:\/\/cvinoticias.com\/wp-content\/uploads\/2023\/03\/IMG-20230309-WA0079.jpg","datePublished":"2023-03-09T22:20:40+00:00","breadcrumb":{"@id":"https:\/\/cvinoticias.com\/v3\/puerto-iguazu-se-realizo-la-presentacion-de-importantes-obras-para-los-barrios-cataratas-y-25-de-mayo\/#breadcrumb"},"inLanguage":"es","potentialAction":[{"@type":"ReadAction","target":["https:\/\/cvinoticias.com\/v3\/puerto-iguazu-se-realizo-la-presentacion-de-importantes-obras-para-los-barrios-cataratas-y-25-de-mayo\/"]}]},{"@type":"ImageObject","inLanguage":"es","@id":"https:\/\/cvinoticias.com\/v3\/puerto-iguazu-se-realizo-la-presentacion-de-importantes-obras-para-los-barrios-cataratas-y-25-de-mayo\/#primaryimage","url":"https:\/\/cvinoticias.com\/wp-content\/uploads\/2023\/03\/IMG-20230309-WA0079.jpg","contentUrl":"https:\/\/cvinoticias.com\/wp-content\/uploads\/2023\/03\/IMG-20230309-WA0079.jpg","width":1600,"height":720},{"@type":"BreadcrumbList","@id":"https:\/\/cvinoticias.com\/v3\/puerto-iguazu-se-realizo-la-presentacion-de-importantes-obras-para-los-barrios-cataratas-y-25-de-mayo\/#breadcrumb","itemListElement":[{"@type":"ListItem","position":1,"name":"Portada","item":"https:\/\/cvinoticias.com\/v3\/"},{"@type":"ListItem","position":2,"name":"Puerto Iguaz\u00fa: Se realiz\u00f3 la presentaci\u00f3n de importantes obras para los Barrios Cataratas y 25 de Mayo"}]},{"@type":"WebSite","@id":"https:\/\/cvinoticias.com\/v3\/#website","url":"https:\/\/cvinoticias.com\/v3\/","name":"CVI NOTICIAS","description":"","publisher":{"@id":"https:\/\/cvinoticias.com\/v3\/#organization"},"alternateName":"CVI","potentialAction":[{"@type":"SearchAction","target":{"@type":"EntryPoint","urlTemplate":"https:\/\/cvinoticias.com\/v3\/?s={search_term_string}"},"query-input":{"@type":"PropertyValueSpecification","valueRequired":true,"valueName":"search_term_string"}}],"inLanguage":"es"},{"@type":"Organization","@id":"https:\/\/cvinoticias.com\/v3\/#organization","name":"CVI NOTICIAS","url":"https:\/\/cvinoticias.com\/v3\/","logo":{"@type":"ImageObject","inLanguage":"es","@id":"https:\/\/cvinoticias.com\/v3\/#\/schema\/logo\/image\/","url":"https:\/\/cvinoticias.com\/wp-content\/uploads\/2023\/04\/cropped-cropped-cropped-cropped-cropped-3-1.png","contentUrl":"https:\/\/cvinoticias.com\/wp-content\/uploads\/2023\/04\/cropped-cropped-cropped-cropped-cropped-3-1.png","width":95,"height":122,"caption":"CVI NOTICIAS"},"image":{"@id":"https:\/\/cvinoticias.com\/v3\/#\/schema\/logo\/image\/"},"sameAs":["https:\/\/www.facebook.com\/cvinoticias","https:\/\/www.instagram.com\/cvinoticias\/","https:\/\/www.youtube.com\/@CVINOTICIAS"]},{"@type":"Person","@id":"https:\/\/cvinoticias.com\/v3\/#\/schema\/person\/2db77e3c6bc03c538495d7b2b8be9b66","name":"f1000024","image":{"@type":"ImageObject","inLanguage":"es","@id":"https:\/\/secure.gravatar.com\/avatar\/d4fe7459cfc51ff5129ce1a732bbef5928568b8092d412ef95611616376bbeed?s=96&d=mm&r=g","url":"https:\/\/secure.gravatar.com\/avatar\/d4fe7459cfc51ff5129ce1a732bbef5928568b8092d412ef95611616376bbeed?s=96&d=mm&r=g","contentUrl":"https:\/\/secure.gravatar.com\/avatar\/d4fe7459cfc51ff5129ce1a732bbef5928568b8092d412ef95611616376bbeed?s=96&d=mm&r=g","caption":"f1000024"},"url":"https:\/\/cvinoticias.com\/v3\/author\/f1000024\/"}]}},"_links":{"self":[{"href":"https:\/\/cvinoticias.com\/v3\/wp-json\/wp\/v2\/posts\/23131","targetHints":{"allow":["GET"]}}],"collection":[{"href":"https:\/\/cvinoticias.com\/v3\/wp-json\/wp\/v2\/posts"}],"about":[{"href":"https:\/\/cvinoticias.com\/v3\/wp-json\/wp\/v2\/types\/post"}],"author":[{"embeddable":true,"href":"https:\/\/cvinoticias.com\/v3\/wp-json\/wp\/v2\/users\/2"}],"replies":[{"embeddable":true,"href":"https:\/\/cvinoticias.com\/v3\/wp-json\/wp\/v2\/comments?post=23131"}],"version-history":[{"count":1,"href":"https:\/\/cvinoticias.com\/v3\/wp-json\/wp\/v2\/posts\/23131\/revisions"}],"predecessor-version":[{"id":23133,"href":"https:\/\/cvinoticias.com\/v3\/wp-json\/wp\/v2\/posts\/23131\/revisions\/23133"}],"wp:featuredmedia":[{"embeddable":true,"href":"https:\/\/cvinoticias.com\/v3\/wp-json\/wp\/v2\/media\/23132"}],"wp:attachment":[{"href":"https:\/\/cvinoticias.com\/v3\/wp-json\/wp\/v2\/media?parent=23131"}],"wp:term":[{"taxonomy":"category","embeddable":true,"href":"https:\/\/cvinoticias.com\/v3\/wp-json\/wp\/v2\/categories?post=23131"},{"taxonomy":"post_tag","embeddable":true,"href":"https:\/\/cvinoticias.com\/v3\/wp-json\/wp\/v2\/tags?post=23131"}],"curies":[{"name":"wp","href":"https:\/\/api.w.org\/{rel}","templated":true}]}}