{"id":23080,"date":"2023-03-07T13:04:35","date_gmt":"2023-03-07T13:04:35","guid":{"rendered":"https:\/\/cvinoticias.com\/v3\/?p=23080"},"modified":"2023-03-07T13:04:35","modified_gmt":"2023-03-07T13:04:35","slug":"iguazu-actividades-programadas-en-conmemoracion-por-el-dia-de-la-mujer","status":"publish","type":"post","link":"https:\/\/cvinoticias.com\/v3\/iguazu-actividades-programadas-en-conmemoracion-por-el-dia-de-la-mujer\/","title":{"rendered":"Iguaz\u00fa: Actividades programadas en conmemoraci\u00f3n por el d\u00eda de la mujer."},"content":{"rendered":"\n<p><strong><em>Desde el municipio se tiene previsto realizar diversas actividades en la Plaza la Nona, ubicada en la Av Los Trabajadores y Juan Bautista Alberdi,<br>donde habr\u00e1 stand con exposici\u00f3n de artesan\u00edas, un espacio con orientaci\u00f3n de salud, charlas de concientizaci\u00f3n vial y de separaci\u00f3n de residuos, cortes de cabello para las damas, zumba, show en vivo y varios sorteos.<\/em><\/strong><\/p>\n\n\n\n<p>La fecha 8 de marzo tiene adem\u00e1s otra connotaci\u00f3n para muestra ciudad, es el aniversario de nacimiento de la Dra. Marta Schwarz, motivo por el cual en el Museo que lleva su nombre estar\u00e1 en exhibici\u00f3n la muestra \u00abMujeres Protagonistas del Alto Paran\u00e1.\u00bb<\/p>\n\n\n\n<p><\/p>\n","protected":false},"excerpt":{"rendered":"<p>Desde el municipio se tiene previsto realizar diversas actividades en la Plaza la Nona, ubicada en la Av Los Trabajadores y Juan Bautista Alberdi,donde habr\u00e1 stand con exposici\u00f3n de artesan\u00edas, un espacio con orientaci\u00f3n de salud, charlas de concientizaci\u00f3n vial y de separaci\u00f3n de residuos, cortes de cabello para las damas, zumba, show en vivo [&hellip;]<\/p>\n","protected":false},"author":2,"featured_media":23081,"comment_status":"open","ping_status":"open","sticky":false,"template":"","format":"standard","meta":{"footnotes":""},"categories":[29],"tags":[],"class_list":["post-23080","post","type-post","status-publish","format-standard","has-post-thumbnail","hentry","category-locales"],"yoast_head":"<!-- This site is optimized with the Yoast SEO plugin v27.4 - https:\/\/yoast.com\/product\/yoast-seo-wordpress\/ -->\n<title>Iguaz\u00fa: Actividades programadas en conmemoraci\u00f3n por el d\u00eda de la mujer. | CVI NOTICIAS<\/title>\n<meta name=\"robots\" content=\"index, follow, max-snippet:-1, max-image-preview:large, max-video-preview:-1\" \/>\n<link rel=\"canonical\" href=\"https:\/\/cvinoticias.com\/v3\/iguazu-actividades-programadas-en-conmemoracion-por-el-dia-de-la-mujer\/\" \/>\n<meta property=\"og:locale\" content=\"es_ES\" \/>\n<meta property=\"og:type\" content=\"article\" \/>\n<meta property=\"og:title\" content=\"Iguaz\u00fa: Actividades programadas en conmemoraci\u00f3n por el d\u00eda de la mujer. | CVI NOTICIAS\" \/>\n<meta property=\"og:description\" content=\"Desde el municipio se tiene previsto realizar diversas actividades en la Plaza la Nona, ubicada en la Av Los Trabajadores y Juan Bautista Alberdi,donde habr\u00e1 stand con exposici\u00f3n de artesan\u00edas, un espacio con orientaci\u00f3n de salud, charlas de concientizaci\u00f3n vial y de separaci\u00f3n de residuos, cortes de cabello para las damas, zumba, show en vivo [&hellip;]\" \/>\n<meta property=\"og:url\" content=\"https:\/\/cvinoticias.com\/v3\/iguazu-actividades-programadas-en-conmemoracion-por-el-dia-de-la-mujer\/\" \/>\n<meta property=\"og:site_name\" content=\"CVI NOTICIAS\" \/>\n<meta property=\"article:publisher\" content=\"https:\/\/www.facebook.com\/cvinoticias\" \/>\n<meta property=\"article:published_time\" content=\"2023-03-07T13:04:35+00:00\" \/>\n<meta property=\"og:image\" content=\"https:\/\/cvinoticias.com\/wp-content\/uploads\/2023\/03\/82307f107b5a4f76b070b37319515d80.jpg\" \/>\n\t<meta property=\"og:image:width\" content=\"1000\" \/>\n\t<meta property=\"og:image:height\" content=\"841\" \/>\n\t<meta property=\"og:image:type\" content=\"image\/jpeg\" \/>\n<meta name=\"author\" content=\"f1000024\" \/>\n<meta name=\"twitter:card\" content=\"summary_large_image\" \/>\n<meta name=\"twitter:label1\" content=\"Escrito por\" \/>\n\t<meta name=\"twitter:data1\" content=\"f1000024\" \/>\n\t<meta name=\"twitter:label2\" content=\"Tiempo de lectura\" \/>\n\t<meta name=\"twitter:data2\" content=\"1 minuto\" \/>\n<script type=\"application\/ld+json\" class=\"yoast-schema-graph\">{\"@context\":\"https:\\\/\\\/schema.org\",\"@graph\":[{\"@type\":\"Article\",\"@id\":\"https:\\\/\\\/cvinoticias.com\\\/v3\\\/iguazu-actividades-programadas-en-conmemoracion-por-el-dia-de-la-mujer\\\/#article\",\"isPartOf\":{\"@id\":\"https:\\\/\\\/cvinoticias.com\\\/v3\\\/iguazu-actividades-programadas-en-conmemoracion-por-el-dia-de-la-mujer\\\/\"},\"author\":{\"name\":\"f1000024\",\"@id\":\"https:\\\/\\\/cvinoticias.com\\\/v3\\\/#\\\/schema\\\/person\\\/2db77e3c6bc03c538495d7b2b8be9b66\"},\"headline\":\"Iguaz\u00fa: Actividades programadas en conmemoraci\u00f3n por el d\u00eda de la mujer.\",\"datePublished\":\"2023-03-07T13:04:35+00:00\",\"mainEntityOfPage\":{\"@id\":\"https:\\\/\\\/cvinoticias.com\\\/v3\\\/iguazu-actividades-programadas-en-conmemoracion-por-el-dia-de-la-mujer\\\/\"},\"wordCount\":122,\"commentCount\":0,\"publisher\":{\"@id\":\"https:\\\/\\\/cvinoticias.com\\\/v3\\\/#organization\"},\"image\":{\"@id\":\"https:\\\/\\\/cvinoticias.com\\\/v3\\\/iguazu-actividades-programadas-en-conmemoracion-por-el-dia-de-la-mujer\\\/#primaryimage\"},\"thumbnailUrl\":\"https:\\\/\\\/cvinoticias.com\\\/wp-content\\\/uploads\\\/2023\\\/03\\\/82307f107b5a4f76b070b37319515d80.jpg\",\"articleSection\":[\"Locales\"],\"inLanguage\":\"es\",\"potentialAction\":[{\"@type\":\"CommentAction\",\"name\":\"Comment\",\"target\":[\"https:\\\/\\\/cvinoticias.com\\\/v3\\\/iguazu-actividades-programadas-en-conmemoracion-por-el-dia-de-la-mujer\\\/#respond\"]}]},{\"@type\":\"WebPage\",\"@id\":\"https:\\\/\\\/cvinoticias.com\\\/v3\\\/iguazu-actividades-programadas-en-conmemoracion-por-el-dia-de-la-mujer\\\/\",\"url\":\"https:\\\/\\\/cvinoticias.com\\\/v3\\\/iguazu-actividades-programadas-en-conmemoracion-por-el-dia-de-la-mujer\\\/\",\"name\":\"Iguaz\u00fa: Actividades programadas en conmemoraci\u00f3n por el d\u00eda de la mujer. | CVI NOTICIAS\",\"isPartOf\":{\"@id\":\"https:\\\/\\\/cvinoticias.com\\\/v3\\\/#website\"},\"primaryImageOfPage\":{\"@id\":\"https:\\\/\\\/cvinoticias.com\\\/v3\\\/iguazu-actividades-programadas-en-conmemoracion-por-el-dia-de-la-mujer\\\/#primaryimage\"},\"image\":{\"@id\":\"https:\\\/\\\/cvinoticias.com\\\/v3\\\/iguazu-actividades-programadas-en-conmemoracion-por-el-dia-de-la-mujer\\\/#primaryimage\"},\"thumbnailUrl\":\"https:\\\/\\\/cvinoticias.com\\\/wp-content\\\/uploads\\\/2023\\\/03\\\/82307f107b5a4f76b070b37319515d80.jpg\",\"datePublished\":\"2023-03-07T13:04:35+00:00\",\"breadcrumb\":{\"@id\":\"https:\\\/\\\/cvinoticias.com\\\/v3\\\/iguazu-actividades-programadas-en-conmemoracion-por-el-dia-de-la-mujer\\\/#breadcrumb\"},\"inLanguage\":\"es\",\"potentialAction\":[{\"@type\":\"ReadAction\",\"target\":[\"https:\\\/\\\/cvinoticias.com\\\/v3\\\/iguazu-actividades-programadas-en-conmemoracion-por-el-dia-de-la-mujer\\\/\"]}]},{\"@type\":\"ImageObject\",\"inLanguage\":\"es\",\"@id\":\"https:\\\/\\\/cvinoticias.com\\\/v3\\\/iguazu-actividades-programadas-en-conmemoracion-por-el-dia-de-la-mujer\\\/#primaryimage\",\"url\":\"https:\\\/\\\/cvinoticias.com\\\/wp-content\\\/uploads\\\/2023\\\/03\\\/82307f107b5a4f76b070b37319515d80.jpg\",\"contentUrl\":\"https:\\\/\\\/cvinoticias.com\\\/wp-content\\\/uploads\\\/2023\\\/03\\\/82307f107b5a4f76b070b37319515d80.jpg\",\"width\":1000,\"height\":841},{\"@type\":\"BreadcrumbList\",\"@id\":\"https:\\\/\\\/cvinoticias.com\\\/v3\\\/iguazu-actividades-programadas-en-conmemoracion-por-el-dia-de-la-mujer\\\/#breadcrumb\",\"itemListElement\":[{\"@type\":\"ListItem\",\"position\":1,\"name\":\"Portada\",\"item\":\"https:\\\/\\\/cvinoticias.com\\\/v3\\\/\"},{\"@type\":\"ListItem\",\"position\":2,\"name\":\"Iguaz\u00fa: Actividades programadas en conmemoraci\u00f3n por el d\u00eda de la mujer.\"}]},{\"@type\":\"WebSite\",\"@id\":\"https:\\\/\\\/cvinoticias.com\\\/v3\\\/#website\",\"url\":\"https:\\\/\\\/cvinoticias.com\\\/v3\\\/\",\"name\":\"CVI NOTICIAS\",\"description\":\"\",\"publisher\":{\"@id\":\"https:\\\/\\\/cvinoticias.com\\\/v3\\\/#organization\"},\"alternateName\":\"CVI\",\"potentialAction\":[{\"@type\":\"SearchAction\",\"target\":{\"@type\":\"EntryPoint\",\"urlTemplate\":\"https:\\\/\\\/cvinoticias.com\\\/v3\\\/?s={search_term_string}\"},\"query-input\":{\"@type\":\"PropertyValueSpecification\",\"valueRequired\":true,\"valueName\":\"search_term_string\"}}],\"inLanguage\":\"es\"},{\"@type\":\"Organization\",\"@id\":\"https:\\\/\\\/cvinoticias.com\\\/v3\\\/#organization\",\"name\":\"CVI NOTICIAS\",\"url\":\"https:\\\/\\\/cvinoticias.com\\\/v3\\\/\",\"logo\":{\"@type\":\"ImageObject\",\"inLanguage\":\"es\",\"@id\":\"https:\\\/\\\/cvinoticias.com\\\/v3\\\/#\\\/schema\\\/logo\\\/image\\\/\",\"url\":\"https:\\\/\\\/cvinoticias.com\\\/wp-content\\\/uploads\\\/2023\\\/04\\\/cropped-cropped-cropped-cropped-cropped-3-1.png\",\"contentUrl\":\"https:\\\/\\\/cvinoticias.com\\\/wp-content\\\/uploads\\\/2023\\\/04\\\/cropped-cropped-cropped-cropped-cropped-3-1.png\",\"width\":95,\"height\":122,\"caption\":\"CVI NOTICIAS\"},\"image\":{\"@id\":\"https:\\\/\\\/cvinoticias.com\\\/v3\\\/#\\\/schema\\\/logo\\\/image\\\/\"},\"sameAs\":[\"https:\\\/\\\/www.facebook.com\\\/cvinoticias\",\"https:\\\/\\\/www.instagram.com\\\/cvinoticias\\\/\",\"https:\\\/\\\/www.youtube.com\\\/@CVINOTICIAS\"]},{\"@type\":\"Person\",\"@id\":\"https:\\\/\\\/cvinoticias.com\\\/v3\\\/#\\\/schema\\\/person\\\/2db77e3c6bc03c538495d7b2b8be9b66\",\"name\":\"f1000024\",\"image\":{\"@type\":\"ImageObject\",\"inLanguage\":\"es\",\"@id\":\"https:\\\/\\\/secure.gravatar.com\\\/avatar\\\/d4fe7459cfc51ff5129ce1a732bbef5928568b8092d412ef95611616376bbeed?s=96&d=mm&r=g\",\"url\":\"https:\\\/\\\/secure.gravatar.com\\\/avatar\\\/d4fe7459cfc51ff5129ce1a732bbef5928568b8092d412ef95611616376bbeed?s=96&d=mm&r=g\",\"contentUrl\":\"https:\\\/\\\/secure.gravatar.com\\\/avatar\\\/d4fe7459cfc51ff5129ce1a732bbef5928568b8092d412ef95611616376bbeed?s=96&d=mm&r=g\",\"caption\":\"f1000024\"},\"url\":\"https:\\\/\\\/cvinoticias.com\\\/v3\\\/author\\\/f1000024\\\/\"}]}<\/script>\n<!-- \/ Yoast SEO plugin. -->","yoast_head_json":{"title":"Iguaz\u00fa: Actividades programadas en conmemoraci\u00f3n por el d\u00eda de la mujer. | CVI NOTICIAS","robots":{"index":"index","follow":"follow","max-snippet":"max-snippet:-1","max-image-preview":"max-image-preview:large","max-video-preview":"max-video-preview:-1"},"canonical":"https:\/\/cvinoticias.com\/v3\/iguazu-actividades-programadas-en-conmemoracion-por-el-dia-de-la-mujer\/","og_locale":"es_ES","og_type":"article","og_title":"Iguaz\u00fa: Actividades programadas en conmemoraci\u00f3n por el d\u00eda de la mujer. | CVI NOTICIAS","og_description":"Desde el municipio se tiene previsto realizar diversas actividades en la Plaza la Nona, ubicada en la Av Los Trabajadores y Juan Bautista Alberdi,donde habr\u00e1 stand con exposici\u00f3n de artesan\u00edas, un espacio con orientaci\u00f3n de salud, charlas de concientizaci\u00f3n vial y de separaci\u00f3n de residuos, cortes de cabello para las damas, zumba, show en vivo [&hellip;]","og_url":"https:\/\/cvinoticias.com\/v3\/iguazu-actividades-programadas-en-conmemoracion-por-el-dia-de-la-mujer\/","og_site_name":"CVI NOTICIAS","article_publisher":"https:\/\/www.facebook.com\/cvinoticias","article_published_time":"2023-03-07T13:04:35+00:00","og_image":[{"width":1000,"height":841,"url":"https:\/\/cvinoticias.com\/wp-content\/uploads\/2023\/03\/82307f107b5a4f76b070b37319515d80.jpg","type":"image\/jpeg"}],"author":"f1000024","twitter_card":"summary_large_image","twitter_misc":{"Escrito por":"f1000024","Tiempo de lectura":"1 minuto"},"schema":{"@context":"https:\/\/schema.org","@graph":[{"@type":"Article","@id":"https:\/\/cvinoticias.com\/v3\/iguazu-actividades-programadas-en-conmemoracion-por-el-dia-de-la-mujer\/#article","isPartOf":{"@id":"https:\/\/cvinoticias.com\/v3\/iguazu-actividades-programadas-en-conmemoracion-por-el-dia-de-la-mujer\/"},"author":{"name":"f1000024","@id":"https:\/\/cvinoticias.com\/v3\/#\/schema\/person\/2db77e3c6bc03c538495d7b2b8be9b66"},"headline":"Iguaz\u00fa: Actividades programadas en conmemoraci\u00f3n por el d\u00eda de la mujer.","datePublished":"2023-03-07T13:04:35+00:00","mainEntityOfPage":{"@id":"https:\/\/cvinoticias.com\/v3\/iguazu-actividades-programadas-en-conmemoracion-por-el-dia-de-la-mujer\/"},"wordCount":122,"commentCount":0,"publisher":{"@id":"https:\/\/cvinoticias.com\/v3\/#organization"},"image":{"@id":"https:\/\/cvinoticias.com\/v3\/iguazu-actividades-programadas-en-conmemoracion-por-el-dia-de-la-mujer\/#primaryimage"},"thumbnailUrl":"https:\/\/cvinoticias.com\/wp-content\/uploads\/2023\/03\/82307f107b5a4f76b070b37319515d80.jpg","articleSection":["Locales"],"inLanguage":"es","potentialAction":[{"@type":"CommentAction","name":"Comment","target":["https:\/\/cvinoticias.com\/v3\/iguazu-actividades-programadas-en-conmemoracion-por-el-dia-de-la-mujer\/#respond"]}]},{"@type":"WebPage","@id":"https:\/\/cvinoticias.com\/v3\/iguazu-actividades-programadas-en-conmemoracion-por-el-dia-de-la-mujer\/","url":"https:\/\/cvinoticias.com\/v3\/iguazu-actividades-programadas-en-conmemoracion-por-el-dia-de-la-mujer\/","name":"Iguaz\u00fa: Actividades programadas en conmemoraci\u00f3n por el d\u00eda de la mujer. | CVI NOTICIAS","isPartOf":{"@id":"https:\/\/cvinoticias.com\/v3\/#website"},"primaryImageOfPage":{"@id":"https:\/\/cvinoticias.com\/v3\/iguazu-actividades-programadas-en-conmemoracion-por-el-dia-de-la-mujer\/#primaryimage"},"image":{"@id":"https:\/\/cvinoticias.com\/v3\/iguazu-actividades-programadas-en-conmemoracion-por-el-dia-de-la-mujer\/#primaryimage"},"thumbnailUrl":"https:\/\/cvinoticias.com\/wp-content\/uploads\/2023\/03\/82307f107b5a4f76b070b37319515d80.jpg","datePublished":"2023-03-07T13:04:35+00:00","breadcrumb":{"@id":"https:\/\/cvinoticias.com\/v3\/iguazu-actividades-programadas-en-conmemoracion-por-el-dia-de-la-mujer\/#breadcrumb"},"inLanguage":"es","potentialAction":[{"@type":"ReadAction","target":["https:\/\/cvinoticias.com\/v3\/iguazu-actividades-programadas-en-conmemoracion-por-el-dia-de-la-mujer\/"]}]},{"@type":"ImageObject","inLanguage":"es","@id":"https:\/\/cvinoticias.com\/v3\/iguazu-actividades-programadas-en-conmemoracion-por-el-dia-de-la-mujer\/#primaryimage","url":"https:\/\/cvinoticias.com\/wp-content\/uploads\/2023\/03\/82307f107b5a4f76b070b37319515d80.jpg","contentUrl":"https:\/\/cvinoticias.com\/wp-content\/uploads\/2023\/03\/82307f107b5a4f76b070b37319515d80.jpg","width":1000,"height":841},{"@type":"BreadcrumbList","@id":"https:\/\/cvinoticias.com\/v3\/iguazu-actividades-programadas-en-conmemoracion-por-el-dia-de-la-mujer\/#breadcrumb","itemListElement":[{"@type":"ListItem","position":1,"name":"Portada","item":"https:\/\/cvinoticias.com\/v3\/"},{"@type":"ListItem","position":2,"name":"Iguaz\u00fa: Actividades programadas en conmemoraci\u00f3n por el d\u00eda de la mujer."}]},{"@type":"WebSite","@id":"https:\/\/cvinoticias.com\/v3\/#website","url":"https:\/\/cvinoticias.com\/v3\/","name":"CVI NOTICIAS","description":"","publisher":{"@id":"https:\/\/cvinoticias.com\/v3\/#organization"},"alternateName":"CVI","potentialAction":[{"@type":"SearchAction","target":{"@type":"EntryPoint","urlTemplate":"https:\/\/cvinoticias.com\/v3\/?s={search_term_string}"},"query-input":{"@type":"PropertyValueSpecification","valueRequired":true,"valueName":"search_term_string"}}],"inLanguage":"es"},{"@type":"Organization","@id":"https:\/\/cvinoticias.com\/v3\/#organization","name":"CVI NOTICIAS","url":"https:\/\/cvinoticias.com\/v3\/","logo":{"@type":"ImageObject","inLanguage":"es","@id":"https:\/\/cvinoticias.com\/v3\/#\/schema\/logo\/image\/","url":"https:\/\/cvinoticias.com\/wp-content\/uploads\/2023\/04\/cropped-cropped-cropped-cropped-cropped-3-1.png","contentUrl":"https:\/\/cvinoticias.com\/wp-content\/uploads\/2023\/04\/cropped-cropped-cropped-cropped-cropped-3-1.png","width":95,"height":122,"caption":"CVI NOTICIAS"},"image":{"@id":"https:\/\/cvinoticias.com\/v3\/#\/schema\/logo\/image\/"},"sameAs":["https:\/\/www.facebook.com\/cvinoticias","https:\/\/www.instagram.com\/cvinoticias\/","https:\/\/www.youtube.com\/@CVINOTICIAS"]},{"@type":"Person","@id":"https:\/\/cvinoticias.com\/v3\/#\/schema\/person\/2db77e3c6bc03c538495d7b2b8be9b66","name":"f1000024","image":{"@type":"ImageObject","inLanguage":"es","@id":"https:\/\/secure.gravatar.com\/avatar\/d4fe7459cfc51ff5129ce1a732bbef5928568b8092d412ef95611616376bbeed?s=96&d=mm&r=g","url":"https:\/\/secure.gravatar.com\/avatar\/d4fe7459cfc51ff5129ce1a732bbef5928568b8092d412ef95611616376bbeed?s=96&d=mm&r=g","contentUrl":"https:\/\/secure.gravatar.com\/avatar\/d4fe7459cfc51ff5129ce1a732bbef5928568b8092d412ef95611616376bbeed?s=96&d=mm&r=g","caption":"f1000024"},"url":"https:\/\/cvinoticias.com\/v3\/author\/f1000024\/"}]}},"_links":{"self":[{"href":"https:\/\/cvinoticias.com\/v3\/wp-json\/wp\/v2\/posts\/23080","targetHints":{"allow":["GET"]}}],"collection":[{"href":"https:\/\/cvinoticias.com\/v3\/wp-json\/wp\/v2\/posts"}],"about":[{"href":"https:\/\/cvinoticias.com\/v3\/wp-json\/wp\/v2\/types\/post"}],"author":[{"embeddable":true,"href":"https:\/\/cvinoticias.com\/v3\/wp-json\/wp\/v2\/users\/2"}],"replies":[{"embeddable":true,"href":"https:\/\/cvinoticias.com\/v3\/wp-json\/wp\/v2\/comments?post=23080"}],"version-history":[{"count":1,"href":"https:\/\/cvinoticias.com\/v3\/wp-json\/wp\/v2\/posts\/23080\/revisions"}],"predecessor-version":[{"id":23082,"href":"https:\/\/cvinoticias.com\/v3\/wp-json\/wp\/v2\/posts\/23080\/revisions\/23082"}],"wp:featuredmedia":[{"embeddable":true,"href":"https:\/\/cvinoticias.com\/v3\/wp-json\/wp\/v2\/media\/23081"}],"wp:attachment":[{"href":"https:\/\/cvinoticias.com\/v3\/wp-json\/wp\/v2\/media?parent=23080"}],"wp:term":[{"taxonomy":"category","embeddable":true,"href":"https:\/\/cvinoticias.com\/v3\/wp-json\/wp\/v2\/categories?post=23080"},{"taxonomy":"post_tag","embeddable":true,"href":"https:\/\/cvinoticias.com\/v3\/wp-json\/wp\/v2\/tags?post=23080"}],"curies":[{"name":"wp","href":"https:\/\/api.w.org\/{rel}","templated":true}]}}