{"id":23040,"date":"2023-03-05T17:04:32","date_gmt":"2023-03-05T17:04:32","guid":{"rendered":"https:\/\/cvinoticias.com\/v3\/?p=23040"},"modified":"2023-03-05T17:04:32","modified_gmt":"2023-03-05T17:04:32","slug":"presentamos-el-cronograma-electoral","status":"publish","type":"post","link":"https:\/\/cvinoticias.com\/v3\/presentamos-el-cronograma-electoral\/","title":{"rendered":"Presentamos el Cronograma Electoral"},"content":{"rendered":"\n<p><strong><em>El Tribunal Electoral de la provincia de Misiones difundi\u00f3 el Cronograma Electoral que regir\u00e1 las actividades relacionadas a los comicios de este a\u00f1o 2023.<\/em><\/strong><\/p>\n\n\n\n<p>De esta manera, por el Decreto 2714\/2022 se oficializa el llamado a elecciones para el pr\u00f3ximo 7 de mayo para los cargos de Gobernador, Vice-gobernador, 20 Diputados provinciales titulares y 7 suplentes, invitando a los municipios a adherirse efectuando el llamado a los comicios municipales.<\/p>\n\n\n\n<p>En el Decreto incluye al municipio de Frac\u00e1n, que cuenta con un interventor organizador, a realizar el llamado a elecciones de autoridades que debe efectuarse conjuntamente con los comicios generales provinciales.<\/p>\n\n\n\n<p><strong>Ante lo expuesto se establece que:<\/strong><\/p>\n\n\n\n<p>\u2013 El Poder Ejecutivo a trav\u00e9s del Registro Provincial de las Personas, debe disponer las medidas pertinentes, a fin de que los habitantes del muevo Municipio de Fracr\u00e1n actualicen sus respectivos domicilios en el marco de lo estipulado por la presente, y con el objeto de integrar el registro electoral con la antelaci\u00f3n suficiente a la elecci\u00f3n de autoridades municipales dispuesta por el art\u00edculo 6, coordinando para ello los mecanismos t\u00e9cnicos con el Tribunal Electoral de la Provincia de Misiones y las autoridades electorales nacionales en materia electoral<\/p>\n\n\n\n<p>\u2013 Martes 7 de febrero, inicio de exhibici\u00f3n del padr\u00f3n provisorio de electores provinciales por el t\u00e9rmino de 15 d\u00edas (Art. 22 Ley XI \u2013 N\u00b06 con las novedades depuradas 17 de enero, a 110 d\u00edas antes de las elecciones.<\/p>\n\n\n\n<p>\u2013 Jueves 16 de febrero vencimiento del plazo para que los municipios realicen la convocatoria. Vencimiento para solicitud de reconocimiento de partidos, frentes o alianzas 30 d\u00edas antes de la celebraci\u00f3n de internas.<\/p>\n\n\n\n<p>\u2013 Lunes 27 de febrero, vencimiento del plazo para efectuar reclamos por omisiones o errores en padrones provisorios provinciales<\/p>\n\n\n\n<p>\u2013 Mi\u00e9rcoles 8 de marzo, vencimiento para el registro de lemas \u2013 60 d\u00edas antes de los comicios-. Cierre del padr\u00f3n de electores extranjeros \u2013 60 d\u00edas antes de las elecciones generales<\/p>\n\n\n\n<p>\u2013 S\u00e1bado 11 de marzo, el Tribunal Electoral resuelve lemas \u2013 3 d\u00edas de vencido el t\u00e9rmino para el registro de Lemas \u2013 Plazo Recursos contra Resoluci\u00f3n Oficializaci\u00f3n Lema: 24 hs. de notificado de la Resoluci\u00f3n<\/p>\n\n\n\n<p>\u2013 Lunes 13 de marzo, vencimiento para el registro de sublemas \u2013 55 d\u00edas antes de los comicios \u2013<\/p>\n\n\n\n<p>Inicio de exhibici\u00f3n del padr\u00f3n provisorio de electores extranjeros por el t\u00e9rmino de 15 d\u00edas.<\/p>\n\n\n\n<p>-Jueves 16 de marzo el Tribunal Electoral resuelve sublemas \u2013 3 d\u00edas de vencido el t\u00e9rmino para el registro de Sublemas<\/p>\n\n\n\n<p>\u2013 S\u00e1bado 18 de marzo vencimiento para la celebraci\u00f3n internas partidarias electivas \u2013 50 d\u00edas antes de los Comicios-<\/p>\n\n\n\n<p>-Lunes 20 de marzo, vencimiento para el registro de listas de candidatos sublemas- 50 d\u00edas antes de los comicios<\/p>\n\n\n\n<ul class=\"wp-block-list\">\n<li>Jueves 23 de marzo el Tribunal Electoral resuelve la lista de candidatos de sublemas e identificaci\u00f3n con letras. Inicio de la Campa\u00f1a Proselitista- 45 d\u00edas antes de los comicios<\/li>\n<\/ul>\n\n\n\n<p>\u2013 Lunes 27 de marzo, vencimiento para que lemas registren listas de candidatos municipales (para Municipios donde el Lema no posee Sublemas)<\/p>\n\n\n\n<p>\u2013 Martes 28 de marzo vencimiento para registro de listas de candidatos a cargos provinciales- 40 d\u00edas antes de los comicios -. Cierre de exhibici\u00f3n del padr\u00f3n provisorio de electores extranjeros<\/p>\n\n\n\n<ul class=\"wp-block-list\">\n<li>Jueves 30 de marzo el Tribunal Electoral resuelve listas de candidatos municipales de lemas \u2013 3 d\u00edas de vencido el t\u00e9rmino para registro de Listas de candidatos Lemas \u2013<\/li>\n<\/ul>\n\n\n\n<p>\u2013 Lunes 3 de abril, vencimiento de exhibici\u00f3n de las listas a cargos provinciales e impugnaciones \u2013 5 d\u00edas de vencido el plazo para registro de listas<\/p>\n\n\n\n<p>\u2013 Martes 4 de abril, el Tribunal Electoral resuelve oficializaci\u00f3n de listas a cargos provinciales \u2013 7 d\u00edas de vencido el t\u00e9rmino para registro de Listas. Sustituci\u00f3n de candidatos a cargos provinciales- 48 horas de notificado de la Resoluci\u00f3n<\/p>\n\n\n\n<p>\u2013 Viernes 7 de abril, impresi\u00f3n de padrones definitivos de electores provinciales<\/p>\n\n\n\n<p>\u2013 Mi\u00e9rcoles 12 de abril, presentaci\u00f3n de boletas para aprobaci\u00f3n \u2013 (25 d\u00edas antes de la elecci\u00f3n \u2013 Art. 75, Ley XI \u2013 N\u00b0 6). Vencimiento del plazo de reclamos al padr\u00f3n provisorio de electores extranjeros por inscripciones indebidas u omisiones<\/p>\n\n\n\n<p>\u2013 Lunes 17 de abril, vencimiento de plazo para efectuar reclamos por omisiones o errores en padrones definitivos de electores provinciales. Vencimiento de remisi\u00f3n desde el Juzgado de Paz al Tribunal Electoral, sobre correcciones y reclamos al padr\u00f3n de electores extranjeros.<\/p>\n","protected":false},"excerpt":{"rendered":"<p>El Tribunal Electoral de la provincia de Misiones difundi\u00f3 el Cronograma Electoral que regir\u00e1 las actividades relacionadas a los comicios de este a\u00f1o 2023. De esta manera, por el Decreto 2714\/2022 se oficializa el llamado a elecciones para el pr\u00f3ximo 7 de mayo para los cargos de Gobernador, Vice-gobernador, 20 Diputados provinciales titulares y 7 [&hellip;]<\/p>\n","protected":false},"author":2,"featured_media":23041,"comment_status":"open","ping_status":"open","sticky":false,"template":"","format":"standard","meta":{"footnotes":""},"categories":[35],"tags":[],"class_list":["post-23040","post","type-post","status-publish","format-standard","has-post-thumbnail","hentry","category-informacion-general"],"yoast_head":"<!-- This site is optimized with the Yoast SEO plugin v27.4 - https:\/\/yoast.com\/product\/yoast-seo-wordpress\/ -->\n<title>Presentamos el Cronograma Electoral | CVI NOTICIAS<\/title>\n<meta name=\"robots\" content=\"index, follow, max-snippet:-1, max-image-preview:large, max-video-preview:-1\" \/>\n<link rel=\"canonical\" href=\"https:\/\/cvinoticias.com\/v3\/presentamos-el-cronograma-electoral\/\" \/>\n<meta property=\"og:locale\" content=\"es_ES\" \/>\n<meta property=\"og:type\" content=\"article\" \/>\n<meta property=\"og:title\" content=\"Presentamos el Cronograma Electoral | CVI NOTICIAS\" \/>\n<meta property=\"og:description\" content=\"El Tribunal Electoral de la provincia de Misiones difundi\u00f3 el Cronograma Electoral que regir\u00e1 las actividades relacionadas a los comicios de este a\u00f1o 2023. De esta manera, por el Decreto 2714\/2022 se oficializa el llamado a elecciones para el pr\u00f3ximo 7 de mayo para los cargos de Gobernador, Vice-gobernador, 20 Diputados provinciales titulares y 7 [&hellip;]\" \/>\n<meta property=\"og:url\" content=\"https:\/\/cvinoticias.com\/v3\/presentamos-el-cronograma-electoral\/\" \/>\n<meta property=\"og:site_name\" content=\"CVI NOTICIAS\" \/>\n<meta property=\"article:publisher\" content=\"https:\/\/www.facebook.com\/cvinoticias\" \/>\n<meta property=\"article:published_time\" content=\"2023-03-05T17:04:32+00:00\" \/>\n<meta property=\"og:image\" content=\"https:\/\/cvinoticias.com\/wp-content\/uploads\/2023\/03\/elecciones.jpg\" \/>\n\t<meta property=\"og:image:width\" content=\"746\" \/>\n\t<meta property=\"og:image:height\" content=\"474\" \/>\n\t<meta property=\"og:image:type\" content=\"image\/jpeg\" \/>\n<meta name=\"author\" content=\"f1000024\" \/>\n<meta name=\"twitter:card\" content=\"summary_large_image\" \/>\n<meta name=\"twitter:label1\" content=\"Escrito por\" \/>\n\t<meta name=\"twitter:data1\" content=\"f1000024\" \/>\n\t<meta name=\"twitter:label2\" content=\"Tiempo de lectura\" \/>\n\t<meta name=\"twitter:data2\" content=\"4 minutos\" \/>\n<script type=\"application\/ld+json\" class=\"yoast-schema-graph\">{\"@context\":\"https:\\\/\\\/schema.org\",\"@graph\":[{\"@type\":\"Article\",\"@id\":\"https:\\\/\\\/cvinoticias.com\\\/v3\\\/presentamos-el-cronograma-electoral\\\/#article\",\"isPartOf\":{\"@id\":\"https:\\\/\\\/cvinoticias.com\\\/v3\\\/presentamos-el-cronograma-electoral\\\/\"},\"author\":{\"name\":\"f1000024\",\"@id\":\"https:\\\/\\\/cvinoticias.com\\\/v3\\\/#\\\/schema\\\/person\\\/2db77e3c6bc03c538495d7b2b8be9b66\"},\"headline\":\"Presentamos el Cronograma Electoral\",\"datePublished\":\"2023-03-05T17:04:32+00:00\",\"mainEntityOfPage\":{\"@id\":\"https:\\\/\\\/cvinoticias.com\\\/v3\\\/presentamos-el-cronograma-electoral\\\/\"},\"wordCount\":705,\"commentCount\":0,\"publisher\":{\"@id\":\"https:\\\/\\\/cvinoticias.com\\\/v3\\\/#organization\"},\"image\":{\"@id\":\"https:\\\/\\\/cvinoticias.com\\\/v3\\\/presentamos-el-cronograma-electoral\\\/#primaryimage\"},\"thumbnailUrl\":\"https:\\\/\\\/cvinoticias.com\\\/wp-content\\\/uploads\\\/2023\\\/03\\\/elecciones.jpg\",\"articleSection\":[\"Informaci\u00f3n General\"],\"inLanguage\":\"es\",\"potentialAction\":[{\"@type\":\"CommentAction\",\"name\":\"Comment\",\"target\":[\"https:\\\/\\\/cvinoticias.com\\\/v3\\\/presentamos-el-cronograma-electoral\\\/#respond\"]}]},{\"@type\":\"WebPage\",\"@id\":\"https:\\\/\\\/cvinoticias.com\\\/v3\\\/presentamos-el-cronograma-electoral\\\/\",\"url\":\"https:\\\/\\\/cvinoticias.com\\\/v3\\\/presentamos-el-cronograma-electoral\\\/\",\"name\":\"Presentamos el Cronograma Electoral | CVI NOTICIAS\",\"isPartOf\":{\"@id\":\"https:\\\/\\\/cvinoticias.com\\\/v3\\\/#website\"},\"primaryImageOfPage\":{\"@id\":\"https:\\\/\\\/cvinoticias.com\\\/v3\\\/presentamos-el-cronograma-electoral\\\/#primaryimage\"},\"image\":{\"@id\":\"https:\\\/\\\/cvinoticias.com\\\/v3\\\/presentamos-el-cronograma-electoral\\\/#primaryimage\"},\"thumbnailUrl\":\"https:\\\/\\\/cvinoticias.com\\\/wp-content\\\/uploads\\\/2023\\\/03\\\/elecciones.jpg\",\"datePublished\":\"2023-03-05T17:04:32+00:00\",\"breadcrumb\":{\"@id\":\"https:\\\/\\\/cvinoticias.com\\\/v3\\\/presentamos-el-cronograma-electoral\\\/#breadcrumb\"},\"inLanguage\":\"es\",\"potentialAction\":[{\"@type\":\"ReadAction\",\"target\":[\"https:\\\/\\\/cvinoticias.com\\\/v3\\\/presentamos-el-cronograma-electoral\\\/\"]}]},{\"@type\":\"ImageObject\",\"inLanguage\":\"es\",\"@id\":\"https:\\\/\\\/cvinoticias.com\\\/v3\\\/presentamos-el-cronograma-electoral\\\/#primaryimage\",\"url\":\"https:\\\/\\\/cvinoticias.com\\\/wp-content\\\/uploads\\\/2023\\\/03\\\/elecciones.jpg\",\"contentUrl\":\"https:\\\/\\\/cvinoticias.com\\\/wp-content\\\/uploads\\\/2023\\\/03\\\/elecciones.jpg\",\"width\":746,\"height\":474},{\"@type\":\"BreadcrumbList\",\"@id\":\"https:\\\/\\\/cvinoticias.com\\\/v3\\\/presentamos-el-cronograma-electoral\\\/#breadcrumb\",\"itemListElement\":[{\"@type\":\"ListItem\",\"position\":1,\"name\":\"Portada\",\"item\":\"https:\\\/\\\/cvinoticias.com\\\/v3\\\/\"},{\"@type\":\"ListItem\",\"position\":2,\"name\":\"Presentamos el Cronograma Electoral\"}]},{\"@type\":\"WebSite\",\"@id\":\"https:\\\/\\\/cvinoticias.com\\\/v3\\\/#website\",\"url\":\"https:\\\/\\\/cvinoticias.com\\\/v3\\\/\",\"name\":\"CVI NOTICIAS\",\"description\":\"\",\"publisher\":{\"@id\":\"https:\\\/\\\/cvinoticias.com\\\/v3\\\/#organization\"},\"alternateName\":\"CVI\",\"potentialAction\":[{\"@type\":\"SearchAction\",\"target\":{\"@type\":\"EntryPoint\",\"urlTemplate\":\"https:\\\/\\\/cvinoticias.com\\\/v3\\\/?s={search_term_string}\"},\"query-input\":{\"@type\":\"PropertyValueSpecification\",\"valueRequired\":true,\"valueName\":\"search_term_string\"}}],\"inLanguage\":\"es\"},{\"@type\":\"Organization\",\"@id\":\"https:\\\/\\\/cvinoticias.com\\\/v3\\\/#organization\",\"name\":\"CVI NOTICIAS\",\"url\":\"https:\\\/\\\/cvinoticias.com\\\/v3\\\/\",\"logo\":{\"@type\":\"ImageObject\",\"inLanguage\":\"es\",\"@id\":\"https:\\\/\\\/cvinoticias.com\\\/v3\\\/#\\\/schema\\\/logo\\\/image\\\/\",\"url\":\"https:\\\/\\\/cvinoticias.com\\\/wp-content\\\/uploads\\\/2023\\\/04\\\/cropped-cropped-cropped-cropped-cropped-3-1.png\",\"contentUrl\":\"https:\\\/\\\/cvinoticias.com\\\/wp-content\\\/uploads\\\/2023\\\/04\\\/cropped-cropped-cropped-cropped-cropped-3-1.png\",\"width\":95,\"height\":122,\"caption\":\"CVI NOTICIAS\"},\"image\":{\"@id\":\"https:\\\/\\\/cvinoticias.com\\\/v3\\\/#\\\/schema\\\/logo\\\/image\\\/\"},\"sameAs\":[\"https:\\\/\\\/www.facebook.com\\\/cvinoticias\",\"https:\\\/\\\/www.instagram.com\\\/cvinoticias\\\/\",\"https:\\\/\\\/www.youtube.com\\\/@CVINOTICIAS\"]},{\"@type\":\"Person\",\"@id\":\"https:\\\/\\\/cvinoticias.com\\\/v3\\\/#\\\/schema\\\/person\\\/2db77e3c6bc03c538495d7b2b8be9b66\",\"name\":\"f1000024\",\"image\":{\"@type\":\"ImageObject\",\"inLanguage\":\"es\",\"@id\":\"https:\\\/\\\/secure.gravatar.com\\\/avatar\\\/d4fe7459cfc51ff5129ce1a732bbef5928568b8092d412ef95611616376bbeed?s=96&d=mm&r=g\",\"url\":\"https:\\\/\\\/secure.gravatar.com\\\/avatar\\\/d4fe7459cfc51ff5129ce1a732bbef5928568b8092d412ef95611616376bbeed?s=96&d=mm&r=g\",\"contentUrl\":\"https:\\\/\\\/secure.gravatar.com\\\/avatar\\\/d4fe7459cfc51ff5129ce1a732bbef5928568b8092d412ef95611616376bbeed?s=96&d=mm&r=g\",\"caption\":\"f1000024\"},\"url\":\"https:\\\/\\\/cvinoticias.com\\\/v3\\\/author\\\/f1000024\\\/\"}]}<\/script>\n<!-- \/ Yoast SEO plugin. -->","yoast_head_json":{"title":"Presentamos el Cronograma Electoral | CVI NOTICIAS","robots":{"index":"index","follow":"follow","max-snippet":"max-snippet:-1","max-image-preview":"max-image-preview:large","max-video-preview":"max-video-preview:-1"},"canonical":"https:\/\/cvinoticias.com\/v3\/presentamos-el-cronograma-electoral\/","og_locale":"es_ES","og_type":"article","og_title":"Presentamos el Cronograma Electoral | CVI NOTICIAS","og_description":"El Tribunal Electoral de la provincia de Misiones difundi\u00f3 el Cronograma Electoral que regir\u00e1 las actividades relacionadas a los comicios de este a\u00f1o 2023. De esta manera, por el Decreto 2714\/2022 se oficializa el llamado a elecciones para el pr\u00f3ximo 7 de mayo para los cargos de Gobernador, Vice-gobernador, 20 Diputados provinciales titulares y 7 [&hellip;]","og_url":"https:\/\/cvinoticias.com\/v3\/presentamos-el-cronograma-electoral\/","og_site_name":"CVI NOTICIAS","article_publisher":"https:\/\/www.facebook.com\/cvinoticias","article_published_time":"2023-03-05T17:04:32+00:00","og_image":[{"width":746,"height":474,"url":"https:\/\/cvinoticias.com\/wp-content\/uploads\/2023\/03\/elecciones.jpg","type":"image\/jpeg"}],"author":"f1000024","twitter_card":"summary_large_image","twitter_misc":{"Escrito por":"f1000024","Tiempo de lectura":"4 minutos"},"schema":{"@context":"https:\/\/schema.org","@graph":[{"@type":"Article","@id":"https:\/\/cvinoticias.com\/v3\/presentamos-el-cronograma-electoral\/#article","isPartOf":{"@id":"https:\/\/cvinoticias.com\/v3\/presentamos-el-cronograma-electoral\/"},"author":{"name":"f1000024","@id":"https:\/\/cvinoticias.com\/v3\/#\/schema\/person\/2db77e3c6bc03c538495d7b2b8be9b66"},"headline":"Presentamos el Cronograma Electoral","datePublished":"2023-03-05T17:04:32+00:00","mainEntityOfPage":{"@id":"https:\/\/cvinoticias.com\/v3\/presentamos-el-cronograma-electoral\/"},"wordCount":705,"commentCount":0,"publisher":{"@id":"https:\/\/cvinoticias.com\/v3\/#organization"},"image":{"@id":"https:\/\/cvinoticias.com\/v3\/presentamos-el-cronograma-electoral\/#primaryimage"},"thumbnailUrl":"https:\/\/cvinoticias.com\/wp-content\/uploads\/2023\/03\/elecciones.jpg","articleSection":["Informaci\u00f3n General"],"inLanguage":"es","potentialAction":[{"@type":"CommentAction","name":"Comment","target":["https:\/\/cvinoticias.com\/v3\/presentamos-el-cronograma-electoral\/#respond"]}]},{"@type":"WebPage","@id":"https:\/\/cvinoticias.com\/v3\/presentamos-el-cronograma-electoral\/","url":"https:\/\/cvinoticias.com\/v3\/presentamos-el-cronograma-electoral\/","name":"Presentamos el Cronograma Electoral | CVI NOTICIAS","isPartOf":{"@id":"https:\/\/cvinoticias.com\/v3\/#website"},"primaryImageOfPage":{"@id":"https:\/\/cvinoticias.com\/v3\/presentamos-el-cronograma-electoral\/#primaryimage"},"image":{"@id":"https:\/\/cvinoticias.com\/v3\/presentamos-el-cronograma-electoral\/#primaryimage"},"thumbnailUrl":"https:\/\/cvinoticias.com\/wp-content\/uploads\/2023\/03\/elecciones.jpg","datePublished":"2023-03-05T17:04:32+00:00","breadcrumb":{"@id":"https:\/\/cvinoticias.com\/v3\/presentamos-el-cronograma-electoral\/#breadcrumb"},"inLanguage":"es","potentialAction":[{"@type":"ReadAction","target":["https:\/\/cvinoticias.com\/v3\/presentamos-el-cronograma-electoral\/"]}]},{"@type":"ImageObject","inLanguage":"es","@id":"https:\/\/cvinoticias.com\/v3\/presentamos-el-cronograma-electoral\/#primaryimage","url":"https:\/\/cvinoticias.com\/wp-content\/uploads\/2023\/03\/elecciones.jpg","contentUrl":"https:\/\/cvinoticias.com\/wp-content\/uploads\/2023\/03\/elecciones.jpg","width":746,"height":474},{"@type":"BreadcrumbList","@id":"https:\/\/cvinoticias.com\/v3\/presentamos-el-cronograma-electoral\/#breadcrumb","itemListElement":[{"@type":"ListItem","position":1,"name":"Portada","item":"https:\/\/cvinoticias.com\/v3\/"},{"@type":"ListItem","position":2,"name":"Presentamos el Cronograma Electoral"}]},{"@type":"WebSite","@id":"https:\/\/cvinoticias.com\/v3\/#website","url":"https:\/\/cvinoticias.com\/v3\/","name":"CVI NOTICIAS","description":"","publisher":{"@id":"https:\/\/cvinoticias.com\/v3\/#organization"},"alternateName":"CVI","potentialAction":[{"@type":"SearchAction","target":{"@type":"EntryPoint","urlTemplate":"https:\/\/cvinoticias.com\/v3\/?s={search_term_string}"},"query-input":{"@type":"PropertyValueSpecification","valueRequired":true,"valueName":"search_term_string"}}],"inLanguage":"es"},{"@type":"Organization","@id":"https:\/\/cvinoticias.com\/v3\/#organization","name":"CVI NOTICIAS","url":"https:\/\/cvinoticias.com\/v3\/","logo":{"@type":"ImageObject","inLanguage":"es","@id":"https:\/\/cvinoticias.com\/v3\/#\/schema\/logo\/image\/","url":"https:\/\/cvinoticias.com\/wp-content\/uploads\/2023\/04\/cropped-cropped-cropped-cropped-cropped-3-1.png","contentUrl":"https:\/\/cvinoticias.com\/wp-content\/uploads\/2023\/04\/cropped-cropped-cropped-cropped-cropped-3-1.png","width":95,"height":122,"caption":"CVI NOTICIAS"},"image":{"@id":"https:\/\/cvinoticias.com\/v3\/#\/schema\/logo\/image\/"},"sameAs":["https:\/\/www.facebook.com\/cvinoticias","https:\/\/www.instagram.com\/cvinoticias\/","https:\/\/www.youtube.com\/@CVINOTICIAS"]},{"@type":"Person","@id":"https:\/\/cvinoticias.com\/v3\/#\/schema\/person\/2db77e3c6bc03c538495d7b2b8be9b66","name":"f1000024","image":{"@type":"ImageObject","inLanguage":"es","@id":"https:\/\/secure.gravatar.com\/avatar\/d4fe7459cfc51ff5129ce1a732bbef5928568b8092d412ef95611616376bbeed?s=96&d=mm&r=g","url":"https:\/\/secure.gravatar.com\/avatar\/d4fe7459cfc51ff5129ce1a732bbef5928568b8092d412ef95611616376bbeed?s=96&d=mm&r=g","contentUrl":"https:\/\/secure.gravatar.com\/avatar\/d4fe7459cfc51ff5129ce1a732bbef5928568b8092d412ef95611616376bbeed?s=96&d=mm&r=g","caption":"f1000024"},"url":"https:\/\/cvinoticias.com\/v3\/author\/f1000024\/"}]}},"_links":{"self":[{"href":"https:\/\/cvinoticias.com\/v3\/wp-json\/wp\/v2\/posts\/23040","targetHints":{"allow":["GET"]}}],"collection":[{"href":"https:\/\/cvinoticias.com\/v3\/wp-json\/wp\/v2\/posts"}],"about":[{"href":"https:\/\/cvinoticias.com\/v3\/wp-json\/wp\/v2\/types\/post"}],"author":[{"embeddable":true,"href":"https:\/\/cvinoticias.com\/v3\/wp-json\/wp\/v2\/users\/2"}],"replies":[{"embeddable":true,"href":"https:\/\/cvinoticias.com\/v3\/wp-json\/wp\/v2\/comments?post=23040"}],"version-history":[{"count":1,"href":"https:\/\/cvinoticias.com\/v3\/wp-json\/wp\/v2\/posts\/23040\/revisions"}],"predecessor-version":[{"id":23042,"href":"https:\/\/cvinoticias.com\/v3\/wp-json\/wp\/v2\/posts\/23040\/revisions\/23042"}],"wp:featuredmedia":[{"embeddable":true,"href":"https:\/\/cvinoticias.com\/v3\/wp-json\/wp\/v2\/media\/23041"}],"wp:attachment":[{"href":"https:\/\/cvinoticias.com\/v3\/wp-json\/wp\/v2\/media?parent=23040"}],"wp:term":[{"taxonomy":"category","embeddable":true,"href":"https:\/\/cvinoticias.com\/v3\/wp-json\/wp\/v2\/categories?post=23040"},{"taxonomy":"post_tag","embeddable":true,"href":"https:\/\/cvinoticias.com\/v3\/wp-json\/wp\/v2\/tags?post=23040"}],"curies":[{"name":"wp","href":"https:\/\/api.w.org\/{rel}","templated":true}]}}