{"id":23018,"date":"2023-03-04T17:29:59","date_gmt":"2023-03-04T17:29:59","guid":{"rendered":"https:\/\/cvinoticias.com\/v3\/?p=23018"},"modified":"2023-03-04T17:29:59","modified_gmt":"2023-03-04T17:29:59","slug":"massa-anticipo-que-habra-un-dolar-diferencial-para-el-sector-viticinicola","status":"publish","type":"post","link":"https:\/\/cvinoticias.com\/v3\/massa-anticipo-que-habra-un-dolar-diferencial-para-el-sector-viticinicola\/","title":{"rendered":"Massa anticip\u00f3 que habr\u00e1 un d\u00f3lar diferencial para el sector viticin\u00edcola"},"content":{"rendered":"\n<p><strong><em>El ministro de Econom\u00eda anunci\u00f3 la medida en el marco de la Fiesta Nacional de la Vendimia.<\/em><\/strong><\/p>\n\n\n\n<p>El ministro de Econom\u00eda, Sergio Massa, anunci\u00f3 hoy medidas para el sector vitivin\u00edcola destinadas a asistir a los productores afectados por heladas y granizo y a favorecer la competitividad de las exportaciones.<\/p>\n\n\n\n<p>Al participar en Mendoza de un desayuno de la Corporaci\u00f3n Vitivin\u00edcola Argentina (Coviar), en el marco de la Fiesta Nacional de la Vendimia, Massa dijo que a partir del 1 de abril se pondr\u00e1 en marcha un mecanismo de competitividad cambiaria para favorecer las exportaciones del sector.<\/p>\n\n\n\n<p>\u00abEl a\u00f1o pasado en la decisi\u00f3n de recuperar mercados y consolidar reservas intentamos poner en marcha para un sector un programa de fortalecimiento exportador, a partir del 1 de abril vamos a acompa\u00f1arlo en todas las econom\u00edas regionales, arrancando por la vitivinicultura para recuperar mercados y que tengan oportunidad frente a la p\u00e9rdida que represent\u00f3 el granizo y la helada\u00bb, se\u00f1al\u00f3.<\/p>\n\n\n\n<p>Remarc\u00f3 que \u00abel 1 de abril con competitividad cambiaria que pone el Estado para el desarrollo, tenemos que tener m\u00e1s vino argentino en el mundo\u00bb.<\/p>\n\n\n\n<p>Dijo que en los pr\u00f3ximos d\u00edas se trabajar\u00e1 para definir la medida que debe asegurar \u00abque el precio nuevo llegue a todos los productores para que no se transforme en utilidad de unos pocos\u00bb y que al mismo tiempo \u00abest\u00e9 garantizado con buen precio el abastecimiento en el mercado interno\u00bb.<\/p>\n\n\n\n<p>Por otra parte, adelant\u00f3 que el lunes estar\u00e1 publicado el decreto que habilita la l\u00ednea crediticia por 50 millones de d\u00f3lares, en el marco del Programa de Apoyo para Peque\u00f1os Productores Vitivin\u00edcolas de Argentina (Proviar II).<\/p>\n\n\n\n<p>\u00abEl decreto que el lunes va a estar publicado, que ya est\u00e1 firmado, habilita el pr\u00e9stamo de 40 millones de d\u00f3lares, con un aporte del Estado nacional de 10 millones de d\u00f3lares, para la puesta en marcha del Proviar II, que es una enorme tarea para seguir multiplicando el trabajo del Estado y de los productores juntos\u00bb, se\u00f1al\u00f3 el ministro.<\/p>\n\n\n\n<p>Adem\u00e1s, anunci\u00f3 la ampliaci\u00f3n en 583 millones de pesos que estar\u00e1 disponible a partir de la semana pr\u00f3xima para productores vitivin\u00edcolas afectados por cuestiones clim\u00e1ticas como la helada y el granizo.<\/p>\n\n\n\n<p>\u00abHemos tomado la decisi\u00f3n de ampliar con m\u00e1s de 583 millones de pesos disponibles a partir de la semana que viene, que se suman a los 50 millones adicionales que ya se hab\u00edan incorporado en febrero\u00bb, detall\u00f3.<\/p>\n\n\n\n<p>\u00abEs central para levantar el \u00e1nimo y la idea de que tenemos nuevos mercados\u00bb, concluy\u00f3.<\/p>\n","protected":false},"excerpt":{"rendered":"<p>El ministro de Econom\u00eda anunci\u00f3 la medida en el marco de la Fiesta Nacional de la Vendimia. El ministro de Econom\u00eda, Sergio Massa, anunci\u00f3 hoy medidas para el sector vitivin\u00edcola destinadas a asistir a los productores afectados por heladas y granizo y a favorecer la competitividad de las exportaciones. Al participar en Mendoza de un [&hellip;]<\/p>\n","protected":false},"author":2,"featured_media":23019,"comment_status":"open","ping_status":"open","sticky":false,"template":"","format":"standard","meta":{"footnotes":""},"categories":[32],"tags":[],"class_list":["post-23018","post","type-post","status-publish","format-standard","has-post-thumbnail","hentry","category-economia"],"yoast_head":"<!-- This site is optimized with the Yoast SEO plugin v27.4 - https:\/\/yoast.com\/product\/yoast-seo-wordpress\/ -->\n<title>Massa anticip\u00f3 que habr\u00e1 un d\u00f3lar diferencial para el sector viticin\u00edcola | CVI NOTICIAS<\/title>\n<meta name=\"robots\" content=\"index, follow, max-snippet:-1, max-image-preview:large, max-video-preview:-1\" \/>\n<link rel=\"canonical\" href=\"https:\/\/cvinoticias.com\/v3\/massa-anticipo-que-habra-un-dolar-diferencial-para-el-sector-viticinicola\/\" \/>\n<meta property=\"og:locale\" content=\"es_ES\" \/>\n<meta property=\"og:type\" content=\"article\" \/>\n<meta property=\"og:title\" content=\"Massa anticip\u00f3 que habr\u00e1 un d\u00f3lar diferencial para el sector viticin\u00edcola | CVI NOTICIAS\" \/>\n<meta property=\"og:description\" content=\"El ministro de Econom\u00eda anunci\u00f3 la medida en el marco de la Fiesta Nacional de la Vendimia. El ministro de Econom\u00eda, Sergio Massa, anunci\u00f3 hoy medidas para el sector vitivin\u00edcola destinadas a asistir a los productores afectados por heladas y granizo y a favorecer la competitividad de las exportaciones. Al participar en Mendoza de un [&hellip;]\" \/>\n<meta property=\"og:url\" content=\"https:\/\/cvinoticias.com\/v3\/massa-anticipo-que-habra-un-dolar-diferencial-para-el-sector-viticinicola\/\" \/>\n<meta property=\"og:site_name\" content=\"CVI NOTICIAS\" \/>\n<meta property=\"article:publisher\" content=\"https:\/\/www.facebook.com\/cvinoticias\" \/>\n<meta property=\"article:published_time\" content=\"2023-03-04T17:29:59+00:00\" \/>\n<meta property=\"og:image\" content=\"https:\/\/cvinoticias.com\/wp-content\/uploads\/2023\/03\/0000129071.jpg\" \/>\n\t<meta property=\"og:image:width\" content=\"1500\" \/>\n\t<meta property=\"og:image:height\" content=\"870\" \/>\n\t<meta property=\"og:image:type\" content=\"image\/jpeg\" \/>\n<meta name=\"author\" content=\"f1000024\" \/>\n<meta name=\"twitter:card\" content=\"summary_large_image\" \/>\n<meta name=\"twitter:label1\" content=\"Escrito por\" \/>\n\t<meta name=\"twitter:data1\" content=\"f1000024\" \/>\n\t<meta name=\"twitter:label2\" content=\"Tiempo de lectura\" \/>\n\t<meta name=\"twitter:data2\" content=\"2 minutos\" \/>\n<script type=\"application\/ld+json\" class=\"yoast-schema-graph\">{\"@context\":\"https:\\\/\\\/schema.org\",\"@graph\":[{\"@type\":\"Article\",\"@id\":\"https:\\\/\\\/cvinoticias.com\\\/v3\\\/massa-anticipo-que-habra-un-dolar-diferencial-para-el-sector-viticinicola\\\/#article\",\"isPartOf\":{\"@id\":\"https:\\\/\\\/cvinoticias.com\\\/v3\\\/massa-anticipo-que-habra-un-dolar-diferencial-para-el-sector-viticinicola\\\/\"},\"author\":{\"name\":\"f1000024\",\"@id\":\"https:\\\/\\\/cvinoticias.com\\\/v3\\\/#\\\/schema\\\/person\\\/2db77e3c6bc03c538495d7b2b8be9b66\"},\"headline\":\"Massa anticip\u00f3 que habr\u00e1 un d\u00f3lar diferencial para el sector viticin\u00edcola\",\"datePublished\":\"2023-03-04T17:29:59+00:00\",\"mainEntityOfPage\":{\"@id\":\"https:\\\/\\\/cvinoticias.com\\\/v3\\\/massa-anticipo-que-habra-un-dolar-diferencial-para-el-sector-viticinicola\\\/\"},\"wordCount\":445,\"commentCount\":0,\"publisher\":{\"@id\":\"https:\\\/\\\/cvinoticias.com\\\/v3\\\/#organization\"},\"image\":{\"@id\":\"https:\\\/\\\/cvinoticias.com\\\/v3\\\/massa-anticipo-que-habra-un-dolar-diferencial-para-el-sector-viticinicola\\\/#primaryimage\"},\"thumbnailUrl\":\"https:\\\/\\\/cvinoticias.com\\\/wp-content\\\/uploads\\\/2023\\\/03\\\/0000129071.jpg\",\"articleSection\":[\"Econom\u00eda\"],\"inLanguage\":\"es\",\"potentialAction\":[{\"@type\":\"CommentAction\",\"name\":\"Comment\",\"target\":[\"https:\\\/\\\/cvinoticias.com\\\/v3\\\/massa-anticipo-que-habra-un-dolar-diferencial-para-el-sector-viticinicola\\\/#respond\"]}]},{\"@type\":\"WebPage\",\"@id\":\"https:\\\/\\\/cvinoticias.com\\\/v3\\\/massa-anticipo-que-habra-un-dolar-diferencial-para-el-sector-viticinicola\\\/\",\"url\":\"https:\\\/\\\/cvinoticias.com\\\/v3\\\/massa-anticipo-que-habra-un-dolar-diferencial-para-el-sector-viticinicola\\\/\",\"name\":\"Massa anticip\u00f3 que habr\u00e1 un d\u00f3lar diferencial para el sector viticin\u00edcola | CVI NOTICIAS\",\"isPartOf\":{\"@id\":\"https:\\\/\\\/cvinoticias.com\\\/v3\\\/#website\"},\"primaryImageOfPage\":{\"@id\":\"https:\\\/\\\/cvinoticias.com\\\/v3\\\/massa-anticipo-que-habra-un-dolar-diferencial-para-el-sector-viticinicola\\\/#primaryimage\"},\"image\":{\"@id\":\"https:\\\/\\\/cvinoticias.com\\\/v3\\\/massa-anticipo-que-habra-un-dolar-diferencial-para-el-sector-viticinicola\\\/#primaryimage\"},\"thumbnailUrl\":\"https:\\\/\\\/cvinoticias.com\\\/wp-content\\\/uploads\\\/2023\\\/03\\\/0000129071.jpg\",\"datePublished\":\"2023-03-04T17:29:59+00:00\",\"breadcrumb\":{\"@id\":\"https:\\\/\\\/cvinoticias.com\\\/v3\\\/massa-anticipo-que-habra-un-dolar-diferencial-para-el-sector-viticinicola\\\/#breadcrumb\"},\"inLanguage\":\"es\",\"potentialAction\":[{\"@type\":\"ReadAction\",\"target\":[\"https:\\\/\\\/cvinoticias.com\\\/v3\\\/massa-anticipo-que-habra-un-dolar-diferencial-para-el-sector-viticinicola\\\/\"]}]},{\"@type\":\"ImageObject\",\"inLanguage\":\"es\",\"@id\":\"https:\\\/\\\/cvinoticias.com\\\/v3\\\/massa-anticipo-que-habra-un-dolar-diferencial-para-el-sector-viticinicola\\\/#primaryimage\",\"url\":\"https:\\\/\\\/cvinoticias.com\\\/wp-content\\\/uploads\\\/2023\\\/03\\\/0000129071.jpg\",\"contentUrl\":\"https:\\\/\\\/cvinoticias.com\\\/wp-content\\\/uploads\\\/2023\\\/03\\\/0000129071.jpg\",\"width\":1500,\"height\":870},{\"@type\":\"BreadcrumbList\",\"@id\":\"https:\\\/\\\/cvinoticias.com\\\/v3\\\/massa-anticipo-que-habra-un-dolar-diferencial-para-el-sector-viticinicola\\\/#breadcrumb\",\"itemListElement\":[{\"@type\":\"ListItem\",\"position\":1,\"name\":\"Portada\",\"item\":\"https:\\\/\\\/cvinoticias.com\\\/v3\\\/\"},{\"@type\":\"ListItem\",\"position\":2,\"name\":\"Massa anticip\u00f3 que habr\u00e1 un d\u00f3lar diferencial para el sector viticin\u00edcola\"}]},{\"@type\":\"WebSite\",\"@id\":\"https:\\\/\\\/cvinoticias.com\\\/v3\\\/#website\",\"url\":\"https:\\\/\\\/cvinoticias.com\\\/v3\\\/\",\"name\":\"CVI NOTICIAS\",\"description\":\"\",\"publisher\":{\"@id\":\"https:\\\/\\\/cvinoticias.com\\\/v3\\\/#organization\"},\"alternateName\":\"CVI\",\"potentialAction\":[{\"@type\":\"SearchAction\",\"target\":{\"@type\":\"EntryPoint\",\"urlTemplate\":\"https:\\\/\\\/cvinoticias.com\\\/v3\\\/?s={search_term_string}\"},\"query-input\":{\"@type\":\"PropertyValueSpecification\",\"valueRequired\":true,\"valueName\":\"search_term_string\"}}],\"inLanguage\":\"es\"},{\"@type\":\"Organization\",\"@id\":\"https:\\\/\\\/cvinoticias.com\\\/v3\\\/#organization\",\"name\":\"CVI NOTICIAS\",\"url\":\"https:\\\/\\\/cvinoticias.com\\\/v3\\\/\",\"logo\":{\"@type\":\"ImageObject\",\"inLanguage\":\"es\",\"@id\":\"https:\\\/\\\/cvinoticias.com\\\/v3\\\/#\\\/schema\\\/logo\\\/image\\\/\",\"url\":\"https:\\\/\\\/cvinoticias.com\\\/wp-content\\\/uploads\\\/2023\\\/04\\\/cropped-cropped-cropped-cropped-cropped-3-1.png\",\"contentUrl\":\"https:\\\/\\\/cvinoticias.com\\\/wp-content\\\/uploads\\\/2023\\\/04\\\/cropped-cropped-cropped-cropped-cropped-3-1.png\",\"width\":95,\"height\":122,\"caption\":\"CVI NOTICIAS\"},\"image\":{\"@id\":\"https:\\\/\\\/cvinoticias.com\\\/v3\\\/#\\\/schema\\\/logo\\\/image\\\/\"},\"sameAs\":[\"https:\\\/\\\/www.facebook.com\\\/cvinoticias\",\"https:\\\/\\\/www.instagram.com\\\/cvinoticias\\\/\",\"https:\\\/\\\/www.youtube.com\\\/@CVINOTICIAS\"]},{\"@type\":\"Person\",\"@id\":\"https:\\\/\\\/cvinoticias.com\\\/v3\\\/#\\\/schema\\\/person\\\/2db77e3c6bc03c538495d7b2b8be9b66\",\"name\":\"f1000024\",\"image\":{\"@type\":\"ImageObject\",\"inLanguage\":\"es\",\"@id\":\"https:\\\/\\\/secure.gravatar.com\\\/avatar\\\/d4fe7459cfc51ff5129ce1a732bbef5928568b8092d412ef95611616376bbeed?s=96&d=mm&r=g\",\"url\":\"https:\\\/\\\/secure.gravatar.com\\\/avatar\\\/d4fe7459cfc51ff5129ce1a732bbef5928568b8092d412ef95611616376bbeed?s=96&d=mm&r=g\",\"contentUrl\":\"https:\\\/\\\/secure.gravatar.com\\\/avatar\\\/d4fe7459cfc51ff5129ce1a732bbef5928568b8092d412ef95611616376bbeed?s=96&d=mm&r=g\",\"caption\":\"f1000024\"},\"url\":\"https:\\\/\\\/cvinoticias.com\\\/v3\\\/author\\\/f1000024\\\/\"}]}<\/script>\n<!-- \/ Yoast SEO plugin. -->","yoast_head_json":{"title":"Massa anticip\u00f3 que habr\u00e1 un d\u00f3lar diferencial para el sector viticin\u00edcola | CVI NOTICIAS","robots":{"index":"index","follow":"follow","max-snippet":"max-snippet:-1","max-image-preview":"max-image-preview:large","max-video-preview":"max-video-preview:-1"},"canonical":"https:\/\/cvinoticias.com\/v3\/massa-anticipo-que-habra-un-dolar-diferencial-para-el-sector-viticinicola\/","og_locale":"es_ES","og_type":"article","og_title":"Massa anticip\u00f3 que habr\u00e1 un d\u00f3lar diferencial para el sector viticin\u00edcola | CVI NOTICIAS","og_description":"El ministro de Econom\u00eda anunci\u00f3 la medida en el marco de la Fiesta Nacional de la Vendimia. El ministro de Econom\u00eda, Sergio Massa, anunci\u00f3 hoy medidas para el sector vitivin\u00edcola destinadas a asistir a los productores afectados por heladas y granizo y a favorecer la competitividad de las exportaciones. Al participar en Mendoza de un [&hellip;]","og_url":"https:\/\/cvinoticias.com\/v3\/massa-anticipo-que-habra-un-dolar-diferencial-para-el-sector-viticinicola\/","og_site_name":"CVI NOTICIAS","article_publisher":"https:\/\/www.facebook.com\/cvinoticias","article_published_time":"2023-03-04T17:29:59+00:00","og_image":[{"width":1500,"height":870,"url":"https:\/\/cvinoticias.com\/wp-content\/uploads\/2023\/03\/0000129071.jpg","type":"image\/jpeg"}],"author":"f1000024","twitter_card":"summary_large_image","twitter_misc":{"Escrito por":"f1000024","Tiempo de lectura":"2 minutos"},"schema":{"@context":"https:\/\/schema.org","@graph":[{"@type":"Article","@id":"https:\/\/cvinoticias.com\/v3\/massa-anticipo-que-habra-un-dolar-diferencial-para-el-sector-viticinicola\/#article","isPartOf":{"@id":"https:\/\/cvinoticias.com\/v3\/massa-anticipo-que-habra-un-dolar-diferencial-para-el-sector-viticinicola\/"},"author":{"name":"f1000024","@id":"https:\/\/cvinoticias.com\/v3\/#\/schema\/person\/2db77e3c6bc03c538495d7b2b8be9b66"},"headline":"Massa anticip\u00f3 que habr\u00e1 un d\u00f3lar diferencial para el sector viticin\u00edcola","datePublished":"2023-03-04T17:29:59+00:00","mainEntityOfPage":{"@id":"https:\/\/cvinoticias.com\/v3\/massa-anticipo-que-habra-un-dolar-diferencial-para-el-sector-viticinicola\/"},"wordCount":445,"commentCount":0,"publisher":{"@id":"https:\/\/cvinoticias.com\/v3\/#organization"},"image":{"@id":"https:\/\/cvinoticias.com\/v3\/massa-anticipo-que-habra-un-dolar-diferencial-para-el-sector-viticinicola\/#primaryimage"},"thumbnailUrl":"https:\/\/cvinoticias.com\/wp-content\/uploads\/2023\/03\/0000129071.jpg","articleSection":["Econom\u00eda"],"inLanguage":"es","potentialAction":[{"@type":"CommentAction","name":"Comment","target":["https:\/\/cvinoticias.com\/v3\/massa-anticipo-que-habra-un-dolar-diferencial-para-el-sector-viticinicola\/#respond"]}]},{"@type":"WebPage","@id":"https:\/\/cvinoticias.com\/v3\/massa-anticipo-que-habra-un-dolar-diferencial-para-el-sector-viticinicola\/","url":"https:\/\/cvinoticias.com\/v3\/massa-anticipo-que-habra-un-dolar-diferencial-para-el-sector-viticinicola\/","name":"Massa anticip\u00f3 que habr\u00e1 un d\u00f3lar diferencial para el sector viticin\u00edcola | CVI NOTICIAS","isPartOf":{"@id":"https:\/\/cvinoticias.com\/v3\/#website"},"primaryImageOfPage":{"@id":"https:\/\/cvinoticias.com\/v3\/massa-anticipo-que-habra-un-dolar-diferencial-para-el-sector-viticinicola\/#primaryimage"},"image":{"@id":"https:\/\/cvinoticias.com\/v3\/massa-anticipo-que-habra-un-dolar-diferencial-para-el-sector-viticinicola\/#primaryimage"},"thumbnailUrl":"https:\/\/cvinoticias.com\/wp-content\/uploads\/2023\/03\/0000129071.jpg","datePublished":"2023-03-04T17:29:59+00:00","breadcrumb":{"@id":"https:\/\/cvinoticias.com\/v3\/massa-anticipo-que-habra-un-dolar-diferencial-para-el-sector-viticinicola\/#breadcrumb"},"inLanguage":"es","potentialAction":[{"@type":"ReadAction","target":["https:\/\/cvinoticias.com\/v3\/massa-anticipo-que-habra-un-dolar-diferencial-para-el-sector-viticinicola\/"]}]},{"@type":"ImageObject","inLanguage":"es","@id":"https:\/\/cvinoticias.com\/v3\/massa-anticipo-que-habra-un-dolar-diferencial-para-el-sector-viticinicola\/#primaryimage","url":"https:\/\/cvinoticias.com\/wp-content\/uploads\/2023\/03\/0000129071.jpg","contentUrl":"https:\/\/cvinoticias.com\/wp-content\/uploads\/2023\/03\/0000129071.jpg","width":1500,"height":870},{"@type":"BreadcrumbList","@id":"https:\/\/cvinoticias.com\/v3\/massa-anticipo-que-habra-un-dolar-diferencial-para-el-sector-viticinicola\/#breadcrumb","itemListElement":[{"@type":"ListItem","position":1,"name":"Portada","item":"https:\/\/cvinoticias.com\/v3\/"},{"@type":"ListItem","position":2,"name":"Massa anticip\u00f3 que habr\u00e1 un d\u00f3lar diferencial para el sector viticin\u00edcola"}]},{"@type":"WebSite","@id":"https:\/\/cvinoticias.com\/v3\/#website","url":"https:\/\/cvinoticias.com\/v3\/","name":"CVI NOTICIAS","description":"","publisher":{"@id":"https:\/\/cvinoticias.com\/v3\/#organization"},"alternateName":"CVI","potentialAction":[{"@type":"SearchAction","target":{"@type":"EntryPoint","urlTemplate":"https:\/\/cvinoticias.com\/v3\/?s={search_term_string}"},"query-input":{"@type":"PropertyValueSpecification","valueRequired":true,"valueName":"search_term_string"}}],"inLanguage":"es"},{"@type":"Organization","@id":"https:\/\/cvinoticias.com\/v3\/#organization","name":"CVI NOTICIAS","url":"https:\/\/cvinoticias.com\/v3\/","logo":{"@type":"ImageObject","inLanguage":"es","@id":"https:\/\/cvinoticias.com\/v3\/#\/schema\/logo\/image\/","url":"https:\/\/cvinoticias.com\/wp-content\/uploads\/2023\/04\/cropped-cropped-cropped-cropped-cropped-3-1.png","contentUrl":"https:\/\/cvinoticias.com\/wp-content\/uploads\/2023\/04\/cropped-cropped-cropped-cropped-cropped-3-1.png","width":95,"height":122,"caption":"CVI NOTICIAS"},"image":{"@id":"https:\/\/cvinoticias.com\/v3\/#\/schema\/logo\/image\/"},"sameAs":["https:\/\/www.facebook.com\/cvinoticias","https:\/\/www.instagram.com\/cvinoticias\/","https:\/\/www.youtube.com\/@CVINOTICIAS"]},{"@type":"Person","@id":"https:\/\/cvinoticias.com\/v3\/#\/schema\/person\/2db77e3c6bc03c538495d7b2b8be9b66","name":"f1000024","image":{"@type":"ImageObject","inLanguage":"es","@id":"https:\/\/secure.gravatar.com\/avatar\/d4fe7459cfc51ff5129ce1a732bbef5928568b8092d412ef95611616376bbeed?s=96&d=mm&r=g","url":"https:\/\/secure.gravatar.com\/avatar\/d4fe7459cfc51ff5129ce1a732bbef5928568b8092d412ef95611616376bbeed?s=96&d=mm&r=g","contentUrl":"https:\/\/secure.gravatar.com\/avatar\/d4fe7459cfc51ff5129ce1a732bbef5928568b8092d412ef95611616376bbeed?s=96&d=mm&r=g","caption":"f1000024"},"url":"https:\/\/cvinoticias.com\/v3\/author\/f1000024\/"}]}},"_links":{"self":[{"href":"https:\/\/cvinoticias.com\/v3\/wp-json\/wp\/v2\/posts\/23018","targetHints":{"allow":["GET"]}}],"collection":[{"href":"https:\/\/cvinoticias.com\/v3\/wp-json\/wp\/v2\/posts"}],"about":[{"href":"https:\/\/cvinoticias.com\/v3\/wp-json\/wp\/v2\/types\/post"}],"author":[{"embeddable":true,"href":"https:\/\/cvinoticias.com\/v3\/wp-json\/wp\/v2\/users\/2"}],"replies":[{"embeddable":true,"href":"https:\/\/cvinoticias.com\/v3\/wp-json\/wp\/v2\/comments?post=23018"}],"version-history":[{"count":1,"href":"https:\/\/cvinoticias.com\/v3\/wp-json\/wp\/v2\/posts\/23018\/revisions"}],"predecessor-version":[{"id":23020,"href":"https:\/\/cvinoticias.com\/v3\/wp-json\/wp\/v2\/posts\/23018\/revisions\/23020"}],"wp:featuredmedia":[{"embeddable":true,"href":"https:\/\/cvinoticias.com\/v3\/wp-json\/wp\/v2\/media\/23019"}],"wp:attachment":[{"href":"https:\/\/cvinoticias.com\/v3\/wp-json\/wp\/v2\/media?parent=23018"}],"wp:term":[{"taxonomy":"category","embeddable":true,"href":"https:\/\/cvinoticias.com\/v3\/wp-json\/wp\/v2\/categories?post=23018"},{"taxonomy":"post_tag","embeddable":true,"href":"https:\/\/cvinoticias.com\/v3\/wp-json\/wp\/v2\/tags?post=23018"}],"curies":[{"name":"wp","href":"https:\/\/api.w.org\/{rel}","templated":true}]}}