{"id":22985,"date":"2023-03-02T15:20:38","date_gmt":"2023-03-02T15:20:38","guid":{"rendered":"https:\/\/cvinoticias.com\/v3\/?p=22985"},"modified":"2023-03-02T15:20:38","modified_gmt":"2023-03-02T15:20:38","slug":"el-gobierno-cree-que-el-incendio-que-provoco-el-apagon-masivo-fue-intencional","status":"publish","type":"post","link":"https:\/\/cvinoticias.com\/v3\/el-gobierno-cree-que-el-incendio-que-provoco-el-apagon-masivo-fue-intencional\/","title":{"rendered":"El Gobierno cree que el incendio que provoc\u00f3 el apag\u00f3n masivo fue intencional"},"content":{"rendered":"\n<p><strong><em>El ministro de Econom\u00eda Sergio Massa hizo una presentaci\u00f3n ante el juez federal de Campana para que se investiguen las causas.<\/em><\/strong><\/p>\n\n\n\n<p>Ricardo Casal, secretario Legal y Administrativo del Ministerio de Econom\u00eda, asegur\u00f3 hoy en una entrevista radial, que se encuentra convencido de que el incendio que provoc\u00f3 el apag\u00f3n masivo que afect\u00f3 a casi todo el pa\u00eds \u00abfue intencional\u00bb.<\/p>\n\n\n\n<p>El corte de electricidad que dej\u00f3 sin luz a varias provincias se produjo desde las 15:59 del mi\u00e9rcoles, tras \u00abvarias fallas en el sistema interconectado\u00bb como consecuencia de que un incendio forestal \u00abperturb\u00f3 una l\u00ednea de alta tensi\u00f3n de 500 kw que une Campana con General Rodr\u00edguez\u00bb, informaron fuentes oficiales.<\/p>\n\n\n\n<p>Ante el incidente, se inici\u00f3 una investigaci\u00f3n judicial por el incendio para determinar si se trat\u00f3 de un sabotaje.<\/p>\n\n\n\n<p>En la causa interviene el juez federal de Z\u00e1rate-Campana, Adri\u00e1n Gonz\u00e1lez Charvay, quien recibi\u00f3 una denuncia efectuada por el ministro de Econom\u00eda, Sergio Massa, en la posibilidad de que se haya tratado de un sabotaje.<\/p>\n\n\n\n<p>En ese sentido, Casal indic\u00f3: \u201cHay sospechas firmes como indican la denuncia, donde el ministro menciona que tiene certezas de que podr\u00eda haber sido intencional. Eso lo determinar\u00e1 el juez\u201d.<\/p>\n\n\n\n<p>\u201cLo que caus\u00f3 preocupaci\u00f3n es que los focos de incendio que vimos en las im\u00e1genes y los videos son muy puntuales, muy concretos, no fue una quema de pastizales. Y curiosamente, debajo de la l\u00ednea de tensi\u00f3n\u201d, agreg\u00f3 Casal.<\/p>\n\n\n\n<p>El secretario detall\u00f3 en Radio 10 que \u201cla mayor\u00eda de los focos se iniciaron debajo de la l\u00ednea de tensi\u00f3n, lo que provoc\u00f3 la auto protecci\u00f3n del sistema el\u00e9ctrico nacional, el desbalance e hizo saltar todos los disyuntores\u201d.<\/p>\n\n\n\n<p>\u201cEstamos casi convencidos de que fue intencional por c\u00f3mo est\u00e1n localizados los focos de incendio\u201d, sostuvo.<\/p>\n\n\n\n<p>Gonz\u00e1lez Charvay se acerc\u00f3 al lugar del incendio el mi\u00e9rcoles por la noche, mientras los bomberos todav\u00eda trabajaban en el lugar del incidente.<\/p>\n\n\n\n<p>Se inform\u00f3 que este jueves se iba a tomar declaraci\u00f3n testimonial a vecinos de la zona y sumar informaci\u00f3n de las c\u00e1maras de seguridad, adem\u00e1s del peritaje t\u00e9cnico.<\/p>\n\n\n\n<p>Sobre el tiempo que los usuarios estuvieron sin luz, Casal justific\u00f3: \u201cLa lentitud de la recuperaci\u00f3n es porque hay que verificar que no se hayan afectado los transformadores de las distribuidoras, y hay m\u00e1s de 300 en el pa\u00eds, por eso algunos vecinos tardaron un poco m\u00e1s. Lo importante es que el sistema se autoprotegi\u00f3 y no fue un exceso de tensi\u00f3n ni una rotura del sistema de distribuci\u00f3n de energ\u00eda el\u00e9ctrica\u00bb.<\/p>\n","protected":false},"excerpt":{"rendered":"<p>El ministro de Econom\u00eda Sergio Massa hizo una presentaci\u00f3n ante el juez federal de Campana para que se investiguen las causas. Ricardo Casal, secretario Legal y Administrativo del Ministerio de Econom\u00eda, asegur\u00f3 hoy en una entrevista radial, que se encuentra convencido de que el incendio que provoc\u00f3 el apag\u00f3n masivo que afect\u00f3 a casi todo [&hellip;]<\/p>\n","protected":false},"author":2,"featured_media":22986,"comment_status":"open","ping_status":"open","sticky":false,"template":"","format":"standard","meta":{"footnotes":""},"categories":[39],"tags":[],"class_list":["post-22985","post","type-post","status-publish","format-standard","has-post-thumbnail","hentry","category-nacionales"],"yoast_head":"<!-- This site is optimized with the Yoast SEO plugin v27.5 - https:\/\/yoast.com\/product\/yoast-seo-wordpress\/ -->\n<title>El Gobierno cree que el incendio que provoc\u00f3 el apag\u00f3n masivo fue intencional | CVI NOTICIAS<\/title>\n<meta name=\"robots\" content=\"index, follow, max-snippet:-1, max-image-preview:large, max-video-preview:-1\" \/>\n<link rel=\"canonical\" href=\"https:\/\/cvinoticias.com\/v3\/el-gobierno-cree-que-el-incendio-que-provoco-el-apagon-masivo-fue-intencional\/\" \/>\n<meta property=\"og:locale\" content=\"es_ES\" \/>\n<meta property=\"og:type\" content=\"article\" \/>\n<meta property=\"og:title\" content=\"El Gobierno cree que el incendio que provoc\u00f3 el apag\u00f3n masivo fue intencional | CVI NOTICIAS\" \/>\n<meta property=\"og:description\" content=\"El ministro de Econom\u00eda Sergio Massa hizo una presentaci\u00f3n ante el juez federal de Campana para que se investiguen las causas. Ricardo Casal, secretario Legal y Administrativo del Ministerio de Econom\u00eda, asegur\u00f3 hoy en una entrevista radial, que se encuentra convencido de que el incendio que provoc\u00f3 el apag\u00f3n masivo que afect\u00f3 a casi todo [&hellip;]\" \/>\n<meta property=\"og:url\" content=\"https:\/\/cvinoticias.com\/v3\/el-gobierno-cree-que-el-incendio-que-provoco-el-apagon-masivo-fue-intencional\/\" \/>\n<meta property=\"og:site_name\" content=\"CVI NOTICIAS\" \/>\n<meta property=\"article:publisher\" content=\"https:\/\/www.facebook.com\/cvinoticias\" \/>\n<meta property=\"article:published_time\" content=\"2023-03-02T15:20:38+00:00\" \/>\n<meta property=\"og:image\" content=\"https:\/\/cvinoticias.com\/wp-content\/uploads\/2023\/03\/f608x342-458149_487872_0.jpg\" \/>\n\t<meta property=\"og:image:width\" content=\"608\" \/>\n\t<meta property=\"og:image:height\" content=\"342\" \/>\n\t<meta property=\"og:image:type\" content=\"image\/jpeg\" \/>\n<meta name=\"author\" content=\"f1000024\" \/>\n<meta name=\"twitter:card\" content=\"summary_large_image\" \/>\n<meta name=\"twitter:label1\" content=\"Escrito por\" \/>\n\t<meta name=\"twitter:data1\" content=\"f1000024\" \/>\n\t<meta name=\"twitter:label2\" content=\"Tiempo de lectura\" \/>\n\t<meta name=\"twitter:data2\" content=\"2 minutos\" \/>\n<script type=\"application\/ld+json\" class=\"yoast-schema-graph\">{\"@context\":\"https:\\\/\\\/schema.org\",\"@graph\":[{\"@type\":\"Article\",\"@id\":\"https:\\\/\\\/cvinoticias.com\\\/v3\\\/el-gobierno-cree-que-el-incendio-que-provoco-el-apagon-masivo-fue-intencional\\\/#article\",\"isPartOf\":{\"@id\":\"https:\\\/\\\/cvinoticias.com\\\/v3\\\/el-gobierno-cree-que-el-incendio-que-provoco-el-apagon-masivo-fue-intencional\\\/\"},\"author\":{\"name\":\"f1000024\",\"@id\":\"https:\\\/\\\/cvinoticias.com\\\/v3\\\/#\\\/schema\\\/person\\\/2db77e3c6bc03c538495d7b2b8be9b66\"},\"headline\":\"El Gobierno cree que el incendio que provoc\u00f3 el apag\u00f3n masivo fue intencional\",\"datePublished\":\"2023-03-02T15:20:38+00:00\",\"mainEntityOfPage\":{\"@id\":\"https:\\\/\\\/cvinoticias.com\\\/v3\\\/el-gobierno-cree-que-el-incendio-que-provoco-el-apagon-masivo-fue-intencional\\\/\"},\"wordCount\":461,\"commentCount\":0,\"publisher\":{\"@id\":\"https:\\\/\\\/cvinoticias.com\\\/v3\\\/#organization\"},\"image\":{\"@id\":\"https:\\\/\\\/cvinoticias.com\\\/v3\\\/el-gobierno-cree-que-el-incendio-que-provoco-el-apagon-masivo-fue-intencional\\\/#primaryimage\"},\"thumbnailUrl\":\"https:\\\/\\\/cvinoticias.com\\\/wp-content\\\/uploads\\\/2023\\\/03\\\/f608x342-458149_487872_0.jpg\",\"articleSection\":[\"Nacionales\"],\"inLanguage\":\"es\",\"potentialAction\":[{\"@type\":\"CommentAction\",\"name\":\"Comment\",\"target\":[\"https:\\\/\\\/cvinoticias.com\\\/v3\\\/el-gobierno-cree-que-el-incendio-que-provoco-el-apagon-masivo-fue-intencional\\\/#respond\"]}]},{\"@type\":\"WebPage\",\"@id\":\"https:\\\/\\\/cvinoticias.com\\\/v3\\\/el-gobierno-cree-que-el-incendio-que-provoco-el-apagon-masivo-fue-intencional\\\/\",\"url\":\"https:\\\/\\\/cvinoticias.com\\\/v3\\\/el-gobierno-cree-que-el-incendio-que-provoco-el-apagon-masivo-fue-intencional\\\/\",\"name\":\"El Gobierno cree que el incendio que provoc\u00f3 el apag\u00f3n masivo fue intencional | CVI NOTICIAS\",\"isPartOf\":{\"@id\":\"https:\\\/\\\/cvinoticias.com\\\/v3\\\/#website\"},\"primaryImageOfPage\":{\"@id\":\"https:\\\/\\\/cvinoticias.com\\\/v3\\\/el-gobierno-cree-que-el-incendio-que-provoco-el-apagon-masivo-fue-intencional\\\/#primaryimage\"},\"image\":{\"@id\":\"https:\\\/\\\/cvinoticias.com\\\/v3\\\/el-gobierno-cree-que-el-incendio-que-provoco-el-apagon-masivo-fue-intencional\\\/#primaryimage\"},\"thumbnailUrl\":\"https:\\\/\\\/cvinoticias.com\\\/wp-content\\\/uploads\\\/2023\\\/03\\\/f608x342-458149_487872_0.jpg\",\"datePublished\":\"2023-03-02T15:20:38+00:00\",\"breadcrumb\":{\"@id\":\"https:\\\/\\\/cvinoticias.com\\\/v3\\\/el-gobierno-cree-que-el-incendio-que-provoco-el-apagon-masivo-fue-intencional\\\/#breadcrumb\"},\"inLanguage\":\"es\",\"potentialAction\":[{\"@type\":\"ReadAction\",\"target\":[\"https:\\\/\\\/cvinoticias.com\\\/v3\\\/el-gobierno-cree-que-el-incendio-que-provoco-el-apagon-masivo-fue-intencional\\\/\"]}]},{\"@type\":\"ImageObject\",\"inLanguage\":\"es\",\"@id\":\"https:\\\/\\\/cvinoticias.com\\\/v3\\\/el-gobierno-cree-que-el-incendio-que-provoco-el-apagon-masivo-fue-intencional\\\/#primaryimage\",\"url\":\"https:\\\/\\\/cvinoticias.com\\\/wp-content\\\/uploads\\\/2023\\\/03\\\/f608x342-458149_487872_0.jpg\",\"contentUrl\":\"https:\\\/\\\/cvinoticias.com\\\/wp-content\\\/uploads\\\/2023\\\/03\\\/f608x342-458149_487872_0.jpg\",\"width\":608,\"height\":342},{\"@type\":\"BreadcrumbList\",\"@id\":\"https:\\\/\\\/cvinoticias.com\\\/v3\\\/el-gobierno-cree-que-el-incendio-que-provoco-el-apagon-masivo-fue-intencional\\\/#breadcrumb\",\"itemListElement\":[{\"@type\":\"ListItem\",\"position\":1,\"name\":\"Portada\",\"item\":\"https:\\\/\\\/cvinoticias.com\\\/v3\\\/\"},{\"@type\":\"ListItem\",\"position\":2,\"name\":\"El Gobierno cree que el incendio que provoc\u00f3 el apag\u00f3n masivo fue intencional\"}]},{\"@type\":\"WebSite\",\"@id\":\"https:\\\/\\\/cvinoticias.com\\\/v3\\\/#website\",\"url\":\"https:\\\/\\\/cvinoticias.com\\\/v3\\\/\",\"name\":\"CVI NOTICIAS\",\"description\":\"\",\"publisher\":{\"@id\":\"https:\\\/\\\/cvinoticias.com\\\/v3\\\/#organization\"},\"alternateName\":\"CVI\",\"potentialAction\":[{\"@type\":\"SearchAction\",\"target\":{\"@type\":\"EntryPoint\",\"urlTemplate\":\"https:\\\/\\\/cvinoticias.com\\\/v3\\\/?s={search_term_string}\"},\"query-input\":{\"@type\":\"PropertyValueSpecification\",\"valueRequired\":true,\"valueName\":\"search_term_string\"}}],\"inLanguage\":\"es\"},{\"@type\":\"Organization\",\"@id\":\"https:\\\/\\\/cvinoticias.com\\\/v3\\\/#organization\",\"name\":\"CVI NOTICIAS\",\"url\":\"https:\\\/\\\/cvinoticias.com\\\/v3\\\/\",\"logo\":{\"@type\":\"ImageObject\",\"inLanguage\":\"es\",\"@id\":\"https:\\\/\\\/cvinoticias.com\\\/v3\\\/#\\\/schema\\\/logo\\\/image\\\/\",\"url\":\"https:\\\/\\\/cvinoticias.com\\\/wp-content\\\/uploads\\\/2023\\\/04\\\/cropped-cropped-cropped-cropped-cropped-3-1.png\",\"contentUrl\":\"https:\\\/\\\/cvinoticias.com\\\/wp-content\\\/uploads\\\/2023\\\/04\\\/cropped-cropped-cropped-cropped-cropped-3-1.png\",\"width\":95,\"height\":122,\"caption\":\"CVI NOTICIAS\"},\"image\":{\"@id\":\"https:\\\/\\\/cvinoticias.com\\\/v3\\\/#\\\/schema\\\/logo\\\/image\\\/\"},\"sameAs\":[\"https:\\\/\\\/www.facebook.com\\\/cvinoticias\",\"https:\\\/\\\/www.instagram.com\\\/cvinoticias\\\/\",\"https:\\\/\\\/www.youtube.com\\\/@CVINOTICIAS\"]},{\"@type\":\"Person\",\"@id\":\"https:\\\/\\\/cvinoticias.com\\\/v3\\\/#\\\/schema\\\/person\\\/2db77e3c6bc03c538495d7b2b8be9b66\",\"name\":\"f1000024\",\"image\":{\"@type\":\"ImageObject\",\"inLanguage\":\"es\",\"@id\":\"https:\\\/\\\/secure.gravatar.com\\\/avatar\\\/d4fe7459cfc51ff5129ce1a732bbef5928568b8092d412ef95611616376bbeed?s=96&d=mm&r=g\",\"url\":\"https:\\\/\\\/secure.gravatar.com\\\/avatar\\\/d4fe7459cfc51ff5129ce1a732bbef5928568b8092d412ef95611616376bbeed?s=96&d=mm&r=g\",\"contentUrl\":\"https:\\\/\\\/secure.gravatar.com\\\/avatar\\\/d4fe7459cfc51ff5129ce1a732bbef5928568b8092d412ef95611616376bbeed?s=96&d=mm&r=g\",\"caption\":\"f1000024\"},\"url\":\"https:\\\/\\\/cvinoticias.com\\\/v3\\\/author\\\/f1000024\\\/\"}]}<\/script>\n<!-- \/ Yoast SEO plugin. -->","yoast_head_json":{"title":"El Gobierno cree que el incendio que provoc\u00f3 el apag\u00f3n masivo fue intencional | CVI NOTICIAS","robots":{"index":"index","follow":"follow","max-snippet":"max-snippet:-1","max-image-preview":"max-image-preview:large","max-video-preview":"max-video-preview:-1"},"canonical":"https:\/\/cvinoticias.com\/v3\/el-gobierno-cree-que-el-incendio-que-provoco-el-apagon-masivo-fue-intencional\/","og_locale":"es_ES","og_type":"article","og_title":"El Gobierno cree que el incendio que provoc\u00f3 el apag\u00f3n masivo fue intencional | CVI NOTICIAS","og_description":"El ministro de Econom\u00eda Sergio Massa hizo una presentaci\u00f3n ante el juez federal de Campana para que se investiguen las causas. Ricardo Casal, secretario Legal y Administrativo del Ministerio de Econom\u00eda, asegur\u00f3 hoy en una entrevista radial, que se encuentra convencido de que el incendio que provoc\u00f3 el apag\u00f3n masivo que afect\u00f3 a casi todo [&hellip;]","og_url":"https:\/\/cvinoticias.com\/v3\/el-gobierno-cree-que-el-incendio-que-provoco-el-apagon-masivo-fue-intencional\/","og_site_name":"CVI NOTICIAS","article_publisher":"https:\/\/www.facebook.com\/cvinoticias","article_published_time":"2023-03-02T15:20:38+00:00","og_image":[{"width":608,"height":342,"url":"https:\/\/cvinoticias.com\/wp-content\/uploads\/2023\/03\/f608x342-458149_487872_0.jpg","type":"image\/jpeg"}],"author":"f1000024","twitter_card":"summary_large_image","twitter_misc":{"Escrito por":"f1000024","Tiempo de lectura":"2 minutos"},"schema":{"@context":"https:\/\/schema.org","@graph":[{"@type":"Article","@id":"https:\/\/cvinoticias.com\/v3\/el-gobierno-cree-que-el-incendio-que-provoco-el-apagon-masivo-fue-intencional\/#article","isPartOf":{"@id":"https:\/\/cvinoticias.com\/v3\/el-gobierno-cree-que-el-incendio-que-provoco-el-apagon-masivo-fue-intencional\/"},"author":{"name":"f1000024","@id":"https:\/\/cvinoticias.com\/v3\/#\/schema\/person\/2db77e3c6bc03c538495d7b2b8be9b66"},"headline":"El Gobierno cree que el incendio que provoc\u00f3 el apag\u00f3n masivo fue intencional","datePublished":"2023-03-02T15:20:38+00:00","mainEntityOfPage":{"@id":"https:\/\/cvinoticias.com\/v3\/el-gobierno-cree-que-el-incendio-que-provoco-el-apagon-masivo-fue-intencional\/"},"wordCount":461,"commentCount":0,"publisher":{"@id":"https:\/\/cvinoticias.com\/v3\/#organization"},"image":{"@id":"https:\/\/cvinoticias.com\/v3\/el-gobierno-cree-que-el-incendio-que-provoco-el-apagon-masivo-fue-intencional\/#primaryimage"},"thumbnailUrl":"https:\/\/cvinoticias.com\/wp-content\/uploads\/2023\/03\/f608x342-458149_487872_0.jpg","articleSection":["Nacionales"],"inLanguage":"es","potentialAction":[{"@type":"CommentAction","name":"Comment","target":["https:\/\/cvinoticias.com\/v3\/el-gobierno-cree-que-el-incendio-que-provoco-el-apagon-masivo-fue-intencional\/#respond"]}]},{"@type":"WebPage","@id":"https:\/\/cvinoticias.com\/v3\/el-gobierno-cree-que-el-incendio-que-provoco-el-apagon-masivo-fue-intencional\/","url":"https:\/\/cvinoticias.com\/v3\/el-gobierno-cree-que-el-incendio-que-provoco-el-apagon-masivo-fue-intencional\/","name":"El Gobierno cree que el incendio que provoc\u00f3 el apag\u00f3n masivo fue intencional | CVI NOTICIAS","isPartOf":{"@id":"https:\/\/cvinoticias.com\/v3\/#website"},"primaryImageOfPage":{"@id":"https:\/\/cvinoticias.com\/v3\/el-gobierno-cree-que-el-incendio-que-provoco-el-apagon-masivo-fue-intencional\/#primaryimage"},"image":{"@id":"https:\/\/cvinoticias.com\/v3\/el-gobierno-cree-que-el-incendio-que-provoco-el-apagon-masivo-fue-intencional\/#primaryimage"},"thumbnailUrl":"https:\/\/cvinoticias.com\/wp-content\/uploads\/2023\/03\/f608x342-458149_487872_0.jpg","datePublished":"2023-03-02T15:20:38+00:00","breadcrumb":{"@id":"https:\/\/cvinoticias.com\/v3\/el-gobierno-cree-que-el-incendio-que-provoco-el-apagon-masivo-fue-intencional\/#breadcrumb"},"inLanguage":"es","potentialAction":[{"@type":"ReadAction","target":["https:\/\/cvinoticias.com\/v3\/el-gobierno-cree-que-el-incendio-que-provoco-el-apagon-masivo-fue-intencional\/"]}]},{"@type":"ImageObject","inLanguage":"es","@id":"https:\/\/cvinoticias.com\/v3\/el-gobierno-cree-que-el-incendio-que-provoco-el-apagon-masivo-fue-intencional\/#primaryimage","url":"https:\/\/cvinoticias.com\/wp-content\/uploads\/2023\/03\/f608x342-458149_487872_0.jpg","contentUrl":"https:\/\/cvinoticias.com\/wp-content\/uploads\/2023\/03\/f608x342-458149_487872_0.jpg","width":608,"height":342},{"@type":"BreadcrumbList","@id":"https:\/\/cvinoticias.com\/v3\/el-gobierno-cree-que-el-incendio-que-provoco-el-apagon-masivo-fue-intencional\/#breadcrumb","itemListElement":[{"@type":"ListItem","position":1,"name":"Portada","item":"https:\/\/cvinoticias.com\/v3\/"},{"@type":"ListItem","position":2,"name":"El Gobierno cree que el incendio que provoc\u00f3 el apag\u00f3n masivo fue intencional"}]},{"@type":"WebSite","@id":"https:\/\/cvinoticias.com\/v3\/#website","url":"https:\/\/cvinoticias.com\/v3\/","name":"CVI NOTICIAS","description":"","publisher":{"@id":"https:\/\/cvinoticias.com\/v3\/#organization"},"alternateName":"CVI","potentialAction":[{"@type":"SearchAction","target":{"@type":"EntryPoint","urlTemplate":"https:\/\/cvinoticias.com\/v3\/?s={search_term_string}"},"query-input":{"@type":"PropertyValueSpecification","valueRequired":true,"valueName":"search_term_string"}}],"inLanguage":"es"},{"@type":"Organization","@id":"https:\/\/cvinoticias.com\/v3\/#organization","name":"CVI NOTICIAS","url":"https:\/\/cvinoticias.com\/v3\/","logo":{"@type":"ImageObject","inLanguage":"es","@id":"https:\/\/cvinoticias.com\/v3\/#\/schema\/logo\/image\/","url":"https:\/\/cvinoticias.com\/wp-content\/uploads\/2023\/04\/cropped-cropped-cropped-cropped-cropped-3-1.png","contentUrl":"https:\/\/cvinoticias.com\/wp-content\/uploads\/2023\/04\/cropped-cropped-cropped-cropped-cropped-3-1.png","width":95,"height":122,"caption":"CVI NOTICIAS"},"image":{"@id":"https:\/\/cvinoticias.com\/v3\/#\/schema\/logo\/image\/"},"sameAs":["https:\/\/www.facebook.com\/cvinoticias","https:\/\/www.instagram.com\/cvinoticias\/","https:\/\/www.youtube.com\/@CVINOTICIAS"]},{"@type":"Person","@id":"https:\/\/cvinoticias.com\/v3\/#\/schema\/person\/2db77e3c6bc03c538495d7b2b8be9b66","name":"f1000024","image":{"@type":"ImageObject","inLanguage":"es","@id":"https:\/\/secure.gravatar.com\/avatar\/d4fe7459cfc51ff5129ce1a732bbef5928568b8092d412ef95611616376bbeed?s=96&d=mm&r=g","url":"https:\/\/secure.gravatar.com\/avatar\/d4fe7459cfc51ff5129ce1a732bbef5928568b8092d412ef95611616376bbeed?s=96&d=mm&r=g","contentUrl":"https:\/\/secure.gravatar.com\/avatar\/d4fe7459cfc51ff5129ce1a732bbef5928568b8092d412ef95611616376bbeed?s=96&d=mm&r=g","caption":"f1000024"},"url":"https:\/\/cvinoticias.com\/v3\/author\/f1000024\/"}]}},"_links":{"self":[{"href":"https:\/\/cvinoticias.com\/v3\/wp-json\/wp\/v2\/posts\/22985","targetHints":{"allow":["GET"]}}],"collection":[{"href":"https:\/\/cvinoticias.com\/v3\/wp-json\/wp\/v2\/posts"}],"about":[{"href":"https:\/\/cvinoticias.com\/v3\/wp-json\/wp\/v2\/types\/post"}],"author":[{"embeddable":true,"href":"https:\/\/cvinoticias.com\/v3\/wp-json\/wp\/v2\/users\/2"}],"replies":[{"embeddable":true,"href":"https:\/\/cvinoticias.com\/v3\/wp-json\/wp\/v2\/comments?post=22985"}],"version-history":[{"count":1,"href":"https:\/\/cvinoticias.com\/v3\/wp-json\/wp\/v2\/posts\/22985\/revisions"}],"predecessor-version":[{"id":22987,"href":"https:\/\/cvinoticias.com\/v3\/wp-json\/wp\/v2\/posts\/22985\/revisions\/22987"}],"wp:featuredmedia":[{"embeddable":true,"href":"https:\/\/cvinoticias.com\/v3\/wp-json\/wp\/v2\/media\/22986"}],"wp:attachment":[{"href":"https:\/\/cvinoticias.com\/v3\/wp-json\/wp\/v2\/media?parent=22985"}],"wp:term":[{"taxonomy":"category","embeddable":true,"href":"https:\/\/cvinoticias.com\/v3\/wp-json\/wp\/v2\/categories?post=22985"},{"taxonomy":"post_tag","embeddable":true,"href":"https:\/\/cvinoticias.com\/v3\/wp-json\/wp\/v2\/tags?post=22985"}],"curies":[{"name":"wp","href":"https:\/\/api.w.org\/{rel}","templated":true}]}}