{"id":22957,"date":"2023-03-01T20:28:04","date_gmt":"2023-03-01T20:28:04","guid":{"rendered":"https:\/\/cvinoticias.com\/v3\/?p=22957"},"modified":"2023-03-01T20:28:04","modified_gmt":"2023-03-01T20:28:04","slug":"raverta-sobre-la-nueva-moratoria-las-jubilaciones-nunca-pueden-ser-consideradas-un-deficit","status":"publish","type":"post","link":"https:\/\/cvinoticias.com\/v3\/raverta-sobre-la-nueva-moratoria-las-jubilaciones-nunca-pueden-ser-consideradas-un-deficit\/","title":{"rendered":"Raverta, sobre la nueva moratoria: \u00abLas jubilaciones nunca pueden ser consideradas un d\u00e9ficit\u00bb"},"content":{"rendered":"\n<p><strong><em>La titular de la Administraci\u00f3n Nacional de la Seguridad Social (Anses), Fernanda Raverta, destac\u00f3 hoy que la moratoria previsional aprobada ayer en el Congreso, que establece un plan de pago que permitir\u00e1 a unas 800.000 personas tener acceso a la jubilaci\u00f3n, es el resultado de \u00abuna lucha solidaria por los dem\u00e1s\u00bb, a tiempo que remarc\u00f3 que \u00ablas jubilaciones nunca pueden ser consideradas un d\u00e9ficit\u00bb.<\/em><\/strong><\/p>\n\n\n\n<p>\u00abLa nueva moratoria fue una lucha solidaria que se dio pensando en los dem\u00e1s\u00bb, se\u00f1al\u00f3 la funcionaria en declaraciones a Radio Nacional, al tiempo que calific\u00f3 la norma como \u00abuna inversi\u00f3n central\u00bb por parte del Estado .<\/p>\n\n\n\n<p>Raverta, quien confirm\u00f3 que se presentar\u00e1 como \u00abprecandidata a intendenta de Mar del Plata\u00bb para el per\u00edodo siguiente, cont\u00f3 que solo en esa ciudad bonaerense \u00abhay 13 mil personas que hoy deben estar festejando porque no se pod\u00edan jubilar\u00bb.<\/p>\n\n\n\n<p>\u00abPara nosotros, que los jubilados y las jubiladas puedan ingresar a un plan de pagos es una inversi\u00f3n central porque tambi\u00e9n genera un movimiento econ\u00f3mico que resulta un c\u00edrculo virtuoso. Los nuevos jubilados ayudan a que las jubilaciones futuras tambi\u00e9n sean mejores\u00bb, remarc\u00f3 la titular de la Anses.<\/p>\n\n\n\n<p>En ese marco, subray\u00f3 que \u00ablas jubilaciones nunca pueden ser consideradas un d\u00e9ficit\u00bb.<\/p>\n\n\n\n<p>De esta forma, Raverta sali\u00f3 al cruce de los argumentos contrarios a la ley que se esbozaron ayer desde el bloque de Juntos por el Cambio (JxC) cuando la iniciativa era tratada en el recinto.<\/p>\n\n\n\n<p>\u00abEsta tiene que ver con el bolsillo de hombres y mujeres que merecen atravesar dignamente una etapa de la vida en la que no pueden trabajar\u00bb, subray\u00f3.<\/p>\n","protected":false},"excerpt":{"rendered":"<p>La titular de la Administraci\u00f3n Nacional de la Seguridad Social (Anses), Fernanda Raverta, destac\u00f3 hoy que la moratoria previsional aprobada ayer en el Congreso, que establece un plan de pago que permitir\u00e1 a unas 800.000 personas tener acceso a la jubilaci\u00f3n, es el resultado de \u00abuna lucha solidaria por los dem\u00e1s\u00bb, a tiempo que remarc\u00f3 [&hellip;]<\/p>\n","protected":false},"author":2,"featured_media":22958,"comment_status":"open","ping_status":"open","sticky":false,"template":"","format":"standard","meta":{"footnotes":""},"categories":[35],"tags":[],"class_list":["post-22957","post","type-post","status-publish","format-standard","has-post-thumbnail","hentry","category-informacion-general"],"yoast_head":"<!-- This site is optimized with the Yoast SEO plugin v27.4 - https:\/\/yoast.com\/product\/yoast-seo-wordpress\/ -->\n<title>Raverta, sobre la nueva moratoria: &quot;Las jubilaciones nunca pueden ser consideradas un d\u00e9ficit&quot; | CVI NOTICIAS<\/title>\n<meta name=\"robots\" content=\"index, follow, max-snippet:-1, max-image-preview:large, max-video-preview:-1\" \/>\n<link rel=\"canonical\" href=\"https:\/\/cvinoticias.com\/v3\/raverta-sobre-la-nueva-moratoria-las-jubilaciones-nunca-pueden-ser-consideradas-un-deficit\/\" \/>\n<meta property=\"og:locale\" content=\"es_ES\" \/>\n<meta property=\"og:type\" content=\"article\" \/>\n<meta property=\"og:title\" content=\"Raverta, sobre la nueva moratoria: &quot;Las jubilaciones nunca pueden ser consideradas un d\u00e9ficit&quot; | CVI NOTICIAS\" \/>\n<meta property=\"og:description\" content=\"La titular de la Administraci\u00f3n Nacional de la Seguridad Social (Anses), Fernanda Raverta, destac\u00f3 hoy que la moratoria previsional aprobada ayer en el Congreso, que establece un plan de pago que permitir\u00e1 a unas 800.000 personas tener acceso a la jubilaci\u00f3n, es el resultado de \u00abuna lucha solidaria por los dem\u00e1s\u00bb, a tiempo que remarc\u00f3 [&hellip;]\" \/>\n<meta property=\"og:url\" content=\"https:\/\/cvinoticias.com\/v3\/raverta-sobre-la-nueva-moratoria-las-jubilaciones-nunca-pueden-ser-consideradas-un-deficit\/\" \/>\n<meta property=\"og:site_name\" content=\"CVI NOTICIAS\" \/>\n<meta property=\"article:publisher\" content=\"https:\/\/www.facebook.com\/cvinoticias\" \/>\n<meta property=\"article:published_time\" content=\"2023-03-01T20:28:04+00:00\" \/>\n<meta property=\"og:image\" content=\"https:\/\/cvinoticias.com\/wp-content\/uploads\/2023\/03\/31.jpg\" \/>\n\t<meta property=\"og:image:width\" content=\"1024\" \/>\n\t<meta property=\"og:image:height\" content=\"576\" \/>\n\t<meta property=\"og:image:type\" content=\"image\/jpeg\" \/>\n<meta name=\"author\" content=\"f1000024\" \/>\n<meta name=\"twitter:card\" content=\"summary_large_image\" \/>\n<meta name=\"twitter:label1\" content=\"Escrito por\" \/>\n\t<meta name=\"twitter:data1\" content=\"f1000024\" \/>\n\t<meta name=\"twitter:label2\" content=\"Tiempo de lectura\" \/>\n\t<meta name=\"twitter:data2\" content=\"1 minuto\" \/>\n<script type=\"application\/ld+json\" class=\"yoast-schema-graph\">{\"@context\":\"https:\\\/\\\/schema.org\",\"@graph\":[{\"@type\":\"Article\",\"@id\":\"https:\\\/\\\/cvinoticias.com\\\/v3\\\/raverta-sobre-la-nueva-moratoria-las-jubilaciones-nunca-pueden-ser-consideradas-un-deficit\\\/#article\",\"isPartOf\":{\"@id\":\"https:\\\/\\\/cvinoticias.com\\\/v3\\\/raverta-sobre-la-nueva-moratoria-las-jubilaciones-nunca-pueden-ser-consideradas-un-deficit\\\/\"},\"author\":{\"name\":\"f1000024\",\"@id\":\"https:\\\/\\\/cvinoticias.com\\\/v3\\\/#\\\/schema\\\/person\\\/2db77e3c6bc03c538495d7b2b8be9b66\"},\"headline\":\"Raverta, sobre la nueva moratoria: \u00abLas jubilaciones nunca pueden ser consideradas un d\u00e9ficit\u00bb\",\"datePublished\":\"2023-03-01T20:28:04+00:00\",\"mainEntityOfPage\":{\"@id\":\"https:\\\/\\\/cvinoticias.com\\\/v3\\\/raverta-sobre-la-nueva-moratoria-las-jubilaciones-nunca-pueden-ser-consideradas-un-deficit\\\/\"},\"wordCount\":289,\"commentCount\":0,\"publisher\":{\"@id\":\"https:\\\/\\\/cvinoticias.com\\\/v3\\\/#organization\"},\"image\":{\"@id\":\"https:\\\/\\\/cvinoticias.com\\\/v3\\\/raverta-sobre-la-nueva-moratoria-las-jubilaciones-nunca-pueden-ser-consideradas-un-deficit\\\/#primaryimage\"},\"thumbnailUrl\":\"https:\\\/\\\/cvinoticias.com\\\/wp-content\\\/uploads\\\/2023\\\/03\\\/31.jpg\",\"articleSection\":[\"Informaci\u00f3n General\"],\"inLanguage\":\"es\",\"potentialAction\":[{\"@type\":\"CommentAction\",\"name\":\"Comment\",\"target\":[\"https:\\\/\\\/cvinoticias.com\\\/v3\\\/raverta-sobre-la-nueva-moratoria-las-jubilaciones-nunca-pueden-ser-consideradas-un-deficit\\\/#respond\"]}]},{\"@type\":\"WebPage\",\"@id\":\"https:\\\/\\\/cvinoticias.com\\\/v3\\\/raverta-sobre-la-nueva-moratoria-las-jubilaciones-nunca-pueden-ser-consideradas-un-deficit\\\/\",\"url\":\"https:\\\/\\\/cvinoticias.com\\\/v3\\\/raverta-sobre-la-nueva-moratoria-las-jubilaciones-nunca-pueden-ser-consideradas-un-deficit\\\/\",\"name\":\"Raverta, sobre la nueva moratoria: \\\"Las jubilaciones nunca pueden ser consideradas un d\u00e9ficit\\\" | CVI NOTICIAS\",\"isPartOf\":{\"@id\":\"https:\\\/\\\/cvinoticias.com\\\/v3\\\/#website\"},\"primaryImageOfPage\":{\"@id\":\"https:\\\/\\\/cvinoticias.com\\\/v3\\\/raverta-sobre-la-nueva-moratoria-las-jubilaciones-nunca-pueden-ser-consideradas-un-deficit\\\/#primaryimage\"},\"image\":{\"@id\":\"https:\\\/\\\/cvinoticias.com\\\/v3\\\/raverta-sobre-la-nueva-moratoria-las-jubilaciones-nunca-pueden-ser-consideradas-un-deficit\\\/#primaryimage\"},\"thumbnailUrl\":\"https:\\\/\\\/cvinoticias.com\\\/wp-content\\\/uploads\\\/2023\\\/03\\\/31.jpg\",\"datePublished\":\"2023-03-01T20:28:04+00:00\",\"breadcrumb\":{\"@id\":\"https:\\\/\\\/cvinoticias.com\\\/v3\\\/raverta-sobre-la-nueva-moratoria-las-jubilaciones-nunca-pueden-ser-consideradas-un-deficit\\\/#breadcrumb\"},\"inLanguage\":\"es\",\"potentialAction\":[{\"@type\":\"ReadAction\",\"target\":[\"https:\\\/\\\/cvinoticias.com\\\/v3\\\/raverta-sobre-la-nueva-moratoria-las-jubilaciones-nunca-pueden-ser-consideradas-un-deficit\\\/\"]}]},{\"@type\":\"ImageObject\",\"inLanguage\":\"es\",\"@id\":\"https:\\\/\\\/cvinoticias.com\\\/v3\\\/raverta-sobre-la-nueva-moratoria-las-jubilaciones-nunca-pueden-ser-consideradas-un-deficit\\\/#primaryimage\",\"url\":\"https:\\\/\\\/cvinoticias.com\\\/wp-content\\\/uploads\\\/2023\\\/03\\\/31.jpg\",\"contentUrl\":\"https:\\\/\\\/cvinoticias.com\\\/wp-content\\\/uploads\\\/2023\\\/03\\\/31.jpg\",\"width\":1024,\"height\":576},{\"@type\":\"BreadcrumbList\",\"@id\":\"https:\\\/\\\/cvinoticias.com\\\/v3\\\/raverta-sobre-la-nueva-moratoria-las-jubilaciones-nunca-pueden-ser-consideradas-un-deficit\\\/#breadcrumb\",\"itemListElement\":[{\"@type\":\"ListItem\",\"position\":1,\"name\":\"Portada\",\"item\":\"https:\\\/\\\/cvinoticias.com\\\/v3\\\/\"},{\"@type\":\"ListItem\",\"position\":2,\"name\":\"Raverta, sobre la nueva moratoria: \u00abLas jubilaciones nunca pueden ser consideradas un d\u00e9ficit\u00bb\"}]},{\"@type\":\"WebSite\",\"@id\":\"https:\\\/\\\/cvinoticias.com\\\/v3\\\/#website\",\"url\":\"https:\\\/\\\/cvinoticias.com\\\/v3\\\/\",\"name\":\"CVI NOTICIAS\",\"description\":\"\",\"publisher\":{\"@id\":\"https:\\\/\\\/cvinoticias.com\\\/v3\\\/#organization\"},\"alternateName\":\"CVI\",\"potentialAction\":[{\"@type\":\"SearchAction\",\"target\":{\"@type\":\"EntryPoint\",\"urlTemplate\":\"https:\\\/\\\/cvinoticias.com\\\/v3\\\/?s={search_term_string}\"},\"query-input\":{\"@type\":\"PropertyValueSpecification\",\"valueRequired\":true,\"valueName\":\"search_term_string\"}}],\"inLanguage\":\"es\"},{\"@type\":\"Organization\",\"@id\":\"https:\\\/\\\/cvinoticias.com\\\/v3\\\/#organization\",\"name\":\"CVI NOTICIAS\",\"url\":\"https:\\\/\\\/cvinoticias.com\\\/v3\\\/\",\"logo\":{\"@type\":\"ImageObject\",\"inLanguage\":\"es\",\"@id\":\"https:\\\/\\\/cvinoticias.com\\\/v3\\\/#\\\/schema\\\/logo\\\/image\\\/\",\"url\":\"https:\\\/\\\/cvinoticias.com\\\/wp-content\\\/uploads\\\/2023\\\/04\\\/cropped-cropped-cropped-cropped-cropped-3-1.png\",\"contentUrl\":\"https:\\\/\\\/cvinoticias.com\\\/wp-content\\\/uploads\\\/2023\\\/04\\\/cropped-cropped-cropped-cropped-cropped-3-1.png\",\"width\":95,\"height\":122,\"caption\":\"CVI NOTICIAS\"},\"image\":{\"@id\":\"https:\\\/\\\/cvinoticias.com\\\/v3\\\/#\\\/schema\\\/logo\\\/image\\\/\"},\"sameAs\":[\"https:\\\/\\\/www.facebook.com\\\/cvinoticias\",\"https:\\\/\\\/www.instagram.com\\\/cvinoticias\\\/\",\"https:\\\/\\\/www.youtube.com\\\/@CVINOTICIAS\"]},{\"@type\":\"Person\",\"@id\":\"https:\\\/\\\/cvinoticias.com\\\/v3\\\/#\\\/schema\\\/person\\\/2db77e3c6bc03c538495d7b2b8be9b66\",\"name\":\"f1000024\",\"image\":{\"@type\":\"ImageObject\",\"inLanguage\":\"es\",\"@id\":\"https:\\\/\\\/secure.gravatar.com\\\/avatar\\\/d4fe7459cfc51ff5129ce1a732bbef5928568b8092d412ef95611616376bbeed?s=96&d=mm&r=g\",\"url\":\"https:\\\/\\\/secure.gravatar.com\\\/avatar\\\/d4fe7459cfc51ff5129ce1a732bbef5928568b8092d412ef95611616376bbeed?s=96&d=mm&r=g\",\"contentUrl\":\"https:\\\/\\\/secure.gravatar.com\\\/avatar\\\/d4fe7459cfc51ff5129ce1a732bbef5928568b8092d412ef95611616376bbeed?s=96&d=mm&r=g\",\"caption\":\"f1000024\"},\"url\":\"https:\\\/\\\/cvinoticias.com\\\/v3\\\/author\\\/f1000024\\\/\"}]}<\/script>\n<!-- \/ Yoast SEO plugin. -->","yoast_head_json":{"title":"Raverta, sobre la nueva moratoria: \"Las jubilaciones nunca pueden ser consideradas un d\u00e9ficit\" | CVI NOTICIAS","robots":{"index":"index","follow":"follow","max-snippet":"max-snippet:-1","max-image-preview":"max-image-preview:large","max-video-preview":"max-video-preview:-1"},"canonical":"https:\/\/cvinoticias.com\/v3\/raverta-sobre-la-nueva-moratoria-las-jubilaciones-nunca-pueden-ser-consideradas-un-deficit\/","og_locale":"es_ES","og_type":"article","og_title":"Raverta, sobre la nueva moratoria: \"Las jubilaciones nunca pueden ser consideradas un d\u00e9ficit\" | CVI NOTICIAS","og_description":"La titular de la Administraci\u00f3n Nacional de la Seguridad Social (Anses), Fernanda Raverta, destac\u00f3 hoy que la moratoria previsional aprobada ayer en el Congreso, que establece un plan de pago que permitir\u00e1 a unas 800.000 personas tener acceso a la jubilaci\u00f3n, es el resultado de \u00abuna lucha solidaria por los dem\u00e1s\u00bb, a tiempo que remarc\u00f3 [&hellip;]","og_url":"https:\/\/cvinoticias.com\/v3\/raverta-sobre-la-nueva-moratoria-las-jubilaciones-nunca-pueden-ser-consideradas-un-deficit\/","og_site_name":"CVI NOTICIAS","article_publisher":"https:\/\/www.facebook.com\/cvinoticias","article_published_time":"2023-03-01T20:28:04+00:00","og_image":[{"width":1024,"height":576,"url":"https:\/\/cvinoticias.com\/wp-content\/uploads\/2023\/03\/31.jpg","type":"image\/jpeg"}],"author":"f1000024","twitter_card":"summary_large_image","twitter_misc":{"Escrito por":"f1000024","Tiempo de lectura":"1 minuto"},"schema":{"@context":"https:\/\/schema.org","@graph":[{"@type":"Article","@id":"https:\/\/cvinoticias.com\/v3\/raverta-sobre-la-nueva-moratoria-las-jubilaciones-nunca-pueden-ser-consideradas-un-deficit\/#article","isPartOf":{"@id":"https:\/\/cvinoticias.com\/v3\/raverta-sobre-la-nueva-moratoria-las-jubilaciones-nunca-pueden-ser-consideradas-un-deficit\/"},"author":{"name":"f1000024","@id":"https:\/\/cvinoticias.com\/v3\/#\/schema\/person\/2db77e3c6bc03c538495d7b2b8be9b66"},"headline":"Raverta, sobre la nueva moratoria: \u00abLas jubilaciones nunca pueden ser consideradas un d\u00e9ficit\u00bb","datePublished":"2023-03-01T20:28:04+00:00","mainEntityOfPage":{"@id":"https:\/\/cvinoticias.com\/v3\/raverta-sobre-la-nueva-moratoria-las-jubilaciones-nunca-pueden-ser-consideradas-un-deficit\/"},"wordCount":289,"commentCount":0,"publisher":{"@id":"https:\/\/cvinoticias.com\/v3\/#organization"},"image":{"@id":"https:\/\/cvinoticias.com\/v3\/raverta-sobre-la-nueva-moratoria-las-jubilaciones-nunca-pueden-ser-consideradas-un-deficit\/#primaryimage"},"thumbnailUrl":"https:\/\/cvinoticias.com\/wp-content\/uploads\/2023\/03\/31.jpg","articleSection":["Informaci\u00f3n General"],"inLanguage":"es","potentialAction":[{"@type":"CommentAction","name":"Comment","target":["https:\/\/cvinoticias.com\/v3\/raverta-sobre-la-nueva-moratoria-las-jubilaciones-nunca-pueden-ser-consideradas-un-deficit\/#respond"]}]},{"@type":"WebPage","@id":"https:\/\/cvinoticias.com\/v3\/raverta-sobre-la-nueva-moratoria-las-jubilaciones-nunca-pueden-ser-consideradas-un-deficit\/","url":"https:\/\/cvinoticias.com\/v3\/raverta-sobre-la-nueva-moratoria-las-jubilaciones-nunca-pueden-ser-consideradas-un-deficit\/","name":"Raverta, sobre la nueva moratoria: \"Las jubilaciones nunca pueden ser consideradas un d\u00e9ficit\" | CVI NOTICIAS","isPartOf":{"@id":"https:\/\/cvinoticias.com\/v3\/#website"},"primaryImageOfPage":{"@id":"https:\/\/cvinoticias.com\/v3\/raverta-sobre-la-nueva-moratoria-las-jubilaciones-nunca-pueden-ser-consideradas-un-deficit\/#primaryimage"},"image":{"@id":"https:\/\/cvinoticias.com\/v3\/raverta-sobre-la-nueva-moratoria-las-jubilaciones-nunca-pueden-ser-consideradas-un-deficit\/#primaryimage"},"thumbnailUrl":"https:\/\/cvinoticias.com\/wp-content\/uploads\/2023\/03\/31.jpg","datePublished":"2023-03-01T20:28:04+00:00","breadcrumb":{"@id":"https:\/\/cvinoticias.com\/v3\/raverta-sobre-la-nueva-moratoria-las-jubilaciones-nunca-pueden-ser-consideradas-un-deficit\/#breadcrumb"},"inLanguage":"es","potentialAction":[{"@type":"ReadAction","target":["https:\/\/cvinoticias.com\/v3\/raverta-sobre-la-nueva-moratoria-las-jubilaciones-nunca-pueden-ser-consideradas-un-deficit\/"]}]},{"@type":"ImageObject","inLanguage":"es","@id":"https:\/\/cvinoticias.com\/v3\/raverta-sobre-la-nueva-moratoria-las-jubilaciones-nunca-pueden-ser-consideradas-un-deficit\/#primaryimage","url":"https:\/\/cvinoticias.com\/wp-content\/uploads\/2023\/03\/31.jpg","contentUrl":"https:\/\/cvinoticias.com\/wp-content\/uploads\/2023\/03\/31.jpg","width":1024,"height":576},{"@type":"BreadcrumbList","@id":"https:\/\/cvinoticias.com\/v3\/raverta-sobre-la-nueva-moratoria-las-jubilaciones-nunca-pueden-ser-consideradas-un-deficit\/#breadcrumb","itemListElement":[{"@type":"ListItem","position":1,"name":"Portada","item":"https:\/\/cvinoticias.com\/v3\/"},{"@type":"ListItem","position":2,"name":"Raverta, sobre la nueva moratoria: \u00abLas jubilaciones nunca pueden ser consideradas un d\u00e9ficit\u00bb"}]},{"@type":"WebSite","@id":"https:\/\/cvinoticias.com\/v3\/#website","url":"https:\/\/cvinoticias.com\/v3\/","name":"CVI NOTICIAS","description":"","publisher":{"@id":"https:\/\/cvinoticias.com\/v3\/#organization"},"alternateName":"CVI","potentialAction":[{"@type":"SearchAction","target":{"@type":"EntryPoint","urlTemplate":"https:\/\/cvinoticias.com\/v3\/?s={search_term_string}"},"query-input":{"@type":"PropertyValueSpecification","valueRequired":true,"valueName":"search_term_string"}}],"inLanguage":"es"},{"@type":"Organization","@id":"https:\/\/cvinoticias.com\/v3\/#organization","name":"CVI NOTICIAS","url":"https:\/\/cvinoticias.com\/v3\/","logo":{"@type":"ImageObject","inLanguage":"es","@id":"https:\/\/cvinoticias.com\/v3\/#\/schema\/logo\/image\/","url":"https:\/\/cvinoticias.com\/wp-content\/uploads\/2023\/04\/cropped-cropped-cropped-cropped-cropped-3-1.png","contentUrl":"https:\/\/cvinoticias.com\/wp-content\/uploads\/2023\/04\/cropped-cropped-cropped-cropped-cropped-3-1.png","width":95,"height":122,"caption":"CVI NOTICIAS"},"image":{"@id":"https:\/\/cvinoticias.com\/v3\/#\/schema\/logo\/image\/"},"sameAs":["https:\/\/www.facebook.com\/cvinoticias","https:\/\/www.instagram.com\/cvinoticias\/","https:\/\/www.youtube.com\/@CVINOTICIAS"]},{"@type":"Person","@id":"https:\/\/cvinoticias.com\/v3\/#\/schema\/person\/2db77e3c6bc03c538495d7b2b8be9b66","name":"f1000024","image":{"@type":"ImageObject","inLanguage":"es","@id":"https:\/\/secure.gravatar.com\/avatar\/d4fe7459cfc51ff5129ce1a732bbef5928568b8092d412ef95611616376bbeed?s=96&d=mm&r=g","url":"https:\/\/secure.gravatar.com\/avatar\/d4fe7459cfc51ff5129ce1a732bbef5928568b8092d412ef95611616376bbeed?s=96&d=mm&r=g","contentUrl":"https:\/\/secure.gravatar.com\/avatar\/d4fe7459cfc51ff5129ce1a732bbef5928568b8092d412ef95611616376bbeed?s=96&d=mm&r=g","caption":"f1000024"},"url":"https:\/\/cvinoticias.com\/v3\/author\/f1000024\/"}]}},"_links":{"self":[{"href":"https:\/\/cvinoticias.com\/v3\/wp-json\/wp\/v2\/posts\/22957","targetHints":{"allow":["GET"]}}],"collection":[{"href":"https:\/\/cvinoticias.com\/v3\/wp-json\/wp\/v2\/posts"}],"about":[{"href":"https:\/\/cvinoticias.com\/v3\/wp-json\/wp\/v2\/types\/post"}],"author":[{"embeddable":true,"href":"https:\/\/cvinoticias.com\/v3\/wp-json\/wp\/v2\/users\/2"}],"replies":[{"embeddable":true,"href":"https:\/\/cvinoticias.com\/v3\/wp-json\/wp\/v2\/comments?post=22957"}],"version-history":[{"count":1,"href":"https:\/\/cvinoticias.com\/v3\/wp-json\/wp\/v2\/posts\/22957\/revisions"}],"predecessor-version":[{"id":22959,"href":"https:\/\/cvinoticias.com\/v3\/wp-json\/wp\/v2\/posts\/22957\/revisions\/22959"}],"wp:featuredmedia":[{"embeddable":true,"href":"https:\/\/cvinoticias.com\/v3\/wp-json\/wp\/v2\/media\/22958"}],"wp:attachment":[{"href":"https:\/\/cvinoticias.com\/v3\/wp-json\/wp\/v2\/media?parent=22957"}],"wp:term":[{"taxonomy":"category","embeddable":true,"href":"https:\/\/cvinoticias.com\/v3\/wp-json\/wp\/v2\/categories?post=22957"},{"taxonomy":"post_tag","embeddable":true,"href":"https:\/\/cvinoticias.com\/v3\/wp-json\/wp\/v2\/tags?post=22957"}],"curies":[{"name":"wp","href":"https:\/\/api.w.org\/{rel}","templated":true}]}}