{"id":2289,"date":"2021-02-02T07:31:35","date_gmt":"2021-02-02T07:31:35","guid":{"rendered":"https:\/\/cvinoticias.com\/v3\/?p=2289"},"modified":"2021-02-02T07:31:35","modified_gmt":"2021-02-02T07:31:35","slug":"puerto-iguazu-se-realizo-el-acto-de-apertura-de-las-sesiones-legislativas-periodo-2021","status":"publish","type":"post","link":"https:\/\/cvinoticias.com\/v3\/puerto-iguazu-se-realizo-el-acto-de-apertura-de-las-sesiones-legislativas-periodo-2021\/","title":{"rendered":"Puerto Iguaz\u00fa: Se realiz\u00f3 el acto de Apertura de las Sesiones Legislativas Periodo 2021"},"content":{"rendered":"\n<p><strong><em>El Presidente del Honorable Concejo Deliberante Juan Jos\u00e9 Raynoldi, este lunes 1 de febrero, di\u00f3 inicio al acto de Apertura de las Sesiones Legislativas Periodo 2021.<\/em><\/strong><\/p>\n\n\n\n<p>Como lo estipula la Carta Org\u00e1nica Municipal el Intendente Dr. Claudio Ra\u00fal Filippa realiz\u00f3 un balance de su gesti\u00f3n en este a\u00f1o tan dif\u00edcil marcado por la pandemia, donde entre otras cosas se\u00f1al\u00f3 que durante el 2020 se invirti\u00f3 unos 9 millones de pesos en la distribuci\u00f3n de agua potable en la ciudad.<\/p>\n\n\n\n<p>Tambi\u00e9n se refiri\u00f3 a los distintos trabajos realizados por cada \u00c1rea Municipal, adem\u00e1s de sus proyectos de trabajo en este nuevo a\u00f1o.<\/p>\n\n\n\n<p>Presentes en el recinto adem\u00e1s de los Concejales, participaron autoridades Municipales y Prensa local.\/<\/p>\n\n\n\n<p><\/p>\n\n\n\n<p>Fotos Viviana Villar<\/p>\n\n\n\n<figure class=\"wp-block-image size-large\"><a href=\"https:\/\/cvinoticias.com\/wp-content\/uploads\/2021\/02\/IMG-20210201-WA0091.jpg\"><img decoding=\"async\" width=\"1024\" height=\"576\" data-src=\"https:\/\/cvinoticias.com\/wp-content\/uploads\/2021\/02\/IMG-20210201-WA0091-1024x576.jpg\" alt=\"\" class=\"wp-image-2291 lazyload\" data-srcset=\"https:\/\/cvinoticias.com\/wp-content\/uploads\/2021\/02\/IMG-20210201-WA0091-1024x576.jpg 1024w, https:\/\/cvinoticias.com\/wp-content\/uploads\/2021\/02\/IMG-20210201-WA0091-300x169.jpg 300w, https:\/\/cvinoticias.com\/wp-content\/uploads\/2021\/02\/IMG-20210201-WA0091-768x432.jpg 768w, https:\/\/cvinoticias.com\/wp-content\/uploads\/2021\/02\/IMG-20210201-WA0091.jpg 1032w\" data-sizes=\"(max-width: 1024px) 100vw, 1024px\" src=\"data:image\/svg+xml;base64,PHN2ZyB3aWR0aD0iMSIgaGVpZ2h0PSIxIiB4bWxucz0iaHR0cDovL3d3dy53My5vcmcvMjAwMC9zdmciPjwvc3ZnPg==\" style=\"--smush-placeholder-width: 1024px; --smush-placeholder-aspect-ratio: 1024\/576;\" \/><\/a><\/figure>\n\n\n\n<figure class=\"wp-block-image size-large\"><a href=\"https:\/\/cvinoticias.com\/wp-content\/uploads\/2021\/02\/IMG-20210201-WA0092.jpg\"><img decoding=\"async\" width=\"1024\" height=\"576\" data-src=\"https:\/\/cvinoticias.com\/wp-content\/uploads\/2021\/02\/IMG-20210201-WA0092-1024x576.jpg\" alt=\"\" class=\"wp-image-2293 lazyload\" data-srcset=\"https:\/\/cvinoticias.com\/wp-content\/uploads\/2021\/02\/IMG-20210201-WA0092-1024x576.jpg 1024w, https:\/\/cvinoticias.com\/wp-content\/uploads\/2021\/02\/IMG-20210201-WA0092-300x169.jpg 300w, https:\/\/cvinoticias.com\/wp-content\/uploads\/2021\/02\/IMG-20210201-WA0092-768x432.jpg 768w, https:\/\/cvinoticias.com\/wp-content\/uploads\/2021\/02\/IMG-20210201-WA0092.jpg 1032w\" data-sizes=\"(max-width: 1024px) 100vw, 1024px\" src=\"data:image\/svg+xml;base64,PHN2ZyB3aWR0aD0iMSIgaGVpZ2h0PSIxIiB4bWxucz0iaHR0cDovL3d3dy53My5vcmcvMjAwMC9zdmciPjwvc3ZnPg==\" style=\"--smush-placeholder-width: 1024px; --smush-placeholder-aspect-ratio: 1024\/576;\" \/><\/a><\/figure>\n","protected":false},"excerpt":{"rendered":"<p>El Presidente del Honorable Concejo Deliberante Juan Jos\u00e9 Raynoldi, este lunes 1 de febrero, di\u00f3 inicio al acto de Apertura de las Sesiones Legislativas Periodo 2021. Como lo estipula la Carta Org\u00e1nica Municipal el Intendente Dr. Claudio Ra\u00fal Filippa realiz\u00f3 un balance de su gesti\u00f3n en este a\u00f1o tan dif\u00edcil marcado por la pandemia, donde [&hellip;]<\/p>\n","protected":false},"author":2,"featured_media":2294,"comment_status":"open","ping_status":"open","sticky":false,"template":"","format":"standard","meta":{"footnotes":""},"categories":[25],"tags":[],"class_list":["post-2289","post","type-post","status-publish","format-standard","has-post-thumbnail","hentry","category-concejo-deliberante"],"yoast_head":"<!-- This site is optimized with the Yoast SEO plugin v27.5 - https:\/\/yoast.com\/product\/yoast-seo-wordpress\/ -->\n<title>Puerto Iguaz\u00fa: Se realiz\u00f3 el acto de Apertura de las Sesiones Legislativas Periodo 2021 | CVI NOTICIAS<\/title>\n<meta name=\"robots\" content=\"index, follow, max-snippet:-1, max-image-preview:large, max-video-preview:-1\" \/>\n<link rel=\"canonical\" href=\"https:\/\/cvinoticias.com\/v3\/puerto-iguazu-se-realizo-el-acto-de-apertura-de-las-sesiones-legislativas-periodo-2021\/\" \/>\n<meta property=\"og:locale\" content=\"es_ES\" \/>\n<meta property=\"og:type\" content=\"article\" \/>\n<meta property=\"og:title\" content=\"Puerto Iguaz\u00fa: Se realiz\u00f3 el acto de Apertura de las Sesiones Legislativas Periodo 2021 | CVI NOTICIAS\" \/>\n<meta property=\"og:description\" content=\"El Presidente del Honorable Concejo Deliberante Juan Jos\u00e9 Raynoldi, este lunes 1 de febrero, di\u00f3 inicio al acto de Apertura de las Sesiones Legislativas Periodo 2021. Como lo estipula la Carta Org\u00e1nica Municipal el Intendente Dr. Claudio Ra\u00fal Filippa realiz\u00f3 un balance de su gesti\u00f3n en este a\u00f1o tan dif\u00edcil marcado por la pandemia, donde [&hellip;]\" \/>\n<meta property=\"og:url\" content=\"https:\/\/cvinoticias.com\/v3\/puerto-iguazu-se-realizo-el-acto-de-apertura-de-las-sesiones-legislativas-periodo-2021\/\" \/>\n<meta property=\"og:site_name\" content=\"CVI NOTICIAS\" \/>\n<meta property=\"article:publisher\" content=\"https:\/\/www.facebook.com\/cvinoticias\" \/>\n<meta property=\"article:published_time\" content=\"2021-02-02T07:31:35+00:00\" \/>\n<meta property=\"og:image\" content=\"https:\/\/cvinoticias.com\/wp-content\/uploads\/2021\/02\/IMG-20210201-WA0096.jpg\" \/>\n\t<meta property=\"og:image:width\" content=\"1032\" \/>\n\t<meta property=\"og:image:height\" content=\"581\" \/>\n\t<meta property=\"og:image:type\" content=\"image\/jpeg\" \/>\n<meta name=\"author\" content=\"f1000024\" \/>\n<meta name=\"twitter:card\" content=\"summary_large_image\" \/>\n<meta name=\"twitter:label1\" content=\"Escrito por\" \/>\n\t<meta name=\"twitter:data1\" content=\"f1000024\" \/>\n\t<meta name=\"twitter:label2\" content=\"Tiempo de lectura\" \/>\n\t<meta name=\"twitter:data2\" content=\"1 minuto\" \/>\n<script type=\"application\/ld+json\" class=\"yoast-schema-graph\">{\"@context\":\"https:\\\/\\\/schema.org\",\"@graph\":[{\"@type\":\"Article\",\"@id\":\"https:\\\/\\\/cvinoticias.com\\\/v3\\\/puerto-iguazu-se-realizo-el-acto-de-apertura-de-las-sesiones-legislativas-periodo-2021\\\/#article\",\"isPartOf\":{\"@id\":\"https:\\\/\\\/cvinoticias.com\\\/v3\\\/puerto-iguazu-se-realizo-el-acto-de-apertura-de-las-sesiones-legislativas-periodo-2021\\\/\"},\"author\":{\"name\":\"f1000024\",\"@id\":\"https:\\\/\\\/cvinoticias.com\\\/v3\\\/#\\\/schema\\\/person\\\/2db77e3c6bc03c538495d7b2b8be9b66\"},\"headline\":\"Puerto Iguaz\u00fa: Se realiz\u00f3 el acto de Apertura de las Sesiones Legislativas Periodo 2021\",\"datePublished\":\"2021-02-02T07:31:35+00:00\",\"mainEntityOfPage\":{\"@id\":\"https:\\\/\\\/cvinoticias.com\\\/v3\\\/puerto-iguazu-se-realizo-el-acto-de-apertura-de-las-sesiones-legislativas-periodo-2021\\\/\"},\"wordCount\":138,\"commentCount\":0,\"publisher\":{\"@id\":\"https:\\\/\\\/cvinoticias.com\\\/v3\\\/#organization\"},\"image\":{\"@id\":\"https:\\\/\\\/cvinoticias.com\\\/v3\\\/puerto-iguazu-se-realizo-el-acto-de-apertura-de-las-sesiones-legislativas-periodo-2021\\\/#primaryimage\"},\"thumbnailUrl\":\"https:\\\/\\\/cvinoticias.com\\\/wp-content\\\/uploads\\\/2021\\\/02\\\/IMG-20210201-WA0096.jpg\",\"articleSection\":[\"Concejo Deliberante\"],\"inLanguage\":\"es\",\"potentialAction\":[{\"@type\":\"CommentAction\",\"name\":\"Comment\",\"target\":[\"https:\\\/\\\/cvinoticias.com\\\/v3\\\/puerto-iguazu-se-realizo-el-acto-de-apertura-de-las-sesiones-legislativas-periodo-2021\\\/#respond\"]}]},{\"@type\":\"WebPage\",\"@id\":\"https:\\\/\\\/cvinoticias.com\\\/v3\\\/puerto-iguazu-se-realizo-el-acto-de-apertura-de-las-sesiones-legislativas-periodo-2021\\\/\",\"url\":\"https:\\\/\\\/cvinoticias.com\\\/v3\\\/puerto-iguazu-se-realizo-el-acto-de-apertura-de-las-sesiones-legislativas-periodo-2021\\\/\",\"name\":\"Puerto Iguaz\u00fa: Se realiz\u00f3 el acto de Apertura de las Sesiones Legislativas Periodo 2021 | CVI NOTICIAS\",\"isPartOf\":{\"@id\":\"https:\\\/\\\/cvinoticias.com\\\/v3\\\/#website\"},\"primaryImageOfPage\":{\"@id\":\"https:\\\/\\\/cvinoticias.com\\\/v3\\\/puerto-iguazu-se-realizo-el-acto-de-apertura-de-las-sesiones-legislativas-periodo-2021\\\/#primaryimage\"},\"image\":{\"@id\":\"https:\\\/\\\/cvinoticias.com\\\/v3\\\/puerto-iguazu-se-realizo-el-acto-de-apertura-de-las-sesiones-legislativas-periodo-2021\\\/#primaryimage\"},\"thumbnailUrl\":\"https:\\\/\\\/cvinoticias.com\\\/wp-content\\\/uploads\\\/2021\\\/02\\\/IMG-20210201-WA0096.jpg\",\"datePublished\":\"2021-02-02T07:31:35+00:00\",\"breadcrumb\":{\"@id\":\"https:\\\/\\\/cvinoticias.com\\\/v3\\\/puerto-iguazu-se-realizo-el-acto-de-apertura-de-las-sesiones-legislativas-periodo-2021\\\/#breadcrumb\"},\"inLanguage\":\"es\",\"potentialAction\":[{\"@type\":\"ReadAction\",\"target\":[\"https:\\\/\\\/cvinoticias.com\\\/v3\\\/puerto-iguazu-se-realizo-el-acto-de-apertura-de-las-sesiones-legislativas-periodo-2021\\\/\"]}]},{\"@type\":\"ImageObject\",\"inLanguage\":\"es\",\"@id\":\"https:\\\/\\\/cvinoticias.com\\\/v3\\\/puerto-iguazu-se-realizo-el-acto-de-apertura-de-las-sesiones-legislativas-periodo-2021\\\/#primaryimage\",\"url\":\"https:\\\/\\\/cvinoticias.com\\\/wp-content\\\/uploads\\\/2021\\\/02\\\/IMG-20210201-WA0096.jpg\",\"contentUrl\":\"https:\\\/\\\/cvinoticias.com\\\/wp-content\\\/uploads\\\/2021\\\/02\\\/IMG-20210201-WA0096.jpg\",\"width\":1032,\"height\":581},{\"@type\":\"BreadcrumbList\",\"@id\":\"https:\\\/\\\/cvinoticias.com\\\/v3\\\/puerto-iguazu-se-realizo-el-acto-de-apertura-de-las-sesiones-legislativas-periodo-2021\\\/#breadcrumb\",\"itemListElement\":[{\"@type\":\"ListItem\",\"position\":1,\"name\":\"Portada\",\"item\":\"https:\\\/\\\/cvinoticias.com\\\/v3\\\/\"},{\"@type\":\"ListItem\",\"position\":2,\"name\":\"Puerto Iguaz\u00fa: Se realiz\u00f3 el acto de Apertura de las Sesiones Legislativas Periodo 2021\"}]},{\"@type\":\"WebSite\",\"@id\":\"https:\\\/\\\/cvinoticias.com\\\/v3\\\/#website\",\"url\":\"https:\\\/\\\/cvinoticias.com\\\/v3\\\/\",\"name\":\"CVI NOTICIAS\",\"description\":\"\",\"publisher\":{\"@id\":\"https:\\\/\\\/cvinoticias.com\\\/v3\\\/#organization\"},\"alternateName\":\"CVI\",\"potentialAction\":[{\"@type\":\"SearchAction\",\"target\":{\"@type\":\"EntryPoint\",\"urlTemplate\":\"https:\\\/\\\/cvinoticias.com\\\/v3\\\/?s={search_term_string}\"},\"query-input\":{\"@type\":\"PropertyValueSpecification\",\"valueRequired\":true,\"valueName\":\"search_term_string\"}}],\"inLanguage\":\"es\"},{\"@type\":\"Organization\",\"@id\":\"https:\\\/\\\/cvinoticias.com\\\/v3\\\/#organization\",\"name\":\"CVI NOTICIAS\",\"url\":\"https:\\\/\\\/cvinoticias.com\\\/v3\\\/\",\"logo\":{\"@type\":\"ImageObject\",\"inLanguage\":\"es\",\"@id\":\"https:\\\/\\\/cvinoticias.com\\\/v3\\\/#\\\/schema\\\/logo\\\/image\\\/\",\"url\":\"https:\\\/\\\/cvinoticias.com\\\/wp-content\\\/uploads\\\/2023\\\/04\\\/cropped-cropped-cropped-cropped-cropped-3-1.png\",\"contentUrl\":\"https:\\\/\\\/cvinoticias.com\\\/wp-content\\\/uploads\\\/2023\\\/04\\\/cropped-cropped-cropped-cropped-cropped-3-1.png\",\"width\":95,\"height\":122,\"caption\":\"CVI NOTICIAS\"},\"image\":{\"@id\":\"https:\\\/\\\/cvinoticias.com\\\/v3\\\/#\\\/schema\\\/logo\\\/image\\\/\"},\"sameAs\":[\"https:\\\/\\\/www.facebook.com\\\/cvinoticias\",\"https:\\\/\\\/www.instagram.com\\\/cvinoticias\\\/\",\"https:\\\/\\\/www.youtube.com\\\/@CVINOTICIAS\"]},{\"@type\":\"Person\",\"@id\":\"https:\\\/\\\/cvinoticias.com\\\/v3\\\/#\\\/schema\\\/person\\\/2db77e3c6bc03c538495d7b2b8be9b66\",\"name\":\"f1000024\",\"image\":{\"@type\":\"ImageObject\",\"inLanguage\":\"es\",\"@id\":\"https:\\\/\\\/secure.gravatar.com\\\/avatar\\\/d4fe7459cfc51ff5129ce1a732bbef5928568b8092d412ef95611616376bbeed?s=96&d=mm&r=g\",\"url\":\"https:\\\/\\\/secure.gravatar.com\\\/avatar\\\/d4fe7459cfc51ff5129ce1a732bbef5928568b8092d412ef95611616376bbeed?s=96&d=mm&r=g\",\"contentUrl\":\"https:\\\/\\\/secure.gravatar.com\\\/avatar\\\/d4fe7459cfc51ff5129ce1a732bbef5928568b8092d412ef95611616376bbeed?s=96&d=mm&r=g\",\"caption\":\"f1000024\"},\"url\":\"https:\\\/\\\/cvinoticias.com\\\/v3\\\/author\\\/f1000024\\\/\"}]}<\/script>\n<!-- \/ Yoast SEO plugin. -->","yoast_head_json":{"title":"Puerto Iguaz\u00fa: Se realiz\u00f3 el acto de Apertura de las Sesiones Legislativas Periodo 2021 | CVI NOTICIAS","robots":{"index":"index","follow":"follow","max-snippet":"max-snippet:-1","max-image-preview":"max-image-preview:large","max-video-preview":"max-video-preview:-1"},"canonical":"https:\/\/cvinoticias.com\/v3\/puerto-iguazu-se-realizo-el-acto-de-apertura-de-las-sesiones-legislativas-periodo-2021\/","og_locale":"es_ES","og_type":"article","og_title":"Puerto Iguaz\u00fa: Se realiz\u00f3 el acto de Apertura de las Sesiones Legislativas Periodo 2021 | CVI NOTICIAS","og_description":"El Presidente del Honorable Concejo Deliberante Juan Jos\u00e9 Raynoldi, este lunes 1 de febrero, di\u00f3 inicio al acto de Apertura de las Sesiones Legislativas Periodo 2021. Como lo estipula la Carta Org\u00e1nica Municipal el Intendente Dr. Claudio Ra\u00fal Filippa realiz\u00f3 un balance de su gesti\u00f3n en este a\u00f1o tan dif\u00edcil marcado por la pandemia, donde [&hellip;]","og_url":"https:\/\/cvinoticias.com\/v3\/puerto-iguazu-se-realizo-el-acto-de-apertura-de-las-sesiones-legislativas-periodo-2021\/","og_site_name":"CVI NOTICIAS","article_publisher":"https:\/\/www.facebook.com\/cvinoticias","article_published_time":"2021-02-02T07:31:35+00:00","og_image":[{"width":1032,"height":581,"url":"https:\/\/cvinoticias.com\/wp-content\/uploads\/2021\/02\/IMG-20210201-WA0096.jpg","type":"image\/jpeg"}],"author":"f1000024","twitter_card":"summary_large_image","twitter_misc":{"Escrito por":"f1000024","Tiempo de lectura":"1 minuto"},"schema":{"@context":"https:\/\/schema.org","@graph":[{"@type":"Article","@id":"https:\/\/cvinoticias.com\/v3\/puerto-iguazu-se-realizo-el-acto-de-apertura-de-las-sesiones-legislativas-periodo-2021\/#article","isPartOf":{"@id":"https:\/\/cvinoticias.com\/v3\/puerto-iguazu-se-realizo-el-acto-de-apertura-de-las-sesiones-legislativas-periodo-2021\/"},"author":{"name":"f1000024","@id":"https:\/\/cvinoticias.com\/v3\/#\/schema\/person\/2db77e3c6bc03c538495d7b2b8be9b66"},"headline":"Puerto Iguaz\u00fa: Se realiz\u00f3 el acto de Apertura de las Sesiones Legislativas Periodo 2021","datePublished":"2021-02-02T07:31:35+00:00","mainEntityOfPage":{"@id":"https:\/\/cvinoticias.com\/v3\/puerto-iguazu-se-realizo-el-acto-de-apertura-de-las-sesiones-legislativas-periodo-2021\/"},"wordCount":138,"commentCount":0,"publisher":{"@id":"https:\/\/cvinoticias.com\/v3\/#organization"},"image":{"@id":"https:\/\/cvinoticias.com\/v3\/puerto-iguazu-se-realizo-el-acto-de-apertura-de-las-sesiones-legislativas-periodo-2021\/#primaryimage"},"thumbnailUrl":"https:\/\/cvinoticias.com\/wp-content\/uploads\/2021\/02\/IMG-20210201-WA0096.jpg","articleSection":["Concejo Deliberante"],"inLanguage":"es","potentialAction":[{"@type":"CommentAction","name":"Comment","target":["https:\/\/cvinoticias.com\/v3\/puerto-iguazu-se-realizo-el-acto-de-apertura-de-las-sesiones-legislativas-periodo-2021\/#respond"]}]},{"@type":"WebPage","@id":"https:\/\/cvinoticias.com\/v3\/puerto-iguazu-se-realizo-el-acto-de-apertura-de-las-sesiones-legislativas-periodo-2021\/","url":"https:\/\/cvinoticias.com\/v3\/puerto-iguazu-se-realizo-el-acto-de-apertura-de-las-sesiones-legislativas-periodo-2021\/","name":"Puerto Iguaz\u00fa: Se realiz\u00f3 el acto de Apertura de las Sesiones Legislativas Periodo 2021 | CVI NOTICIAS","isPartOf":{"@id":"https:\/\/cvinoticias.com\/v3\/#website"},"primaryImageOfPage":{"@id":"https:\/\/cvinoticias.com\/v3\/puerto-iguazu-se-realizo-el-acto-de-apertura-de-las-sesiones-legislativas-periodo-2021\/#primaryimage"},"image":{"@id":"https:\/\/cvinoticias.com\/v3\/puerto-iguazu-se-realizo-el-acto-de-apertura-de-las-sesiones-legislativas-periodo-2021\/#primaryimage"},"thumbnailUrl":"https:\/\/cvinoticias.com\/wp-content\/uploads\/2021\/02\/IMG-20210201-WA0096.jpg","datePublished":"2021-02-02T07:31:35+00:00","breadcrumb":{"@id":"https:\/\/cvinoticias.com\/v3\/puerto-iguazu-se-realizo-el-acto-de-apertura-de-las-sesiones-legislativas-periodo-2021\/#breadcrumb"},"inLanguage":"es","potentialAction":[{"@type":"ReadAction","target":["https:\/\/cvinoticias.com\/v3\/puerto-iguazu-se-realizo-el-acto-de-apertura-de-las-sesiones-legislativas-periodo-2021\/"]}]},{"@type":"ImageObject","inLanguage":"es","@id":"https:\/\/cvinoticias.com\/v3\/puerto-iguazu-se-realizo-el-acto-de-apertura-de-las-sesiones-legislativas-periodo-2021\/#primaryimage","url":"https:\/\/cvinoticias.com\/wp-content\/uploads\/2021\/02\/IMG-20210201-WA0096.jpg","contentUrl":"https:\/\/cvinoticias.com\/wp-content\/uploads\/2021\/02\/IMG-20210201-WA0096.jpg","width":1032,"height":581},{"@type":"BreadcrumbList","@id":"https:\/\/cvinoticias.com\/v3\/puerto-iguazu-se-realizo-el-acto-de-apertura-de-las-sesiones-legislativas-periodo-2021\/#breadcrumb","itemListElement":[{"@type":"ListItem","position":1,"name":"Portada","item":"https:\/\/cvinoticias.com\/v3\/"},{"@type":"ListItem","position":2,"name":"Puerto Iguaz\u00fa: Se realiz\u00f3 el acto de Apertura de las Sesiones Legislativas Periodo 2021"}]},{"@type":"WebSite","@id":"https:\/\/cvinoticias.com\/v3\/#website","url":"https:\/\/cvinoticias.com\/v3\/","name":"CVI NOTICIAS","description":"","publisher":{"@id":"https:\/\/cvinoticias.com\/v3\/#organization"},"alternateName":"CVI","potentialAction":[{"@type":"SearchAction","target":{"@type":"EntryPoint","urlTemplate":"https:\/\/cvinoticias.com\/v3\/?s={search_term_string}"},"query-input":{"@type":"PropertyValueSpecification","valueRequired":true,"valueName":"search_term_string"}}],"inLanguage":"es"},{"@type":"Organization","@id":"https:\/\/cvinoticias.com\/v3\/#organization","name":"CVI NOTICIAS","url":"https:\/\/cvinoticias.com\/v3\/","logo":{"@type":"ImageObject","inLanguage":"es","@id":"https:\/\/cvinoticias.com\/v3\/#\/schema\/logo\/image\/","url":"https:\/\/cvinoticias.com\/wp-content\/uploads\/2023\/04\/cropped-cropped-cropped-cropped-cropped-3-1.png","contentUrl":"https:\/\/cvinoticias.com\/wp-content\/uploads\/2023\/04\/cropped-cropped-cropped-cropped-cropped-3-1.png","width":95,"height":122,"caption":"CVI NOTICIAS"},"image":{"@id":"https:\/\/cvinoticias.com\/v3\/#\/schema\/logo\/image\/"},"sameAs":["https:\/\/www.facebook.com\/cvinoticias","https:\/\/www.instagram.com\/cvinoticias\/","https:\/\/www.youtube.com\/@CVINOTICIAS"]},{"@type":"Person","@id":"https:\/\/cvinoticias.com\/v3\/#\/schema\/person\/2db77e3c6bc03c538495d7b2b8be9b66","name":"f1000024","image":{"@type":"ImageObject","inLanguage":"es","@id":"https:\/\/secure.gravatar.com\/avatar\/d4fe7459cfc51ff5129ce1a732bbef5928568b8092d412ef95611616376bbeed?s=96&d=mm&r=g","url":"https:\/\/secure.gravatar.com\/avatar\/d4fe7459cfc51ff5129ce1a732bbef5928568b8092d412ef95611616376bbeed?s=96&d=mm&r=g","contentUrl":"https:\/\/secure.gravatar.com\/avatar\/d4fe7459cfc51ff5129ce1a732bbef5928568b8092d412ef95611616376bbeed?s=96&d=mm&r=g","caption":"f1000024"},"url":"https:\/\/cvinoticias.com\/v3\/author\/f1000024\/"}]}},"_links":{"self":[{"href":"https:\/\/cvinoticias.com\/v3\/wp-json\/wp\/v2\/posts\/2289","targetHints":{"allow":["GET"]}}],"collection":[{"href":"https:\/\/cvinoticias.com\/v3\/wp-json\/wp\/v2\/posts"}],"about":[{"href":"https:\/\/cvinoticias.com\/v3\/wp-json\/wp\/v2\/types\/post"}],"author":[{"embeddable":true,"href":"https:\/\/cvinoticias.com\/v3\/wp-json\/wp\/v2\/users\/2"}],"replies":[{"embeddable":true,"href":"https:\/\/cvinoticias.com\/v3\/wp-json\/wp\/v2\/comments?post=2289"}],"version-history":[{"count":1,"href":"https:\/\/cvinoticias.com\/v3\/wp-json\/wp\/v2\/posts\/2289\/revisions"}],"predecessor-version":[{"id":2295,"href":"https:\/\/cvinoticias.com\/v3\/wp-json\/wp\/v2\/posts\/2289\/revisions\/2295"}],"wp:featuredmedia":[{"embeddable":true,"href":"https:\/\/cvinoticias.com\/v3\/wp-json\/wp\/v2\/media\/2294"}],"wp:attachment":[{"href":"https:\/\/cvinoticias.com\/v3\/wp-json\/wp\/v2\/media?parent=2289"}],"wp:term":[{"taxonomy":"category","embeddable":true,"href":"https:\/\/cvinoticias.com\/v3\/wp-json\/wp\/v2\/categories?post=2289"},{"taxonomy":"post_tag","embeddable":true,"href":"https:\/\/cvinoticias.com\/v3\/wp-json\/wp\/v2\/tags?post=2289"}],"curies":[{"name":"wp","href":"https:\/\/api.w.org\/{rel}","templated":true}]}}