{"id":2285,"date":"2021-02-01T19:27:20","date_gmt":"2021-02-01T19:27:20","guid":{"rendered":"https:\/\/cvinoticias.com\/v3\/?p=2285"},"modified":"2021-02-01T19:27:20","modified_gmt":"2021-02-01T19:27:20","slug":"boletin-referente-al-consejo-consultivo-para-personas-con-discapacidad","status":"publish","type":"post","link":"https:\/\/cvinoticias.com\/v3\/boletin-referente-al-consejo-consultivo-para-personas-con-discapacidad\/","title":{"rendered":"Bolet\u00edn referente al Consejo Consultivo para Personas con Discapacidad"},"content":{"rendered":"\n<p><strong><em>Se solicita a todos los ciudadanos de nuestra comunidad que se encuentren enmarcados dentro del contexto de Discapacidades f\u00edsicas, mentales, intelectuales o sensoriales permanentes (largo plazo) concurrir, a partir del 01 de Febrero de 2021, a la Direcci\u00f3n de Asistencia Social de la Municipalidad, entre las calles Ant\u00e1rtida Argentina y Provincia Jujuy, Barrio San Lucas (CIC) que cuenten, o no, con el certificado \u00fanico de discapacidad (C.U.D.) con el fin de realizar el relevamiento de nuevos, o ya inscriptos, y su correspondiente actualizaci\u00f3n en el padr\u00f3n municipal.<\/em><\/strong><\/p>\n\n\n\n<p>Los mismos, y\/o tutor a cargo, seg\u00fan el tipo y grado de discapacidad, podr\u00e1n hacerlo de Lunes a Viernes, en los horarios de 09:00 hs a 11:30 hs, munidos de DNI, certificado de domicilio, certificado m\u00e9dico de discapacidad y\/o CUD, si ya contaran con el mismo<\/p>\n\n\n\n<p>Dicho Consejo Consultivo de estamento Municipal, reglamentado en la Ordenanza Municipal 04\/13, y en consonancia con leyes nacionales (Ley 22.432) y provinciales (Ley I Nro. 60 &#8211; ex Ley 3698 &#8211; y Ley XIX Nro. 23 &#8211; ex Ley 2707 -), se erige ante la comunidad como representante de las Personas con Discapacidad de nuestra ciudad y con autoridad para actuar ante dependencias y organismos Municipales y Provinciales, cuya una de sus principales misiones es la permanente invitaci\u00f3n a la participaci\u00f3n activa en este espacio a las diferentes instituciones y organizaciones de y para las personas con discapacidades que obran en nuestra comunidad, como as\u00ed tambi\u00e9n a los particulares interesados en trabajar a favor de la inclusi\u00f3n de los mismos.<\/p>\n\n\n\n<p>Se solicita a todas las Instituciones y Organizaciones que nuclean a las Personas con Discapacidad, como as\u00ed tambi\u00e9n a actores sociales e interesados comprometidos con el tema de nuestra comunidad, tengan a bien concurrir a la oficina del Consejo Consultivo para Personas con Discapacidad, que temporalmente funciona en la Direcci\u00f3n de Asistencia Social y Discapacidad, dependencia de la Secretaria de Salud y Acci\u00f3n Social del Municipio, cito entre calles Ant\u00e1rtida Argentina y Provincia de Jujuy &#8211; Barrio San Lucas (C.I.C &#8211; Centro Integrador Comunitario)<\/p>\n\n\n\n<p>La constante evoluci\u00f3n sobre el concepto de Discapacidad que en el presente se incluyen \u00aba todas aquellas personas que tengan deficiencias f\u00edsicas, mentales, intelectuales o sensoriales a largo plazo (permanentes) que, al interactuar con diferentes barreras, puedan impedir su participaci\u00f3n plena y efectiva en la sociedad, en igualdad de condiciones con los dem\u00e1s.<\/p>\n\n\n\n<figure class=\"wp-block-image size-large\"><a href=\"https:\/\/cvinoticias.com\/wp-content\/uploads\/2021\/02\/IMG-20210201-WA0029.jpg\"><img decoding=\"async\" width=\"1024\" height=\"762\" data-src=\"https:\/\/cvinoticias.com\/wp-content\/uploads\/2021\/02\/IMG-20210201-WA0029-1024x762.jpg\" alt=\"\" class=\"wp-image-2287 lazyload\" data-srcset=\"https:\/\/cvinoticias.com\/wp-content\/uploads\/2021\/02\/IMG-20210201-WA0029-1024x762.jpg 1024w, https:\/\/cvinoticias.com\/wp-content\/uploads\/2021\/02\/IMG-20210201-WA0029-300x223.jpg 300w, https:\/\/cvinoticias.com\/wp-content\/uploads\/2021\/02\/IMG-20210201-WA0029-768x571.jpg 768w, https:\/\/cvinoticias.com\/wp-content\/uploads\/2021\/02\/IMG-20210201-WA0029.jpg 1242w\" data-sizes=\"(max-width: 1024px) 100vw, 1024px\" src=\"data:image\/svg+xml;base64,PHN2ZyB3aWR0aD0iMSIgaGVpZ2h0PSIxIiB4bWxucz0iaHR0cDovL3d3dy53My5vcmcvMjAwMC9zdmciPjwvc3ZnPg==\" style=\"--smush-placeholder-width: 1024px; --smush-placeholder-aspect-ratio: 1024\/762;\" \/><\/a><\/figure>\n","protected":false},"excerpt":{"rendered":"<p>Se solicita a todos los ciudadanos de nuestra comunidad que se encuentren enmarcados dentro del contexto de Discapacidades f\u00edsicas, mentales, intelectuales o sensoriales permanentes (largo plazo) concurrir, a partir del 01 de Febrero de 2021, a la Direcci\u00f3n de Asistencia Social de la Municipalidad, entre las calles Ant\u00e1rtida Argentina y Provincia Jujuy, Barrio San Lucas [&hellip;]<\/p>\n","protected":false},"author":2,"featured_media":2286,"comment_status":"open","ping_status":"open","sticky":false,"template":"","format":"standard","meta":{"footnotes":""},"categories":[29],"tags":[],"class_list":["post-2285","post","type-post","status-publish","format-standard","has-post-thumbnail","hentry","category-locales"],"yoast_head":"<!-- This site is optimized with the Yoast SEO plugin v27.4 - https:\/\/yoast.com\/product\/yoast-seo-wordpress\/ -->\n<title>Bolet\u00edn referente al Consejo Consultivo para Personas con Discapacidad | CVI NOTICIAS<\/title>\n<meta name=\"robots\" content=\"index, follow, max-snippet:-1, max-image-preview:large, max-video-preview:-1\" \/>\n<link rel=\"canonical\" href=\"https:\/\/cvinoticias.com\/v3\/boletin-referente-al-consejo-consultivo-para-personas-con-discapacidad\/\" \/>\n<meta property=\"og:locale\" content=\"es_ES\" \/>\n<meta property=\"og:type\" content=\"article\" \/>\n<meta property=\"og:title\" content=\"Bolet\u00edn referente al Consejo Consultivo para Personas con Discapacidad | CVI NOTICIAS\" \/>\n<meta property=\"og:description\" content=\"Se solicita a todos los ciudadanos de nuestra comunidad que se encuentren enmarcados dentro del contexto de Discapacidades f\u00edsicas, mentales, intelectuales o sensoriales permanentes (largo plazo) concurrir, a partir del 01 de Febrero de 2021, a la Direcci\u00f3n de Asistencia Social de la Municipalidad, entre las calles Ant\u00e1rtida Argentina y Provincia Jujuy, Barrio San Lucas [&hellip;]\" \/>\n<meta property=\"og:url\" content=\"https:\/\/cvinoticias.com\/v3\/boletin-referente-al-consejo-consultivo-para-personas-con-discapacidad\/\" \/>\n<meta property=\"og:site_name\" content=\"CVI NOTICIAS\" \/>\n<meta property=\"article:publisher\" content=\"https:\/\/www.facebook.com\/cvinoticias\" \/>\n<meta property=\"article:published_time\" content=\"2021-02-01T19:27:20+00:00\" \/>\n<meta property=\"og:image\" content=\"https:\/\/cvinoticias.com\/wp-content\/uploads\/2021\/02\/IMG-20210201-WA0019.jpg\" \/>\n\t<meta property=\"og:image:width\" content=\"1242\" \/>\n\t<meta property=\"og:image:height\" content=\"1170\" \/>\n\t<meta property=\"og:image:type\" content=\"image\/jpeg\" \/>\n<meta name=\"author\" content=\"f1000024\" \/>\n<meta name=\"twitter:card\" content=\"summary_large_image\" \/>\n<meta name=\"twitter:label1\" content=\"Escrito por\" \/>\n\t<meta name=\"twitter:data1\" content=\"f1000024\" \/>\n\t<meta name=\"twitter:label2\" content=\"Tiempo de lectura\" \/>\n\t<meta name=\"twitter:data2\" content=\"2 minutos\" \/>\n<script type=\"application\/ld+json\" class=\"yoast-schema-graph\">{\"@context\":\"https:\\\/\\\/schema.org\",\"@graph\":[{\"@type\":\"Article\",\"@id\":\"https:\\\/\\\/cvinoticias.com\\\/v3\\\/boletin-referente-al-consejo-consultivo-para-personas-con-discapacidad\\\/#article\",\"isPartOf\":{\"@id\":\"https:\\\/\\\/cvinoticias.com\\\/v3\\\/boletin-referente-al-consejo-consultivo-para-personas-con-discapacidad\\\/\"},\"author\":{\"name\":\"f1000024\",\"@id\":\"https:\\\/\\\/cvinoticias.com\\\/v3\\\/#\\\/schema\\\/person\\\/2db77e3c6bc03c538495d7b2b8be9b66\"},\"headline\":\"Bolet\u00edn referente al Consejo Consultivo para Personas con Discapacidad\",\"datePublished\":\"2021-02-01T19:27:20+00:00\",\"mainEntityOfPage\":{\"@id\":\"https:\\\/\\\/cvinoticias.com\\\/v3\\\/boletin-referente-al-consejo-consultivo-para-personas-con-discapacidad\\\/\"},\"wordCount\":416,\"commentCount\":0,\"publisher\":{\"@id\":\"https:\\\/\\\/cvinoticias.com\\\/v3\\\/#organization\"},\"image\":{\"@id\":\"https:\\\/\\\/cvinoticias.com\\\/v3\\\/boletin-referente-al-consejo-consultivo-para-personas-con-discapacidad\\\/#primaryimage\"},\"thumbnailUrl\":\"https:\\\/\\\/cvinoticias.com\\\/wp-content\\\/uploads\\\/2021\\\/02\\\/IMG-20210201-WA0019.jpg\",\"articleSection\":[\"Locales\"],\"inLanguage\":\"es\",\"potentialAction\":[{\"@type\":\"CommentAction\",\"name\":\"Comment\",\"target\":[\"https:\\\/\\\/cvinoticias.com\\\/v3\\\/boletin-referente-al-consejo-consultivo-para-personas-con-discapacidad\\\/#respond\"]}]},{\"@type\":\"WebPage\",\"@id\":\"https:\\\/\\\/cvinoticias.com\\\/v3\\\/boletin-referente-al-consejo-consultivo-para-personas-con-discapacidad\\\/\",\"url\":\"https:\\\/\\\/cvinoticias.com\\\/v3\\\/boletin-referente-al-consejo-consultivo-para-personas-con-discapacidad\\\/\",\"name\":\"Bolet\u00edn referente al Consejo Consultivo para Personas con Discapacidad | CVI NOTICIAS\",\"isPartOf\":{\"@id\":\"https:\\\/\\\/cvinoticias.com\\\/v3\\\/#website\"},\"primaryImageOfPage\":{\"@id\":\"https:\\\/\\\/cvinoticias.com\\\/v3\\\/boletin-referente-al-consejo-consultivo-para-personas-con-discapacidad\\\/#primaryimage\"},\"image\":{\"@id\":\"https:\\\/\\\/cvinoticias.com\\\/v3\\\/boletin-referente-al-consejo-consultivo-para-personas-con-discapacidad\\\/#primaryimage\"},\"thumbnailUrl\":\"https:\\\/\\\/cvinoticias.com\\\/wp-content\\\/uploads\\\/2021\\\/02\\\/IMG-20210201-WA0019.jpg\",\"datePublished\":\"2021-02-01T19:27:20+00:00\",\"breadcrumb\":{\"@id\":\"https:\\\/\\\/cvinoticias.com\\\/v3\\\/boletin-referente-al-consejo-consultivo-para-personas-con-discapacidad\\\/#breadcrumb\"},\"inLanguage\":\"es\",\"potentialAction\":[{\"@type\":\"ReadAction\",\"target\":[\"https:\\\/\\\/cvinoticias.com\\\/v3\\\/boletin-referente-al-consejo-consultivo-para-personas-con-discapacidad\\\/\"]}]},{\"@type\":\"ImageObject\",\"inLanguage\":\"es\",\"@id\":\"https:\\\/\\\/cvinoticias.com\\\/v3\\\/boletin-referente-al-consejo-consultivo-para-personas-con-discapacidad\\\/#primaryimage\",\"url\":\"https:\\\/\\\/cvinoticias.com\\\/wp-content\\\/uploads\\\/2021\\\/02\\\/IMG-20210201-WA0019.jpg\",\"contentUrl\":\"https:\\\/\\\/cvinoticias.com\\\/wp-content\\\/uploads\\\/2021\\\/02\\\/IMG-20210201-WA0019.jpg\",\"width\":1242,\"height\":1170},{\"@type\":\"BreadcrumbList\",\"@id\":\"https:\\\/\\\/cvinoticias.com\\\/v3\\\/boletin-referente-al-consejo-consultivo-para-personas-con-discapacidad\\\/#breadcrumb\",\"itemListElement\":[{\"@type\":\"ListItem\",\"position\":1,\"name\":\"Portada\",\"item\":\"https:\\\/\\\/cvinoticias.com\\\/v3\\\/\"},{\"@type\":\"ListItem\",\"position\":2,\"name\":\"Bolet\u00edn referente al Consejo Consultivo para Personas con Discapacidad\"}]},{\"@type\":\"WebSite\",\"@id\":\"https:\\\/\\\/cvinoticias.com\\\/v3\\\/#website\",\"url\":\"https:\\\/\\\/cvinoticias.com\\\/v3\\\/\",\"name\":\"CVI NOTICIAS\",\"description\":\"\",\"publisher\":{\"@id\":\"https:\\\/\\\/cvinoticias.com\\\/v3\\\/#organization\"},\"alternateName\":\"CVI\",\"potentialAction\":[{\"@type\":\"SearchAction\",\"target\":{\"@type\":\"EntryPoint\",\"urlTemplate\":\"https:\\\/\\\/cvinoticias.com\\\/v3\\\/?s={search_term_string}\"},\"query-input\":{\"@type\":\"PropertyValueSpecification\",\"valueRequired\":true,\"valueName\":\"search_term_string\"}}],\"inLanguage\":\"es\"},{\"@type\":\"Organization\",\"@id\":\"https:\\\/\\\/cvinoticias.com\\\/v3\\\/#organization\",\"name\":\"CVI NOTICIAS\",\"url\":\"https:\\\/\\\/cvinoticias.com\\\/v3\\\/\",\"logo\":{\"@type\":\"ImageObject\",\"inLanguage\":\"es\",\"@id\":\"https:\\\/\\\/cvinoticias.com\\\/v3\\\/#\\\/schema\\\/logo\\\/image\\\/\",\"url\":\"https:\\\/\\\/cvinoticias.com\\\/wp-content\\\/uploads\\\/2023\\\/04\\\/cropped-cropped-cropped-cropped-cropped-3-1.png\",\"contentUrl\":\"https:\\\/\\\/cvinoticias.com\\\/wp-content\\\/uploads\\\/2023\\\/04\\\/cropped-cropped-cropped-cropped-cropped-3-1.png\",\"width\":95,\"height\":122,\"caption\":\"CVI NOTICIAS\"},\"image\":{\"@id\":\"https:\\\/\\\/cvinoticias.com\\\/v3\\\/#\\\/schema\\\/logo\\\/image\\\/\"},\"sameAs\":[\"https:\\\/\\\/www.facebook.com\\\/cvinoticias\",\"https:\\\/\\\/www.instagram.com\\\/cvinoticias\\\/\",\"https:\\\/\\\/www.youtube.com\\\/@CVINOTICIAS\"]},{\"@type\":\"Person\",\"@id\":\"https:\\\/\\\/cvinoticias.com\\\/v3\\\/#\\\/schema\\\/person\\\/2db77e3c6bc03c538495d7b2b8be9b66\",\"name\":\"f1000024\",\"image\":{\"@type\":\"ImageObject\",\"inLanguage\":\"es\",\"@id\":\"https:\\\/\\\/secure.gravatar.com\\\/avatar\\\/d4fe7459cfc51ff5129ce1a732bbef5928568b8092d412ef95611616376bbeed?s=96&d=mm&r=g\",\"url\":\"https:\\\/\\\/secure.gravatar.com\\\/avatar\\\/d4fe7459cfc51ff5129ce1a732bbef5928568b8092d412ef95611616376bbeed?s=96&d=mm&r=g\",\"contentUrl\":\"https:\\\/\\\/secure.gravatar.com\\\/avatar\\\/d4fe7459cfc51ff5129ce1a732bbef5928568b8092d412ef95611616376bbeed?s=96&d=mm&r=g\",\"caption\":\"f1000024\"},\"url\":\"https:\\\/\\\/cvinoticias.com\\\/v3\\\/author\\\/f1000024\\\/\"}]}<\/script>\n<!-- \/ Yoast SEO plugin. -->","yoast_head_json":{"title":"Bolet\u00edn referente al Consejo Consultivo para Personas con Discapacidad | CVI NOTICIAS","robots":{"index":"index","follow":"follow","max-snippet":"max-snippet:-1","max-image-preview":"max-image-preview:large","max-video-preview":"max-video-preview:-1"},"canonical":"https:\/\/cvinoticias.com\/v3\/boletin-referente-al-consejo-consultivo-para-personas-con-discapacidad\/","og_locale":"es_ES","og_type":"article","og_title":"Bolet\u00edn referente al Consejo Consultivo para Personas con Discapacidad | CVI NOTICIAS","og_description":"Se solicita a todos los ciudadanos de nuestra comunidad que se encuentren enmarcados dentro del contexto de Discapacidades f\u00edsicas, mentales, intelectuales o sensoriales permanentes (largo plazo) concurrir, a partir del 01 de Febrero de 2021, a la Direcci\u00f3n de Asistencia Social de la Municipalidad, entre las calles Ant\u00e1rtida Argentina y Provincia Jujuy, Barrio San Lucas [&hellip;]","og_url":"https:\/\/cvinoticias.com\/v3\/boletin-referente-al-consejo-consultivo-para-personas-con-discapacidad\/","og_site_name":"CVI NOTICIAS","article_publisher":"https:\/\/www.facebook.com\/cvinoticias","article_published_time":"2021-02-01T19:27:20+00:00","og_image":[{"width":1242,"height":1170,"url":"https:\/\/cvinoticias.com\/wp-content\/uploads\/2021\/02\/IMG-20210201-WA0019.jpg","type":"image\/jpeg"}],"author":"f1000024","twitter_card":"summary_large_image","twitter_misc":{"Escrito por":"f1000024","Tiempo de lectura":"2 minutos"},"schema":{"@context":"https:\/\/schema.org","@graph":[{"@type":"Article","@id":"https:\/\/cvinoticias.com\/v3\/boletin-referente-al-consejo-consultivo-para-personas-con-discapacidad\/#article","isPartOf":{"@id":"https:\/\/cvinoticias.com\/v3\/boletin-referente-al-consejo-consultivo-para-personas-con-discapacidad\/"},"author":{"name":"f1000024","@id":"https:\/\/cvinoticias.com\/v3\/#\/schema\/person\/2db77e3c6bc03c538495d7b2b8be9b66"},"headline":"Bolet\u00edn referente al Consejo Consultivo para Personas con Discapacidad","datePublished":"2021-02-01T19:27:20+00:00","mainEntityOfPage":{"@id":"https:\/\/cvinoticias.com\/v3\/boletin-referente-al-consejo-consultivo-para-personas-con-discapacidad\/"},"wordCount":416,"commentCount":0,"publisher":{"@id":"https:\/\/cvinoticias.com\/v3\/#organization"},"image":{"@id":"https:\/\/cvinoticias.com\/v3\/boletin-referente-al-consejo-consultivo-para-personas-con-discapacidad\/#primaryimage"},"thumbnailUrl":"https:\/\/cvinoticias.com\/wp-content\/uploads\/2021\/02\/IMG-20210201-WA0019.jpg","articleSection":["Locales"],"inLanguage":"es","potentialAction":[{"@type":"CommentAction","name":"Comment","target":["https:\/\/cvinoticias.com\/v3\/boletin-referente-al-consejo-consultivo-para-personas-con-discapacidad\/#respond"]}]},{"@type":"WebPage","@id":"https:\/\/cvinoticias.com\/v3\/boletin-referente-al-consejo-consultivo-para-personas-con-discapacidad\/","url":"https:\/\/cvinoticias.com\/v3\/boletin-referente-al-consejo-consultivo-para-personas-con-discapacidad\/","name":"Bolet\u00edn referente al Consejo Consultivo para Personas con Discapacidad | CVI NOTICIAS","isPartOf":{"@id":"https:\/\/cvinoticias.com\/v3\/#website"},"primaryImageOfPage":{"@id":"https:\/\/cvinoticias.com\/v3\/boletin-referente-al-consejo-consultivo-para-personas-con-discapacidad\/#primaryimage"},"image":{"@id":"https:\/\/cvinoticias.com\/v3\/boletin-referente-al-consejo-consultivo-para-personas-con-discapacidad\/#primaryimage"},"thumbnailUrl":"https:\/\/cvinoticias.com\/wp-content\/uploads\/2021\/02\/IMG-20210201-WA0019.jpg","datePublished":"2021-02-01T19:27:20+00:00","breadcrumb":{"@id":"https:\/\/cvinoticias.com\/v3\/boletin-referente-al-consejo-consultivo-para-personas-con-discapacidad\/#breadcrumb"},"inLanguage":"es","potentialAction":[{"@type":"ReadAction","target":["https:\/\/cvinoticias.com\/v3\/boletin-referente-al-consejo-consultivo-para-personas-con-discapacidad\/"]}]},{"@type":"ImageObject","inLanguage":"es","@id":"https:\/\/cvinoticias.com\/v3\/boletin-referente-al-consejo-consultivo-para-personas-con-discapacidad\/#primaryimage","url":"https:\/\/cvinoticias.com\/wp-content\/uploads\/2021\/02\/IMG-20210201-WA0019.jpg","contentUrl":"https:\/\/cvinoticias.com\/wp-content\/uploads\/2021\/02\/IMG-20210201-WA0019.jpg","width":1242,"height":1170},{"@type":"BreadcrumbList","@id":"https:\/\/cvinoticias.com\/v3\/boletin-referente-al-consejo-consultivo-para-personas-con-discapacidad\/#breadcrumb","itemListElement":[{"@type":"ListItem","position":1,"name":"Portada","item":"https:\/\/cvinoticias.com\/v3\/"},{"@type":"ListItem","position":2,"name":"Bolet\u00edn referente al Consejo Consultivo para Personas con Discapacidad"}]},{"@type":"WebSite","@id":"https:\/\/cvinoticias.com\/v3\/#website","url":"https:\/\/cvinoticias.com\/v3\/","name":"CVI NOTICIAS","description":"","publisher":{"@id":"https:\/\/cvinoticias.com\/v3\/#organization"},"alternateName":"CVI","potentialAction":[{"@type":"SearchAction","target":{"@type":"EntryPoint","urlTemplate":"https:\/\/cvinoticias.com\/v3\/?s={search_term_string}"},"query-input":{"@type":"PropertyValueSpecification","valueRequired":true,"valueName":"search_term_string"}}],"inLanguage":"es"},{"@type":"Organization","@id":"https:\/\/cvinoticias.com\/v3\/#organization","name":"CVI NOTICIAS","url":"https:\/\/cvinoticias.com\/v3\/","logo":{"@type":"ImageObject","inLanguage":"es","@id":"https:\/\/cvinoticias.com\/v3\/#\/schema\/logo\/image\/","url":"https:\/\/cvinoticias.com\/wp-content\/uploads\/2023\/04\/cropped-cropped-cropped-cropped-cropped-3-1.png","contentUrl":"https:\/\/cvinoticias.com\/wp-content\/uploads\/2023\/04\/cropped-cropped-cropped-cropped-cropped-3-1.png","width":95,"height":122,"caption":"CVI NOTICIAS"},"image":{"@id":"https:\/\/cvinoticias.com\/v3\/#\/schema\/logo\/image\/"},"sameAs":["https:\/\/www.facebook.com\/cvinoticias","https:\/\/www.instagram.com\/cvinoticias\/","https:\/\/www.youtube.com\/@CVINOTICIAS"]},{"@type":"Person","@id":"https:\/\/cvinoticias.com\/v3\/#\/schema\/person\/2db77e3c6bc03c538495d7b2b8be9b66","name":"f1000024","image":{"@type":"ImageObject","inLanguage":"es","@id":"https:\/\/secure.gravatar.com\/avatar\/d4fe7459cfc51ff5129ce1a732bbef5928568b8092d412ef95611616376bbeed?s=96&d=mm&r=g","url":"https:\/\/secure.gravatar.com\/avatar\/d4fe7459cfc51ff5129ce1a732bbef5928568b8092d412ef95611616376bbeed?s=96&d=mm&r=g","contentUrl":"https:\/\/secure.gravatar.com\/avatar\/d4fe7459cfc51ff5129ce1a732bbef5928568b8092d412ef95611616376bbeed?s=96&d=mm&r=g","caption":"f1000024"},"url":"https:\/\/cvinoticias.com\/v3\/author\/f1000024\/"}]}},"_links":{"self":[{"href":"https:\/\/cvinoticias.com\/v3\/wp-json\/wp\/v2\/posts\/2285","targetHints":{"allow":["GET"]}}],"collection":[{"href":"https:\/\/cvinoticias.com\/v3\/wp-json\/wp\/v2\/posts"}],"about":[{"href":"https:\/\/cvinoticias.com\/v3\/wp-json\/wp\/v2\/types\/post"}],"author":[{"embeddable":true,"href":"https:\/\/cvinoticias.com\/v3\/wp-json\/wp\/v2\/users\/2"}],"replies":[{"embeddable":true,"href":"https:\/\/cvinoticias.com\/v3\/wp-json\/wp\/v2\/comments?post=2285"}],"version-history":[{"count":1,"href":"https:\/\/cvinoticias.com\/v3\/wp-json\/wp\/v2\/posts\/2285\/revisions"}],"predecessor-version":[{"id":2288,"href":"https:\/\/cvinoticias.com\/v3\/wp-json\/wp\/v2\/posts\/2285\/revisions\/2288"}],"wp:featuredmedia":[{"embeddable":true,"href":"https:\/\/cvinoticias.com\/v3\/wp-json\/wp\/v2\/media\/2286"}],"wp:attachment":[{"href":"https:\/\/cvinoticias.com\/v3\/wp-json\/wp\/v2\/media?parent=2285"}],"wp:term":[{"taxonomy":"category","embeddable":true,"href":"https:\/\/cvinoticias.com\/v3\/wp-json\/wp\/v2\/categories?post=2285"},{"taxonomy":"post_tag","embeddable":true,"href":"https:\/\/cvinoticias.com\/v3\/wp-json\/wp\/v2\/tags?post=2285"}],"curies":[{"name":"wp","href":"https:\/\/api.w.org\/{rel}","templated":true}]}}