{"id":22732,"date":"2023-02-19T13:39:55","date_gmt":"2023-02-19T13:39:55","guid":{"rendered":"https:\/\/cvinoticias.com\/v3\/?p=22732"},"modified":"2023-02-19T13:39:55","modified_gmt":"2023-02-19T13:39:55","slug":"la-iglesia-publico-sus-archivos-sobre-la-dictadura","status":"publish","type":"post","link":"https:\/\/cvinoticias.com\/v3\/la-iglesia-publico-sus-archivos-sobre-la-dictadura\/","title":{"rendered":"La Iglesia public\u00f3 sus archivos sobre la Dictadura"},"content":{"rendered":"\n<p><strong><em>El te\u00f3logo Carlos Mar\u00eda Galli dijo que examinar el material fue \u201cun descenso a los infiernos\u201d.<\/em><\/strong><\/p>\n\n\n\n<p>La Conferencia Episcopal Argentina present\u00f3 un libro sobre la violencia pol\u00edtica en la d\u00e9cada del 70 y, en particular, durante la Dictadura c\u00edvico-militar que se extendi\u00f3 entre 1976 y 1983, basado en archivos desclasificados, por orden del papa Francisco, en el Vaticano y en la Iglesia local.<\/p>\n\n\n\n<p>El te\u00f3logo e historiador Carlos Mar\u00eda Galli, uno de los cuatro autores del volumen, dijo que hurgar en los papeles de la instituci\u00f3n eclesi\u00e1stica sobre aquellos a\u00f1os fue como un \u201cdescenso a los infiernos\u201d.<\/p>\n\n\n\n<p>Galli destac\u00f3 el papel del Sumo Pont\u00edfice como impulsor de la investigaci\u00f3n, desde antes de ser declarado papa, ya que, como cardenal porte\u00f1o, Jorge Bergoglio promovi\u00f3 la apertura de los archivos a los familiares y v\u00edctimas del r\u00e9gimen dictatorial, y apenas asumi\u00f3 el papado en Roma autoriz\u00f3 a que se desclasificaran los archivos obrantes en la Santa Sede y en la nunciatura de Buenos Aires.<\/p>\n\n\n\n<p>La desclasificaci\u00f3n era un pedido que las organizaciones de derechos humanos argentinas ven\u00edan presentando reiteradamente, en busca de conocer el papel de la Iglesia en los a\u00f1os de plomo.<\/p>\n\n\n\n<p>El libro presentado en esta oportunidad es el primero de tres vol\u00famenes y se titula La verdad los har\u00e1 libres: la Iglesia cat\u00f3lica en la espiral de violencia en la Argentina, 1966-1983.<\/p>\n\n\n\n<p>Adem\u00e1s de Galli, la investigaci\u00f3n fue realizada por Luis Liberti, Juan Dur\u00e1n, Federico Tavelli y otros te\u00f3logos historiadores.<\/p>\n","protected":false},"excerpt":{"rendered":"<p>El te\u00f3logo Carlos Mar\u00eda Galli dijo que examinar el material fue \u201cun descenso a los infiernos\u201d. La Conferencia Episcopal Argentina present\u00f3 un libro sobre la violencia pol\u00edtica en la d\u00e9cada del 70 y, en particular, durante la Dictadura c\u00edvico-militar que se extendi\u00f3 entre 1976 y 1983, basado en archivos desclasificados, por orden del papa Francisco, [&hellip;]<\/p>\n","protected":false},"author":2,"featured_media":22733,"comment_status":"open","ping_status":"open","sticky":false,"template":"","format":"standard","meta":{"footnotes":""},"categories":[35],"tags":[],"class_list":["post-22732","post","type-post","status-publish","format-standard","has-post-thumbnail","hentry","category-informacion-general"],"yoast_head":"<!-- This site is optimized with the Yoast SEO plugin v27.4 - https:\/\/yoast.com\/product\/yoast-seo-wordpress\/ -->\n<title>La Iglesia public\u00f3 sus archivos sobre la Dictadura | CVI NOTICIAS<\/title>\n<meta name=\"robots\" content=\"index, follow, max-snippet:-1, max-image-preview:large, max-video-preview:-1\" \/>\n<link rel=\"canonical\" href=\"https:\/\/cvinoticias.com\/v3\/la-iglesia-publico-sus-archivos-sobre-la-dictadura\/\" \/>\n<meta property=\"og:locale\" content=\"es_ES\" \/>\n<meta property=\"og:type\" content=\"article\" \/>\n<meta property=\"og:title\" content=\"La Iglesia public\u00f3 sus archivos sobre la Dictadura | CVI NOTICIAS\" \/>\n<meta property=\"og:description\" content=\"El te\u00f3logo Carlos Mar\u00eda Galli dijo que examinar el material fue \u201cun descenso a los infiernos\u201d. La Conferencia Episcopal Argentina present\u00f3 un libro sobre la violencia pol\u00edtica en la d\u00e9cada del 70 y, en particular, durante la Dictadura c\u00edvico-militar que se extendi\u00f3 entre 1976 y 1983, basado en archivos desclasificados, por orden del papa Francisco, [&hellip;]\" \/>\n<meta property=\"og:url\" content=\"https:\/\/cvinoticias.com\/v3\/la-iglesia-publico-sus-archivos-sobre-la-dictadura\/\" \/>\n<meta property=\"og:site_name\" content=\"CVI NOTICIAS\" \/>\n<meta property=\"article:publisher\" content=\"https:\/\/www.facebook.com\/cvinoticias\" \/>\n<meta property=\"article:published_time\" content=\"2023-02-19T13:39:55+00:00\" \/>\n<meta property=\"og:image\" content=\"https:\/\/cvinoticias.com\/wp-content\/uploads\/2023\/02\/0000130117.jpg\" \/>\n\t<meta property=\"og:image:width\" content=\"1200\" \/>\n\t<meta property=\"og:image:height\" content=\"675\" \/>\n\t<meta property=\"og:image:type\" content=\"image\/jpeg\" \/>\n<meta name=\"author\" content=\"f1000024\" \/>\n<meta name=\"twitter:card\" content=\"summary_large_image\" \/>\n<meta name=\"twitter:label1\" content=\"Escrito por\" \/>\n\t<meta name=\"twitter:data1\" content=\"f1000024\" \/>\n\t<meta name=\"twitter:label2\" content=\"Tiempo de lectura\" \/>\n\t<meta name=\"twitter:data2\" content=\"1 minuto\" \/>\n<script type=\"application\/ld+json\" class=\"yoast-schema-graph\">{\"@context\":\"https:\\\/\\\/schema.org\",\"@graph\":[{\"@type\":\"Article\",\"@id\":\"https:\\\/\\\/cvinoticias.com\\\/v3\\\/la-iglesia-publico-sus-archivos-sobre-la-dictadura\\\/#article\",\"isPartOf\":{\"@id\":\"https:\\\/\\\/cvinoticias.com\\\/v3\\\/la-iglesia-publico-sus-archivos-sobre-la-dictadura\\\/\"},\"author\":{\"name\":\"f1000024\",\"@id\":\"https:\\\/\\\/cvinoticias.com\\\/v3\\\/#\\\/schema\\\/person\\\/2db77e3c6bc03c538495d7b2b8be9b66\"},\"headline\":\"La Iglesia public\u00f3 sus archivos sobre la Dictadura\",\"datePublished\":\"2023-02-19T13:39:55+00:00\",\"mainEntityOfPage\":{\"@id\":\"https:\\\/\\\/cvinoticias.com\\\/v3\\\/la-iglesia-publico-sus-archivos-sobre-la-dictadura\\\/\"},\"wordCount\":270,\"commentCount\":0,\"publisher\":{\"@id\":\"https:\\\/\\\/cvinoticias.com\\\/v3\\\/#organization\"},\"image\":{\"@id\":\"https:\\\/\\\/cvinoticias.com\\\/v3\\\/la-iglesia-publico-sus-archivos-sobre-la-dictadura\\\/#primaryimage\"},\"thumbnailUrl\":\"https:\\\/\\\/cvinoticias.com\\\/wp-content\\\/uploads\\\/2023\\\/02\\\/0000130117.jpg\",\"articleSection\":[\"Informaci\u00f3n General\"],\"inLanguage\":\"es\",\"potentialAction\":[{\"@type\":\"CommentAction\",\"name\":\"Comment\",\"target\":[\"https:\\\/\\\/cvinoticias.com\\\/v3\\\/la-iglesia-publico-sus-archivos-sobre-la-dictadura\\\/#respond\"]}]},{\"@type\":\"WebPage\",\"@id\":\"https:\\\/\\\/cvinoticias.com\\\/v3\\\/la-iglesia-publico-sus-archivos-sobre-la-dictadura\\\/\",\"url\":\"https:\\\/\\\/cvinoticias.com\\\/v3\\\/la-iglesia-publico-sus-archivos-sobre-la-dictadura\\\/\",\"name\":\"La Iglesia public\u00f3 sus archivos sobre la Dictadura | CVI NOTICIAS\",\"isPartOf\":{\"@id\":\"https:\\\/\\\/cvinoticias.com\\\/v3\\\/#website\"},\"primaryImageOfPage\":{\"@id\":\"https:\\\/\\\/cvinoticias.com\\\/v3\\\/la-iglesia-publico-sus-archivos-sobre-la-dictadura\\\/#primaryimage\"},\"image\":{\"@id\":\"https:\\\/\\\/cvinoticias.com\\\/v3\\\/la-iglesia-publico-sus-archivos-sobre-la-dictadura\\\/#primaryimage\"},\"thumbnailUrl\":\"https:\\\/\\\/cvinoticias.com\\\/wp-content\\\/uploads\\\/2023\\\/02\\\/0000130117.jpg\",\"datePublished\":\"2023-02-19T13:39:55+00:00\",\"breadcrumb\":{\"@id\":\"https:\\\/\\\/cvinoticias.com\\\/v3\\\/la-iglesia-publico-sus-archivos-sobre-la-dictadura\\\/#breadcrumb\"},\"inLanguage\":\"es\",\"potentialAction\":[{\"@type\":\"ReadAction\",\"target\":[\"https:\\\/\\\/cvinoticias.com\\\/v3\\\/la-iglesia-publico-sus-archivos-sobre-la-dictadura\\\/\"]}]},{\"@type\":\"ImageObject\",\"inLanguage\":\"es\",\"@id\":\"https:\\\/\\\/cvinoticias.com\\\/v3\\\/la-iglesia-publico-sus-archivos-sobre-la-dictadura\\\/#primaryimage\",\"url\":\"https:\\\/\\\/cvinoticias.com\\\/wp-content\\\/uploads\\\/2023\\\/02\\\/0000130117.jpg\",\"contentUrl\":\"https:\\\/\\\/cvinoticias.com\\\/wp-content\\\/uploads\\\/2023\\\/02\\\/0000130117.jpg\",\"width\":1200,\"height\":675},{\"@type\":\"BreadcrumbList\",\"@id\":\"https:\\\/\\\/cvinoticias.com\\\/v3\\\/la-iglesia-publico-sus-archivos-sobre-la-dictadura\\\/#breadcrumb\",\"itemListElement\":[{\"@type\":\"ListItem\",\"position\":1,\"name\":\"Portada\",\"item\":\"https:\\\/\\\/cvinoticias.com\\\/v3\\\/\"},{\"@type\":\"ListItem\",\"position\":2,\"name\":\"La Iglesia public\u00f3 sus archivos sobre la Dictadura\"}]},{\"@type\":\"WebSite\",\"@id\":\"https:\\\/\\\/cvinoticias.com\\\/v3\\\/#website\",\"url\":\"https:\\\/\\\/cvinoticias.com\\\/v3\\\/\",\"name\":\"CVI NOTICIAS\",\"description\":\"\",\"publisher\":{\"@id\":\"https:\\\/\\\/cvinoticias.com\\\/v3\\\/#organization\"},\"alternateName\":\"CVI\",\"potentialAction\":[{\"@type\":\"SearchAction\",\"target\":{\"@type\":\"EntryPoint\",\"urlTemplate\":\"https:\\\/\\\/cvinoticias.com\\\/v3\\\/?s={search_term_string}\"},\"query-input\":{\"@type\":\"PropertyValueSpecification\",\"valueRequired\":true,\"valueName\":\"search_term_string\"}}],\"inLanguage\":\"es\"},{\"@type\":\"Organization\",\"@id\":\"https:\\\/\\\/cvinoticias.com\\\/v3\\\/#organization\",\"name\":\"CVI NOTICIAS\",\"url\":\"https:\\\/\\\/cvinoticias.com\\\/v3\\\/\",\"logo\":{\"@type\":\"ImageObject\",\"inLanguage\":\"es\",\"@id\":\"https:\\\/\\\/cvinoticias.com\\\/v3\\\/#\\\/schema\\\/logo\\\/image\\\/\",\"url\":\"https:\\\/\\\/cvinoticias.com\\\/wp-content\\\/uploads\\\/2023\\\/04\\\/cropped-cropped-cropped-cropped-cropped-3-1.png\",\"contentUrl\":\"https:\\\/\\\/cvinoticias.com\\\/wp-content\\\/uploads\\\/2023\\\/04\\\/cropped-cropped-cropped-cropped-cropped-3-1.png\",\"width\":95,\"height\":122,\"caption\":\"CVI NOTICIAS\"},\"image\":{\"@id\":\"https:\\\/\\\/cvinoticias.com\\\/v3\\\/#\\\/schema\\\/logo\\\/image\\\/\"},\"sameAs\":[\"https:\\\/\\\/www.facebook.com\\\/cvinoticias\",\"https:\\\/\\\/www.instagram.com\\\/cvinoticias\\\/\",\"https:\\\/\\\/www.youtube.com\\\/@CVINOTICIAS\"]},{\"@type\":\"Person\",\"@id\":\"https:\\\/\\\/cvinoticias.com\\\/v3\\\/#\\\/schema\\\/person\\\/2db77e3c6bc03c538495d7b2b8be9b66\",\"name\":\"f1000024\",\"image\":{\"@type\":\"ImageObject\",\"inLanguage\":\"es\",\"@id\":\"https:\\\/\\\/secure.gravatar.com\\\/avatar\\\/d4fe7459cfc51ff5129ce1a732bbef5928568b8092d412ef95611616376bbeed?s=96&d=mm&r=g\",\"url\":\"https:\\\/\\\/secure.gravatar.com\\\/avatar\\\/d4fe7459cfc51ff5129ce1a732bbef5928568b8092d412ef95611616376bbeed?s=96&d=mm&r=g\",\"contentUrl\":\"https:\\\/\\\/secure.gravatar.com\\\/avatar\\\/d4fe7459cfc51ff5129ce1a732bbef5928568b8092d412ef95611616376bbeed?s=96&d=mm&r=g\",\"caption\":\"f1000024\"},\"url\":\"https:\\\/\\\/cvinoticias.com\\\/v3\\\/author\\\/f1000024\\\/\"}]}<\/script>\n<!-- \/ Yoast SEO plugin. -->","yoast_head_json":{"title":"La Iglesia public\u00f3 sus archivos sobre la Dictadura | CVI NOTICIAS","robots":{"index":"index","follow":"follow","max-snippet":"max-snippet:-1","max-image-preview":"max-image-preview:large","max-video-preview":"max-video-preview:-1"},"canonical":"https:\/\/cvinoticias.com\/v3\/la-iglesia-publico-sus-archivos-sobre-la-dictadura\/","og_locale":"es_ES","og_type":"article","og_title":"La Iglesia public\u00f3 sus archivos sobre la Dictadura | CVI NOTICIAS","og_description":"El te\u00f3logo Carlos Mar\u00eda Galli dijo que examinar el material fue \u201cun descenso a los infiernos\u201d. La Conferencia Episcopal Argentina present\u00f3 un libro sobre la violencia pol\u00edtica en la d\u00e9cada del 70 y, en particular, durante la Dictadura c\u00edvico-militar que se extendi\u00f3 entre 1976 y 1983, basado en archivos desclasificados, por orden del papa Francisco, [&hellip;]","og_url":"https:\/\/cvinoticias.com\/v3\/la-iglesia-publico-sus-archivos-sobre-la-dictadura\/","og_site_name":"CVI NOTICIAS","article_publisher":"https:\/\/www.facebook.com\/cvinoticias","article_published_time":"2023-02-19T13:39:55+00:00","og_image":[{"width":1200,"height":675,"url":"https:\/\/cvinoticias.com\/wp-content\/uploads\/2023\/02\/0000130117.jpg","type":"image\/jpeg"}],"author":"f1000024","twitter_card":"summary_large_image","twitter_misc":{"Escrito por":"f1000024","Tiempo de lectura":"1 minuto"},"schema":{"@context":"https:\/\/schema.org","@graph":[{"@type":"Article","@id":"https:\/\/cvinoticias.com\/v3\/la-iglesia-publico-sus-archivos-sobre-la-dictadura\/#article","isPartOf":{"@id":"https:\/\/cvinoticias.com\/v3\/la-iglesia-publico-sus-archivos-sobre-la-dictadura\/"},"author":{"name":"f1000024","@id":"https:\/\/cvinoticias.com\/v3\/#\/schema\/person\/2db77e3c6bc03c538495d7b2b8be9b66"},"headline":"La Iglesia public\u00f3 sus archivos sobre la Dictadura","datePublished":"2023-02-19T13:39:55+00:00","mainEntityOfPage":{"@id":"https:\/\/cvinoticias.com\/v3\/la-iglesia-publico-sus-archivos-sobre-la-dictadura\/"},"wordCount":270,"commentCount":0,"publisher":{"@id":"https:\/\/cvinoticias.com\/v3\/#organization"},"image":{"@id":"https:\/\/cvinoticias.com\/v3\/la-iglesia-publico-sus-archivos-sobre-la-dictadura\/#primaryimage"},"thumbnailUrl":"https:\/\/cvinoticias.com\/wp-content\/uploads\/2023\/02\/0000130117.jpg","articleSection":["Informaci\u00f3n General"],"inLanguage":"es","potentialAction":[{"@type":"CommentAction","name":"Comment","target":["https:\/\/cvinoticias.com\/v3\/la-iglesia-publico-sus-archivos-sobre-la-dictadura\/#respond"]}]},{"@type":"WebPage","@id":"https:\/\/cvinoticias.com\/v3\/la-iglesia-publico-sus-archivos-sobre-la-dictadura\/","url":"https:\/\/cvinoticias.com\/v3\/la-iglesia-publico-sus-archivos-sobre-la-dictadura\/","name":"La Iglesia public\u00f3 sus archivos sobre la Dictadura | CVI NOTICIAS","isPartOf":{"@id":"https:\/\/cvinoticias.com\/v3\/#website"},"primaryImageOfPage":{"@id":"https:\/\/cvinoticias.com\/v3\/la-iglesia-publico-sus-archivos-sobre-la-dictadura\/#primaryimage"},"image":{"@id":"https:\/\/cvinoticias.com\/v3\/la-iglesia-publico-sus-archivos-sobre-la-dictadura\/#primaryimage"},"thumbnailUrl":"https:\/\/cvinoticias.com\/wp-content\/uploads\/2023\/02\/0000130117.jpg","datePublished":"2023-02-19T13:39:55+00:00","breadcrumb":{"@id":"https:\/\/cvinoticias.com\/v3\/la-iglesia-publico-sus-archivos-sobre-la-dictadura\/#breadcrumb"},"inLanguage":"es","potentialAction":[{"@type":"ReadAction","target":["https:\/\/cvinoticias.com\/v3\/la-iglesia-publico-sus-archivos-sobre-la-dictadura\/"]}]},{"@type":"ImageObject","inLanguage":"es","@id":"https:\/\/cvinoticias.com\/v3\/la-iglesia-publico-sus-archivos-sobre-la-dictadura\/#primaryimage","url":"https:\/\/cvinoticias.com\/wp-content\/uploads\/2023\/02\/0000130117.jpg","contentUrl":"https:\/\/cvinoticias.com\/wp-content\/uploads\/2023\/02\/0000130117.jpg","width":1200,"height":675},{"@type":"BreadcrumbList","@id":"https:\/\/cvinoticias.com\/v3\/la-iglesia-publico-sus-archivos-sobre-la-dictadura\/#breadcrumb","itemListElement":[{"@type":"ListItem","position":1,"name":"Portada","item":"https:\/\/cvinoticias.com\/v3\/"},{"@type":"ListItem","position":2,"name":"La Iglesia public\u00f3 sus archivos sobre la Dictadura"}]},{"@type":"WebSite","@id":"https:\/\/cvinoticias.com\/v3\/#website","url":"https:\/\/cvinoticias.com\/v3\/","name":"CVI NOTICIAS","description":"","publisher":{"@id":"https:\/\/cvinoticias.com\/v3\/#organization"},"alternateName":"CVI","potentialAction":[{"@type":"SearchAction","target":{"@type":"EntryPoint","urlTemplate":"https:\/\/cvinoticias.com\/v3\/?s={search_term_string}"},"query-input":{"@type":"PropertyValueSpecification","valueRequired":true,"valueName":"search_term_string"}}],"inLanguage":"es"},{"@type":"Organization","@id":"https:\/\/cvinoticias.com\/v3\/#organization","name":"CVI NOTICIAS","url":"https:\/\/cvinoticias.com\/v3\/","logo":{"@type":"ImageObject","inLanguage":"es","@id":"https:\/\/cvinoticias.com\/v3\/#\/schema\/logo\/image\/","url":"https:\/\/cvinoticias.com\/wp-content\/uploads\/2023\/04\/cropped-cropped-cropped-cropped-cropped-3-1.png","contentUrl":"https:\/\/cvinoticias.com\/wp-content\/uploads\/2023\/04\/cropped-cropped-cropped-cropped-cropped-3-1.png","width":95,"height":122,"caption":"CVI NOTICIAS"},"image":{"@id":"https:\/\/cvinoticias.com\/v3\/#\/schema\/logo\/image\/"},"sameAs":["https:\/\/www.facebook.com\/cvinoticias","https:\/\/www.instagram.com\/cvinoticias\/","https:\/\/www.youtube.com\/@CVINOTICIAS"]},{"@type":"Person","@id":"https:\/\/cvinoticias.com\/v3\/#\/schema\/person\/2db77e3c6bc03c538495d7b2b8be9b66","name":"f1000024","image":{"@type":"ImageObject","inLanguage":"es","@id":"https:\/\/secure.gravatar.com\/avatar\/d4fe7459cfc51ff5129ce1a732bbef5928568b8092d412ef95611616376bbeed?s=96&d=mm&r=g","url":"https:\/\/secure.gravatar.com\/avatar\/d4fe7459cfc51ff5129ce1a732bbef5928568b8092d412ef95611616376bbeed?s=96&d=mm&r=g","contentUrl":"https:\/\/secure.gravatar.com\/avatar\/d4fe7459cfc51ff5129ce1a732bbef5928568b8092d412ef95611616376bbeed?s=96&d=mm&r=g","caption":"f1000024"},"url":"https:\/\/cvinoticias.com\/v3\/author\/f1000024\/"}]}},"_links":{"self":[{"href":"https:\/\/cvinoticias.com\/v3\/wp-json\/wp\/v2\/posts\/22732","targetHints":{"allow":["GET"]}}],"collection":[{"href":"https:\/\/cvinoticias.com\/v3\/wp-json\/wp\/v2\/posts"}],"about":[{"href":"https:\/\/cvinoticias.com\/v3\/wp-json\/wp\/v2\/types\/post"}],"author":[{"embeddable":true,"href":"https:\/\/cvinoticias.com\/v3\/wp-json\/wp\/v2\/users\/2"}],"replies":[{"embeddable":true,"href":"https:\/\/cvinoticias.com\/v3\/wp-json\/wp\/v2\/comments?post=22732"}],"version-history":[{"count":1,"href":"https:\/\/cvinoticias.com\/v3\/wp-json\/wp\/v2\/posts\/22732\/revisions"}],"predecessor-version":[{"id":22734,"href":"https:\/\/cvinoticias.com\/v3\/wp-json\/wp\/v2\/posts\/22732\/revisions\/22734"}],"wp:featuredmedia":[{"embeddable":true,"href":"https:\/\/cvinoticias.com\/v3\/wp-json\/wp\/v2\/media\/22733"}],"wp:attachment":[{"href":"https:\/\/cvinoticias.com\/v3\/wp-json\/wp\/v2\/media?parent=22732"}],"wp:term":[{"taxonomy":"category","embeddable":true,"href":"https:\/\/cvinoticias.com\/v3\/wp-json\/wp\/v2\/categories?post=22732"},{"taxonomy":"post_tag","embeddable":true,"href":"https:\/\/cvinoticias.com\/v3\/wp-json\/wp\/v2\/tags?post=22732"}],"curies":[{"name":"wp","href":"https:\/\/api.w.org\/{rel}","templated":true}]}}