{"id":22682,"date":"2023-02-17T13:28:29","date_gmt":"2023-02-17T13:28:29","guid":{"rendered":"https:\/\/cvinoticias.com\/v3\/?p=22682"},"modified":"2023-02-17T13:28:29","modified_gmt":"2023-02-17T13:28:29","slug":"a-pesar-del-anunciado-paro-bancario-anses-mantiene-el-cronograma-de-pagos","status":"publish","type":"post","link":"https:\/\/cvinoticias.com\/v3\/a-pesar-del-anunciado-paro-bancario-anses-mantiene-el-cronograma-de-pagos\/","title":{"rendered":"A pesar del anunciado paro bancario, Anses mantiene el cronograma de pagos"},"content":{"rendered":"\n<p><strong><em>El organismo nacional inform\u00f3 que todas las personas que cobran alguna de las prestaciones de la Seguridad Social tendr\u00e1n acreditado el dinero en su cuenta bancaria ese mismo jueves.<\/em><\/strong><\/p>\n\n\n\n<p>En el marco del paro nacional bancario previsto para el pr\u00f3ximo 23 de febrero, ANSES inform\u00f3 este jueves que continuar\u00e1 con su cronograma habitual de pago. De esta manera, todas las personas que cobran alguna de las prestaciones de la Seguridad Social tendr\u00e1n acreditado el dinero en su cuenta bancaria ese mismo jueves.<\/p>\n\n\n\n<p>En caso de requerir efectivo, podr\u00e1n hacer extracciones en cajeros autom\u00e1ticos, utilizando el servicio de Extra Cash en todas las instituciones adheridas y en Rapipago, Pluspagos, Pago F\u00e1cil, entre otros.<\/p>\n\n\n\n<p><strong>\u00bfQui\u00e9nes cobran el 23?<\/strong><\/p>\n\n\n\n<p>El 23 de febrero est\u00e1 previsto el pago a:<\/p>\n\n\n\n<p>Jubilados y pensionados que cobren m\u00e1s de un haber m\u00ednimo: DNI terminados en 2 y 3<\/p>\n\n\n\n<p>Titulares de la Asignaci\u00f3n Universal por Hijo y Asignaci\u00f3n Familiar por Hijo: DNI terminados en 9<\/p>\n\n\n\n<p>Titulares de la Asignaci\u00f3n por Embarazo: DNI terminados en 7<\/p>\n\n\n\n<p>Titulares de la Prestaci\u00f3n por Desempleo: DNI terminados en 0 y 1.<\/p>\n","protected":false},"excerpt":{"rendered":"<p>El organismo nacional inform\u00f3 que todas las personas que cobran alguna de las prestaciones de la Seguridad Social tendr\u00e1n acreditado el dinero en su cuenta bancaria ese mismo jueves. En el marco del paro nacional bancario previsto para el pr\u00f3ximo 23 de febrero, ANSES inform\u00f3 este jueves que continuar\u00e1 con su cronograma habitual de pago. [&hellip;]<\/p>\n","protected":false},"author":2,"featured_media":22683,"comment_status":"open","ping_status":"open","sticky":false,"template":"","format":"standard","meta":{"footnotes":""},"categories":[35],"tags":[],"class_list":["post-22682","post","type-post","status-publish","format-standard","has-post-thumbnail","hentry","category-informacion-general"],"yoast_head":"<!-- This site is optimized with the Yoast SEO plugin v27.5 - https:\/\/yoast.com\/product\/yoast-seo-wordpress\/ -->\n<title>A pesar del anunciado paro bancario, Anses mantiene el cronograma de pagos | CVI NOTICIAS<\/title>\n<meta name=\"robots\" content=\"index, follow, max-snippet:-1, max-image-preview:large, max-video-preview:-1\" \/>\n<link rel=\"canonical\" href=\"https:\/\/cvinoticias.com\/v3\/a-pesar-del-anunciado-paro-bancario-anses-mantiene-el-cronograma-de-pagos\/\" \/>\n<meta property=\"og:locale\" content=\"es_ES\" \/>\n<meta property=\"og:type\" content=\"article\" \/>\n<meta property=\"og:title\" content=\"A pesar del anunciado paro bancario, Anses mantiene el cronograma de pagos | CVI NOTICIAS\" \/>\n<meta property=\"og:description\" content=\"El organismo nacional inform\u00f3 que todas las personas que cobran alguna de las prestaciones de la Seguridad Social tendr\u00e1n acreditado el dinero en su cuenta bancaria ese mismo jueves. En el marco del paro nacional bancario previsto para el pr\u00f3ximo 23 de febrero, ANSES inform\u00f3 este jueves que continuar\u00e1 con su cronograma habitual de pago. [&hellip;]\" \/>\n<meta property=\"og:url\" content=\"https:\/\/cvinoticias.com\/v3\/a-pesar-del-anunciado-paro-bancario-anses-mantiene-el-cronograma-de-pagos\/\" \/>\n<meta property=\"og:site_name\" content=\"CVI NOTICIAS\" \/>\n<meta property=\"article:publisher\" content=\"https:\/\/www.facebook.com\/cvinoticias\" \/>\n<meta property=\"article:published_time\" content=\"2023-02-17T13:28:29+00:00\" \/>\n<meta property=\"og:image\" content=\"https:\/\/cvinoticias.com\/wp-content\/uploads\/2023\/02\/27-13.jpg\" \/>\n\t<meta property=\"og:image:width\" content=\"820\" \/>\n\t<meta property=\"og:image:height\" content=\"480\" \/>\n\t<meta property=\"og:image:type\" content=\"image\/jpeg\" \/>\n<meta name=\"author\" content=\"f1000024\" \/>\n<meta name=\"twitter:card\" content=\"summary_large_image\" \/>\n<meta name=\"twitter:label1\" content=\"Escrito por\" \/>\n\t<meta name=\"twitter:data1\" content=\"f1000024\" \/>\n\t<meta name=\"twitter:label2\" content=\"Tiempo de lectura\" \/>\n\t<meta name=\"twitter:data2\" content=\"1 minuto\" \/>\n<script type=\"application\/ld+json\" class=\"yoast-schema-graph\">{\"@context\":\"https:\\\/\\\/schema.org\",\"@graph\":[{\"@type\":\"Article\",\"@id\":\"https:\\\/\\\/cvinoticias.com\\\/v3\\\/a-pesar-del-anunciado-paro-bancario-anses-mantiene-el-cronograma-de-pagos\\\/#article\",\"isPartOf\":{\"@id\":\"https:\\\/\\\/cvinoticias.com\\\/v3\\\/a-pesar-del-anunciado-paro-bancario-anses-mantiene-el-cronograma-de-pagos\\\/\"},\"author\":{\"name\":\"f1000024\",\"@id\":\"https:\\\/\\\/cvinoticias.com\\\/v3\\\/#\\\/schema\\\/person\\\/2db77e3c6bc03c538495d7b2b8be9b66\"},\"headline\":\"A pesar del anunciado paro bancario, Anses mantiene el cronograma de pagos\",\"datePublished\":\"2023-02-17T13:28:29+00:00\",\"mainEntityOfPage\":{\"@id\":\"https:\\\/\\\/cvinoticias.com\\\/v3\\\/a-pesar-del-anunciado-paro-bancario-anses-mantiene-el-cronograma-de-pagos\\\/\"},\"wordCount\":195,\"commentCount\":0,\"publisher\":{\"@id\":\"https:\\\/\\\/cvinoticias.com\\\/v3\\\/#organization\"},\"image\":{\"@id\":\"https:\\\/\\\/cvinoticias.com\\\/v3\\\/a-pesar-del-anunciado-paro-bancario-anses-mantiene-el-cronograma-de-pagos\\\/#primaryimage\"},\"thumbnailUrl\":\"https:\\\/\\\/cvinoticias.com\\\/wp-content\\\/uploads\\\/2023\\\/02\\\/27-13.jpg\",\"articleSection\":[\"Informaci\u00f3n General\"],\"inLanguage\":\"es\",\"potentialAction\":[{\"@type\":\"CommentAction\",\"name\":\"Comment\",\"target\":[\"https:\\\/\\\/cvinoticias.com\\\/v3\\\/a-pesar-del-anunciado-paro-bancario-anses-mantiene-el-cronograma-de-pagos\\\/#respond\"]}]},{\"@type\":\"WebPage\",\"@id\":\"https:\\\/\\\/cvinoticias.com\\\/v3\\\/a-pesar-del-anunciado-paro-bancario-anses-mantiene-el-cronograma-de-pagos\\\/\",\"url\":\"https:\\\/\\\/cvinoticias.com\\\/v3\\\/a-pesar-del-anunciado-paro-bancario-anses-mantiene-el-cronograma-de-pagos\\\/\",\"name\":\"A pesar del anunciado paro bancario, Anses mantiene el cronograma de pagos | CVI NOTICIAS\",\"isPartOf\":{\"@id\":\"https:\\\/\\\/cvinoticias.com\\\/v3\\\/#website\"},\"primaryImageOfPage\":{\"@id\":\"https:\\\/\\\/cvinoticias.com\\\/v3\\\/a-pesar-del-anunciado-paro-bancario-anses-mantiene-el-cronograma-de-pagos\\\/#primaryimage\"},\"image\":{\"@id\":\"https:\\\/\\\/cvinoticias.com\\\/v3\\\/a-pesar-del-anunciado-paro-bancario-anses-mantiene-el-cronograma-de-pagos\\\/#primaryimage\"},\"thumbnailUrl\":\"https:\\\/\\\/cvinoticias.com\\\/wp-content\\\/uploads\\\/2023\\\/02\\\/27-13.jpg\",\"datePublished\":\"2023-02-17T13:28:29+00:00\",\"breadcrumb\":{\"@id\":\"https:\\\/\\\/cvinoticias.com\\\/v3\\\/a-pesar-del-anunciado-paro-bancario-anses-mantiene-el-cronograma-de-pagos\\\/#breadcrumb\"},\"inLanguage\":\"es\",\"potentialAction\":[{\"@type\":\"ReadAction\",\"target\":[\"https:\\\/\\\/cvinoticias.com\\\/v3\\\/a-pesar-del-anunciado-paro-bancario-anses-mantiene-el-cronograma-de-pagos\\\/\"]}]},{\"@type\":\"ImageObject\",\"inLanguage\":\"es\",\"@id\":\"https:\\\/\\\/cvinoticias.com\\\/v3\\\/a-pesar-del-anunciado-paro-bancario-anses-mantiene-el-cronograma-de-pagos\\\/#primaryimage\",\"url\":\"https:\\\/\\\/cvinoticias.com\\\/wp-content\\\/uploads\\\/2023\\\/02\\\/27-13.jpg\",\"contentUrl\":\"https:\\\/\\\/cvinoticias.com\\\/wp-content\\\/uploads\\\/2023\\\/02\\\/27-13.jpg\",\"width\":820,\"height\":480},{\"@type\":\"BreadcrumbList\",\"@id\":\"https:\\\/\\\/cvinoticias.com\\\/v3\\\/a-pesar-del-anunciado-paro-bancario-anses-mantiene-el-cronograma-de-pagos\\\/#breadcrumb\",\"itemListElement\":[{\"@type\":\"ListItem\",\"position\":1,\"name\":\"Portada\",\"item\":\"https:\\\/\\\/cvinoticias.com\\\/v3\\\/\"},{\"@type\":\"ListItem\",\"position\":2,\"name\":\"A pesar del anunciado paro bancario, Anses mantiene el cronograma de pagos\"}]},{\"@type\":\"WebSite\",\"@id\":\"https:\\\/\\\/cvinoticias.com\\\/v3\\\/#website\",\"url\":\"https:\\\/\\\/cvinoticias.com\\\/v3\\\/\",\"name\":\"CVI NOTICIAS\",\"description\":\"\",\"publisher\":{\"@id\":\"https:\\\/\\\/cvinoticias.com\\\/v3\\\/#organization\"},\"alternateName\":\"CVI\",\"potentialAction\":[{\"@type\":\"SearchAction\",\"target\":{\"@type\":\"EntryPoint\",\"urlTemplate\":\"https:\\\/\\\/cvinoticias.com\\\/v3\\\/?s={search_term_string}\"},\"query-input\":{\"@type\":\"PropertyValueSpecification\",\"valueRequired\":true,\"valueName\":\"search_term_string\"}}],\"inLanguage\":\"es\"},{\"@type\":\"Organization\",\"@id\":\"https:\\\/\\\/cvinoticias.com\\\/v3\\\/#organization\",\"name\":\"CVI NOTICIAS\",\"url\":\"https:\\\/\\\/cvinoticias.com\\\/v3\\\/\",\"logo\":{\"@type\":\"ImageObject\",\"inLanguage\":\"es\",\"@id\":\"https:\\\/\\\/cvinoticias.com\\\/v3\\\/#\\\/schema\\\/logo\\\/image\\\/\",\"url\":\"https:\\\/\\\/cvinoticias.com\\\/wp-content\\\/uploads\\\/2023\\\/04\\\/cropped-cropped-cropped-cropped-cropped-3-1.png\",\"contentUrl\":\"https:\\\/\\\/cvinoticias.com\\\/wp-content\\\/uploads\\\/2023\\\/04\\\/cropped-cropped-cropped-cropped-cropped-3-1.png\",\"width\":95,\"height\":122,\"caption\":\"CVI NOTICIAS\"},\"image\":{\"@id\":\"https:\\\/\\\/cvinoticias.com\\\/v3\\\/#\\\/schema\\\/logo\\\/image\\\/\"},\"sameAs\":[\"https:\\\/\\\/www.facebook.com\\\/cvinoticias\",\"https:\\\/\\\/www.instagram.com\\\/cvinoticias\\\/\",\"https:\\\/\\\/www.youtube.com\\\/@CVINOTICIAS\"]},{\"@type\":\"Person\",\"@id\":\"https:\\\/\\\/cvinoticias.com\\\/v3\\\/#\\\/schema\\\/person\\\/2db77e3c6bc03c538495d7b2b8be9b66\",\"name\":\"f1000024\",\"image\":{\"@type\":\"ImageObject\",\"inLanguage\":\"es\",\"@id\":\"https:\\\/\\\/secure.gravatar.com\\\/avatar\\\/d4fe7459cfc51ff5129ce1a732bbef5928568b8092d412ef95611616376bbeed?s=96&d=mm&r=g\",\"url\":\"https:\\\/\\\/secure.gravatar.com\\\/avatar\\\/d4fe7459cfc51ff5129ce1a732bbef5928568b8092d412ef95611616376bbeed?s=96&d=mm&r=g\",\"contentUrl\":\"https:\\\/\\\/secure.gravatar.com\\\/avatar\\\/d4fe7459cfc51ff5129ce1a732bbef5928568b8092d412ef95611616376bbeed?s=96&d=mm&r=g\",\"caption\":\"f1000024\"},\"url\":\"https:\\\/\\\/cvinoticias.com\\\/v3\\\/author\\\/f1000024\\\/\"}]}<\/script>\n<!-- \/ Yoast SEO plugin. -->","yoast_head_json":{"title":"A pesar del anunciado paro bancario, Anses mantiene el cronograma de pagos | CVI NOTICIAS","robots":{"index":"index","follow":"follow","max-snippet":"max-snippet:-1","max-image-preview":"max-image-preview:large","max-video-preview":"max-video-preview:-1"},"canonical":"https:\/\/cvinoticias.com\/v3\/a-pesar-del-anunciado-paro-bancario-anses-mantiene-el-cronograma-de-pagos\/","og_locale":"es_ES","og_type":"article","og_title":"A pesar del anunciado paro bancario, Anses mantiene el cronograma de pagos | CVI NOTICIAS","og_description":"El organismo nacional inform\u00f3 que todas las personas que cobran alguna de las prestaciones de la Seguridad Social tendr\u00e1n acreditado el dinero en su cuenta bancaria ese mismo jueves. En el marco del paro nacional bancario previsto para el pr\u00f3ximo 23 de febrero, ANSES inform\u00f3 este jueves que continuar\u00e1 con su cronograma habitual de pago. [&hellip;]","og_url":"https:\/\/cvinoticias.com\/v3\/a-pesar-del-anunciado-paro-bancario-anses-mantiene-el-cronograma-de-pagos\/","og_site_name":"CVI NOTICIAS","article_publisher":"https:\/\/www.facebook.com\/cvinoticias","article_published_time":"2023-02-17T13:28:29+00:00","og_image":[{"width":820,"height":480,"url":"https:\/\/cvinoticias.com\/wp-content\/uploads\/2023\/02\/27-13.jpg","type":"image\/jpeg"}],"author":"f1000024","twitter_card":"summary_large_image","twitter_misc":{"Escrito por":"f1000024","Tiempo de lectura":"1 minuto"},"schema":{"@context":"https:\/\/schema.org","@graph":[{"@type":"Article","@id":"https:\/\/cvinoticias.com\/v3\/a-pesar-del-anunciado-paro-bancario-anses-mantiene-el-cronograma-de-pagos\/#article","isPartOf":{"@id":"https:\/\/cvinoticias.com\/v3\/a-pesar-del-anunciado-paro-bancario-anses-mantiene-el-cronograma-de-pagos\/"},"author":{"name":"f1000024","@id":"https:\/\/cvinoticias.com\/v3\/#\/schema\/person\/2db77e3c6bc03c538495d7b2b8be9b66"},"headline":"A pesar del anunciado paro bancario, Anses mantiene el cronograma de pagos","datePublished":"2023-02-17T13:28:29+00:00","mainEntityOfPage":{"@id":"https:\/\/cvinoticias.com\/v3\/a-pesar-del-anunciado-paro-bancario-anses-mantiene-el-cronograma-de-pagos\/"},"wordCount":195,"commentCount":0,"publisher":{"@id":"https:\/\/cvinoticias.com\/v3\/#organization"},"image":{"@id":"https:\/\/cvinoticias.com\/v3\/a-pesar-del-anunciado-paro-bancario-anses-mantiene-el-cronograma-de-pagos\/#primaryimage"},"thumbnailUrl":"https:\/\/cvinoticias.com\/wp-content\/uploads\/2023\/02\/27-13.jpg","articleSection":["Informaci\u00f3n General"],"inLanguage":"es","potentialAction":[{"@type":"CommentAction","name":"Comment","target":["https:\/\/cvinoticias.com\/v3\/a-pesar-del-anunciado-paro-bancario-anses-mantiene-el-cronograma-de-pagos\/#respond"]}]},{"@type":"WebPage","@id":"https:\/\/cvinoticias.com\/v3\/a-pesar-del-anunciado-paro-bancario-anses-mantiene-el-cronograma-de-pagos\/","url":"https:\/\/cvinoticias.com\/v3\/a-pesar-del-anunciado-paro-bancario-anses-mantiene-el-cronograma-de-pagos\/","name":"A pesar del anunciado paro bancario, Anses mantiene el cronograma de pagos | CVI NOTICIAS","isPartOf":{"@id":"https:\/\/cvinoticias.com\/v3\/#website"},"primaryImageOfPage":{"@id":"https:\/\/cvinoticias.com\/v3\/a-pesar-del-anunciado-paro-bancario-anses-mantiene-el-cronograma-de-pagos\/#primaryimage"},"image":{"@id":"https:\/\/cvinoticias.com\/v3\/a-pesar-del-anunciado-paro-bancario-anses-mantiene-el-cronograma-de-pagos\/#primaryimage"},"thumbnailUrl":"https:\/\/cvinoticias.com\/wp-content\/uploads\/2023\/02\/27-13.jpg","datePublished":"2023-02-17T13:28:29+00:00","breadcrumb":{"@id":"https:\/\/cvinoticias.com\/v3\/a-pesar-del-anunciado-paro-bancario-anses-mantiene-el-cronograma-de-pagos\/#breadcrumb"},"inLanguage":"es","potentialAction":[{"@type":"ReadAction","target":["https:\/\/cvinoticias.com\/v3\/a-pesar-del-anunciado-paro-bancario-anses-mantiene-el-cronograma-de-pagos\/"]}]},{"@type":"ImageObject","inLanguage":"es","@id":"https:\/\/cvinoticias.com\/v3\/a-pesar-del-anunciado-paro-bancario-anses-mantiene-el-cronograma-de-pagos\/#primaryimage","url":"https:\/\/cvinoticias.com\/wp-content\/uploads\/2023\/02\/27-13.jpg","contentUrl":"https:\/\/cvinoticias.com\/wp-content\/uploads\/2023\/02\/27-13.jpg","width":820,"height":480},{"@type":"BreadcrumbList","@id":"https:\/\/cvinoticias.com\/v3\/a-pesar-del-anunciado-paro-bancario-anses-mantiene-el-cronograma-de-pagos\/#breadcrumb","itemListElement":[{"@type":"ListItem","position":1,"name":"Portada","item":"https:\/\/cvinoticias.com\/v3\/"},{"@type":"ListItem","position":2,"name":"A pesar del anunciado paro bancario, Anses mantiene el cronograma de pagos"}]},{"@type":"WebSite","@id":"https:\/\/cvinoticias.com\/v3\/#website","url":"https:\/\/cvinoticias.com\/v3\/","name":"CVI NOTICIAS","description":"","publisher":{"@id":"https:\/\/cvinoticias.com\/v3\/#organization"},"alternateName":"CVI","potentialAction":[{"@type":"SearchAction","target":{"@type":"EntryPoint","urlTemplate":"https:\/\/cvinoticias.com\/v3\/?s={search_term_string}"},"query-input":{"@type":"PropertyValueSpecification","valueRequired":true,"valueName":"search_term_string"}}],"inLanguage":"es"},{"@type":"Organization","@id":"https:\/\/cvinoticias.com\/v3\/#organization","name":"CVI NOTICIAS","url":"https:\/\/cvinoticias.com\/v3\/","logo":{"@type":"ImageObject","inLanguage":"es","@id":"https:\/\/cvinoticias.com\/v3\/#\/schema\/logo\/image\/","url":"https:\/\/cvinoticias.com\/wp-content\/uploads\/2023\/04\/cropped-cropped-cropped-cropped-cropped-3-1.png","contentUrl":"https:\/\/cvinoticias.com\/wp-content\/uploads\/2023\/04\/cropped-cropped-cropped-cropped-cropped-3-1.png","width":95,"height":122,"caption":"CVI NOTICIAS"},"image":{"@id":"https:\/\/cvinoticias.com\/v3\/#\/schema\/logo\/image\/"},"sameAs":["https:\/\/www.facebook.com\/cvinoticias","https:\/\/www.instagram.com\/cvinoticias\/","https:\/\/www.youtube.com\/@CVINOTICIAS"]},{"@type":"Person","@id":"https:\/\/cvinoticias.com\/v3\/#\/schema\/person\/2db77e3c6bc03c538495d7b2b8be9b66","name":"f1000024","image":{"@type":"ImageObject","inLanguage":"es","@id":"https:\/\/secure.gravatar.com\/avatar\/d4fe7459cfc51ff5129ce1a732bbef5928568b8092d412ef95611616376bbeed?s=96&d=mm&r=g","url":"https:\/\/secure.gravatar.com\/avatar\/d4fe7459cfc51ff5129ce1a732bbef5928568b8092d412ef95611616376bbeed?s=96&d=mm&r=g","contentUrl":"https:\/\/secure.gravatar.com\/avatar\/d4fe7459cfc51ff5129ce1a732bbef5928568b8092d412ef95611616376bbeed?s=96&d=mm&r=g","caption":"f1000024"},"url":"https:\/\/cvinoticias.com\/v3\/author\/f1000024\/"}]}},"_links":{"self":[{"href":"https:\/\/cvinoticias.com\/v3\/wp-json\/wp\/v2\/posts\/22682","targetHints":{"allow":["GET"]}}],"collection":[{"href":"https:\/\/cvinoticias.com\/v3\/wp-json\/wp\/v2\/posts"}],"about":[{"href":"https:\/\/cvinoticias.com\/v3\/wp-json\/wp\/v2\/types\/post"}],"author":[{"embeddable":true,"href":"https:\/\/cvinoticias.com\/v3\/wp-json\/wp\/v2\/users\/2"}],"replies":[{"embeddable":true,"href":"https:\/\/cvinoticias.com\/v3\/wp-json\/wp\/v2\/comments?post=22682"}],"version-history":[{"count":1,"href":"https:\/\/cvinoticias.com\/v3\/wp-json\/wp\/v2\/posts\/22682\/revisions"}],"predecessor-version":[{"id":22684,"href":"https:\/\/cvinoticias.com\/v3\/wp-json\/wp\/v2\/posts\/22682\/revisions\/22684"}],"wp:featuredmedia":[{"embeddable":true,"href":"https:\/\/cvinoticias.com\/v3\/wp-json\/wp\/v2\/media\/22683"}],"wp:attachment":[{"href":"https:\/\/cvinoticias.com\/v3\/wp-json\/wp\/v2\/media?parent=22682"}],"wp:term":[{"taxonomy":"category","embeddable":true,"href":"https:\/\/cvinoticias.com\/v3\/wp-json\/wp\/v2\/categories?post=22682"},{"taxonomy":"post_tag","embeddable":true,"href":"https:\/\/cvinoticias.com\/v3\/wp-json\/wp\/v2\/tags?post=22682"}],"curies":[{"name":"wp","href":"https:\/\/api.w.org\/{rel}","templated":true}]}}