{"id":22654,"date":"2023-02-16T13:55:11","date_gmt":"2023-02-16T13:55:11","guid":{"rendered":"https:\/\/cvinoticias.com\/v3\/?p=22654"},"modified":"2023-02-16T13:55:11","modified_gmt":"2023-02-16T13:55:11","slug":"de-que-se-trata-el-programa-sueno-seguro","status":"publish","type":"post","link":"https:\/\/cvinoticias.com\/v3\/de-que-se-trata-el-programa-sueno-seguro\/","title":{"rendered":"De qu\u00e9 se trata el programa \u00abSue\u00f1o seguro\u00bb"},"content":{"rendered":"\n<p><strong><em>El mismo ayuda al cuidado de los primeros a\u00f1os de vida<\/em><\/strong><\/p>\n\n\n\n<p>A partir de esta semana, el norte del pa\u00eds comenz\u00f3 a contar con el kit \u00abSue\u00f1o Seguro\u00bb. Se trata de un programa que integra una pol\u00edtica de Estado para brindar aquellos elementos necesarios, apoyo, acompa\u00f1amiento y cuidado durante el embarazo y primeros a\u00f1os de vida.<\/p>\n\n\n\n<p>El programa forma parte del Plan \u00ab1.000 D\u00edas\u00bb, el cual agrupa distintas acciones y asistencia para garantizar derechos de personas gestantes durante el per\u00edodo de embarazo, as\u00ed como el acompa\u00f1amiento del crecimiento de ni\u00f1as y ni\u00f1os hasta sus 3 a\u00f1os de edad.<\/p>\n\n\n\n<p><strong>Sue\u00f1o seguro<\/strong><\/p>\n\n\n\n<p>El objetivo del programa se basa en comprender que un sue\u00f1o seguro garantiza mejoras en la salud, el crecimiento y el desarrollo general en los primeros a\u00f1os de vida. \u00abEl sue\u00f1o es fundamental para el crecimiento f\u00edsico y el desarrollo neurol\u00f3gico y emocional de las ni\u00f1eces, y representa una de las tareas de cuidado que las familias tienen que acompa\u00f1ar durante la crianza\u00bb, se\u00f1alan desde el sitio web oficial del Ministerio de Salud de la naci\u00f3n, desde donde tambi\u00e9n brindan distintos tips para garantizar un descanso saludable.<\/p>\n\n\n\n<p>El programa cuenta con cunas que se distribuyen en todo el pa\u00eds, las cuales fueron confeccionadas junto al INTI y a la Sociedad Argentina de Pediatr\u00eda, contando as\u00ed con todas las medidas de seguridad para garantizar un buen sue\u00f1o. Estas medidas buscan influir directamente en la disminuci\u00f3n de mortalidad infantil en los domicilios.<\/p>\n\n\n\n<p>En un comienzo, estas cunas fueron entregadas a ni\u00f1as y ni\u00f1os prematuros o con alguna cardiopat\u00eda cong\u00e9nita, o bien que hayan sido internados en neonatolog\u00eda, siendo todos factores de riesgo. Las y los beneficiarios pertenec\u00edan al NOA y NEA.<\/p>\n\n\n\n<p>Posteriormente, se buscar\u00e1 que este beneficio sea alcanzado para cualquier tipo de situaci\u00f3n de vulnerabilidad, incluyendo la econ\u00f3mica.<\/p>\n","protected":false},"excerpt":{"rendered":"<p>El mismo ayuda al cuidado de los primeros a\u00f1os de vida A partir de esta semana, el norte del pa\u00eds comenz\u00f3 a contar con el kit \u00abSue\u00f1o Seguro\u00bb. Se trata de un programa que integra una pol\u00edtica de Estado para brindar aquellos elementos necesarios, apoyo, acompa\u00f1amiento y cuidado durante el embarazo y primeros a\u00f1os de [&hellip;]<\/p>\n","protected":false},"author":2,"featured_media":22655,"comment_status":"open","ping_status":"open","sticky":false,"template":"","format":"standard","meta":{"footnotes":""},"categories":[35],"tags":[],"class_list":["post-22654","post","type-post","status-publish","format-standard","has-post-thumbnail","hentry","category-informacion-general"],"yoast_head":"<!-- This site is optimized with the Yoast SEO plugin v27.4 - https:\/\/yoast.com\/product\/yoast-seo-wordpress\/ -->\n<title>De qu\u00e9 se trata el programa &quot;Sue\u00f1o seguro&quot; | CVI NOTICIAS<\/title>\n<meta name=\"robots\" content=\"index, follow, max-snippet:-1, max-image-preview:large, max-video-preview:-1\" \/>\n<link rel=\"canonical\" href=\"https:\/\/cvinoticias.com\/v3\/de-que-se-trata-el-programa-sueno-seguro\/\" \/>\n<meta property=\"og:locale\" content=\"es_ES\" \/>\n<meta property=\"og:type\" content=\"article\" \/>\n<meta property=\"og:title\" content=\"De qu\u00e9 se trata el programa &quot;Sue\u00f1o seguro&quot; | CVI NOTICIAS\" \/>\n<meta property=\"og:description\" content=\"El mismo ayuda al cuidado de los primeros a\u00f1os de vida A partir de esta semana, el norte del pa\u00eds comenz\u00f3 a contar con el kit \u00abSue\u00f1o Seguro\u00bb. Se trata de un programa que integra una pol\u00edtica de Estado para brindar aquellos elementos necesarios, apoyo, acompa\u00f1amiento y cuidado durante el embarazo y primeros a\u00f1os de [&hellip;]\" \/>\n<meta property=\"og:url\" content=\"https:\/\/cvinoticias.com\/v3\/de-que-se-trata-el-programa-sueno-seguro\/\" \/>\n<meta property=\"og:site_name\" content=\"CVI NOTICIAS\" \/>\n<meta property=\"article:publisher\" content=\"https:\/\/www.facebook.com\/cvinoticias\" \/>\n<meta property=\"article:published_time\" content=\"2023-02-16T13:55:11+00:00\" \/>\n<meta property=\"og:image\" content=\"https:\/\/cvinoticias.com\/wp-content\/uploads\/2023\/02\/pexels-dominika-roseclay-1172937_x1x_1.jpg_529145118.jpg\" \/>\n\t<meta property=\"og:image:width\" content=\"368\" \/>\n\t<meta property=\"og:image:height\" content=\"207\" \/>\n\t<meta property=\"og:image:type\" content=\"image\/jpeg\" \/>\n<meta name=\"author\" content=\"f1000024\" \/>\n<meta name=\"twitter:card\" content=\"summary_large_image\" \/>\n<meta name=\"twitter:label1\" content=\"Escrito por\" \/>\n\t<meta name=\"twitter:data1\" content=\"f1000024\" \/>\n\t<meta name=\"twitter:label2\" content=\"Tiempo de lectura\" \/>\n\t<meta name=\"twitter:data2\" content=\"2 minutos\" \/>\n<script type=\"application\/ld+json\" class=\"yoast-schema-graph\">{\"@context\":\"https:\\\/\\\/schema.org\",\"@graph\":[{\"@type\":\"Article\",\"@id\":\"https:\\\/\\\/cvinoticias.com\\\/v3\\\/de-que-se-trata-el-programa-sueno-seguro\\\/#article\",\"isPartOf\":{\"@id\":\"https:\\\/\\\/cvinoticias.com\\\/v3\\\/de-que-se-trata-el-programa-sueno-seguro\\\/\"},\"author\":{\"name\":\"f1000024\",\"@id\":\"https:\\\/\\\/cvinoticias.com\\\/v3\\\/#\\\/schema\\\/person\\\/2db77e3c6bc03c538495d7b2b8be9b66\"},\"headline\":\"De qu\u00e9 se trata el programa \u00abSue\u00f1o seguro\u00bb\",\"datePublished\":\"2023-02-16T13:55:11+00:00\",\"mainEntityOfPage\":{\"@id\":\"https:\\\/\\\/cvinoticias.com\\\/v3\\\/de-que-se-trata-el-programa-sueno-seguro\\\/\"},\"wordCount\":339,\"commentCount\":0,\"publisher\":{\"@id\":\"https:\\\/\\\/cvinoticias.com\\\/v3\\\/#organization\"},\"image\":{\"@id\":\"https:\\\/\\\/cvinoticias.com\\\/v3\\\/de-que-se-trata-el-programa-sueno-seguro\\\/#primaryimage\"},\"thumbnailUrl\":\"https:\\\/\\\/cvinoticias.com\\\/wp-content\\\/uploads\\\/2023\\\/02\\\/pexels-dominika-roseclay-1172937_x1x_1.jpg_529145118.jpg\",\"articleSection\":[\"Informaci\u00f3n General\"],\"inLanguage\":\"es\",\"potentialAction\":[{\"@type\":\"CommentAction\",\"name\":\"Comment\",\"target\":[\"https:\\\/\\\/cvinoticias.com\\\/v3\\\/de-que-se-trata-el-programa-sueno-seguro\\\/#respond\"]}]},{\"@type\":\"WebPage\",\"@id\":\"https:\\\/\\\/cvinoticias.com\\\/v3\\\/de-que-se-trata-el-programa-sueno-seguro\\\/\",\"url\":\"https:\\\/\\\/cvinoticias.com\\\/v3\\\/de-que-se-trata-el-programa-sueno-seguro\\\/\",\"name\":\"De qu\u00e9 se trata el programa \\\"Sue\u00f1o seguro\\\" | CVI NOTICIAS\",\"isPartOf\":{\"@id\":\"https:\\\/\\\/cvinoticias.com\\\/v3\\\/#website\"},\"primaryImageOfPage\":{\"@id\":\"https:\\\/\\\/cvinoticias.com\\\/v3\\\/de-que-se-trata-el-programa-sueno-seguro\\\/#primaryimage\"},\"image\":{\"@id\":\"https:\\\/\\\/cvinoticias.com\\\/v3\\\/de-que-se-trata-el-programa-sueno-seguro\\\/#primaryimage\"},\"thumbnailUrl\":\"https:\\\/\\\/cvinoticias.com\\\/wp-content\\\/uploads\\\/2023\\\/02\\\/pexels-dominika-roseclay-1172937_x1x_1.jpg_529145118.jpg\",\"datePublished\":\"2023-02-16T13:55:11+00:00\",\"breadcrumb\":{\"@id\":\"https:\\\/\\\/cvinoticias.com\\\/v3\\\/de-que-se-trata-el-programa-sueno-seguro\\\/#breadcrumb\"},\"inLanguage\":\"es\",\"potentialAction\":[{\"@type\":\"ReadAction\",\"target\":[\"https:\\\/\\\/cvinoticias.com\\\/v3\\\/de-que-se-trata-el-programa-sueno-seguro\\\/\"]}]},{\"@type\":\"ImageObject\",\"inLanguage\":\"es\",\"@id\":\"https:\\\/\\\/cvinoticias.com\\\/v3\\\/de-que-se-trata-el-programa-sueno-seguro\\\/#primaryimage\",\"url\":\"https:\\\/\\\/cvinoticias.com\\\/wp-content\\\/uploads\\\/2023\\\/02\\\/pexels-dominika-roseclay-1172937_x1x_1.jpg_529145118.jpg\",\"contentUrl\":\"https:\\\/\\\/cvinoticias.com\\\/wp-content\\\/uploads\\\/2023\\\/02\\\/pexels-dominika-roseclay-1172937_x1x_1.jpg_529145118.jpg\",\"width\":368,\"height\":207},{\"@type\":\"BreadcrumbList\",\"@id\":\"https:\\\/\\\/cvinoticias.com\\\/v3\\\/de-que-se-trata-el-programa-sueno-seguro\\\/#breadcrumb\",\"itemListElement\":[{\"@type\":\"ListItem\",\"position\":1,\"name\":\"Portada\",\"item\":\"https:\\\/\\\/cvinoticias.com\\\/v3\\\/\"},{\"@type\":\"ListItem\",\"position\":2,\"name\":\"De qu\u00e9 se trata el programa \u00abSue\u00f1o seguro\u00bb\"}]},{\"@type\":\"WebSite\",\"@id\":\"https:\\\/\\\/cvinoticias.com\\\/v3\\\/#website\",\"url\":\"https:\\\/\\\/cvinoticias.com\\\/v3\\\/\",\"name\":\"CVI NOTICIAS\",\"description\":\"\",\"publisher\":{\"@id\":\"https:\\\/\\\/cvinoticias.com\\\/v3\\\/#organization\"},\"alternateName\":\"CVI\",\"potentialAction\":[{\"@type\":\"SearchAction\",\"target\":{\"@type\":\"EntryPoint\",\"urlTemplate\":\"https:\\\/\\\/cvinoticias.com\\\/v3\\\/?s={search_term_string}\"},\"query-input\":{\"@type\":\"PropertyValueSpecification\",\"valueRequired\":true,\"valueName\":\"search_term_string\"}}],\"inLanguage\":\"es\"},{\"@type\":\"Organization\",\"@id\":\"https:\\\/\\\/cvinoticias.com\\\/v3\\\/#organization\",\"name\":\"CVI NOTICIAS\",\"url\":\"https:\\\/\\\/cvinoticias.com\\\/v3\\\/\",\"logo\":{\"@type\":\"ImageObject\",\"inLanguage\":\"es\",\"@id\":\"https:\\\/\\\/cvinoticias.com\\\/v3\\\/#\\\/schema\\\/logo\\\/image\\\/\",\"url\":\"https:\\\/\\\/cvinoticias.com\\\/wp-content\\\/uploads\\\/2023\\\/04\\\/cropped-cropped-cropped-cropped-cropped-3-1.png\",\"contentUrl\":\"https:\\\/\\\/cvinoticias.com\\\/wp-content\\\/uploads\\\/2023\\\/04\\\/cropped-cropped-cropped-cropped-cropped-3-1.png\",\"width\":95,\"height\":122,\"caption\":\"CVI NOTICIAS\"},\"image\":{\"@id\":\"https:\\\/\\\/cvinoticias.com\\\/v3\\\/#\\\/schema\\\/logo\\\/image\\\/\"},\"sameAs\":[\"https:\\\/\\\/www.facebook.com\\\/cvinoticias\",\"https:\\\/\\\/www.instagram.com\\\/cvinoticias\\\/\",\"https:\\\/\\\/www.youtube.com\\\/@CVINOTICIAS\"]},{\"@type\":\"Person\",\"@id\":\"https:\\\/\\\/cvinoticias.com\\\/v3\\\/#\\\/schema\\\/person\\\/2db77e3c6bc03c538495d7b2b8be9b66\",\"name\":\"f1000024\",\"image\":{\"@type\":\"ImageObject\",\"inLanguage\":\"es\",\"@id\":\"https:\\\/\\\/secure.gravatar.com\\\/avatar\\\/d4fe7459cfc51ff5129ce1a732bbef5928568b8092d412ef95611616376bbeed?s=96&d=mm&r=g\",\"url\":\"https:\\\/\\\/secure.gravatar.com\\\/avatar\\\/d4fe7459cfc51ff5129ce1a732bbef5928568b8092d412ef95611616376bbeed?s=96&d=mm&r=g\",\"contentUrl\":\"https:\\\/\\\/secure.gravatar.com\\\/avatar\\\/d4fe7459cfc51ff5129ce1a732bbef5928568b8092d412ef95611616376bbeed?s=96&d=mm&r=g\",\"caption\":\"f1000024\"},\"url\":\"https:\\\/\\\/cvinoticias.com\\\/v3\\\/author\\\/f1000024\\\/\"}]}<\/script>\n<!-- \/ Yoast SEO plugin. -->","yoast_head_json":{"title":"De qu\u00e9 se trata el programa \"Sue\u00f1o seguro\" | CVI NOTICIAS","robots":{"index":"index","follow":"follow","max-snippet":"max-snippet:-1","max-image-preview":"max-image-preview:large","max-video-preview":"max-video-preview:-1"},"canonical":"https:\/\/cvinoticias.com\/v3\/de-que-se-trata-el-programa-sueno-seguro\/","og_locale":"es_ES","og_type":"article","og_title":"De qu\u00e9 se trata el programa \"Sue\u00f1o seguro\" | CVI NOTICIAS","og_description":"El mismo ayuda al cuidado de los primeros a\u00f1os de vida A partir de esta semana, el norte del pa\u00eds comenz\u00f3 a contar con el kit \u00abSue\u00f1o Seguro\u00bb. Se trata de un programa que integra una pol\u00edtica de Estado para brindar aquellos elementos necesarios, apoyo, acompa\u00f1amiento y cuidado durante el embarazo y primeros a\u00f1os de [&hellip;]","og_url":"https:\/\/cvinoticias.com\/v3\/de-que-se-trata-el-programa-sueno-seguro\/","og_site_name":"CVI NOTICIAS","article_publisher":"https:\/\/www.facebook.com\/cvinoticias","article_published_time":"2023-02-16T13:55:11+00:00","og_image":[{"width":368,"height":207,"url":"https:\/\/cvinoticias.com\/wp-content\/uploads\/2023\/02\/pexels-dominika-roseclay-1172937_x1x_1.jpg_529145118.jpg","type":"image\/jpeg"}],"author":"f1000024","twitter_card":"summary_large_image","twitter_misc":{"Escrito por":"f1000024","Tiempo de lectura":"2 minutos"},"schema":{"@context":"https:\/\/schema.org","@graph":[{"@type":"Article","@id":"https:\/\/cvinoticias.com\/v3\/de-que-se-trata-el-programa-sueno-seguro\/#article","isPartOf":{"@id":"https:\/\/cvinoticias.com\/v3\/de-que-se-trata-el-programa-sueno-seguro\/"},"author":{"name":"f1000024","@id":"https:\/\/cvinoticias.com\/v3\/#\/schema\/person\/2db77e3c6bc03c538495d7b2b8be9b66"},"headline":"De qu\u00e9 se trata el programa \u00abSue\u00f1o seguro\u00bb","datePublished":"2023-02-16T13:55:11+00:00","mainEntityOfPage":{"@id":"https:\/\/cvinoticias.com\/v3\/de-que-se-trata-el-programa-sueno-seguro\/"},"wordCount":339,"commentCount":0,"publisher":{"@id":"https:\/\/cvinoticias.com\/v3\/#organization"},"image":{"@id":"https:\/\/cvinoticias.com\/v3\/de-que-se-trata-el-programa-sueno-seguro\/#primaryimage"},"thumbnailUrl":"https:\/\/cvinoticias.com\/wp-content\/uploads\/2023\/02\/pexels-dominika-roseclay-1172937_x1x_1.jpg_529145118.jpg","articleSection":["Informaci\u00f3n General"],"inLanguage":"es","potentialAction":[{"@type":"CommentAction","name":"Comment","target":["https:\/\/cvinoticias.com\/v3\/de-que-se-trata-el-programa-sueno-seguro\/#respond"]}]},{"@type":"WebPage","@id":"https:\/\/cvinoticias.com\/v3\/de-que-se-trata-el-programa-sueno-seguro\/","url":"https:\/\/cvinoticias.com\/v3\/de-que-se-trata-el-programa-sueno-seguro\/","name":"De qu\u00e9 se trata el programa \"Sue\u00f1o seguro\" | CVI NOTICIAS","isPartOf":{"@id":"https:\/\/cvinoticias.com\/v3\/#website"},"primaryImageOfPage":{"@id":"https:\/\/cvinoticias.com\/v3\/de-que-se-trata-el-programa-sueno-seguro\/#primaryimage"},"image":{"@id":"https:\/\/cvinoticias.com\/v3\/de-que-se-trata-el-programa-sueno-seguro\/#primaryimage"},"thumbnailUrl":"https:\/\/cvinoticias.com\/wp-content\/uploads\/2023\/02\/pexels-dominika-roseclay-1172937_x1x_1.jpg_529145118.jpg","datePublished":"2023-02-16T13:55:11+00:00","breadcrumb":{"@id":"https:\/\/cvinoticias.com\/v3\/de-que-se-trata-el-programa-sueno-seguro\/#breadcrumb"},"inLanguage":"es","potentialAction":[{"@type":"ReadAction","target":["https:\/\/cvinoticias.com\/v3\/de-que-se-trata-el-programa-sueno-seguro\/"]}]},{"@type":"ImageObject","inLanguage":"es","@id":"https:\/\/cvinoticias.com\/v3\/de-que-se-trata-el-programa-sueno-seguro\/#primaryimage","url":"https:\/\/cvinoticias.com\/wp-content\/uploads\/2023\/02\/pexels-dominika-roseclay-1172937_x1x_1.jpg_529145118.jpg","contentUrl":"https:\/\/cvinoticias.com\/wp-content\/uploads\/2023\/02\/pexels-dominika-roseclay-1172937_x1x_1.jpg_529145118.jpg","width":368,"height":207},{"@type":"BreadcrumbList","@id":"https:\/\/cvinoticias.com\/v3\/de-que-se-trata-el-programa-sueno-seguro\/#breadcrumb","itemListElement":[{"@type":"ListItem","position":1,"name":"Portada","item":"https:\/\/cvinoticias.com\/v3\/"},{"@type":"ListItem","position":2,"name":"De qu\u00e9 se trata el programa \u00abSue\u00f1o seguro\u00bb"}]},{"@type":"WebSite","@id":"https:\/\/cvinoticias.com\/v3\/#website","url":"https:\/\/cvinoticias.com\/v3\/","name":"CVI NOTICIAS","description":"","publisher":{"@id":"https:\/\/cvinoticias.com\/v3\/#organization"},"alternateName":"CVI","potentialAction":[{"@type":"SearchAction","target":{"@type":"EntryPoint","urlTemplate":"https:\/\/cvinoticias.com\/v3\/?s={search_term_string}"},"query-input":{"@type":"PropertyValueSpecification","valueRequired":true,"valueName":"search_term_string"}}],"inLanguage":"es"},{"@type":"Organization","@id":"https:\/\/cvinoticias.com\/v3\/#organization","name":"CVI NOTICIAS","url":"https:\/\/cvinoticias.com\/v3\/","logo":{"@type":"ImageObject","inLanguage":"es","@id":"https:\/\/cvinoticias.com\/v3\/#\/schema\/logo\/image\/","url":"https:\/\/cvinoticias.com\/wp-content\/uploads\/2023\/04\/cropped-cropped-cropped-cropped-cropped-3-1.png","contentUrl":"https:\/\/cvinoticias.com\/wp-content\/uploads\/2023\/04\/cropped-cropped-cropped-cropped-cropped-3-1.png","width":95,"height":122,"caption":"CVI NOTICIAS"},"image":{"@id":"https:\/\/cvinoticias.com\/v3\/#\/schema\/logo\/image\/"},"sameAs":["https:\/\/www.facebook.com\/cvinoticias","https:\/\/www.instagram.com\/cvinoticias\/","https:\/\/www.youtube.com\/@CVINOTICIAS"]},{"@type":"Person","@id":"https:\/\/cvinoticias.com\/v3\/#\/schema\/person\/2db77e3c6bc03c538495d7b2b8be9b66","name":"f1000024","image":{"@type":"ImageObject","inLanguage":"es","@id":"https:\/\/secure.gravatar.com\/avatar\/d4fe7459cfc51ff5129ce1a732bbef5928568b8092d412ef95611616376bbeed?s=96&d=mm&r=g","url":"https:\/\/secure.gravatar.com\/avatar\/d4fe7459cfc51ff5129ce1a732bbef5928568b8092d412ef95611616376bbeed?s=96&d=mm&r=g","contentUrl":"https:\/\/secure.gravatar.com\/avatar\/d4fe7459cfc51ff5129ce1a732bbef5928568b8092d412ef95611616376bbeed?s=96&d=mm&r=g","caption":"f1000024"},"url":"https:\/\/cvinoticias.com\/v3\/author\/f1000024\/"}]}},"_links":{"self":[{"href":"https:\/\/cvinoticias.com\/v3\/wp-json\/wp\/v2\/posts\/22654","targetHints":{"allow":["GET"]}}],"collection":[{"href":"https:\/\/cvinoticias.com\/v3\/wp-json\/wp\/v2\/posts"}],"about":[{"href":"https:\/\/cvinoticias.com\/v3\/wp-json\/wp\/v2\/types\/post"}],"author":[{"embeddable":true,"href":"https:\/\/cvinoticias.com\/v3\/wp-json\/wp\/v2\/users\/2"}],"replies":[{"embeddable":true,"href":"https:\/\/cvinoticias.com\/v3\/wp-json\/wp\/v2\/comments?post=22654"}],"version-history":[{"count":1,"href":"https:\/\/cvinoticias.com\/v3\/wp-json\/wp\/v2\/posts\/22654\/revisions"}],"predecessor-version":[{"id":22656,"href":"https:\/\/cvinoticias.com\/v3\/wp-json\/wp\/v2\/posts\/22654\/revisions\/22656"}],"wp:featuredmedia":[{"embeddable":true,"href":"https:\/\/cvinoticias.com\/v3\/wp-json\/wp\/v2\/media\/22655"}],"wp:attachment":[{"href":"https:\/\/cvinoticias.com\/v3\/wp-json\/wp\/v2\/media?parent=22654"}],"wp:term":[{"taxonomy":"category","embeddable":true,"href":"https:\/\/cvinoticias.com\/v3\/wp-json\/wp\/v2\/categories?post=22654"},{"taxonomy":"post_tag","embeddable":true,"href":"https:\/\/cvinoticias.com\/v3\/wp-json\/wp\/v2\/tags?post=22654"}],"curies":[{"name":"wp","href":"https:\/\/api.w.org\/{rel}","templated":true}]}}