{"id":2264,"date":"2021-02-01T12:29:40","date_gmt":"2021-02-01T12:29:40","guid":{"rendered":"https:\/\/cvinoticias.com\/v3\/?p=2264"},"modified":"2021-02-01T12:29:40","modified_gmt":"2021-02-01T12:29:40","slug":"iguazu-hoy-se-realizara-la-apertura-de-las-sesiones-ordinarias-en-el-concejo-deliberante","status":"publish","type":"post","link":"https:\/\/cvinoticias.com\/v3\/iguazu-hoy-se-realizara-la-apertura-de-las-sesiones-ordinarias-en-el-concejo-deliberante\/","title":{"rendered":"Iguaz\u00fa: Hoy se realizar\u00e1 la apertura de las Sesiones Ordinarias en el Concejo Deliberante"},"content":{"rendered":"\n<p><strong><em>Este lunes se llevar\u00e1 a cabo, a las 20 hs, el Acto de Apertura de Sesiones Ordinarias del Per\u00edodo Legislativo 2021 en el Concejo Deliberante de nuestra ciudad.<\/em><\/strong><\/p>\n\n\n\n<p>La sesi\u00f3n inicial para el per\u00edodo 2021, estar\u00e1 presidida por el intendente Claudio Filippa qui\u00e9n brindar\u00e1 detalles de las obras realizadas en el per\u00edodo legislativo 2020 en las distintas \u00e1reas, como as\u00ed las que espera concretar la administraci\u00f3n en el presente per\u00edodo.<\/p>\n","protected":false},"excerpt":{"rendered":"<p>Este lunes se llevar\u00e1 a cabo, a las 20 hs, el Acto de Apertura de Sesiones Ordinarias del Per\u00edodo Legislativo 2021 en el Concejo Deliberante de nuestra ciudad. La sesi\u00f3n inicial para el per\u00edodo 2021, estar\u00e1 presidida por el intendente Claudio Filippa qui\u00e9n brindar\u00e1 detalles de las obras realizadas en el per\u00edodo legislativo 2020 en [&hellip;]<\/p>\n","protected":false},"author":2,"featured_media":2265,"comment_status":"open","ping_status":"open","sticky":false,"template":"","format":"standard","meta":{"footnotes":""},"categories":[25],"tags":[],"class_list":["post-2264","post","type-post","status-publish","format-standard","has-post-thumbnail","hentry","category-concejo-deliberante"],"yoast_head":"<!-- This site is optimized with the Yoast SEO plugin v27.5 - https:\/\/yoast.com\/product\/yoast-seo-wordpress\/ -->\n<title>Iguaz\u00fa: Hoy se realizar\u00e1 la apertura de las Sesiones Ordinarias en el Concejo Deliberante | CVI NOTICIAS<\/title>\n<meta name=\"robots\" content=\"index, follow, max-snippet:-1, max-image-preview:large, max-video-preview:-1\" \/>\n<link rel=\"canonical\" href=\"https:\/\/cvinoticias.com\/v3\/iguazu-hoy-se-realizara-la-apertura-de-las-sesiones-ordinarias-en-el-concejo-deliberante\/\" \/>\n<meta property=\"og:locale\" content=\"es_ES\" \/>\n<meta property=\"og:type\" content=\"article\" \/>\n<meta property=\"og:title\" content=\"Iguaz\u00fa: Hoy se realizar\u00e1 la apertura de las Sesiones Ordinarias en el Concejo Deliberante | CVI NOTICIAS\" \/>\n<meta property=\"og:description\" content=\"Este lunes se llevar\u00e1 a cabo, a las 20 hs, el Acto de Apertura de Sesiones Ordinarias del Per\u00edodo Legislativo 2021 en el Concejo Deliberante de nuestra ciudad. La sesi\u00f3n inicial para el per\u00edodo 2021, estar\u00e1 presidida por el intendente Claudio Filippa qui\u00e9n brindar\u00e1 detalles de las obras realizadas en el per\u00edodo legislativo 2020 en [&hellip;]\" \/>\n<meta property=\"og:url\" content=\"https:\/\/cvinoticias.com\/v3\/iguazu-hoy-se-realizara-la-apertura-de-las-sesiones-ordinarias-en-el-concejo-deliberante\/\" \/>\n<meta property=\"og:site_name\" content=\"CVI NOTICIAS\" \/>\n<meta property=\"article:publisher\" content=\"https:\/\/www.facebook.com\/cvinoticias\" \/>\n<meta property=\"article:published_time\" content=\"2021-02-01T12:29:40+00:00\" \/>\n<meta property=\"og:image\" content=\"https:\/\/cvinoticias.com\/wp-content\/uploads\/2021\/02\/FB_IMG_1612181446737.jpg\" \/>\n\t<meta property=\"og:image:width\" content=\"628\" \/>\n\t<meta property=\"og:image:height\" content=\"960\" \/>\n\t<meta property=\"og:image:type\" content=\"image\/jpeg\" \/>\n<meta name=\"author\" content=\"f1000024\" \/>\n<meta name=\"twitter:card\" content=\"summary_large_image\" \/>\n<meta name=\"twitter:label1\" content=\"Escrito por\" \/>\n\t<meta name=\"twitter:data1\" content=\"f1000024\" \/>\n<script type=\"application\/ld+json\" class=\"yoast-schema-graph\">{\"@context\":\"https:\\\/\\\/schema.org\",\"@graph\":[{\"@type\":\"Article\",\"@id\":\"https:\\\/\\\/cvinoticias.com\\\/v3\\\/iguazu-hoy-se-realizara-la-apertura-de-las-sesiones-ordinarias-en-el-concejo-deliberante\\\/#article\",\"isPartOf\":{\"@id\":\"https:\\\/\\\/cvinoticias.com\\\/v3\\\/iguazu-hoy-se-realizara-la-apertura-de-las-sesiones-ordinarias-en-el-concejo-deliberante\\\/\"},\"author\":{\"name\":\"f1000024\",\"@id\":\"https:\\\/\\\/cvinoticias.com\\\/v3\\\/#\\\/schema\\\/person\\\/2db77e3c6bc03c538495d7b2b8be9b66\"},\"headline\":\"Iguaz\u00fa: Hoy se realizar\u00e1 la apertura de las Sesiones Ordinarias en el Concejo Deliberante\",\"datePublished\":\"2021-02-01T12:29:40+00:00\",\"mainEntityOfPage\":{\"@id\":\"https:\\\/\\\/cvinoticias.com\\\/v3\\\/iguazu-hoy-se-realizara-la-apertura-de-las-sesiones-ordinarias-en-el-concejo-deliberante\\\/\"},\"wordCount\":87,\"commentCount\":0,\"publisher\":{\"@id\":\"https:\\\/\\\/cvinoticias.com\\\/v3\\\/#organization\"},\"image\":{\"@id\":\"https:\\\/\\\/cvinoticias.com\\\/v3\\\/iguazu-hoy-se-realizara-la-apertura-de-las-sesiones-ordinarias-en-el-concejo-deliberante\\\/#primaryimage\"},\"thumbnailUrl\":\"https:\\\/\\\/cvinoticias.com\\\/wp-content\\\/uploads\\\/2021\\\/02\\\/FB_IMG_1612181446737.jpg\",\"articleSection\":[\"Concejo Deliberante\"],\"inLanguage\":\"es\",\"potentialAction\":[{\"@type\":\"CommentAction\",\"name\":\"Comment\",\"target\":[\"https:\\\/\\\/cvinoticias.com\\\/v3\\\/iguazu-hoy-se-realizara-la-apertura-de-las-sesiones-ordinarias-en-el-concejo-deliberante\\\/#respond\"]}]},{\"@type\":\"WebPage\",\"@id\":\"https:\\\/\\\/cvinoticias.com\\\/v3\\\/iguazu-hoy-se-realizara-la-apertura-de-las-sesiones-ordinarias-en-el-concejo-deliberante\\\/\",\"url\":\"https:\\\/\\\/cvinoticias.com\\\/v3\\\/iguazu-hoy-se-realizara-la-apertura-de-las-sesiones-ordinarias-en-el-concejo-deliberante\\\/\",\"name\":\"Iguaz\u00fa: Hoy se realizar\u00e1 la apertura de las Sesiones Ordinarias en el Concejo Deliberante | CVI NOTICIAS\",\"isPartOf\":{\"@id\":\"https:\\\/\\\/cvinoticias.com\\\/v3\\\/#website\"},\"primaryImageOfPage\":{\"@id\":\"https:\\\/\\\/cvinoticias.com\\\/v3\\\/iguazu-hoy-se-realizara-la-apertura-de-las-sesiones-ordinarias-en-el-concejo-deliberante\\\/#primaryimage\"},\"image\":{\"@id\":\"https:\\\/\\\/cvinoticias.com\\\/v3\\\/iguazu-hoy-se-realizara-la-apertura-de-las-sesiones-ordinarias-en-el-concejo-deliberante\\\/#primaryimage\"},\"thumbnailUrl\":\"https:\\\/\\\/cvinoticias.com\\\/wp-content\\\/uploads\\\/2021\\\/02\\\/FB_IMG_1612181446737.jpg\",\"datePublished\":\"2021-02-01T12:29:40+00:00\",\"breadcrumb\":{\"@id\":\"https:\\\/\\\/cvinoticias.com\\\/v3\\\/iguazu-hoy-se-realizara-la-apertura-de-las-sesiones-ordinarias-en-el-concejo-deliberante\\\/#breadcrumb\"},\"inLanguage\":\"es\",\"potentialAction\":[{\"@type\":\"ReadAction\",\"target\":[\"https:\\\/\\\/cvinoticias.com\\\/v3\\\/iguazu-hoy-se-realizara-la-apertura-de-las-sesiones-ordinarias-en-el-concejo-deliberante\\\/\"]}]},{\"@type\":\"ImageObject\",\"inLanguage\":\"es\",\"@id\":\"https:\\\/\\\/cvinoticias.com\\\/v3\\\/iguazu-hoy-se-realizara-la-apertura-de-las-sesiones-ordinarias-en-el-concejo-deliberante\\\/#primaryimage\",\"url\":\"https:\\\/\\\/cvinoticias.com\\\/wp-content\\\/uploads\\\/2021\\\/02\\\/FB_IMG_1612181446737.jpg\",\"contentUrl\":\"https:\\\/\\\/cvinoticias.com\\\/wp-content\\\/uploads\\\/2021\\\/02\\\/FB_IMG_1612181446737.jpg\",\"width\":628,\"height\":960},{\"@type\":\"BreadcrumbList\",\"@id\":\"https:\\\/\\\/cvinoticias.com\\\/v3\\\/iguazu-hoy-se-realizara-la-apertura-de-las-sesiones-ordinarias-en-el-concejo-deliberante\\\/#breadcrumb\",\"itemListElement\":[{\"@type\":\"ListItem\",\"position\":1,\"name\":\"Portada\",\"item\":\"https:\\\/\\\/cvinoticias.com\\\/v3\\\/\"},{\"@type\":\"ListItem\",\"position\":2,\"name\":\"Iguaz\u00fa: Hoy se realizar\u00e1 la apertura de las Sesiones Ordinarias en el Concejo Deliberante\"}]},{\"@type\":\"WebSite\",\"@id\":\"https:\\\/\\\/cvinoticias.com\\\/v3\\\/#website\",\"url\":\"https:\\\/\\\/cvinoticias.com\\\/v3\\\/\",\"name\":\"CVI NOTICIAS\",\"description\":\"\",\"publisher\":{\"@id\":\"https:\\\/\\\/cvinoticias.com\\\/v3\\\/#organization\"},\"alternateName\":\"CVI\",\"potentialAction\":[{\"@type\":\"SearchAction\",\"target\":{\"@type\":\"EntryPoint\",\"urlTemplate\":\"https:\\\/\\\/cvinoticias.com\\\/v3\\\/?s={search_term_string}\"},\"query-input\":{\"@type\":\"PropertyValueSpecification\",\"valueRequired\":true,\"valueName\":\"search_term_string\"}}],\"inLanguage\":\"es\"},{\"@type\":\"Organization\",\"@id\":\"https:\\\/\\\/cvinoticias.com\\\/v3\\\/#organization\",\"name\":\"CVI NOTICIAS\",\"url\":\"https:\\\/\\\/cvinoticias.com\\\/v3\\\/\",\"logo\":{\"@type\":\"ImageObject\",\"inLanguage\":\"es\",\"@id\":\"https:\\\/\\\/cvinoticias.com\\\/v3\\\/#\\\/schema\\\/logo\\\/image\\\/\",\"url\":\"https:\\\/\\\/cvinoticias.com\\\/wp-content\\\/uploads\\\/2023\\\/04\\\/cropped-cropped-cropped-cropped-cropped-3-1.png\",\"contentUrl\":\"https:\\\/\\\/cvinoticias.com\\\/wp-content\\\/uploads\\\/2023\\\/04\\\/cropped-cropped-cropped-cropped-cropped-3-1.png\",\"width\":95,\"height\":122,\"caption\":\"CVI NOTICIAS\"},\"image\":{\"@id\":\"https:\\\/\\\/cvinoticias.com\\\/v3\\\/#\\\/schema\\\/logo\\\/image\\\/\"},\"sameAs\":[\"https:\\\/\\\/www.facebook.com\\\/cvinoticias\",\"https:\\\/\\\/www.instagram.com\\\/cvinoticias\\\/\",\"https:\\\/\\\/www.youtube.com\\\/@CVINOTICIAS\"]},{\"@type\":\"Person\",\"@id\":\"https:\\\/\\\/cvinoticias.com\\\/v3\\\/#\\\/schema\\\/person\\\/2db77e3c6bc03c538495d7b2b8be9b66\",\"name\":\"f1000024\",\"image\":{\"@type\":\"ImageObject\",\"inLanguage\":\"es\",\"@id\":\"https:\\\/\\\/secure.gravatar.com\\\/avatar\\\/d4fe7459cfc51ff5129ce1a732bbef5928568b8092d412ef95611616376bbeed?s=96&d=mm&r=g\",\"url\":\"https:\\\/\\\/secure.gravatar.com\\\/avatar\\\/d4fe7459cfc51ff5129ce1a732bbef5928568b8092d412ef95611616376bbeed?s=96&d=mm&r=g\",\"contentUrl\":\"https:\\\/\\\/secure.gravatar.com\\\/avatar\\\/d4fe7459cfc51ff5129ce1a732bbef5928568b8092d412ef95611616376bbeed?s=96&d=mm&r=g\",\"caption\":\"f1000024\"},\"url\":\"https:\\\/\\\/cvinoticias.com\\\/v3\\\/author\\\/f1000024\\\/\"}]}<\/script>\n<!-- \/ Yoast SEO plugin. -->","yoast_head_json":{"title":"Iguaz\u00fa: Hoy se realizar\u00e1 la apertura de las Sesiones Ordinarias en el Concejo Deliberante | CVI NOTICIAS","robots":{"index":"index","follow":"follow","max-snippet":"max-snippet:-1","max-image-preview":"max-image-preview:large","max-video-preview":"max-video-preview:-1"},"canonical":"https:\/\/cvinoticias.com\/v3\/iguazu-hoy-se-realizara-la-apertura-de-las-sesiones-ordinarias-en-el-concejo-deliberante\/","og_locale":"es_ES","og_type":"article","og_title":"Iguaz\u00fa: Hoy se realizar\u00e1 la apertura de las Sesiones Ordinarias en el Concejo Deliberante | CVI NOTICIAS","og_description":"Este lunes se llevar\u00e1 a cabo, a las 20 hs, el Acto de Apertura de Sesiones Ordinarias del Per\u00edodo Legislativo 2021 en el Concejo Deliberante de nuestra ciudad. La sesi\u00f3n inicial para el per\u00edodo 2021, estar\u00e1 presidida por el intendente Claudio Filippa qui\u00e9n brindar\u00e1 detalles de las obras realizadas en el per\u00edodo legislativo 2020 en [&hellip;]","og_url":"https:\/\/cvinoticias.com\/v3\/iguazu-hoy-se-realizara-la-apertura-de-las-sesiones-ordinarias-en-el-concejo-deliberante\/","og_site_name":"CVI NOTICIAS","article_publisher":"https:\/\/www.facebook.com\/cvinoticias","article_published_time":"2021-02-01T12:29:40+00:00","og_image":[{"width":628,"height":960,"url":"https:\/\/cvinoticias.com\/wp-content\/uploads\/2021\/02\/FB_IMG_1612181446737.jpg","type":"image\/jpeg"}],"author":"f1000024","twitter_card":"summary_large_image","twitter_misc":{"Escrito por":"f1000024"},"schema":{"@context":"https:\/\/schema.org","@graph":[{"@type":"Article","@id":"https:\/\/cvinoticias.com\/v3\/iguazu-hoy-se-realizara-la-apertura-de-las-sesiones-ordinarias-en-el-concejo-deliberante\/#article","isPartOf":{"@id":"https:\/\/cvinoticias.com\/v3\/iguazu-hoy-se-realizara-la-apertura-de-las-sesiones-ordinarias-en-el-concejo-deliberante\/"},"author":{"name":"f1000024","@id":"https:\/\/cvinoticias.com\/v3\/#\/schema\/person\/2db77e3c6bc03c538495d7b2b8be9b66"},"headline":"Iguaz\u00fa: Hoy se realizar\u00e1 la apertura de las Sesiones Ordinarias en el Concejo Deliberante","datePublished":"2021-02-01T12:29:40+00:00","mainEntityOfPage":{"@id":"https:\/\/cvinoticias.com\/v3\/iguazu-hoy-se-realizara-la-apertura-de-las-sesiones-ordinarias-en-el-concejo-deliberante\/"},"wordCount":87,"commentCount":0,"publisher":{"@id":"https:\/\/cvinoticias.com\/v3\/#organization"},"image":{"@id":"https:\/\/cvinoticias.com\/v3\/iguazu-hoy-se-realizara-la-apertura-de-las-sesiones-ordinarias-en-el-concejo-deliberante\/#primaryimage"},"thumbnailUrl":"https:\/\/cvinoticias.com\/wp-content\/uploads\/2021\/02\/FB_IMG_1612181446737.jpg","articleSection":["Concejo Deliberante"],"inLanguage":"es","potentialAction":[{"@type":"CommentAction","name":"Comment","target":["https:\/\/cvinoticias.com\/v3\/iguazu-hoy-se-realizara-la-apertura-de-las-sesiones-ordinarias-en-el-concejo-deliberante\/#respond"]}]},{"@type":"WebPage","@id":"https:\/\/cvinoticias.com\/v3\/iguazu-hoy-se-realizara-la-apertura-de-las-sesiones-ordinarias-en-el-concejo-deliberante\/","url":"https:\/\/cvinoticias.com\/v3\/iguazu-hoy-se-realizara-la-apertura-de-las-sesiones-ordinarias-en-el-concejo-deliberante\/","name":"Iguaz\u00fa: Hoy se realizar\u00e1 la apertura de las Sesiones Ordinarias en el Concejo Deliberante | CVI NOTICIAS","isPartOf":{"@id":"https:\/\/cvinoticias.com\/v3\/#website"},"primaryImageOfPage":{"@id":"https:\/\/cvinoticias.com\/v3\/iguazu-hoy-se-realizara-la-apertura-de-las-sesiones-ordinarias-en-el-concejo-deliberante\/#primaryimage"},"image":{"@id":"https:\/\/cvinoticias.com\/v3\/iguazu-hoy-se-realizara-la-apertura-de-las-sesiones-ordinarias-en-el-concejo-deliberante\/#primaryimage"},"thumbnailUrl":"https:\/\/cvinoticias.com\/wp-content\/uploads\/2021\/02\/FB_IMG_1612181446737.jpg","datePublished":"2021-02-01T12:29:40+00:00","breadcrumb":{"@id":"https:\/\/cvinoticias.com\/v3\/iguazu-hoy-se-realizara-la-apertura-de-las-sesiones-ordinarias-en-el-concejo-deliberante\/#breadcrumb"},"inLanguage":"es","potentialAction":[{"@type":"ReadAction","target":["https:\/\/cvinoticias.com\/v3\/iguazu-hoy-se-realizara-la-apertura-de-las-sesiones-ordinarias-en-el-concejo-deliberante\/"]}]},{"@type":"ImageObject","inLanguage":"es","@id":"https:\/\/cvinoticias.com\/v3\/iguazu-hoy-se-realizara-la-apertura-de-las-sesiones-ordinarias-en-el-concejo-deliberante\/#primaryimage","url":"https:\/\/cvinoticias.com\/wp-content\/uploads\/2021\/02\/FB_IMG_1612181446737.jpg","contentUrl":"https:\/\/cvinoticias.com\/wp-content\/uploads\/2021\/02\/FB_IMG_1612181446737.jpg","width":628,"height":960},{"@type":"BreadcrumbList","@id":"https:\/\/cvinoticias.com\/v3\/iguazu-hoy-se-realizara-la-apertura-de-las-sesiones-ordinarias-en-el-concejo-deliberante\/#breadcrumb","itemListElement":[{"@type":"ListItem","position":1,"name":"Portada","item":"https:\/\/cvinoticias.com\/v3\/"},{"@type":"ListItem","position":2,"name":"Iguaz\u00fa: Hoy se realizar\u00e1 la apertura de las Sesiones Ordinarias en el Concejo Deliberante"}]},{"@type":"WebSite","@id":"https:\/\/cvinoticias.com\/v3\/#website","url":"https:\/\/cvinoticias.com\/v3\/","name":"CVI NOTICIAS","description":"","publisher":{"@id":"https:\/\/cvinoticias.com\/v3\/#organization"},"alternateName":"CVI","potentialAction":[{"@type":"SearchAction","target":{"@type":"EntryPoint","urlTemplate":"https:\/\/cvinoticias.com\/v3\/?s={search_term_string}"},"query-input":{"@type":"PropertyValueSpecification","valueRequired":true,"valueName":"search_term_string"}}],"inLanguage":"es"},{"@type":"Organization","@id":"https:\/\/cvinoticias.com\/v3\/#organization","name":"CVI NOTICIAS","url":"https:\/\/cvinoticias.com\/v3\/","logo":{"@type":"ImageObject","inLanguage":"es","@id":"https:\/\/cvinoticias.com\/v3\/#\/schema\/logo\/image\/","url":"https:\/\/cvinoticias.com\/wp-content\/uploads\/2023\/04\/cropped-cropped-cropped-cropped-cropped-3-1.png","contentUrl":"https:\/\/cvinoticias.com\/wp-content\/uploads\/2023\/04\/cropped-cropped-cropped-cropped-cropped-3-1.png","width":95,"height":122,"caption":"CVI NOTICIAS"},"image":{"@id":"https:\/\/cvinoticias.com\/v3\/#\/schema\/logo\/image\/"},"sameAs":["https:\/\/www.facebook.com\/cvinoticias","https:\/\/www.instagram.com\/cvinoticias\/","https:\/\/www.youtube.com\/@CVINOTICIAS"]},{"@type":"Person","@id":"https:\/\/cvinoticias.com\/v3\/#\/schema\/person\/2db77e3c6bc03c538495d7b2b8be9b66","name":"f1000024","image":{"@type":"ImageObject","inLanguage":"es","@id":"https:\/\/secure.gravatar.com\/avatar\/d4fe7459cfc51ff5129ce1a732bbef5928568b8092d412ef95611616376bbeed?s=96&d=mm&r=g","url":"https:\/\/secure.gravatar.com\/avatar\/d4fe7459cfc51ff5129ce1a732bbef5928568b8092d412ef95611616376bbeed?s=96&d=mm&r=g","contentUrl":"https:\/\/secure.gravatar.com\/avatar\/d4fe7459cfc51ff5129ce1a732bbef5928568b8092d412ef95611616376bbeed?s=96&d=mm&r=g","caption":"f1000024"},"url":"https:\/\/cvinoticias.com\/v3\/author\/f1000024\/"}]}},"_links":{"self":[{"href":"https:\/\/cvinoticias.com\/v3\/wp-json\/wp\/v2\/posts\/2264","targetHints":{"allow":["GET"]}}],"collection":[{"href":"https:\/\/cvinoticias.com\/v3\/wp-json\/wp\/v2\/posts"}],"about":[{"href":"https:\/\/cvinoticias.com\/v3\/wp-json\/wp\/v2\/types\/post"}],"author":[{"embeddable":true,"href":"https:\/\/cvinoticias.com\/v3\/wp-json\/wp\/v2\/users\/2"}],"replies":[{"embeddable":true,"href":"https:\/\/cvinoticias.com\/v3\/wp-json\/wp\/v2\/comments?post=2264"}],"version-history":[{"count":1,"href":"https:\/\/cvinoticias.com\/v3\/wp-json\/wp\/v2\/posts\/2264\/revisions"}],"predecessor-version":[{"id":2266,"href":"https:\/\/cvinoticias.com\/v3\/wp-json\/wp\/v2\/posts\/2264\/revisions\/2266"}],"wp:featuredmedia":[{"embeddable":true,"href":"https:\/\/cvinoticias.com\/v3\/wp-json\/wp\/v2\/media\/2265"}],"wp:attachment":[{"href":"https:\/\/cvinoticias.com\/v3\/wp-json\/wp\/v2\/media?parent=2264"}],"wp:term":[{"taxonomy":"category","embeddable":true,"href":"https:\/\/cvinoticias.com\/v3\/wp-json\/wp\/v2\/categories?post=2264"},{"taxonomy":"post_tag","embeddable":true,"href":"https:\/\/cvinoticias.com\/v3\/wp-json\/wp\/v2\/tags?post=2264"}],"curies":[{"name":"wp","href":"https:\/\/api.w.org\/{rel}","templated":true}]}}