{"id":22559,"date":"2023-02-13T09:45:58","date_gmt":"2023-02-13T09:45:58","guid":{"rendered":"https:\/\/cvinoticias.com\/v3\/?p=22559"},"modified":"2023-02-13T11:49:03","modified_gmt":"2023-02-13T11:49:03","slug":"dia-mundial-de-la-radio-por-que-se-festeja-el-13-de-febrero","status":"publish","type":"post","link":"https:\/\/cvinoticias.com\/v3\/dia-mundial-de-la-radio-por-que-se-festeja-el-13-de-febrero\/","title":{"rendered":"D\u00eda Mundial de la Radio: por qu\u00e9 se festeja el 13 de febrero"},"content":{"rendered":"\n<p><strong><em>Cada 13 de febrero se celebra el D\u00eda Mundial de la Radio y en esta ocasi\u00f3n te contamos los motivos del festejo y algunas curiosidades m\u00e1s.<\/em><\/strong><\/p>\n\n\n\n<p>Tras una Asamblea General de las Naciones Unidas, la cual se llev\u00f3 a cabo en diciembre del 2012 en donde se aprob\u00f3 una resoluci\u00f3n por parte de la Conferencia General de la Organizaci\u00f3n de las Naciones Unidas para la Educaci\u00f3n, la Ciencia y la Cultura (UNESCO), en donde se proclam\u00f3 el 13 de febrero como el D\u00eda Mundial de la Radio.<\/p>\n\n\n\n<p>El D\u00eda Mundial de la Radio tiene como objetivo resaltar la importancia de la radio y fomentar el acceso a la informaci\u00f3n a este medio de comunicaci\u00f3n y a mejorar la cooperaci\u00f3n entre las diferentes emisoras.<\/p>\n\n\n\n<p>A continuaci\u00f3n, te respondemos algunas preguntas con respecto a la historia de la radio y c\u00f3mo ser\u00e1 su futuro<\/p>\n\n\n\n<p><strong>\u00bfCu\u00e1l ser\u00e1 el futuro de la radio?<\/strong><\/p>\n\n\n\n<p>En el futuro la radio ser\u00e1 una fuente de informaci\u00f3n muy importante y ser\u00e1 capaz de promover el debate p\u00fablico sobre diversos temas. Puede ser una gran herramienta para ayudar en situaciones de caos y desastres, ya que facilita la comunicaci\u00f3n.<\/p>\n\n\n\n<p><strong>\u00bfCu\u00e1l es la historia de la radio?<\/strong><\/p>\n\n\n\n<p>La radio comenz\u00f3 en 1887, luego de que el f\u00edsico alem\u00e1n Heinrich Hertz detectara radiaci\u00f3n electromagn\u00e9tica. De igual forma, esto hab\u00eda sido predicho por Jaime Clerck Maxwell cuatro a\u00f1os atr\u00e1s.<\/p>\n\n\n\n<p>A\u00f1os m\u00e1s tarde, el italiano Guillermo Marconi realiz\u00f3 la primera transmisi\u00f3n por radio el 14 de mayo de 1879, la cual fue a trav\u00e9s de mar abierto, en donde se unieron una distancia de seis kil\u00f3metros, desde el canal de Bristol (Inglaterra) a Penarth (Gales).<\/p>\n\n\n\n<p><strong>La historia de la radio en Argentina<\/strong><\/p>\n\n\n\n<p>En nuestro pa\u00eds, la primera transmisi\u00f3n radial ocurri\u00f3 el 27 de agosto de 1920, tras una iniciativa de cuatro estudiantes de medicina, quienes pusieron al aire la \u00f3pera Parsifal, de Richard Wagner, desde el techo del Teatro Coliseo de Buenos Aires.<\/p>\n\n\n\n<p><strong>\u00bfQui\u00e9n decret\u00f3 el D\u00eda Mundial de la Radio?<\/strong><\/p>\n\n\n\n<p>El D\u00eda Mundial de la Radio fue decretado por la Directora General de la UNESCO, debido a que el 13 de febrero de 1946 se cre\u00f3 la Radio Naciones Unidas.<\/p>\n\n\n\n<p><strong>\u00bfCu\u00e1l es la radio m\u00e1s antigua del mundo?<\/strong><\/p>\n\n\n\n<p>La primera radio de la historia fue la Radio Galena, la cual fue inventada en 1910 por los estadounidenses Henry Dunwoody y Greenleaf Whittier Picard. Era un aparato port\u00e1til que pesaba diez kilogramos. Fue fabricada a partir del cristal de sulfuro de plomo conocido como galena.<\/p>\n\n\n\n<p><strong>\u00bfCu\u00e1ndo es el D\u00eda de la Radiodifusi\u00f3n?<\/strong><\/p>\n\n\n\n<p>El D\u00eda de la Radiodifusi\u00f3n es el 27 de agosto, debido a los \u201cLocos de la Azotea\u201d quienes fueron los responsables de realizar la primera transmisi\u00f3n de radio en Argentina.<\/p>\n","protected":false},"excerpt":{"rendered":"<p>Cada 13 de febrero se celebra el D\u00eda Mundial de la Radio y en esta ocasi\u00f3n te contamos los motivos del festejo y algunas curiosidades m\u00e1s. Tras una Asamblea General de las Naciones Unidas, la cual se llev\u00f3 a cabo en diciembre del 2012 en donde se aprob\u00f3 una resoluci\u00f3n por parte de la Conferencia [&hellip;]<\/p>\n","protected":false},"author":2,"featured_media":22560,"comment_status":"open","ping_status":"open","sticky":false,"template":"","format":"standard","meta":{"footnotes":""},"categories":[47],"tags":[],"class_list":["post-22559","post","type-post","status-publish","format-standard","has-post-thumbnail","hentry","category-sociedad"],"yoast_head":"<!-- This site is optimized with the Yoast SEO plugin v27.4 - https:\/\/yoast.com\/product\/yoast-seo-wordpress\/ -->\n<title>D\u00eda Mundial de la Radio: por qu\u00e9 se festeja el 13 de febrero | CVI NOTICIAS<\/title>\n<meta name=\"robots\" content=\"index, follow, max-snippet:-1, max-image-preview:large, max-video-preview:-1\" \/>\n<link rel=\"canonical\" href=\"https:\/\/cvinoticias.com\/v3\/dia-mundial-de-la-radio-por-que-se-festeja-el-13-de-febrero\/\" \/>\n<meta property=\"og:locale\" content=\"es_ES\" \/>\n<meta property=\"og:type\" content=\"article\" \/>\n<meta property=\"og:title\" content=\"D\u00eda Mundial de la Radio: por qu\u00e9 se festeja el 13 de febrero | CVI NOTICIAS\" \/>\n<meta property=\"og:description\" content=\"Cada 13 de febrero se celebra el D\u00eda Mundial de la Radio y en esta ocasi\u00f3n te contamos los motivos del festejo y algunas curiosidades m\u00e1s. Tras una Asamblea General de las Naciones Unidas, la cual se llev\u00f3 a cabo en diciembre del 2012 en donde se aprob\u00f3 una resoluci\u00f3n por parte de la Conferencia [&hellip;]\" \/>\n<meta property=\"og:url\" content=\"https:\/\/cvinoticias.com\/v3\/dia-mundial-de-la-radio-por-que-se-festeja-el-13-de-febrero\/\" \/>\n<meta property=\"og:site_name\" content=\"CVI NOTICIAS\" \/>\n<meta property=\"article:publisher\" content=\"https:\/\/www.facebook.com\/cvinoticias\" \/>\n<meta property=\"article:published_time\" content=\"2023-02-13T09:45:58+00:00\" \/>\n<meta property=\"article:modified_time\" content=\"2023-02-13T11:49:03+00:00\" \/>\n<meta property=\"og:image\" content=\"https:\/\/cvinoticias.com\/wp-content\/uploads\/2023\/02\/6ZDJN5LYNZGGLD22T4RMDZUAA4.jpeg\" \/>\n\t<meta property=\"og:image:width\" content=\"992\" \/>\n\t<meta property=\"og:image:height\" content=\"529\" \/>\n\t<meta property=\"og:image:type\" content=\"image\/jpeg\" \/>\n<meta name=\"author\" content=\"f1000024\" \/>\n<meta name=\"twitter:card\" content=\"summary_large_image\" \/>\n<meta name=\"twitter:label1\" content=\"Escrito por\" \/>\n\t<meta name=\"twitter:data1\" content=\"f1000024\" \/>\n\t<meta name=\"twitter:label2\" content=\"Tiempo de lectura\" \/>\n\t<meta name=\"twitter:data2\" content=\"2 minutos\" \/>\n<script type=\"application\/ld+json\" class=\"yoast-schema-graph\">{\"@context\":\"https:\\\/\\\/schema.org\",\"@graph\":[{\"@type\":\"Article\",\"@id\":\"https:\\\/\\\/cvinoticias.com\\\/v3\\\/dia-mundial-de-la-radio-por-que-se-festeja-el-13-de-febrero\\\/#article\",\"isPartOf\":{\"@id\":\"https:\\\/\\\/cvinoticias.com\\\/v3\\\/dia-mundial-de-la-radio-por-que-se-festeja-el-13-de-febrero\\\/\"},\"author\":{\"name\":\"f1000024\",\"@id\":\"https:\\\/\\\/cvinoticias.com\\\/v3\\\/#\\\/schema\\\/person\\\/2db77e3c6bc03c538495d7b2b8be9b66\"},\"headline\":\"D\u00eda Mundial de la Radio: por qu\u00e9 se festeja el 13 de febrero\",\"datePublished\":\"2023-02-13T09:45:58+00:00\",\"dateModified\":\"2023-02-13T11:49:03+00:00\",\"mainEntityOfPage\":{\"@id\":\"https:\\\/\\\/cvinoticias.com\\\/v3\\\/dia-mundial-de-la-radio-por-que-se-festeja-el-13-de-febrero\\\/\"},\"wordCount\":494,\"commentCount\":0,\"publisher\":{\"@id\":\"https:\\\/\\\/cvinoticias.com\\\/v3\\\/#organization\"},\"image\":{\"@id\":\"https:\\\/\\\/cvinoticias.com\\\/v3\\\/dia-mundial-de-la-radio-por-que-se-festeja-el-13-de-febrero\\\/#primaryimage\"},\"thumbnailUrl\":\"https:\\\/\\\/cvinoticias.com\\\/wp-content\\\/uploads\\\/2023\\\/02\\\/6ZDJN5LYNZGGLD22T4RMDZUAA4.jpeg\",\"articleSection\":[\"Sociedad\"],\"inLanguage\":\"es\",\"potentialAction\":[{\"@type\":\"CommentAction\",\"name\":\"Comment\",\"target\":[\"https:\\\/\\\/cvinoticias.com\\\/v3\\\/dia-mundial-de-la-radio-por-que-se-festeja-el-13-de-febrero\\\/#respond\"]}]},{\"@type\":\"WebPage\",\"@id\":\"https:\\\/\\\/cvinoticias.com\\\/v3\\\/dia-mundial-de-la-radio-por-que-se-festeja-el-13-de-febrero\\\/\",\"url\":\"https:\\\/\\\/cvinoticias.com\\\/v3\\\/dia-mundial-de-la-radio-por-que-se-festeja-el-13-de-febrero\\\/\",\"name\":\"D\u00eda Mundial de la Radio: por qu\u00e9 se festeja el 13 de febrero | CVI NOTICIAS\",\"isPartOf\":{\"@id\":\"https:\\\/\\\/cvinoticias.com\\\/v3\\\/#website\"},\"primaryImageOfPage\":{\"@id\":\"https:\\\/\\\/cvinoticias.com\\\/v3\\\/dia-mundial-de-la-radio-por-que-se-festeja-el-13-de-febrero\\\/#primaryimage\"},\"image\":{\"@id\":\"https:\\\/\\\/cvinoticias.com\\\/v3\\\/dia-mundial-de-la-radio-por-que-se-festeja-el-13-de-febrero\\\/#primaryimage\"},\"thumbnailUrl\":\"https:\\\/\\\/cvinoticias.com\\\/wp-content\\\/uploads\\\/2023\\\/02\\\/6ZDJN5LYNZGGLD22T4RMDZUAA4.jpeg\",\"datePublished\":\"2023-02-13T09:45:58+00:00\",\"dateModified\":\"2023-02-13T11:49:03+00:00\",\"breadcrumb\":{\"@id\":\"https:\\\/\\\/cvinoticias.com\\\/v3\\\/dia-mundial-de-la-radio-por-que-se-festeja-el-13-de-febrero\\\/#breadcrumb\"},\"inLanguage\":\"es\",\"potentialAction\":[{\"@type\":\"ReadAction\",\"target\":[\"https:\\\/\\\/cvinoticias.com\\\/v3\\\/dia-mundial-de-la-radio-por-que-se-festeja-el-13-de-febrero\\\/\"]}]},{\"@type\":\"ImageObject\",\"inLanguage\":\"es\",\"@id\":\"https:\\\/\\\/cvinoticias.com\\\/v3\\\/dia-mundial-de-la-radio-por-que-se-festeja-el-13-de-febrero\\\/#primaryimage\",\"url\":\"https:\\\/\\\/cvinoticias.com\\\/wp-content\\\/uploads\\\/2023\\\/02\\\/6ZDJN5LYNZGGLD22T4RMDZUAA4.jpeg\",\"contentUrl\":\"https:\\\/\\\/cvinoticias.com\\\/wp-content\\\/uploads\\\/2023\\\/02\\\/6ZDJN5LYNZGGLD22T4RMDZUAA4.jpeg\",\"width\":992,\"height\":529},{\"@type\":\"BreadcrumbList\",\"@id\":\"https:\\\/\\\/cvinoticias.com\\\/v3\\\/dia-mundial-de-la-radio-por-que-se-festeja-el-13-de-febrero\\\/#breadcrumb\",\"itemListElement\":[{\"@type\":\"ListItem\",\"position\":1,\"name\":\"Portada\",\"item\":\"https:\\\/\\\/cvinoticias.com\\\/v3\\\/\"},{\"@type\":\"ListItem\",\"position\":2,\"name\":\"D\u00eda Mundial de la Radio: por qu\u00e9 se festeja el 13 de febrero\"}]},{\"@type\":\"WebSite\",\"@id\":\"https:\\\/\\\/cvinoticias.com\\\/v3\\\/#website\",\"url\":\"https:\\\/\\\/cvinoticias.com\\\/v3\\\/\",\"name\":\"CVI NOTICIAS\",\"description\":\"\",\"publisher\":{\"@id\":\"https:\\\/\\\/cvinoticias.com\\\/v3\\\/#organization\"},\"alternateName\":\"CVI\",\"potentialAction\":[{\"@type\":\"SearchAction\",\"target\":{\"@type\":\"EntryPoint\",\"urlTemplate\":\"https:\\\/\\\/cvinoticias.com\\\/v3\\\/?s={search_term_string}\"},\"query-input\":{\"@type\":\"PropertyValueSpecification\",\"valueRequired\":true,\"valueName\":\"search_term_string\"}}],\"inLanguage\":\"es\"},{\"@type\":\"Organization\",\"@id\":\"https:\\\/\\\/cvinoticias.com\\\/v3\\\/#organization\",\"name\":\"CVI NOTICIAS\",\"url\":\"https:\\\/\\\/cvinoticias.com\\\/v3\\\/\",\"logo\":{\"@type\":\"ImageObject\",\"inLanguage\":\"es\",\"@id\":\"https:\\\/\\\/cvinoticias.com\\\/v3\\\/#\\\/schema\\\/logo\\\/image\\\/\",\"url\":\"https:\\\/\\\/cvinoticias.com\\\/wp-content\\\/uploads\\\/2023\\\/04\\\/cropped-cropped-cropped-cropped-cropped-3-1.png\",\"contentUrl\":\"https:\\\/\\\/cvinoticias.com\\\/wp-content\\\/uploads\\\/2023\\\/04\\\/cropped-cropped-cropped-cropped-cropped-3-1.png\",\"width\":95,\"height\":122,\"caption\":\"CVI NOTICIAS\"},\"image\":{\"@id\":\"https:\\\/\\\/cvinoticias.com\\\/v3\\\/#\\\/schema\\\/logo\\\/image\\\/\"},\"sameAs\":[\"https:\\\/\\\/www.facebook.com\\\/cvinoticias\",\"https:\\\/\\\/www.instagram.com\\\/cvinoticias\\\/\",\"https:\\\/\\\/www.youtube.com\\\/@CVINOTICIAS\"]},{\"@type\":\"Person\",\"@id\":\"https:\\\/\\\/cvinoticias.com\\\/v3\\\/#\\\/schema\\\/person\\\/2db77e3c6bc03c538495d7b2b8be9b66\",\"name\":\"f1000024\",\"image\":{\"@type\":\"ImageObject\",\"inLanguage\":\"es\",\"@id\":\"https:\\\/\\\/secure.gravatar.com\\\/avatar\\\/d4fe7459cfc51ff5129ce1a732bbef5928568b8092d412ef95611616376bbeed?s=96&d=mm&r=g\",\"url\":\"https:\\\/\\\/secure.gravatar.com\\\/avatar\\\/d4fe7459cfc51ff5129ce1a732bbef5928568b8092d412ef95611616376bbeed?s=96&d=mm&r=g\",\"contentUrl\":\"https:\\\/\\\/secure.gravatar.com\\\/avatar\\\/d4fe7459cfc51ff5129ce1a732bbef5928568b8092d412ef95611616376bbeed?s=96&d=mm&r=g\",\"caption\":\"f1000024\"},\"url\":\"https:\\\/\\\/cvinoticias.com\\\/v3\\\/author\\\/f1000024\\\/\"}]}<\/script>\n<!-- \/ Yoast SEO plugin. -->","yoast_head_json":{"title":"D\u00eda Mundial de la Radio: por qu\u00e9 se festeja el 13 de febrero | CVI NOTICIAS","robots":{"index":"index","follow":"follow","max-snippet":"max-snippet:-1","max-image-preview":"max-image-preview:large","max-video-preview":"max-video-preview:-1"},"canonical":"https:\/\/cvinoticias.com\/v3\/dia-mundial-de-la-radio-por-que-se-festeja-el-13-de-febrero\/","og_locale":"es_ES","og_type":"article","og_title":"D\u00eda Mundial de la Radio: por qu\u00e9 se festeja el 13 de febrero | CVI NOTICIAS","og_description":"Cada 13 de febrero se celebra el D\u00eda Mundial de la Radio y en esta ocasi\u00f3n te contamos los motivos del festejo y algunas curiosidades m\u00e1s. Tras una Asamblea General de las Naciones Unidas, la cual se llev\u00f3 a cabo en diciembre del 2012 en donde se aprob\u00f3 una resoluci\u00f3n por parte de la Conferencia [&hellip;]","og_url":"https:\/\/cvinoticias.com\/v3\/dia-mundial-de-la-radio-por-que-se-festeja-el-13-de-febrero\/","og_site_name":"CVI NOTICIAS","article_publisher":"https:\/\/www.facebook.com\/cvinoticias","article_published_time":"2023-02-13T09:45:58+00:00","article_modified_time":"2023-02-13T11:49:03+00:00","og_image":[{"width":992,"height":529,"url":"https:\/\/cvinoticias.com\/wp-content\/uploads\/2023\/02\/6ZDJN5LYNZGGLD22T4RMDZUAA4.jpeg","type":"image\/jpeg"}],"author":"f1000024","twitter_card":"summary_large_image","twitter_misc":{"Escrito por":"f1000024","Tiempo de lectura":"2 minutos"},"schema":{"@context":"https:\/\/schema.org","@graph":[{"@type":"Article","@id":"https:\/\/cvinoticias.com\/v3\/dia-mundial-de-la-radio-por-que-se-festeja-el-13-de-febrero\/#article","isPartOf":{"@id":"https:\/\/cvinoticias.com\/v3\/dia-mundial-de-la-radio-por-que-se-festeja-el-13-de-febrero\/"},"author":{"name":"f1000024","@id":"https:\/\/cvinoticias.com\/v3\/#\/schema\/person\/2db77e3c6bc03c538495d7b2b8be9b66"},"headline":"D\u00eda Mundial de la Radio: por qu\u00e9 se festeja el 13 de febrero","datePublished":"2023-02-13T09:45:58+00:00","dateModified":"2023-02-13T11:49:03+00:00","mainEntityOfPage":{"@id":"https:\/\/cvinoticias.com\/v3\/dia-mundial-de-la-radio-por-que-se-festeja-el-13-de-febrero\/"},"wordCount":494,"commentCount":0,"publisher":{"@id":"https:\/\/cvinoticias.com\/v3\/#organization"},"image":{"@id":"https:\/\/cvinoticias.com\/v3\/dia-mundial-de-la-radio-por-que-se-festeja-el-13-de-febrero\/#primaryimage"},"thumbnailUrl":"https:\/\/cvinoticias.com\/wp-content\/uploads\/2023\/02\/6ZDJN5LYNZGGLD22T4RMDZUAA4.jpeg","articleSection":["Sociedad"],"inLanguage":"es","potentialAction":[{"@type":"CommentAction","name":"Comment","target":["https:\/\/cvinoticias.com\/v3\/dia-mundial-de-la-radio-por-que-se-festeja-el-13-de-febrero\/#respond"]}]},{"@type":"WebPage","@id":"https:\/\/cvinoticias.com\/v3\/dia-mundial-de-la-radio-por-que-se-festeja-el-13-de-febrero\/","url":"https:\/\/cvinoticias.com\/v3\/dia-mundial-de-la-radio-por-que-se-festeja-el-13-de-febrero\/","name":"D\u00eda Mundial de la Radio: por qu\u00e9 se festeja el 13 de febrero | CVI NOTICIAS","isPartOf":{"@id":"https:\/\/cvinoticias.com\/v3\/#website"},"primaryImageOfPage":{"@id":"https:\/\/cvinoticias.com\/v3\/dia-mundial-de-la-radio-por-que-se-festeja-el-13-de-febrero\/#primaryimage"},"image":{"@id":"https:\/\/cvinoticias.com\/v3\/dia-mundial-de-la-radio-por-que-se-festeja-el-13-de-febrero\/#primaryimage"},"thumbnailUrl":"https:\/\/cvinoticias.com\/wp-content\/uploads\/2023\/02\/6ZDJN5LYNZGGLD22T4RMDZUAA4.jpeg","datePublished":"2023-02-13T09:45:58+00:00","dateModified":"2023-02-13T11:49:03+00:00","breadcrumb":{"@id":"https:\/\/cvinoticias.com\/v3\/dia-mundial-de-la-radio-por-que-se-festeja-el-13-de-febrero\/#breadcrumb"},"inLanguage":"es","potentialAction":[{"@type":"ReadAction","target":["https:\/\/cvinoticias.com\/v3\/dia-mundial-de-la-radio-por-que-se-festeja-el-13-de-febrero\/"]}]},{"@type":"ImageObject","inLanguage":"es","@id":"https:\/\/cvinoticias.com\/v3\/dia-mundial-de-la-radio-por-que-se-festeja-el-13-de-febrero\/#primaryimage","url":"https:\/\/cvinoticias.com\/wp-content\/uploads\/2023\/02\/6ZDJN5LYNZGGLD22T4RMDZUAA4.jpeg","contentUrl":"https:\/\/cvinoticias.com\/wp-content\/uploads\/2023\/02\/6ZDJN5LYNZGGLD22T4RMDZUAA4.jpeg","width":992,"height":529},{"@type":"BreadcrumbList","@id":"https:\/\/cvinoticias.com\/v3\/dia-mundial-de-la-radio-por-que-se-festeja-el-13-de-febrero\/#breadcrumb","itemListElement":[{"@type":"ListItem","position":1,"name":"Portada","item":"https:\/\/cvinoticias.com\/v3\/"},{"@type":"ListItem","position":2,"name":"D\u00eda Mundial de la Radio: por qu\u00e9 se festeja el 13 de febrero"}]},{"@type":"WebSite","@id":"https:\/\/cvinoticias.com\/v3\/#website","url":"https:\/\/cvinoticias.com\/v3\/","name":"CVI NOTICIAS","description":"","publisher":{"@id":"https:\/\/cvinoticias.com\/v3\/#organization"},"alternateName":"CVI","potentialAction":[{"@type":"SearchAction","target":{"@type":"EntryPoint","urlTemplate":"https:\/\/cvinoticias.com\/v3\/?s={search_term_string}"},"query-input":{"@type":"PropertyValueSpecification","valueRequired":true,"valueName":"search_term_string"}}],"inLanguage":"es"},{"@type":"Organization","@id":"https:\/\/cvinoticias.com\/v3\/#organization","name":"CVI NOTICIAS","url":"https:\/\/cvinoticias.com\/v3\/","logo":{"@type":"ImageObject","inLanguage":"es","@id":"https:\/\/cvinoticias.com\/v3\/#\/schema\/logo\/image\/","url":"https:\/\/cvinoticias.com\/wp-content\/uploads\/2023\/04\/cropped-cropped-cropped-cropped-cropped-3-1.png","contentUrl":"https:\/\/cvinoticias.com\/wp-content\/uploads\/2023\/04\/cropped-cropped-cropped-cropped-cropped-3-1.png","width":95,"height":122,"caption":"CVI NOTICIAS"},"image":{"@id":"https:\/\/cvinoticias.com\/v3\/#\/schema\/logo\/image\/"},"sameAs":["https:\/\/www.facebook.com\/cvinoticias","https:\/\/www.instagram.com\/cvinoticias\/","https:\/\/www.youtube.com\/@CVINOTICIAS"]},{"@type":"Person","@id":"https:\/\/cvinoticias.com\/v3\/#\/schema\/person\/2db77e3c6bc03c538495d7b2b8be9b66","name":"f1000024","image":{"@type":"ImageObject","inLanguage":"es","@id":"https:\/\/secure.gravatar.com\/avatar\/d4fe7459cfc51ff5129ce1a732bbef5928568b8092d412ef95611616376bbeed?s=96&d=mm&r=g","url":"https:\/\/secure.gravatar.com\/avatar\/d4fe7459cfc51ff5129ce1a732bbef5928568b8092d412ef95611616376bbeed?s=96&d=mm&r=g","contentUrl":"https:\/\/secure.gravatar.com\/avatar\/d4fe7459cfc51ff5129ce1a732bbef5928568b8092d412ef95611616376bbeed?s=96&d=mm&r=g","caption":"f1000024"},"url":"https:\/\/cvinoticias.com\/v3\/author\/f1000024\/"}]}},"_links":{"self":[{"href":"https:\/\/cvinoticias.com\/v3\/wp-json\/wp\/v2\/posts\/22559","targetHints":{"allow":["GET"]}}],"collection":[{"href":"https:\/\/cvinoticias.com\/v3\/wp-json\/wp\/v2\/posts"}],"about":[{"href":"https:\/\/cvinoticias.com\/v3\/wp-json\/wp\/v2\/types\/post"}],"author":[{"embeddable":true,"href":"https:\/\/cvinoticias.com\/v3\/wp-json\/wp\/v2\/users\/2"}],"replies":[{"embeddable":true,"href":"https:\/\/cvinoticias.com\/v3\/wp-json\/wp\/v2\/comments?post=22559"}],"version-history":[{"count":2,"href":"https:\/\/cvinoticias.com\/v3\/wp-json\/wp\/v2\/posts\/22559\/revisions"}],"predecessor-version":[{"id":22562,"href":"https:\/\/cvinoticias.com\/v3\/wp-json\/wp\/v2\/posts\/22559\/revisions\/22562"}],"wp:featuredmedia":[{"embeddable":true,"href":"https:\/\/cvinoticias.com\/v3\/wp-json\/wp\/v2\/media\/22560"}],"wp:attachment":[{"href":"https:\/\/cvinoticias.com\/v3\/wp-json\/wp\/v2\/media?parent=22559"}],"wp:term":[{"taxonomy":"category","embeddable":true,"href":"https:\/\/cvinoticias.com\/v3\/wp-json\/wp\/v2\/categories?post=22559"},{"taxonomy":"post_tag","embeddable":true,"href":"https:\/\/cvinoticias.com\/v3\/wp-json\/wp\/v2\/tags?post=22559"}],"curies":[{"name":"wp","href":"https:\/\/api.w.org\/{rel}","templated":true}]}}