{"id":22552,"date":"2023-02-13T09:27:02","date_gmt":"2023-02-13T09:27:02","guid":{"rendered":"https:\/\/cvinoticias.com\/v3\/?p=22552"},"modified":"2023-02-13T09:27:02","modified_gmt":"2023-02-13T09:27:02","slug":"duro-golpe-al-pro-en-la-pampa-la-ucr-se-quedo-con-la-primera-eleccion-interna","status":"publish","type":"post","link":"https:\/\/cvinoticias.com\/v3\/duro-golpe-al-pro-en-la-pampa-la-ucr-se-quedo-con-la-primera-eleccion-interna\/","title":{"rendered":"Duro golpe al PRO en La Pampa: La UCR se qued\u00f3 con la primera elecci\u00f3n interna"},"content":{"rendered":"\n<p>Por Juan Pablo Gavazza<\/p>\n\n\n\n<p><strong><em>El radical Mart\u00edn Berhongaray le gan\u00f3 a Mart\u00edn Maquieyra -que era apoyado por Horacio Rodr\u00edguez Larreta- y ser\u00e1 el candidato a gobernador de JxC. Mart\u00edn Lousteau desembarc\u00f3 para los festejos. El peronismo fue a internas solo en seis localidades. Hubo escasa participaci\u00f3n en los comicios.<\/em><\/strong><\/p>\n\n\n\n<p>El radicalismo pampeano le regal\u00f3 la primera victoria electoral del a\u00f1o a su partido a nivel nacional, le puso un palo en la rueda al PRO, en particular al delf\u00edn del alcalde porte\u00f1o Horacio Rodr\u00edguez Larreta, y festej\u00f3 largo y tendido el resultado de la primera interna del cargado cronograma 2023. Con una muy escasa participaci\u00f3n de la poblaci\u00f3n en la votaci\u00f3n, Juntos por el Cambio defini\u00f3 que su candidato a gobernador en las generales de mayo ser\u00e1 el actual diputado nacional Mart\u00edn Berhongaray (UCR), que venci\u00f3 con comodidad a su contrincante, el tambi\u00e9n diputado nacional Mart\u00edn Maquieyra (PRO).<\/p>\n\n\n\n<p>El postulante radical, acompa\u00f1ado por Patricia Testa, sac\u00f3 el 56,2 por ciento de los votos contra el 43,7 por ciento de su rival del PRO, que hizo f\u00f3rmula con Josefina D\u00edaz, de acuerdo a las cifras oficiales que se conoc\u00edan al cierre de esta edici\u00f3n, con un 97,66 por ciento de los votos escrutados.<\/p>\n\n\n\n<p>Maquieyra no ocupar\u00e1 ning\u00fan lugar en la boleta provincial con la que Juntos por el Cambio competir\u00e1 el 14 de mayo contra el Frente Justicialista Pampeano, que tiene una lista de unidad en la que propone la reelecci\u00f3n de Sergio Ziliotto.<\/p>\n\n\n\n<p>El oficialismo fue a internas solo en seis localidades y de alg\u00fan modo celebr\u00f3 los resultados de la elecci\u00f3n opositora: el peronismo prefiere a Berhongaray como contrincante, porque es un cr\u00edtico moderado, en contraposici\u00f3n a los tonos y estilos del PRO, de una oposici\u00f3n exacerbada. Tambi\u00e9n porque descontaba que si el PRO ganaba, la alianza tendr\u00eda m\u00e1s y mejores recursos para la campa\u00f1a por venir.<\/p>\n\n\n\n<p><strong>Participaci\u00f3n en baja<\/strong><\/p>\n\n\n\n<p>La participaci\u00f3n del electorado fue muy escasa, por debajo de lo esperado: se arrim\u00f3 a las urnas apenas el 10 por ciento de independientes y cerca del 30 por ciento de afiliados a los partidos que integran la alianza opositora. Las PASO \u201ca la pampeana\u201d no son obligatorias. Tampoco ayud\u00f3 que la provincia completa qued\u00f3 bajo una ola de calor que impuso temperaturas superiores a los 35\u00ba grados.<\/p>\n\n\n\n<p>Las dirigencias nacionales del PRO y la UCR jugaron fuerte durante la campa\u00f1a, aunque la visibilidad que le aport\u00f3 el primero fue m\u00e1s contundente, ya que la estrategia radical fue provincializar la elecci\u00f3n, renegar de los planteos \u201caporte\u00f1ados\u201d y reci\u00e9n en el final convocar a la plana mayor de la dirigencia nacional para un cierre poniendo toda la carne en el asador.<\/p>\n\n\n\n<p>El resultado de la elecci\u00f3n reafirm\u00f3 el liderazgo que la UCR ostenta dentro de la alianza en La Pampa, y que hab\u00eda entrado en un mar de dudas a partir de un crecimiento del PRO en algunos puntos geogr\u00e1ficos y de la elecci\u00f3n legislativa de 2021, cuando el macrismo impuso condiciones para un acuerdo algo difuso.<\/p>\n\n\n\n<p><strong>Impacto nacional<\/strong><\/p>\n\n\n\n<p>El resultado electoral confirma que en La Pampa manda la UCR y el radicalismo nacional aprovech\u00f3 la ocasi\u00f3n para marcar la cancha. El senador Mart\u00edn Lousteau, que es el referente principal de Berhongaray como l\u00edder del sector Evoluci\u00f3n, desembarc\u00f3 en la provincia para sumarse a los festejos en la sede del comit\u00e9 capitalino.<\/p>\n\n\n\n<p>Para el PRO la derrota es fuerte no solo porque sus principales dirigentes nacionales visitaron la provincia en actividad proselitista, sino porque su figura central en la provincia, Maquieyra, result\u00f3 derrotada incluso en su basti\u00f3n personal.<\/p>\n\n\n\n<p>El legislador nacional, apadrinado por Larreta, tiene 34 a\u00f1os y era la esperanza del macrismo, pero defeccion\u00f3 en General Pico, donde era un fen\u00f3meno electoral desde hace varios a\u00f1os. Este domingo se derrumb\u00f3 la leyenda de que era invencible: Berhongaray lo super\u00f3 y fue el gran batacazo de la jornada.<\/p>\n\n\n\n<p>Sin embargo, la candidata a intendenta ser\u00e1 Adriana Garc\u00eda, del PRO, porque a la hora de la pelea por la jefatura comunal la UCR se dividi\u00f3 en 3 listas.<\/p>\n\n\n\n<p>El resto de los resultados regionales estuvo dentro de lo previsto, en un marco de notable apat\u00eda y falta de participaci\u00f3n. Santa Rosa, la capital, le permiti\u00f3 a la UCR hacer una diferencia marcada: se impuso con claridad, sobre todo en las mesas de afiliados.<\/p>\n\n\n\n<p>De paso, el diputado radical Francisco Torroba le gan\u00f3 la puja local al macrista Mart\u00edn Ardohain. En mayo, Torroba -que gobern\u00f3 la ciudad entre 2008 y 2011- confrontar\u00e1 contra el actual intendente peronista Luciano di N\u00e1poli, que es dirigente de La C\u00e1mpora y va por la reelecci\u00f3n.<\/p>\n\n\n\n<p>La UCR pis\u00f3 fuerte tambi\u00e9n en algunos municipios importantes en que gobierna, como Eduardo Castex y General Acha. Pero sobre todo sum\u00f3 votos de a decenas y centenas gracias a su desperdigada red de comit\u00e9s y afiliaciones en casi toda la provincia. La Pampa tiene 80 comunas, muchas de ellas peque\u00f1as, en la mayor\u00eda de las cuales el radicalismo tiene presencia hist\u00f3rica y tradicional. El PRO bas\u00f3 su campa\u00f1a en otra estrategia: redes sociales y visitas de estrellas dirigenciales.<\/p>\n\n\n\n<p>Aunque creci\u00f3 8 puntos respecto de la \u00faltima elecci\u00f3n similar, en 2019, el PRO ten\u00eda la esperanza de quedarse con el liderazgo de la alianza. Se frustr\u00f3 en esa expectativa, aunque logr\u00f3 triunfos regionales -no tan holgados- en localidades importantes como Colonia 25 de Mayo, Intendente Alvear, Realic\u00f3, Rancul y Macach\u00edn.<\/p>\n\n\n\n<figure class=\"wp-block-image size-full\"><a href=\"https:\/\/cvinoticias.com\/wp-content\/uploads\/2023\/02\/697092-la-20pampa.jpg\"><img decoding=\"async\" width=\"960\" height=\"640\" data-src=\"https:\/\/cvinoticias.com\/wp-content\/uploads\/2023\/02\/697092-la-20pampa.jpg\" alt=\"\" class=\"wp-image-22554 lazyload\" data-srcset=\"https:\/\/cvinoticias.com\/wp-content\/uploads\/2023\/02\/697092-la-20pampa.jpg 960w, https:\/\/cvinoticias.com\/wp-content\/uploads\/2023\/02\/697092-la-20pampa-300x200.jpg 300w, https:\/\/cvinoticias.com\/wp-content\/uploads\/2023\/02\/697092-la-20pampa-768x512.jpg 768w\" data-sizes=\"(max-width: 960px) 100vw, 960px\" src=\"data:image\/svg+xml;base64,PHN2ZyB3aWR0aD0iMSIgaGVpZ2h0PSIxIiB4bWxucz0iaHR0cDovL3d3dy53My5vcmcvMjAwMC9zdmciPjwvc3ZnPg==\" style=\"--smush-placeholder-width: 960px; --smush-placeholder-aspect-ratio: 960\/640;\" \/><\/a><\/figure>\n","protected":false},"excerpt":{"rendered":"<p>Por Juan Pablo Gavazza El radical Mart\u00edn Berhongaray le gan\u00f3 a Mart\u00edn Maquieyra -que era apoyado por Horacio Rodr\u00edguez Larreta- y ser\u00e1 el candidato a gobernador de JxC. Mart\u00edn Lousteau desembarc\u00f3 para los festejos. El peronismo fue a internas solo en seis localidades. Hubo escasa participaci\u00f3n en los comicios. El radicalismo pampeano le regal\u00f3 la [&hellip;]<\/p>\n","protected":false},"author":2,"featured_media":22553,"comment_status":"open","ping_status":"open","sticky":false,"template":"","format":"standard","meta":{"footnotes":""},"categories":[42],"tags":[],"class_list":["post-22552","post","type-post","status-publish","format-standard","has-post-thumbnail","hentry","category-politica"],"yoast_head":"<!-- This site is optimized with the Yoast SEO plugin v27.4 - https:\/\/yoast.com\/product\/yoast-seo-wordpress\/ -->\n<title>Duro golpe al PRO en La Pampa: La UCR se qued\u00f3 con la primera elecci\u00f3n interna | CVI NOTICIAS<\/title>\n<meta name=\"robots\" content=\"index, follow, max-snippet:-1, max-image-preview:large, max-video-preview:-1\" \/>\n<link rel=\"canonical\" href=\"https:\/\/cvinoticias.com\/v3\/duro-golpe-al-pro-en-la-pampa-la-ucr-se-quedo-con-la-primera-eleccion-interna\/\" \/>\n<meta property=\"og:locale\" content=\"es_ES\" \/>\n<meta property=\"og:type\" content=\"article\" \/>\n<meta property=\"og:title\" content=\"Duro golpe al PRO en La Pampa: La UCR se qued\u00f3 con la primera elecci\u00f3n interna | CVI NOTICIAS\" \/>\n<meta property=\"og:description\" content=\"Por Juan Pablo Gavazza El radical Mart\u00edn Berhongaray le gan\u00f3 a Mart\u00edn Maquieyra -que era apoyado por Horacio Rodr\u00edguez Larreta- y ser\u00e1 el candidato a gobernador de JxC. Mart\u00edn Lousteau desembarc\u00f3 para los festejos. El peronismo fue a internas solo en seis localidades. Hubo escasa participaci\u00f3n en los comicios. El radicalismo pampeano le regal\u00f3 la [&hellip;]\" \/>\n<meta property=\"og:url\" content=\"https:\/\/cvinoticias.com\/v3\/duro-golpe-al-pro-en-la-pampa-la-ucr-se-quedo-con-la-primera-eleccion-interna\/\" \/>\n<meta property=\"og:site_name\" content=\"CVI NOTICIAS\" \/>\n<meta property=\"article:publisher\" content=\"https:\/\/www.facebook.com\/cvinoticias\" \/>\n<meta property=\"article:published_time\" content=\"2023-02-13T09:27:02+00:00\" \/>\n<meta property=\"og:image\" content=\"https:\/\/cvinoticias.com\/wp-content\/uploads\/2023\/02\/697092-la-20pamapa2-20-282-29.jpeg\" \/>\n\t<meta property=\"og:image:width\" content=\"470\" \/>\n\t<meta property=\"og:image:height\" content=\"313\" \/>\n\t<meta property=\"og:image:type\" content=\"image\/jpeg\" \/>\n<meta name=\"author\" content=\"f1000024\" \/>\n<meta name=\"twitter:card\" content=\"summary_large_image\" \/>\n<meta name=\"twitter:label1\" content=\"Escrito por\" \/>\n\t<meta name=\"twitter:data1\" content=\"f1000024\" \/>\n\t<meta name=\"twitter:label2\" content=\"Tiempo de lectura\" \/>\n\t<meta name=\"twitter:data2\" content=\"5 minutos\" \/>\n<script type=\"application\/ld+json\" class=\"yoast-schema-graph\">{\"@context\":\"https:\\\/\\\/schema.org\",\"@graph\":[{\"@type\":\"Article\",\"@id\":\"https:\\\/\\\/cvinoticias.com\\\/v3\\\/duro-golpe-al-pro-en-la-pampa-la-ucr-se-quedo-con-la-primera-eleccion-interna\\\/#article\",\"isPartOf\":{\"@id\":\"https:\\\/\\\/cvinoticias.com\\\/v3\\\/duro-golpe-al-pro-en-la-pampa-la-ucr-se-quedo-con-la-primera-eleccion-interna\\\/\"},\"author\":{\"name\":\"f1000024\",\"@id\":\"https:\\\/\\\/cvinoticias.com\\\/v3\\\/#\\\/schema\\\/person\\\/2db77e3c6bc03c538495d7b2b8be9b66\"},\"headline\":\"Duro golpe al PRO en La Pampa: La UCR se qued\u00f3 con la primera elecci\u00f3n interna\",\"datePublished\":\"2023-02-13T09:27:02+00:00\",\"mainEntityOfPage\":{\"@id\":\"https:\\\/\\\/cvinoticias.com\\\/v3\\\/duro-golpe-al-pro-en-la-pampa-la-ucr-se-quedo-con-la-primera-eleccion-interna\\\/\"},\"wordCount\":956,\"commentCount\":0,\"publisher\":{\"@id\":\"https:\\\/\\\/cvinoticias.com\\\/v3\\\/#organization\"},\"image\":{\"@id\":\"https:\\\/\\\/cvinoticias.com\\\/v3\\\/duro-golpe-al-pro-en-la-pampa-la-ucr-se-quedo-con-la-primera-eleccion-interna\\\/#primaryimage\"},\"thumbnailUrl\":\"https:\\\/\\\/cvinoticias.com\\\/wp-content\\\/uploads\\\/2023\\\/02\\\/697092-la-20pamapa2-20-282-29.jpeg\",\"articleSection\":[\"Politica\"],\"inLanguage\":\"es\",\"potentialAction\":[{\"@type\":\"CommentAction\",\"name\":\"Comment\",\"target\":[\"https:\\\/\\\/cvinoticias.com\\\/v3\\\/duro-golpe-al-pro-en-la-pampa-la-ucr-se-quedo-con-la-primera-eleccion-interna\\\/#respond\"]}]},{\"@type\":\"WebPage\",\"@id\":\"https:\\\/\\\/cvinoticias.com\\\/v3\\\/duro-golpe-al-pro-en-la-pampa-la-ucr-se-quedo-con-la-primera-eleccion-interna\\\/\",\"url\":\"https:\\\/\\\/cvinoticias.com\\\/v3\\\/duro-golpe-al-pro-en-la-pampa-la-ucr-se-quedo-con-la-primera-eleccion-interna\\\/\",\"name\":\"Duro golpe al PRO en La Pampa: La UCR se qued\u00f3 con la primera elecci\u00f3n interna | CVI NOTICIAS\",\"isPartOf\":{\"@id\":\"https:\\\/\\\/cvinoticias.com\\\/v3\\\/#website\"},\"primaryImageOfPage\":{\"@id\":\"https:\\\/\\\/cvinoticias.com\\\/v3\\\/duro-golpe-al-pro-en-la-pampa-la-ucr-se-quedo-con-la-primera-eleccion-interna\\\/#primaryimage\"},\"image\":{\"@id\":\"https:\\\/\\\/cvinoticias.com\\\/v3\\\/duro-golpe-al-pro-en-la-pampa-la-ucr-se-quedo-con-la-primera-eleccion-interna\\\/#primaryimage\"},\"thumbnailUrl\":\"https:\\\/\\\/cvinoticias.com\\\/wp-content\\\/uploads\\\/2023\\\/02\\\/697092-la-20pamapa2-20-282-29.jpeg\",\"datePublished\":\"2023-02-13T09:27:02+00:00\",\"breadcrumb\":{\"@id\":\"https:\\\/\\\/cvinoticias.com\\\/v3\\\/duro-golpe-al-pro-en-la-pampa-la-ucr-se-quedo-con-la-primera-eleccion-interna\\\/#breadcrumb\"},\"inLanguage\":\"es\",\"potentialAction\":[{\"@type\":\"ReadAction\",\"target\":[\"https:\\\/\\\/cvinoticias.com\\\/v3\\\/duro-golpe-al-pro-en-la-pampa-la-ucr-se-quedo-con-la-primera-eleccion-interna\\\/\"]}]},{\"@type\":\"ImageObject\",\"inLanguage\":\"es\",\"@id\":\"https:\\\/\\\/cvinoticias.com\\\/v3\\\/duro-golpe-al-pro-en-la-pampa-la-ucr-se-quedo-con-la-primera-eleccion-interna\\\/#primaryimage\",\"url\":\"https:\\\/\\\/cvinoticias.com\\\/wp-content\\\/uploads\\\/2023\\\/02\\\/697092-la-20pamapa2-20-282-29.jpeg\",\"contentUrl\":\"https:\\\/\\\/cvinoticias.com\\\/wp-content\\\/uploads\\\/2023\\\/02\\\/697092-la-20pamapa2-20-282-29.jpeg\",\"width\":470,\"height\":313},{\"@type\":\"BreadcrumbList\",\"@id\":\"https:\\\/\\\/cvinoticias.com\\\/v3\\\/duro-golpe-al-pro-en-la-pampa-la-ucr-se-quedo-con-la-primera-eleccion-interna\\\/#breadcrumb\",\"itemListElement\":[{\"@type\":\"ListItem\",\"position\":1,\"name\":\"Portada\",\"item\":\"https:\\\/\\\/cvinoticias.com\\\/v3\\\/\"},{\"@type\":\"ListItem\",\"position\":2,\"name\":\"Duro golpe al PRO en La Pampa: La UCR se qued\u00f3 con la primera elecci\u00f3n interna\"}]},{\"@type\":\"WebSite\",\"@id\":\"https:\\\/\\\/cvinoticias.com\\\/v3\\\/#website\",\"url\":\"https:\\\/\\\/cvinoticias.com\\\/v3\\\/\",\"name\":\"CVI NOTICIAS\",\"description\":\"\",\"publisher\":{\"@id\":\"https:\\\/\\\/cvinoticias.com\\\/v3\\\/#organization\"},\"alternateName\":\"CVI\",\"potentialAction\":[{\"@type\":\"SearchAction\",\"target\":{\"@type\":\"EntryPoint\",\"urlTemplate\":\"https:\\\/\\\/cvinoticias.com\\\/v3\\\/?s={search_term_string}\"},\"query-input\":{\"@type\":\"PropertyValueSpecification\",\"valueRequired\":true,\"valueName\":\"search_term_string\"}}],\"inLanguage\":\"es\"},{\"@type\":\"Organization\",\"@id\":\"https:\\\/\\\/cvinoticias.com\\\/v3\\\/#organization\",\"name\":\"CVI NOTICIAS\",\"url\":\"https:\\\/\\\/cvinoticias.com\\\/v3\\\/\",\"logo\":{\"@type\":\"ImageObject\",\"inLanguage\":\"es\",\"@id\":\"https:\\\/\\\/cvinoticias.com\\\/v3\\\/#\\\/schema\\\/logo\\\/image\\\/\",\"url\":\"https:\\\/\\\/cvinoticias.com\\\/wp-content\\\/uploads\\\/2023\\\/04\\\/cropped-cropped-cropped-cropped-cropped-3-1.png\",\"contentUrl\":\"https:\\\/\\\/cvinoticias.com\\\/wp-content\\\/uploads\\\/2023\\\/04\\\/cropped-cropped-cropped-cropped-cropped-3-1.png\",\"width\":95,\"height\":122,\"caption\":\"CVI NOTICIAS\"},\"image\":{\"@id\":\"https:\\\/\\\/cvinoticias.com\\\/v3\\\/#\\\/schema\\\/logo\\\/image\\\/\"},\"sameAs\":[\"https:\\\/\\\/www.facebook.com\\\/cvinoticias\",\"https:\\\/\\\/www.instagram.com\\\/cvinoticias\\\/\",\"https:\\\/\\\/www.youtube.com\\\/@CVINOTICIAS\"]},{\"@type\":\"Person\",\"@id\":\"https:\\\/\\\/cvinoticias.com\\\/v3\\\/#\\\/schema\\\/person\\\/2db77e3c6bc03c538495d7b2b8be9b66\",\"name\":\"f1000024\",\"image\":{\"@type\":\"ImageObject\",\"inLanguage\":\"es\",\"@id\":\"https:\\\/\\\/secure.gravatar.com\\\/avatar\\\/d4fe7459cfc51ff5129ce1a732bbef5928568b8092d412ef95611616376bbeed?s=96&d=mm&r=g\",\"url\":\"https:\\\/\\\/secure.gravatar.com\\\/avatar\\\/d4fe7459cfc51ff5129ce1a732bbef5928568b8092d412ef95611616376bbeed?s=96&d=mm&r=g\",\"contentUrl\":\"https:\\\/\\\/secure.gravatar.com\\\/avatar\\\/d4fe7459cfc51ff5129ce1a732bbef5928568b8092d412ef95611616376bbeed?s=96&d=mm&r=g\",\"caption\":\"f1000024\"},\"url\":\"https:\\\/\\\/cvinoticias.com\\\/v3\\\/author\\\/f1000024\\\/\"}]}<\/script>\n<!-- \/ Yoast SEO plugin. -->","yoast_head_json":{"title":"Duro golpe al PRO en La Pampa: La UCR se qued\u00f3 con la primera elecci\u00f3n interna | CVI NOTICIAS","robots":{"index":"index","follow":"follow","max-snippet":"max-snippet:-1","max-image-preview":"max-image-preview:large","max-video-preview":"max-video-preview:-1"},"canonical":"https:\/\/cvinoticias.com\/v3\/duro-golpe-al-pro-en-la-pampa-la-ucr-se-quedo-con-la-primera-eleccion-interna\/","og_locale":"es_ES","og_type":"article","og_title":"Duro golpe al PRO en La Pampa: La UCR se qued\u00f3 con la primera elecci\u00f3n interna | CVI NOTICIAS","og_description":"Por Juan Pablo Gavazza El radical Mart\u00edn Berhongaray le gan\u00f3 a Mart\u00edn Maquieyra -que era apoyado por Horacio Rodr\u00edguez Larreta- y ser\u00e1 el candidato a gobernador de JxC. Mart\u00edn Lousteau desembarc\u00f3 para los festejos. El peronismo fue a internas solo en seis localidades. Hubo escasa participaci\u00f3n en los comicios. El radicalismo pampeano le regal\u00f3 la [&hellip;]","og_url":"https:\/\/cvinoticias.com\/v3\/duro-golpe-al-pro-en-la-pampa-la-ucr-se-quedo-con-la-primera-eleccion-interna\/","og_site_name":"CVI NOTICIAS","article_publisher":"https:\/\/www.facebook.com\/cvinoticias","article_published_time":"2023-02-13T09:27:02+00:00","og_image":[{"width":470,"height":313,"url":"https:\/\/cvinoticias.com\/wp-content\/uploads\/2023\/02\/697092-la-20pamapa2-20-282-29.jpeg","type":"image\/jpeg"}],"author":"f1000024","twitter_card":"summary_large_image","twitter_misc":{"Escrito por":"f1000024","Tiempo de lectura":"5 minutos"},"schema":{"@context":"https:\/\/schema.org","@graph":[{"@type":"Article","@id":"https:\/\/cvinoticias.com\/v3\/duro-golpe-al-pro-en-la-pampa-la-ucr-se-quedo-con-la-primera-eleccion-interna\/#article","isPartOf":{"@id":"https:\/\/cvinoticias.com\/v3\/duro-golpe-al-pro-en-la-pampa-la-ucr-se-quedo-con-la-primera-eleccion-interna\/"},"author":{"name":"f1000024","@id":"https:\/\/cvinoticias.com\/v3\/#\/schema\/person\/2db77e3c6bc03c538495d7b2b8be9b66"},"headline":"Duro golpe al PRO en La Pampa: La UCR se qued\u00f3 con la primera elecci\u00f3n interna","datePublished":"2023-02-13T09:27:02+00:00","mainEntityOfPage":{"@id":"https:\/\/cvinoticias.com\/v3\/duro-golpe-al-pro-en-la-pampa-la-ucr-se-quedo-con-la-primera-eleccion-interna\/"},"wordCount":956,"commentCount":0,"publisher":{"@id":"https:\/\/cvinoticias.com\/v3\/#organization"},"image":{"@id":"https:\/\/cvinoticias.com\/v3\/duro-golpe-al-pro-en-la-pampa-la-ucr-se-quedo-con-la-primera-eleccion-interna\/#primaryimage"},"thumbnailUrl":"https:\/\/cvinoticias.com\/wp-content\/uploads\/2023\/02\/697092-la-20pamapa2-20-282-29.jpeg","articleSection":["Politica"],"inLanguage":"es","potentialAction":[{"@type":"CommentAction","name":"Comment","target":["https:\/\/cvinoticias.com\/v3\/duro-golpe-al-pro-en-la-pampa-la-ucr-se-quedo-con-la-primera-eleccion-interna\/#respond"]}]},{"@type":"WebPage","@id":"https:\/\/cvinoticias.com\/v3\/duro-golpe-al-pro-en-la-pampa-la-ucr-se-quedo-con-la-primera-eleccion-interna\/","url":"https:\/\/cvinoticias.com\/v3\/duro-golpe-al-pro-en-la-pampa-la-ucr-se-quedo-con-la-primera-eleccion-interna\/","name":"Duro golpe al PRO en La Pampa: La UCR se qued\u00f3 con la primera elecci\u00f3n interna | CVI NOTICIAS","isPartOf":{"@id":"https:\/\/cvinoticias.com\/v3\/#website"},"primaryImageOfPage":{"@id":"https:\/\/cvinoticias.com\/v3\/duro-golpe-al-pro-en-la-pampa-la-ucr-se-quedo-con-la-primera-eleccion-interna\/#primaryimage"},"image":{"@id":"https:\/\/cvinoticias.com\/v3\/duro-golpe-al-pro-en-la-pampa-la-ucr-se-quedo-con-la-primera-eleccion-interna\/#primaryimage"},"thumbnailUrl":"https:\/\/cvinoticias.com\/wp-content\/uploads\/2023\/02\/697092-la-20pamapa2-20-282-29.jpeg","datePublished":"2023-02-13T09:27:02+00:00","breadcrumb":{"@id":"https:\/\/cvinoticias.com\/v3\/duro-golpe-al-pro-en-la-pampa-la-ucr-se-quedo-con-la-primera-eleccion-interna\/#breadcrumb"},"inLanguage":"es","potentialAction":[{"@type":"ReadAction","target":["https:\/\/cvinoticias.com\/v3\/duro-golpe-al-pro-en-la-pampa-la-ucr-se-quedo-con-la-primera-eleccion-interna\/"]}]},{"@type":"ImageObject","inLanguage":"es","@id":"https:\/\/cvinoticias.com\/v3\/duro-golpe-al-pro-en-la-pampa-la-ucr-se-quedo-con-la-primera-eleccion-interna\/#primaryimage","url":"https:\/\/cvinoticias.com\/wp-content\/uploads\/2023\/02\/697092-la-20pamapa2-20-282-29.jpeg","contentUrl":"https:\/\/cvinoticias.com\/wp-content\/uploads\/2023\/02\/697092-la-20pamapa2-20-282-29.jpeg","width":470,"height":313},{"@type":"BreadcrumbList","@id":"https:\/\/cvinoticias.com\/v3\/duro-golpe-al-pro-en-la-pampa-la-ucr-se-quedo-con-la-primera-eleccion-interna\/#breadcrumb","itemListElement":[{"@type":"ListItem","position":1,"name":"Portada","item":"https:\/\/cvinoticias.com\/v3\/"},{"@type":"ListItem","position":2,"name":"Duro golpe al PRO en La Pampa: La UCR se qued\u00f3 con la primera elecci\u00f3n interna"}]},{"@type":"WebSite","@id":"https:\/\/cvinoticias.com\/v3\/#website","url":"https:\/\/cvinoticias.com\/v3\/","name":"CVI NOTICIAS","description":"","publisher":{"@id":"https:\/\/cvinoticias.com\/v3\/#organization"},"alternateName":"CVI","potentialAction":[{"@type":"SearchAction","target":{"@type":"EntryPoint","urlTemplate":"https:\/\/cvinoticias.com\/v3\/?s={search_term_string}"},"query-input":{"@type":"PropertyValueSpecification","valueRequired":true,"valueName":"search_term_string"}}],"inLanguage":"es"},{"@type":"Organization","@id":"https:\/\/cvinoticias.com\/v3\/#organization","name":"CVI NOTICIAS","url":"https:\/\/cvinoticias.com\/v3\/","logo":{"@type":"ImageObject","inLanguage":"es","@id":"https:\/\/cvinoticias.com\/v3\/#\/schema\/logo\/image\/","url":"https:\/\/cvinoticias.com\/wp-content\/uploads\/2023\/04\/cropped-cropped-cropped-cropped-cropped-3-1.png","contentUrl":"https:\/\/cvinoticias.com\/wp-content\/uploads\/2023\/04\/cropped-cropped-cropped-cropped-cropped-3-1.png","width":95,"height":122,"caption":"CVI NOTICIAS"},"image":{"@id":"https:\/\/cvinoticias.com\/v3\/#\/schema\/logo\/image\/"},"sameAs":["https:\/\/www.facebook.com\/cvinoticias","https:\/\/www.instagram.com\/cvinoticias\/","https:\/\/www.youtube.com\/@CVINOTICIAS"]},{"@type":"Person","@id":"https:\/\/cvinoticias.com\/v3\/#\/schema\/person\/2db77e3c6bc03c538495d7b2b8be9b66","name":"f1000024","image":{"@type":"ImageObject","inLanguage":"es","@id":"https:\/\/secure.gravatar.com\/avatar\/d4fe7459cfc51ff5129ce1a732bbef5928568b8092d412ef95611616376bbeed?s=96&d=mm&r=g","url":"https:\/\/secure.gravatar.com\/avatar\/d4fe7459cfc51ff5129ce1a732bbef5928568b8092d412ef95611616376bbeed?s=96&d=mm&r=g","contentUrl":"https:\/\/secure.gravatar.com\/avatar\/d4fe7459cfc51ff5129ce1a732bbef5928568b8092d412ef95611616376bbeed?s=96&d=mm&r=g","caption":"f1000024"},"url":"https:\/\/cvinoticias.com\/v3\/author\/f1000024\/"}]}},"_links":{"self":[{"href":"https:\/\/cvinoticias.com\/v3\/wp-json\/wp\/v2\/posts\/22552","targetHints":{"allow":["GET"]}}],"collection":[{"href":"https:\/\/cvinoticias.com\/v3\/wp-json\/wp\/v2\/posts"}],"about":[{"href":"https:\/\/cvinoticias.com\/v3\/wp-json\/wp\/v2\/types\/post"}],"author":[{"embeddable":true,"href":"https:\/\/cvinoticias.com\/v3\/wp-json\/wp\/v2\/users\/2"}],"replies":[{"embeddable":true,"href":"https:\/\/cvinoticias.com\/v3\/wp-json\/wp\/v2\/comments?post=22552"}],"version-history":[{"count":1,"href":"https:\/\/cvinoticias.com\/v3\/wp-json\/wp\/v2\/posts\/22552\/revisions"}],"predecessor-version":[{"id":22555,"href":"https:\/\/cvinoticias.com\/v3\/wp-json\/wp\/v2\/posts\/22552\/revisions\/22555"}],"wp:featuredmedia":[{"embeddable":true,"href":"https:\/\/cvinoticias.com\/v3\/wp-json\/wp\/v2\/media\/22553"}],"wp:attachment":[{"href":"https:\/\/cvinoticias.com\/v3\/wp-json\/wp\/v2\/media?parent=22552"}],"wp:term":[{"taxonomy":"category","embeddable":true,"href":"https:\/\/cvinoticias.com\/v3\/wp-json\/wp\/v2\/categories?post=22552"},{"taxonomy":"post_tag","embeddable":true,"href":"https:\/\/cvinoticias.com\/v3\/wp-json\/wp\/v2\/tags?post=22552"}],"curies":[{"name":"wp","href":"https:\/\/api.w.org\/{rel}","templated":true}]}}