{"id":22520,"date":"2023-02-11T00:48:01","date_gmt":"2023-02-11T00:48:01","guid":{"rendered":"https:\/\/cvinoticias.com\/v3\/?p=22520"},"modified":"2023-02-11T00:48:01","modified_gmt":"2023-02-11T00:48:01","slug":"rescataron-a-una-mujer-que-paso-mas-de-100-horas-sepultada-tras-el-sismo-en-turquia","status":"publish","type":"post","link":"https:\/\/cvinoticias.com\/v3\/rescataron-a-una-mujer-que-paso-mas-de-100-horas-sepultada-tras-el-sismo-en-turquia\/","title":{"rendered":"Rescataron a una mujer que pas\u00f3 m\u00e1s de 100 horas sepultada tras el sismo en Turqu\u00eda"},"content":{"rendered":"\n<p><strong><em>El equipo de socorristas trabaj\u00f3 m\u00e1s de 50 horas para hacerse un camino entre los escombros y llegar hasta ella. La mujer, de 40 a\u00f1os, se encuentra \u201cestable\u201d. Informaron que \u201cpermaneci\u00f3 mucho tiempo tumbada boca abajo, muy cerca de sus familiares muertos\u201d. Se prev\u00e9 el arribo de 28 brigadistas argentinos a la regi\u00f3n para colaborar con las b\u00fasquedas.<\/em><\/strong><\/p>\n\n\n\n<p>Socorristas rescataron este viernes a una mujer en la ciudad turca de Kirikhan que pas\u00f3 m\u00e1s de 100 horas bajo los escombros de una vivienda que colaps\u00f3 por el terremoto ocurrido el lunes en Turqu\u00eda y Siria y que dej\u00f3 al menos 21.000 muertos, inform\u00f3 la organizaci\u00f3n humanitaria ISAR Germany.<\/p>\n\n\n\n<p>\u201cEl equipo de socorristas trabaj\u00f3 m\u00e1s de 50 horas para hacerse un camino entre los escombros y llegar hasta la mujer\u201d, dijo a trav\u00e9s de sus redes sociales la organizaci\u00f3n, que form\u00f3 parte del equipo de rescate junto a ISAR Turqu\u00eda y la Asociaci\u00f3n Federal de Perros de Rescate alemana, seg\u00fan report\u00f3 la agencia de noticias AFP.<\/p>\n\n\n\n<p>La mujer, de 40 a\u00f1os, se encuentra \u201cestable\u201d y fue atendida de inmediato por equipos m\u00e9dicos, a\u00f1adi\u00f3 la misma fuente.<\/p>\n\n\n\n<p>Los rescatistas explicaron que lograron suministrarle agua y jugo de frutas con un tubo.<\/p>\n\n\n\n<p>\u201cEl rescate fue muy complicado\u201d, dijo a la agencia AFP Stefan Heine, portavoz de la organizaci\u00f3n, quien describi\u00f3 \u201cun trabajo al cent\u00edmetro con martillos rompepiedras\u201d y explic\u00f3 que \u201cla mujer permaneci\u00f3 mucho tiempo tumbada boca abajo, muy cerca de sus familiares muertos\u201d.<\/p>\n\n\n\n<p>\u00abTambi\u00e9n para nosotros esta intervenci\u00f3n fue \u00fanica\u201d, dijo el vocero de la organizaci\u00f3n especializada en la asistencia a v\u00edctimas de cat\u00e1strofes naturales, y a\u00f1adi\u00f3: \u201cNunca antes se hab\u00eda mantenido un contacto tan prolongado con una persona enterrada\u201d.<\/p>\n\n\n\n<p>Los equipos de rescate segu\u00edan buscando este viernes sobrevivientes entre los escombros casi 100 horas despu\u00e9s del devastador terremoto que golpe\u00f3 Turqu\u00eda y Siria, que provoc\u00f3 hasta el momento m\u00e1s de 21.000 muertos.<\/p>\n\n\n\n<p>Para las pr\u00f3ximas horas est\u00e1 previsto el arribo de 28 brigadistas argentinos a la regi\u00f3n para colaborar en las tareas de b\u00fasqueda de personas.<\/p>\n\n\n\n<p>M\u00e1s del 90% de los sobrevivientes de terremotos son rescatados en los tres d\u00edas siguientes a la cat\u00e1strofe; sin embargo, este tiempo puede variar en funci\u00f3n de las condiciones meteorol\u00f3gicas y, la frecuencia de las r\u00e9plicas.<\/p>\n","protected":false},"excerpt":{"rendered":"<p>El equipo de socorristas trabaj\u00f3 m\u00e1s de 50 horas para hacerse un camino entre los escombros y llegar hasta ella. La mujer, de 40 a\u00f1os, se encuentra \u201cestable\u201d. Informaron que \u201cpermaneci\u00f3 mucho tiempo tumbada boca abajo, muy cerca de sus familiares muertos\u201d. Se prev\u00e9 el arribo de 28 brigadistas argentinos a la regi\u00f3n para colaborar [&hellip;]<\/p>\n","protected":false},"author":2,"featured_media":22521,"comment_status":"open","ping_status":"open","sticky":false,"template":"","format":"standard","meta":{"footnotes":""},"categories":[430],"tags":[],"class_list":["post-22520","post","type-post","status-publish","format-standard","has-post-thumbnail","hentry","category-mundo"],"yoast_head":"<!-- This site is optimized with the Yoast SEO plugin v27.4 - https:\/\/yoast.com\/product\/yoast-seo-wordpress\/ -->\n<title>Rescataron a una mujer que pas\u00f3 m\u00e1s de 100 horas sepultada tras el sismo en Turqu\u00eda | CVI NOTICIAS<\/title>\n<meta name=\"robots\" content=\"index, follow, max-snippet:-1, max-image-preview:large, max-video-preview:-1\" \/>\n<link rel=\"canonical\" href=\"https:\/\/cvinoticias.com\/v3\/rescataron-a-una-mujer-que-paso-mas-de-100-horas-sepultada-tras-el-sismo-en-turquia\/\" \/>\n<meta property=\"og:locale\" content=\"es_ES\" \/>\n<meta property=\"og:type\" content=\"article\" \/>\n<meta property=\"og:title\" content=\"Rescataron a una mujer que pas\u00f3 m\u00e1s de 100 horas sepultada tras el sismo en Turqu\u00eda | CVI NOTICIAS\" \/>\n<meta property=\"og:description\" content=\"El equipo de socorristas trabaj\u00f3 m\u00e1s de 50 horas para hacerse un camino entre los escombros y llegar hasta ella. La mujer, de 40 a\u00f1os, se encuentra \u201cestable\u201d. Informaron que \u201cpermaneci\u00f3 mucho tiempo tumbada boca abajo, muy cerca de sus familiares muertos\u201d. Se prev\u00e9 el arribo de 28 brigadistas argentinos a la regi\u00f3n para colaborar [&hellip;]\" \/>\n<meta property=\"og:url\" content=\"https:\/\/cvinoticias.com\/v3\/rescataron-a-una-mujer-que-paso-mas-de-100-horas-sepultada-tras-el-sismo-en-turquia\/\" \/>\n<meta property=\"og:site_name\" content=\"CVI NOTICIAS\" \/>\n<meta property=\"article:publisher\" content=\"https:\/\/www.facebook.com\/cvinoticias\" \/>\n<meta property=\"article:published_time\" content=\"2023-02-11T00:48:01+00:00\" \/>\n<meta property=\"og:image\" content=\"https:\/\/cvinoticias.com\/wp-content\/uploads\/2023\/02\/63e64f451da2f_1200.jpg\" \/>\n\t<meta property=\"og:image:width\" content=\"960\" \/>\n\t<meta property=\"og:image:height\" content=\"640\" \/>\n\t<meta property=\"og:image:type\" content=\"image\/jpeg\" \/>\n<meta name=\"author\" content=\"f1000024\" \/>\n<meta name=\"twitter:card\" content=\"summary_large_image\" \/>\n<meta name=\"twitter:label1\" content=\"Escrito por\" \/>\n\t<meta name=\"twitter:data1\" content=\"f1000024\" \/>\n\t<meta name=\"twitter:label2\" content=\"Tiempo de lectura\" \/>\n\t<meta name=\"twitter:data2\" content=\"2 minutos\" \/>\n<script type=\"application\/ld+json\" class=\"yoast-schema-graph\">{\"@context\":\"https:\\\/\\\/schema.org\",\"@graph\":[{\"@type\":\"Article\",\"@id\":\"https:\\\/\\\/cvinoticias.com\\\/v3\\\/rescataron-a-una-mujer-que-paso-mas-de-100-horas-sepultada-tras-el-sismo-en-turquia\\\/#article\",\"isPartOf\":{\"@id\":\"https:\\\/\\\/cvinoticias.com\\\/v3\\\/rescataron-a-una-mujer-que-paso-mas-de-100-horas-sepultada-tras-el-sismo-en-turquia\\\/\"},\"author\":{\"name\":\"f1000024\",\"@id\":\"https:\\\/\\\/cvinoticias.com\\\/v3\\\/#\\\/schema\\\/person\\\/2db77e3c6bc03c538495d7b2b8be9b66\"},\"headline\":\"Rescataron a una mujer que pas\u00f3 m\u00e1s de 100 horas sepultada tras el sismo en Turqu\u00eda\",\"datePublished\":\"2023-02-11T00:48:01+00:00\",\"mainEntityOfPage\":{\"@id\":\"https:\\\/\\\/cvinoticias.com\\\/v3\\\/rescataron-a-una-mujer-que-paso-mas-de-100-horas-sepultada-tras-el-sismo-en-turquia\\\/\"},\"wordCount\":415,\"commentCount\":0,\"publisher\":{\"@id\":\"https:\\\/\\\/cvinoticias.com\\\/v3\\\/#organization\"},\"image\":{\"@id\":\"https:\\\/\\\/cvinoticias.com\\\/v3\\\/rescataron-a-una-mujer-que-paso-mas-de-100-horas-sepultada-tras-el-sismo-en-turquia\\\/#primaryimage\"},\"thumbnailUrl\":\"https:\\\/\\\/cvinoticias.com\\\/wp-content\\\/uploads\\\/2023\\\/02\\\/63e64f451da2f_1200.jpg\",\"articleSection\":[\"Mundo\"],\"inLanguage\":\"es\",\"potentialAction\":[{\"@type\":\"CommentAction\",\"name\":\"Comment\",\"target\":[\"https:\\\/\\\/cvinoticias.com\\\/v3\\\/rescataron-a-una-mujer-que-paso-mas-de-100-horas-sepultada-tras-el-sismo-en-turquia\\\/#respond\"]}]},{\"@type\":\"WebPage\",\"@id\":\"https:\\\/\\\/cvinoticias.com\\\/v3\\\/rescataron-a-una-mujer-que-paso-mas-de-100-horas-sepultada-tras-el-sismo-en-turquia\\\/\",\"url\":\"https:\\\/\\\/cvinoticias.com\\\/v3\\\/rescataron-a-una-mujer-que-paso-mas-de-100-horas-sepultada-tras-el-sismo-en-turquia\\\/\",\"name\":\"Rescataron a una mujer que pas\u00f3 m\u00e1s de 100 horas sepultada tras el sismo en Turqu\u00eda | CVI NOTICIAS\",\"isPartOf\":{\"@id\":\"https:\\\/\\\/cvinoticias.com\\\/v3\\\/#website\"},\"primaryImageOfPage\":{\"@id\":\"https:\\\/\\\/cvinoticias.com\\\/v3\\\/rescataron-a-una-mujer-que-paso-mas-de-100-horas-sepultada-tras-el-sismo-en-turquia\\\/#primaryimage\"},\"image\":{\"@id\":\"https:\\\/\\\/cvinoticias.com\\\/v3\\\/rescataron-a-una-mujer-que-paso-mas-de-100-horas-sepultada-tras-el-sismo-en-turquia\\\/#primaryimage\"},\"thumbnailUrl\":\"https:\\\/\\\/cvinoticias.com\\\/wp-content\\\/uploads\\\/2023\\\/02\\\/63e64f451da2f_1200.jpg\",\"datePublished\":\"2023-02-11T00:48:01+00:00\",\"breadcrumb\":{\"@id\":\"https:\\\/\\\/cvinoticias.com\\\/v3\\\/rescataron-a-una-mujer-que-paso-mas-de-100-horas-sepultada-tras-el-sismo-en-turquia\\\/#breadcrumb\"},\"inLanguage\":\"es\",\"potentialAction\":[{\"@type\":\"ReadAction\",\"target\":[\"https:\\\/\\\/cvinoticias.com\\\/v3\\\/rescataron-a-una-mujer-que-paso-mas-de-100-horas-sepultada-tras-el-sismo-en-turquia\\\/\"]}]},{\"@type\":\"ImageObject\",\"inLanguage\":\"es\",\"@id\":\"https:\\\/\\\/cvinoticias.com\\\/v3\\\/rescataron-a-una-mujer-que-paso-mas-de-100-horas-sepultada-tras-el-sismo-en-turquia\\\/#primaryimage\",\"url\":\"https:\\\/\\\/cvinoticias.com\\\/wp-content\\\/uploads\\\/2023\\\/02\\\/63e64f451da2f_1200.jpg\",\"contentUrl\":\"https:\\\/\\\/cvinoticias.com\\\/wp-content\\\/uploads\\\/2023\\\/02\\\/63e64f451da2f_1200.jpg\",\"width\":960,\"height\":640},{\"@type\":\"BreadcrumbList\",\"@id\":\"https:\\\/\\\/cvinoticias.com\\\/v3\\\/rescataron-a-una-mujer-que-paso-mas-de-100-horas-sepultada-tras-el-sismo-en-turquia\\\/#breadcrumb\",\"itemListElement\":[{\"@type\":\"ListItem\",\"position\":1,\"name\":\"Portada\",\"item\":\"https:\\\/\\\/cvinoticias.com\\\/v3\\\/\"},{\"@type\":\"ListItem\",\"position\":2,\"name\":\"Rescataron a una mujer que pas\u00f3 m\u00e1s de 100 horas sepultada tras el sismo en Turqu\u00eda\"}]},{\"@type\":\"WebSite\",\"@id\":\"https:\\\/\\\/cvinoticias.com\\\/v3\\\/#website\",\"url\":\"https:\\\/\\\/cvinoticias.com\\\/v3\\\/\",\"name\":\"CVI NOTICIAS\",\"description\":\"\",\"publisher\":{\"@id\":\"https:\\\/\\\/cvinoticias.com\\\/v3\\\/#organization\"},\"alternateName\":\"CVI\",\"potentialAction\":[{\"@type\":\"SearchAction\",\"target\":{\"@type\":\"EntryPoint\",\"urlTemplate\":\"https:\\\/\\\/cvinoticias.com\\\/v3\\\/?s={search_term_string}\"},\"query-input\":{\"@type\":\"PropertyValueSpecification\",\"valueRequired\":true,\"valueName\":\"search_term_string\"}}],\"inLanguage\":\"es\"},{\"@type\":\"Organization\",\"@id\":\"https:\\\/\\\/cvinoticias.com\\\/v3\\\/#organization\",\"name\":\"CVI NOTICIAS\",\"url\":\"https:\\\/\\\/cvinoticias.com\\\/v3\\\/\",\"logo\":{\"@type\":\"ImageObject\",\"inLanguage\":\"es\",\"@id\":\"https:\\\/\\\/cvinoticias.com\\\/v3\\\/#\\\/schema\\\/logo\\\/image\\\/\",\"url\":\"https:\\\/\\\/cvinoticias.com\\\/wp-content\\\/uploads\\\/2023\\\/04\\\/cropped-cropped-cropped-cropped-cropped-3-1.png\",\"contentUrl\":\"https:\\\/\\\/cvinoticias.com\\\/wp-content\\\/uploads\\\/2023\\\/04\\\/cropped-cropped-cropped-cropped-cropped-3-1.png\",\"width\":95,\"height\":122,\"caption\":\"CVI NOTICIAS\"},\"image\":{\"@id\":\"https:\\\/\\\/cvinoticias.com\\\/v3\\\/#\\\/schema\\\/logo\\\/image\\\/\"},\"sameAs\":[\"https:\\\/\\\/www.facebook.com\\\/cvinoticias\",\"https:\\\/\\\/www.instagram.com\\\/cvinoticias\\\/\",\"https:\\\/\\\/www.youtube.com\\\/@CVINOTICIAS\"]},{\"@type\":\"Person\",\"@id\":\"https:\\\/\\\/cvinoticias.com\\\/v3\\\/#\\\/schema\\\/person\\\/2db77e3c6bc03c538495d7b2b8be9b66\",\"name\":\"f1000024\",\"image\":{\"@type\":\"ImageObject\",\"inLanguage\":\"es\",\"@id\":\"https:\\\/\\\/secure.gravatar.com\\\/avatar\\\/d4fe7459cfc51ff5129ce1a732bbef5928568b8092d412ef95611616376bbeed?s=96&d=mm&r=g\",\"url\":\"https:\\\/\\\/secure.gravatar.com\\\/avatar\\\/d4fe7459cfc51ff5129ce1a732bbef5928568b8092d412ef95611616376bbeed?s=96&d=mm&r=g\",\"contentUrl\":\"https:\\\/\\\/secure.gravatar.com\\\/avatar\\\/d4fe7459cfc51ff5129ce1a732bbef5928568b8092d412ef95611616376bbeed?s=96&d=mm&r=g\",\"caption\":\"f1000024\"},\"url\":\"https:\\\/\\\/cvinoticias.com\\\/v3\\\/author\\\/f1000024\\\/\"}]}<\/script>\n<!-- \/ Yoast SEO plugin. -->","yoast_head_json":{"title":"Rescataron a una mujer que pas\u00f3 m\u00e1s de 100 horas sepultada tras el sismo en Turqu\u00eda | CVI NOTICIAS","robots":{"index":"index","follow":"follow","max-snippet":"max-snippet:-1","max-image-preview":"max-image-preview:large","max-video-preview":"max-video-preview:-1"},"canonical":"https:\/\/cvinoticias.com\/v3\/rescataron-a-una-mujer-que-paso-mas-de-100-horas-sepultada-tras-el-sismo-en-turquia\/","og_locale":"es_ES","og_type":"article","og_title":"Rescataron a una mujer que pas\u00f3 m\u00e1s de 100 horas sepultada tras el sismo en Turqu\u00eda | CVI NOTICIAS","og_description":"El equipo de socorristas trabaj\u00f3 m\u00e1s de 50 horas para hacerse un camino entre los escombros y llegar hasta ella. La mujer, de 40 a\u00f1os, se encuentra \u201cestable\u201d. Informaron que \u201cpermaneci\u00f3 mucho tiempo tumbada boca abajo, muy cerca de sus familiares muertos\u201d. Se prev\u00e9 el arribo de 28 brigadistas argentinos a la regi\u00f3n para colaborar [&hellip;]","og_url":"https:\/\/cvinoticias.com\/v3\/rescataron-a-una-mujer-que-paso-mas-de-100-horas-sepultada-tras-el-sismo-en-turquia\/","og_site_name":"CVI NOTICIAS","article_publisher":"https:\/\/www.facebook.com\/cvinoticias","article_published_time":"2023-02-11T00:48:01+00:00","og_image":[{"width":960,"height":640,"url":"https:\/\/cvinoticias.com\/wp-content\/uploads\/2023\/02\/63e64f451da2f_1200.jpg","type":"image\/jpeg"}],"author":"f1000024","twitter_card":"summary_large_image","twitter_misc":{"Escrito por":"f1000024","Tiempo de lectura":"2 minutos"},"schema":{"@context":"https:\/\/schema.org","@graph":[{"@type":"Article","@id":"https:\/\/cvinoticias.com\/v3\/rescataron-a-una-mujer-que-paso-mas-de-100-horas-sepultada-tras-el-sismo-en-turquia\/#article","isPartOf":{"@id":"https:\/\/cvinoticias.com\/v3\/rescataron-a-una-mujer-que-paso-mas-de-100-horas-sepultada-tras-el-sismo-en-turquia\/"},"author":{"name":"f1000024","@id":"https:\/\/cvinoticias.com\/v3\/#\/schema\/person\/2db77e3c6bc03c538495d7b2b8be9b66"},"headline":"Rescataron a una mujer que pas\u00f3 m\u00e1s de 100 horas sepultada tras el sismo en Turqu\u00eda","datePublished":"2023-02-11T00:48:01+00:00","mainEntityOfPage":{"@id":"https:\/\/cvinoticias.com\/v3\/rescataron-a-una-mujer-que-paso-mas-de-100-horas-sepultada-tras-el-sismo-en-turquia\/"},"wordCount":415,"commentCount":0,"publisher":{"@id":"https:\/\/cvinoticias.com\/v3\/#organization"},"image":{"@id":"https:\/\/cvinoticias.com\/v3\/rescataron-a-una-mujer-que-paso-mas-de-100-horas-sepultada-tras-el-sismo-en-turquia\/#primaryimage"},"thumbnailUrl":"https:\/\/cvinoticias.com\/wp-content\/uploads\/2023\/02\/63e64f451da2f_1200.jpg","articleSection":["Mundo"],"inLanguage":"es","potentialAction":[{"@type":"CommentAction","name":"Comment","target":["https:\/\/cvinoticias.com\/v3\/rescataron-a-una-mujer-que-paso-mas-de-100-horas-sepultada-tras-el-sismo-en-turquia\/#respond"]}]},{"@type":"WebPage","@id":"https:\/\/cvinoticias.com\/v3\/rescataron-a-una-mujer-que-paso-mas-de-100-horas-sepultada-tras-el-sismo-en-turquia\/","url":"https:\/\/cvinoticias.com\/v3\/rescataron-a-una-mujer-que-paso-mas-de-100-horas-sepultada-tras-el-sismo-en-turquia\/","name":"Rescataron a una mujer que pas\u00f3 m\u00e1s de 100 horas sepultada tras el sismo en Turqu\u00eda | CVI NOTICIAS","isPartOf":{"@id":"https:\/\/cvinoticias.com\/v3\/#website"},"primaryImageOfPage":{"@id":"https:\/\/cvinoticias.com\/v3\/rescataron-a-una-mujer-que-paso-mas-de-100-horas-sepultada-tras-el-sismo-en-turquia\/#primaryimage"},"image":{"@id":"https:\/\/cvinoticias.com\/v3\/rescataron-a-una-mujer-que-paso-mas-de-100-horas-sepultada-tras-el-sismo-en-turquia\/#primaryimage"},"thumbnailUrl":"https:\/\/cvinoticias.com\/wp-content\/uploads\/2023\/02\/63e64f451da2f_1200.jpg","datePublished":"2023-02-11T00:48:01+00:00","breadcrumb":{"@id":"https:\/\/cvinoticias.com\/v3\/rescataron-a-una-mujer-que-paso-mas-de-100-horas-sepultada-tras-el-sismo-en-turquia\/#breadcrumb"},"inLanguage":"es","potentialAction":[{"@type":"ReadAction","target":["https:\/\/cvinoticias.com\/v3\/rescataron-a-una-mujer-que-paso-mas-de-100-horas-sepultada-tras-el-sismo-en-turquia\/"]}]},{"@type":"ImageObject","inLanguage":"es","@id":"https:\/\/cvinoticias.com\/v3\/rescataron-a-una-mujer-que-paso-mas-de-100-horas-sepultada-tras-el-sismo-en-turquia\/#primaryimage","url":"https:\/\/cvinoticias.com\/wp-content\/uploads\/2023\/02\/63e64f451da2f_1200.jpg","contentUrl":"https:\/\/cvinoticias.com\/wp-content\/uploads\/2023\/02\/63e64f451da2f_1200.jpg","width":960,"height":640},{"@type":"BreadcrumbList","@id":"https:\/\/cvinoticias.com\/v3\/rescataron-a-una-mujer-que-paso-mas-de-100-horas-sepultada-tras-el-sismo-en-turquia\/#breadcrumb","itemListElement":[{"@type":"ListItem","position":1,"name":"Portada","item":"https:\/\/cvinoticias.com\/v3\/"},{"@type":"ListItem","position":2,"name":"Rescataron a una mujer que pas\u00f3 m\u00e1s de 100 horas sepultada tras el sismo en Turqu\u00eda"}]},{"@type":"WebSite","@id":"https:\/\/cvinoticias.com\/v3\/#website","url":"https:\/\/cvinoticias.com\/v3\/","name":"CVI NOTICIAS","description":"","publisher":{"@id":"https:\/\/cvinoticias.com\/v3\/#organization"},"alternateName":"CVI","potentialAction":[{"@type":"SearchAction","target":{"@type":"EntryPoint","urlTemplate":"https:\/\/cvinoticias.com\/v3\/?s={search_term_string}"},"query-input":{"@type":"PropertyValueSpecification","valueRequired":true,"valueName":"search_term_string"}}],"inLanguage":"es"},{"@type":"Organization","@id":"https:\/\/cvinoticias.com\/v3\/#organization","name":"CVI NOTICIAS","url":"https:\/\/cvinoticias.com\/v3\/","logo":{"@type":"ImageObject","inLanguage":"es","@id":"https:\/\/cvinoticias.com\/v3\/#\/schema\/logo\/image\/","url":"https:\/\/cvinoticias.com\/wp-content\/uploads\/2023\/04\/cropped-cropped-cropped-cropped-cropped-3-1.png","contentUrl":"https:\/\/cvinoticias.com\/wp-content\/uploads\/2023\/04\/cropped-cropped-cropped-cropped-cropped-3-1.png","width":95,"height":122,"caption":"CVI NOTICIAS"},"image":{"@id":"https:\/\/cvinoticias.com\/v3\/#\/schema\/logo\/image\/"},"sameAs":["https:\/\/www.facebook.com\/cvinoticias","https:\/\/www.instagram.com\/cvinoticias\/","https:\/\/www.youtube.com\/@CVINOTICIAS"]},{"@type":"Person","@id":"https:\/\/cvinoticias.com\/v3\/#\/schema\/person\/2db77e3c6bc03c538495d7b2b8be9b66","name":"f1000024","image":{"@type":"ImageObject","inLanguage":"es","@id":"https:\/\/secure.gravatar.com\/avatar\/d4fe7459cfc51ff5129ce1a732bbef5928568b8092d412ef95611616376bbeed?s=96&d=mm&r=g","url":"https:\/\/secure.gravatar.com\/avatar\/d4fe7459cfc51ff5129ce1a732bbef5928568b8092d412ef95611616376bbeed?s=96&d=mm&r=g","contentUrl":"https:\/\/secure.gravatar.com\/avatar\/d4fe7459cfc51ff5129ce1a732bbef5928568b8092d412ef95611616376bbeed?s=96&d=mm&r=g","caption":"f1000024"},"url":"https:\/\/cvinoticias.com\/v3\/author\/f1000024\/"}]}},"_links":{"self":[{"href":"https:\/\/cvinoticias.com\/v3\/wp-json\/wp\/v2\/posts\/22520","targetHints":{"allow":["GET"]}}],"collection":[{"href":"https:\/\/cvinoticias.com\/v3\/wp-json\/wp\/v2\/posts"}],"about":[{"href":"https:\/\/cvinoticias.com\/v3\/wp-json\/wp\/v2\/types\/post"}],"author":[{"embeddable":true,"href":"https:\/\/cvinoticias.com\/v3\/wp-json\/wp\/v2\/users\/2"}],"replies":[{"embeddable":true,"href":"https:\/\/cvinoticias.com\/v3\/wp-json\/wp\/v2\/comments?post=22520"}],"version-history":[{"count":1,"href":"https:\/\/cvinoticias.com\/v3\/wp-json\/wp\/v2\/posts\/22520\/revisions"}],"predecessor-version":[{"id":22522,"href":"https:\/\/cvinoticias.com\/v3\/wp-json\/wp\/v2\/posts\/22520\/revisions\/22522"}],"wp:featuredmedia":[{"embeddable":true,"href":"https:\/\/cvinoticias.com\/v3\/wp-json\/wp\/v2\/media\/22521"}],"wp:attachment":[{"href":"https:\/\/cvinoticias.com\/v3\/wp-json\/wp\/v2\/media?parent=22520"}],"wp:term":[{"taxonomy":"category","embeddable":true,"href":"https:\/\/cvinoticias.com\/v3\/wp-json\/wp\/v2\/categories?post=22520"},{"taxonomy":"post_tag","embeddable":true,"href":"https:\/\/cvinoticias.com\/v3\/wp-json\/wp\/v2\/tags?post=22520"}],"curies":[{"name":"wp","href":"https:\/\/api.w.org\/{rel}","templated":true}]}}