{"id":22503,"date":"2023-02-10T11:35:43","date_gmt":"2023-02-10T11:35:43","guid":{"rendered":"https:\/\/cvinoticias.com\/v3\/?p=22503"},"modified":"2023-02-10T11:35:43","modified_gmt":"2023-02-10T11:35:43","slug":"argentina-envia-una-brigada-de-28-efectivos-de-ayuda-humanitaria-a-turquia-tras-el-sismo","status":"publish","type":"post","link":"https:\/\/cvinoticias.com\/v3\/argentina-envia-una-brigada-de-28-efectivos-de-ayuda-humanitaria-a-turquia-tras-el-sismo\/","title":{"rendered":"Argentina env\u00eda una brigada de 28 efectivos de ayuda humanitaria a Turqu\u00eda tras el sismo"},"content":{"rendered":"\n<p><strong><em>Nuestro pa\u00eds enviar\u00e1 ayuda humanitaria a Turqu\u00eda para brindar apoyo en diferentes tareas tras el sismo que se produjo.<\/em><\/strong><\/p>\n\n\n\n<p>Un total de 28 efectivos argentinos de ayuda humanitaria viajan a Turqu\u00eda para colaborar con las tareas de rescate y b\u00fasqueda tras el terremoto que dej\u00f3 cerca de 20.000 muertos y decenas de miles de heridos en este pa\u00eds y en la vecina Siria, se inform\u00f3 oficialmente.<\/p>\n\n\n\n<p>De la misi\u00f3n humanitaria ser\u00e1 parte personal de la Brigada Especial Federal de Rescate (Befer) de la Polic\u00eda Federal Argentina (PFA), que, por primera, vez realizar\u00e1 un trabajo de esta \u00edndole en el extranjero.<\/p>\n\n\n\n<p>Befer est\u00e1 certificada internacionalmente para las tareas de rescate frente a este tipo de tragedias.<\/p>\n\n\n\n<p>De acuerdo con la solicitud de las autoridades turcas, la Canciller\u00eda Argentina, encabezada por Santiago Cafiero, junto al Ministerio de Seguridad y la Agencia Argentina de Cooperaci\u00f3n Internacional y Asistencia Humanitaria &#8211; Cascos Blancos (Aciah) coordinaron la ayuda humanitaria que brindar\u00e1 el pa\u00eds tras las tr\u00e1gicas consecuencias del sismo.<\/p>\n\n\n\n<figure class=\"wp-block-image size-large\"><a href=\"https:\/\/cvinoticias.com\/wp-content\/uploads\/2023\/02\/Screenshot_20230210-083408_Facebook.jpg\"><img decoding=\"async\" width=\"1024\" height=\"603\" data-src=\"https:\/\/cvinoticias.com\/wp-content\/uploads\/2023\/02\/Screenshot_20230210-083408_Facebook-1024x603.jpg\" alt=\"\" class=\"wp-image-22505 lazyload\" data-srcset=\"https:\/\/cvinoticias.com\/wp-content\/uploads\/2023\/02\/Screenshot_20230210-083408_Facebook-1024x603.jpg 1024w, https:\/\/cvinoticias.com\/wp-content\/uploads\/2023\/02\/Screenshot_20230210-083408_Facebook-300x177.jpg 300w, https:\/\/cvinoticias.com\/wp-content\/uploads\/2023\/02\/Screenshot_20230210-083408_Facebook-768x452.jpg 768w, https:\/\/cvinoticias.com\/wp-content\/uploads\/2023\/02\/Screenshot_20230210-083408_Facebook.jpg 1078w\" data-sizes=\"(max-width: 1024px) 100vw, 1024px\" src=\"data:image\/svg+xml;base64,PHN2ZyB3aWR0aD0iMSIgaGVpZ2h0PSIxIiB4bWxucz0iaHR0cDovL3d3dy53My5vcmcvMjAwMC9zdmciPjwvc3ZnPg==\" style=\"--smush-placeholder-width: 1024px; --smush-placeholder-aspect-ratio: 1024\/603;\" \/><\/a><\/figure>\n\n\n\n<p>En ese sentido, se dispuso el env\u00edo de una brigada USAR (Urban Search and Rescue &#8211; B\u00fasqueda y Rescate Urbano) de Argentina, que parti\u00f3 este jueves a la zona afectada, inform\u00f3 mediante un comunicado la Canciller\u00eda argentina.<\/p>\n\n\n\n<p>El equipo est\u00e1 conformado por 28 efectivos calificados en materia de B\u00fasqueda T\u00e9cnica; B\u00fasqueda Canina; Asistencia M\u00e9dica; Materiales Peligrosos; Ingenier\u00eda Estructural; Apoyo para Centros de Recepci\u00f3n y Salida (RDC) y Apoyo al Centro de Coordinaci\u00f3n de Operaciones en el Terreno (OSOCC), as\u00ed como para Apoyo a la C\u00e9lula de Coordinaci\u00f3n USAR (UC).<\/p>\n\n\n\n<p>Durante el acto de despedida del equipo en el Cuartel Central de la PFA, el ministro de Seguridad, An\u00edbal Fern\u00e1ndez, remarco que \u00abdos pueblos, de donde muchos han venido a vivir a nuestro pa\u00eds, est\u00e1n pasando un p\u00e9simo momento y nos convocan y nosotros dijimos &#8216;presente'\u00bb.<\/p>\n\n\n\n<p>La brigada est\u00e1 compuesta por los perros Indio (Ovejero Belga Millinois) y Akira (Border Collie) para detectar restos humanos y un grupo especializado en rescate t\u00e9cnico, otro especializado en materiales peligrosos, un ingeniero estructural, efectivos del \u00e1rea de comunicaciones y personal m\u00e9dico, todos pertenecientes a distintas \u00e1reas de la PFA. Los animales cuentan con un chip para que no se pierdan y con todo su historial.<\/p>\n\n\n\n<p>En declaraciones a T\u00e9lam, el comisario Daniel Iglesias, de 42 a\u00f1os y 25 a\u00f1os de servicio, se\u00f1al\u00f3 que cuando lleguen \u00abnos asignar\u00e1n un lugar en la base de operaciones y luego empezar\u00e1n las tareas de rescate en el terreno\u00bb.<\/p>\n\n\n\n<p>\u00abEs la primera vez que tenemos un desplazamiento al exterior de este tipo. Nos venimos formando y capacitando hace mucho tiempo. Ven\u00edamos luchando por la certificaci\u00f3n internacional para intervenir en estas tragedias. La logramos hace un a\u00f1o y medio\u00bb, destac\u00f3.<\/p>\n\n\n\n<p>Y agreg\u00f3 que \u00abest\u00e1bamos esperando una oportunidad para poder demostrar todo lo que sabemos y para lo que nos preparamos toda la vida. No vamos a volver igual, son experiencias que marcan mucho. All\u00e1 la contenci\u00f3n psicol\u00f3gica la haremos entre nosotros. Estamos preparados para eso, para acompa\u00f1arnos ante experiencias que nos dejen mal. A la vuelta nos espera un equipo interdisciplinario para quien lo necesite\u00bb, cont\u00f3.<\/p>\n\n\n\n<p>Indic\u00f3 que la Brigada trabaj\u00f3 en 2013 en el derrumbe de un edificio en Rosario a ra\u00edz de una explosi\u00f3n a causa de una fuga de gas (2013), el atentado a la Embajada de Israel (1992) y la AMIA (1994).<\/p>\n\n\n\n<p>\u00abEs un orgullo enorme poder concurrir a otro pa\u00eds a llevar soluciones y brindar asistencia a personas que est\u00e1n en estado de desesperaci\u00f3n, porque la situaci\u00f3n es ca\u00f3tica\u00bb, concluy\u00f3.<\/p>\n\n\n\n<p>En declaraciones a la prensa, el ministro indic\u00f3 que el Befer \u00abestaba preparada y armamos todo lo m\u00e1s r\u00e1pido posible para que puedan viajar con todo lo necesario. El jefe ha instruido al responsable del Befer para que pueda estar en contacto y todo lo que necesiten sea solicitado\u00bb.<\/p>\n\n\n\n<p>Y dijo que \u00abest\u00e1n todos conscientes en lo que est\u00e1n haciendo y a d\u00f3nde est\u00e1n yendo, qu\u00e9 es lo que tienen que hacer y c\u00f3mo se prepararon para eso\u00bb.<\/p>\n\n\n\n<p>La misi\u00f3n humanitaria se desplazar\u00e1 por unos 10 d\u00edas y ser\u00e1 encabezada por cuatro funcionarios de la Comisi\u00f3n Cascos Blancos, que conduce Sabina Frederic, que trabajar\u00e1n junto con la Agencia Turca de Manejo de Desastres en la ciudad de Andana.<\/p>\n\n\n\n<p>\u00abNuestro pa\u00eds tiene rasgos que no estamos dispuestos a resignar en ninguna condici\u00f3n, como la multilateralidad y el respeto por los derechos humanos\u00bb, asegur\u00f3 Fern\u00e1ndez.<\/p>\n\n\n\n<p>Pasadas ya las primeras 72 horas tras el sismo, los socorristas luchan contra el reloj para encontrar personas con vida tras el terremoto de magnitud 7,8 del lunes a las 4.17 (23.17 del domingo en Argentina), aunque se teme que el balance de muertos pueda subir dram\u00e1ticamente debido al elevado n\u00famero de personas que se calcula que todav\u00eda est\u00e1n atrapadas entre los escombros.<\/p>\n\n\n\n<p>La cantidad de muertos no deja de crecer y los \u00faltimos balances oficiales indican que asciende a casi 20.000 personas, 16.546 de ellas en Turqu\u00eda y 3.317 en Siria.<\/p>\n","protected":false},"excerpt":{"rendered":"<p>Nuestro pa\u00eds enviar\u00e1 ayuda humanitaria a Turqu\u00eda para brindar apoyo en diferentes tareas tras el sismo que se produjo. Un total de 28 efectivos argentinos de ayuda humanitaria viajan a Turqu\u00eda para colaborar con las tareas de rescate y b\u00fasqueda tras el terremoto que dej\u00f3 cerca de 20.000 muertos y decenas de miles de heridos [&hellip;]<\/p>\n","protected":false},"author":2,"featured_media":22504,"comment_status":"open","ping_status":"open","sticky":false,"template":"","format":"standard","meta":{"footnotes":""},"categories":[430],"tags":[],"class_list":["post-22503","post","type-post","status-publish","format-standard","has-post-thumbnail","hentry","category-mundo"],"yoast_head":"<!-- This site is optimized with the Yoast SEO plugin v27.4 - https:\/\/yoast.com\/product\/yoast-seo-wordpress\/ -->\n<title>Argentina env\u00eda una brigada de 28 efectivos de ayuda humanitaria a Turqu\u00eda tras el sismo | CVI NOTICIAS<\/title>\n<meta name=\"robots\" content=\"index, follow, max-snippet:-1, max-image-preview:large, max-video-preview:-1\" \/>\n<link rel=\"canonical\" href=\"https:\/\/cvinoticias.com\/v3\/argentina-envia-una-brigada-de-28-efectivos-de-ayuda-humanitaria-a-turquia-tras-el-sismo\/\" \/>\n<meta property=\"og:locale\" content=\"es_ES\" \/>\n<meta property=\"og:type\" content=\"article\" \/>\n<meta property=\"og:title\" content=\"Argentina env\u00eda una brigada de 28 efectivos de ayuda humanitaria a Turqu\u00eda tras el sismo | CVI NOTICIAS\" \/>\n<meta property=\"og:description\" content=\"Nuestro pa\u00eds enviar\u00e1 ayuda humanitaria a Turqu\u00eda para brindar apoyo en diferentes tareas tras el sismo que se produjo. Un total de 28 efectivos argentinos de ayuda humanitaria viajan a Turqu\u00eda para colaborar con las tareas de rescate y b\u00fasqueda tras el terremoto que dej\u00f3 cerca de 20.000 muertos y decenas de miles de heridos [&hellip;]\" \/>\n<meta property=\"og:url\" content=\"https:\/\/cvinoticias.com\/v3\/argentina-envia-una-brigada-de-28-efectivos-de-ayuda-humanitaria-a-turquia-tras-el-sismo\/\" \/>\n<meta property=\"og:site_name\" content=\"CVI NOTICIAS\" \/>\n<meta property=\"article:publisher\" content=\"https:\/\/www.facebook.com\/cvinoticias\" \/>\n<meta property=\"article:published_time\" content=\"2023-02-10T11:35:43+00:00\" \/>\n<meta property=\"og:image\" content=\"https:\/\/cvinoticias.com\/wp-content\/uploads\/2023\/02\/Screenshot_20230210-083346_Facebook.jpg\" \/>\n\t<meta property=\"og:image:width\" content=\"1078\" \/>\n\t<meta property=\"og:image:height\" content=\"625\" \/>\n\t<meta property=\"og:image:type\" content=\"image\/jpeg\" \/>\n<meta name=\"author\" content=\"f1000024\" \/>\n<meta name=\"twitter:card\" content=\"summary_large_image\" \/>\n<meta name=\"twitter:label1\" content=\"Escrito por\" \/>\n\t<meta name=\"twitter:data1\" content=\"f1000024\" \/>\n\t<meta name=\"twitter:label2\" content=\"Tiempo de lectura\" \/>\n\t<meta name=\"twitter:data2\" content=\"4 minutos\" \/>\n<script type=\"application\/ld+json\" class=\"yoast-schema-graph\">{\"@context\":\"https:\\\/\\\/schema.org\",\"@graph\":[{\"@type\":\"Article\",\"@id\":\"https:\\\/\\\/cvinoticias.com\\\/v3\\\/argentina-envia-una-brigada-de-28-efectivos-de-ayuda-humanitaria-a-turquia-tras-el-sismo\\\/#article\",\"isPartOf\":{\"@id\":\"https:\\\/\\\/cvinoticias.com\\\/v3\\\/argentina-envia-una-brigada-de-28-efectivos-de-ayuda-humanitaria-a-turquia-tras-el-sismo\\\/\"},\"author\":{\"name\":\"f1000024\",\"@id\":\"https:\\\/\\\/cvinoticias.com\\\/v3\\\/#\\\/schema\\\/person\\\/2db77e3c6bc03c538495d7b2b8be9b66\"},\"headline\":\"Argentina env\u00eda una brigada de 28 efectivos de ayuda humanitaria a Turqu\u00eda tras el sismo\",\"datePublished\":\"2023-02-10T11:35:43+00:00\",\"mainEntityOfPage\":{\"@id\":\"https:\\\/\\\/cvinoticias.com\\\/v3\\\/argentina-envia-una-brigada-de-28-efectivos-de-ayuda-humanitaria-a-turquia-tras-el-sismo\\\/\"},\"wordCount\":882,\"commentCount\":0,\"publisher\":{\"@id\":\"https:\\\/\\\/cvinoticias.com\\\/v3\\\/#organization\"},\"image\":{\"@id\":\"https:\\\/\\\/cvinoticias.com\\\/v3\\\/argentina-envia-una-brigada-de-28-efectivos-de-ayuda-humanitaria-a-turquia-tras-el-sismo\\\/#primaryimage\"},\"thumbnailUrl\":\"https:\\\/\\\/cvinoticias.com\\\/wp-content\\\/uploads\\\/2023\\\/02\\\/Screenshot_20230210-083346_Facebook.jpg\",\"articleSection\":[\"Mundo\"],\"inLanguage\":\"es\",\"potentialAction\":[{\"@type\":\"CommentAction\",\"name\":\"Comment\",\"target\":[\"https:\\\/\\\/cvinoticias.com\\\/v3\\\/argentina-envia-una-brigada-de-28-efectivos-de-ayuda-humanitaria-a-turquia-tras-el-sismo\\\/#respond\"]}]},{\"@type\":\"WebPage\",\"@id\":\"https:\\\/\\\/cvinoticias.com\\\/v3\\\/argentina-envia-una-brigada-de-28-efectivos-de-ayuda-humanitaria-a-turquia-tras-el-sismo\\\/\",\"url\":\"https:\\\/\\\/cvinoticias.com\\\/v3\\\/argentina-envia-una-brigada-de-28-efectivos-de-ayuda-humanitaria-a-turquia-tras-el-sismo\\\/\",\"name\":\"Argentina env\u00eda una brigada de 28 efectivos de ayuda humanitaria a Turqu\u00eda tras el sismo | CVI NOTICIAS\",\"isPartOf\":{\"@id\":\"https:\\\/\\\/cvinoticias.com\\\/v3\\\/#website\"},\"primaryImageOfPage\":{\"@id\":\"https:\\\/\\\/cvinoticias.com\\\/v3\\\/argentina-envia-una-brigada-de-28-efectivos-de-ayuda-humanitaria-a-turquia-tras-el-sismo\\\/#primaryimage\"},\"image\":{\"@id\":\"https:\\\/\\\/cvinoticias.com\\\/v3\\\/argentina-envia-una-brigada-de-28-efectivos-de-ayuda-humanitaria-a-turquia-tras-el-sismo\\\/#primaryimage\"},\"thumbnailUrl\":\"https:\\\/\\\/cvinoticias.com\\\/wp-content\\\/uploads\\\/2023\\\/02\\\/Screenshot_20230210-083346_Facebook.jpg\",\"datePublished\":\"2023-02-10T11:35:43+00:00\",\"breadcrumb\":{\"@id\":\"https:\\\/\\\/cvinoticias.com\\\/v3\\\/argentina-envia-una-brigada-de-28-efectivos-de-ayuda-humanitaria-a-turquia-tras-el-sismo\\\/#breadcrumb\"},\"inLanguage\":\"es\",\"potentialAction\":[{\"@type\":\"ReadAction\",\"target\":[\"https:\\\/\\\/cvinoticias.com\\\/v3\\\/argentina-envia-una-brigada-de-28-efectivos-de-ayuda-humanitaria-a-turquia-tras-el-sismo\\\/\"]}]},{\"@type\":\"ImageObject\",\"inLanguage\":\"es\",\"@id\":\"https:\\\/\\\/cvinoticias.com\\\/v3\\\/argentina-envia-una-brigada-de-28-efectivos-de-ayuda-humanitaria-a-turquia-tras-el-sismo\\\/#primaryimage\",\"url\":\"https:\\\/\\\/cvinoticias.com\\\/wp-content\\\/uploads\\\/2023\\\/02\\\/Screenshot_20230210-083346_Facebook.jpg\",\"contentUrl\":\"https:\\\/\\\/cvinoticias.com\\\/wp-content\\\/uploads\\\/2023\\\/02\\\/Screenshot_20230210-083346_Facebook.jpg\",\"width\":1078,\"height\":625},{\"@type\":\"BreadcrumbList\",\"@id\":\"https:\\\/\\\/cvinoticias.com\\\/v3\\\/argentina-envia-una-brigada-de-28-efectivos-de-ayuda-humanitaria-a-turquia-tras-el-sismo\\\/#breadcrumb\",\"itemListElement\":[{\"@type\":\"ListItem\",\"position\":1,\"name\":\"Portada\",\"item\":\"https:\\\/\\\/cvinoticias.com\\\/v3\\\/\"},{\"@type\":\"ListItem\",\"position\":2,\"name\":\"Argentina env\u00eda una brigada de 28 efectivos de ayuda humanitaria a Turqu\u00eda tras el sismo\"}]},{\"@type\":\"WebSite\",\"@id\":\"https:\\\/\\\/cvinoticias.com\\\/v3\\\/#website\",\"url\":\"https:\\\/\\\/cvinoticias.com\\\/v3\\\/\",\"name\":\"CVI NOTICIAS\",\"description\":\"\",\"publisher\":{\"@id\":\"https:\\\/\\\/cvinoticias.com\\\/v3\\\/#organization\"},\"alternateName\":\"CVI\",\"potentialAction\":[{\"@type\":\"SearchAction\",\"target\":{\"@type\":\"EntryPoint\",\"urlTemplate\":\"https:\\\/\\\/cvinoticias.com\\\/v3\\\/?s={search_term_string}\"},\"query-input\":{\"@type\":\"PropertyValueSpecification\",\"valueRequired\":true,\"valueName\":\"search_term_string\"}}],\"inLanguage\":\"es\"},{\"@type\":\"Organization\",\"@id\":\"https:\\\/\\\/cvinoticias.com\\\/v3\\\/#organization\",\"name\":\"CVI NOTICIAS\",\"url\":\"https:\\\/\\\/cvinoticias.com\\\/v3\\\/\",\"logo\":{\"@type\":\"ImageObject\",\"inLanguage\":\"es\",\"@id\":\"https:\\\/\\\/cvinoticias.com\\\/v3\\\/#\\\/schema\\\/logo\\\/image\\\/\",\"url\":\"https:\\\/\\\/cvinoticias.com\\\/wp-content\\\/uploads\\\/2023\\\/04\\\/cropped-cropped-cropped-cropped-cropped-3-1.png\",\"contentUrl\":\"https:\\\/\\\/cvinoticias.com\\\/wp-content\\\/uploads\\\/2023\\\/04\\\/cropped-cropped-cropped-cropped-cropped-3-1.png\",\"width\":95,\"height\":122,\"caption\":\"CVI NOTICIAS\"},\"image\":{\"@id\":\"https:\\\/\\\/cvinoticias.com\\\/v3\\\/#\\\/schema\\\/logo\\\/image\\\/\"},\"sameAs\":[\"https:\\\/\\\/www.facebook.com\\\/cvinoticias\",\"https:\\\/\\\/www.instagram.com\\\/cvinoticias\\\/\",\"https:\\\/\\\/www.youtube.com\\\/@CVINOTICIAS\"]},{\"@type\":\"Person\",\"@id\":\"https:\\\/\\\/cvinoticias.com\\\/v3\\\/#\\\/schema\\\/person\\\/2db77e3c6bc03c538495d7b2b8be9b66\",\"name\":\"f1000024\",\"image\":{\"@type\":\"ImageObject\",\"inLanguage\":\"es\",\"@id\":\"https:\\\/\\\/secure.gravatar.com\\\/avatar\\\/d4fe7459cfc51ff5129ce1a732bbef5928568b8092d412ef95611616376bbeed?s=96&d=mm&r=g\",\"url\":\"https:\\\/\\\/secure.gravatar.com\\\/avatar\\\/d4fe7459cfc51ff5129ce1a732bbef5928568b8092d412ef95611616376bbeed?s=96&d=mm&r=g\",\"contentUrl\":\"https:\\\/\\\/secure.gravatar.com\\\/avatar\\\/d4fe7459cfc51ff5129ce1a732bbef5928568b8092d412ef95611616376bbeed?s=96&d=mm&r=g\",\"caption\":\"f1000024\"},\"url\":\"https:\\\/\\\/cvinoticias.com\\\/v3\\\/author\\\/f1000024\\\/\"}]}<\/script>\n<!-- \/ Yoast SEO plugin. -->","yoast_head_json":{"title":"Argentina env\u00eda una brigada de 28 efectivos de ayuda humanitaria a Turqu\u00eda tras el sismo | CVI NOTICIAS","robots":{"index":"index","follow":"follow","max-snippet":"max-snippet:-1","max-image-preview":"max-image-preview:large","max-video-preview":"max-video-preview:-1"},"canonical":"https:\/\/cvinoticias.com\/v3\/argentina-envia-una-brigada-de-28-efectivos-de-ayuda-humanitaria-a-turquia-tras-el-sismo\/","og_locale":"es_ES","og_type":"article","og_title":"Argentina env\u00eda una brigada de 28 efectivos de ayuda humanitaria a Turqu\u00eda tras el sismo | CVI NOTICIAS","og_description":"Nuestro pa\u00eds enviar\u00e1 ayuda humanitaria a Turqu\u00eda para brindar apoyo en diferentes tareas tras el sismo que se produjo. Un total de 28 efectivos argentinos de ayuda humanitaria viajan a Turqu\u00eda para colaborar con las tareas de rescate y b\u00fasqueda tras el terremoto que dej\u00f3 cerca de 20.000 muertos y decenas de miles de heridos [&hellip;]","og_url":"https:\/\/cvinoticias.com\/v3\/argentina-envia-una-brigada-de-28-efectivos-de-ayuda-humanitaria-a-turquia-tras-el-sismo\/","og_site_name":"CVI NOTICIAS","article_publisher":"https:\/\/www.facebook.com\/cvinoticias","article_published_time":"2023-02-10T11:35:43+00:00","og_image":[{"width":1078,"height":625,"url":"https:\/\/cvinoticias.com\/wp-content\/uploads\/2023\/02\/Screenshot_20230210-083346_Facebook.jpg","type":"image\/jpeg"}],"author":"f1000024","twitter_card":"summary_large_image","twitter_misc":{"Escrito por":"f1000024","Tiempo de lectura":"4 minutos"},"schema":{"@context":"https:\/\/schema.org","@graph":[{"@type":"Article","@id":"https:\/\/cvinoticias.com\/v3\/argentina-envia-una-brigada-de-28-efectivos-de-ayuda-humanitaria-a-turquia-tras-el-sismo\/#article","isPartOf":{"@id":"https:\/\/cvinoticias.com\/v3\/argentina-envia-una-brigada-de-28-efectivos-de-ayuda-humanitaria-a-turquia-tras-el-sismo\/"},"author":{"name":"f1000024","@id":"https:\/\/cvinoticias.com\/v3\/#\/schema\/person\/2db77e3c6bc03c538495d7b2b8be9b66"},"headline":"Argentina env\u00eda una brigada de 28 efectivos de ayuda humanitaria a Turqu\u00eda tras el sismo","datePublished":"2023-02-10T11:35:43+00:00","mainEntityOfPage":{"@id":"https:\/\/cvinoticias.com\/v3\/argentina-envia-una-brigada-de-28-efectivos-de-ayuda-humanitaria-a-turquia-tras-el-sismo\/"},"wordCount":882,"commentCount":0,"publisher":{"@id":"https:\/\/cvinoticias.com\/v3\/#organization"},"image":{"@id":"https:\/\/cvinoticias.com\/v3\/argentina-envia-una-brigada-de-28-efectivos-de-ayuda-humanitaria-a-turquia-tras-el-sismo\/#primaryimage"},"thumbnailUrl":"https:\/\/cvinoticias.com\/wp-content\/uploads\/2023\/02\/Screenshot_20230210-083346_Facebook.jpg","articleSection":["Mundo"],"inLanguage":"es","potentialAction":[{"@type":"CommentAction","name":"Comment","target":["https:\/\/cvinoticias.com\/v3\/argentina-envia-una-brigada-de-28-efectivos-de-ayuda-humanitaria-a-turquia-tras-el-sismo\/#respond"]}]},{"@type":"WebPage","@id":"https:\/\/cvinoticias.com\/v3\/argentina-envia-una-brigada-de-28-efectivos-de-ayuda-humanitaria-a-turquia-tras-el-sismo\/","url":"https:\/\/cvinoticias.com\/v3\/argentina-envia-una-brigada-de-28-efectivos-de-ayuda-humanitaria-a-turquia-tras-el-sismo\/","name":"Argentina env\u00eda una brigada de 28 efectivos de ayuda humanitaria a Turqu\u00eda tras el sismo | CVI NOTICIAS","isPartOf":{"@id":"https:\/\/cvinoticias.com\/v3\/#website"},"primaryImageOfPage":{"@id":"https:\/\/cvinoticias.com\/v3\/argentina-envia-una-brigada-de-28-efectivos-de-ayuda-humanitaria-a-turquia-tras-el-sismo\/#primaryimage"},"image":{"@id":"https:\/\/cvinoticias.com\/v3\/argentina-envia-una-brigada-de-28-efectivos-de-ayuda-humanitaria-a-turquia-tras-el-sismo\/#primaryimage"},"thumbnailUrl":"https:\/\/cvinoticias.com\/wp-content\/uploads\/2023\/02\/Screenshot_20230210-083346_Facebook.jpg","datePublished":"2023-02-10T11:35:43+00:00","breadcrumb":{"@id":"https:\/\/cvinoticias.com\/v3\/argentina-envia-una-brigada-de-28-efectivos-de-ayuda-humanitaria-a-turquia-tras-el-sismo\/#breadcrumb"},"inLanguage":"es","potentialAction":[{"@type":"ReadAction","target":["https:\/\/cvinoticias.com\/v3\/argentina-envia-una-brigada-de-28-efectivos-de-ayuda-humanitaria-a-turquia-tras-el-sismo\/"]}]},{"@type":"ImageObject","inLanguage":"es","@id":"https:\/\/cvinoticias.com\/v3\/argentina-envia-una-brigada-de-28-efectivos-de-ayuda-humanitaria-a-turquia-tras-el-sismo\/#primaryimage","url":"https:\/\/cvinoticias.com\/wp-content\/uploads\/2023\/02\/Screenshot_20230210-083346_Facebook.jpg","contentUrl":"https:\/\/cvinoticias.com\/wp-content\/uploads\/2023\/02\/Screenshot_20230210-083346_Facebook.jpg","width":1078,"height":625},{"@type":"BreadcrumbList","@id":"https:\/\/cvinoticias.com\/v3\/argentina-envia-una-brigada-de-28-efectivos-de-ayuda-humanitaria-a-turquia-tras-el-sismo\/#breadcrumb","itemListElement":[{"@type":"ListItem","position":1,"name":"Portada","item":"https:\/\/cvinoticias.com\/v3\/"},{"@type":"ListItem","position":2,"name":"Argentina env\u00eda una brigada de 28 efectivos de ayuda humanitaria a Turqu\u00eda tras el sismo"}]},{"@type":"WebSite","@id":"https:\/\/cvinoticias.com\/v3\/#website","url":"https:\/\/cvinoticias.com\/v3\/","name":"CVI NOTICIAS","description":"","publisher":{"@id":"https:\/\/cvinoticias.com\/v3\/#organization"},"alternateName":"CVI","potentialAction":[{"@type":"SearchAction","target":{"@type":"EntryPoint","urlTemplate":"https:\/\/cvinoticias.com\/v3\/?s={search_term_string}"},"query-input":{"@type":"PropertyValueSpecification","valueRequired":true,"valueName":"search_term_string"}}],"inLanguage":"es"},{"@type":"Organization","@id":"https:\/\/cvinoticias.com\/v3\/#organization","name":"CVI NOTICIAS","url":"https:\/\/cvinoticias.com\/v3\/","logo":{"@type":"ImageObject","inLanguage":"es","@id":"https:\/\/cvinoticias.com\/v3\/#\/schema\/logo\/image\/","url":"https:\/\/cvinoticias.com\/wp-content\/uploads\/2023\/04\/cropped-cropped-cropped-cropped-cropped-3-1.png","contentUrl":"https:\/\/cvinoticias.com\/wp-content\/uploads\/2023\/04\/cropped-cropped-cropped-cropped-cropped-3-1.png","width":95,"height":122,"caption":"CVI NOTICIAS"},"image":{"@id":"https:\/\/cvinoticias.com\/v3\/#\/schema\/logo\/image\/"},"sameAs":["https:\/\/www.facebook.com\/cvinoticias","https:\/\/www.instagram.com\/cvinoticias\/","https:\/\/www.youtube.com\/@CVINOTICIAS"]},{"@type":"Person","@id":"https:\/\/cvinoticias.com\/v3\/#\/schema\/person\/2db77e3c6bc03c538495d7b2b8be9b66","name":"f1000024","image":{"@type":"ImageObject","inLanguage":"es","@id":"https:\/\/secure.gravatar.com\/avatar\/d4fe7459cfc51ff5129ce1a732bbef5928568b8092d412ef95611616376bbeed?s=96&d=mm&r=g","url":"https:\/\/secure.gravatar.com\/avatar\/d4fe7459cfc51ff5129ce1a732bbef5928568b8092d412ef95611616376bbeed?s=96&d=mm&r=g","contentUrl":"https:\/\/secure.gravatar.com\/avatar\/d4fe7459cfc51ff5129ce1a732bbef5928568b8092d412ef95611616376bbeed?s=96&d=mm&r=g","caption":"f1000024"},"url":"https:\/\/cvinoticias.com\/v3\/author\/f1000024\/"}]}},"_links":{"self":[{"href":"https:\/\/cvinoticias.com\/v3\/wp-json\/wp\/v2\/posts\/22503","targetHints":{"allow":["GET"]}}],"collection":[{"href":"https:\/\/cvinoticias.com\/v3\/wp-json\/wp\/v2\/posts"}],"about":[{"href":"https:\/\/cvinoticias.com\/v3\/wp-json\/wp\/v2\/types\/post"}],"author":[{"embeddable":true,"href":"https:\/\/cvinoticias.com\/v3\/wp-json\/wp\/v2\/users\/2"}],"replies":[{"embeddable":true,"href":"https:\/\/cvinoticias.com\/v3\/wp-json\/wp\/v2\/comments?post=22503"}],"version-history":[{"count":1,"href":"https:\/\/cvinoticias.com\/v3\/wp-json\/wp\/v2\/posts\/22503\/revisions"}],"predecessor-version":[{"id":22506,"href":"https:\/\/cvinoticias.com\/v3\/wp-json\/wp\/v2\/posts\/22503\/revisions\/22506"}],"wp:featuredmedia":[{"embeddable":true,"href":"https:\/\/cvinoticias.com\/v3\/wp-json\/wp\/v2\/media\/22504"}],"wp:attachment":[{"href":"https:\/\/cvinoticias.com\/v3\/wp-json\/wp\/v2\/media?parent=22503"}],"wp:term":[{"taxonomy":"category","embeddable":true,"href":"https:\/\/cvinoticias.com\/v3\/wp-json\/wp\/v2\/categories?post=22503"},{"taxonomy":"post_tag","embeddable":true,"href":"https:\/\/cvinoticias.com\/v3\/wp-json\/wp\/v2\/tags?post=22503"}],"curies":[{"name":"wp","href":"https:\/\/api.w.org\/{rel}","templated":true}]}}