{"id":22488,"date":"2023-02-09T13:47:35","date_gmt":"2023-02-09T13:47:35","guid":{"rendered":"https:\/\/cvinoticias.com\/v3\/?p=22488"},"modified":"2023-02-09T13:47:35","modified_gmt":"2023-02-09T13:47:35","slug":"el-gobierno-oficializo-la-apertura-de-la-embajada-de-argentina-en-bangladesh","status":"publish","type":"post","link":"https:\/\/cvinoticias.com\/v3\/el-gobierno-oficializo-la-apertura-de-la-embajada-de-argentina-en-bangladesh\/","title":{"rendered":"El Gobierno oficializ\u00f3 la apertura de la embajada de Argentina en Bangladesh"},"content":{"rendered":"\n<p><strong><em>El Gobierno anunci\u00f3 oficialmente la reapertura de la Embajada de Argentina en la Rep\u00fablica Popular de Bangladesh, que estar\u00e1 ubicada en Dacca, capital de esa naci\u00f3n asi\u00e1tica, seg\u00fan se public\u00f3 hoy en el Bolet\u00edn Oficial.<\/em><\/strong><\/p>\n\n\n\n<p>De esta forma, Argentina deja sin efecto la jurisdicci\u00f3n diplom\u00e1tica concurrente que era ejercida desde la Embajada que el pa\u00eds tiene instalada en la Rep\u00fablica de la India, que se encuentra en Nueva Delhi, seg\u00fan se especifica en el Decreto 67\/2023 que lleva la firma del presidente Alberto Fern\u00e1ndez y el canciller Santiago Cafiero.<\/p>\n\n\n\n<p>\u00abDisp\u00f3nese que al personal perteneciente al Servicio Exterior de la Naci\u00f3n y adscriptos o adscriptas que sean destinados o destinadas o trasladados o trasladadas para prestar servicios en la Embajada de la Rep\u00fablica en Bangladesh les ser\u00e1 aplicable el r\u00e9gimen establecido mediante la Decisi\u00f3n Administrativa n\u00famero 972 de fecha 2 de noviembre de 2017, o el que en el futuro lo reemplace\u00bb, sostiene uno de los art\u00edculos del Decreto del Ejecutivo.<\/p>\n\n\n\n<p>Asimismo, se establece que \u00ablos gastos que demande el cumplimiento del presente Decreto se imputar\u00e1n a las respectivas partidas presupuestarias de la Jurisdicci\u00f3n 35 del Ministerio de Relaciones Exteriores, Comercio Internacional y Culto.<\/p>\n\n\n\n<p>En los fundamentos de la norma se afirma que \u00abla reapertura refleja el inter\u00e9s mutuo de fortalecer la cooperaci\u00f3n entre ambos pueblos y permitir\u00e1 propiciar nuevas corrientes de intercambio comercial y cultural en el marco de una profundizaci\u00f3n de los v\u00ednculos entre ambos pa\u00edses\u00bb.<\/p>\n\n\n\n<p>El lunes pasado, Cafiero recibi\u00f3 en su despacho a la embajadora de Bangladesh en Brasilia -con concurrencia en Argentina-, Sadia Faizunnesa, a quien le confirm\u00f3 su visita para el pr\u00f3ximo 27 de febrero a este pa\u00eds para inaugurar la nueva embajada argentina en Daca, como as\u00ed tambi\u00e9n desarrollar una agenda de promoci\u00f3n comercial y de inversiones.<\/p>\n\n\n\n<p>Seg\u00fan se inform\u00f3 desde Canciller\u00eda durante el encuentro se destac\u00f3 la importancia de la visita, ya que ser\u00e1 \u00abla primera vez que un ministro de Relaciones Exteriores sudamericano visite Bangladesh, pa\u00eds con el que nos une medio siglo de relaciones diplom\u00e1ticas\u00bb, y recordaron que la Embajada argentina en ese pa\u00eds se encuentra cerrada desde 1978.<\/p>\n\n\n\n<p>Bangladesh, un pa\u00eds de 166 millones de habitantes y ubicado en el coraz\u00f3n de Asia, que limita con India, Nepal, But\u00e1n y Myammar, todos sitios lejanos en la geograf\u00eda y en el pensamiento de los argentinos, es una naci\u00f3n te\u00f1ida de celeste y blanco, que en este \u00faltimo Mundial de F\u00fatbol y desde M\u00e9xico 1986 apoya a la Selecci\u00f3n Argentina.<\/p>\n\n\n\n<p>Durante la celebraci\u00f3n del Mundial Qatar 2022, muchos rumores e informaciones se vertieron sobre este pa\u00eds.<\/p>\n\n\n\n<p>Por ejemplo, que aman a la Argentina por el odio al colonialismo ingl\u00e9s -estuvieron bajo su \u00f3rbita hasta el 26 de marzo de 1971- y por las hambrunas cuyo origen es atribuida a gobiernos ingleses.<\/p>\n\n\n\n<p>Los habitantes de Bangladesh vieron en los goles de Diego Armando Maradona ante los ingleses como una venganza ante esos sufrimientos.<\/p>\n\n\n\n<p>La obtenci\u00f3n de la tercera Copa del Mundo por parte de Argentina, en manos de Lionel Messi y los dem\u00e1s integrantes del equipo, produjo masivos festejos en Bangladesh, donde la primera ministra envi\u00f3 sus felicitaciones al Presidente argentino.<\/p>\n\n\n\n<p>El presidente Alberto Fern\u00e1ndez le agradeci\u00f3 a la primera ministra de Bangladesh, Sheikh Hasina, la carta que envi\u00f3 y llam\u00f3 a \u00abprofundizar\u00bb el v\u00ednculo entre ambas naciones.<\/p>\n","protected":false},"excerpt":{"rendered":"<p>El Gobierno anunci\u00f3 oficialmente la reapertura de la Embajada de Argentina en la Rep\u00fablica Popular de Bangladesh, que estar\u00e1 ubicada en Dacca, capital de esa naci\u00f3n asi\u00e1tica, seg\u00fan se public\u00f3 hoy en el Bolet\u00edn Oficial. De esta forma, Argentina deja sin efecto la jurisdicci\u00f3n diplom\u00e1tica concurrente que era ejercida desde la Embajada que el pa\u00eds [&hellip;]<\/p>\n","protected":false},"author":2,"featured_media":22489,"comment_status":"open","ping_status":"open","sticky":false,"template":"","format":"standard","meta":{"footnotes":""},"categories":[430],"tags":[],"class_list":["post-22488","post","type-post","status-publish","format-standard","has-post-thumbnail","hentry","category-mundo"],"yoast_head":"<!-- This site is optimized with the Yoast SEO plugin v27.4 - https:\/\/yoast.com\/product\/yoast-seo-wordpress\/ -->\n<title>El Gobierno oficializ\u00f3 la apertura de la embajada de Argentina en Bangladesh | CVI NOTICIAS<\/title>\n<meta name=\"robots\" content=\"index, follow, max-snippet:-1, max-image-preview:large, max-video-preview:-1\" \/>\n<link rel=\"canonical\" href=\"https:\/\/cvinoticias.com\/v3\/el-gobierno-oficializo-la-apertura-de-la-embajada-de-argentina-en-bangladesh\/\" \/>\n<meta property=\"og:locale\" content=\"es_ES\" \/>\n<meta property=\"og:type\" content=\"article\" \/>\n<meta property=\"og:title\" content=\"El Gobierno oficializ\u00f3 la apertura de la embajada de Argentina en Bangladesh | CVI NOTICIAS\" \/>\n<meta property=\"og:description\" content=\"El Gobierno anunci\u00f3 oficialmente la reapertura de la Embajada de Argentina en la Rep\u00fablica Popular de Bangladesh, que estar\u00e1 ubicada en Dacca, capital de esa naci\u00f3n asi\u00e1tica, seg\u00fan se public\u00f3 hoy en el Bolet\u00edn Oficial. De esta forma, Argentina deja sin efecto la jurisdicci\u00f3n diplom\u00e1tica concurrente que era ejercida desde la Embajada que el pa\u00eds [&hellip;]\" \/>\n<meta property=\"og:url\" content=\"https:\/\/cvinoticias.com\/v3\/el-gobierno-oficializo-la-apertura-de-la-embajada-de-argentina-en-bangladesh\/\" \/>\n<meta property=\"og:site_name\" content=\"CVI NOTICIAS\" \/>\n<meta property=\"article:publisher\" content=\"https:\/\/www.facebook.com\/cvinoticias\" \/>\n<meta property=\"article:published_time\" content=\"2023-02-09T13:47:35+00:00\" \/>\n<meta property=\"og:image\" content=\"https:\/\/cvinoticias.com\/wp-content\/uploads\/2023\/02\/15-5.jpg\" \/>\n\t<meta property=\"og:image:width\" content=\"1024\" \/>\n\t<meta property=\"og:image:height\" content=\"683\" \/>\n\t<meta property=\"og:image:type\" content=\"image\/jpeg\" \/>\n<meta name=\"author\" content=\"f1000024\" \/>\n<meta name=\"twitter:card\" content=\"summary_large_image\" \/>\n<meta name=\"twitter:label1\" content=\"Escrito por\" \/>\n\t<meta name=\"twitter:data1\" content=\"f1000024\" \/>\n\t<meta name=\"twitter:label2\" content=\"Tiempo de lectura\" \/>\n\t<meta name=\"twitter:data2\" content=\"3 minutos\" \/>\n<script type=\"application\/ld+json\" class=\"yoast-schema-graph\">{\"@context\":\"https:\\\/\\\/schema.org\",\"@graph\":[{\"@type\":\"Article\",\"@id\":\"https:\\\/\\\/cvinoticias.com\\\/v3\\\/el-gobierno-oficializo-la-apertura-de-la-embajada-de-argentina-en-bangladesh\\\/#article\",\"isPartOf\":{\"@id\":\"https:\\\/\\\/cvinoticias.com\\\/v3\\\/el-gobierno-oficializo-la-apertura-de-la-embajada-de-argentina-en-bangladesh\\\/\"},\"author\":{\"name\":\"f1000024\",\"@id\":\"https:\\\/\\\/cvinoticias.com\\\/v3\\\/#\\\/schema\\\/person\\\/2db77e3c6bc03c538495d7b2b8be9b66\"},\"headline\":\"El Gobierno oficializ\u00f3 la apertura de la embajada de Argentina en Bangladesh\",\"datePublished\":\"2023-02-09T13:47:35+00:00\",\"mainEntityOfPage\":{\"@id\":\"https:\\\/\\\/cvinoticias.com\\\/v3\\\/el-gobierno-oficializo-la-apertura-de-la-embajada-de-argentina-en-bangladesh\\\/\"},\"wordCount\":596,\"commentCount\":0,\"publisher\":{\"@id\":\"https:\\\/\\\/cvinoticias.com\\\/v3\\\/#organization\"},\"image\":{\"@id\":\"https:\\\/\\\/cvinoticias.com\\\/v3\\\/el-gobierno-oficializo-la-apertura-de-la-embajada-de-argentina-en-bangladesh\\\/#primaryimage\"},\"thumbnailUrl\":\"https:\\\/\\\/cvinoticias.com\\\/wp-content\\\/uploads\\\/2023\\\/02\\\/15-5.jpg\",\"articleSection\":[\"Mundo\"],\"inLanguage\":\"es\",\"potentialAction\":[{\"@type\":\"CommentAction\",\"name\":\"Comment\",\"target\":[\"https:\\\/\\\/cvinoticias.com\\\/v3\\\/el-gobierno-oficializo-la-apertura-de-la-embajada-de-argentina-en-bangladesh\\\/#respond\"]}]},{\"@type\":\"WebPage\",\"@id\":\"https:\\\/\\\/cvinoticias.com\\\/v3\\\/el-gobierno-oficializo-la-apertura-de-la-embajada-de-argentina-en-bangladesh\\\/\",\"url\":\"https:\\\/\\\/cvinoticias.com\\\/v3\\\/el-gobierno-oficializo-la-apertura-de-la-embajada-de-argentina-en-bangladesh\\\/\",\"name\":\"El Gobierno oficializ\u00f3 la apertura de la embajada de Argentina en Bangladesh | CVI NOTICIAS\",\"isPartOf\":{\"@id\":\"https:\\\/\\\/cvinoticias.com\\\/v3\\\/#website\"},\"primaryImageOfPage\":{\"@id\":\"https:\\\/\\\/cvinoticias.com\\\/v3\\\/el-gobierno-oficializo-la-apertura-de-la-embajada-de-argentina-en-bangladesh\\\/#primaryimage\"},\"image\":{\"@id\":\"https:\\\/\\\/cvinoticias.com\\\/v3\\\/el-gobierno-oficializo-la-apertura-de-la-embajada-de-argentina-en-bangladesh\\\/#primaryimage\"},\"thumbnailUrl\":\"https:\\\/\\\/cvinoticias.com\\\/wp-content\\\/uploads\\\/2023\\\/02\\\/15-5.jpg\",\"datePublished\":\"2023-02-09T13:47:35+00:00\",\"breadcrumb\":{\"@id\":\"https:\\\/\\\/cvinoticias.com\\\/v3\\\/el-gobierno-oficializo-la-apertura-de-la-embajada-de-argentina-en-bangladesh\\\/#breadcrumb\"},\"inLanguage\":\"es\",\"potentialAction\":[{\"@type\":\"ReadAction\",\"target\":[\"https:\\\/\\\/cvinoticias.com\\\/v3\\\/el-gobierno-oficializo-la-apertura-de-la-embajada-de-argentina-en-bangladesh\\\/\"]}]},{\"@type\":\"ImageObject\",\"inLanguage\":\"es\",\"@id\":\"https:\\\/\\\/cvinoticias.com\\\/v3\\\/el-gobierno-oficializo-la-apertura-de-la-embajada-de-argentina-en-bangladesh\\\/#primaryimage\",\"url\":\"https:\\\/\\\/cvinoticias.com\\\/wp-content\\\/uploads\\\/2023\\\/02\\\/15-5.jpg\",\"contentUrl\":\"https:\\\/\\\/cvinoticias.com\\\/wp-content\\\/uploads\\\/2023\\\/02\\\/15-5.jpg\",\"width\":1024,\"height\":683},{\"@type\":\"BreadcrumbList\",\"@id\":\"https:\\\/\\\/cvinoticias.com\\\/v3\\\/el-gobierno-oficializo-la-apertura-de-la-embajada-de-argentina-en-bangladesh\\\/#breadcrumb\",\"itemListElement\":[{\"@type\":\"ListItem\",\"position\":1,\"name\":\"Portada\",\"item\":\"https:\\\/\\\/cvinoticias.com\\\/v3\\\/\"},{\"@type\":\"ListItem\",\"position\":2,\"name\":\"El Gobierno oficializ\u00f3 la apertura de la embajada de Argentina en Bangladesh\"}]},{\"@type\":\"WebSite\",\"@id\":\"https:\\\/\\\/cvinoticias.com\\\/v3\\\/#website\",\"url\":\"https:\\\/\\\/cvinoticias.com\\\/v3\\\/\",\"name\":\"CVI NOTICIAS\",\"description\":\"\",\"publisher\":{\"@id\":\"https:\\\/\\\/cvinoticias.com\\\/v3\\\/#organization\"},\"alternateName\":\"CVI\",\"potentialAction\":[{\"@type\":\"SearchAction\",\"target\":{\"@type\":\"EntryPoint\",\"urlTemplate\":\"https:\\\/\\\/cvinoticias.com\\\/v3\\\/?s={search_term_string}\"},\"query-input\":{\"@type\":\"PropertyValueSpecification\",\"valueRequired\":true,\"valueName\":\"search_term_string\"}}],\"inLanguage\":\"es\"},{\"@type\":\"Organization\",\"@id\":\"https:\\\/\\\/cvinoticias.com\\\/v3\\\/#organization\",\"name\":\"CVI NOTICIAS\",\"url\":\"https:\\\/\\\/cvinoticias.com\\\/v3\\\/\",\"logo\":{\"@type\":\"ImageObject\",\"inLanguage\":\"es\",\"@id\":\"https:\\\/\\\/cvinoticias.com\\\/v3\\\/#\\\/schema\\\/logo\\\/image\\\/\",\"url\":\"https:\\\/\\\/cvinoticias.com\\\/wp-content\\\/uploads\\\/2023\\\/04\\\/cropped-cropped-cropped-cropped-cropped-3-1.png\",\"contentUrl\":\"https:\\\/\\\/cvinoticias.com\\\/wp-content\\\/uploads\\\/2023\\\/04\\\/cropped-cropped-cropped-cropped-cropped-3-1.png\",\"width\":95,\"height\":122,\"caption\":\"CVI NOTICIAS\"},\"image\":{\"@id\":\"https:\\\/\\\/cvinoticias.com\\\/v3\\\/#\\\/schema\\\/logo\\\/image\\\/\"},\"sameAs\":[\"https:\\\/\\\/www.facebook.com\\\/cvinoticias\",\"https:\\\/\\\/www.instagram.com\\\/cvinoticias\\\/\",\"https:\\\/\\\/www.youtube.com\\\/@CVINOTICIAS\"]},{\"@type\":\"Person\",\"@id\":\"https:\\\/\\\/cvinoticias.com\\\/v3\\\/#\\\/schema\\\/person\\\/2db77e3c6bc03c538495d7b2b8be9b66\",\"name\":\"f1000024\",\"image\":{\"@type\":\"ImageObject\",\"inLanguage\":\"es\",\"@id\":\"https:\\\/\\\/secure.gravatar.com\\\/avatar\\\/d4fe7459cfc51ff5129ce1a732bbef5928568b8092d412ef95611616376bbeed?s=96&d=mm&r=g\",\"url\":\"https:\\\/\\\/secure.gravatar.com\\\/avatar\\\/d4fe7459cfc51ff5129ce1a732bbef5928568b8092d412ef95611616376bbeed?s=96&d=mm&r=g\",\"contentUrl\":\"https:\\\/\\\/secure.gravatar.com\\\/avatar\\\/d4fe7459cfc51ff5129ce1a732bbef5928568b8092d412ef95611616376bbeed?s=96&d=mm&r=g\",\"caption\":\"f1000024\"},\"url\":\"https:\\\/\\\/cvinoticias.com\\\/v3\\\/author\\\/f1000024\\\/\"}]}<\/script>\n<!-- \/ Yoast SEO plugin. -->","yoast_head_json":{"title":"El Gobierno oficializ\u00f3 la apertura de la embajada de Argentina en Bangladesh | CVI NOTICIAS","robots":{"index":"index","follow":"follow","max-snippet":"max-snippet:-1","max-image-preview":"max-image-preview:large","max-video-preview":"max-video-preview:-1"},"canonical":"https:\/\/cvinoticias.com\/v3\/el-gobierno-oficializo-la-apertura-de-la-embajada-de-argentina-en-bangladesh\/","og_locale":"es_ES","og_type":"article","og_title":"El Gobierno oficializ\u00f3 la apertura de la embajada de Argentina en Bangladesh | CVI NOTICIAS","og_description":"El Gobierno anunci\u00f3 oficialmente la reapertura de la Embajada de Argentina en la Rep\u00fablica Popular de Bangladesh, que estar\u00e1 ubicada en Dacca, capital de esa naci\u00f3n asi\u00e1tica, seg\u00fan se public\u00f3 hoy en el Bolet\u00edn Oficial. De esta forma, Argentina deja sin efecto la jurisdicci\u00f3n diplom\u00e1tica concurrente que era ejercida desde la Embajada que el pa\u00eds [&hellip;]","og_url":"https:\/\/cvinoticias.com\/v3\/el-gobierno-oficializo-la-apertura-de-la-embajada-de-argentina-en-bangladesh\/","og_site_name":"CVI NOTICIAS","article_publisher":"https:\/\/www.facebook.com\/cvinoticias","article_published_time":"2023-02-09T13:47:35+00:00","og_image":[{"width":1024,"height":683,"url":"https:\/\/cvinoticias.com\/wp-content\/uploads\/2023\/02\/15-5.jpg","type":"image\/jpeg"}],"author":"f1000024","twitter_card":"summary_large_image","twitter_misc":{"Escrito por":"f1000024","Tiempo de lectura":"3 minutos"},"schema":{"@context":"https:\/\/schema.org","@graph":[{"@type":"Article","@id":"https:\/\/cvinoticias.com\/v3\/el-gobierno-oficializo-la-apertura-de-la-embajada-de-argentina-en-bangladesh\/#article","isPartOf":{"@id":"https:\/\/cvinoticias.com\/v3\/el-gobierno-oficializo-la-apertura-de-la-embajada-de-argentina-en-bangladesh\/"},"author":{"name":"f1000024","@id":"https:\/\/cvinoticias.com\/v3\/#\/schema\/person\/2db77e3c6bc03c538495d7b2b8be9b66"},"headline":"El Gobierno oficializ\u00f3 la apertura de la embajada de Argentina en Bangladesh","datePublished":"2023-02-09T13:47:35+00:00","mainEntityOfPage":{"@id":"https:\/\/cvinoticias.com\/v3\/el-gobierno-oficializo-la-apertura-de-la-embajada-de-argentina-en-bangladesh\/"},"wordCount":596,"commentCount":0,"publisher":{"@id":"https:\/\/cvinoticias.com\/v3\/#organization"},"image":{"@id":"https:\/\/cvinoticias.com\/v3\/el-gobierno-oficializo-la-apertura-de-la-embajada-de-argentina-en-bangladesh\/#primaryimage"},"thumbnailUrl":"https:\/\/cvinoticias.com\/wp-content\/uploads\/2023\/02\/15-5.jpg","articleSection":["Mundo"],"inLanguage":"es","potentialAction":[{"@type":"CommentAction","name":"Comment","target":["https:\/\/cvinoticias.com\/v3\/el-gobierno-oficializo-la-apertura-de-la-embajada-de-argentina-en-bangladesh\/#respond"]}]},{"@type":"WebPage","@id":"https:\/\/cvinoticias.com\/v3\/el-gobierno-oficializo-la-apertura-de-la-embajada-de-argentina-en-bangladesh\/","url":"https:\/\/cvinoticias.com\/v3\/el-gobierno-oficializo-la-apertura-de-la-embajada-de-argentina-en-bangladesh\/","name":"El Gobierno oficializ\u00f3 la apertura de la embajada de Argentina en Bangladesh | CVI NOTICIAS","isPartOf":{"@id":"https:\/\/cvinoticias.com\/v3\/#website"},"primaryImageOfPage":{"@id":"https:\/\/cvinoticias.com\/v3\/el-gobierno-oficializo-la-apertura-de-la-embajada-de-argentina-en-bangladesh\/#primaryimage"},"image":{"@id":"https:\/\/cvinoticias.com\/v3\/el-gobierno-oficializo-la-apertura-de-la-embajada-de-argentina-en-bangladesh\/#primaryimage"},"thumbnailUrl":"https:\/\/cvinoticias.com\/wp-content\/uploads\/2023\/02\/15-5.jpg","datePublished":"2023-02-09T13:47:35+00:00","breadcrumb":{"@id":"https:\/\/cvinoticias.com\/v3\/el-gobierno-oficializo-la-apertura-de-la-embajada-de-argentina-en-bangladesh\/#breadcrumb"},"inLanguage":"es","potentialAction":[{"@type":"ReadAction","target":["https:\/\/cvinoticias.com\/v3\/el-gobierno-oficializo-la-apertura-de-la-embajada-de-argentina-en-bangladesh\/"]}]},{"@type":"ImageObject","inLanguage":"es","@id":"https:\/\/cvinoticias.com\/v3\/el-gobierno-oficializo-la-apertura-de-la-embajada-de-argentina-en-bangladesh\/#primaryimage","url":"https:\/\/cvinoticias.com\/wp-content\/uploads\/2023\/02\/15-5.jpg","contentUrl":"https:\/\/cvinoticias.com\/wp-content\/uploads\/2023\/02\/15-5.jpg","width":1024,"height":683},{"@type":"BreadcrumbList","@id":"https:\/\/cvinoticias.com\/v3\/el-gobierno-oficializo-la-apertura-de-la-embajada-de-argentina-en-bangladesh\/#breadcrumb","itemListElement":[{"@type":"ListItem","position":1,"name":"Portada","item":"https:\/\/cvinoticias.com\/v3\/"},{"@type":"ListItem","position":2,"name":"El Gobierno oficializ\u00f3 la apertura de la embajada de Argentina en Bangladesh"}]},{"@type":"WebSite","@id":"https:\/\/cvinoticias.com\/v3\/#website","url":"https:\/\/cvinoticias.com\/v3\/","name":"CVI NOTICIAS","description":"","publisher":{"@id":"https:\/\/cvinoticias.com\/v3\/#organization"},"alternateName":"CVI","potentialAction":[{"@type":"SearchAction","target":{"@type":"EntryPoint","urlTemplate":"https:\/\/cvinoticias.com\/v3\/?s={search_term_string}"},"query-input":{"@type":"PropertyValueSpecification","valueRequired":true,"valueName":"search_term_string"}}],"inLanguage":"es"},{"@type":"Organization","@id":"https:\/\/cvinoticias.com\/v3\/#organization","name":"CVI NOTICIAS","url":"https:\/\/cvinoticias.com\/v3\/","logo":{"@type":"ImageObject","inLanguage":"es","@id":"https:\/\/cvinoticias.com\/v3\/#\/schema\/logo\/image\/","url":"https:\/\/cvinoticias.com\/wp-content\/uploads\/2023\/04\/cropped-cropped-cropped-cropped-cropped-3-1.png","contentUrl":"https:\/\/cvinoticias.com\/wp-content\/uploads\/2023\/04\/cropped-cropped-cropped-cropped-cropped-3-1.png","width":95,"height":122,"caption":"CVI NOTICIAS"},"image":{"@id":"https:\/\/cvinoticias.com\/v3\/#\/schema\/logo\/image\/"},"sameAs":["https:\/\/www.facebook.com\/cvinoticias","https:\/\/www.instagram.com\/cvinoticias\/","https:\/\/www.youtube.com\/@CVINOTICIAS"]},{"@type":"Person","@id":"https:\/\/cvinoticias.com\/v3\/#\/schema\/person\/2db77e3c6bc03c538495d7b2b8be9b66","name":"f1000024","image":{"@type":"ImageObject","inLanguage":"es","@id":"https:\/\/secure.gravatar.com\/avatar\/d4fe7459cfc51ff5129ce1a732bbef5928568b8092d412ef95611616376bbeed?s=96&d=mm&r=g","url":"https:\/\/secure.gravatar.com\/avatar\/d4fe7459cfc51ff5129ce1a732bbef5928568b8092d412ef95611616376bbeed?s=96&d=mm&r=g","contentUrl":"https:\/\/secure.gravatar.com\/avatar\/d4fe7459cfc51ff5129ce1a732bbef5928568b8092d412ef95611616376bbeed?s=96&d=mm&r=g","caption":"f1000024"},"url":"https:\/\/cvinoticias.com\/v3\/author\/f1000024\/"}]}},"_links":{"self":[{"href":"https:\/\/cvinoticias.com\/v3\/wp-json\/wp\/v2\/posts\/22488","targetHints":{"allow":["GET"]}}],"collection":[{"href":"https:\/\/cvinoticias.com\/v3\/wp-json\/wp\/v2\/posts"}],"about":[{"href":"https:\/\/cvinoticias.com\/v3\/wp-json\/wp\/v2\/types\/post"}],"author":[{"embeddable":true,"href":"https:\/\/cvinoticias.com\/v3\/wp-json\/wp\/v2\/users\/2"}],"replies":[{"embeddable":true,"href":"https:\/\/cvinoticias.com\/v3\/wp-json\/wp\/v2\/comments?post=22488"}],"version-history":[{"count":1,"href":"https:\/\/cvinoticias.com\/v3\/wp-json\/wp\/v2\/posts\/22488\/revisions"}],"predecessor-version":[{"id":22490,"href":"https:\/\/cvinoticias.com\/v3\/wp-json\/wp\/v2\/posts\/22488\/revisions\/22490"}],"wp:featuredmedia":[{"embeddable":true,"href":"https:\/\/cvinoticias.com\/v3\/wp-json\/wp\/v2\/media\/22489"}],"wp:attachment":[{"href":"https:\/\/cvinoticias.com\/v3\/wp-json\/wp\/v2\/media?parent=22488"}],"wp:term":[{"taxonomy":"category","embeddable":true,"href":"https:\/\/cvinoticias.com\/v3\/wp-json\/wp\/v2\/categories?post=22488"},{"taxonomy":"post_tag","embeddable":true,"href":"https:\/\/cvinoticias.com\/v3\/wp-json\/wp\/v2\/tags?post=22488"}],"curies":[{"name":"wp","href":"https:\/\/api.w.org\/{rel}","templated":true}]}}