{"id":22482,"date":"2023-02-09T13:04:01","date_gmt":"2023-02-09T13:04:01","guid":{"rendered":"https:\/\/cvinoticias.com\/v3\/?p=22482"},"modified":"2023-02-09T13:04:01","modified_gmt":"2023-02-09T13:04:01","slug":"continua-el-programa-nacional-de-salud-para-los-pueblos-indigenas","status":"publish","type":"post","link":"https:\/\/cvinoticias.com\/v3\/continua-el-programa-nacional-de-salud-para-los-pueblos-indigenas\/","title":{"rendered":"Contin\u00faa el Programa Nacional de Salud para los Pueblos Ind\u00edgenas"},"content":{"rendered":"\n<p><strong><em>La ministra de Salud de la Naci\u00f3n, Carla Vizzotti, aprob\u00f3 oficialmente el convenio que pacta la continuidad del Programa Nacional de Salud para los Pueblos Ind\u00edgenas.<\/em><\/strong><\/p>\n\n\n\n<p>El objetivo de esta iniciativa es poder consolidar las distintas acciones que llevan a cabo los agentes sanitarios ind\u00edgenas y sus facilitadores interculturales procurando remover las barreras de accesibilidad (como econ\u00f3micas, sociales, demogr\u00e1ficas o culturales) para ampliar la cobertura y calidad de la atenci\u00f3n, principalmente de las poblaciones vulnerables. Este plan se dise\u00f1\u00f3 con la perspectiva del respeto a los derechos humanos y a las tradiciones y costumbres de las diferentes comunidades.<\/p>\n\n\n\n<p>La continuidad del convenio de salud intercultural fue anunciada en un encuentro que congreg\u00f3 a directores de Atenci\u00f3n Primaria de la Salud de 13 provincias y a referentes del programa.<\/p>\n\n\n\n<p>All\u00ed estuvieron el secretario de Equidad en Salud, V\u00edctor Urbani, el subsecretario de Integraci\u00f3n de los Sistemas de Salud, Fabi\u00e1n Puratich, y la directora nacional de Atenci\u00f3n Primaria y Salud Comunitaria, Adriana Magdaleno.<\/p>\n\n\n\n<p>Puratich explic\u00f3 la nueva modalidad en la metodolog\u00eda de las becas y manifest\u00f3 que \u201cel Programa de Salud para los Pueblos Ind\u00edgenas se jerarquiza mucho por el valor que tiene desde lo sanitario y lo social\u201d. Y agreg\u00f3: \u201cEstamos a disposici\u00f3n para activar, para seguir trabajando, cuidando la salud de todos y todas\u201d.<\/p>\n","protected":false},"excerpt":{"rendered":"<p>La ministra de Salud de la Naci\u00f3n, Carla Vizzotti, aprob\u00f3 oficialmente el convenio que pacta la continuidad del Programa Nacional de Salud para los Pueblos Ind\u00edgenas. El objetivo de esta iniciativa es poder consolidar las distintas acciones que llevan a cabo los agentes sanitarios ind\u00edgenas y sus facilitadores interculturales procurando remover las barreras de accesibilidad [&hellip;]<\/p>\n","protected":false},"author":2,"featured_media":22483,"comment_status":"open","ping_status":"open","sticky":false,"template":"","format":"standard","meta":{"footnotes":""},"categories":[35],"tags":[],"class_list":["post-22482","post","type-post","status-publish","format-standard","has-post-thumbnail","hentry","category-informacion-general"],"yoast_head":"<!-- This site is optimized with the Yoast SEO plugin v27.4 - https:\/\/yoast.com\/product\/yoast-seo-wordpress\/ -->\n<title>Contin\u00faa el Programa Nacional de Salud para los Pueblos Ind\u00edgenas | CVI NOTICIAS<\/title>\n<meta name=\"robots\" content=\"index, follow, max-snippet:-1, max-image-preview:large, max-video-preview:-1\" \/>\n<link rel=\"canonical\" href=\"https:\/\/cvinoticias.com\/v3\/continua-el-programa-nacional-de-salud-para-los-pueblos-indigenas\/\" \/>\n<meta property=\"og:locale\" content=\"es_ES\" \/>\n<meta property=\"og:type\" content=\"article\" \/>\n<meta property=\"og:title\" content=\"Contin\u00faa el Programa Nacional de Salud para los Pueblos Ind\u00edgenas | CVI NOTICIAS\" \/>\n<meta property=\"og:description\" content=\"La ministra de Salud de la Naci\u00f3n, Carla Vizzotti, aprob\u00f3 oficialmente el convenio que pacta la continuidad del Programa Nacional de Salud para los Pueblos Ind\u00edgenas. El objetivo de esta iniciativa es poder consolidar las distintas acciones que llevan a cabo los agentes sanitarios ind\u00edgenas y sus facilitadores interculturales procurando remover las barreras de accesibilidad [&hellip;]\" \/>\n<meta property=\"og:url\" content=\"https:\/\/cvinoticias.com\/v3\/continua-el-programa-nacional-de-salud-para-los-pueblos-indigenas\/\" \/>\n<meta property=\"og:site_name\" content=\"CVI NOTICIAS\" \/>\n<meta property=\"article:publisher\" content=\"https:\/\/www.facebook.com\/cvinoticias\" \/>\n<meta property=\"article:published_time\" content=\"2023-02-09T13:04:01+00:00\" \/>\n<meta property=\"og:image\" content=\"https:\/\/cvinoticias.com\/wp-content\/uploads\/2023\/02\/pueblos_indigenas1.jpg\" \/>\n\t<meta property=\"og:image:width\" content=\"750\" \/>\n\t<meta property=\"og:image:height\" content=\"434\" \/>\n\t<meta property=\"og:image:type\" content=\"image\/jpeg\" \/>\n<meta name=\"author\" content=\"f1000024\" \/>\n<meta name=\"twitter:card\" content=\"summary_large_image\" \/>\n<meta name=\"twitter:label1\" content=\"Escrito por\" \/>\n\t<meta name=\"twitter:data1\" content=\"f1000024\" \/>\n\t<meta name=\"twitter:label2\" content=\"Tiempo de lectura\" \/>\n\t<meta name=\"twitter:data2\" content=\"1 minuto\" \/>\n<script type=\"application\/ld+json\" class=\"yoast-schema-graph\">{\"@context\":\"https:\\\/\\\/schema.org\",\"@graph\":[{\"@type\":\"Article\",\"@id\":\"https:\\\/\\\/cvinoticias.com\\\/v3\\\/continua-el-programa-nacional-de-salud-para-los-pueblos-indigenas\\\/#article\",\"isPartOf\":{\"@id\":\"https:\\\/\\\/cvinoticias.com\\\/v3\\\/continua-el-programa-nacional-de-salud-para-los-pueblos-indigenas\\\/\"},\"author\":{\"name\":\"f1000024\",\"@id\":\"https:\\\/\\\/cvinoticias.com\\\/v3\\\/#\\\/schema\\\/person\\\/2db77e3c6bc03c538495d7b2b8be9b66\"},\"headline\":\"Contin\u00faa el Programa Nacional de Salud para los Pueblos Ind\u00edgenas\",\"datePublished\":\"2023-02-09T13:04:01+00:00\",\"mainEntityOfPage\":{\"@id\":\"https:\\\/\\\/cvinoticias.com\\\/v3\\\/continua-el-programa-nacional-de-salud-para-los-pueblos-indigenas\\\/\"},\"wordCount\":239,\"commentCount\":0,\"publisher\":{\"@id\":\"https:\\\/\\\/cvinoticias.com\\\/v3\\\/#organization\"},\"image\":{\"@id\":\"https:\\\/\\\/cvinoticias.com\\\/v3\\\/continua-el-programa-nacional-de-salud-para-los-pueblos-indigenas\\\/#primaryimage\"},\"thumbnailUrl\":\"https:\\\/\\\/cvinoticias.com\\\/wp-content\\\/uploads\\\/2023\\\/02\\\/pueblos_indigenas1.jpg\",\"articleSection\":[\"Informaci\u00f3n General\"],\"inLanguage\":\"es\",\"potentialAction\":[{\"@type\":\"CommentAction\",\"name\":\"Comment\",\"target\":[\"https:\\\/\\\/cvinoticias.com\\\/v3\\\/continua-el-programa-nacional-de-salud-para-los-pueblos-indigenas\\\/#respond\"]}]},{\"@type\":\"WebPage\",\"@id\":\"https:\\\/\\\/cvinoticias.com\\\/v3\\\/continua-el-programa-nacional-de-salud-para-los-pueblos-indigenas\\\/\",\"url\":\"https:\\\/\\\/cvinoticias.com\\\/v3\\\/continua-el-programa-nacional-de-salud-para-los-pueblos-indigenas\\\/\",\"name\":\"Contin\u00faa el Programa Nacional de Salud para los Pueblos Ind\u00edgenas | CVI NOTICIAS\",\"isPartOf\":{\"@id\":\"https:\\\/\\\/cvinoticias.com\\\/v3\\\/#website\"},\"primaryImageOfPage\":{\"@id\":\"https:\\\/\\\/cvinoticias.com\\\/v3\\\/continua-el-programa-nacional-de-salud-para-los-pueblos-indigenas\\\/#primaryimage\"},\"image\":{\"@id\":\"https:\\\/\\\/cvinoticias.com\\\/v3\\\/continua-el-programa-nacional-de-salud-para-los-pueblos-indigenas\\\/#primaryimage\"},\"thumbnailUrl\":\"https:\\\/\\\/cvinoticias.com\\\/wp-content\\\/uploads\\\/2023\\\/02\\\/pueblos_indigenas1.jpg\",\"datePublished\":\"2023-02-09T13:04:01+00:00\",\"breadcrumb\":{\"@id\":\"https:\\\/\\\/cvinoticias.com\\\/v3\\\/continua-el-programa-nacional-de-salud-para-los-pueblos-indigenas\\\/#breadcrumb\"},\"inLanguage\":\"es\",\"potentialAction\":[{\"@type\":\"ReadAction\",\"target\":[\"https:\\\/\\\/cvinoticias.com\\\/v3\\\/continua-el-programa-nacional-de-salud-para-los-pueblos-indigenas\\\/\"]}]},{\"@type\":\"ImageObject\",\"inLanguage\":\"es\",\"@id\":\"https:\\\/\\\/cvinoticias.com\\\/v3\\\/continua-el-programa-nacional-de-salud-para-los-pueblos-indigenas\\\/#primaryimage\",\"url\":\"https:\\\/\\\/cvinoticias.com\\\/wp-content\\\/uploads\\\/2023\\\/02\\\/pueblos_indigenas1.jpg\",\"contentUrl\":\"https:\\\/\\\/cvinoticias.com\\\/wp-content\\\/uploads\\\/2023\\\/02\\\/pueblos_indigenas1.jpg\",\"width\":750,\"height\":434},{\"@type\":\"BreadcrumbList\",\"@id\":\"https:\\\/\\\/cvinoticias.com\\\/v3\\\/continua-el-programa-nacional-de-salud-para-los-pueblos-indigenas\\\/#breadcrumb\",\"itemListElement\":[{\"@type\":\"ListItem\",\"position\":1,\"name\":\"Portada\",\"item\":\"https:\\\/\\\/cvinoticias.com\\\/v3\\\/\"},{\"@type\":\"ListItem\",\"position\":2,\"name\":\"Contin\u00faa el Programa Nacional de Salud para los Pueblos Ind\u00edgenas\"}]},{\"@type\":\"WebSite\",\"@id\":\"https:\\\/\\\/cvinoticias.com\\\/v3\\\/#website\",\"url\":\"https:\\\/\\\/cvinoticias.com\\\/v3\\\/\",\"name\":\"CVI NOTICIAS\",\"description\":\"\",\"publisher\":{\"@id\":\"https:\\\/\\\/cvinoticias.com\\\/v3\\\/#organization\"},\"alternateName\":\"CVI\",\"potentialAction\":[{\"@type\":\"SearchAction\",\"target\":{\"@type\":\"EntryPoint\",\"urlTemplate\":\"https:\\\/\\\/cvinoticias.com\\\/v3\\\/?s={search_term_string}\"},\"query-input\":{\"@type\":\"PropertyValueSpecification\",\"valueRequired\":true,\"valueName\":\"search_term_string\"}}],\"inLanguage\":\"es\"},{\"@type\":\"Organization\",\"@id\":\"https:\\\/\\\/cvinoticias.com\\\/v3\\\/#organization\",\"name\":\"CVI NOTICIAS\",\"url\":\"https:\\\/\\\/cvinoticias.com\\\/v3\\\/\",\"logo\":{\"@type\":\"ImageObject\",\"inLanguage\":\"es\",\"@id\":\"https:\\\/\\\/cvinoticias.com\\\/v3\\\/#\\\/schema\\\/logo\\\/image\\\/\",\"url\":\"https:\\\/\\\/cvinoticias.com\\\/wp-content\\\/uploads\\\/2023\\\/04\\\/cropped-cropped-cropped-cropped-cropped-3-1.png\",\"contentUrl\":\"https:\\\/\\\/cvinoticias.com\\\/wp-content\\\/uploads\\\/2023\\\/04\\\/cropped-cropped-cropped-cropped-cropped-3-1.png\",\"width\":95,\"height\":122,\"caption\":\"CVI NOTICIAS\"},\"image\":{\"@id\":\"https:\\\/\\\/cvinoticias.com\\\/v3\\\/#\\\/schema\\\/logo\\\/image\\\/\"},\"sameAs\":[\"https:\\\/\\\/www.facebook.com\\\/cvinoticias\",\"https:\\\/\\\/www.instagram.com\\\/cvinoticias\\\/\",\"https:\\\/\\\/www.youtube.com\\\/@CVINOTICIAS\"]},{\"@type\":\"Person\",\"@id\":\"https:\\\/\\\/cvinoticias.com\\\/v3\\\/#\\\/schema\\\/person\\\/2db77e3c6bc03c538495d7b2b8be9b66\",\"name\":\"f1000024\",\"image\":{\"@type\":\"ImageObject\",\"inLanguage\":\"es\",\"@id\":\"https:\\\/\\\/secure.gravatar.com\\\/avatar\\\/d4fe7459cfc51ff5129ce1a732bbef5928568b8092d412ef95611616376bbeed?s=96&d=mm&r=g\",\"url\":\"https:\\\/\\\/secure.gravatar.com\\\/avatar\\\/d4fe7459cfc51ff5129ce1a732bbef5928568b8092d412ef95611616376bbeed?s=96&d=mm&r=g\",\"contentUrl\":\"https:\\\/\\\/secure.gravatar.com\\\/avatar\\\/d4fe7459cfc51ff5129ce1a732bbef5928568b8092d412ef95611616376bbeed?s=96&d=mm&r=g\",\"caption\":\"f1000024\"},\"url\":\"https:\\\/\\\/cvinoticias.com\\\/v3\\\/author\\\/f1000024\\\/\"}]}<\/script>\n<!-- \/ Yoast SEO plugin. -->","yoast_head_json":{"title":"Contin\u00faa el Programa Nacional de Salud para los Pueblos Ind\u00edgenas | CVI NOTICIAS","robots":{"index":"index","follow":"follow","max-snippet":"max-snippet:-1","max-image-preview":"max-image-preview:large","max-video-preview":"max-video-preview:-1"},"canonical":"https:\/\/cvinoticias.com\/v3\/continua-el-programa-nacional-de-salud-para-los-pueblos-indigenas\/","og_locale":"es_ES","og_type":"article","og_title":"Contin\u00faa el Programa Nacional de Salud para los Pueblos Ind\u00edgenas | CVI NOTICIAS","og_description":"La ministra de Salud de la Naci\u00f3n, Carla Vizzotti, aprob\u00f3 oficialmente el convenio que pacta la continuidad del Programa Nacional de Salud para los Pueblos Ind\u00edgenas. El objetivo de esta iniciativa es poder consolidar las distintas acciones que llevan a cabo los agentes sanitarios ind\u00edgenas y sus facilitadores interculturales procurando remover las barreras de accesibilidad [&hellip;]","og_url":"https:\/\/cvinoticias.com\/v3\/continua-el-programa-nacional-de-salud-para-los-pueblos-indigenas\/","og_site_name":"CVI NOTICIAS","article_publisher":"https:\/\/www.facebook.com\/cvinoticias","article_published_time":"2023-02-09T13:04:01+00:00","og_image":[{"width":750,"height":434,"url":"https:\/\/cvinoticias.com\/wp-content\/uploads\/2023\/02\/pueblos_indigenas1.jpg","type":"image\/jpeg"}],"author":"f1000024","twitter_card":"summary_large_image","twitter_misc":{"Escrito por":"f1000024","Tiempo de lectura":"1 minuto"},"schema":{"@context":"https:\/\/schema.org","@graph":[{"@type":"Article","@id":"https:\/\/cvinoticias.com\/v3\/continua-el-programa-nacional-de-salud-para-los-pueblos-indigenas\/#article","isPartOf":{"@id":"https:\/\/cvinoticias.com\/v3\/continua-el-programa-nacional-de-salud-para-los-pueblos-indigenas\/"},"author":{"name":"f1000024","@id":"https:\/\/cvinoticias.com\/v3\/#\/schema\/person\/2db77e3c6bc03c538495d7b2b8be9b66"},"headline":"Contin\u00faa el Programa Nacional de Salud para los Pueblos Ind\u00edgenas","datePublished":"2023-02-09T13:04:01+00:00","mainEntityOfPage":{"@id":"https:\/\/cvinoticias.com\/v3\/continua-el-programa-nacional-de-salud-para-los-pueblos-indigenas\/"},"wordCount":239,"commentCount":0,"publisher":{"@id":"https:\/\/cvinoticias.com\/v3\/#organization"},"image":{"@id":"https:\/\/cvinoticias.com\/v3\/continua-el-programa-nacional-de-salud-para-los-pueblos-indigenas\/#primaryimage"},"thumbnailUrl":"https:\/\/cvinoticias.com\/wp-content\/uploads\/2023\/02\/pueblos_indigenas1.jpg","articleSection":["Informaci\u00f3n General"],"inLanguage":"es","potentialAction":[{"@type":"CommentAction","name":"Comment","target":["https:\/\/cvinoticias.com\/v3\/continua-el-programa-nacional-de-salud-para-los-pueblos-indigenas\/#respond"]}]},{"@type":"WebPage","@id":"https:\/\/cvinoticias.com\/v3\/continua-el-programa-nacional-de-salud-para-los-pueblos-indigenas\/","url":"https:\/\/cvinoticias.com\/v3\/continua-el-programa-nacional-de-salud-para-los-pueblos-indigenas\/","name":"Contin\u00faa el Programa Nacional de Salud para los Pueblos Ind\u00edgenas | CVI NOTICIAS","isPartOf":{"@id":"https:\/\/cvinoticias.com\/v3\/#website"},"primaryImageOfPage":{"@id":"https:\/\/cvinoticias.com\/v3\/continua-el-programa-nacional-de-salud-para-los-pueblos-indigenas\/#primaryimage"},"image":{"@id":"https:\/\/cvinoticias.com\/v3\/continua-el-programa-nacional-de-salud-para-los-pueblos-indigenas\/#primaryimage"},"thumbnailUrl":"https:\/\/cvinoticias.com\/wp-content\/uploads\/2023\/02\/pueblos_indigenas1.jpg","datePublished":"2023-02-09T13:04:01+00:00","breadcrumb":{"@id":"https:\/\/cvinoticias.com\/v3\/continua-el-programa-nacional-de-salud-para-los-pueblos-indigenas\/#breadcrumb"},"inLanguage":"es","potentialAction":[{"@type":"ReadAction","target":["https:\/\/cvinoticias.com\/v3\/continua-el-programa-nacional-de-salud-para-los-pueblos-indigenas\/"]}]},{"@type":"ImageObject","inLanguage":"es","@id":"https:\/\/cvinoticias.com\/v3\/continua-el-programa-nacional-de-salud-para-los-pueblos-indigenas\/#primaryimage","url":"https:\/\/cvinoticias.com\/wp-content\/uploads\/2023\/02\/pueblos_indigenas1.jpg","contentUrl":"https:\/\/cvinoticias.com\/wp-content\/uploads\/2023\/02\/pueblos_indigenas1.jpg","width":750,"height":434},{"@type":"BreadcrumbList","@id":"https:\/\/cvinoticias.com\/v3\/continua-el-programa-nacional-de-salud-para-los-pueblos-indigenas\/#breadcrumb","itemListElement":[{"@type":"ListItem","position":1,"name":"Portada","item":"https:\/\/cvinoticias.com\/v3\/"},{"@type":"ListItem","position":2,"name":"Contin\u00faa el Programa Nacional de Salud para los Pueblos Ind\u00edgenas"}]},{"@type":"WebSite","@id":"https:\/\/cvinoticias.com\/v3\/#website","url":"https:\/\/cvinoticias.com\/v3\/","name":"CVI NOTICIAS","description":"","publisher":{"@id":"https:\/\/cvinoticias.com\/v3\/#organization"},"alternateName":"CVI","potentialAction":[{"@type":"SearchAction","target":{"@type":"EntryPoint","urlTemplate":"https:\/\/cvinoticias.com\/v3\/?s={search_term_string}"},"query-input":{"@type":"PropertyValueSpecification","valueRequired":true,"valueName":"search_term_string"}}],"inLanguage":"es"},{"@type":"Organization","@id":"https:\/\/cvinoticias.com\/v3\/#organization","name":"CVI NOTICIAS","url":"https:\/\/cvinoticias.com\/v3\/","logo":{"@type":"ImageObject","inLanguage":"es","@id":"https:\/\/cvinoticias.com\/v3\/#\/schema\/logo\/image\/","url":"https:\/\/cvinoticias.com\/wp-content\/uploads\/2023\/04\/cropped-cropped-cropped-cropped-cropped-3-1.png","contentUrl":"https:\/\/cvinoticias.com\/wp-content\/uploads\/2023\/04\/cropped-cropped-cropped-cropped-cropped-3-1.png","width":95,"height":122,"caption":"CVI NOTICIAS"},"image":{"@id":"https:\/\/cvinoticias.com\/v3\/#\/schema\/logo\/image\/"},"sameAs":["https:\/\/www.facebook.com\/cvinoticias","https:\/\/www.instagram.com\/cvinoticias\/","https:\/\/www.youtube.com\/@CVINOTICIAS"]},{"@type":"Person","@id":"https:\/\/cvinoticias.com\/v3\/#\/schema\/person\/2db77e3c6bc03c538495d7b2b8be9b66","name":"f1000024","image":{"@type":"ImageObject","inLanguage":"es","@id":"https:\/\/secure.gravatar.com\/avatar\/d4fe7459cfc51ff5129ce1a732bbef5928568b8092d412ef95611616376bbeed?s=96&d=mm&r=g","url":"https:\/\/secure.gravatar.com\/avatar\/d4fe7459cfc51ff5129ce1a732bbef5928568b8092d412ef95611616376bbeed?s=96&d=mm&r=g","contentUrl":"https:\/\/secure.gravatar.com\/avatar\/d4fe7459cfc51ff5129ce1a732bbef5928568b8092d412ef95611616376bbeed?s=96&d=mm&r=g","caption":"f1000024"},"url":"https:\/\/cvinoticias.com\/v3\/author\/f1000024\/"}]}},"_links":{"self":[{"href":"https:\/\/cvinoticias.com\/v3\/wp-json\/wp\/v2\/posts\/22482","targetHints":{"allow":["GET"]}}],"collection":[{"href":"https:\/\/cvinoticias.com\/v3\/wp-json\/wp\/v2\/posts"}],"about":[{"href":"https:\/\/cvinoticias.com\/v3\/wp-json\/wp\/v2\/types\/post"}],"author":[{"embeddable":true,"href":"https:\/\/cvinoticias.com\/v3\/wp-json\/wp\/v2\/users\/2"}],"replies":[{"embeddable":true,"href":"https:\/\/cvinoticias.com\/v3\/wp-json\/wp\/v2\/comments?post=22482"}],"version-history":[{"count":1,"href":"https:\/\/cvinoticias.com\/v3\/wp-json\/wp\/v2\/posts\/22482\/revisions"}],"predecessor-version":[{"id":22484,"href":"https:\/\/cvinoticias.com\/v3\/wp-json\/wp\/v2\/posts\/22482\/revisions\/22484"}],"wp:featuredmedia":[{"embeddable":true,"href":"https:\/\/cvinoticias.com\/v3\/wp-json\/wp\/v2\/media\/22483"}],"wp:attachment":[{"href":"https:\/\/cvinoticias.com\/v3\/wp-json\/wp\/v2\/media?parent=22482"}],"wp:term":[{"taxonomy":"category","embeddable":true,"href":"https:\/\/cvinoticias.com\/v3\/wp-json\/wp\/v2\/categories?post=22482"},{"taxonomy":"post_tag","embeddable":true,"href":"https:\/\/cvinoticias.com\/v3\/wp-json\/wp\/v2\/tags?post=22482"}],"curies":[{"name":"wp","href":"https:\/\/api.w.org\/{rel}","templated":true}]}}